{"id":7544,"date":"2025-05-14T00:17:00","date_gmt":"2025-05-13T22:17:00","guid":{"rendered":"https:\/\/vieassociative.be\/actualites\/mythe-tiktok-de-la-semaine-les-legumes-sont-mauvais-pour-vous\/"},"modified":"2025-05-14T00:17:00","modified_gmt":"2025-05-13T22:17:00","slug":"mythe-tiktok-de-la-semaine-les-legumes-sont-mauvais-pour-vous","status":"publish","type":"post","link":"https:\/\/vieassociative.be\/actualites\/mythe-tiktok-de-la-semaine-les-legumes-sont-mauvais-pour-vous\/","title":{"rendered":"Mythe tiktok de la semaine: les l\u00e9gumes sont mauvais pour vous"},"content":{"rendered":"<div class=\"mt-4 leading-6 md:mb-8\">D&rsquo;une part, des \u00e9tudes ont constat\u00e9 \u00e0 plusieurs reprises que les l\u00e9gumes sont bons pour nous. De l&rsquo;autre, quelques Edgelords sur Tiktok disent qu&rsquo;ils sont du poison. \u00c0 qui faire confiance?<\/div>\n<p><\/p>\n<p>Dans le monde du bien-\u00eatre, les choses que vous avez d\u00e9j\u00e0 entendues sont <em>ennuyeux<\/em>. Pourquoi voudriez-vous entendre encore une autre personne vous dire quelque chose que vous avez entendu un million de fois: que presque tous les exercices peuvent \u00eatre bons, qu&rsquo;une alimentation saine comprend une vari\u00e9t\u00e9 d&rsquo;aliments, y compris des l\u00e9gumes, etc.? C&rsquo;est beaucoup plus int\u00e9ressant de voir quelqu&rsquo;un vous dire des secrets que la m\u00e9decine grand public ne veut pas que vous sachiez. <\/p>\n<p>Sur Tiktok, un tas de mecs (principalement) blancs (surtout) annoncent fi\u00e8rement qu&rsquo;ils ne mangent pas leurs l\u00e9gumes, et vous ne devriez pas non plus. Pr\u00eat \u00e0 creuser?  <\/p>\n<h2 id=\"why-tiktokers-say-vegetables-are-bad-for-you\">Pourquoi les tiktokers disent que les l\u00e9gumes sont mauvais pour vous<\/h2>\n<p>Voici une petite histoire qui a quelques grains de v\u00e9rit\u00e9. Les l\u00e9gumes sont des plantes, en particulier les racines, les tiges, les feuilles et (sans doute) les graines de ces plantes. Les plantes ne veulent pas \u00eatre mang\u00e9es. Ils font donc des compos\u00e9s toxiques, pour mieux tuer quiconque essaie de les manger, y compris. <\/p>\n<p>Ce sujet de discussion est perroch\u00e9 de la vid\u00e9o \u00e0 la vid\u00e9o, et le tiktoker le suit g\u00e9n\u00e9ralement avec des exemples de toxines sp\u00e9cifiques, de probl\u00e8mes de sant\u00e9 et de l\u00e9gumes que vous devez \u00e9viter si vous voulez \u00eatre en bonne sant\u00e9. Parfois, ils utiliseront \u00e9galement le terme \u00abanti-nutriments\u00bb, une cat\u00e9gorie qui ne chevauche pas n\u00e9cessairement ces toxines, mais nous aurons un peu \u00e0 des d\u00e9tails. <\/p>\n<p>(Les tiktokers ont tendance \u00e0 oublier que toute relation entre un mangeur et un mange-ee, dans la nature, est une course aux armements. La plante \u00e9volue une toxine; le mangeur de plantes \u00e9volue \u00e0 cette toxine.<\/p>\n<p>Parfois, il y aura une reconnaissance que \u00abcertaines\u00bb personnes peuvent manger des l\u00e9gumes et \u00eatre en bonne sant\u00e9, mais que quiconque dont la sant\u00e9 est imparfaite devrait simplement arr\u00eater de manger la plupart ou tous les l\u00e9gumes. Les fruits sont parfois diabolis\u00e9s \u00e9galement, bien qu&rsquo;il y ait aussi des tiktokers qui disent qu&rsquo;ils mangent des fruits mais pas des l\u00e9gumes. <\/p>\n<h2 id=\"are-vegetables-actually-bad-for-you\">Les l\u00e9gumes sont-ils vraiment mauvais pour vous? <\/h2>\n<p>Quoi? Non! Bien s\u00fbr que non! Des montagnes de preuves scientifiques soutiennent l&rsquo;id\u00e9e que plus vous mangez de l\u00e9gumes, mieux c&rsquo;est. <\/p>\n<p>Ces \u00e9tudes pr\u00e9sentent leurs inconv\u00e9nients, comme le font toutes les \u00e9tudes: elles sont principalement observationnelles, et ils combinent de nombreux types de l\u00e9gumes et diff\u00e9rentes fa\u00e7ons de les mesurer. Mais m\u00eame ainsi, les r\u00e9sultats indiquent r\u00e9guli\u00e8rement et massivement les l\u00e9gumes r\u00e9duisant notre risque de nombreux probl\u00e8mes de sant\u00e9. <\/p>\n<p>Par exemple, une \u00e9tude de 2022 con\u00e7ue pour \u00e9valuer les preuves des recommandations de l\u00e9gumes a r\u00e9v\u00e9l\u00e9 que manger environ 12 onces de l\u00e9gumes par jour, par rapport \u00e0 ne pas en manger, r\u00e9duit le risque d&rsquo;accidents vasculaires c\u00e9r\u00e9braux, de maladies coronariennes et de cancer de l&rsquo;\u0153sophage. Cette \u00e9tude de 2008 a r\u00e9v\u00e9l\u00e9 que les personnes qui mangent au moins trois portions de l\u00e9gumes par jour r\u00e9duisent leur risque de maladie coronarienne de 70%. (Il y a \u00e9galement eu une r\u00e9duction de 60% par rapport \u00e0 cinq portions de fruits.) <\/p>\n<p>Et cette m\u00e9ta-analyse de 2017 a r\u00e9v\u00e9l\u00e9 que plus vous mangez de fruits et l\u00e9gumes, plus votre risque de maladies chroniques ci-dessus <em>et<\/em> Maladie cardiovasculaire, cancer et mortalit\u00e9 toutes causes. Plus les gens de fruits et l\u00e9gumes mangent, mieux c&rsquo;est, ils ont trouv\u00e9, jusqu&rsquo;\u00e0 environ 600 grammes pour la pr\u00e9vention du cancer et 800 grammes pour tout le reste. Pour mettre cela en termes r\u00e9els, 800 grammes de l\u00e9gumes sont de 28 onces, soit environ cinq \u00e0 sept portions de fruits et l\u00e9gumes par jour. <\/p>\n<h2 id=\"so-whats-the-deal-with-these-supposed-toxins-and-anti-nutrients\">Alors, quel est le probl\u00e8me avec ces suppos\u00e9es toxines et anti-nutriments?<\/h2>\n<p>Deux choses sont vraies en m\u00eame temps: oui, il y a des toxines et des anti-nutriments dans les l\u00e9gumes. <em>Et<\/em>ils ne sont pas suffisamment nocifs pour nous importer en quantit\u00e9s normales et avec des techniques normales de pr\u00e9paration des aliments. <\/p>\n<p>Comme les \u00e9tudes ci-dessus sur les l\u00e9gumes et le salon de la sant\u00e9, le bon l&#8217;emporte sur le mal. Les gens ne deviennent pas plus malades, plus ils mangent de l\u00e9gumes; Ils sont en meilleure sant\u00e9. Vous n&rsquo;avez pas besoin de creuser dans les d\u00e9tails de ce que les lectines, les sulforaphanes ou les tanins font \u00e0 notre corps pour savoir que la r\u00e9ponse \u00e0 grande \u00e9chelle est que nous devrions manger nos l\u00e9gumes. <\/p>\n<p>Mais je sais que vous voulez entendre les d\u00e9tails, alors jetons un coup d&rsquo;\u0153il \u00e0 quelques-uns des grands noms de Tiktok anti-v\u00e9g\u00e9tables. <\/p>\n<h3>Lectines<\/h3>\n<p>Les lectines sont des prot\u00e9ines v\u00e9g\u00e9tales qui se lient aux glucides. Ils peuvent pr\u00e9venir l&rsquo;absorption de certains nutriments et peuvent parfois provoquer des maladies gastro-intestinales. Par exemple, il existe des dizaines de rapports de cas de personnes qui d\u00e9veloppaient des vomissements et de la diarrh\u00e9e de l&#8217;empoisonnement de la lectine apr\u00e8s avoir mang\u00e9 des haricots r\u00e9naux sous-cuits. C&rsquo;est pourquoi il est important de faire bouillir vos haricots pendant 10 minutes, au lieu de simplement tremper et de cuisson lente. (Les haricots en conserve ont d\u00e9j\u00e0 \u00e9t\u00e9 suffisamment cuits pour d\u00e9truire les lectines.) <\/p>\n<p>Comme l&rsquo;explique la source nutritionnelle de Harvard, \u00abil est important de se rappeler que manger des aliments avec une grande quantit\u00e9 de lectines actives est rare.\u00bb La cuisson d\u00e9truit ou r\u00e9duit consid\u00e9rablement la teneur en lectine dans les aliments. Il est peu probable que vous obteniez m\u00eame beaucoup de contenu de lectine dans votre nourriture. <\/p>\n<p>Les tiktokers qui disent que les lectines peuvent provoquer des probl\u00e8mes gastro-intestinaux ne parlaient pas \u00e0 partir de preuves cliniques; Mis \u00e0 part les cas o\u00f9 les gens ont surdos\u00e9 des lectines (comme l&#8217;empoisonnement des haricots r\u00e9naux), la plupart de nos preuves proviennent d&rsquo;\u00e9tudes qui n&rsquo;impliquent pas les humains ou les types de l\u00e9gumes que les humains mangent r\u00e9guli\u00e8rement. Est-il possible que certaines personnes soient sensibles aux effets de certaines lectines? Bien s\u00fbr. Mais les lectines se trouvent-elles dans les l\u00e9gumes qui ruinent notre sant\u00e9 d&rsquo;une mani\u00e8re universelle ou r\u00e9pandue? C&rsquo;est assez clair qu&rsquo;ils ne le sont pas. <\/p>\n<div class=\"pogoClear relative my-10 border-b-(1.5px) border-t-(1.5px) border-dashed border-black py-5 sm:my-14 sm:border-0 sm:py-0\" data-ga-click data-ga-template=\"Explainers\" data-ga-module=\"openweb_widget\" data-ga-element=\"openweb_scroll\" data-ga-item=\"openweb_scroll_midpage\" x-cloak x-data=\"{ commentsCount: null, hasComments: false }\" x-init=\"commentsCount = await window.openweb.getMessagesCount(114569);\n     hasComments = commentsCount !== null &amp;&amp; commentsCount &gt; 0\"><\/p>\n<div class=\"absolute top-1\/2 hidden w-full -translate-y-1\/2 border-t-(1.5px) border-dashed border-black sm:block\"><\/div>\n<div class=\"relative flex justify-center\">\n<div class=\"flex max-w-max items-center gap-x-3 bg-white px-5\">\n<div class=\"relative\">\n                <span class=\"absolute left-1\/2 top-1\/2 -translate-x-1\/2 -translate-y-1\/2 font-akshar text-sm font-medium text-black\" x-show=\"hasComments\" x-text=\"commentsCount\"><\/span><\/p>\n<p>                <svg class=\"h-8 w-8 text-black\">\n                    <use href=\"http:\/\/lifehacker.com\/images\/icons\/spritemap.svg#sprite-chat-bubble\"><\/use>\n                <\/svg>\n            <\/div>\n<p>            <span class=\"text-sm font-medium text-black\"><\/p>\n<p>                Que pensez-vous jusqu&rsquo;\u00e0 pr\u00e9sent?<br \/>\n                <button class=\"font-semibold text-brand-green underline hover:text-brand-green-700\" onclick=\"window.openweb.scrollToComments('114569')\" x-text=\"hasComments ? 'Post a comment.' : 'Be the first to post a comment.'\"><\/button><br \/>\n            <\/span>\n        <\/div>\n<\/p><\/div>\n<\/div>\n<p>Les lectines ont \u00e9galement leurs avantages: ce sont des antioxydants et peuvent \u00e9galement ralentir l&rsquo;absorption des glucides, aidant potentiellement \u00e0 \u00e9viter les pics de glyc\u00e9mie apr\u00e8s avoir mang\u00e9. Les aliments qui contiennent des lectines comprennent les l\u00e9gumineuses (haricots, lentilles) et les grains entiers. Ces aliments contiennent des fibres, des vitamines et d&rsquo;autres composants sains, et il existe de nombreuses preuves que dans l&rsquo;ensemble, ces aliments sont bons pour nous.<\/p>\n<h3>Oxalates<\/h3>\n<p>Nous savons depuis longtemps qu&rsquo;il est mauvais de manger de grandes doses d&rsquo;aliments riches en oxalates ou en acide oxalique; C&rsquo;est pourquoi, lorsque vous achetez de la rhubarbe \u00e0 l&rsquo;\u00e9picerie, les tiges rouges ne viennent pas avec des feuilles attach\u00e9es. Les feuilles de rhubarbe sont notoirement \u00e9lev\u00e9es dans les oxalates. D&rsquo;autres l\u00e9gumes, principalement des l\u00e9gumes verts \u00e0 feuilles comme les \u00e9pinards (mais aussi les pommes de terre!), Contiennent des oxalates en plus petites quantit\u00e9s. <\/p>\n<p>Mais, encore une fois, la plupart de nos l\u00e9gumes d&rsquo;\u00e9picerie ne contiennent pas suffisamment d&rsquo;oxalates pour \u00eatre un probl\u00e8me de sant\u00e9. La cuisson r\u00e9duit davantage la teneur en oxalate. Si vous avez des ant\u00e9c\u00e9dents de calculs r\u00e9naux contenant de l&rsquo;oxalate, l&rsquo;American Urological Association sugg\u00e8re que vous voudrez peut-\u00eatre limiter les l\u00e9gumes \u00e0 haut oxalate. (Ne les \u00e9vitez pas enti\u00e8rement, comme le sugg\u00e8rent les tiktokers, mais profitez simplement de les petites doses.) <\/p>\n<p>Vous voyez comment les risques semblent tr\u00e8s diff\u00e9rents lorsque vous \u00e9coutez Tiktok Rants par rapport \u00e0 obtenir vos informations \u00e0 partir de sources m\u00e9dicales. Tiktok m&rsquo;a dit que les oxalates provoquent des calculs r\u00e9naux et une insuffisance r\u00e9nale; Le centre de nutrition de la Colorado State University m&rsquo;a dit que l&rsquo;oxalate dans la plupart des calculs r\u00e9naux est fabriqu\u00e9 par le corps lui-m\u00eame, que boire beaucoup d&rsquo;eau est la meilleure astuce bas\u00e9e sur la nutrition pour \u00e9viter les calculs r\u00e9naux, et qu &lsquo;\u00abil est recommand\u00e9 d&rsquo;inclure de nombreux aliments v\u00e9g\u00e9taux contenant de l&rsquo;oxalate dans le r\u00e9gime alimentaire, car les preuves sugg\u00e8rent que ces aliments jouent un r\u00f4le vital dans la pr\u00e9vention de la maladie\u00bb. <\/p>\n<h2 id=\"toxic-reactions-to-vegetables-look-pretty-different-than-what-tiktok-wants-us-to-believe\">Les r\u00e9actions toxiques aux l\u00e9gumes sont assez diff\u00e9rentes de ce que Tiktok veut que nous croyions<\/h2>\n<p>Le sweet spot pour les tiktokers, m\u00e9dicalement parlant, est lorsque vous vous sentez un peu d\u00e9chirant et que vous ne savez pas pourquoi. Ensuite, vous essayez leur r\u00e9gime alimentaire ou leurs suppl\u00e9ments, ou du moins continuer \u00e0 regarder leur contenu et \u00e0 augmenter leurs mesures d&rsquo;engagement. <\/p>\n<p>En r\u00e9alit\u00e9, il existe de nombreuses opportunit\u00e9s pour nous d&rsquo;avoir de mauvaises r\u00e9actions aux compos\u00e9s toxiques dans les l\u00e9gumes, avec des r\u00e9sultats spectaculaires qui vous am\u00e8neraient \u00e0 rechercher des soins m\u00e9dicaux imm\u00e9diats &#8211; et c&rsquo;est exactement pourquoi la FDA, l&rsquo;OMS et d&rsquo;autres organisations mettent en garde contre nous exposer aux dangereux. Ils veulent que nous soyons s\u00fbrs que nous cuisinions pleinement nos haricots r\u00e9naux, que nous ne mangeons pas de feuilles de rhubarbe, que nous \u00e9vitons le miel fabriqu\u00e9 \u00e0 partir de laurier de montagne et de fleurs de rhododendron, et que nous ne mangeons pas de puits de p\u00eache ou de graines de pomme. (Re: Ce dernier, \u00abmanger accidentellement une graine ou une fosse ne vous fera pas de mal\u00bb, mais ne les mangez pas en grande quantit\u00e9.)<\/p>\n<p>Les tiktokers peuvent, bien s\u00fbr, tenter d&rsquo;armement ces informations pour nous effrayer des l\u00e9gumes parfaitement inoffensifs. Par exemple, une vid\u00e9o indique que le c\u00e9leri est du poison car il contient un acide qui vous rend sensible aux coups de soleil. La partie sur le coup de soleil est vraie! (La partie sur le poison n&rsquo;est pas.) Le jus de c\u00e9leri peut sensibiliser votre peau \u00e0 l&rsquo;exposition aux UV; Il en va de m\u00eame pour le jus de chaux, provoquant la r\u00e9action surnomm\u00e9e \u00abmargarita main\u00bb. Une femme a d\u00e9velopp\u00e9 une r\u00e9action s\u00e9v\u00e8re lorsqu&rsquo;elle a mang\u00e9 un <em>une livre enti\u00e8re de c\u00e9leri<\/em> avant de se diriger vers le salon de bronzage. Cela ne signifie pas que vous devez \u00e9viter compl\u00e8tement le c\u00e9leri. <\/p>\n<p>Vous ne devez pas non plus croire que les vid\u00e9os d&rsquo;une entreprise de suppl\u00e9ments de mousse de mer qui disent le pH acide de Celery indiquent qu&rsquo;elle est artificielle et non de la nature (hein?) Ou que le brocoli est coinc\u00e9 dans notre syst\u00e8me digestif pendant jusqu&rsquo;\u00e0 4 semaines si nous n&rsquo;achetons pas de suppl\u00e9ments de mousse de mer. (C&rsquo;est le mythe \u00abvos tripes de 100 ans est plein de caca coinc\u00e9\u00bb. <\/p>\n<p>Pendant ce temps, bon nombre des compos\u00e9s que les tiktokers diabolisent &#8211; y compris les tanins, les sulforaphanes et les glycoalcalo\u00efdes &#8211; se r\u00e9v\u00e8lent avoir des effets b\u00e9n\u00e9fiques ainsi que des effets b\u00e9n\u00e9fiques et potentiellement nocifs. Voici un article du MD Anderson Cancer Center recommandant que nous recherchions des l\u00e9gumes crucif\u00e8res <em>sp\u00e9cifiquement pour<\/em> leur teneur en sulforaphane. <\/p>\n<p>En conclusion, les l\u00e9gumes sont toujours bons pour nous, peu importe ce que dit Tiktok. Je ne vous ferai pas les manger &#8211; je ne suis pas votre maman &#8211; mais ne croyez pas la peur en ligne.<\/p>\n<p><script async src=\"\/\/www.tiktok.com\/embed.js\"><\/script><\/p>\n","protected":false},"excerpt":{"rendered":"<p>D&rsquo;une part, des \u00e9tudes ont constat\u00e9 \u00e0 plusieurs reprises que les l\u00e9gumes sont bons pour nous. De l&rsquo;autre, quelques Edgelords sur Tiktok disent qu&rsquo;ils sont<\/p>\n","protected":false},"author":1,"featured_media":7545,"comment_status":"","ping_status":"","sticky":false,"template":"","format":"standard","meta":{"footnotes":""},"categories":[38],"tags":[1002,14,693,6851,81,1348,18,75,4],"class_list":["post-7544","post","type-post","status-publish","format-standard","has-post-thumbnail","hentry","category-sante","tag-legumes","tag-les","tag-mauvais","tag-mythe","tag-pour","tag-semaine","tag-sont","tag-tiktok","tag-vous","generate-columns","tablet-grid-50","mobile-grid-100","grid-parent","grid-33"],"yoast_head":"<!-- This site is optimized with the Yoast SEO plugin v24.0 - https:\/\/yoast.com\/wordpress\/plugins\/seo\/ -->\n<title>Mythe tiktok de la semaine: les l\u00e9gumes sont mauvais pour vous | Vie Associative<\/title>\n<meta name=\"robots\" content=\"index, follow, max-snippet:-1, max-image-preview:large, max-video-preview:-1\" \/>\n<link rel=\"canonical\" href=\"https:\/\/vieassociative.be\/actualites\/mythe-tiktok-de-la-semaine-les-legumes-sont-mauvais-pour-vous\/\" \/>\n<meta property=\"og:locale\" content=\"fr_FR\" \/>\n<meta property=\"og:type\" content=\"article\" \/>\n<meta property=\"og:title\" content=\"Mythe tiktok de la semaine: les l\u00e9gumes sont mauvais pour vous | Vie Associative\" \/>\n<meta property=\"og:description\" content=\"D&rsquo;une part, des \u00e9tudes ont constat\u00e9 \u00e0 plusieurs reprises que les l\u00e9gumes sont bons pour nous. De l&rsquo;autre, quelques Edgelords sur Tiktok disent qu&rsquo;ils sont\" \/>\n<meta property=\"og:url\" content=\"https:\/\/vieassociative.be\/actualites\/mythe-tiktok-de-la-semaine-les-legumes-sont-mauvais-pour-vous\/\" \/>\n<meta property=\"og:site_name\" content=\"Vie Associative\" \/>\n<meta property=\"article:published_time\" content=\"2025-05-13T22:17:00+00:00\" \/>\n<meta property=\"og:image\" content=\"https:\/\/vieassociative.be\/actualites\/wp-content\/uploads\/2024\/09\/header_backgroundk-01-e1726694325946.png\" \/>\n\t<meta property=\"og:image:width\" content=\"279\" \/>\n\t<meta property=\"og:image:height\" content=\"92\" \/>\n\t<meta property=\"og:image:type\" content=\"image\/png\" \/>\n<meta name=\"author\" content=\"Julien\" \/>\n<meta name=\"twitter:card\" content=\"summary_large_image\" \/>\n<meta name=\"twitter:label1\" content=\"\u00c9crit par\" \/>\n\t<meta name=\"twitter:data1\" content=\"Julien\" \/>\n\t<meta name=\"twitter:label2\" content=\"Dur\u00e9e de lecture est.\" \/>\n\t<meta name=\"twitter:data2\" content=\"10 minutes\" \/>\n<script type=\"application\/ld+json\" class=\"yoast-schema-graph\">{\"@context\":\"https:\/\/schema.org\",\"@graph\":[{\"@type\":\"Article\",\"@id\":\"https:\/\/vieassociative.be\/actualites\/mythe-tiktok-de-la-semaine-les-legumes-sont-mauvais-pour-vous\/#article\",\"isPartOf\":{\"@id\":\"https:\/\/vieassociative.be\/actualites\/mythe-tiktok-de-la-semaine-les-legumes-sont-mauvais-pour-vous\/\"},\"author\":{\"name\":\"Julien\",\"@id\":\"https:\/\/vieassociative.be\/actualites\/#\/schema\/person\/b87ac4f82f9d4e7b7cec7395b679edc4\"},\"headline\":\"Mythe tiktok de la semaine: les l\u00e9gumes sont mauvais pour vous\",\"datePublished\":\"2025-05-13T22:17:00+00:00\",\"dateModified\":\"2025-05-13T22:17:00+00:00\",\"mainEntityOfPage\":{\"@id\":\"https:\/\/vieassociative.be\/actualites\/mythe-tiktok-de-la-semaine-les-legumes-sont-mauvais-pour-vous\/\"},\"wordCount\":2038,\"publisher\":{\"@id\":\"https:\/\/vieassociative.be\/actualites\/#organization\"},\"image\":{\"@id\":\"https:\/\/vieassociative.be\/actualites\/mythe-tiktok-de-la-semaine-les-legumes-sont-mauvais-pour-vous\/#primaryimage\"},\"thumbnailUrl\":\"https:\/\/vieassociative.be\/actualites\/wp-content\/uploads\/2025\/05\/Mythe-tiktok-de-la-semaine-les-legumes-sont-mauvais-pour.jpg\",\"keywords\":[\"l\u00e9gumes\",\"Les\",\"mauvais\",\"Mythe\",\"pour\",\"semaine\",\"sont\",\"TikTok\",\"Vous\"],\"articleSection\":[\"Sant\u00e9\"],\"inLanguage\":\"fr-BE\"},{\"@type\":\"WebPage\",\"@id\":\"https:\/\/vieassociative.be\/actualites\/mythe-tiktok-de-la-semaine-les-legumes-sont-mauvais-pour-vous\/\",\"url\":\"https:\/\/vieassociative.be\/actualites\/mythe-tiktok-de-la-semaine-les-legumes-sont-mauvais-pour-vous\/\",\"name\":\"Mythe tiktok de la semaine: les l\u00e9gumes sont mauvais pour vous | Vie Associative\",\"isPartOf\":{\"@id\":\"https:\/\/vieassociative.be\/actualites\/#website\"},\"primaryImageOfPage\":{\"@id\":\"https:\/\/vieassociative.be\/actualites\/mythe-tiktok-de-la-semaine-les-legumes-sont-mauvais-pour-vous\/#primaryimage\"},\"image\":{\"@id\":\"https:\/\/vieassociative.be\/actualites\/mythe-tiktok-de-la-semaine-les-legumes-sont-mauvais-pour-vous\/#primaryimage\"},\"thumbnailUrl\":\"https:\/\/vieassociative.be\/actualites\/wp-content\/uploads\/2025\/05\/Mythe-tiktok-de-la-semaine-les-legumes-sont-mauvais-pour.jpg\",\"datePublished\":\"2025-05-13T22:17:00+00:00\",\"dateModified\":\"2025-05-13T22:17:00+00:00\",\"breadcrumb\":{\"@id\":\"https:\/\/vieassociative.be\/actualites\/mythe-tiktok-de-la-semaine-les-legumes-sont-mauvais-pour-vous\/#breadcrumb\"},\"inLanguage\":\"fr-BE\",\"potentialAction\":[{\"@type\":\"ReadAction\",\"target\":[\"https:\/\/vieassociative.be\/actualites\/mythe-tiktok-de-la-semaine-les-legumes-sont-mauvais-pour-vous\/\"]}]},{\"@type\":\"ImageObject\",\"inLanguage\":\"fr-BE\",\"@id\":\"https:\/\/vieassociative.be\/actualites\/mythe-tiktok-de-la-semaine-les-legumes-sont-mauvais-pour-vous\/#primaryimage\",\"url\":\"https:\/\/vieassociative.be\/actualites\/wp-content\/uploads\/2025\/05\/Mythe-tiktok-de-la-semaine-les-legumes-sont-mauvais-pour.jpg\",\"contentUrl\":\"https:\/\/vieassociative.be\/actualites\/wp-content\/uploads\/2025\/05\/Mythe-tiktok-de-la-semaine-les-legumes-sont-mauvais-pour.jpg\",\"width\":1200,\"height\":675,\"caption\":\"Mythe tiktok de la semaine: les l\u00e9gumes sont mauvais pour vous\"},{\"@type\":\"BreadcrumbList\",\"@id\":\"https:\/\/vieassociative.be\/actualites\/mythe-tiktok-de-la-semaine-les-legumes-sont-mauvais-pour-vous\/#breadcrumb\",\"itemListElement\":[{\"@type\":\"ListItem\",\"position\":1,\"name\":\"Accueil\",\"item\":\"https:\/\/vieassociative.be\/actualites\/\"},{\"@type\":\"ListItem\",\"position\":2,\"name\":\"Mythe tiktok de la semaine: les l\u00e9gumes sont mauvais pour vous\"}]},{\"@type\":\"WebSite\",\"@id\":\"https:\/\/vieassociative.be\/actualites\/#website\",\"url\":\"https:\/\/vieassociative.be\/actualites\/\",\"name\":\"Vie Associative\",\"description\":\"\",\"publisher\":{\"@id\":\"https:\/\/vieassociative.be\/actualites\/#organization\"},\"potentialAction\":[{\"@type\":\"SearchAction\",\"target\":{\"@type\":\"EntryPoint\",\"urlTemplate\":\"https:\/\/vieassociative.be\/actualites\/?s={search_term_string}\"},\"query-input\":{\"@type\":\"PropertyValueSpecification\",\"valueRequired\":true,\"valueName\":\"search_term_string\"}}],\"inLanguage\":\"fr-BE\"},{\"@type\":\"Organization\",\"@id\":\"https:\/\/vieassociative.be\/actualites\/#organization\",\"name\":\"Vie Associative\",\"url\":\"https:\/\/vieassociative.be\/actualites\/\",\"logo\":{\"@type\":\"ImageObject\",\"inLanguage\":\"fr-BE\",\"@id\":\"https:\/\/vieassociative.be\/actualites\/#\/schema\/logo\/image\/\",\"url\":\"https:\/\/vieassociative.be\/actualites\/wp-content\/uploads\/2024\/09\/cropped-vieassociative_favicon.ico.png\",\"contentUrl\":\"https:\/\/vieassociative.be\/actualites\/wp-content\/uploads\/2024\/09\/cropped-vieassociative_favicon.ico.png\",\"width\":512,\"height\":512,\"caption\":\"Vie Associative\"},\"image\":{\"@id\":\"https:\/\/vieassociative.be\/actualites\/#\/schema\/logo\/image\/\"}},{\"@type\":\"Person\",\"@id\":\"https:\/\/vieassociative.be\/actualites\/#\/schema\/person\/b87ac4f82f9d4e7b7cec7395b679edc4\",\"name\":\"Julien\",\"image\":{\"@type\":\"ImageObject\",\"inLanguage\":\"fr-BE\",\"@id\":\"https:\/\/vieassociative.be\/actualites\/#\/schema\/person\/image\/\",\"url\":\"https:\/\/vieassociative.be\/actualites\/wp-content\/uploads\/2024\/09\/vie-associative-1-150x150.jpg\",\"contentUrl\":\"https:\/\/vieassociative.be\/actualites\/wp-content\/uploads\/2024\/09\/vie-associative-1-150x150.jpg\",\"caption\":\"Julien\"},\"description\":\"Je suis Julien, r\u00e9dacteur pour Vie Associative. Passionn\u00e9 par le monde associatif depuis plus de 10 ans, j'ai \u00e0 c\u0153ur de partager des histoires inspirantes et de mettre en lumi\u00e8re les initiatives locales. Mon objectif est de sensibiliser et d'encourager l'engagement communautaire \u00e0 travers mes articles.\",\"sameAs\":[\"https:\/\/vieassociative.be\/\"]}]}<\/script>\n<!-- \/ Yoast SEO plugin. -->","yoast_head_json":{"title":"Mythe tiktok de la semaine: les l\u00e9gumes sont mauvais pour vous | Vie Associative","robots":{"index":"index","follow":"follow","max-snippet":"max-snippet:-1","max-image-preview":"max-image-preview:large","max-video-preview":"max-video-preview:-1"},"canonical":"https:\/\/vieassociative.be\/actualites\/mythe-tiktok-de-la-semaine-les-legumes-sont-mauvais-pour-vous\/","og_locale":"fr_FR","og_type":"article","og_title":"Mythe tiktok de la semaine: les l\u00e9gumes sont mauvais pour vous | Vie Associative","og_description":"D&rsquo;une part, des \u00e9tudes ont constat\u00e9 \u00e0 plusieurs reprises que les l\u00e9gumes sont bons pour nous. De l&rsquo;autre, quelques Edgelords sur Tiktok disent qu&rsquo;ils sont","og_url":"https:\/\/vieassociative.be\/actualites\/mythe-tiktok-de-la-semaine-les-legumes-sont-mauvais-pour-vous\/","og_site_name":"Vie Associative","article_published_time":"2025-05-13T22:17:00+00:00","og_image":[{"width":279,"height":92,"url":"https:\/\/vieassociative.be\/actualites\/wp-content\/uploads\/2024\/09\/header_backgroundk-01-e1726694325946.png","type":"image\/png"}],"author":"Julien","twitter_card":"summary_large_image","twitter_misc":{"\u00c9crit par":"Julien","Dur\u00e9e de lecture est.":"10 minutes"},"schema":{"@context":"https:\/\/schema.org","@graph":[{"@type":"Article","@id":"https:\/\/vieassociative.be\/actualites\/mythe-tiktok-de-la-semaine-les-legumes-sont-mauvais-pour-vous\/#article","isPartOf":{"@id":"https:\/\/vieassociative.be\/actualites\/mythe-tiktok-de-la-semaine-les-legumes-sont-mauvais-pour-vous\/"},"author":{"name":"Julien","@id":"https:\/\/vieassociative.be\/actualites\/#\/schema\/person\/b87ac4f82f9d4e7b7cec7395b679edc4"},"headline":"Mythe tiktok de la semaine: les l\u00e9gumes sont mauvais pour vous","datePublished":"2025-05-13T22:17:00+00:00","dateModified":"2025-05-13T22:17:00+00:00","mainEntityOfPage":{"@id":"https:\/\/vieassociative.be\/actualites\/mythe-tiktok-de-la-semaine-les-legumes-sont-mauvais-pour-vous\/"},"wordCount":2038,"publisher":{"@id":"https:\/\/vieassociative.be\/actualites\/#organization"},"image":{"@id":"https:\/\/vieassociative.be\/actualites\/mythe-tiktok-de-la-semaine-les-legumes-sont-mauvais-pour-vous\/#primaryimage"},"thumbnailUrl":"https:\/\/vieassociative.be\/actualites\/wp-content\/uploads\/2025\/05\/Mythe-tiktok-de-la-semaine-les-legumes-sont-mauvais-pour.jpg","keywords":["l\u00e9gumes","Les","mauvais","Mythe","pour","semaine","sont","TikTok","Vous"],"articleSection":["Sant\u00e9"],"inLanguage":"fr-BE"},{"@type":"WebPage","@id":"https:\/\/vieassociative.be\/actualites\/mythe-tiktok-de-la-semaine-les-legumes-sont-mauvais-pour-vous\/","url":"https:\/\/vieassociative.be\/actualites\/mythe-tiktok-de-la-semaine-les-legumes-sont-mauvais-pour-vous\/","name":"Mythe tiktok de la semaine: les l\u00e9gumes sont mauvais pour vous | Vie Associative","isPartOf":{"@id":"https:\/\/vieassociative.be\/actualites\/#website"},"primaryImageOfPage":{"@id":"https:\/\/vieassociative.be\/actualites\/mythe-tiktok-de-la-semaine-les-legumes-sont-mauvais-pour-vous\/#primaryimage"},"image":{"@id":"https:\/\/vieassociative.be\/actualites\/mythe-tiktok-de-la-semaine-les-legumes-sont-mauvais-pour-vous\/#primaryimage"},"thumbnailUrl":"https:\/\/vieassociative.be\/actualites\/wp-content\/uploads\/2025\/05\/Mythe-tiktok-de-la-semaine-les-legumes-sont-mauvais-pour.jpg","datePublished":"2025-05-13T22:17:00+00:00","dateModified":"2025-05-13T22:17:00+00:00","breadcrumb":{"@id":"https:\/\/vieassociative.be\/actualites\/mythe-tiktok-de-la-semaine-les-legumes-sont-mauvais-pour-vous\/#breadcrumb"},"inLanguage":"fr-BE","potentialAction":[{"@type":"ReadAction","target":["https:\/\/vieassociative.be\/actualites\/mythe-tiktok-de-la-semaine-les-legumes-sont-mauvais-pour-vous\/"]}]},{"@type":"ImageObject","inLanguage":"fr-BE","@id":"https:\/\/vieassociative.be\/actualites\/mythe-tiktok-de-la-semaine-les-legumes-sont-mauvais-pour-vous\/#primaryimage","url":"https:\/\/vieassociative.be\/actualites\/wp-content\/uploads\/2025\/05\/Mythe-tiktok-de-la-semaine-les-legumes-sont-mauvais-pour.jpg","contentUrl":"https:\/\/vieassociative.be\/actualites\/wp-content\/uploads\/2025\/05\/Mythe-tiktok-de-la-semaine-les-legumes-sont-mauvais-pour.jpg","width":1200,"height":675,"caption":"Mythe tiktok de la semaine: les l\u00e9gumes sont mauvais pour vous"},{"@type":"BreadcrumbList","@id":"https:\/\/vieassociative.be\/actualites\/mythe-tiktok-de-la-semaine-les-legumes-sont-mauvais-pour-vous\/#breadcrumb","itemListElement":[{"@type":"ListItem","position":1,"name":"Accueil","item":"https:\/\/vieassociative.be\/actualites\/"},{"@type":"ListItem","position":2,"name":"Mythe tiktok de la semaine: les l\u00e9gumes sont mauvais pour vous"}]},{"@type":"WebSite","@id":"https:\/\/vieassociative.be\/actualites\/#website","url":"https:\/\/vieassociative.be\/actualites\/","name":"Vie Associative","description":"","publisher":{"@id":"https:\/\/vieassociative.be\/actualites\/#organization"},"potentialAction":[{"@type":"SearchAction","target":{"@type":"EntryPoint","urlTemplate":"https:\/\/vieassociative.be\/actualites\/?s={search_term_string}"},"query-input":{"@type":"PropertyValueSpecification","valueRequired":true,"valueName":"search_term_string"}}],"inLanguage":"fr-BE"},{"@type":"Organization","@id":"https:\/\/vieassociative.be\/actualites\/#organization","name":"Vie Associative","url":"https:\/\/vieassociative.be\/actualites\/","logo":{"@type":"ImageObject","inLanguage":"fr-BE","@id":"https:\/\/vieassociative.be\/actualites\/#\/schema\/logo\/image\/","url":"https:\/\/vieassociative.be\/actualites\/wp-content\/uploads\/2024\/09\/cropped-vieassociative_favicon.ico.png","contentUrl":"https:\/\/vieassociative.be\/actualites\/wp-content\/uploads\/2024\/09\/cropped-vieassociative_favicon.ico.png","width":512,"height":512,"caption":"Vie Associative"},"image":{"@id":"https:\/\/vieassociative.be\/actualites\/#\/schema\/logo\/image\/"}},{"@type":"Person","@id":"https:\/\/vieassociative.be\/actualites\/#\/schema\/person\/b87ac4f82f9d4e7b7cec7395b679edc4","name":"Julien","image":{"@type":"ImageObject","inLanguage":"fr-BE","@id":"https:\/\/vieassociative.be\/actualites\/#\/schema\/person\/image\/","url":"https:\/\/vieassociative.be\/actualites\/wp-content\/uploads\/2024\/09\/vie-associative-1-150x150.jpg","contentUrl":"https:\/\/vieassociative.be\/actualites\/wp-content\/uploads\/2024\/09\/vie-associative-1-150x150.jpg","caption":"Julien"},"description":"Je suis Julien, r\u00e9dacteur pour Vie Associative. Passionn\u00e9 par le monde associatif depuis plus de 10 ans, j'ai \u00e0 c\u0153ur de partager des histoires inspirantes et de mettre en lumi\u00e8re les initiatives locales. Mon objectif est de sensibiliser et d'encourager l'engagement communautaire \u00e0 travers mes articles.","sameAs":["https:\/\/vieassociative.be\/"]}]}},"_links":{"self":[{"href":"https:\/\/vieassociative.be\/actualites\/wp-json\/wp\/v2\/posts\/7544"}],"collection":[{"href":"https:\/\/vieassociative.be\/actualites\/wp-json\/wp\/v2\/posts"}],"about":[{"href":"https:\/\/vieassociative.be\/actualites\/wp-json\/wp\/v2\/types\/post"}],"author":[{"embeddable":true,"href":"https:\/\/vieassociative.be\/actualites\/wp-json\/wp\/v2\/users\/1"}],"replies":[{"embeddable":true,"href":"https:\/\/vieassociative.be\/actualites\/wp-json\/wp\/v2\/comments?post=7544"}],"version-history":[{"count":0,"href":"https:\/\/vieassociative.be\/actualites\/wp-json\/wp\/v2\/posts\/7544\/revisions"}],"wp:featuredmedia":[{"embeddable":true,"href":"https:\/\/vieassociative.be\/actualites\/wp-json\/wp\/v2\/media\/7545"}],"wp:attachment":[{"href":"https:\/\/vieassociative.be\/actualites\/wp-json\/wp\/v2\/media?parent=7544"}],"wp:term":[{"taxonomy":"category","embeddable":true,"href":"https:\/\/vieassociative.be\/actualites\/wp-json\/wp\/v2\/categories?post=7544"},{"taxonomy":"post_tag","embeddable":true,"href":"https:\/\/vieassociative.be\/actualites\/wp-json\/wp\/v2\/tags?post=7544"}],"curies":[{"name":"wp","href":"https:\/\/api.w.org\/{rel}","templated":true}]}}