{"id":7542,"date":"2025-05-13T22:17:36","date_gmt":"2025-05-13T20:17:36","guid":{"rendered":"https:\/\/vieassociative.be\/actualites\/le-leadership-de-lue-autour-dursula-von-der-leyen-a-voyage-pour-une-ceremonie-avec-un-avion-de-bruxelles-a-luxembourg\/"},"modified":"2025-05-13T22:17:36","modified_gmt":"2025-05-13T20:17:36","slug":"le-leadership-de-lue-autour-dursula-von-der-leyen-a-voyage-pour-une-ceremonie-avec-un-avion-de-bruxelles-a-luxembourg","status":"publish","type":"post","link":"https:\/\/vieassociative.be\/actualites\/le-leadership-de-lue-autour-dursula-von-der-leyen-a-voyage-pour-une-ceremonie-avec-un-avion-de-bruxelles-a-luxembourg\/","title":{"rendered":"Le leadership de l&rsquo;UE autour d&rsquo;Ursula von der Leyen a voyag\u00e9 pour une c\u00e9r\u00e9monie avec un avion de Bruxelles \u00e0 Luxembourg"},"content":{"rendered":"<p><strong>Le pr\u00e9sident de la Commission de l&rsquo;UE, Ursula von der Leyen, a voyag\u00e9 de Bruxelles au Luxembourg pour une c\u00e9r\u00e9monie &#8211; bien que la route en voiture ne soit que de 200 kilom\u00e8tres de long.<\/strong><\/p>\n<p><span id=\"more-415463\"><\/span>Apr\u00e8s la visite inaugurale du chancelier allemand Friedrich Merz \u00e0 Bruxelles vendredi, le pr\u00e9sident de la Commission de l&rsquo;UE s&rsquo;est envol\u00e9 pour le Luxembourg en Europe avec le pr\u00e9sident Ant\u00f3nio Costa et le pr\u00e9sident du Parlement Roberta Metsola.<\/p>\n<p>Une porte-parole de la Commission de l&rsquo;UE a d\u00e9clar\u00e9 qu&rsquo;en raison de l&rsquo;horaire serr\u00e9, un vol charter \u00e9tait \u00ab\u00a0la seule option de voyage\u00a0\u00bb qui a rendu la participation possible. Selon le \u00ab\u00a0Mot Luxembourger\u00a0\u00bb, les Leyen et Costa sont retourn\u00e9s \u00e0 Bruxelles avec l&rsquo;avion affr\u00e9t\u00e9 apr\u00e8s le rendez-vous.<\/p>\n<div id=\"attachment_415468\" class=\"wp-caption alignleft\" style=\"max-width: 300px\"><img fetchpriority=\"high\" decoding=\"async\" class=\"wp-image-415468 size-medium\" src=\"https:\/\/vieassociative.be\/actualites\/wp-content\/uploads\/2025\/05\/Le-leadership-de-lUE-autour-dUrsula-von-der-Leyen-a.jpg\" alt=\"\" width=\"300\" height=\"200\"><\/p>\n<p class=\"wp-caption-text\">01.04.2025, France, Strasbourg: le pr\u00e9sident du Conseil europ\u00e9en, Antonio Costa (L), parle au pr\u00e9sident de la Commission europ\u00e9enne, Ursula von der Leyen (R), et le pr\u00e9sident du Parlement europ\u00e9en, Roberta Metsola (C), dans le cadre d&rsquo;une session pl\u00e9ni\u00e8re du Parliament europ\u00e9en. Photo: Frederick Florin \/ AFP \/ DPA<\/p>\n<\/div>\n<p>Le vol est le moyen le plus important de voyager. Et selon un code de conduite pour les membres de la commission, les avions priv\u00e9s ne doivent \u00eatre utilis\u00e9s que dans des cas exceptionnels &#8211; il s&rsquo;agit \u00e9galement de g\u00e9rer \u00e9conomique de l&rsquo;argent budg\u00e9taire.<\/p>\n<p><strong>&#8211; circonstances \u00ab\u00a0extraordinaires\u00a0\u00bb?<\/strong> Vendredi apr\u00e8s-midi, les trois principaux repr\u00e9sentants de l&rsquo;UE ont initialement eu des pourparlers avec le nouveau chancelier allemand Merz. Au Luxembourg, lors de l&rsquo;invitation du Premier ministre Luc Frieden, ils ont particip\u00e9 \u00e0 une c\u00e9l\u00e9bration pour le 75e anniversaire de la D\u00e9claration de Schuman, qui a mis la base de l&rsquo;UE avec la proposition de la communaut\u00e9 europ\u00e9enne pour le charbon et l&rsquo;acier (EGKS). La s\u00e9quence dense \u00e9tait \u00ab\u00a0exceptionnelle\u00a0\u00bb et le vol \u00e9tait justifi\u00e9, a d\u00e9clar\u00e9 la porte-parole.<\/p>\n<p>Sur la voie du pays d&rsquo;environ 200 km, un trajet de Bruxelles au Luxembourg prendrait environ deux heures et demie. La porte-parole n&rsquo;a pas r\u00e9pondu combien de temps le vol et les voyages vers les a\u00e9roports ont pris et si les repr\u00e9sentants de l&rsquo;UE pouvaient gagner du temps. Il est \u00e9vident que le vol est \u00ab\u00a0beaucoup plus rapide\u00a0\u00bb que le voyage en voiture, a-t-elle d\u00e9clar\u00e9. (DPA)<\/p>\n","protected":false},"excerpt":{"rendered":"<p>Le pr\u00e9sident de la Commission de l&rsquo;UE, Ursula von der Leyen, a voyag\u00e9 de Bruxelles au Luxembourg pour une c\u00e9r\u00e9monie &#8211; bien que la route<\/p>\n","protected":false},"author":1,"featured_media":7543,"comment_status":"","ping_status":"","sticky":false,"template":"","format":"standard","meta":{"footnotes":""},"categories":[298],"tags":[618,61,4382,455,3254,668,6988,6987,4764,3578,3512,81,110,3558,1928],"class_list":["post-7542","post","type-post","status-publish","format-standard","has-post-thumbnail","hentry","category-belgique","tag-autour","tag-avec","tag-avion","tag-bruxelles","tag-ceremonie","tag-der","tag-dursula","tag-leadership","tag-leyen","tag-lue","tag-luxembourg","tag-pour","tag-une","tag-von","tag-voyage","generate-columns","tablet-grid-50","mobile-grid-100","grid-parent","grid-33"],"yoast_head":"<!-- This site is optimized with the Yoast SEO plugin v24.0 - https:\/\/yoast.com\/wordpress\/plugins\/seo\/ -->\n<title>Le leadership de l&#039;UE autour d&#039;Ursula von der Leyen a voyag\u00e9 pour une c\u00e9r\u00e9monie avec un avion de Bruxelles \u00e0 Luxembourg | Vie Associative<\/title>\n<meta name=\"robots\" content=\"index, follow, max-snippet:-1, max-image-preview:large, max-video-preview:-1\" \/>\n<link rel=\"canonical\" href=\"https:\/\/vieassociative.be\/actualites\/le-leadership-de-lue-autour-dursula-von-der-leyen-a-voyage-pour-une-ceremonie-avec-un-avion-de-bruxelles-a-luxembourg\/\" \/>\n<meta property=\"og:locale\" content=\"fr_FR\" \/>\n<meta property=\"og:type\" content=\"article\" \/>\n<meta property=\"og:title\" content=\"Le leadership de l&#039;UE autour d&#039;Ursula von der Leyen a voyag\u00e9 pour une c\u00e9r\u00e9monie avec un avion de Bruxelles \u00e0 Luxembourg | Vie Associative\" \/>\n<meta property=\"og:description\" content=\"Le pr\u00e9sident de la Commission de l&rsquo;UE, Ursula von der Leyen, a voyag\u00e9 de Bruxelles au Luxembourg pour une c\u00e9r\u00e9monie &#8211; bien que la route\" \/>\n<meta property=\"og:url\" content=\"https:\/\/vieassociative.be\/actualites\/le-leadership-de-lue-autour-dursula-von-der-leyen-a-voyage-pour-une-ceremonie-avec-un-avion-de-bruxelles-a-luxembourg\/\" \/>\n<meta property=\"og:site_name\" content=\"Vie Associative\" \/>\n<meta property=\"article:published_time\" content=\"2025-05-13T20:17:36+00:00\" \/>\n<meta property=\"og:image\" content=\"https:\/\/vieassociative.be\/actualites\/wp-content\/uploads\/2024\/09\/header_backgroundk-01-e1726694325946.png\" \/>\n\t<meta property=\"og:image:width\" content=\"279\" \/>\n\t<meta property=\"og:image:height\" content=\"92\" \/>\n\t<meta property=\"og:image:type\" content=\"image\/png\" \/>\n<meta name=\"author\" content=\"Julien\" \/>\n<meta name=\"twitter:card\" content=\"summary_large_image\" \/>\n<meta name=\"twitter:label1\" content=\"\u00c9crit par\" \/>\n\t<meta name=\"twitter:data1\" content=\"Julien\" \/>\n\t<meta name=\"twitter:label2\" content=\"Dur\u00e9e de lecture est.\" \/>\n\t<meta name=\"twitter:data2\" content=\"2 minutes\" \/>\n<script type=\"application\/ld+json\" class=\"yoast-schema-graph\">{\"@context\":\"https:\/\/schema.org\",\"@graph\":[{\"@type\":\"Article\",\"@id\":\"https:\/\/vieassociative.be\/actualites\/le-leadership-de-lue-autour-dursula-von-der-leyen-a-voyage-pour-une-ceremonie-avec-un-avion-de-bruxelles-a-luxembourg\/#article\",\"isPartOf\":{\"@id\":\"https:\/\/vieassociative.be\/actualites\/le-leadership-de-lue-autour-dursula-von-der-leyen-a-voyage-pour-une-ceremonie-avec-un-avion-de-bruxelles-a-luxembourg\/\"},\"author\":{\"name\":\"Julien\",\"@id\":\"https:\/\/vieassociative.be\/actualites\/#\/schema\/person\/b87ac4f82f9d4e7b7cec7395b679edc4\"},\"headline\":\"Le leadership de l&rsquo;UE autour d&rsquo;Ursula von der Leyen a voyag\u00e9 pour une c\u00e9r\u00e9monie avec un avion de Bruxelles \u00e0 Luxembourg\",\"datePublished\":\"2025-05-13T20:17:36+00:00\",\"dateModified\":\"2025-05-13T20:17:36+00:00\",\"mainEntityOfPage\":{\"@id\":\"https:\/\/vieassociative.be\/actualites\/le-leadership-de-lue-autour-dursula-von-der-leyen-a-voyage-pour-une-ceremonie-avec-un-avion-de-bruxelles-a-luxembourg\/\"},\"wordCount\":430,\"publisher\":{\"@id\":\"https:\/\/vieassociative.be\/actualites\/#organization\"},\"image\":{\"@id\":\"https:\/\/vieassociative.be\/actualites\/le-leadership-de-lue-autour-dursula-von-der-leyen-a-voyage-pour-une-ceremonie-avec-un-avion-de-bruxelles-a-luxembourg\/#primaryimage\"},\"thumbnailUrl\":\"https:\/\/vieassociative.be\/actualites\/wp-content\/uploads\/2025\/05\/1747167457_Le-leadership-de-lUE-autour-dUrsula-von-der-Leyen-a.jpg\",\"keywords\":[\"Autour\",\"avec\",\"avion\",\"Bruxelles\",\"c\u00e9r\u00e9monie\",\"der\",\"dUrsula\",\"leadership\",\"Leyen\",\"LUE\",\"Luxembourg\",\"pour\",\"une\",\"von\",\"voyage\"],\"articleSection\":[\"Belgique\"],\"inLanguage\":\"fr-BE\"},{\"@type\":\"WebPage\",\"@id\":\"https:\/\/vieassociative.be\/actualites\/le-leadership-de-lue-autour-dursula-von-der-leyen-a-voyage-pour-une-ceremonie-avec-un-avion-de-bruxelles-a-luxembourg\/\",\"url\":\"https:\/\/vieassociative.be\/actualites\/le-leadership-de-lue-autour-dursula-von-der-leyen-a-voyage-pour-une-ceremonie-avec-un-avion-de-bruxelles-a-luxembourg\/\",\"name\":\"Le leadership de l'UE autour d'Ursula von der Leyen a voyag\u00e9 pour une c\u00e9r\u00e9monie avec un avion de Bruxelles \u00e0 Luxembourg | Vie Associative\",\"isPartOf\":{\"@id\":\"https:\/\/vieassociative.be\/actualites\/#website\"},\"primaryImageOfPage\":{\"@id\":\"https:\/\/vieassociative.be\/actualites\/le-leadership-de-lue-autour-dursula-von-der-leyen-a-voyage-pour-une-ceremonie-avec-un-avion-de-bruxelles-a-luxembourg\/#primaryimage\"},\"image\":{\"@id\":\"https:\/\/vieassociative.be\/actualites\/le-leadership-de-lue-autour-dursula-von-der-leyen-a-voyage-pour-une-ceremonie-avec-un-avion-de-bruxelles-a-luxembourg\/#primaryimage\"},\"thumbnailUrl\":\"https:\/\/vieassociative.be\/actualites\/wp-content\/uploads\/2025\/05\/1747167457_Le-leadership-de-lUE-autour-dUrsula-von-der-Leyen-a.jpg\",\"datePublished\":\"2025-05-13T20:17:36+00:00\",\"dateModified\":\"2025-05-13T20:17:36+00:00\",\"breadcrumb\":{\"@id\":\"https:\/\/vieassociative.be\/actualites\/le-leadership-de-lue-autour-dursula-von-der-leyen-a-voyage-pour-une-ceremonie-avec-un-avion-de-bruxelles-a-luxembourg\/#breadcrumb\"},\"inLanguage\":\"fr-BE\",\"potentialAction\":[{\"@type\":\"ReadAction\",\"target\":[\"https:\/\/vieassociative.be\/actualites\/le-leadership-de-lue-autour-dursula-von-der-leyen-a-voyage-pour-une-ceremonie-avec-un-avion-de-bruxelles-a-luxembourg\/\"]}]},{\"@type\":\"ImageObject\",\"inLanguage\":\"fr-BE\",\"@id\":\"https:\/\/vieassociative.be\/actualites\/le-leadership-de-lue-autour-dursula-von-der-leyen-a-voyage-pour-une-ceremonie-avec-un-avion-de-bruxelles-a-luxembourg\/#primaryimage\",\"url\":\"https:\/\/vieassociative.be\/actualites\/wp-content\/uploads\/2025\/05\/1747167457_Le-leadership-de-lUE-autour-dUrsula-von-der-Leyen-a.jpg\",\"contentUrl\":\"https:\/\/vieassociative.be\/actualites\/wp-content\/uploads\/2025\/05\/1747167457_Le-leadership-de-lUE-autour-dUrsula-von-der-Leyen-a.jpg\",\"width\":1200,\"height\":799,\"caption\":\"Le leadership de l'UE autour d'Ursula von der Leyen a voyag\u00e9 pour une c\u00e9r\u00e9monie avec un avion de Bruxelles \u00e0 Luxembourg\"},{\"@type\":\"BreadcrumbList\",\"@id\":\"https:\/\/vieassociative.be\/actualites\/le-leadership-de-lue-autour-dursula-von-der-leyen-a-voyage-pour-une-ceremonie-avec-un-avion-de-bruxelles-a-luxembourg\/#breadcrumb\",\"itemListElement\":[{\"@type\":\"ListItem\",\"position\":1,\"name\":\"Accueil\",\"item\":\"https:\/\/vieassociative.be\/actualites\/\"},{\"@type\":\"ListItem\",\"position\":2,\"name\":\"Le leadership de l&rsquo;UE autour d&rsquo;Ursula von der Leyen a voyag\u00e9 pour une c\u00e9r\u00e9monie avec un avion de Bruxelles \u00e0 Luxembourg\"}]},{\"@type\":\"WebSite\",\"@id\":\"https:\/\/vieassociative.be\/actualites\/#website\",\"url\":\"https:\/\/vieassociative.be\/actualites\/\",\"name\":\"Vie Associative\",\"description\":\"\",\"publisher\":{\"@id\":\"https:\/\/vieassociative.be\/actualites\/#organization\"},\"potentialAction\":[{\"@type\":\"SearchAction\",\"target\":{\"@type\":\"EntryPoint\",\"urlTemplate\":\"https:\/\/vieassociative.be\/actualites\/?s={search_term_string}\"},\"query-input\":{\"@type\":\"PropertyValueSpecification\",\"valueRequired\":true,\"valueName\":\"search_term_string\"}}],\"inLanguage\":\"fr-BE\"},{\"@type\":\"Organization\",\"@id\":\"https:\/\/vieassociative.be\/actualites\/#organization\",\"name\":\"Vie Associative\",\"url\":\"https:\/\/vieassociative.be\/actualites\/\",\"logo\":{\"@type\":\"ImageObject\",\"inLanguage\":\"fr-BE\",\"@id\":\"https:\/\/vieassociative.be\/actualites\/#\/schema\/logo\/image\/\",\"url\":\"https:\/\/vieassociative.be\/actualites\/wp-content\/uploads\/2024\/09\/cropped-vieassociative_favicon.ico.png\",\"contentUrl\":\"https:\/\/vieassociative.be\/actualites\/wp-content\/uploads\/2024\/09\/cropped-vieassociative_favicon.ico.png\",\"width\":512,\"height\":512,\"caption\":\"Vie Associative\"},\"image\":{\"@id\":\"https:\/\/vieassociative.be\/actualites\/#\/schema\/logo\/image\/\"}},{\"@type\":\"Person\",\"@id\":\"https:\/\/vieassociative.be\/actualites\/#\/schema\/person\/b87ac4f82f9d4e7b7cec7395b679edc4\",\"name\":\"Julien\",\"image\":{\"@type\":\"ImageObject\",\"inLanguage\":\"fr-BE\",\"@id\":\"https:\/\/vieassociative.be\/actualites\/#\/schema\/person\/image\/\",\"url\":\"https:\/\/vieassociative.be\/actualites\/wp-content\/uploads\/2024\/09\/vie-associative-1-150x150.jpg\",\"contentUrl\":\"https:\/\/vieassociative.be\/actualites\/wp-content\/uploads\/2024\/09\/vie-associative-1-150x150.jpg\",\"caption\":\"Julien\"},\"description\":\"Je suis Julien, r\u00e9dacteur pour Vie Associative. Passionn\u00e9 par le monde associatif depuis plus de 10 ans, j'ai \u00e0 c\u0153ur de partager des histoires inspirantes et de mettre en lumi\u00e8re les initiatives locales. Mon objectif est de sensibiliser et d'encourager l'engagement communautaire \u00e0 travers mes articles.\",\"sameAs\":[\"https:\/\/vieassociative.be\/\"]}]}<\/script>\n<!-- \/ Yoast SEO plugin. -->","yoast_head_json":{"title":"Le leadership de l'UE autour d'Ursula von der Leyen a voyag\u00e9 pour une c\u00e9r\u00e9monie avec un avion de Bruxelles \u00e0 Luxembourg | Vie Associative","robots":{"index":"index","follow":"follow","max-snippet":"max-snippet:-1","max-image-preview":"max-image-preview:large","max-video-preview":"max-video-preview:-1"},"canonical":"https:\/\/vieassociative.be\/actualites\/le-leadership-de-lue-autour-dursula-von-der-leyen-a-voyage-pour-une-ceremonie-avec-un-avion-de-bruxelles-a-luxembourg\/","og_locale":"fr_FR","og_type":"article","og_title":"Le leadership de l'UE autour d'Ursula von der Leyen a voyag\u00e9 pour une c\u00e9r\u00e9monie avec un avion de Bruxelles \u00e0 Luxembourg | Vie Associative","og_description":"Le pr\u00e9sident de la Commission de l&rsquo;UE, Ursula von der Leyen, a voyag\u00e9 de Bruxelles au Luxembourg pour une c\u00e9r\u00e9monie &#8211; bien que la route","og_url":"https:\/\/vieassociative.be\/actualites\/le-leadership-de-lue-autour-dursula-von-der-leyen-a-voyage-pour-une-ceremonie-avec-un-avion-de-bruxelles-a-luxembourg\/","og_site_name":"Vie Associative","article_published_time":"2025-05-13T20:17:36+00:00","og_image":[{"width":279,"height":92,"url":"https:\/\/vieassociative.be\/actualites\/wp-content\/uploads\/2024\/09\/header_backgroundk-01-e1726694325946.png","type":"image\/png"}],"author":"Julien","twitter_card":"summary_large_image","twitter_misc":{"\u00c9crit par":"Julien","Dur\u00e9e de lecture est.":"2 minutes"},"schema":{"@context":"https:\/\/schema.org","@graph":[{"@type":"Article","@id":"https:\/\/vieassociative.be\/actualites\/le-leadership-de-lue-autour-dursula-von-der-leyen-a-voyage-pour-une-ceremonie-avec-un-avion-de-bruxelles-a-luxembourg\/#article","isPartOf":{"@id":"https:\/\/vieassociative.be\/actualites\/le-leadership-de-lue-autour-dursula-von-der-leyen-a-voyage-pour-une-ceremonie-avec-un-avion-de-bruxelles-a-luxembourg\/"},"author":{"name":"Julien","@id":"https:\/\/vieassociative.be\/actualites\/#\/schema\/person\/b87ac4f82f9d4e7b7cec7395b679edc4"},"headline":"Le leadership de l&rsquo;UE autour d&rsquo;Ursula von der Leyen a voyag\u00e9 pour une c\u00e9r\u00e9monie avec un avion de Bruxelles \u00e0 Luxembourg","datePublished":"2025-05-13T20:17:36+00:00","dateModified":"2025-05-13T20:17:36+00:00","mainEntityOfPage":{"@id":"https:\/\/vieassociative.be\/actualites\/le-leadership-de-lue-autour-dursula-von-der-leyen-a-voyage-pour-une-ceremonie-avec-un-avion-de-bruxelles-a-luxembourg\/"},"wordCount":430,"publisher":{"@id":"https:\/\/vieassociative.be\/actualites\/#organization"},"image":{"@id":"https:\/\/vieassociative.be\/actualites\/le-leadership-de-lue-autour-dursula-von-der-leyen-a-voyage-pour-une-ceremonie-avec-un-avion-de-bruxelles-a-luxembourg\/#primaryimage"},"thumbnailUrl":"https:\/\/vieassociative.be\/actualites\/wp-content\/uploads\/2025\/05\/1747167457_Le-leadership-de-lUE-autour-dUrsula-von-der-Leyen-a.jpg","keywords":["Autour","avec","avion","Bruxelles","c\u00e9r\u00e9monie","der","dUrsula","leadership","Leyen","LUE","Luxembourg","pour","une","von","voyage"],"articleSection":["Belgique"],"inLanguage":"fr-BE"},{"@type":"WebPage","@id":"https:\/\/vieassociative.be\/actualites\/le-leadership-de-lue-autour-dursula-von-der-leyen-a-voyage-pour-une-ceremonie-avec-un-avion-de-bruxelles-a-luxembourg\/","url":"https:\/\/vieassociative.be\/actualites\/le-leadership-de-lue-autour-dursula-von-der-leyen-a-voyage-pour-une-ceremonie-avec-un-avion-de-bruxelles-a-luxembourg\/","name":"Le leadership de l'UE autour d'Ursula von der Leyen a voyag\u00e9 pour une c\u00e9r\u00e9monie avec un avion de Bruxelles \u00e0 Luxembourg | Vie Associative","isPartOf":{"@id":"https:\/\/vieassociative.be\/actualites\/#website"},"primaryImageOfPage":{"@id":"https:\/\/vieassociative.be\/actualites\/le-leadership-de-lue-autour-dursula-von-der-leyen-a-voyage-pour-une-ceremonie-avec-un-avion-de-bruxelles-a-luxembourg\/#primaryimage"},"image":{"@id":"https:\/\/vieassociative.be\/actualites\/le-leadership-de-lue-autour-dursula-von-der-leyen-a-voyage-pour-une-ceremonie-avec-un-avion-de-bruxelles-a-luxembourg\/#primaryimage"},"thumbnailUrl":"https:\/\/vieassociative.be\/actualites\/wp-content\/uploads\/2025\/05\/1747167457_Le-leadership-de-lUE-autour-dUrsula-von-der-Leyen-a.jpg","datePublished":"2025-05-13T20:17:36+00:00","dateModified":"2025-05-13T20:17:36+00:00","breadcrumb":{"@id":"https:\/\/vieassociative.be\/actualites\/le-leadership-de-lue-autour-dursula-von-der-leyen-a-voyage-pour-une-ceremonie-avec-un-avion-de-bruxelles-a-luxembourg\/#breadcrumb"},"inLanguage":"fr-BE","potentialAction":[{"@type":"ReadAction","target":["https:\/\/vieassociative.be\/actualites\/le-leadership-de-lue-autour-dursula-von-der-leyen-a-voyage-pour-une-ceremonie-avec-un-avion-de-bruxelles-a-luxembourg\/"]}]},{"@type":"ImageObject","inLanguage":"fr-BE","@id":"https:\/\/vieassociative.be\/actualites\/le-leadership-de-lue-autour-dursula-von-der-leyen-a-voyage-pour-une-ceremonie-avec-un-avion-de-bruxelles-a-luxembourg\/#primaryimage","url":"https:\/\/vieassociative.be\/actualites\/wp-content\/uploads\/2025\/05\/1747167457_Le-leadership-de-lUE-autour-dUrsula-von-der-Leyen-a.jpg","contentUrl":"https:\/\/vieassociative.be\/actualites\/wp-content\/uploads\/2025\/05\/1747167457_Le-leadership-de-lUE-autour-dUrsula-von-der-Leyen-a.jpg","width":1200,"height":799,"caption":"Le leadership de l'UE autour d'Ursula von der Leyen a voyag\u00e9 pour une c\u00e9r\u00e9monie avec un avion de Bruxelles \u00e0 Luxembourg"},{"@type":"BreadcrumbList","@id":"https:\/\/vieassociative.be\/actualites\/le-leadership-de-lue-autour-dursula-von-der-leyen-a-voyage-pour-une-ceremonie-avec-un-avion-de-bruxelles-a-luxembourg\/#breadcrumb","itemListElement":[{"@type":"ListItem","position":1,"name":"Accueil","item":"https:\/\/vieassociative.be\/actualites\/"},{"@type":"ListItem","position":2,"name":"Le leadership de l&rsquo;UE autour d&rsquo;Ursula von der Leyen a voyag\u00e9 pour une c\u00e9r\u00e9monie avec un avion de Bruxelles \u00e0 Luxembourg"}]},{"@type":"WebSite","@id":"https:\/\/vieassociative.be\/actualites\/#website","url":"https:\/\/vieassociative.be\/actualites\/","name":"Vie Associative","description":"","publisher":{"@id":"https:\/\/vieassociative.be\/actualites\/#organization"},"potentialAction":[{"@type":"SearchAction","target":{"@type":"EntryPoint","urlTemplate":"https:\/\/vieassociative.be\/actualites\/?s={search_term_string}"},"query-input":{"@type":"PropertyValueSpecification","valueRequired":true,"valueName":"search_term_string"}}],"inLanguage":"fr-BE"},{"@type":"Organization","@id":"https:\/\/vieassociative.be\/actualites\/#organization","name":"Vie Associative","url":"https:\/\/vieassociative.be\/actualites\/","logo":{"@type":"ImageObject","inLanguage":"fr-BE","@id":"https:\/\/vieassociative.be\/actualites\/#\/schema\/logo\/image\/","url":"https:\/\/vieassociative.be\/actualites\/wp-content\/uploads\/2024\/09\/cropped-vieassociative_favicon.ico.png","contentUrl":"https:\/\/vieassociative.be\/actualites\/wp-content\/uploads\/2024\/09\/cropped-vieassociative_favicon.ico.png","width":512,"height":512,"caption":"Vie Associative"},"image":{"@id":"https:\/\/vieassociative.be\/actualites\/#\/schema\/logo\/image\/"}},{"@type":"Person","@id":"https:\/\/vieassociative.be\/actualites\/#\/schema\/person\/b87ac4f82f9d4e7b7cec7395b679edc4","name":"Julien","image":{"@type":"ImageObject","inLanguage":"fr-BE","@id":"https:\/\/vieassociative.be\/actualites\/#\/schema\/person\/image\/","url":"https:\/\/vieassociative.be\/actualites\/wp-content\/uploads\/2024\/09\/vie-associative-1-150x150.jpg","contentUrl":"https:\/\/vieassociative.be\/actualites\/wp-content\/uploads\/2024\/09\/vie-associative-1-150x150.jpg","caption":"Julien"},"description":"Je suis Julien, r\u00e9dacteur pour Vie Associative. Passionn\u00e9 par le monde associatif depuis plus de 10 ans, j'ai \u00e0 c\u0153ur de partager des histoires inspirantes et de mettre en lumi\u00e8re les initiatives locales. Mon objectif est de sensibiliser et d'encourager l'engagement communautaire \u00e0 travers mes articles.","sameAs":["https:\/\/vieassociative.be\/"]}]}},"_links":{"self":[{"href":"https:\/\/vieassociative.be\/actualites\/wp-json\/wp\/v2\/posts\/7542"}],"collection":[{"href":"https:\/\/vieassociative.be\/actualites\/wp-json\/wp\/v2\/posts"}],"about":[{"href":"https:\/\/vieassociative.be\/actualites\/wp-json\/wp\/v2\/types\/post"}],"author":[{"embeddable":true,"href":"https:\/\/vieassociative.be\/actualites\/wp-json\/wp\/v2\/users\/1"}],"replies":[{"embeddable":true,"href":"https:\/\/vieassociative.be\/actualites\/wp-json\/wp\/v2\/comments?post=7542"}],"version-history":[{"count":0,"href":"https:\/\/vieassociative.be\/actualites\/wp-json\/wp\/v2\/posts\/7542\/revisions"}],"wp:featuredmedia":[{"embeddable":true,"href":"https:\/\/vieassociative.be\/actualites\/wp-json\/wp\/v2\/media\/7543"}],"wp:attachment":[{"href":"https:\/\/vieassociative.be\/actualites\/wp-json\/wp\/v2\/media?parent=7542"}],"wp:term":[{"taxonomy":"category","embeddable":true,"href":"https:\/\/vieassociative.be\/actualites\/wp-json\/wp\/v2\/categories?post=7542"},{"taxonomy":"post_tag","embeddable":true,"href":"https:\/\/vieassociative.be\/actualites\/wp-json\/wp\/v2\/tags?post=7542"}],"curies":[{"name":"wp","href":"https:\/\/api.w.org\/{rel}","templated":true}]}}