{"id":7540,"date":"2025-05-13T21:18:12","date_gmt":"2025-05-13T19:18:12","guid":{"rendered":"https:\/\/vieassociative.be\/actualites\/le-haut-parleur-exterieur-jbl-xtreme-4-est-de-130\/"},"modified":"2025-05-13T21:18:12","modified_gmt":"2025-05-13T19:18:12","slug":"le-haut-parleur-exterieur-jbl-xtreme-4-est-de-130","status":"publish","type":"post","link":"https:\/\/vieassociative.be\/actualites\/le-haut-parleur-exterieur-jbl-xtreme-4-est-de-130\/","title":{"rendered":"Le haut-parleur ext\u00e9rieur JBL Xtreme 4 est de 130 $"},"content":{"rendered":"<div class=\"mt-4 leading-6 md:mb-8\">Le haut-parleur puissant, portable et imperm\u00e9able vient de chuter \u00e0 un prix record.<\/div>\n<p><\/p>\n<p>Le JBL Xtreme 4 est massif, juste \u00e0 la limite de ce que je consid\u00e9rerais comme un haut-parleur portable, avec un son puissant qui peut g\u00e9rer une grande f\u00eate de barbecue d&rsquo;arri\u00e8re-cour. En ce moment, c&rsquo;est 130 $ de r\u00e9duction, ramenant son prix \u00e0 <strong>249,95 $<\/strong> (\u00e0 l&rsquo;origine 379,95 $). C&rsquo;est un prix record pour cet haut-parleur particulier, selon les outils de suivi des prix.<\/p>\n<div class=\"pogoClear mb-12 mt-10 rounded-md border-2 border-gray-100 py-7 shadow-xl md:py-6\">\n<div class=\"flex flex-wrap justify-between px-7 text-black no-underline md:flex-nowrap md:px-8\">\n<div class=\"order-1 mx-auto flex flex-col justify-center md:order-2 md:ml-4 md:w-full md:grow\">\n<div class=\"block cursor-pointer text-center font-akshar text-2xl font-medium leading-7 text-brand-green duration-200 ease-in-out hover:text-brand-green-700 md:text-left md:text-xl md:leading-6\">Jbl xtreme 4\n                <\/div>\n<div class=\"mt-4 hidden md:flex md:justify-between\">\n<div class=\"self-end\">\n<div class=\"mb-0 h-11 md:flex md:flex-col md:justify-center\">\n<div class=\" font-sans leading-4 text-black\">\n<div class=\"flex flex-wrap items-center justify-center gap-x-1 md:justify-start\">\n        <span class=\"font-bold\"><\/p>\n<p>            249,95 $<br \/>\n                            <span class=\"font-medium\">\u00e0 Amazon<\/span><br \/>\n                    <\/span>\n            <\/div>\n<div class=\"flex items-center justify-center gap-x-1 font-bold md:justify-start\">\n            <span class=\"text-sm line-through\">379,95 $<\/span><br \/>\n            <span class=\"text-sm text-brand-green\">\u00c9conomisez 130,00 $<\/span>\n        <\/div>\n<\/p><\/div>\n<\/p><\/div>\n<\/p><\/div>\n<div class=\"w-44 self-end\">\n                            <button class=\"flex justify-center items-center w-full bg-brand-green text-white text-base font-sans font-medium rounded-md hover:bg-brand-green-700 hover:cursor-pointer md:text-sm h-11\"><\/p>\n<p>    Conclure un accord<br \/>\n<\/button>\n                        <\/div>\n<\/p><\/div>\n<\/p><\/div>\n<div class=\"order-2 mt-5 h-auto w-full md:order-1 md:mt-0 md:hidden\">\n<div class=\"flex aspect-video items-center justify-center\">\n                                            <img decoding=\"async\" class=\"m-0 max-h-full max-w-full rounded-md\" src=\"https:\/\/vieassociative.be\/actualites\/wp-content\/uploads\/2025\/05\/Le-haut-parleur-exterieur-JBL-Xtreme-4-est-de-130.jpg\" alt=\"JBL - haut-parleur Bluetooth portable Xtreme 4 - noir\" width=\"auto\" height=\"auto\" loading=\"lazy\">\n                                    <\/div>\n<\/p><\/div>\n<div class=\"order-2 ml-2 hidden w-32 shrink-0 items-center md:order-1 md:ml-0 md:flex\">\n<div class=\"flex aspect-video items-center justify-center\">\n                                            <img decoding=\"async\" class=\"m-0 max-h-full max-w-full rounded-md\" src=\"https:\/\/vieassociative.be\/actualites\/wp-content\/uploads\/2025\/05\/Le-haut-parleur-exterieur-JBL-Xtreme-4-est-de-130.jpg\" alt=\"JBL - haut-parleur Bluetooth portable Xtreme 4 - noir\" width=\"auto\" height=\"auto\" loading=\"lazy\">\n                                    <\/div>\n<\/p><\/div>\n<div class=\"order-3 flex grow flex-wrap md:hidden md:grow-0\">\n<div class=\"mt-4 w-full\">\n                        <button class=\"flex justify-center items-center w-full bg-brand-green text-white text-base font-sans font-medium rounded-md hover:bg-brand-green-700 hover:cursor-pointer md:text-sm h-11\"><\/p>\n<p>    Conclure un accord<br \/>\n<\/button>\n                    <\/div>\n<div class=\"mx-2 mt-4 w-full\">\n<div class=\" font-sans leading-4 text-black\">\n<div class=\"flex flex-wrap items-center justify-center gap-x-1 md:justify-start\">\n        <span class=\"font-bold\"><\/p>\n<p>            249,95 $<br \/>\n                            <span class=\"font-medium\">\u00e0 Amazon<\/span><br \/>\n                    <\/span>\n            <\/div>\n<div class=\"flex items-center justify-center gap-x-1 font-bold md:justify-start\">\n            <span class=\"text-sm line-through\">379,95 $<\/span><br \/>\n            <span class=\"text-sm text-brand-green\">\u00c9conomisez 130,00 $<\/span>\n        <\/div>\n<\/p><\/div>\n<\/p><\/div>\n<\/p><\/div>\n<\/p><\/div>\n<\/div>\n<p>J&rsquo;utilise le haut-parleur en plein air du JBL Xtreme 4 depuis des mois, l&#8217;emmener avec moi pour passer du temps dans mon arri\u00e8re-cour, dans mon bureau et pour accueillir des matchs de football avec Street FC. Depuis que j&rsquo;ai d&rsquo;autres haut-parleurs JBL, je peux profiter pleinement de la fonction AuroCast, qui me permet de le connecter \u00e0 d&rsquo;autres haut-parleurs JBL pour un son plus complet. J&rsquo;ai \u00e9galement trouv\u00e9 la personnalisation et les pr\u00e9r\u00e9glages EQ compl\u00e8tes utiles.<\/p>\n<p>L&rsquo;orateur est puissant, ce qui a du sens pour un haut-parleur de cette taille. Ce qui ressort le plus, c&rsquo;est sa basse puissante, qui est typique des haut-parleurs JBL. Comme il est class\u00e9 IP67, il peut \u00eatre submerg\u00e9 sous l&rsquo;eau et r\u00e9siste \u00e0 la poussi\u00e8re, ce qui le rend parfait pour la plage. Il est \u00e9galement livr\u00e9 avec une sangle de transport d\u00e9tachable qui facilite le transport. <\/p>\n<div class=\"pogoClear relative my-10 border-b-(1.5px) border-t-(1.5px) border-dashed border-black py-5 sm:my-14 sm:border-0 sm:py-0\" data-ga-click data-ga-template=\"Deals\" data-ga-module=\"openweb_widget\" data-ga-element=\"openweb_scroll\" data-ga-item=\"openweb_scroll_midpage\" x-cloak x-data=\"{ commentsCount: null, hasComments: false }\" x-init=\"commentsCount = await window.openweb.getMessagesCount(01JV5DGY2NBXASXT124DVD9ZHB);\n     hasComments = commentsCount !== null &amp;&amp; commentsCount &gt; 0\"><\/p>\n<div class=\"absolute top-1\/2 hidden w-full -translate-y-1\/2 border-t-(1.5px) border-dashed border-black sm:block\"><\/div>\n<div class=\"relative flex justify-center\">\n<div class=\"flex max-w-max items-center gap-x-3 bg-white px-5\">\n<div class=\"relative\">\n                <span class=\"absolute left-1\/2 top-1\/2 -translate-x-1\/2 -translate-y-1\/2 font-akshar text-sm font-medium text-black\" x-show=\"hasComments\" x-text=\"commentsCount\"><\/span><\/p>\n<p>                <svg class=\"h-8 w-8 text-black\">\n                    <use href=\"http:\/\/lifehacker.com\/images\/icons\/spritemap.svg#sprite-chat-bubble\"><\/use>\n                <\/svg>\n            <\/div>\n<p>            <span class=\"text-sm font-medium text-black\"><\/p>\n<p>                Que pensez-vous jusqu&rsquo;\u00e0 pr\u00e9sent?<br \/>\n                <button class=\"font-semibold text-brand-green underline hover:text-brand-green-700\" onclick=\"window.openweb.scrollToComments('01JV5DGY2NBXASXT124DVD9ZHB')\" x-text=\"hasComments ? 'Post a comment.' : 'Be the first to post a comment.'\"><\/button><br \/>\n            <\/span>\n        <\/div>\n<\/p><\/div>\n<\/div>\n<p>La batterie peut aller jusqu&rsquo;\u00e0 environ 27 heures, selon votre utilisation, mais j&rsquo;ai r\u00e9ussi \u00e0 l&rsquo;\u00e9tirer devant ce point en \u00e9tant conservateur avec le volume. En parlant de volume, c&rsquo;est un orateur directionnel, ce qui signifie qu&rsquo;il projetera partout o\u00f9 il est confront\u00e9. Dans mon arri\u00e8re-cour, j&rsquo;essaie de le placer aussi loin que possible et de gonfler le volume, ce qui a bien fonctionn\u00e9 pour mes rassemblements d&rsquo;environ 12 personnes. <\/p>\n","protected":false},"excerpt":{"rendered":"<p>Le haut-parleur puissant, portable et imperm\u00e9able vient de chuter \u00e0 un prix record. Le JBL Xtreme 4 est massif, juste \u00e0 la limite de ce<\/p>\n","protected":false},"author":1,"featured_media":7541,"comment_status":"","ping_status":"","sticky":false,"template":"","format":"standard","meta":{"footnotes":""},"categories":[13],"tags":[76,6984,3545,6985,6986],"class_list":["post-7540","post","type-post","status-publish","format-standard","has-post-thumbnail","hentry","category-technologie","tag-est","tag-exterieur","tag-hautparleur","tag-jbl","tag-xtreme","generate-columns","tablet-grid-50","mobile-grid-100","grid-parent","grid-33"],"yoast_head":"<!-- This site is optimized with the Yoast SEO plugin v24.0 - https:\/\/yoast.com\/wordpress\/plugins\/seo\/ -->\n<title>Le haut-parleur ext\u00e9rieur JBL Xtreme 4 est de 130 $ | Vie Associative<\/title>\n<meta name=\"robots\" content=\"index, follow, max-snippet:-1, max-image-preview:large, max-video-preview:-1\" \/>\n<link rel=\"canonical\" href=\"https:\/\/vieassociative.be\/actualites\/le-haut-parleur-exterieur-jbl-xtreme-4-est-de-130\/\" \/>\n<meta property=\"og:locale\" content=\"fr_FR\" \/>\n<meta property=\"og:type\" content=\"article\" \/>\n<meta property=\"og:title\" content=\"Le haut-parleur ext\u00e9rieur JBL Xtreme 4 est de 130 $ | Vie Associative\" \/>\n<meta property=\"og:description\" content=\"Le haut-parleur puissant, portable et imperm\u00e9able vient de chuter \u00e0 un prix record. Le JBL Xtreme 4 est massif, juste \u00e0 la limite de ce\" \/>\n<meta property=\"og:url\" content=\"https:\/\/vieassociative.be\/actualites\/le-haut-parleur-exterieur-jbl-xtreme-4-est-de-130\/\" \/>\n<meta property=\"og:site_name\" content=\"Vie Associative\" \/>\n<meta property=\"article:published_time\" content=\"2025-05-13T19:18:12+00:00\" \/>\n<meta property=\"og:image\" content=\"https:\/\/vieassociative.be\/actualites\/wp-content\/uploads\/2025\/05\/Le-haut-parleur-exterieur-JBL-Xtreme-4-est-de-130.jpg\" \/>\n<meta name=\"author\" content=\"Julien\" \/>\n<meta name=\"twitter:card\" content=\"summary_large_image\" \/>\n<meta name=\"twitter:label1\" content=\"\u00c9crit par\" \/>\n\t<meta name=\"twitter:data1\" content=\"Julien\" \/>\n\t<meta name=\"twitter:label2\" content=\"Dur\u00e9e de lecture est.\" \/>\n\t<meta name=\"twitter:data2\" content=\"2 minutes\" \/>\n<script type=\"application\/ld+json\" class=\"yoast-schema-graph\">{\"@context\":\"https:\/\/schema.org\",\"@graph\":[{\"@type\":\"Article\",\"@id\":\"https:\/\/vieassociative.be\/actualites\/le-haut-parleur-exterieur-jbl-xtreme-4-est-de-130\/#article\",\"isPartOf\":{\"@id\":\"https:\/\/vieassociative.be\/actualites\/le-haut-parleur-exterieur-jbl-xtreme-4-est-de-130\/\"},\"author\":{\"name\":\"Julien\",\"@id\":\"https:\/\/vieassociative.be\/actualites\/#\/schema\/person\/b87ac4f82f9d4e7b7cec7395b679edc4\"},\"headline\":\"Le haut-parleur ext\u00e9rieur JBL Xtreme 4 est de 130 $\",\"datePublished\":\"2025-05-13T19:18:12+00:00\",\"dateModified\":\"2025-05-13T19:18:12+00:00\",\"mainEntityOfPage\":{\"@id\":\"https:\/\/vieassociative.be\/actualites\/le-haut-parleur-exterieur-jbl-xtreme-4-est-de-130\/\"},\"wordCount\":333,\"publisher\":{\"@id\":\"https:\/\/vieassociative.be\/actualites\/#organization\"},\"image\":{\"@id\":\"https:\/\/vieassociative.be\/actualites\/le-haut-parleur-exterieur-jbl-xtreme-4-est-de-130\/#primaryimage\"},\"thumbnailUrl\":\"https:\/\/vieassociative.be\/actualites\/wp-content\/uploads\/2025\/05\/1747163892_Le-haut-parleur-exterieur-JBL-Xtreme-4-est-de-130.jpg\",\"keywords\":[\"est\",\"ext\u00e9rieur\",\"hautparleur\",\"JBL\",\"Xtreme\"],\"articleSection\":[\"Technologie\"],\"inLanguage\":\"fr-BE\"},{\"@type\":\"WebPage\",\"@id\":\"https:\/\/vieassociative.be\/actualites\/le-haut-parleur-exterieur-jbl-xtreme-4-est-de-130\/\",\"url\":\"https:\/\/vieassociative.be\/actualites\/le-haut-parleur-exterieur-jbl-xtreme-4-est-de-130\/\",\"name\":\"Le haut-parleur ext\u00e9rieur JBL Xtreme 4 est de 130 $ | Vie Associative\",\"isPartOf\":{\"@id\":\"https:\/\/vieassociative.be\/actualites\/#website\"},\"primaryImageOfPage\":{\"@id\":\"https:\/\/vieassociative.be\/actualites\/le-haut-parleur-exterieur-jbl-xtreme-4-est-de-130\/#primaryimage\"},\"image\":{\"@id\":\"https:\/\/vieassociative.be\/actualites\/le-haut-parleur-exterieur-jbl-xtreme-4-est-de-130\/#primaryimage\"},\"thumbnailUrl\":\"https:\/\/vieassociative.be\/actualites\/wp-content\/uploads\/2025\/05\/1747163892_Le-haut-parleur-exterieur-JBL-Xtreme-4-est-de-130.jpg\",\"datePublished\":\"2025-05-13T19:18:12+00:00\",\"dateModified\":\"2025-05-13T19:18:12+00:00\",\"breadcrumb\":{\"@id\":\"https:\/\/vieassociative.be\/actualites\/le-haut-parleur-exterieur-jbl-xtreme-4-est-de-130\/#breadcrumb\"},\"inLanguage\":\"fr-BE\",\"potentialAction\":[{\"@type\":\"ReadAction\",\"target\":[\"https:\/\/vieassociative.be\/actualites\/le-haut-parleur-exterieur-jbl-xtreme-4-est-de-130\/\"]}]},{\"@type\":\"ImageObject\",\"inLanguage\":\"fr-BE\",\"@id\":\"https:\/\/vieassociative.be\/actualites\/le-haut-parleur-exterieur-jbl-xtreme-4-est-de-130\/#primaryimage\",\"url\":\"https:\/\/vieassociative.be\/actualites\/wp-content\/uploads\/2025\/05\/1747163892_Le-haut-parleur-exterieur-JBL-Xtreme-4-est-de-130.jpg\",\"contentUrl\":\"https:\/\/vieassociative.be\/actualites\/wp-content\/uploads\/2025\/05\/1747163892_Le-haut-parleur-exterieur-JBL-Xtreme-4-est-de-130.jpg\",\"width\":1200,\"height\":675,\"caption\":\"Le haut-parleur ext\u00e9rieur JBL Xtreme 4 est de 130 $\"},{\"@type\":\"BreadcrumbList\",\"@id\":\"https:\/\/vieassociative.be\/actualites\/le-haut-parleur-exterieur-jbl-xtreme-4-est-de-130\/#breadcrumb\",\"itemListElement\":[{\"@type\":\"ListItem\",\"position\":1,\"name\":\"Accueil\",\"item\":\"https:\/\/vieassociative.be\/actualites\/\"},{\"@type\":\"ListItem\",\"position\":2,\"name\":\"Le haut-parleur ext\u00e9rieur JBL Xtreme 4 est de 130 $\"}]},{\"@type\":\"WebSite\",\"@id\":\"https:\/\/vieassociative.be\/actualites\/#website\",\"url\":\"https:\/\/vieassociative.be\/actualites\/\",\"name\":\"Vie Associative\",\"description\":\"\",\"publisher\":{\"@id\":\"https:\/\/vieassociative.be\/actualites\/#organization\"},\"potentialAction\":[{\"@type\":\"SearchAction\",\"target\":{\"@type\":\"EntryPoint\",\"urlTemplate\":\"https:\/\/vieassociative.be\/actualites\/?s={search_term_string}\"},\"query-input\":{\"@type\":\"PropertyValueSpecification\",\"valueRequired\":true,\"valueName\":\"search_term_string\"}}],\"inLanguage\":\"fr-BE\"},{\"@type\":\"Organization\",\"@id\":\"https:\/\/vieassociative.be\/actualites\/#organization\",\"name\":\"Vie Associative\",\"url\":\"https:\/\/vieassociative.be\/actualites\/\",\"logo\":{\"@type\":\"ImageObject\",\"inLanguage\":\"fr-BE\",\"@id\":\"https:\/\/vieassociative.be\/actualites\/#\/schema\/logo\/image\/\",\"url\":\"https:\/\/vieassociative.be\/actualites\/wp-content\/uploads\/2024\/09\/cropped-vieassociative_favicon.ico.png\",\"contentUrl\":\"https:\/\/vieassociative.be\/actualites\/wp-content\/uploads\/2024\/09\/cropped-vieassociative_favicon.ico.png\",\"width\":512,\"height\":512,\"caption\":\"Vie Associative\"},\"image\":{\"@id\":\"https:\/\/vieassociative.be\/actualites\/#\/schema\/logo\/image\/\"}},{\"@type\":\"Person\",\"@id\":\"https:\/\/vieassociative.be\/actualites\/#\/schema\/person\/b87ac4f82f9d4e7b7cec7395b679edc4\",\"name\":\"Julien\",\"image\":{\"@type\":\"ImageObject\",\"inLanguage\":\"fr-BE\",\"@id\":\"https:\/\/vieassociative.be\/actualites\/#\/schema\/person\/image\/\",\"url\":\"https:\/\/vieassociative.be\/actualites\/wp-content\/uploads\/2024\/09\/vie-associative-1-150x150.jpg\",\"contentUrl\":\"https:\/\/vieassociative.be\/actualites\/wp-content\/uploads\/2024\/09\/vie-associative-1-150x150.jpg\",\"caption\":\"Julien\"},\"description\":\"Je suis Julien, r\u00e9dacteur pour Vie Associative. Passionn\u00e9 par le monde associatif depuis plus de 10 ans, j'ai \u00e0 c\u0153ur de partager des histoires inspirantes et de mettre en lumi\u00e8re les initiatives locales. Mon objectif est de sensibiliser et d'encourager l'engagement communautaire \u00e0 travers mes articles.\",\"sameAs\":[\"https:\/\/vieassociative.be\/\"]}]}<\/script>\n<!-- \/ Yoast SEO plugin. -->","yoast_head_json":{"title":"Le haut-parleur ext\u00e9rieur JBL Xtreme 4 est de 130 $ | Vie Associative","robots":{"index":"index","follow":"follow","max-snippet":"max-snippet:-1","max-image-preview":"max-image-preview:large","max-video-preview":"max-video-preview:-1"},"canonical":"https:\/\/vieassociative.be\/actualites\/le-haut-parleur-exterieur-jbl-xtreme-4-est-de-130\/","og_locale":"fr_FR","og_type":"article","og_title":"Le haut-parleur ext\u00e9rieur JBL Xtreme 4 est de 130 $ | Vie Associative","og_description":"Le haut-parleur puissant, portable et imperm\u00e9able vient de chuter \u00e0 un prix record. Le JBL Xtreme 4 est massif, juste \u00e0 la limite de ce","og_url":"https:\/\/vieassociative.be\/actualites\/le-haut-parleur-exterieur-jbl-xtreme-4-est-de-130\/","og_site_name":"Vie Associative","article_published_time":"2025-05-13T19:18:12+00:00","og_image":[{"url":"https:\/\/vieassociative.be\/actualites\/wp-content\/uploads\/2025\/05\/Le-haut-parleur-exterieur-JBL-Xtreme-4-est-de-130.jpg","type":"","width":"","height":""}],"author":"Julien","twitter_card":"summary_large_image","twitter_misc":{"\u00c9crit par":"Julien","Dur\u00e9e de lecture est.":"2 minutes"},"schema":{"@context":"https:\/\/schema.org","@graph":[{"@type":"Article","@id":"https:\/\/vieassociative.be\/actualites\/le-haut-parleur-exterieur-jbl-xtreme-4-est-de-130\/#article","isPartOf":{"@id":"https:\/\/vieassociative.be\/actualites\/le-haut-parleur-exterieur-jbl-xtreme-4-est-de-130\/"},"author":{"name":"Julien","@id":"https:\/\/vieassociative.be\/actualites\/#\/schema\/person\/b87ac4f82f9d4e7b7cec7395b679edc4"},"headline":"Le haut-parleur ext\u00e9rieur JBL Xtreme 4 est de 130 $","datePublished":"2025-05-13T19:18:12+00:00","dateModified":"2025-05-13T19:18:12+00:00","mainEntityOfPage":{"@id":"https:\/\/vieassociative.be\/actualites\/le-haut-parleur-exterieur-jbl-xtreme-4-est-de-130\/"},"wordCount":333,"publisher":{"@id":"https:\/\/vieassociative.be\/actualites\/#organization"},"image":{"@id":"https:\/\/vieassociative.be\/actualites\/le-haut-parleur-exterieur-jbl-xtreme-4-est-de-130\/#primaryimage"},"thumbnailUrl":"https:\/\/vieassociative.be\/actualites\/wp-content\/uploads\/2025\/05\/1747163892_Le-haut-parleur-exterieur-JBL-Xtreme-4-est-de-130.jpg","keywords":["est","ext\u00e9rieur","hautparleur","JBL","Xtreme"],"articleSection":["Technologie"],"inLanguage":"fr-BE"},{"@type":"WebPage","@id":"https:\/\/vieassociative.be\/actualites\/le-haut-parleur-exterieur-jbl-xtreme-4-est-de-130\/","url":"https:\/\/vieassociative.be\/actualites\/le-haut-parleur-exterieur-jbl-xtreme-4-est-de-130\/","name":"Le haut-parleur ext\u00e9rieur JBL Xtreme 4 est de 130 $ | Vie Associative","isPartOf":{"@id":"https:\/\/vieassociative.be\/actualites\/#website"},"primaryImageOfPage":{"@id":"https:\/\/vieassociative.be\/actualites\/le-haut-parleur-exterieur-jbl-xtreme-4-est-de-130\/#primaryimage"},"image":{"@id":"https:\/\/vieassociative.be\/actualites\/le-haut-parleur-exterieur-jbl-xtreme-4-est-de-130\/#primaryimage"},"thumbnailUrl":"https:\/\/vieassociative.be\/actualites\/wp-content\/uploads\/2025\/05\/1747163892_Le-haut-parleur-exterieur-JBL-Xtreme-4-est-de-130.jpg","datePublished":"2025-05-13T19:18:12+00:00","dateModified":"2025-05-13T19:18:12+00:00","breadcrumb":{"@id":"https:\/\/vieassociative.be\/actualites\/le-haut-parleur-exterieur-jbl-xtreme-4-est-de-130\/#breadcrumb"},"inLanguage":"fr-BE","potentialAction":[{"@type":"ReadAction","target":["https:\/\/vieassociative.be\/actualites\/le-haut-parleur-exterieur-jbl-xtreme-4-est-de-130\/"]}]},{"@type":"ImageObject","inLanguage":"fr-BE","@id":"https:\/\/vieassociative.be\/actualites\/le-haut-parleur-exterieur-jbl-xtreme-4-est-de-130\/#primaryimage","url":"https:\/\/vieassociative.be\/actualites\/wp-content\/uploads\/2025\/05\/1747163892_Le-haut-parleur-exterieur-JBL-Xtreme-4-est-de-130.jpg","contentUrl":"https:\/\/vieassociative.be\/actualites\/wp-content\/uploads\/2025\/05\/1747163892_Le-haut-parleur-exterieur-JBL-Xtreme-4-est-de-130.jpg","width":1200,"height":675,"caption":"Le haut-parleur ext\u00e9rieur JBL Xtreme 4 est de 130 $"},{"@type":"BreadcrumbList","@id":"https:\/\/vieassociative.be\/actualites\/le-haut-parleur-exterieur-jbl-xtreme-4-est-de-130\/#breadcrumb","itemListElement":[{"@type":"ListItem","position":1,"name":"Accueil","item":"https:\/\/vieassociative.be\/actualites\/"},{"@type":"ListItem","position":2,"name":"Le haut-parleur ext\u00e9rieur JBL Xtreme 4 est de 130 $"}]},{"@type":"WebSite","@id":"https:\/\/vieassociative.be\/actualites\/#website","url":"https:\/\/vieassociative.be\/actualites\/","name":"Vie Associative","description":"","publisher":{"@id":"https:\/\/vieassociative.be\/actualites\/#organization"},"potentialAction":[{"@type":"SearchAction","target":{"@type":"EntryPoint","urlTemplate":"https:\/\/vieassociative.be\/actualites\/?s={search_term_string}"},"query-input":{"@type":"PropertyValueSpecification","valueRequired":true,"valueName":"search_term_string"}}],"inLanguage":"fr-BE"},{"@type":"Organization","@id":"https:\/\/vieassociative.be\/actualites\/#organization","name":"Vie Associative","url":"https:\/\/vieassociative.be\/actualites\/","logo":{"@type":"ImageObject","inLanguage":"fr-BE","@id":"https:\/\/vieassociative.be\/actualites\/#\/schema\/logo\/image\/","url":"https:\/\/vieassociative.be\/actualites\/wp-content\/uploads\/2024\/09\/cropped-vieassociative_favicon.ico.png","contentUrl":"https:\/\/vieassociative.be\/actualites\/wp-content\/uploads\/2024\/09\/cropped-vieassociative_favicon.ico.png","width":512,"height":512,"caption":"Vie Associative"},"image":{"@id":"https:\/\/vieassociative.be\/actualites\/#\/schema\/logo\/image\/"}},{"@type":"Person","@id":"https:\/\/vieassociative.be\/actualites\/#\/schema\/person\/b87ac4f82f9d4e7b7cec7395b679edc4","name":"Julien","image":{"@type":"ImageObject","inLanguage":"fr-BE","@id":"https:\/\/vieassociative.be\/actualites\/#\/schema\/person\/image\/","url":"https:\/\/vieassociative.be\/actualites\/wp-content\/uploads\/2024\/09\/vie-associative-1-150x150.jpg","contentUrl":"https:\/\/vieassociative.be\/actualites\/wp-content\/uploads\/2024\/09\/vie-associative-1-150x150.jpg","caption":"Julien"},"description":"Je suis Julien, r\u00e9dacteur pour Vie Associative. Passionn\u00e9 par le monde associatif depuis plus de 10 ans, j'ai \u00e0 c\u0153ur de partager des histoires inspirantes et de mettre en lumi\u00e8re les initiatives locales. Mon objectif est de sensibiliser et d'encourager l'engagement communautaire \u00e0 travers mes articles.","sameAs":["https:\/\/vieassociative.be\/"]}]}},"_links":{"self":[{"href":"https:\/\/vieassociative.be\/actualites\/wp-json\/wp\/v2\/posts\/7540"}],"collection":[{"href":"https:\/\/vieassociative.be\/actualites\/wp-json\/wp\/v2\/posts"}],"about":[{"href":"https:\/\/vieassociative.be\/actualites\/wp-json\/wp\/v2\/types\/post"}],"author":[{"embeddable":true,"href":"https:\/\/vieassociative.be\/actualites\/wp-json\/wp\/v2\/users\/1"}],"replies":[{"embeddable":true,"href":"https:\/\/vieassociative.be\/actualites\/wp-json\/wp\/v2\/comments?post=7540"}],"version-history":[{"count":0,"href":"https:\/\/vieassociative.be\/actualites\/wp-json\/wp\/v2\/posts\/7540\/revisions"}],"wp:featuredmedia":[{"embeddable":true,"href":"https:\/\/vieassociative.be\/actualites\/wp-json\/wp\/v2\/media\/7541"}],"wp:attachment":[{"href":"https:\/\/vieassociative.be\/actualites\/wp-json\/wp\/v2\/media?parent=7540"}],"wp:term":[{"taxonomy":"category","embeddable":true,"href":"https:\/\/vieassociative.be\/actualites\/wp-json\/wp\/v2\/categories?post=7540"},{"taxonomy":"post_tag","embeddable":true,"href":"https:\/\/vieassociative.be\/actualites\/wp-json\/wp\/v2\/tags?post=7540"}],"curies":[{"name":"wp","href":"https:\/\/api.w.org\/{rel}","templated":true}]}}