{"id":7532,"date":"2025-05-13T17:17:41","date_gmt":"2025-05-13T15:17:41","guid":{"rendered":"https:\/\/vieassociative.be\/actualites\/ryanair-plane-alarme-de-bombe-a-laeroport-en-belgique\/"},"modified":"2025-05-13T17:17:42","modified_gmt":"2025-05-13T15:17:42","slug":"ryanair-plane-alarme-de-bombe-a-laeroport-en-belgique","status":"publish","type":"post","link":"https:\/\/vieassociative.be\/actualites\/ryanair-plane-alarme-de-bombe-a-laeroport-en-belgique\/","title":{"rendered":"Ryanair Plane: Alarme de bombe \u00e0 l&rsquo;a\u00e9roport en Belgique"},"content":{"rendered":"<p><\/p>\n<p class=\"font-sans font-medium\">  Selon des informations, un pilote de Ryanair a re\u00e7u une menace \u00e0 la bombe. Le trafic a\u00e9rien \u00e0 Bruxelles-Charleroi est actuellement interrompu.<\/p>\n<aside class=\"h-ad-280+text lg:h-0 mb-12 md:mb-16\" data-slot-id=\"pos1_sm\" data-breakpoint=\"sm\" data-hide-ad-text=\"false\" data-module-id=\"SparkAdSlotModule\"><\/aside>\n<p>En raison d&rsquo;une alarme de bombe, les op\u00e9rations de vol sont sur <strong>A\u00e9roport de Charleroi<\/strong> a \u00e9t\u00e9 temporairement interrompu en Belgique. Il en a un \u00e0 bord d&rsquo;une machine <strong>Menace de bombe <\/strong>\u00c9tant donn\u00e9 une porte-parole de l&rsquo;a\u00e9roport mardi. <\/p>\n<p>L&rsquo;alarme de la bombe a donc \u00e9t\u00e9 d\u00e9clench\u00e9e \u00e0 bord d&rsquo;un avion qui venait d&rsquo;atterrir \u00e0 l&rsquo;a\u00e9roport au sud de la capitale belge Bruxelles. Selon les m\u00e9dias, c&rsquo;\u00e9tait celui de la ville portugaise <strong>affranchissement <\/strong>Machine \u00e0 venir de la compagnie a\u00e9rienne <strong>Ryanair<\/strong>.<\/p>\n<p>La compagnie a\u00e9rienne elle-m\u00eame a donn\u00e9 plus tard le tout-cercle: \u00abLes passagers sont sortis et que <strong>Avion <\/strong>Est pr\u00e9par\u00e9 pour la reprise des op\u00e9rations de vol. Nous nous excusons sinc\u00e8rement aupr\u00e8s de tous les passagers touch\u00e9s. \u00ab\u00a0<\/p>\n<div id=\"piano-banner-kampagne\" data-module-id=\"PianoElementModule, PianoRecoWidgetModule\" class=\"mb-4 block\"><\/div>\n<div id=\"piano-reco-widget\" data-module-id=\"PianoElementModule, PianoRecoWidgetModule\" class=\"mb-4 block\"><\/div>\n<p>(AFP \/ LES)<\/p>\n","protected":false},"excerpt":{"rendered":"<p>Selon des informations, un pilote de Ryanair a re\u00e7u une menace \u00e0 la bombe. Le trafic a\u00e9rien \u00e0 Bruxelles-Charleroi est actuellement interrompu. En raison d&rsquo;une<\/p>\n","protected":false},"author":1,"featured_media":7533,"comment_status":"closed","ping_status":"","sticky":false,"template":"","format":"standard","meta":{"footnotes":""},"categories":[298],"tags":[6980,383,6981,391,6979,6978],"class_list":["post-7532","post","type-post","status-publish","format-standard","has-post-thumbnail","hentry","category-belgique","tag-alarme","tag-belgique","tag-bombe","tag-laeroport","tag-plane","tag-ryanair","generate-columns","tablet-grid-50","mobile-grid-100","grid-parent","grid-33"],"yoast_head":"<!-- This site is optimized with the Yoast SEO plugin v24.0 - https:\/\/yoast.com\/wordpress\/plugins\/seo\/ -->\n<title>Ryanair Plane: Alarme de bombe \u00e0 l&#039;a\u00e9roport en Belgique | Vie Associative<\/title>\n<meta name=\"robots\" content=\"index, follow, max-snippet:-1, max-image-preview:large, max-video-preview:-1\" \/>\n<link rel=\"canonical\" href=\"https:\/\/vieassociative.be\/actualites\/ryanair-plane-alarme-de-bombe-a-laeroport-en-belgique\/\" \/>\n<meta property=\"og:locale\" content=\"fr_FR\" \/>\n<meta property=\"og:type\" content=\"article\" \/>\n<meta property=\"og:title\" content=\"Ryanair Plane: Alarme de bombe \u00e0 l&#039;a\u00e9roport en Belgique | Vie Associative\" \/>\n<meta property=\"og:description\" content=\"Selon des informations, un pilote de Ryanair a re\u00e7u une menace \u00e0 la bombe. Le trafic a\u00e9rien \u00e0 Bruxelles-Charleroi est actuellement interrompu. En raison d&rsquo;une\" \/>\n<meta property=\"og:url\" content=\"https:\/\/vieassociative.be\/actualites\/ryanair-plane-alarme-de-bombe-a-laeroport-en-belgique\/\" \/>\n<meta property=\"og:site_name\" content=\"Vie Associative\" \/>\n<meta property=\"article:published_time\" content=\"2025-05-13T15:17:41+00:00\" \/>\n<meta property=\"article:modified_time\" content=\"2025-05-13T15:17:42+00:00\" \/>\n<meta property=\"og:image\" content=\"https:\/\/vieassociative.be\/actualites\/wp-content\/uploads\/2025\/05\/1747149462_Ryanair-Plane-Alarme-de-bombe-a-laeroport-en-Belgique.jpeg\" \/>\n\t<meta property=\"og:image:width\" content=\"1600\" \/>\n\t<meta property=\"og:image:height\" content=\"900\" \/>\n\t<meta property=\"og:image:type\" content=\"image\/jpeg\" \/>\n<meta name=\"author\" content=\"Julien\" \/>\n<meta name=\"twitter:card\" content=\"summary_large_image\" \/>\n<meta name=\"twitter:label1\" content=\"\u00c9crit par\" \/>\n\t<meta name=\"twitter:data1\" content=\"Julien\" \/>\n\t<meta name=\"twitter:label2\" content=\"Dur\u00e9e de lecture est.\" \/>\n\t<meta name=\"twitter:data2\" content=\"1 minute\" \/>\n<script type=\"application\/ld+json\" class=\"yoast-schema-graph\">{\"@context\":\"https:\/\/schema.org\",\"@graph\":[{\"@type\":\"Article\",\"@id\":\"https:\/\/vieassociative.be\/actualites\/ryanair-plane-alarme-de-bombe-a-laeroport-en-belgique\/#article\",\"isPartOf\":{\"@id\":\"https:\/\/vieassociative.be\/actualites\/ryanair-plane-alarme-de-bombe-a-laeroport-en-belgique\/\"},\"author\":{\"name\":\"Julien\",\"@id\":\"https:\/\/vieassociative.be\/actualites\/#\/schema\/person\/b87ac4f82f9d4e7b7cec7395b679edc4\"},\"headline\":\"Ryanair Plane: Alarme de bombe \u00e0 l&rsquo;a\u00e9roport en Belgique\",\"datePublished\":\"2025-05-13T15:17:41+00:00\",\"dateModified\":\"2025-05-13T15:17:42+00:00\",\"mainEntityOfPage\":{\"@id\":\"https:\/\/vieassociative.be\/actualites\/ryanair-plane-alarme-de-bombe-a-laeroport-en-belgique\/\"},\"wordCount\":170,\"publisher\":{\"@id\":\"https:\/\/vieassociative.be\/actualites\/#organization\"},\"image\":{\"@id\":\"https:\/\/vieassociative.be\/actualites\/ryanair-plane-alarme-de-bombe-a-laeroport-en-belgique\/#primaryimage\"},\"thumbnailUrl\":\"https:\/\/vieassociative.be\/actualites\/wp-content\/uploads\/2025\/05\/1747149462_Ryanair-Plane-Alarme-de-bombe-a-laeroport-en-Belgique.jpeg\",\"keywords\":[\"Alarme\",\"Belgique\",\"bombe\",\"la\u00e9roport\",\"Plane\",\"Ryanair\"],\"articleSection\":[\"Belgique\"],\"inLanguage\":\"fr-BE\"},{\"@type\":\"WebPage\",\"@id\":\"https:\/\/vieassociative.be\/actualites\/ryanair-plane-alarme-de-bombe-a-laeroport-en-belgique\/\",\"url\":\"https:\/\/vieassociative.be\/actualites\/ryanair-plane-alarme-de-bombe-a-laeroport-en-belgique\/\",\"name\":\"Ryanair Plane: Alarme de bombe \u00e0 l'a\u00e9roport en Belgique | Vie Associative\",\"isPartOf\":{\"@id\":\"https:\/\/vieassociative.be\/actualites\/#website\"},\"primaryImageOfPage\":{\"@id\":\"https:\/\/vieassociative.be\/actualites\/ryanair-plane-alarme-de-bombe-a-laeroport-en-belgique\/#primaryimage\"},\"image\":{\"@id\":\"https:\/\/vieassociative.be\/actualites\/ryanair-plane-alarme-de-bombe-a-laeroport-en-belgique\/#primaryimage\"},\"thumbnailUrl\":\"https:\/\/vieassociative.be\/actualites\/wp-content\/uploads\/2025\/05\/1747149462_Ryanair-Plane-Alarme-de-bombe-a-laeroport-en-Belgique.jpeg\",\"datePublished\":\"2025-05-13T15:17:41+00:00\",\"dateModified\":\"2025-05-13T15:17:42+00:00\",\"breadcrumb\":{\"@id\":\"https:\/\/vieassociative.be\/actualites\/ryanair-plane-alarme-de-bombe-a-laeroport-en-belgique\/#breadcrumb\"},\"inLanguage\":\"fr-BE\",\"potentialAction\":[{\"@type\":\"ReadAction\",\"target\":[\"https:\/\/vieassociative.be\/actualites\/ryanair-plane-alarme-de-bombe-a-laeroport-en-belgique\/\"]}]},{\"@type\":\"ImageObject\",\"inLanguage\":\"fr-BE\",\"@id\":\"https:\/\/vieassociative.be\/actualites\/ryanair-plane-alarme-de-bombe-a-laeroport-en-belgique\/#primaryimage\",\"url\":\"https:\/\/vieassociative.be\/actualites\/wp-content\/uploads\/2025\/05\/1747149462_Ryanair-Plane-Alarme-de-bombe-a-laeroport-en-Belgique.jpeg\",\"contentUrl\":\"https:\/\/vieassociative.be\/actualites\/wp-content\/uploads\/2025\/05\/1747149462_Ryanair-Plane-Alarme-de-bombe-a-laeroport-en-Belgique.jpeg\",\"width\":1600,\"height\":900,\"caption\":\"Ryanair Plane: Alarme de bombe \u00e0 l'a\u00e9roport en Belgique\"},{\"@type\":\"BreadcrumbList\",\"@id\":\"https:\/\/vieassociative.be\/actualites\/ryanair-plane-alarme-de-bombe-a-laeroport-en-belgique\/#breadcrumb\",\"itemListElement\":[{\"@type\":\"ListItem\",\"position\":1,\"name\":\"Accueil\",\"item\":\"https:\/\/vieassociative.be\/actualites\/\"},{\"@type\":\"ListItem\",\"position\":2,\"name\":\"Ryanair Plane: Alarme de bombe \u00e0 l&rsquo;a\u00e9roport en Belgique\"}]},{\"@type\":\"WebSite\",\"@id\":\"https:\/\/vieassociative.be\/actualites\/#website\",\"url\":\"https:\/\/vieassociative.be\/actualites\/\",\"name\":\"Vie Associative\",\"description\":\"\",\"publisher\":{\"@id\":\"https:\/\/vieassociative.be\/actualites\/#organization\"},\"potentialAction\":[{\"@type\":\"SearchAction\",\"target\":{\"@type\":\"EntryPoint\",\"urlTemplate\":\"https:\/\/vieassociative.be\/actualites\/?s={search_term_string}\"},\"query-input\":{\"@type\":\"PropertyValueSpecification\",\"valueRequired\":true,\"valueName\":\"search_term_string\"}}],\"inLanguage\":\"fr-BE\"},{\"@type\":\"Organization\",\"@id\":\"https:\/\/vieassociative.be\/actualites\/#organization\",\"name\":\"Vie Associative\",\"url\":\"https:\/\/vieassociative.be\/actualites\/\",\"logo\":{\"@type\":\"ImageObject\",\"inLanguage\":\"fr-BE\",\"@id\":\"https:\/\/vieassociative.be\/actualites\/#\/schema\/logo\/image\/\",\"url\":\"https:\/\/vieassociative.be\/actualites\/wp-content\/uploads\/2024\/09\/cropped-vieassociative_favicon.ico.png\",\"contentUrl\":\"https:\/\/vieassociative.be\/actualites\/wp-content\/uploads\/2024\/09\/cropped-vieassociative_favicon.ico.png\",\"width\":512,\"height\":512,\"caption\":\"Vie Associative\"},\"image\":{\"@id\":\"https:\/\/vieassociative.be\/actualites\/#\/schema\/logo\/image\/\"}},{\"@type\":\"Person\",\"@id\":\"https:\/\/vieassociative.be\/actualites\/#\/schema\/person\/b87ac4f82f9d4e7b7cec7395b679edc4\",\"name\":\"Julien\",\"image\":{\"@type\":\"ImageObject\",\"inLanguage\":\"fr-BE\",\"@id\":\"https:\/\/vieassociative.be\/actualites\/#\/schema\/person\/image\/\",\"url\":\"https:\/\/vieassociative.be\/actualites\/wp-content\/uploads\/2024\/09\/vie-associative-1-150x150.jpg\",\"contentUrl\":\"https:\/\/vieassociative.be\/actualites\/wp-content\/uploads\/2024\/09\/vie-associative-1-150x150.jpg\",\"caption\":\"Julien\"},\"description\":\"Je suis Julien, r\u00e9dacteur pour Vie Associative. Passionn\u00e9 par le monde associatif depuis plus de 10 ans, j'ai \u00e0 c\u0153ur de partager des histoires inspirantes et de mettre en lumi\u00e8re les initiatives locales. Mon objectif est de sensibiliser et d'encourager l'engagement communautaire \u00e0 travers mes articles.\",\"sameAs\":[\"https:\/\/vieassociative.be\/\"]}]}<\/script>\n<!-- \/ Yoast SEO plugin. -->","yoast_head_json":{"title":"Ryanair Plane: Alarme de bombe \u00e0 l'a\u00e9roport en Belgique | Vie Associative","robots":{"index":"index","follow":"follow","max-snippet":"max-snippet:-1","max-image-preview":"max-image-preview:large","max-video-preview":"max-video-preview:-1"},"canonical":"https:\/\/vieassociative.be\/actualites\/ryanair-plane-alarme-de-bombe-a-laeroport-en-belgique\/","og_locale":"fr_FR","og_type":"article","og_title":"Ryanair Plane: Alarme de bombe \u00e0 l'a\u00e9roport en Belgique | Vie Associative","og_description":"Selon des informations, un pilote de Ryanair a re\u00e7u une menace \u00e0 la bombe. Le trafic a\u00e9rien \u00e0 Bruxelles-Charleroi est actuellement interrompu. En raison d&rsquo;une","og_url":"https:\/\/vieassociative.be\/actualites\/ryanair-plane-alarme-de-bombe-a-laeroport-en-belgique\/","og_site_name":"Vie Associative","article_published_time":"2025-05-13T15:17:41+00:00","article_modified_time":"2025-05-13T15:17:42+00:00","og_image":[{"width":1600,"height":900,"url":"https:\/\/vieassociative.be\/actualites\/wp-content\/uploads\/2025\/05\/1747149462_Ryanair-Plane-Alarme-de-bombe-a-laeroport-en-Belgique.jpeg","type":"image\/jpeg"}],"author":"Julien","twitter_card":"summary_large_image","twitter_misc":{"\u00c9crit par":"Julien","Dur\u00e9e de lecture est.":"1 minute"},"schema":{"@context":"https:\/\/schema.org","@graph":[{"@type":"Article","@id":"https:\/\/vieassociative.be\/actualites\/ryanair-plane-alarme-de-bombe-a-laeroport-en-belgique\/#article","isPartOf":{"@id":"https:\/\/vieassociative.be\/actualites\/ryanair-plane-alarme-de-bombe-a-laeroport-en-belgique\/"},"author":{"name":"Julien","@id":"https:\/\/vieassociative.be\/actualites\/#\/schema\/person\/b87ac4f82f9d4e7b7cec7395b679edc4"},"headline":"Ryanair Plane: Alarme de bombe \u00e0 l&rsquo;a\u00e9roport en Belgique","datePublished":"2025-05-13T15:17:41+00:00","dateModified":"2025-05-13T15:17:42+00:00","mainEntityOfPage":{"@id":"https:\/\/vieassociative.be\/actualites\/ryanair-plane-alarme-de-bombe-a-laeroport-en-belgique\/"},"wordCount":170,"publisher":{"@id":"https:\/\/vieassociative.be\/actualites\/#organization"},"image":{"@id":"https:\/\/vieassociative.be\/actualites\/ryanair-plane-alarme-de-bombe-a-laeroport-en-belgique\/#primaryimage"},"thumbnailUrl":"https:\/\/vieassociative.be\/actualites\/wp-content\/uploads\/2025\/05\/1747149462_Ryanair-Plane-Alarme-de-bombe-a-laeroport-en-Belgique.jpeg","keywords":["Alarme","Belgique","bombe","la\u00e9roport","Plane","Ryanair"],"articleSection":["Belgique"],"inLanguage":"fr-BE"},{"@type":"WebPage","@id":"https:\/\/vieassociative.be\/actualites\/ryanair-plane-alarme-de-bombe-a-laeroport-en-belgique\/","url":"https:\/\/vieassociative.be\/actualites\/ryanair-plane-alarme-de-bombe-a-laeroport-en-belgique\/","name":"Ryanair Plane: Alarme de bombe \u00e0 l'a\u00e9roport en Belgique | Vie Associative","isPartOf":{"@id":"https:\/\/vieassociative.be\/actualites\/#website"},"primaryImageOfPage":{"@id":"https:\/\/vieassociative.be\/actualites\/ryanair-plane-alarme-de-bombe-a-laeroport-en-belgique\/#primaryimage"},"image":{"@id":"https:\/\/vieassociative.be\/actualites\/ryanair-plane-alarme-de-bombe-a-laeroport-en-belgique\/#primaryimage"},"thumbnailUrl":"https:\/\/vieassociative.be\/actualites\/wp-content\/uploads\/2025\/05\/1747149462_Ryanair-Plane-Alarme-de-bombe-a-laeroport-en-Belgique.jpeg","datePublished":"2025-05-13T15:17:41+00:00","dateModified":"2025-05-13T15:17:42+00:00","breadcrumb":{"@id":"https:\/\/vieassociative.be\/actualites\/ryanair-plane-alarme-de-bombe-a-laeroport-en-belgique\/#breadcrumb"},"inLanguage":"fr-BE","potentialAction":[{"@type":"ReadAction","target":["https:\/\/vieassociative.be\/actualites\/ryanair-plane-alarme-de-bombe-a-laeroport-en-belgique\/"]}]},{"@type":"ImageObject","inLanguage":"fr-BE","@id":"https:\/\/vieassociative.be\/actualites\/ryanair-plane-alarme-de-bombe-a-laeroport-en-belgique\/#primaryimage","url":"https:\/\/vieassociative.be\/actualites\/wp-content\/uploads\/2025\/05\/1747149462_Ryanair-Plane-Alarme-de-bombe-a-laeroport-en-Belgique.jpeg","contentUrl":"https:\/\/vieassociative.be\/actualites\/wp-content\/uploads\/2025\/05\/1747149462_Ryanair-Plane-Alarme-de-bombe-a-laeroport-en-Belgique.jpeg","width":1600,"height":900,"caption":"Ryanair Plane: Alarme de bombe \u00e0 l'a\u00e9roport en Belgique"},{"@type":"BreadcrumbList","@id":"https:\/\/vieassociative.be\/actualites\/ryanair-plane-alarme-de-bombe-a-laeroport-en-belgique\/#breadcrumb","itemListElement":[{"@type":"ListItem","position":1,"name":"Accueil","item":"https:\/\/vieassociative.be\/actualites\/"},{"@type":"ListItem","position":2,"name":"Ryanair Plane: Alarme de bombe \u00e0 l&rsquo;a\u00e9roport en Belgique"}]},{"@type":"WebSite","@id":"https:\/\/vieassociative.be\/actualites\/#website","url":"https:\/\/vieassociative.be\/actualites\/","name":"Vie Associative","description":"","publisher":{"@id":"https:\/\/vieassociative.be\/actualites\/#organization"},"potentialAction":[{"@type":"SearchAction","target":{"@type":"EntryPoint","urlTemplate":"https:\/\/vieassociative.be\/actualites\/?s={search_term_string}"},"query-input":{"@type":"PropertyValueSpecification","valueRequired":true,"valueName":"search_term_string"}}],"inLanguage":"fr-BE"},{"@type":"Organization","@id":"https:\/\/vieassociative.be\/actualites\/#organization","name":"Vie Associative","url":"https:\/\/vieassociative.be\/actualites\/","logo":{"@type":"ImageObject","inLanguage":"fr-BE","@id":"https:\/\/vieassociative.be\/actualites\/#\/schema\/logo\/image\/","url":"https:\/\/vieassociative.be\/actualites\/wp-content\/uploads\/2024\/09\/cropped-vieassociative_favicon.ico.png","contentUrl":"https:\/\/vieassociative.be\/actualites\/wp-content\/uploads\/2024\/09\/cropped-vieassociative_favicon.ico.png","width":512,"height":512,"caption":"Vie Associative"},"image":{"@id":"https:\/\/vieassociative.be\/actualites\/#\/schema\/logo\/image\/"}},{"@type":"Person","@id":"https:\/\/vieassociative.be\/actualites\/#\/schema\/person\/b87ac4f82f9d4e7b7cec7395b679edc4","name":"Julien","image":{"@type":"ImageObject","inLanguage":"fr-BE","@id":"https:\/\/vieassociative.be\/actualites\/#\/schema\/person\/image\/","url":"https:\/\/vieassociative.be\/actualites\/wp-content\/uploads\/2024\/09\/vie-associative-1-150x150.jpg","contentUrl":"https:\/\/vieassociative.be\/actualites\/wp-content\/uploads\/2024\/09\/vie-associative-1-150x150.jpg","caption":"Julien"},"description":"Je suis Julien, r\u00e9dacteur pour Vie Associative. Passionn\u00e9 par le monde associatif depuis plus de 10 ans, j'ai \u00e0 c\u0153ur de partager des histoires inspirantes et de mettre en lumi\u00e8re les initiatives locales. Mon objectif est de sensibiliser et d'encourager l'engagement communautaire \u00e0 travers mes articles.","sameAs":["https:\/\/vieassociative.be\/"]}]}},"_links":{"self":[{"href":"https:\/\/vieassociative.be\/actualites\/wp-json\/wp\/v2\/posts\/7532"}],"collection":[{"href":"https:\/\/vieassociative.be\/actualites\/wp-json\/wp\/v2\/posts"}],"about":[{"href":"https:\/\/vieassociative.be\/actualites\/wp-json\/wp\/v2\/types\/post"}],"author":[{"embeddable":true,"href":"https:\/\/vieassociative.be\/actualites\/wp-json\/wp\/v2\/users\/1"}],"replies":[{"embeddable":true,"href":"https:\/\/vieassociative.be\/actualites\/wp-json\/wp\/v2\/comments?post=7532"}],"version-history":[{"count":1,"href":"https:\/\/vieassociative.be\/actualites\/wp-json\/wp\/v2\/posts\/7532\/revisions"}],"predecessor-version":[{"id":7534,"href":"https:\/\/vieassociative.be\/actualites\/wp-json\/wp\/v2\/posts\/7532\/revisions\/7534"}],"wp:featuredmedia":[{"embeddable":true,"href":"https:\/\/vieassociative.be\/actualites\/wp-json\/wp\/v2\/media\/7533"}],"wp:attachment":[{"href":"https:\/\/vieassociative.be\/actualites\/wp-json\/wp\/v2\/media?parent=7532"}],"wp:term":[{"taxonomy":"category","embeddable":true,"href":"https:\/\/vieassociative.be\/actualites\/wp-json\/wp\/v2\/categories?post=7532"},{"taxonomy":"post_tag","embeddable":true,"href":"https:\/\/vieassociative.be\/actualites\/wp-json\/wp\/v2\/tags?post=7532"}],"curies":[{"name":"wp","href":"https:\/\/api.w.org\/{rel}","templated":true}]}}