{"id":7513,"date":"2025-05-13T03:28:28","date_gmt":"2025-05-13T01:28:28","guid":{"rendered":"https:\/\/vieassociative.be\/actualites\/tout-ce-que-samsung-vient-dannoncer-a-propos-du-galaxy-s25-edge\/"},"modified":"2025-05-13T03:28:28","modified_gmt":"2025-05-13T01:28:28","slug":"tout-ce-que-samsung-vient-dannoncer-a-propos-du-galaxy-s25-edge","status":"publish","type":"post","link":"https:\/\/vieassociative.be\/actualites\/tout-ce-que-samsung-vient-dannoncer-a-propos-du-galaxy-s25-edge\/","title":{"rendered":"Tout ce que Samsung vient d&rsquo;annoncer \u00e0 propos du Galaxy S25 Edge"},"content":{"rendered":"<div class=\"mt-4 leading-6 md:mb-8\">Rencontrez la galaxie la plus mince \u00e0 ce jour.<\/div>\n<p><\/p>\n<p>Apr\u00e8s avoir taquin\u00e9 l&rsquo;appareil en janvier au d\u00e9ballage en 2025, Samsung est pr\u00eat \u00e0 rendre l&rsquo;officiel Galaxy S25 Edge. La soci\u00e9t\u00e9 a r\u00e9v\u00e9l\u00e9 le dernier appareil de la s\u00e9rie S25 lors d&rsquo;un \u00e9v\u00e9nement sp\u00e9cial du lundi soir. Bien qu&rsquo;il existe de nombreuses similitudes entre le bord et les autres appareils S25, ce qui fait que ce mod\u00e8le particulier se d\u00e9marque du reste, c&rsquo;est \u00e0 quel point il est mince: le bord S25 n&rsquo;a que 5,8 mm d&rsquo;\u00e9paisseur, 1,4 mm plus mince que le S25 standard et le t\u00e9l\u00e9phone le plus mince de Samsung. <\/p>\n<h2 id=\"everything-samsung-revealed-about-the-s25-edge\">Tout ce que Samsung a r\u00e9v\u00e9l\u00e9 sur le bord S25<\/h2>\n<p>Tout comme le reste des t\u00e9l\u00e9phones S25, le nouveau Galaxy S25 Edge est aliment\u00e9 par l&rsquo;\u00e9lite Qualcomm Snapdragon 8 pour Galaxy Chip. Ce SoC (syst\u00e8me sur une puce) apporte un certain nombre d&rsquo;am\u00e9liorations \u00e0 l&rsquo;ensemble du S25. Selon Qualcomm, cela comprend une augmentation de 45% des performances et une meilleure efficacit\u00e9 \u00e9nerg\u00e9tique de 44% par rapport au Snapdragon 8 Gen 3 du S24 pour Galaxy. La puce comprend \u00e9galement un nouveau GPU Adreno qui, selon Qualcomm, ajoute une augmentation des performances de 40% par rapport \u00e0 la g\u00e9n\u00e9ration pr\u00e9c\u00e9dente. Il y a aussi 12 Go de RAM et 256 Go ou 512 Go de stockage interne. <\/p>\n<p>Le bord S25 dispose d&rsquo;un \u00e9cran 2x AMOLED dynamique de 6,6 pouces, avec une r\u00e9solution d&rsquo;\u00e9cran QHD + de 3120 x 1440 qui prend en charge un taux de rafra\u00eechissement adaptatif. Cela signifie que l&rsquo;\u00e9cran peut se rafra\u00eechir de un \u00e0 120 Hz, selon la situation. Pour la biom\u00e9trie, le t\u00e9l\u00e9phone poss\u00e8de un capteur d&#8217;empreintes digitales en ultrasons avec la reconnaissance faciale. <\/p>\n<p>Du c\u00f4t\u00e9 de la cam\u00e9ra, le Galaxy S25 Edge a une configuration \u00e0 double cam\u00e9ra avec un objectif de 200 MP de large et des objectifs ultra-larges et avant de 12 MP. La lentille Periscope propose un zoom optique 10x. C&rsquo;est l&rsquo;une des forces de Samsung, car la plupart des fabricants de smartphones recourent au zoom num\u00e9rique, ou, essentiellement, recadrant l&rsquo;image plut\u00f4t que d&rsquo;offrir un zoom d\u00e9di\u00e9. <\/p>\n<p>Samsung se concentre beaucoup sur la mince ce t\u00e9l\u00e9phone, mais il y a un compromis pour ce facteur de forme: le bord S25 a une batterie de 3 900 mAh, qui est la plus petite batterie de tous les t\u00e9l\u00e9phones Galaxy S25. Mais il y a toujours une prise en charge de la charge c\u00e2bl\u00e9e 25W et jusqu&rsquo;\u00e0 15 W de charge sans fil. <\/p>\n<div class=\"pogoClear relative my-10 border-b-(1.5px) border-t-(1.5px) border-dashed border-black py-5 sm:my-14 sm:border-0 sm:py-0\" data-ga-click data-ga-template=\"News\" data-ga-module=\"openweb_widget\" data-ga-element=\"openweb_scroll\" data-ga-item=\"openweb_scroll_midpage\" x-cloak x-data=\"{ commentsCount: null, hasComments: false }\" x-init=\"commentsCount = await window.openweb.getMessagesCount(01JV2GBKXXYZEGYGDVV6GEM3GJ);\n     hasComments = commentsCount !== null &amp;&amp; commentsCount &gt; 0\"><\/p>\n<div class=\"absolute top-1\/2 hidden w-full -translate-y-1\/2 border-t-(1.5px) border-dashed border-black sm:block\"><\/div>\n<div class=\"relative flex justify-center\">\n<div class=\"flex max-w-max items-center gap-x-3 bg-white px-5\">\n<div class=\"relative\">\n                <span class=\"absolute left-1\/2 top-1\/2 -translate-x-1\/2 -translate-y-1\/2 font-akshar text-sm font-medium text-black\" x-show=\"hasComments\" x-text=\"commentsCount\"><\/span><\/p>\n<p>                <svg class=\"h-8 w-8 text-black\">\n                    <use href=\"http:\/\/lifehacker.com\/images\/icons\/spritemap.svg#sprite-chat-bubble\"><\/use>\n                <\/svg>\n            <\/div>\n<p>            <span class=\"text-sm font-medium text-black\"><\/p>\n<p>                Que pensez-vous jusqu&rsquo;\u00e0 pr\u00e9sent?<br \/>\n                <button class=\"font-semibold text-brand-green underline hover:text-brand-green-700\" onclick=\"window.openweb.scrollToComments('01JV2GBKXXYZEGYGDVV6GEM3GJ')\" x-text=\"hasComments ? 'Post a comment.' : 'Be the first to post a comment.'\"><\/button><br \/>\n            <\/span>\n        <\/div>\n<\/p><\/div>\n<\/div>\n<p>Tout comme le reste de la s\u00e9rie S25, vous aurez acc\u00e8s \u00e0 toutes les derni\u00e8res fonctionnalit\u00e9s Galaxy AI. Cela inclut le pr\u00e9sent, qui utilise l&rsquo;IA pour vous montrer des informations r\u00e9pandues tout au long de la journ\u00e9e; Note Assist, qui transcrire vos notes, traduire en direct et bien plus encore via l&rsquo;int\u00e9gration de Galaxy AI avec Google Gemini. <\/p>\n<p>Le Samsung Galaxy S25 Edge sera disponible en noir en Titane et en Titane. <\/p>\n","protected":false},"excerpt":{"rendered":"<p>Rencontrez la galaxie la plus mince \u00e0 ce jour. Apr\u00e8s avoir taquin\u00e9 l&rsquo;appareil en janvier au d\u00e9ballage en 2025, Samsung est pr\u00eat \u00e0 rendre l&rsquo;officiel<\/p>\n","protected":false},"author":1,"featured_media":7514,"comment_status":"","ping_status":"","sticky":false,"template":"","format":"standard","meta":{"footnotes":""},"categories":[13],"tags":[5911,5244,4183,1496,4796,1878,236,1213],"class_list":["post-7513","post","type-post","status-publish","format-standard","has-post-thumbnail","hentry","category-technologie","tag-dannoncer","tag-edge","tag-galaxy","tag-propos","tag-s25","tag-samsung","tag-tout","tag-vient","generate-columns","tablet-grid-50","mobile-grid-100","grid-parent","grid-33"],"yoast_head":"<!-- This site is optimized with the Yoast SEO plugin v24.0 - https:\/\/yoast.com\/wordpress\/plugins\/seo\/ -->\n<title>Tout ce que Samsung vient d&#039;annoncer \u00e0 propos du Galaxy S25 Edge | Vie Associative<\/title>\n<meta name=\"robots\" content=\"index, follow, max-snippet:-1, max-image-preview:large, max-video-preview:-1\" \/>\n<link rel=\"canonical\" href=\"https:\/\/vieassociative.be\/actualites\/tout-ce-que-samsung-vient-dannoncer-a-propos-du-galaxy-s25-edge\/\" \/>\n<meta property=\"og:locale\" content=\"fr_FR\" \/>\n<meta property=\"og:type\" content=\"article\" \/>\n<meta property=\"og:title\" content=\"Tout ce que Samsung vient d&#039;annoncer \u00e0 propos du Galaxy S25 Edge | Vie Associative\" \/>\n<meta property=\"og:description\" content=\"Rencontrez la galaxie la plus mince \u00e0 ce jour. Apr\u00e8s avoir taquin\u00e9 l&rsquo;appareil en janvier au d\u00e9ballage en 2025, Samsung est pr\u00eat \u00e0 rendre l&rsquo;officiel\" \/>\n<meta property=\"og:url\" content=\"https:\/\/vieassociative.be\/actualites\/tout-ce-que-samsung-vient-dannoncer-a-propos-du-galaxy-s25-edge\/\" \/>\n<meta property=\"og:site_name\" content=\"Vie Associative\" \/>\n<meta property=\"article:published_time\" content=\"2025-05-13T01:28:28+00:00\" \/>\n<meta property=\"og:image\" content=\"https:\/\/vieassociative.be\/actualites\/wp-content\/uploads\/2024\/09\/header_backgroundk-01-e1726694325946.png\" \/>\n\t<meta property=\"og:image:width\" content=\"279\" \/>\n\t<meta property=\"og:image:height\" content=\"92\" \/>\n\t<meta property=\"og:image:type\" content=\"image\/png\" \/>\n<meta name=\"author\" content=\"Julien\" \/>\n<meta name=\"twitter:card\" content=\"summary_large_image\" \/>\n<meta name=\"twitter:label1\" content=\"\u00c9crit par\" \/>\n\t<meta name=\"twitter:data1\" content=\"Julien\" \/>\n\t<meta name=\"twitter:label2\" content=\"Dur\u00e9e de lecture est.\" \/>\n\t<meta name=\"twitter:data2\" content=\"3 minutes\" \/>\n<script type=\"application\/ld+json\" class=\"yoast-schema-graph\">{\"@context\":\"https:\/\/schema.org\",\"@graph\":[{\"@type\":\"Article\",\"@id\":\"https:\/\/vieassociative.be\/actualites\/tout-ce-que-samsung-vient-dannoncer-a-propos-du-galaxy-s25-edge\/#article\",\"isPartOf\":{\"@id\":\"https:\/\/vieassociative.be\/actualites\/tout-ce-que-samsung-vient-dannoncer-a-propos-du-galaxy-s25-edge\/\"},\"author\":{\"name\":\"Julien\",\"@id\":\"https:\/\/vieassociative.be\/actualites\/#\/schema\/person\/b87ac4f82f9d4e7b7cec7395b679edc4\"},\"headline\":\"Tout ce que Samsung vient d&rsquo;annoncer \u00e0 propos du Galaxy S25 Edge\",\"datePublished\":\"2025-05-13T01:28:28+00:00\",\"dateModified\":\"2025-05-13T01:28:28+00:00\",\"mainEntityOfPage\":{\"@id\":\"https:\/\/vieassociative.be\/actualites\/tout-ce-que-samsung-vient-dannoncer-a-propos-du-galaxy-s25-edge\/\"},\"wordCount\":541,\"publisher\":{\"@id\":\"https:\/\/vieassociative.be\/actualites\/#organization\"},\"image\":{\"@id\":\"https:\/\/vieassociative.be\/actualites\/tout-ce-que-samsung-vient-dannoncer-a-propos-du-galaxy-s25-edge\/#primaryimage\"},\"thumbnailUrl\":\"https:\/\/vieassociative.be\/actualites\/wp-content\/uploads\/2025\/05\/Tout-ce-que-Samsung-vient-dannoncer-a-propos-du-Galaxy.jpg\",\"keywords\":[\"dannoncer\",\"Edge\",\"Galaxy\",\"propos\",\"S25\",\"Samsung\",\"tout\",\"vient\"],\"articleSection\":[\"Technologie\"],\"inLanguage\":\"fr-BE\"},{\"@type\":\"WebPage\",\"@id\":\"https:\/\/vieassociative.be\/actualites\/tout-ce-que-samsung-vient-dannoncer-a-propos-du-galaxy-s25-edge\/\",\"url\":\"https:\/\/vieassociative.be\/actualites\/tout-ce-que-samsung-vient-dannoncer-a-propos-du-galaxy-s25-edge\/\",\"name\":\"Tout ce que Samsung vient d'annoncer \u00e0 propos du Galaxy S25 Edge | Vie Associative\",\"isPartOf\":{\"@id\":\"https:\/\/vieassociative.be\/actualites\/#website\"},\"primaryImageOfPage\":{\"@id\":\"https:\/\/vieassociative.be\/actualites\/tout-ce-que-samsung-vient-dannoncer-a-propos-du-galaxy-s25-edge\/#primaryimage\"},\"image\":{\"@id\":\"https:\/\/vieassociative.be\/actualites\/tout-ce-que-samsung-vient-dannoncer-a-propos-du-galaxy-s25-edge\/#primaryimage\"},\"thumbnailUrl\":\"https:\/\/vieassociative.be\/actualites\/wp-content\/uploads\/2025\/05\/Tout-ce-que-Samsung-vient-dannoncer-a-propos-du-Galaxy.jpg\",\"datePublished\":\"2025-05-13T01:28:28+00:00\",\"dateModified\":\"2025-05-13T01:28:28+00:00\",\"breadcrumb\":{\"@id\":\"https:\/\/vieassociative.be\/actualites\/tout-ce-que-samsung-vient-dannoncer-a-propos-du-galaxy-s25-edge\/#breadcrumb\"},\"inLanguage\":\"fr-BE\",\"potentialAction\":[{\"@type\":\"ReadAction\",\"target\":[\"https:\/\/vieassociative.be\/actualites\/tout-ce-que-samsung-vient-dannoncer-a-propos-du-galaxy-s25-edge\/\"]}]},{\"@type\":\"ImageObject\",\"inLanguage\":\"fr-BE\",\"@id\":\"https:\/\/vieassociative.be\/actualites\/tout-ce-que-samsung-vient-dannoncer-a-propos-du-galaxy-s25-edge\/#primaryimage\",\"url\":\"https:\/\/vieassociative.be\/actualites\/wp-content\/uploads\/2025\/05\/Tout-ce-que-Samsung-vient-dannoncer-a-propos-du-Galaxy.jpg\",\"contentUrl\":\"https:\/\/vieassociative.be\/actualites\/wp-content\/uploads\/2025\/05\/Tout-ce-que-Samsung-vient-dannoncer-a-propos-du-Galaxy.jpg\",\"width\":1200,\"height\":675,\"caption\":\"Tout ce que Samsung vient d'annoncer \u00e0 propos du Galaxy S25 Edge\"},{\"@type\":\"BreadcrumbList\",\"@id\":\"https:\/\/vieassociative.be\/actualites\/tout-ce-que-samsung-vient-dannoncer-a-propos-du-galaxy-s25-edge\/#breadcrumb\",\"itemListElement\":[{\"@type\":\"ListItem\",\"position\":1,\"name\":\"Accueil\",\"item\":\"https:\/\/vieassociative.be\/actualites\/\"},{\"@type\":\"ListItem\",\"position\":2,\"name\":\"Tout ce que Samsung vient d&rsquo;annoncer \u00e0 propos du Galaxy S25 Edge\"}]},{\"@type\":\"WebSite\",\"@id\":\"https:\/\/vieassociative.be\/actualites\/#website\",\"url\":\"https:\/\/vieassociative.be\/actualites\/\",\"name\":\"Vie Associative\",\"description\":\"\",\"publisher\":{\"@id\":\"https:\/\/vieassociative.be\/actualites\/#organization\"},\"potentialAction\":[{\"@type\":\"SearchAction\",\"target\":{\"@type\":\"EntryPoint\",\"urlTemplate\":\"https:\/\/vieassociative.be\/actualites\/?s={search_term_string}\"},\"query-input\":{\"@type\":\"PropertyValueSpecification\",\"valueRequired\":true,\"valueName\":\"search_term_string\"}}],\"inLanguage\":\"fr-BE\"},{\"@type\":\"Organization\",\"@id\":\"https:\/\/vieassociative.be\/actualites\/#organization\",\"name\":\"Vie Associative\",\"url\":\"https:\/\/vieassociative.be\/actualites\/\",\"logo\":{\"@type\":\"ImageObject\",\"inLanguage\":\"fr-BE\",\"@id\":\"https:\/\/vieassociative.be\/actualites\/#\/schema\/logo\/image\/\",\"url\":\"https:\/\/vieassociative.be\/actualites\/wp-content\/uploads\/2024\/09\/cropped-vieassociative_favicon.ico.png\",\"contentUrl\":\"https:\/\/vieassociative.be\/actualites\/wp-content\/uploads\/2024\/09\/cropped-vieassociative_favicon.ico.png\",\"width\":512,\"height\":512,\"caption\":\"Vie Associative\"},\"image\":{\"@id\":\"https:\/\/vieassociative.be\/actualites\/#\/schema\/logo\/image\/\"}},{\"@type\":\"Person\",\"@id\":\"https:\/\/vieassociative.be\/actualites\/#\/schema\/person\/b87ac4f82f9d4e7b7cec7395b679edc4\",\"name\":\"Julien\",\"image\":{\"@type\":\"ImageObject\",\"inLanguage\":\"fr-BE\",\"@id\":\"https:\/\/vieassociative.be\/actualites\/#\/schema\/person\/image\/\",\"url\":\"https:\/\/vieassociative.be\/actualites\/wp-content\/uploads\/2024\/09\/vie-associative-1-150x150.jpg\",\"contentUrl\":\"https:\/\/vieassociative.be\/actualites\/wp-content\/uploads\/2024\/09\/vie-associative-1-150x150.jpg\",\"caption\":\"Julien\"},\"description\":\"Je suis Julien, r\u00e9dacteur pour Vie Associative. Passionn\u00e9 par le monde associatif depuis plus de 10 ans, j'ai \u00e0 c\u0153ur de partager des histoires inspirantes et de mettre en lumi\u00e8re les initiatives locales. Mon objectif est de sensibiliser et d'encourager l'engagement communautaire \u00e0 travers mes articles.\",\"sameAs\":[\"https:\/\/vieassociative.be\/\"]}]}<\/script>\n<!-- \/ Yoast SEO plugin. -->","yoast_head_json":{"title":"Tout ce que Samsung vient d'annoncer \u00e0 propos du Galaxy S25 Edge | Vie Associative","robots":{"index":"index","follow":"follow","max-snippet":"max-snippet:-1","max-image-preview":"max-image-preview:large","max-video-preview":"max-video-preview:-1"},"canonical":"https:\/\/vieassociative.be\/actualites\/tout-ce-que-samsung-vient-dannoncer-a-propos-du-galaxy-s25-edge\/","og_locale":"fr_FR","og_type":"article","og_title":"Tout ce que Samsung vient d'annoncer \u00e0 propos du Galaxy S25 Edge | Vie Associative","og_description":"Rencontrez la galaxie la plus mince \u00e0 ce jour. Apr\u00e8s avoir taquin\u00e9 l&rsquo;appareil en janvier au d\u00e9ballage en 2025, Samsung est pr\u00eat \u00e0 rendre l&rsquo;officiel","og_url":"https:\/\/vieassociative.be\/actualites\/tout-ce-que-samsung-vient-dannoncer-a-propos-du-galaxy-s25-edge\/","og_site_name":"Vie Associative","article_published_time":"2025-05-13T01:28:28+00:00","og_image":[{"width":279,"height":92,"url":"https:\/\/vieassociative.be\/actualites\/wp-content\/uploads\/2024\/09\/header_backgroundk-01-e1726694325946.png","type":"image\/png"}],"author":"Julien","twitter_card":"summary_large_image","twitter_misc":{"\u00c9crit par":"Julien","Dur\u00e9e de lecture est.":"3 minutes"},"schema":{"@context":"https:\/\/schema.org","@graph":[{"@type":"Article","@id":"https:\/\/vieassociative.be\/actualites\/tout-ce-que-samsung-vient-dannoncer-a-propos-du-galaxy-s25-edge\/#article","isPartOf":{"@id":"https:\/\/vieassociative.be\/actualites\/tout-ce-que-samsung-vient-dannoncer-a-propos-du-galaxy-s25-edge\/"},"author":{"name":"Julien","@id":"https:\/\/vieassociative.be\/actualites\/#\/schema\/person\/b87ac4f82f9d4e7b7cec7395b679edc4"},"headline":"Tout ce que Samsung vient d&rsquo;annoncer \u00e0 propos du Galaxy S25 Edge","datePublished":"2025-05-13T01:28:28+00:00","dateModified":"2025-05-13T01:28:28+00:00","mainEntityOfPage":{"@id":"https:\/\/vieassociative.be\/actualites\/tout-ce-que-samsung-vient-dannoncer-a-propos-du-galaxy-s25-edge\/"},"wordCount":541,"publisher":{"@id":"https:\/\/vieassociative.be\/actualites\/#organization"},"image":{"@id":"https:\/\/vieassociative.be\/actualites\/tout-ce-que-samsung-vient-dannoncer-a-propos-du-galaxy-s25-edge\/#primaryimage"},"thumbnailUrl":"https:\/\/vieassociative.be\/actualites\/wp-content\/uploads\/2025\/05\/Tout-ce-que-Samsung-vient-dannoncer-a-propos-du-Galaxy.jpg","keywords":["dannoncer","Edge","Galaxy","propos","S25","Samsung","tout","vient"],"articleSection":["Technologie"],"inLanguage":"fr-BE"},{"@type":"WebPage","@id":"https:\/\/vieassociative.be\/actualites\/tout-ce-que-samsung-vient-dannoncer-a-propos-du-galaxy-s25-edge\/","url":"https:\/\/vieassociative.be\/actualites\/tout-ce-que-samsung-vient-dannoncer-a-propos-du-galaxy-s25-edge\/","name":"Tout ce que Samsung vient d'annoncer \u00e0 propos du Galaxy S25 Edge | Vie Associative","isPartOf":{"@id":"https:\/\/vieassociative.be\/actualites\/#website"},"primaryImageOfPage":{"@id":"https:\/\/vieassociative.be\/actualites\/tout-ce-que-samsung-vient-dannoncer-a-propos-du-galaxy-s25-edge\/#primaryimage"},"image":{"@id":"https:\/\/vieassociative.be\/actualites\/tout-ce-que-samsung-vient-dannoncer-a-propos-du-galaxy-s25-edge\/#primaryimage"},"thumbnailUrl":"https:\/\/vieassociative.be\/actualites\/wp-content\/uploads\/2025\/05\/Tout-ce-que-Samsung-vient-dannoncer-a-propos-du-Galaxy.jpg","datePublished":"2025-05-13T01:28:28+00:00","dateModified":"2025-05-13T01:28:28+00:00","breadcrumb":{"@id":"https:\/\/vieassociative.be\/actualites\/tout-ce-que-samsung-vient-dannoncer-a-propos-du-galaxy-s25-edge\/#breadcrumb"},"inLanguage":"fr-BE","potentialAction":[{"@type":"ReadAction","target":["https:\/\/vieassociative.be\/actualites\/tout-ce-que-samsung-vient-dannoncer-a-propos-du-galaxy-s25-edge\/"]}]},{"@type":"ImageObject","inLanguage":"fr-BE","@id":"https:\/\/vieassociative.be\/actualites\/tout-ce-que-samsung-vient-dannoncer-a-propos-du-galaxy-s25-edge\/#primaryimage","url":"https:\/\/vieassociative.be\/actualites\/wp-content\/uploads\/2025\/05\/Tout-ce-que-Samsung-vient-dannoncer-a-propos-du-Galaxy.jpg","contentUrl":"https:\/\/vieassociative.be\/actualites\/wp-content\/uploads\/2025\/05\/Tout-ce-que-Samsung-vient-dannoncer-a-propos-du-Galaxy.jpg","width":1200,"height":675,"caption":"Tout ce que Samsung vient d'annoncer \u00e0 propos du Galaxy S25 Edge"},{"@type":"BreadcrumbList","@id":"https:\/\/vieassociative.be\/actualites\/tout-ce-que-samsung-vient-dannoncer-a-propos-du-galaxy-s25-edge\/#breadcrumb","itemListElement":[{"@type":"ListItem","position":1,"name":"Accueil","item":"https:\/\/vieassociative.be\/actualites\/"},{"@type":"ListItem","position":2,"name":"Tout ce que Samsung vient d&rsquo;annoncer \u00e0 propos du Galaxy S25 Edge"}]},{"@type":"WebSite","@id":"https:\/\/vieassociative.be\/actualites\/#website","url":"https:\/\/vieassociative.be\/actualites\/","name":"Vie Associative","description":"","publisher":{"@id":"https:\/\/vieassociative.be\/actualites\/#organization"},"potentialAction":[{"@type":"SearchAction","target":{"@type":"EntryPoint","urlTemplate":"https:\/\/vieassociative.be\/actualites\/?s={search_term_string}"},"query-input":{"@type":"PropertyValueSpecification","valueRequired":true,"valueName":"search_term_string"}}],"inLanguage":"fr-BE"},{"@type":"Organization","@id":"https:\/\/vieassociative.be\/actualites\/#organization","name":"Vie Associative","url":"https:\/\/vieassociative.be\/actualites\/","logo":{"@type":"ImageObject","inLanguage":"fr-BE","@id":"https:\/\/vieassociative.be\/actualites\/#\/schema\/logo\/image\/","url":"https:\/\/vieassociative.be\/actualites\/wp-content\/uploads\/2024\/09\/cropped-vieassociative_favicon.ico.png","contentUrl":"https:\/\/vieassociative.be\/actualites\/wp-content\/uploads\/2024\/09\/cropped-vieassociative_favicon.ico.png","width":512,"height":512,"caption":"Vie Associative"},"image":{"@id":"https:\/\/vieassociative.be\/actualites\/#\/schema\/logo\/image\/"}},{"@type":"Person","@id":"https:\/\/vieassociative.be\/actualites\/#\/schema\/person\/b87ac4f82f9d4e7b7cec7395b679edc4","name":"Julien","image":{"@type":"ImageObject","inLanguage":"fr-BE","@id":"https:\/\/vieassociative.be\/actualites\/#\/schema\/person\/image\/","url":"https:\/\/vieassociative.be\/actualites\/wp-content\/uploads\/2024\/09\/vie-associative-1-150x150.jpg","contentUrl":"https:\/\/vieassociative.be\/actualites\/wp-content\/uploads\/2024\/09\/vie-associative-1-150x150.jpg","caption":"Julien"},"description":"Je suis Julien, r\u00e9dacteur pour Vie Associative. Passionn\u00e9 par le monde associatif depuis plus de 10 ans, j'ai \u00e0 c\u0153ur de partager des histoires inspirantes et de mettre en lumi\u00e8re les initiatives locales. Mon objectif est de sensibiliser et d'encourager l'engagement communautaire \u00e0 travers mes articles.","sameAs":["https:\/\/vieassociative.be\/"]}]}},"_links":{"self":[{"href":"https:\/\/vieassociative.be\/actualites\/wp-json\/wp\/v2\/posts\/7513"}],"collection":[{"href":"https:\/\/vieassociative.be\/actualites\/wp-json\/wp\/v2\/posts"}],"about":[{"href":"https:\/\/vieassociative.be\/actualites\/wp-json\/wp\/v2\/types\/post"}],"author":[{"embeddable":true,"href":"https:\/\/vieassociative.be\/actualites\/wp-json\/wp\/v2\/users\/1"}],"replies":[{"embeddable":true,"href":"https:\/\/vieassociative.be\/actualites\/wp-json\/wp\/v2\/comments?post=7513"}],"version-history":[{"count":0,"href":"https:\/\/vieassociative.be\/actualites\/wp-json\/wp\/v2\/posts\/7513\/revisions"}],"wp:featuredmedia":[{"embeddable":true,"href":"https:\/\/vieassociative.be\/actualites\/wp-json\/wp\/v2\/media\/7514"}],"wp:attachment":[{"href":"https:\/\/vieassociative.be\/actualites\/wp-json\/wp\/v2\/media?parent=7513"}],"wp:term":[{"taxonomy":"category","embeddable":true,"href":"https:\/\/vieassociative.be\/actualites\/wp-json\/wp\/v2\/categories?post=7513"},{"taxonomy":"post_tag","embeddable":true,"href":"https:\/\/vieassociative.be\/actualites\/wp-json\/wp\/v2\/tags?post=7513"}],"curies":[{"name":"wp","href":"https:\/\/api.w.org\/{rel}","templated":true}]}}