{"id":7509,"date":"2025-05-12T22:18:01","date_gmt":"2025-05-12T20:18:01","guid":{"rendered":"https:\/\/vieassociative.be\/actualites\/changement-de-vol-de-bernd-storck-de-kortrijk-a-cercle\/"},"modified":"2025-05-12T22:18:01","modified_gmt":"2025-05-12T20:18:01","slug":"changement-de-vol-de-bernd-storck-de-kortrijk-a-cercle","status":"publish","type":"post","link":"https:\/\/vieassociative.be\/actualites\/changement-de-vol-de-bernd-storck-de-kortrijk-a-cercle\/","title":{"rendered":"Changement de vol de Bernd Storck de Kortrijk \u00e0 Cercle"},"content":{"rendered":"<p><strong>Cercle Bruges a annonc\u00e9 lundi le retour de Bernd Storck en tant qu&rsquo;entra\u00eeneur. L&rsquo;allemand de 62 ans est destin\u00e9 \u00e0 s&rsquo;assurer que \u00ab\u00a0Groen en zwart\u00a0\u00bb a surv\u00e9cu avec succ\u00e8s aux deux matchs d\u00e9cisionnels contre le Patro Eisden de la deuxi\u00e8me division et reste de premi\u00e8re classe.<\/strong><\/p>\n<p><span id=\"more-415410\"><\/span>Storck a sign\u00e9 un contrat d&rsquo;ici la fin de la saison en cours. Cependant, cela devrait \u00eatre prolong\u00e9 d&rsquo;un an si le c\u00e9rec cr\u00e9e de la rel\u00e9gation.<\/p>\n<p>L&rsquo;allemand conna\u00eet bien la Chambre de Cercle parce qu&rsquo;il y travaillait comme entra\u00eeneur lors de la saison 2019-2020. \u00c0 cette \u00e9poque, le Cercle a r\u00e9ussi \u00e0 rester dans la Jupiler Pro League.<\/p>\n<\/p>\n<div id=\"attachment_322361\" class=\"wp-caption alignnone\" style=\"max-width: 300px\"><img fetchpriority=\"high\" decoding=\"async\" src=\"https:\/\/vieassociative.be\/actualites\/wp-content\/uploads\/2025\/05\/Changement-de-vol-de-Bernd-Storck-de-Kortrijk-a-Cercle.jpeg\" alt=\"\" width=\"300\" height=\"200\" class=\"size-medium wp-image-322361\"><\/p>\n<p class=\"wp-caption-text\">Bernd Storck en tant qu&rsquo;entra\u00eeneur d&rsquo;Eupen. Photo: Belga<\/p>\n<\/div>\n<p>Bernd Storck a repris le KV Kortrijk en f\u00e9vrier 2025 avec la t\u00e2che de maintenir l&rsquo;association de la rel\u00e9gation, mais cela n&rsquo;a pas r\u00e9ussi. Kortrijk a mis fin aux \u00e9liminatoires de la rel\u00e9gation de la Jupiler Pro League \u00e0 l&rsquo;avant-derni\u00e8re place. Le club se rel\u00e9t avec Berry Sheet, tandis que Sint-TrUid VV reste en premi\u00e8re classe et Cercle Bruges doit jouer deux matchs d\u00e9cisionnels contre le vainqueur de la promotion de la Challenger Pro League, Patro Eisden. La premi\u00e8re \u00e9tape aura lieu le dimanche (19h15) \u00e0 Mamesmechelen, \u00e0 la deuxi\u00e8me \u00e9tape du 23 mai (20h45) \u00e0 Bruges.<\/p>\n<p>Le fait que Cercle Bruges soit confront\u00e9 \u00e0 la rel\u00e9gation est l&rsquo;une des grandes surprises cette saison. Il y a un an, \u00ab\u00a0The Little Bruges\u00a0\u00bb a jou\u00e9 les champions des champions, puis a particip\u00e9 \u00e0 la Ligue de la conf\u00e9rence, o\u00f9 ce n&rsquo;\u00e9tait que dans la fin de 16 ans. (CRE)<\/p>\n","protected":false},"excerpt":{"rendered":"<p>Cercle Bruges a annonc\u00e9 lundi le retour de Bernd Storck en tant qu&rsquo;entra\u00eeneur. L&rsquo;allemand de 62 ans est destin\u00e9 \u00e0 s&rsquo;assurer que \u00ab\u00a0Groen en zwart\u00a0\u00bb<\/p>\n","protected":false},"author":1,"featured_media":7510,"comment_status":"","ping_status":"","sticky":false,"template":"","format":"standard","meta":{"footnotes":""},"categories":[298],"tags":[6962,6963,2590,5433,5435,4867],"class_list":["post-7509","post","type-post","status-publish","format-standard","has-post-thumbnail","hentry","category-belgique","tag-bernd","tag-cercle","tag-changement","tag-kortrijk","tag-storck","tag-vol","generate-columns","tablet-grid-50","mobile-grid-100","grid-parent","grid-33"],"yoast_head":"<!-- This site is optimized with the Yoast SEO plugin v24.0 - https:\/\/yoast.com\/wordpress\/plugins\/seo\/ -->\n<title>Changement de vol de Bernd Storck de Kortrijk \u00e0 Cercle | Vie Associative<\/title>\n<meta name=\"robots\" content=\"index, follow, max-snippet:-1, max-image-preview:large, max-video-preview:-1\" \/>\n<link rel=\"canonical\" href=\"https:\/\/vieassociative.be\/actualites\/changement-de-vol-de-bernd-storck-de-kortrijk-a-cercle\/\" \/>\n<meta property=\"og:locale\" content=\"fr_FR\" \/>\n<meta property=\"og:type\" content=\"article\" \/>\n<meta property=\"og:title\" content=\"Changement de vol de Bernd Storck de Kortrijk \u00e0 Cercle | Vie Associative\" \/>\n<meta property=\"og:description\" content=\"Cercle Bruges a annonc\u00e9 lundi le retour de Bernd Storck en tant qu&rsquo;entra\u00eeneur. L&rsquo;allemand de 62 ans est destin\u00e9 \u00e0 s&rsquo;assurer que \u00ab\u00a0Groen en zwart\u00a0\u00bb\" \/>\n<meta property=\"og:url\" content=\"https:\/\/vieassociative.be\/actualites\/changement-de-vol-de-bernd-storck-de-kortrijk-a-cercle\/\" \/>\n<meta property=\"og:site_name\" content=\"Vie Associative\" \/>\n<meta property=\"article:published_time\" content=\"2025-05-12T20:18:01+00:00\" \/>\n<meta property=\"og:image\" content=\"https:\/\/vieassociative.be\/actualites\/wp-content\/uploads\/2024\/09\/header_backgroundk-01-e1726694325946.png\" \/>\n\t<meta property=\"og:image:width\" content=\"279\" \/>\n\t<meta property=\"og:image:height\" content=\"92\" \/>\n\t<meta property=\"og:image:type\" content=\"image\/png\" \/>\n<meta name=\"author\" content=\"Julien\" \/>\n<meta name=\"twitter:card\" content=\"summary_large_image\" \/>\n<meta name=\"twitter:label1\" content=\"\u00c9crit par\" \/>\n\t<meta name=\"twitter:data1\" content=\"Julien\" \/>\n\t<meta name=\"twitter:label2\" content=\"Dur\u00e9e de lecture est.\" \/>\n\t<meta name=\"twitter:data2\" content=\"1 minute\" \/>\n<script type=\"application\/ld+json\" class=\"yoast-schema-graph\">{\"@context\":\"https:\/\/schema.org\",\"@graph\":[{\"@type\":\"Article\",\"@id\":\"https:\/\/vieassociative.be\/actualites\/changement-de-vol-de-bernd-storck-de-kortrijk-a-cercle\/#article\",\"isPartOf\":{\"@id\":\"https:\/\/vieassociative.be\/actualites\/changement-de-vol-de-bernd-storck-de-kortrijk-a-cercle\/\"},\"author\":{\"name\":\"Julien\",\"@id\":\"https:\/\/vieassociative.be\/actualites\/#\/schema\/person\/b87ac4f82f9d4e7b7cec7395b679edc4\"},\"headline\":\"Changement de vol de Bernd Storck de Kortrijk \u00e0 Cercle\",\"datePublished\":\"2025-05-12T20:18:01+00:00\",\"dateModified\":\"2025-05-12T20:18:01+00:00\",\"mainEntityOfPage\":{\"@id\":\"https:\/\/vieassociative.be\/actualites\/changement-de-vol-de-bernd-storck-de-kortrijk-a-cercle\/\"},\"wordCount\":297,\"publisher\":{\"@id\":\"https:\/\/vieassociative.be\/actualites\/#organization\"},\"image\":{\"@id\":\"https:\/\/vieassociative.be\/actualites\/changement-de-vol-de-bernd-storck-de-kortrijk-a-cercle\/#primaryimage\"},\"thumbnailUrl\":\"https:\/\/vieassociative.be\/actualites\/wp-content\/uploads\/2025\/05\/1747081081_Changement-de-vol-de-Bernd-Storck-de-Kortrijk-a-Cercle.jpeg\",\"keywords\":[\"Bernd\",\"Cercle\",\"Changement\",\"Kortrijk\",\"Storck\",\"vol\"],\"articleSection\":[\"Belgique\"],\"inLanguage\":\"fr-BE\"},{\"@type\":\"WebPage\",\"@id\":\"https:\/\/vieassociative.be\/actualites\/changement-de-vol-de-bernd-storck-de-kortrijk-a-cercle\/\",\"url\":\"https:\/\/vieassociative.be\/actualites\/changement-de-vol-de-bernd-storck-de-kortrijk-a-cercle\/\",\"name\":\"Changement de vol de Bernd Storck de Kortrijk \u00e0 Cercle | Vie Associative\",\"isPartOf\":{\"@id\":\"https:\/\/vieassociative.be\/actualites\/#website\"},\"primaryImageOfPage\":{\"@id\":\"https:\/\/vieassociative.be\/actualites\/changement-de-vol-de-bernd-storck-de-kortrijk-a-cercle\/#primaryimage\"},\"image\":{\"@id\":\"https:\/\/vieassociative.be\/actualites\/changement-de-vol-de-bernd-storck-de-kortrijk-a-cercle\/#primaryimage\"},\"thumbnailUrl\":\"https:\/\/vieassociative.be\/actualites\/wp-content\/uploads\/2025\/05\/1747081081_Changement-de-vol-de-Bernd-Storck-de-Kortrijk-a-Cercle.jpeg\",\"datePublished\":\"2025-05-12T20:18:01+00:00\",\"dateModified\":\"2025-05-12T20:18:01+00:00\",\"breadcrumb\":{\"@id\":\"https:\/\/vieassociative.be\/actualites\/changement-de-vol-de-bernd-storck-de-kortrijk-a-cercle\/#breadcrumb\"},\"inLanguage\":\"fr-BE\",\"potentialAction\":[{\"@type\":\"ReadAction\",\"target\":[\"https:\/\/vieassociative.be\/actualites\/changement-de-vol-de-bernd-storck-de-kortrijk-a-cercle\/\"]}]},{\"@type\":\"ImageObject\",\"inLanguage\":\"fr-BE\",\"@id\":\"https:\/\/vieassociative.be\/actualites\/changement-de-vol-de-bernd-storck-de-kortrijk-a-cercle\/#primaryimage\",\"url\":\"https:\/\/vieassociative.be\/actualites\/wp-content\/uploads\/2025\/05\/1747081081_Changement-de-vol-de-Bernd-Storck-de-Kortrijk-a-Cercle.jpeg\",\"contentUrl\":\"https:\/\/vieassociative.be\/actualites\/wp-content\/uploads\/2025\/05\/1747081081_Changement-de-vol-de-Bernd-Storck-de-Kortrijk-a-Cercle.jpeg\",\"width\":900,\"height\":600,\"caption\":\"Changement de vol de Bernd Storck de Kortrijk \u00e0 Cercle\"},{\"@type\":\"BreadcrumbList\",\"@id\":\"https:\/\/vieassociative.be\/actualites\/changement-de-vol-de-bernd-storck-de-kortrijk-a-cercle\/#breadcrumb\",\"itemListElement\":[{\"@type\":\"ListItem\",\"position\":1,\"name\":\"Accueil\",\"item\":\"https:\/\/vieassociative.be\/actualites\/\"},{\"@type\":\"ListItem\",\"position\":2,\"name\":\"Changement de vol de Bernd Storck de Kortrijk \u00e0 Cercle\"}]},{\"@type\":\"WebSite\",\"@id\":\"https:\/\/vieassociative.be\/actualites\/#website\",\"url\":\"https:\/\/vieassociative.be\/actualites\/\",\"name\":\"Vie Associative\",\"description\":\"\",\"publisher\":{\"@id\":\"https:\/\/vieassociative.be\/actualites\/#organization\"},\"potentialAction\":[{\"@type\":\"SearchAction\",\"target\":{\"@type\":\"EntryPoint\",\"urlTemplate\":\"https:\/\/vieassociative.be\/actualites\/?s={search_term_string}\"},\"query-input\":{\"@type\":\"PropertyValueSpecification\",\"valueRequired\":true,\"valueName\":\"search_term_string\"}}],\"inLanguage\":\"fr-BE\"},{\"@type\":\"Organization\",\"@id\":\"https:\/\/vieassociative.be\/actualites\/#organization\",\"name\":\"Vie Associative\",\"url\":\"https:\/\/vieassociative.be\/actualites\/\",\"logo\":{\"@type\":\"ImageObject\",\"inLanguage\":\"fr-BE\",\"@id\":\"https:\/\/vieassociative.be\/actualites\/#\/schema\/logo\/image\/\",\"url\":\"https:\/\/vieassociative.be\/actualites\/wp-content\/uploads\/2024\/09\/cropped-vieassociative_favicon.ico.png\",\"contentUrl\":\"https:\/\/vieassociative.be\/actualites\/wp-content\/uploads\/2024\/09\/cropped-vieassociative_favicon.ico.png\",\"width\":512,\"height\":512,\"caption\":\"Vie Associative\"},\"image\":{\"@id\":\"https:\/\/vieassociative.be\/actualites\/#\/schema\/logo\/image\/\"}},{\"@type\":\"Person\",\"@id\":\"https:\/\/vieassociative.be\/actualites\/#\/schema\/person\/b87ac4f82f9d4e7b7cec7395b679edc4\",\"name\":\"Julien\",\"image\":{\"@type\":\"ImageObject\",\"inLanguage\":\"fr-BE\",\"@id\":\"https:\/\/vieassociative.be\/actualites\/#\/schema\/person\/image\/\",\"url\":\"https:\/\/vieassociative.be\/actualites\/wp-content\/uploads\/2024\/09\/vie-associative-1-150x150.jpg\",\"contentUrl\":\"https:\/\/vieassociative.be\/actualites\/wp-content\/uploads\/2024\/09\/vie-associative-1-150x150.jpg\",\"caption\":\"Julien\"},\"description\":\"Je suis Julien, r\u00e9dacteur pour Vie Associative. Passionn\u00e9 par le monde associatif depuis plus de 10 ans, j'ai \u00e0 c\u0153ur de partager des histoires inspirantes et de mettre en lumi\u00e8re les initiatives locales. Mon objectif est de sensibiliser et d'encourager l'engagement communautaire \u00e0 travers mes articles.\",\"sameAs\":[\"https:\/\/vieassociative.be\/\"]}]}<\/script>\n<!-- \/ Yoast SEO plugin. -->","yoast_head_json":{"title":"Changement de vol de Bernd Storck de Kortrijk \u00e0 Cercle | Vie Associative","robots":{"index":"index","follow":"follow","max-snippet":"max-snippet:-1","max-image-preview":"max-image-preview:large","max-video-preview":"max-video-preview:-1"},"canonical":"https:\/\/vieassociative.be\/actualites\/changement-de-vol-de-bernd-storck-de-kortrijk-a-cercle\/","og_locale":"fr_FR","og_type":"article","og_title":"Changement de vol de Bernd Storck de Kortrijk \u00e0 Cercle | Vie Associative","og_description":"Cercle Bruges a annonc\u00e9 lundi le retour de Bernd Storck en tant qu&rsquo;entra\u00eeneur. L&rsquo;allemand de 62 ans est destin\u00e9 \u00e0 s&rsquo;assurer que \u00ab\u00a0Groen en zwart\u00a0\u00bb","og_url":"https:\/\/vieassociative.be\/actualites\/changement-de-vol-de-bernd-storck-de-kortrijk-a-cercle\/","og_site_name":"Vie Associative","article_published_time":"2025-05-12T20:18:01+00:00","og_image":[{"width":279,"height":92,"url":"https:\/\/vieassociative.be\/actualites\/wp-content\/uploads\/2024\/09\/header_backgroundk-01-e1726694325946.png","type":"image\/png"}],"author":"Julien","twitter_card":"summary_large_image","twitter_misc":{"\u00c9crit par":"Julien","Dur\u00e9e de lecture est.":"1 minute"},"schema":{"@context":"https:\/\/schema.org","@graph":[{"@type":"Article","@id":"https:\/\/vieassociative.be\/actualites\/changement-de-vol-de-bernd-storck-de-kortrijk-a-cercle\/#article","isPartOf":{"@id":"https:\/\/vieassociative.be\/actualites\/changement-de-vol-de-bernd-storck-de-kortrijk-a-cercle\/"},"author":{"name":"Julien","@id":"https:\/\/vieassociative.be\/actualites\/#\/schema\/person\/b87ac4f82f9d4e7b7cec7395b679edc4"},"headline":"Changement de vol de Bernd Storck de Kortrijk \u00e0 Cercle","datePublished":"2025-05-12T20:18:01+00:00","dateModified":"2025-05-12T20:18:01+00:00","mainEntityOfPage":{"@id":"https:\/\/vieassociative.be\/actualites\/changement-de-vol-de-bernd-storck-de-kortrijk-a-cercle\/"},"wordCount":297,"publisher":{"@id":"https:\/\/vieassociative.be\/actualites\/#organization"},"image":{"@id":"https:\/\/vieassociative.be\/actualites\/changement-de-vol-de-bernd-storck-de-kortrijk-a-cercle\/#primaryimage"},"thumbnailUrl":"https:\/\/vieassociative.be\/actualites\/wp-content\/uploads\/2025\/05\/1747081081_Changement-de-vol-de-Bernd-Storck-de-Kortrijk-a-Cercle.jpeg","keywords":["Bernd","Cercle","Changement","Kortrijk","Storck","vol"],"articleSection":["Belgique"],"inLanguage":"fr-BE"},{"@type":"WebPage","@id":"https:\/\/vieassociative.be\/actualites\/changement-de-vol-de-bernd-storck-de-kortrijk-a-cercle\/","url":"https:\/\/vieassociative.be\/actualites\/changement-de-vol-de-bernd-storck-de-kortrijk-a-cercle\/","name":"Changement de vol de Bernd Storck de Kortrijk \u00e0 Cercle | Vie Associative","isPartOf":{"@id":"https:\/\/vieassociative.be\/actualites\/#website"},"primaryImageOfPage":{"@id":"https:\/\/vieassociative.be\/actualites\/changement-de-vol-de-bernd-storck-de-kortrijk-a-cercle\/#primaryimage"},"image":{"@id":"https:\/\/vieassociative.be\/actualites\/changement-de-vol-de-bernd-storck-de-kortrijk-a-cercle\/#primaryimage"},"thumbnailUrl":"https:\/\/vieassociative.be\/actualites\/wp-content\/uploads\/2025\/05\/1747081081_Changement-de-vol-de-Bernd-Storck-de-Kortrijk-a-Cercle.jpeg","datePublished":"2025-05-12T20:18:01+00:00","dateModified":"2025-05-12T20:18:01+00:00","breadcrumb":{"@id":"https:\/\/vieassociative.be\/actualites\/changement-de-vol-de-bernd-storck-de-kortrijk-a-cercle\/#breadcrumb"},"inLanguage":"fr-BE","potentialAction":[{"@type":"ReadAction","target":["https:\/\/vieassociative.be\/actualites\/changement-de-vol-de-bernd-storck-de-kortrijk-a-cercle\/"]}]},{"@type":"ImageObject","inLanguage":"fr-BE","@id":"https:\/\/vieassociative.be\/actualites\/changement-de-vol-de-bernd-storck-de-kortrijk-a-cercle\/#primaryimage","url":"https:\/\/vieassociative.be\/actualites\/wp-content\/uploads\/2025\/05\/1747081081_Changement-de-vol-de-Bernd-Storck-de-Kortrijk-a-Cercle.jpeg","contentUrl":"https:\/\/vieassociative.be\/actualites\/wp-content\/uploads\/2025\/05\/1747081081_Changement-de-vol-de-Bernd-Storck-de-Kortrijk-a-Cercle.jpeg","width":900,"height":600,"caption":"Changement de vol de Bernd Storck de Kortrijk \u00e0 Cercle"},{"@type":"BreadcrumbList","@id":"https:\/\/vieassociative.be\/actualites\/changement-de-vol-de-bernd-storck-de-kortrijk-a-cercle\/#breadcrumb","itemListElement":[{"@type":"ListItem","position":1,"name":"Accueil","item":"https:\/\/vieassociative.be\/actualites\/"},{"@type":"ListItem","position":2,"name":"Changement de vol de Bernd Storck de Kortrijk \u00e0 Cercle"}]},{"@type":"WebSite","@id":"https:\/\/vieassociative.be\/actualites\/#website","url":"https:\/\/vieassociative.be\/actualites\/","name":"Vie Associative","description":"","publisher":{"@id":"https:\/\/vieassociative.be\/actualites\/#organization"},"potentialAction":[{"@type":"SearchAction","target":{"@type":"EntryPoint","urlTemplate":"https:\/\/vieassociative.be\/actualites\/?s={search_term_string}"},"query-input":{"@type":"PropertyValueSpecification","valueRequired":true,"valueName":"search_term_string"}}],"inLanguage":"fr-BE"},{"@type":"Organization","@id":"https:\/\/vieassociative.be\/actualites\/#organization","name":"Vie Associative","url":"https:\/\/vieassociative.be\/actualites\/","logo":{"@type":"ImageObject","inLanguage":"fr-BE","@id":"https:\/\/vieassociative.be\/actualites\/#\/schema\/logo\/image\/","url":"https:\/\/vieassociative.be\/actualites\/wp-content\/uploads\/2024\/09\/cropped-vieassociative_favicon.ico.png","contentUrl":"https:\/\/vieassociative.be\/actualites\/wp-content\/uploads\/2024\/09\/cropped-vieassociative_favicon.ico.png","width":512,"height":512,"caption":"Vie Associative"},"image":{"@id":"https:\/\/vieassociative.be\/actualites\/#\/schema\/logo\/image\/"}},{"@type":"Person","@id":"https:\/\/vieassociative.be\/actualites\/#\/schema\/person\/b87ac4f82f9d4e7b7cec7395b679edc4","name":"Julien","image":{"@type":"ImageObject","inLanguage":"fr-BE","@id":"https:\/\/vieassociative.be\/actualites\/#\/schema\/person\/image\/","url":"https:\/\/vieassociative.be\/actualites\/wp-content\/uploads\/2024\/09\/vie-associative-1-150x150.jpg","contentUrl":"https:\/\/vieassociative.be\/actualites\/wp-content\/uploads\/2024\/09\/vie-associative-1-150x150.jpg","caption":"Julien"},"description":"Je suis Julien, r\u00e9dacteur pour Vie Associative. Passionn\u00e9 par le monde associatif depuis plus de 10 ans, j'ai \u00e0 c\u0153ur de partager des histoires inspirantes et de mettre en lumi\u00e8re les initiatives locales. Mon objectif est de sensibiliser et d'encourager l'engagement communautaire \u00e0 travers mes articles.","sameAs":["https:\/\/vieassociative.be\/"]}]}},"_links":{"self":[{"href":"https:\/\/vieassociative.be\/actualites\/wp-json\/wp\/v2\/posts\/7509"}],"collection":[{"href":"https:\/\/vieassociative.be\/actualites\/wp-json\/wp\/v2\/posts"}],"about":[{"href":"https:\/\/vieassociative.be\/actualites\/wp-json\/wp\/v2\/types\/post"}],"author":[{"embeddable":true,"href":"https:\/\/vieassociative.be\/actualites\/wp-json\/wp\/v2\/users\/1"}],"replies":[{"embeddable":true,"href":"https:\/\/vieassociative.be\/actualites\/wp-json\/wp\/v2\/comments?post=7509"}],"version-history":[{"count":0,"href":"https:\/\/vieassociative.be\/actualites\/wp-json\/wp\/v2\/posts\/7509\/revisions"}],"wp:featuredmedia":[{"embeddable":true,"href":"https:\/\/vieassociative.be\/actualites\/wp-json\/wp\/v2\/media\/7510"}],"wp:attachment":[{"href":"https:\/\/vieassociative.be\/actualites\/wp-json\/wp\/v2\/media?parent=7509"}],"wp:term":[{"taxonomy":"category","embeddable":true,"href":"https:\/\/vieassociative.be\/actualites\/wp-json\/wp\/v2\/categories?post=7509"},{"taxonomy":"post_tag","embeddable":true,"href":"https:\/\/vieassociative.be\/actualites\/wp-json\/wp\/v2\/tags?post=7509"}],"curies":[{"name":"wp","href":"https:\/\/api.w.org\/{rel}","templated":true}]}}