{"id":7507,"date":"2025-05-12T21:20:01","date_gmt":"2025-05-12T19:20:01","guid":{"rendered":"https:\/\/vieassociative.be\/actualites\/utilisez-noir-pour-forcer-le-mode-sombre-dans-safari\/"},"modified":"2025-05-12T21:20:01","modified_gmt":"2025-05-12T19:20:01","slug":"utilisez-noir-pour-forcer-le-mode-sombre-dans-safari","status":"publish","type":"post","link":"https:\/\/vieassociative.be\/actualites\/utilisez-noir-pour-forcer-le-mode-sombre-dans-safari\/","title":{"rendered":"Utilisez \u00abNoir\u00bb pour forcer le mode sombre dans Safari"},"content":{"rendered":"<div class=\"mt-4 leading-6 md:mb-8\">Les sites Web brillants ruinent le mode sombre. Cette application corrige cela.<\/div>\n<p><\/p>\n<p>En venant sur un site Web l\u00e9ger en mode sombre, vous avez envie de briller une ampoule directement dans vos yeux. Noir est une extension pour Safari qui ajoute automatiquement un mode sombre aux sites Web par ailleurs brillants.<\/p>\n<p>Les syst\u00e8mes d&rsquo;exploitation modernes, y compris les appareils Apple, offrent une sorte de mode sombre large du syst\u00e8me qui met un texte clair sur des arri\u00e8re-plans sombres au lieu du noir sur blanc plus traditionnel. Fondamentalement, toutes les applications respectent le param\u00e8tre \u00e0 l&rsquo;\u00e9chelle du syst\u00e8me \u00e0 ce stade, mais de nombreux sites Web ne le font pas. Noir aide en modifiant les sites Web que vous parcourez afin qu&rsquo;ils offrent du texte l\u00e9ger sur un fond sombre, les for\u00e7ant efficacement \u00e0 prendre en charge le mode sombre.<\/p>\n<p>Je le teste depuis quelques jours et cela fonctionne tr\u00e8s bien, m\u00eame sur des applications Web comme Google Docs. Noir est li\u00e9 aux param\u00e8tres de votre syst\u00e8me par d\u00e9faut. Cela signifie qu&rsquo;il s&rsquo;applique uniquement au mode sombre aux sites Web lorsque votre appareil est d\u00e9fini sur le mode sombre, ce qui est id\u00e9al si vous basculez entre les deux r\u00e9guli\u00e8rement, ou si votre appareil passe automatiquement en mode sombre.<\/p>\n<p>Pour commencer, vous devez acheter et installer l&rsquo;application &#8211; cela co\u00fbte 2,99 $ pour iOS et 3,99 $ pour Mac (c&rsquo;est un achat unique &#8211; il n&rsquo;y a pas d&rsquo;abonnement). L&rsquo;application vous guide en ouvrant les param\u00e8tres dans Safari et en activant l&rsquo;extension sur tous les sites Web, ce qui est n\u00e9cessaire pour qu&rsquo;il fonctionne. Apr\u00e8s cela, lorsque le mode Dark est activ\u00e9, vous obtiendrez des versions sombres de tous les sites Web que vous visitez.<\/p>\n<p>Pour la plupart, vous pouvez simplement cesser de penser \u00e0 l&rsquo;application \u00e0 ce stade &#8211; il ne fera que son truc en arri\u00e8re-plan. Si vous souhaitez configurer un peu les choses, ou si un site Web particulier ne fonctionne pas bien avec la modification, vous pouvez cliquer sur l&rsquo;ic\u00f4ne Noir pour modifier les param\u00e8tres. Vous pouvez d\u00e9cider de d\u00e9sactiver l&rsquo;extension du site actuel. Vous pouvez \u00e9galement choisir un th\u00e8me personnalis\u00e9 pour le site actuel. Il y a quatre th\u00e8mes offerts &#8211; noir, le plus sombre des quatre; Sombre, la valeur par d\u00e9faut; Gray, une option plus l\u00e9g\u00e8re avec moins de contrat; et S\u00e9pia, le th\u00e8me le plus l\u00e9ger offert.<\/p>\n<div class=\"pogoClear relative my-10 border-b-(1.5px) border-t-(1.5px) border-dashed border-black py-5 sm:my-14 sm:border-0 sm:py-0\" data-ga-click data-ga-template=\"How-To\" data-ga-module=\"openweb_widget\" data-ga-element=\"openweb_scroll\" data-ga-item=\"openweb_scroll_midpage\" x-cloak x-data=\"{ commentsCount: null, hasComments: false }\" x-init=\"commentsCount = await window.openweb.getMessagesCount(01JV2V7XRND0XTPXWMRZ6FZACY);\n     hasComments = commentsCount !== null &amp;&amp; commentsCount &gt; 0\"><\/p>\n<div class=\"absolute top-1\/2 hidden w-full -translate-y-1\/2 border-t-(1.5px) border-dashed border-black sm:block\"><\/div>\n<div class=\"relative flex justify-center\">\n<div class=\"flex max-w-max items-center gap-x-3 bg-white px-5\">\n<div class=\"relative\">\n                <span class=\"absolute left-1\/2 top-1\/2 -translate-x-1\/2 -translate-y-1\/2 font-akshar text-sm font-medium text-black\" x-show=\"hasComments\" x-text=\"commentsCount\"><\/span><\/p>\n<p>                <svg class=\"h-8 w-8 text-black\">\n                    <use href=\"http:\/\/lifehacker.com\/images\/icons\/spritemap.svg#sprite-chat-bubble\"><\/use>\n                <\/svg>\n            <\/div>\n<p>            <span class=\"text-sm font-medium text-black\"><\/p>\n<p>                Que pensez-vous jusqu&rsquo;\u00e0 pr\u00e9sent?<br \/>\n                <button class=\"font-semibold text-brand-green underline hover:text-brand-green-700\" onclick=\"window.openweb.scrollToComments('01JV2V7XRND0XTPXWMRZ6FZACY')\" x-text=\"hasComments ? 'Post a comment.' : 'Be the first to post a comment.'\"><\/button><br \/>\n            <\/span>\n        <\/div>\n<\/p><\/div>\n<\/div>\n<div class=\"eloquent-imagery-image\">\n<div class=\"flex justify-center\">\n                    <img decoding=\"async\" class=\"border border-gray-100\" src=\"https:\/\/vieassociative.be\/actualites\/wp-content\/uploads\/2025\/05\/Utilisez-Noir-pour-forcer-le-mode-sombre-dans-Safari.png\" alt=\"Le panneau Param\u00e8tres, permettant \u00e0 l'utilisateur de choisir un th\u00e8me pour le site actuel ou de d\u00e9sactiver le mode sombre pour le site.\" width=\"2000\" height=\"1300\" loading=\"lazy\"  >\n            <\/div>\n<\/p><\/div>\n<p>C&rsquo;est bien d&rsquo;avoir quelques options, en particulier si la valeur par d\u00e9faut n&rsquo;a pas fi\u00e8re allure sur un site particulier. Et vous pouvez modifier quelques options \u00e0 l&rsquo;\u00e9chelle du syst\u00e8me en ouvrant l&rsquo;application elle-m\u00eame. Vous pouvez choisir l&rsquo;un des quatre th\u00e8mes comme d\u00e9faut, ce qui est bien si vous finissez par pr\u00e9f\u00e9rer l&rsquo;un d&rsquo;eux.<\/p>\n<div class=\"eloquent-imagery-image\">\n<div class=\"flex justify-center\">\n                    <img decoding=\"async\" class=\"border border-gray-100\" src=\"https:\/\/vieassociative.be\/actualites\/wp-content\/uploads\/2025\/05\/1747077601_19_Utilisez-Noir-pour-forcer-le-mode-sombre-dans-Safari.png\" alt=\"Les param\u00e8tres de Noir sur un Mac, permettant \u00e0 l'utilisateur de choisir un th\u00e8me par d\u00e9faut et de configurer les raccourcis clavier.\" width=\"2000\" height=\"921\" loading=\"lazy\"  >\n            <\/div>\n<\/p><\/div>\n<p>Il y a \u00e9galement une prise en charge des raccourcis clavier, si vous utilisez un Mac, vous permettant d&rsquo;activer et de d\u00e9sactiver le th\u00e8me sombre du site Web que vous regardez en ce moment ou m\u00eame de basculer entre les th\u00e8mes.<\/p>\n<p>Il s&rsquo;agit d&rsquo;une application simple, accord\u00e9e, mais elle r\u00e9alise ce qu&rsquo;elle promet. Cela vaut facilement quelques dollars si vous \u00eates un utilisateur d\u00e9di\u00e9 en mode sombre qui ne supporte pas de sites Web brillants.<\/p>\n","protected":false},"excerpt":{"rendered":"<p>Les sites Web brillants ruinent le mode sombre. Cette application corrige cela. En venant sur un site Web l\u00e9ger en mode sombre, vous avez envie<\/p>\n","protected":false},"author":1,"featured_media":7508,"comment_status":"","ping_status":"","sticky":false,"template":"","format":"standard","meta":{"footnotes":""},"categories":[13],"tags":[166,1394,2050,103,81,2076,3863,105],"class_list":["post-7507","post","type-post","status-publish","format-standard","has-post-thumbnail","hentry","category-technologie","tag-dans","tag-forcer","tag-mode","tag-noir","tag-pour","tag-safari","tag-sombre","tag-utilisez","generate-columns","tablet-grid-50","mobile-grid-100","grid-parent","grid-33"],"yoast_head":"<!-- This site is optimized with the Yoast SEO plugin v24.0 - https:\/\/yoast.com\/wordpress\/plugins\/seo\/ -->\n<title>Utilisez \u00abNoir\u00bb pour forcer le mode sombre dans Safari | Vie Associative<\/title>\n<meta name=\"robots\" content=\"index, follow, max-snippet:-1, max-image-preview:large, max-video-preview:-1\" \/>\n<link rel=\"canonical\" href=\"https:\/\/vieassociative.be\/actualites\/utilisez-noir-pour-forcer-le-mode-sombre-dans-safari\/\" \/>\n<meta property=\"og:locale\" content=\"fr_FR\" \/>\n<meta property=\"og:type\" content=\"article\" \/>\n<meta property=\"og:title\" content=\"Utilisez \u00abNoir\u00bb pour forcer le mode sombre dans Safari | Vie Associative\" \/>\n<meta property=\"og:description\" content=\"Les sites Web brillants ruinent le mode sombre. Cette application corrige cela. En venant sur un site Web l\u00e9ger en mode sombre, vous avez envie\" \/>\n<meta property=\"og:url\" content=\"https:\/\/vieassociative.be\/actualites\/utilisez-noir-pour-forcer-le-mode-sombre-dans-safari\/\" \/>\n<meta property=\"og:site_name\" content=\"Vie Associative\" \/>\n<meta property=\"article:published_time\" content=\"2025-05-12T19:20:01+00:00\" \/>\n<meta property=\"og:image\" content=\"https:\/\/vieassociative.be\/actualites\/wp-content\/uploads\/2025\/05\/Utilisez-Noir-pour-forcer-le-mode-sombre-dans-Safari.png\" \/>\n<meta name=\"author\" content=\"Julien\" \/>\n<meta name=\"twitter:card\" content=\"summary_large_image\" \/>\n<meta name=\"twitter:label1\" content=\"\u00c9crit par\" \/>\n\t<meta name=\"twitter:data1\" content=\"Julien\" \/>\n\t<meta name=\"twitter:label2\" content=\"Dur\u00e9e de lecture est.\" \/>\n\t<meta name=\"twitter:data2\" content=\"3 minutes\" \/>\n<script type=\"application\/ld+json\" class=\"yoast-schema-graph\">{\"@context\":\"https:\/\/schema.org\",\"@graph\":[{\"@type\":\"Article\",\"@id\":\"https:\/\/vieassociative.be\/actualites\/utilisez-noir-pour-forcer-le-mode-sombre-dans-safari\/#article\",\"isPartOf\":{\"@id\":\"https:\/\/vieassociative.be\/actualites\/utilisez-noir-pour-forcer-le-mode-sombre-dans-safari\/\"},\"author\":{\"name\":\"Julien\",\"@id\":\"https:\/\/vieassociative.be\/actualites\/#\/schema\/person\/b87ac4f82f9d4e7b7cec7395b679edc4\"},\"headline\":\"Utilisez \u00abNoir\u00bb pour forcer le mode sombre dans Safari\",\"datePublished\":\"2025-05-12T19:20:01+00:00\",\"dateModified\":\"2025-05-12T19:20:01+00:00\",\"mainEntityOfPage\":{\"@id\":\"https:\/\/vieassociative.be\/actualites\/utilisez-noir-pour-forcer-le-mode-sombre-dans-safari\/\"},\"wordCount\":602,\"publisher\":{\"@id\":\"https:\/\/vieassociative.be\/actualites\/#organization\"},\"image\":{\"@id\":\"https:\/\/vieassociative.be\/actualites\/utilisez-noir-pour-forcer-le-mode-sombre-dans-safari\/#primaryimage\"},\"thumbnailUrl\":\"https:\/\/vieassociative.be\/actualites\/wp-content\/uploads\/2025\/05\/1747077602_Utilisez-Noir-pour-forcer-le-mode-sombre-dans-Safari.png\",\"keywords\":[\"dans\",\"forcer\",\"mode\",\"noir\",\"pour\",\"Safari\",\"sombre\",\"Utilisez\"],\"articleSection\":[\"Technologie\"],\"inLanguage\":\"fr-BE\"},{\"@type\":\"WebPage\",\"@id\":\"https:\/\/vieassociative.be\/actualites\/utilisez-noir-pour-forcer-le-mode-sombre-dans-safari\/\",\"url\":\"https:\/\/vieassociative.be\/actualites\/utilisez-noir-pour-forcer-le-mode-sombre-dans-safari\/\",\"name\":\"Utilisez \u00abNoir\u00bb pour forcer le mode sombre dans Safari | Vie Associative\",\"isPartOf\":{\"@id\":\"https:\/\/vieassociative.be\/actualites\/#website\"},\"primaryImageOfPage\":{\"@id\":\"https:\/\/vieassociative.be\/actualites\/utilisez-noir-pour-forcer-le-mode-sombre-dans-safari\/#primaryimage\"},\"image\":{\"@id\":\"https:\/\/vieassociative.be\/actualites\/utilisez-noir-pour-forcer-le-mode-sombre-dans-safari\/#primaryimage\"},\"thumbnailUrl\":\"https:\/\/vieassociative.be\/actualites\/wp-content\/uploads\/2025\/05\/1747077602_Utilisez-Noir-pour-forcer-le-mode-sombre-dans-Safari.png\",\"datePublished\":\"2025-05-12T19:20:01+00:00\",\"dateModified\":\"2025-05-12T19:20:01+00:00\",\"breadcrumb\":{\"@id\":\"https:\/\/vieassociative.be\/actualites\/utilisez-noir-pour-forcer-le-mode-sombre-dans-safari\/#breadcrumb\"},\"inLanguage\":\"fr-BE\",\"potentialAction\":[{\"@type\":\"ReadAction\",\"target\":[\"https:\/\/vieassociative.be\/actualites\/utilisez-noir-pour-forcer-le-mode-sombre-dans-safari\/\"]}]},{\"@type\":\"ImageObject\",\"inLanguage\":\"fr-BE\",\"@id\":\"https:\/\/vieassociative.be\/actualites\/utilisez-noir-pour-forcer-le-mode-sombre-dans-safari\/#primaryimage\",\"url\":\"https:\/\/vieassociative.be\/actualites\/wp-content\/uploads\/2025\/05\/1747077602_Utilisez-Noir-pour-forcer-le-mode-sombre-dans-Safari.png\",\"contentUrl\":\"https:\/\/vieassociative.be\/actualites\/wp-content\/uploads\/2025\/05\/1747077602_Utilisez-Noir-pour-forcer-le-mode-sombre-dans-Safari.png\",\"width\":1200,\"height\":675,\"caption\":\"Utilisez \u00abNoir\u00bb pour forcer le mode sombre dans Safari\"},{\"@type\":\"BreadcrumbList\",\"@id\":\"https:\/\/vieassociative.be\/actualites\/utilisez-noir-pour-forcer-le-mode-sombre-dans-safari\/#breadcrumb\",\"itemListElement\":[{\"@type\":\"ListItem\",\"position\":1,\"name\":\"Accueil\",\"item\":\"https:\/\/vieassociative.be\/actualites\/\"},{\"@type\":\"ListItem\",\"position\":2,\"name\":\"Utilisez \u00abNoir\u00bb pour forcer le mode sombre dans Safari\"}]},{\"@type\":\"WebSite\",\"@id\":\"https:\/\/vieassociative.be\/actualites\/#website\",\"url\":\"https:\/\/vieassociative.be\/actualites\/\",\"name\":\"Vie Associative\",\"description\":\"\",\"publisher\":{\"@id\":\"https:\/\/vieassociative.be\/actualites\/#organization\"},\"potentialAction\":[{\"@type\":\"SearchAction\",\"target\":{\"@type\":\"EntryPoint\",\"urlTemplate\":\"https:\/\/vieassociative.be\/actualites\/?s={search_term_string}\"},\"query-input\":{\"@type\":\"PropertyValueSpecification\",\"valueRequired\":true,\"valueName\":\"search_term_string\"}}],\"inLanguage\":\"fr-BE\"},{\"@type\":\"Organization\",\"@id\":\"https:\/\/vieassociative.be\/actualites\/#organization\",\"name\":\"Vie Associative\",\"url\":\"https:\/\/vieassociative.be\/actualites\/\",\"logo\":{\"@type\":\"ImageObject\",\"inLanguage\":\"fr-BE\",\"@id\":\"https:\/\/vieassociative.be\/actualites\/#\/schema\/logo\/image\/\",\"url\":\"https:\/\/vieassociative.be\/actualites\/wp-content\/uploads\/2024\/09\/cropped-vieassociative_favicon.ico.png\",\"contentUrl\":\"https:\/\/vieassociative.be\/actualites\/wp-content\/uploads\/2024\/09\/cropped-vieassociative_favicon.ico.png\",\"width\":512,\"height\":512,\"caption\":\"Vie Associative\"},\"image\":{\"@id\":\"https:\/\/vieassociative.be\/actualites\/#\/schema\/logo\/image\/\"}},{\"@type\":\"Person\",\"@id\":\"https:\/\/vieassociative.be\/actualites\/#\/schema\/person\/b87ac4f82f9d4e7b7cec7395b679edc4\",\"name\":\"Julien\",\"image\":{\"@type\":\"ImageObject\",\"inLanguage\":\"fr-BE\",\"@id\":\"https:\/\/vieassociative.be\/actualites\/#\/schema\/person\/image\/\",\"url\":\"https:\/\/vieassociative.be\/actualites\/wp-content\/uploads\/2024\/09\/vie-associative-1-150x150.jpg\",\"contentUrl\":\"https:\/\/vieassociative.be\/actualites\/wp-content\/uploads\/2024\/09\/vie-associative-1-150x150.jpg\",\"caption\":\"Julien\"},\"description\":\"Je suis Julien, r\u00e9dacteur pour Vie Associative. Passionn\u00e9 par le monde associatif depuis plus de 10 ans, j'ai \u00e0 c\u0153ur de partager des histoires inspirantes et de mettre en lumi\u00e8re les initiatives locales. Mon objectif est de sensibiliser et d'encourager l'engagement communautaire \u00e0 travers mes articles.\",\"sameAs\":[\"https:\/\/vieassociative.be\/\"]}]}<\/script>\n<!-- \/ Yoast SEO plugin. -->","yoast_head_json":{"title":"Utilisez \u00abNoir\u00bb pour forcer le mode sombre dans Safari | Vie Associative","robots":{"index":"index","follow":"follow","max-snippet":"max-snippet:-1","max-image-preview":"max-image-preview:large","max-video-preview":"max-video-preview:-1"},"canonical":"https:\/\/vieassociative.be\/actualites\/utilisez-noir-pour-forcer-le-mode-sombre-dans-safari\/","og_locale":"fr_FR","og_type":"article","og_title":"Utilisez \u00abNoir\u00bb pour forcer le mode sombre dans Safari | Vie Associative","og_description":"Les sites Web brillants ruinent le mode sombre. Cette application corrige cela. En venant sur un site Web l\u00e9ger en mode sombre, vous avez envie","og_url":"https:\/\/vieassociative.be\/actualites\/utilisez-noir-pour-forcer-le-mode-sombre-dans-safari\/","og_site_name":"Vie Associative","article_published_time":"2025-05-12T19:20:01+00:00","og_image":[{"url":"https:\/\/vieassociative.be\/actualites\/wp-content\/uploads\/2025\/05\/Utilisez-Noir-pour-forcer-le-mode-sombre-dans-Safari.png","type":"","width":"","height":""}],"author":"Julien","twitter_card":"summary_large_image","twitter_misc":{"\u00c9crit par":"Julien","Dur\u00e9e de lecture est.":"3 minutes"},"schema":{"@context":"https:\/\/schema.org","@graph":[{"@type":"Article","@id":"https:\/\/vieassociative.be\/actualites\/utilisez-noir-pour-forcer-le-mode-sombre-dans-safari\/#article","isPartOf":{"@id":"https:\/\/vieassociative.be\/actualites\/utilisez-noir-pour-forcer-le-mode-sombre-dans-safari\/"},"author":{"name":"Julien","@id":"https:\/\/vieassociative.be\/actualites\/#\/schema\/person\/b87ac4f82f9d4e7b7cec7395b679edc4"},"headline":"Utilisez \u00abNoir\u00bb pour forcer le mode sombre dans Safari","datePublished":"2025-05-12T19:20:01+00:00","dateModified":"2025-05-12T19:20:01+00:00","mainEntityOfPage":{"@id":"https:\/\/vieassociative.be\/actualites\/utilisez-noir-pour-forcer-le-mode-sombre-dans-safari\/"},"wordCount":602,"publisher":{"@id":"https:\/\/vieassociative.be\/actualites\/#organization"},"image":{"@id":"https:\/\/vieassociative.be\/actualites\/utilisez-noir-pour-forcer-le-mode-sombre-dans-safari\/#primaryimage"},"thumbnailUrl":"https:\/\/vieassociative.be\/actualites\/wp-content\/uploads\/2025\/05\/1747077602_Utilisez-Noir-pour-forcer-le-mode-sombre-dans-Safari.png","keywords":["dans","forcer","mode","noir","pour","Safari","sombre","Utilisez"],"articleSection":["Technologie"],"inLanguage":"fr-BE"},{"@type":"WebPage","@id":"https:\/\/vieassociative.be\/actualites\/utilisez-noir-pour-forcer-le-mode-sombre-dans-safari\/","url":"https:\/\/vieassociative.be\/actualites\/utilisez-noir-pour-forcer-le-mode-sombre-dans-safari\/","name":"Utilisez \u00abNoir\u00bb pour forcer le mode sombre dans Safari | Vie Associative","isPartOf":{"@id":"https:\/\/vieassociative.be\/actualites\/#website"},"primaryImageOfPage":{"@id":"https:\/\/vieassociative.be\/actualites\/utilisez-noir-pour-forcer-le-mode-sombre-dans-safari\/#primaryimage"},"image":{"@id":"https:\/\/vieassociative.be\/actualites\/utilisez-noir-pour-forcer-le-mode-sombre-dans-safari\/#primaryimage"},"thumbnailUrl":"https:\/\/vieassociative.be\/actualites\/wp-content\/uploads\/2025\/05\/1747077602_Utilisez-Noir-pour-forcer-le-mode-sombre-dans-Safari.png","datePublished":"2025-05-12T19:20:01+00:00","dateModified":"2025-05-12T19:20:01+00:00","breadcrumb":{"@id":"https:\/\/vieassociative.be\/actualites\/utilisez-noir-pour-forcer-le-mode-sombre-dans-safari\/#breadcrumb"},"inLanguage":"fr-BE","potentialAction":[{"@type":"ReadAction","target":["https:\/\/vieassociative.be\/actualites\/utilisez-noir-pour-forcer-le-mode-sombre-dans-safari\/"]}]},{"@type":"ImageObject","inLanguage":"fr-BE","@id":"https:\/\/vieassociative.be\/actualites\/utilisez-noir-pour-forcer-le-mode-sombre-dans-safari\/#primaryimage","url":"https:\/\/vieassociative.be\/actualites\/wp-content\/uploads\/2025\/05\/1747077602_Utilisez-Noir-pour-forcer-le-mode-sombre-dans-Safari.png","contentUrl":"https:\/\/vieassociative.be\/actualites\/wp-content\/uploads\/2025\/05\/1747077602_Utilisez-Noir-pour-forcer-le-mode-sombre-dans-Safari.png","width":1200,"height":675,"caption":"Utilisez \u00abNoir\u00bb pour forcer le mode sombre dans Safari"},{"@type":"BreadcrumbList","@id":"https:\/\/vieassociative.be\/actualites\/utilisez-noir-pour-forcer-le-mode-sombre-dans-safari\/#breadcrumb","itemListElement":[{"@type":"ListItem","position":1,"name":"Accueil","item":"https:\/\/vieassociative.be\/actualites\/"},{"@type":"ListItem","position":2,"name":"Utilisez \u00abNoir\u00bb pour forcer le mode sombre dans Safari"}]},{"@type":"WebSite","@id":"https:\/\/vieassociative.be\/actualites\/#website","url":"https:\/\/vieassociative.be\/actualites\/","name":"Vie Associative","description":"","publisher":{"@id":"https:\/\/vieassociative.be\/actualites\/#organization"},"potentialAction":[{"@type":"SearchAction","target":{"@type":"EntryPoint","urlTemplate":"https:\/\/vieassociative.be\/actualites\/?s={search_term_string}"},"query-input":{"@type":"PropertyValueSpecification","valueRequired":true,"valueName":"search_term_string"}}],"inLanguage":"fr-BE"},{"@type":"Organization","@id":"https:\/\/vieassociative.be\/actualites\/#organization","name":"Vie Associative","url":"https:\/\/vieassociative.be\/actualites\/","logo":{"@type":"ImageObject","inLanguage":"fr-BE","@id":"https:\/\/vieassociative.be\/actualites\/#\/schema\/logo\/image\/","url":"https:\/\/vieassociative.be\/actualites\/wp-content\/uploads\/2024\/09\/cropped-vieassociative_favicon.ico.png","contentUrl":"https:\/\/vieassociative.be\/actualites\/wp-content\/uploads\/2024\/09\/cropped-vieassociative_favicon.ico.png","width":512,"height":512,"caption":"Vie Associative"},"image":{"@id":"https:\/\/vieassociative.be\/actualites\/#\/schema\/logo\/image\/"}},{"@type":"Person","@id":"https:\/\/vieassociative.be\/actualites\/#\/schema\/person\/b87ac4f82f9d4e7b7cec7395b679edc4","name":"Julien","image":{"@type":"ImageObject","inLanguage":"fr-BE","@id":"https:\/\/vieassociative.be\/actualites\/#\/schema\/person\/image\/","url":"https:\/\/vieassociative.be\/actualites\/wp-content\/uploads\/2024\/09\/vie-associative-1-150x150.jpg","contentUrl":"https:\/\/vieassociative.be\/actualites\/wp-content\/uploads\/2024\/09\/vie-associative-1-150x150.jpg","caption":"Julien"},"description":"Je suis Julien, r\u00e9dacteur pour Vie Associative. Passionn\u00e9 par le monde associatif depuis plus de 10 ans, j'ai \u00e0 c\u0153ur de partager des histoires inspirantes et de mettre en lumi\u00e8re les initiatives locales. Mon objectif est de sensibiliser et d'encourager l'engagement communautaire \u00e0 travers mes articles.","sameAs":["https:\/\/vieassociative.be\/"]}]}},"_links":{"self":[{"href":"https:\/\/vieassociative.be\/actualites\/wp-json\/wp\/v2\/posts\/7507"}],"collection":[{"href":"https:\/\/vieassociative.be\/actualites\/wp-json\/wp\/v2\/posts"}],"about":[{"href":"https:\/\/vieassociative.be\/actualites\/wp-json\/wp\/v2\/types\/post"}],"author":[{"embeddable":true,"href":"https:\/\/vieassociative.be\/actualites\/wp-json\/wp\/v2\/users\/1"}],"replies":[{"embeddable":true,"href":"https:\/\/vieassociative.be\/actualites\/wp-json\/wp\/v2\/comments?post=7507"}],"version-history":[{"count":0,"href":"https:\/\/vieassociative.be\/actualites\/wp-json\/wp\/v2\/posts\/7507\/revisions"}],"wp:featuredmedia":[{"embeddable":true,"href":"https:\/\/vieassociative.be\/actualites\/wp-json\/wp\/v2\/media\/7508"}],"wp:attachment":[{"href":"https:\/\/vieassociative.be\/actualites\/wp-json\/wp\/v2\/media?parent=7507"}],"wp:term":[{"taxonomy":"category","embeddable":true,"href":"https:\/\/vieassociative.be\/actualites\/wp-json\/wp\/v2\/categories?post=7507"},{"taxonomy":"post_tag","embeddable":true,"href":"https:\/\/vieassociative.be\/actualites\/wp-json\/wp\/v2\/tags?post=7507"}],"curies":[{"name":"wp","href":"https:\/\/api.w.org\/{rel}","templated":true}]}}