{"id":7501,"date":"2025-05-12T16:17:11","date_gmt":"2025-05-12T14:17:11","guid":{"rendered":"https:\/\/vieassociative.be\/actualites\/les-jeunes-specialistes-nont-pas-envie-de-changer-y-aura-t-il-des-services-obligatoires-sur-les-services-a-lavenir\/"},"modified":"2025-05-12T16:17:11","modified_gmt":"2025-05-12T14:17:11","slug":"les-jeunes-specialistes-nont-pas-envie-de-changer-y-aura-t-il-des-services-obligatoires-sur-les-services-a-lavenir","status":"publish","type":"post","link":"https:\/\/vieassociative.be\/actualites\/les-jeunes-specialistes-nont-pas-envie-de-changer-y-aura-t-il-des-services-obligatoires-sur-les-services-a-lavenir\/","title":{"rendered":"Les jeunes sp\u00e9cialistes n&rsquo;ont pas envie de changer &#8211; y aura-t-il des services obligatoires sur les services \u00e0 l&rsquo;avenir?"},"content":{"rendered":"<p><strong>\u00abOrient Belgique directement\u00bb a d\u00e9j\u00e0 signal\u00e9 des d\u00e9fauts dans le service ON-Call des pharmacies et des dentistes. Cependant, il y a g\u00e9n\u00e9ralement des probl\u00e8mes dans les soins de sant\u00e9, car le changement de g\u00e9n\u00e9ration provoque \u00e9galement des probl\u00e8mes avec des sp\u00e9cialistes qui sont \u00e9galement discut\u00e9s cette semaine au Parlement DG.<\/strong><\/p>\n<p><span id=\"more-415386\"><\/span>L&rsquo;occasion est une question orale que la d\u00e9put\u00e9e vivante Diana Stiel jugera mercredi dans le cadre du contr\u00f4le mensuel du gouvernement au ministre de la Sant\u00e9 Lydia Klinkenberg (ProDG).<\/p>\n<p>Stiel s&rsquo;appuie, entre autres, \u00e0 une d\u00e9claration de Tom Van Leemput, m\u00e9decin en chef de l&rsquo;h\u00f4pital Eupener, dans l&rsquo;\u00e9cho de la fronti\u00e8re, selon lequel les travaux de quart de travail ne sont plus une question bien s\u00fbr pour la jeune g\u00e9n\u00e9ration de m\u00e9decins.<\/p>\n<div id=\"attachment_415393\" class=\"wp-caption alignnone\" style=\"max-width: 300px\"><img fetchpriority=\"high\" decoding=\"async\" class=\"size-medium wp-image-415393\" src=\"https:\/\/vieassociative.be\/actualites\/wp-content\/uploads\/2025\/05\/Les-jeunes-specialistes-nont-pas-envie-de-changer-y.jpg\" alt=\"\" width=\"300\" height=\"200\"  ><\/p>\n<p class=\"wp-caption-text\">La d\u00e9put\u00e9e de Vivant Diana Stiel (L) et le ministre de la Sant\u00e9 de la DG Lydia Klinkenberg (R). Photos: Patrick von Staufenberg<\/p>\n<\/div>\n<p>Au lieu de \u00ab\u00a0l&rsquo;\u00e9quilibre entre vie professionnelle et vie priv\u00e9e\u00a0\u00bb, Van Leemput voulait \u00ab\u00a0plus de travail que l&rsquo;\u00e9quilibre entre la vie de la vie\u00a0\u00bb que les sp\u00e9cialistes \u00ab\u00a0avaient une obligation morale de la population \u00e0 faire ces services de garde\u00a0\u00bb, a d\u00e9clar\u00e9 Stiel dans sa question \u00e0 Klinkenberg.<\/p>\n<p>\u00ab\u00a0Nous sommes d&rsquo;accord avec le Dr Van Leemput\u00a0\u00bb, a d\u00e9clar\u00e9 le d\u00e9put\u00e9 Vivant: \u00ab\u00a0Si \u00e0 Bruxelles, si chaque sp\u00e9cialiste \u00e9tait oblig\u00e9 de prendre des services de secours dans sa r\u00e9gion, le probl\u00e8me serait r\u00e9solu.\u00a0\u00bb<\/p>\n<p>\u00c9tant donn\u00e9 qu&rsquo;une conf\u00e9rence intermimale sur le sujet des services obligatoires sur les appels a eu lieu \u00e0 Bruxelles en mars 2025, Stiel du ministre Klinkenberg veut le savoir: le sujet des services obligatoires sur les services \u00e0 la conf\u00e9rence interminist\u00e9rielle a-t-il abord\u00e9? Si oui, comment \u00e9tait le t\u00e9nor? (Cre)<\/p>\n<p><em><strong>Sur le sujet, voir \u00e9galement l&rsquo;article suivant sur OD:<\/strong><\/em><\/p>\n<div class=\"responsive-embed widescreen\">\n<blockquote class=\"wp-embedded-content\" data-secret=\"ej5DFplFQ1\">\n<p>De longs voyages pour les m\u00e9dicaments n\u00e9cessaires pour urgence: les pharmacies en service de secours restent une nuisance<\/p>\n<\/blockquote>\n<p><iframe loading=\"lazy\" class=\"wp-embedded-content\" sandbox=\"allow-scripts\" security=\"restricted\" style=\"position: absolute; visibility: hidden;\" title=\"\u201eLange Fahrten f\u00fcr dringend ben\u00f6tigtes Medikament: Bereitschaftsdienst der Apotheken bleibt ein \u00c4rgernis\u201c \u2014 Ostbelgien Direkt\" src=\"https:\/\/ostbelgiendirekt.be\/about:blank\" data-secret=\"ej5DFplFQ1\" width=\"500\" height=\"282\" frameborder=\"0\" marginwidth=\"0\" marginheight=\"0\" scrolling=\"no\" data-rocket-lazyload=\"fitvidscompatible\" data-lazy-src=\"https:\/\/ostbelgiendirekt.be\/bereitschaftsdienst-der-apotheken-362203\/embed#?secret=jJ3HIiKNZz#?secret=ej5DFplFQ1\"><\/iframe><noscript><iframe class=\"wp-embedded-content\" sandbox=\"allow-scripts\" security=\"restricted\" style=\"position: absolute; visibility: hidden;\" title=\"\u201eLange Fahrten f\u00fcr dringend ben\u00f6tigtes Medikament: Bereitschaftsdienst der Apotheken bleibt ein \u00c4rgernis\u201c \u2014 Ostbelgien Direkt\" src=\"https:\/\/ostbelgiendirekt.be\/bereitschaftsdienst-der-apotheken-362203\/embed#?secret=jJ3HIiKNZz#?secret=ej5DFplFQ1\" data-secret=\"ej5DFplFQ1\" width=\"500\" height=\"282\" frameborder=\"0\" marginwidth=\"0\" marginheight=\"0\" scrolling=\"no\"><\/iframe><\/noscript><\/p>\n<\/div>\n","protected":false},"excerpt":{"rendered":"<p>\u00abOrient Belgique directement\u00bb a d\u00e9j\u00e0 signal\u00e9 des d\u00e9fauts dans le service ON-Call des pharmacies et des dentistes. Cependant, il y a g\u00e9n\u00e9ralement des probl\u00e8mes dans<\/p>\n","protected":false},"author":1,"featured_media":7502,"comment_status":"","ping_status":"","sticky":false,"template":"","format":"standard","meta":{"footnotes":""},"categories":[298],"tags":[6959,1360,29,6958,5859,2274,14,4345,6960,126,1427,6957,33],"class_list":["post-7501","post","type-post","status-publish","format-standard","has-post-thumbnail","hentry","category-belgique","tag-auratil","tag-changer","tag-des","tag-envie","tag-jeunes","tag-lavenir","tag-les","tag-nont","tag-obligatoires","tag-pas","tag-services","tag-specialistes","tag-sur","generate-columns","tablet-grid-50","mobile-grid-100","grid-parent","grid-33"],"yoast_head":"<!-- This site is optimized with the Yoast SEO plugin v24.0 - https:\/\/yoast.com\/wordpress\/plugins\/seo\/ -->\n<title>Les jeunes sp\u00e9cialistes n&#039;ont pas envie de changer - y aura-t-il des services obligatoires sur les services \u00e0 l&#039;avenir? | Vie Associative<\/title>\n<meta name=\"robots\" content=\"index, follow, max-snippet:-1, max-image-preview:large, max-video-preview:-1\" \/>\n<link rel=\"canonical\" href=\"https:\/\/vieassociative.be\/actualites\/les-jeunes-specialistes-nont-pas-envie-de-changer-y-aura-t-il-des-services-obligatoires-sur-les-services-a-lavenir\/\" \/>\n<meta property=\"og:locale\" content=\"fr_FR\" \/>\n<meta property=\"og:type\" content=\"article\" \/>\n<meta property=\"og:title\" content=\"Les jeunes sp\u00e9cialistes n&#039;ont pas envie de changer - y aura-t-il des services obligatoires sur les services \u00e0 l&#039;avenir? | Vie Associative\" \/>\n<meta property=\"og:description\" content=\"\u00abOrient Belgique directement\u00bb a d\u00e9j\u00e0 signal\u00e9 des d\u00e9fauts dans le service ON-Call des pharmacies et des dentistes. Cependant, il y a g\u00e9n\u00e9ralement des probl\u00e8mes dans\" \/>\n<meta property=\"og:url\" content=\"https:\/\/vieassociative.be\/actualites\/les-jeunes-specialistes-nont-pas-envie-de-changer-y-aura-t-il-des-services-obligatoires-sur-les-services-a-lavenir\/\" \/>\n<meta property=\"og:site_name\" content=\"Vie Associative\" \/>\n<meta property=\"article:published_time\" content=\"2025-05-12T14:17:11+00:00\" \/>\n<meta property=\"og:image\" content=\"https:\/\/vieassociative.be\/actualites\/wp-content\/uploads\/2024\/09\/header_backgroundk-01-e1726694325946.png\" \/>\n\t<meta property=\"og:image:width\" content=\"279\" \/>\n\t<meta property=\"og:image:height\" content=\"92\" \/>\n\t<meta property=\"og:image:type\" content=\"image\/png\" \/>\n<meta name=\"author\" content=\"Julien\" \/>\n<meta name=\"twitter:card\" content=\"summary_large_image\" \/>\n<meta name=\"twitter:label1\" content=\"\u00c9crit par\" \/>\n\t<meta name=\"twitter:data1\" content=\"Julien\" \/>\n\t<meta name=\"twitter:label2\" content=\"Dur\u00e9e de lecture est.\" \/>\n\t<meta name=\"twitter:data2\" content=\"2 minutes\" \/>\n<script type=\"application\/ld+json\" class=\"yoast-schema-graph\">{\"@context\":\"https:\/\/schema.org\",\"@graph\":[{\"@type\":\"Article\",\"@id\":\"https:\/\/vieassociative.be\/actualites\/les-jeunes-specialistes-nont-pas-envie-de-changer-y-aura-t-il-des-services-obligatoires-sur-les-services-a-lavenir\/#article\",\"isPartOf\":{\"@id\":\"https:\/\/vieassociative.be\/actualites\/les-jeunes-specialistes-nont-pas-envie-de-changer-y-aura-t-il-des-services-obligatoires-sur-les-services-a-lavenir\/\"},\"author\":{\"name\":\"Julien\",\"@id\":\"https:\/\/vieassociative.be\/actualites\/#\/schema\/person\/b87ac4f82f9d4e7b7cec7395b679edc4\"},\"headline\":\"Les jeunes sp\u00e9cialistes n&rsquo;ont pas envie de changer &#8211; y aura-t-il des services obligatoires sur les services \u00e0 l&rsquo;avenir?\",\"datePublished\":\"2025-05-12T14:17:11+00:00\",\"dateModified\":\"2025-05-12T14:17:11+00:00\",\"mainEntityOfPage\":{\"@id\":\"https:\/\/vieassociative.be\/actualites\/les-jeunes-specialistes-nont-pas-envie-de-changer-y-aura-t-il-des-services-obligatoires-sur-les-services-a-lavenir\/\"},\"wordCount\":365,\"publisher\":{\"@id\":\"https:\/\/vieassociative.be\/actualites\/#organization\"},\"image\":{\"@id\":\"https:\/\/vieassociative.be\/actualites\/les-jeunes-specialistes-nont-pas-envie-de-changer-y-aura-t-il-des-services-obligatoires-sur-les-services-a-lavenir\/#primaryimage\"},\"thumbnailUrl\":\"https:\/\/vieassociative.be\/actualites\/wp-content\/uploads\/2025\/05\/1747059431_Les-jeunes-specialistes-nont-pas-envie-de-changer-y.jpg\",\"keywords\":[\"auratil\",\"changer\",\"Des\",\"envie\",\"jeunes\",\"lavenir\",\"Les\",\"nont\",\"obligatoires\",\"pas\",\"services\",\"sp\u00e9cialistes\",\"sur\"],\"articleSection\":[\"Belgique\"],\"inLanguage\":\"fr-BE\"},{\"@type\":\"WebPage\",\"@id\":\"https:\/\/vieassociative.be\/actualites\/les-jeunes-specialistes-nont-pas-envie-de-changer-y-aura-t-il-des-services-obligatoires-sur-les-services-a-lavenir\/\",\"url\":\"https:\/\/vieassociative.be\/actualites\/les-jeunes-specialistes-nont-pas-envie-de-changer-y-aura-t-il-des-services-obligatoires-sur-les-services-a-lavenir\/\",\"name\":\"Les jeunes sp\u00e9cialistes n'ont pas envie de changer - y aura-t-il des services obligatoires sur les services \u00e0 l'avenir? | Vie Associative\",\"isPartOf\":{\"@id\":\"https:\/\/vieassociative.be\/actualites\/#website\"},\"primaryImageOfPage\":{\"@id\":\"https:\/\/vieassociative.be\/actualites\/les-jeunes-specialistes-nont-pas-envie-de-changer-y-aura-t-il-des-services-obligatoires-sur-les-services-a-lavenir\/#primaryimage\"},\"image\":{\"@id\":\"https:\/\/vieassociative.be\/actualites\/les-jeunes-specialistes-nont-pas-envie-de-changer-y-aura-t-il-des-services-obligatoires-sur-les-services-a-lavenir\/#primaryimage\"},\"thumbnailUrl\":\"https:\/\/vieassociative.be\/actualites\/wp-content\/uploads\/2025\/05\/1747059431_Les-jeunes-specialistes-nont-pas-envie-de-changer-y.jpg\",\"datePublished\":\"2025-05-12T14:17:11+00:00\",\"dateModified\":\"2025-05-12T14:17:11+00:00\",\"breadcrumb\":{\"@id\":\"https:\/\/vieassociative.be\/actualites\/les-jeunes-specialistes-nont-pas-envie-de-changer-y-aura-t-il-des-services-obligatoires-sur-les-services-a-lavenir\/#breadcrumb\"},\"inLanguage\":\"fr-BE\",\"potentialAction\":[{\"@type\":\"ReadAction\",\"target\":[\"https:\/\/vieassociative.be\/actualites\/les-jeunes-specialistes-nont-pas-envie-de-changer-y-aura-t-il-des-services-obligatoires-sur-les-services-a-lavenir\/\"]}]},{\"@type\":\"ImageObject\",\"inLanguage\":\"fr-BE\",\"@id\":\"https:\/\/vieassociative.be\/actualites\/les-jeunes-specialistes-nont-pas-envie-de-changer-y-aura-t-il-des-services-obligatoires-sur-les-services-a-lavenir\/#primaryimage\",\"url\":\"https:\/\/vieassociative.be\/actualites\/wp-content\/uploads\/2025\/05\/1747059431_Les-jeunes-specialistes-nont-pas-envie-de-changer-y.jpg\",\"contentUrl\":\"https:\/\/vieassociative.be\/actualites\/wp-content\/uploads\/2025\/05\/1747059431_Les-jeunes-specialistes-nont-pas-envie-de-changer-y.jpg\",\"width\":1000,\"height\":667,\"caption\":\"Les jeunes sp\u00e9cialistes n'ont pas envie de changer - y aura-t-il des services obligatoires sur les services \u00e0 l'avenir?\"},{\"@type\":\"BreadcrumbList\",\"@id\":\"https:\/\/vieassociative.be\/actualites\/les-jeunes-specialistes-nont-pas-envie-de-changer-y-aura-t-il-des-services-obligatoires-sur-les-services-a-lavenir\/#breadcrumb\",\"itemListElement\":[{\"@type\":\"ListItem\",\"position\":1,\"name\":\"Accueil\",\"item\":\"https:\/\/vieassociative.be\/actualites\/\"},{\"@type\":\"ListItem\",\"position\":2,\"name\":\"Les jeunes sp\u00e9cialistes n&rsquo;ont pas envie de changer &#8211; y aura-t-il des services obligatoires sur les services \u00e0 l&rsquo;avenir?\"}]},{\"@type\":\"WebSite\",\"@id\":\"https:\/\/vieassociative.be\/actualites\/#website\",\"url\":\"https:\/\/vieassociative.be\/actualites\/\",\"name\":\"Vie Associative\",\"description\":\"\",\"publisher\":{\"@id\":\"https:\/\/vieassociative.be\/actualites\/#organization\"},\"potentialAction\":[{\"@type\":\"SearchAction\",\"target\":{\"@type\":\"EntryPoint\",\"urlTemplate\":\"https:\/\/vieassociative.be\/actualites\/?s={search_term_string}\"},\"query-input\":{\"@type\":\"PropertyValueSpecification\",\"valueRequired\":true,\"valueName\":\"search_term_string\"}}],\"inLanguage\":\"fr-BE\"},{\"@type\":\"Organization\",\"@id\":\"https:\/\/vieassociative.be\/actualites\/#organization\",\"name\":\"Vie Associative\",\"url\":\"https:\/\/vieassociative.be\/actualites\/\",\"logo\":{\"@type\":\"ImageObject\",\"inLanguage\":\"fr-BE\",\"@id\":\"https:\/\/vieassociative.be\/actualites\/#\/schema\/logo\/image\/\",\"url\":\"https:\/\/vieassociative.be\/actualites\/wp-content\/uploads\/2024\/09\/cropped-vieassociative_favicon.ico.png\",\"contentUrl\":\"https:\/\/vieassociative.be\/actualites\/wp-content\/uploads\/2024\/09\/cropped-vieassociative_favicon.ico.png\",\"width\":512,\"height\":512,\"caption\":\"Vie Associative\"},\"image\":{\"@id\":\"https:\/\/vieassociative.be\/actualites\/#\/schema\/logo\/image\/\"}},{\"@type\":\"Person\",\"@id\":\"https:\/\/vieassociative.be\/actualites\/#\/schema\/person\/b87ac4f82f9d4e7b7cec7395b679edc4\",\"name\":\"Julien\",\"image\":{\"@type\":\"ImageObject\",\"inLanguage\":\"fr-BE\",\"@id\":\"https:\/\/vieassociative.be\/actualites\/#\/schema\/person\/image\/\",\"url\":\"https:\/\/vieassociative.be\/actualites\/wp-content\/uploads\/2024\/09\/vie-associative-1-150x150.jpg\",\"contentUrl\":\"https:\/\/vieassociative.be\/actualites\/wp-content\/uploads\/2024\/09\/vie-associative-1-150x150.jpg\",\"caption\":\"Julien\"},\"description\":\"Je suis Julien, r\u00e9dacteur pour Vie Associative. Passionn\u00e9 par le monde associatif depuis plus de 10 ans, j'ai \u00e0 c\u0153ur de partager des histoires inspirantes et de mettre en lumi\u00e8re les initiatives locales. Mon objectif est de sensibiliser et d'encourager l'engagement communautaire \u00e0 travers mes articles.\",\"sameAs\":[\"https:\/\/vieassociative.be\/\"]}]}<\/script>\n<!-- \/ Yoast SEO plugin. -->","yoast_head_json":{"title":"Les jeunes sp\u00e9cialistes n'ont pas envie de changer - y aura-t-il des services obligatoires sur les services \u00e0 l'avenir? | Vie Associative","robots":{"index":"index","follow":"follow","max-snippet":"max-snippet:-1","max-image-preview":"max-image-preview:large","max-video-preview":"max-video-preview:-1"},"canonical":"https:\/\/vieassociative.be\/actualites\/les-jeunes-specialistes-nont-pas-envie-de-changer-y-aura-t-il-des-services-obligatoires-sur-les-services-a-lavenir\/","og_locale":"fr_FR","og_type":"article","og_title":"Les jeunes sp\u00e9cialistes n'ont pas envie de changer - y aura-t-il des services obligatoires sur les services \u00e0 l'avenir? | Vie Associative","og_description":"\u00abOrient Belgique directement\u00bb a d\u00e9j\u00e0 signal\u00e9 des d\u00e9fauts dans le service ON-Call des pharmacies et des dentistes. Cependant, il y a g\u00e9n\u00e9ralement des probl\u00e8mes dans","og_url":"https:\/\/vieassociative.be\/actualites\/les-jeunes-specialistes-nont-pas-envie-de-changer-y-aura-t-il-des-services-obligatoires-sur-les-services-a-lavenir\/","og_site_name":"Vie Associative","article_published_time":"2025-05-12T14:17:11+00:00","og_image":[{"width":279,"height":92,"url":"https:\/\/vieassociative.be\/actualites\/wp-content\/uploads\/2024\/09\/header_backgroundk-01-e1726694325946.png","type":"image\/png"}],"author":"Julien","twitter_card":"summary_large_image","twitter_misc":{"\u00c9crit par":"Julien","Dur\u00e9e de lecture est.":"2 minutes"},"schema":{"@context":"https:\/\/schema.org","@graph":[{"@type":"Article","@id":"https:\/\/vieassociative.be\/actualites\/les-jeunes-specialistes-nont-pas-envie-de-changer-y-aura-t-il-des-services-obligatoires-sur-les-services-a-lavenir\/#article","isPartOf":{"@id":"https:\/\/vieassociative.be\/actualites\/les-jeunes-specialistes-nont-pas-envie-de-changer-y-aura-t-il-des-services-obligatoires-sur-les-services-a-lavenir\/"},"author":{"name":"Julien","@id":"https:\/\/vieassociative.be\/actualites\/#\/schema\/person\/b87ac4f82f9d4e7b7cec7395b679edc4"},"headline":"Les jeunes sp\u00e9cialistes n&rsquo;ont pas envie de changer &#8211; y aura-t-il des services obligatoires sur les services \u00e0 l&rsquo;avenir?","datePublished":"2025-05-12T14:17:11+00:00","dateModified":"2025-05-12T14:17:11+00:00","mainEntityOfPage":{"@id":"https:\/\/vieassociative.be\/actualites\/les-jeunes-specialistes-nont-pas-envie-de-changer-y-aura-t-il-des-services-obligatoires-sur-les-services-a-lavenir\/"},"wordCount":365,"publisher":{"@id":"https:\/\/vieassociative.be\/actualites\/#organization"},"image":{"@id":"https:\/\/vieassociative.be\/actualites\/les-jeunes-specialistes-nont-pas-envie-de-changer-y-aura-t-il-des-services-obligatoires-sur-les-services-a-lavenir\/#primaryimage"},"thumbnailUrl":"https:\/\/vieassociative.be\/actualites\/wp-content\/uploads\/2025\/05\/1747059431_Les-jeunes-specialistes-nont-pas-envie-de-changer-y.jpg","keywords":["auratil","changer","Des","envie","jeunes","lavenir","Les","nont","obligatoires","pas","services","sp\u00e9cialistes","sur"],"articleSection":["Belgique"],"inLanguage":"fr-BE"},{"@type":"WebPage","@id":"https:\/\/vieassociative.be\/actualites\/les-jeunes-specialistes-nont-pas-envie-de-changer-y-aura-t-il-des-services-obligatoires-sur-les-services-a-lavenir\/","url":"https:\/\/vieassociative.be\/actualites\/les-jeunes-specialistes-nont-pas-envie-de-changer-y-aura-t-il-des-services-obligatoires-sur-les-services-a-lavenir\/","name":"Les jeunes sp\u00e9cialistes n'ont pas envie de changer - y aura-t-il des services obligatoires sur les services \u00e0 l'avenir? | Vie Associative","isPartOf":{"@id":"https:\/\/vieassociative.be\/actualites\/#website"},"primaryImageOfPage":{"@id":"https:\/\/vieassociative.be\/actualites\/les-jeunes-specialistes-nont-pas-envie-de-changer-y-aura-t-il-des-services-obligatoires-sur-les-services-a-lavenir\/#primaryimage"},"image":{"@id":"https:\/\/vieassociative.be\/actualites\/les-jeunes-specialistes-nont-pas-envie-de-changer-y-aura-t-il-des-services-obligatoires-sur-les-services-a-lavenir\/#primaryimage"},"thumbnailUrl":"https:\/\/vieassociative.be\/actualites\/wp-content\/uploads\/2025\/05\/1747059431_Les-jeunes-specialistes-nont-pas-envie-de-changer-y.jpg","datePublished":"2025-05-12T14:17:11+00:00","dateModified":"2025-05-12T14:17:11+00:00","breadcrumb":{"@id":"https:\/\/vieassociative.be\/actualites\/les-jeunes-specialistes-nont-pas-envie-de-changer-y-aura-t-il-des-services-obligatoires-sur-les-services-a-lavenir\/#breadcrumb"},"inLanguage":"fr-BE","potentialAction":[{"@type":"ReadAction","target":["https:\/\/vieassociative.be\/actualites\/les-jeunes-specialistes-nont-pas-envie-de-changer-y-aura-t-il-des-services-obligatoires-sur-les-services-a-lavenir\/"]}]},{"@type":"ImageObject","inLanguage":"fr-BE","@id":"https:\/\/vieassociative.be\/actualites\/les-jeunes-specialistes-nont-pas-envie-de-changer-y-aura-t-il-des-services-obligatoires-sur-les-services-a-lavenir\/#primaryimage","url":"https:\/\/vieassociative.be\/actualites\/wp-content\/uploads\/2025\/05\/1747059431_Les-jeunes-specialistes-nont-pas-envie-de-changer-y.jpg","contentUrl":"https:\/\/vieassociative.be\/actualites\/wp-content\/uploads\/2025\/05\/1747059431_Les-jeunes-specialistes-nont-pas-envie-de-changer-y.jpg","width":1000,"height":667,"caption":"Les jeunes sp\u00e9cialistes n'ont pas envie de changer - y aura-t-il des services obligatoires sur les services \u00e0 l'avenir?"},{"@type":"BreadcrumbList","@id":"https:\/\/vieassociative.be\/actualites\/les-jeunes-specialistes-nont-pas-envie-de-changer-y-aura-t-il-des-services-obligatoires-sur-les-services-a-lavenir\/#breadcrumb","itemListElement":[{"@type":"ListItem","position":1,"name":"Accueil","item":"https:\/\/vieassociative.be\/actualites\/"},{"@type":"ListItem","position":2,"name":"Les jeunes sp\u00e9cialistes n&rsquo;ont pas envie de changer &#8211; y aura-t-il des services obligatoires sur les services \u00e0 l&rsquo;avenir?"}]},{"@type":"WebSite","@id":"https:\/\/vieassociative.be\/actualites\/#website","url":"https:\/\/vieassociative.be\/actualites\/","name":"Vie Associative","description":"","publisher":{"@id":"https:\/\/vieassociative.be\/actualites\/#organization"},"potentialAction":[{"@type":"SearchAction","target":{"@type":"EntryPoint","urlTemplate":"https:\/\/vieassociative.be\/actualites\/?s={search_term_string}"},"query-input":{"@type":"PropertyValueSpecification","valueRequired":true,"valueName":"search_term_string"}}],"inLanguage":"fr-BE"},{"@type":"Organization","@id":"https:\/\/vieassociative.be\/actualites\/#organization","name":"Vie Associative","url":"https:\/\/vieassociative.be\/actualites\/","logo":{"@type":"ImageObject","inLanguage":"fr-BE","@id":"https:\/\/vieassociative.be\/actualites\/#\/schema\/logo\/image\/","url":"https:\/\/vieassociative.be\/actualites\/wp-content\/uploads\/2024\/09\/cropped-vieassociative_favicon.ico.png","contentUrl":"https:\/\/vieassociative.be\/actualites\/wp-content\/uploads\/2024\/09\/cropped-vieassociative_favicon.ico.png","width":512,"height":512,"caption":"Vie Associative"},"image":{"@id":"https:\/\/vieassociative.be\/actualites\/#\/schema\/logo\/image\/"}},{"@type":"Person","@id":"https:\/\/vieassociative.be\/actualites\/#\/schema\/person\/b87ac4f82f9d4e7b7cec7395b679edc4","name":"Julien","image":{"@type":"ImageObject","inLanguage":"fr-BE","@id":"https:\/\/vieassociative.be\/actualites\/#\/schema\/person\/image\/","url":"https:\/\/vieassociative.be\/actualites\/wp-content\/uploads\/2024\/09\/vie-associative-1-150x150.jpg","contentUrl":"https:\/\/vieassociative.be\/actualites\/wp-content\/uploads\/2024\/09\/vie-associative-1-150x150.jpg","caption":"Julien"},"description":"Je suis Julien, r\u00e9dacteur pour Vie Associative. Passionn\u00e9 par le monde associatif depuis plus de 10 ans, j'ai \u00e0 c\u0153ur de partager des histoires inspirantes et de mettre en lumi\u00e8re les initiatives locales. Mon objectif est de sensibiliser et d'encourager l'engagement communautaire \u00e0 travers mes articles.","sameAs":["https:\/\/vieassociative.be\/"]}]}},"_links":{"self":[{"href":"https:\/\/vieassociative.be\/actualites\/wp-json\/wp\/v2\/posts\/7501"}],"collection":[{"href":"https:\/\/vieassociative.be\/actualites\/wp-json\/wp\/v2\/posts"}],"about":[{"href":"https:\/\/vieassociative.be\/actualites\/wp-json\/wp\/v2\/types\/post"}],"author":[{"embeddable":true,"href":"https:\/\/vieassociative.be\/actualites\/wp-json\/wp\/v2\/users\/1"}],"replies":[{"embeddable":true,"href":"https:\/\/vieassociative.be\/actualites\/wp-json\/wp\/v2\/comments?post=7501"}],"version-history":[{"count":0,"href":"https:\/\/vieassociative.be\/actualites\/wp-json\/wp\/v2\/posts\/7501\/revisions"}],"wp:featuredmedia":[{"embeddable":true,"href":"https:\/\/vieassociative.be\/actualites\/wp-json\/wp\/v2\/media\/7502"}],"wp:attachment":[{"href":"https:\/\/vieassociative.be\/actualites\/wp-json\/wp\/v2\/media?parent=7501"}],"wp:term":[{"taxonomy":"category","embeddable":true,"href":"https:\/\/vieassociative.be\/actualites\/wp-json\/wp\/v2\/categories?post=7501"},{"taxonomy":"post_tag","embeddable":true,"href":"https:\/\/vieassociative.be\/actualites\/wp-json\/wp\/v2\/tags?post=7501"}],"curies":[{"name":"wp","href":"https:\/\/api.w.org\/{rel}","templated":true}]}}