{"id":7496,"date":"2025-05-12T12:19:29","date_gmt":"2025-05-12T10:19:29","guid":{"rendered":"https:\/\/vieassociative.be\/actualites\/verifiez-votre-garde-manger-pour-ces-produits-quaker-roked-quaker\/"},"modified":"2025-05-12T12:19:29","modified_gmt":"2025-05-12T10:19:29","slug":"verifiez-votre-garde-manger-pour-ces-produits-quaker-roked-quaker","status":"publish","type":"post","link":"https:\/\/vieassociative.be\/actualites\/verifiez-votre-garde-manger-pour-ces-produits-quaker-roked-quaker\/","title":{"rendered":"V\u00e9rifiez votre garde-manger pour ces produits Quaker Roked Quaker"},"content":{"rendered":"<div class=\"mt-4 leading-6 md:mb-8\">Quaker rappelle des dizaines de produits pour une \u00e9ventuelle contamination par Salmonella.<\/div>\n<p><\/p>\n<p>Si vous stockez votre garde-manger avec des c\u00e9r\u00e9ales de marque Quaker et \/ ou des barres granola, vous devrez peut-\u00eatre les jeter \u00e0 la poubelle. Quaker Oats a publi\u00e9 deux rappels au cours du dernier mois &#8211; l&rsquo;un le 15 d\u00e9cembre, l&rsquo;autre le 11 janvier &#8211; \u00e0 la contamination potentielle de Salmonella dans des dizaines de ses produits. <\/p>\n<p>Bien que Quaker et la Food and Drug Administration (FDA) n&rsquo;aient signal\u00e9 aucune maladie connue associ\u00e9e aux articles rappel\u00e9s, vous devez toujours v\u00e9rifier si l&rsquo;une de vos courses est couverte. <\/p>\n<h2 id=\"which-quaker-products-are-being-recalled\">Quels produits Quaker sont rappel\u00e9s?<\/h2>\n<p>La liste des produits incluses dans les rappels du 15 et du 11 janvier est longue et comprend des articles vendus dans les 50 \u00c9tats am\u00e9ricains, Porto Rico, Guam et Saipan. Vous pouvez trouver la liste compl\u00e8te, y compris les tailles de colis, les UPC et les dates les mieux actuelles &#8211; sur le site Web de Pepsico, mais nous avons un aper\u00e7u des noms de produits ci-dessous.<\/p>\n<p>Remarque: Le rappel n&rsquo;inclut pas l&rsquo;avoine Quaker, Quaker Avoine instantan\u00e9e, Quaker Grits, Quaker Oat Bran, Quaker Oat Flour et Quaker Rice Snacks. <\/p>\n<h3>Bars Quaker Chewy<\/h3>\n<ul>\n<li>\n<p>Quaker Big Ships de chocolat \u00e0 moelle<\/p>\n<\/li>\n<li>\n<p>Quaker Big Bars Chocolate au beurre d&rsquo;arachide<\/p>\n<\/li>\n<li>\n<p>Pack de vari\u00e9t\u00e9s Quaker Big Showy Bars<\/p>\n<\/li>\n<li>\n<p>Pack de vari\u00e9t\u00e9s Quaker Chewy Bars and Dipps<\/p>\n<\/li>\n<li>\n<p>Chiffre de chocolat Quaker Chewy Bars<\/p>\n<\/li>\n<li>\n<p>Barres Quaker Chewy P\u00e2te \u00e0 biscuits aux p\u00e9pites de chocolat<\/p>\n<\/li>\n<li>\n<p>Bars \u00e0 mousse de chocolate de chocolate<\/p>\n<\/li>\n<li>\n<p>Quaker Chewy Bars Chocolate Chiffs Halloween Minis<\/p>\n<\/li>\n<li>\n<p>Barres Quaker Chewy Minais de printemps aux p\u00e9pites de chocolat<\/p>\n<\/li>\n<li>\n<p>Bars garement mous<\/p>\n<\/li>\n<li>\n<p>Quaker Chewy Bars Chocolate noir<\/p>\n<\/li>\n<li>\n<p>Quaker Chewy Bars Chocolate Chunk<\/p>\n<\/li>\n<li>\n<p>Quaker Chewy Bars Moins de p\u00e9pites de chocolat de sucre<\/p>\n<\/li>\n<li>\n<p>Quaker Chewy Bars Moins de sucre biscuits et cr\u00e8me<\/p>\n<\/li>\n<li>\n<p>Chiffre de chocolat au beurre d&rsquo;arachide d&rsquo;arachide de sucre<\/p>\n<\/li>\n<li>\n<p>Quaker Chewy bars moins de sucre vari\u00e9t\u00e9<\/p>\n<\/li>\n<li>\n<p>Quaker Chewy bars Raisin d&rsquo;avoine<\/p>\n<\/li>\n<li>\n<p>Barres \u00e0 m\u00e2t<\/p>\n<\/li>\n<li>\n<p>Quaker Chewy Bars S&rsquo;mores<\/p>\n<\/li>\n<li>\n<p>Pack de vari\u00e9t\u00e9s de bars Quaker Chewy<\/p>\n<\/li>\n<li>\n<p>Chiffre de chocolat Quaker Chewy Dipps<\/p>\n<\/li>\n<li>\n<p>Quaker Chewy Dipps au beurre d&rsquo;arachide<\/p>\n<\/li>\n<li>\n<p>Pack de vari\u00e9t\u00e9s Quaker Chewy Dipps<\/p>\n<\/li>\n<li>\n<p>Quaker Chewy Mini Dipps Birthday Blast<\/p>\n<\/li>\n<li>\n<p>Quaker Chewy Mini Dipps Summer Night S&rsquo;mores<\/p>\n<\/li>\n<li>\n<p>Barres de granola Quaker Chewy (Fruity Fun) Amazing Apple <\/p>\n<\/li>\n<li>\n<p>Barres de granola Quaker Chewy (Fruity Fun) Splendide Strawberry<\/p>\n<\/li>\n<li>\n<p>Barres de granola Quaker Chewy (Fruity Fruity) Apple incroyable et splendide pack de vari\u00e9t\u00e9s de fraises<\/p>\n<\/li>\n<li>\n<p>  Barres de granola Quaker Chewy Saveuse de fraises de yogourt<\/p>\n<\/li>\n<li>\n<p>Barres de granola Quaker Chewy Flavour des bleuets de yogourt<\/p>\n<\/li>\n<li>\n<p>Barres de granola Quaker Packs de vari\u00e9t\u00e9s de yaourt<\/p>\n<\/li>\n<\/ul>\n<h3>C\u00e9r\u00e9ales Quaker<\/h3>\n<ul>\n<li>\n<p>C\u00e9r\u00e9ales de cannelle aux pommes \u00e0 granola <\/p>\n<\/li>\n<li>\n<p>C\u00e9r\u00e9al \u00e0 vanille \u00e0 grenade \u00e0 granola pin\u00e8de. <\/p>\n<\/li>\n<li>\n<p>Quaker simplement Granola Oats, Honey &#038; Amands Cereal<\/p>\n<\/li>\n<li>\n<p>Quaker simplement Granola Oats, Honey &#038; Amands Cereal<\/p>\n<\/li>\n<li>\n<p>Quaker simplement Granola Oats, Honey, Raisins &#038; Amands Cereal <\/p>\n<\/li>\n<li>\n<p>Quaker simplement Granola Oats, Honey, Raisins &#038; Amands Cereal<\/p>\n<\/li>\n<li>\n<p>Quaker simplement Granola Oats, Honey, Raisins &#038; Amands Cereal <\/p>\n<\/li>\n<li>\n<p>Flavour \u00e0 l&rsquo;avoine granola, au chocolat et aux amandes<\/p>\n<\/li>\n<li>\n<p>Quaker Chewy Granola Breakfast Cereal Chocolate &#038; Strawberry Variety Pack<\/p>\n<\/li>\n<li>\n<p>Chocolatement de c\u00e9r\u00e9ales Granola Granola Quaker Chewy<\/p>\n<\/li>\n<li>\n<p>  Quaker Chewy Granola Breakfast Cereal Strawberry<\/p>\n<\/li>\n<li>\n<p>Quaker des carr\u00e9s d&rsquo;avoine \u00e0 cannelle<\/p>\n<\/li>\n<li>\n<p>  Quaker des carr\u00e9s d&rsquo;avoine \u00e0 sucre brun<\/p>\n<\/li>\n<li>\n<p>Quaker des carr\u00e9s d&rsquo;avoine Quaker noix de miel <\/p>\n<\/li>\n<li>\n<p>Quaker Oatmeal Squares Breakfast Cereal, Pack de vari\u00e9t\u00e9s<\/p>\n<\/li>\n<li>\n<p>Cap&rsquo;n Crunch oups! Toutes les c\u00e9r\u00e9ales des baies <\/p>\n<\/li>\n<li>\n<p>Cap&rsquo;n Crunch Cinnamon Crunch Cereal<\/p>\n<\/li>\n<li>\n<p>Cap&rsquo;n Crunch Sea Berry Crunch Cereal<\/p>\n<\/li>\n<li>\n<p>Gamesa Marias Cereal<\/p>\n<\/li>\n<\/ul>\n<h3>Quaker Cap&rsquo;n Crunch Instant Forceal<\/h3>\n<ul>\n<li>\n<p>Cap&rsquo;n Crunch Instant Forceal<\/p>\n<\/li>\n<li>\n<p>Cap&rsquo;n Crunch oups! Toutes les baies instantan\u00e9es d&rsquo;avoine instantan\u00e9e<\/p>\n<\/li>\n<li>\n<p>Cap&rsquo;n Crunch Instant Greaal Variety Pack<\/p>\n<\/li>\n<\/ul>\n<h3>Barres de c\u00e9r\u00e9ales Quaker<\/h3>\n<ul>\n<li>\n<p>Cap&rsquo;n Crunch Treats Crunch Berries Bar Bar<\/p>\n<\/li>\n<li>\n<p>Cap&rsquo;n Crunch Treats Bars Variety Pack<\/p>\n<\/li>\n<li>\n<p>Cap&rsquo;n Crunch traite la barre de c\u00e9r\u00e9ales Crunch au beurre d&rsquo;arachide<\/p>\n<\/li>\n<li>\n<p>Cap&rsquo;n Crunch traite les barres de c\u00e9r\u00e9ales de crunch originales<\/p>\n<\/li>\n<\/ul>\n<h3>Bo\u00eetes de collations Quaker<\/h3>\n<p>Quaker se souvient \u00e9galement de Munches Snack Mix (Munch Mix) et des barres de granola incluses dans ses bo\u00eetes \u00e0 collations: <\/p>\n<div class=\"pogoClear relative my-10 border-b-(1.5px) border-t-(1.5px) border-dashed border-black py-5 sm:my-14 sm:border-0 sm:py-0\" data-ga-click data-ga-template=\"News\" data-ga-module=\"openweb_widget\" data-ga-element=\"openweb_scroll\" data-ga-item=\"openweb_scroll_midpage\" x-cloak x-data=\"{ commentsCount: null, hasComments: false }\" x-init=\"commentsCount = await window.openweb.getMessagesCount(115470);\n     hasComments = commentsCount !== null &amp;&amp; commentsCount &gt; 0\"><\/p>\n<div class=\"absolute top-1\/2 hidden w-full -translate-y-1\/2 border-t-(1.5px) border-dashed border-black sm:block\"><\/div>\n<div class=\"relative flex justify-center\">\n<div class=\"flex max-w-max items-center gap-x-3 bg-white px-5\">\n<div class=\"relative\">\n                <span class=\"absolute left-1\/2 top-1\/2 -translate-x-1\/2 -translate-y-1\/2 font-akshar text-sm font-medium text-black\" x-show=\"hasComments\" x-text=\"commentsCount\"><\/span><\/p>\n<p>                <svg class=\"h-8 w-8 text-black\">\n                    <use href=\"http:\/\/lifehacker.com\/images\/icons\/spritemap.svg#sprite-chat-bubble\"><\/use>\n                <\/svg>\n            <\/div>\n<p>            <span class=\"text-sm font-medium text-black\"><\/p>\n<p>                Que pensez-vous jusqu&rsquo;\u00e0 pr\u00e9sent?<br \/>\n                <button class=\"font-semibold text-brand-green underline hover:text-brand-green-700\" onclick=\"window.openweb.scrollToComments('115470')\" x-text=\"hasComments ? 'Post a comment.' : 'Be the first to post a comment.'\"><\/button><br \/>\n            <\/span>\n        <\/div>\n<\/p><\/div>\n<\/div>\n<ul>\n<li>\n<p>M\u00e9lange de collations pour favoris chocolat\u00e9 de Quaker<\/p>\n<\/li>\n<li>\n<p>Quaker sur le m\u00e9lange de collations<\/p>\n<\/li>\n<li>\n<p>Frito-Lay Snacks Variety Pack avec Quaker Chewy<\/p>\n<\/li>\n<li>\n<p>Frito-Lay Chips et Quaker Chewy Granola Bars Pack<\/p>\n<\/li>\n<li>\n<p>Snacks croquants et moelleux, copeaux Frito-Lay, biscuits, noix et bars \u00e0 m\u00e2ts Quaker Pack de vari\u00e9t\u00e9s<\/p>\n<\/li>\n<li>\n<p>M\u00e9lange de bo\u00eete \u00e0 lunch, frites Frito-Lay, biscuits et bars \u00e0 moellerie Quaker Pack de vari\u00e9t\u00e9s<\/p>\n<\/li>\n<li>\n<p>Frito-Lay Popped &#038; Cared Chips with cookies, noix et Quaker Chewy Bars Pack de vari\u00e9t\u00e9s<\/p>\n<\/li>\n<li>\n<p>Frito-Lay Snack Time Favoris avec cuit au four, Smartfood, Sunchips et Quaker Chewy Granola Bars Variety Pack<\/p>\n<\/li>\n<li>\n<p>Collations savoureuses, copeaux Frito-Lay, noix, biscuits et bars \u00e0 moelleur Quaker Pack de vari\u00e9t\u00e9s<\/p>\n<\/li>\n<li>\n<p>Ensemble de collations \u00e0 la saveur ultime, assortiment de vari\u00e9t\u00e9s de frites, biscuits, craquelins et plus encore<\/p>\n<\/li>\n<\/ul>\n<h2 id=\"what-do-i-do-if-i-have-recalled-quaker-products\">Que dois-je faire si je me souviens des produits Quaker? <\/h2>\n<p>Si vous avez l&rsquo;un des produits \u00e9num\u00e9r\u00e9s ci-dessus dans votre garde-manger, vous pouvez v\u00e9rifier la liste compl\u00e8te des UPC individuels ou scanner le code QR SmartLabel sur l&#8217;emballage pour d\u00e9terminer si votre \u00e9l\u00e9ment sp\u00e9cifique est rappel\u00e9. <\/p>\n<p>Si votre produit est inclus, jetez-le. Vous pouvez ensuite soumettre une demande de remboursement sur QuakerRecallusa.com. Pour plus d&rsquo;informations, contactez les relations avec les clients Quaker au 800-492-9322 entre 9 h et 16 h 30 CST, du lundi au vendredi. <\/p>\n","protected":false},"excerpt":{"rendered":"<p>Quaker rappelle des dizaines de produits pour une \u00e9ventuelle contamination par Salmonella. Si vous stockez votre garde-manger avec des c\u00e9r\u00e9ales de marque Quaker et \/<\/p>\n","protected":false},"author":1,"featured_media":7497,"comment_status":"","ping_status":"","sticky":false,"template":"","format":"standard","meta":{"footnotes":""},"categories":[38],"tags":[248,3901,81,1352,6955,6956,1661,8],"class_list":["post-7496","post","type-post","status-publish","format-standard","has-post-thumbnail","hentry","category-sante","tag-ces","tag-gardemanger","tag-pour","tag-produits","tag-quaker","tag-roked","tag-verifiez","tag-votre","generate-columns","tablet-grid-50","mobile-grid-100","grid-parent","grid-33"],"yoast_head":"<!-- This site is optimized with the Yoast SEO plugin v24.0 - https:\/\/yoast.com\/wordpress\/plugins\/seo\/ -->\n<title>V\u00e9rifiez votre garde-manger pour ces produits Quaker Roked Quaker | Vie Associative<\/title>\n<meta name=\"robots\" content=\"index, follow, max-snippet:-1, max-image-preview:large, max-video-preview:-1\" \/>\n<link rel=\"canonical\" href=\"https:\/\/vieassociative.be\/actualites\/verifiez-votre-garde-manger-pour-ces-produits-quaker-roked-quaker\/\" \/>\n<meta property=\"og:locale\" content=\"fr_FR\" \/>\n<meta property=\"og:type\" content=\"article\" \/>\n<meta property=\"og:title\" content=\"V\u00e9rifiez votre garde-manger pour ces produits Quaker Roked Quaker | Vie Associative\" \/>\n<meta property=\"og:description\" content=\"Quaker rappelle des dizaines de produits pour une \u00e9ventuelle contamination par Salmonella. Si vous stockez votre garde-manger avec des c\u00e9r\u00e9ales de marque Quaker et \/\" \/>\n<meta property=\"og:url\" content=\"https:\/\/vieassociative.be\/actualites\/verifiez-votre-garde-manger-pour-ces-produits-quaker-roked-quaker\/\" \/>\n<meta property=\"og:site_name\" content=\"Vie Associative\" \/>\n<meta property=\"article:published_time\" content=\"2025-05-12T10:19:29+00:00\" \/>\n<meta property=\"og:image\" content=\"https:\/\/vieassociative.be\/actualites\/wp-content\/uploads\/2024\/09\/header_backgroundk-01-e1726694325946.png\" \/>\n\t<meta property=\"og:image:width\" content=\"279\" \/>\n\t<meta property=\"og:image:height\" content=\"92\" \/>\n\t<meta property=\"og:image:type\" content=\"image\/png\" \/>\n<meta name=\"author\" content=\"Julien\" \/>\n<meta name=\"twitter:card\" content=\"summary_large_image\" \/>\n<meta name=\"twitter:label1\" content=\"\u00c9crit par\" \/>\n\t<meta name=\"twitter:data1\" content=\"Julien\" \/>\n\t<meta name=\"twitter:label2\" content=\"Dur\u00e9e de lecture est.\" \/>\n\t<meta name=\"twitter:data2\" content=\"4 minutes\" \/>\n<script type=\"application\/ld+json\" class=\"yoast-schema-graph\">{\"@context\":\"https:\/\/schema.org\",\"@graph\":[{\"@type\":\"Article\",\"@id\":\"https:\/\/vieassociative.be\/actualites\/verifiez-votre-garde-manger-pour-ces-produits-quaker-roked-quaker\/#article\",\"isPartOf\":{\"@id\":\"https:\/\/vieassociative.be\/actualites\/verifiez-votre-garde-manger-pour-ces-produits-quaker-roked-quaker\/\"},\"author\":{\"name\":\"Julien\",\"@id\":\"https:\/\/vieassociative.be\/actualites\/#\/schema\/person\/b87ac4f82f9d4e7b7cec7395b679edc4\"},\"headline\":\"V\u00e9rifiez votre garde-manger pour ces produits Quaker Roked Quaker\",\"datePublished\":\"2025-05-12T10:19:29+00:00\",\"dateModified\":\"2025-05-12T10:19:29+00:00\",\"mainEntityOfPage\":{\"@id\":\"https:\/\/vieassociative.be\/actualites\/verifiez-votre-garde-manger-pour-ces-produits-quaker-roked-quaker\/\"},\"wordCount\":962,\"publisher\":{\"@id\":\"https:\/\/vieassociative.be\/actualites\/#organization\"},\"image\":{\"@id\":\"https:\/\/vieassociative.be\/actualites\/verifiez-votre-garde-manger-pour-ces-produits-quaker-roked-quaker\/#primaryimage\"},\"thumbnailUrl\":\"https:\/\/vieassociative.be\/actualites\/wp-content\/uploads\/2025\/05\/Verifiez-votre-garde-manger-pour-ces-produits-Quaker-Roked-Quaker.jpg\",\"keywords\":[\"ces\",\"gardemanger\",\"pour\",\"produits\",\"Quaker\",\"Roked\",\"V\u00e9rifiez\",\"votre\"],\"articleSection\":[\"Sant\u00e9\"],\"inLanguage\":\"fr-BE\"},{\"@type\":\"WebPage\",\"@id\":\"https:\/\/vieassociative.be\/actualites\/verifiez-votre-garde-manger-pour-ces-produits-quaker-roked-quaker\/\",\"url\":\"https:\/\/vieassociative.be\/actualites\/verifiez-votre-garde-manger-pour-ces-produits-quaker-roked-quaker\/\",\"name\":\"V\u00e9rifiez votre garde-manger pour ces produits Quaker Roked Quaker | Vie Associative\",\"isPartOf\":{\"@id\":\"https:\/\/vieassociative.be\/actualites\/#website\"},\"primaryImageOfPage\":{\"@id\":\"https:\/\/vieassociative.be\/actualites\/verifiez-votre-garde-manger-pour-ces-produits-quaker-roked-quaker\/#primaryimage\"},\"image\":{\"@id\":\"https:\/\/vieassociative.be\/actualites\/verifiez-votre-garde-manger-pour-ces-produits-quaker-roked-quaker\/#primaryimage\"},\"thumbnailUrl\":\"https:\/\/vieassociative.be\/actualites\/wp-content\/uploads\/2025\/05\/Verifiez-votre-garde-manger-pour-ces-produits-Quaker-Roked-Quaker.jpg\",\"datePublished\":\"2025-05-12T10:19:29+00:00\",\"dateModified\":\"2025-05-12T10:19:29+00:00\",\"breadcrumb\":{\"@id\":\"https:\/\/vieassociative.be\/actualites\/verifiez-votre-garde-manger-pour-ces-produits-quaker-roked-quaker\/#breadcrumb\"},\"inLanguage\":\"fr-BE\",\"potentialAction\":[{\"@type\":\"ReadAction\",\"target\":[\"https:\/\/vieassociative.be\/actualites\/verifiez-votre-garde-manger-pour-ces-produits-quaker-roked-quaker\/\"]}]},{\"@type\":\"ImageObject\",\"inLanguage\":\"fr-BE\",\"@id\":\"https:\/\/vieassociative.be\/actualites\/verifiez-votre-garde-manger-pour-ces-produits-quaker-roked-quaker\/#primaryimage\",\"url\":\"https:\/\/vieassociative.be\/actualites\/wp-content\/uploads\/2025\/05\/Verifiez-votre-garde-manger-pour-ces-produits-Quaker-Roked-Quaker.jpg\",\"contentUrl\":\"https:\/\/vieassociative.be\/actualites\/wp-content\/uploads\/2025\/05\/Verifiez-votre-garde-manger-pour-ces-produits-Quaker-Roked-Quaker.jpg\",\"width\":1200,\"height\":675,\"caption\":\"V\u00e9rifiez votre garde-manger pour ces produits Quaker Roked Quaker\"},{\"@type\":\"BreadcrumbList\",\"@id\":\"https:\/\/vieassociative.be\/actualites\/verifiez-votre-garde-manger-pour-ces-produits-quaker-roked-quaker\/#breadcrumb\",\"itemListElement\":[{\"@type\":\"ListItem\",\"position\":1,\"name\":\"Accueil\",\"item\":\"https:\/\/vieassociative.be\/actualites\/\"},{\"@type\":\"ListItem\",\"position\":2,\"name\":\"V\u00e9rifiez votre garde-manger pour ces produits Quaker Roked Quaker\"}]},{\"@type\":\"WebSite\",\"@id\":\"https:\/\/vieassociative.be\/actualites\/#website\",\"url\":\"https:\/\/vieassociative.be\/actualites\/\",\"name\":\"Vie Associative\",\"description\":\"\",\"publisher\":{\"@id\":\"https:\/\/vieassociative.be\/actualites\/#organization\"},\"potentialAction\":[{\"@type\":\"SearchAction\",\"target\":{\"@type\":\"EntryPoint\",\"urlTemplate\":\"https:\/\/vieassociative.be\/actualites\/?s={search_term_string}\"},\"query-input\":{\"@type\":\"PropertyValueSpecification\",\"valueRequired\":true,\"valueName\":\"search_term_string\"}}],\"inLanguage\":\"fr-BE\"},{\"@type\":\"Organization\",\"@id\":\"https:\/\/vieassociative.be\/actualites\/#organization\",\"name\":\"Vie Associative\",\"url\":\"https:\/\/vieassociative.be\/actualites\/\",\"logo\":{\"@type\":\"ImageObject\",\"inLanguage\":\"fr-BE\",\"@id\":\"https:\/\/vieassociative.be\/actualites\/#\/schema\/logo\/image\/\",\"url\":\"https:\/\/vieassociative.be\/actualites\/wp-content\/uploads\/2024\/09\/cropped-vieassociative_favicon.ico.png\",\"contentUrl\":\"https:\/\/vieassociative.be\/actualites\/wp-content\/uploads\/2024\/09\/cropped-vieassociative_favicon.ico.png\",\"width\":512,\"height\":512,\"caption\":\"Vie Associative\"},\"image\":{\"@id\":\"https:\/\/vieassociative.be\/actualites\/#\/schema\/logo\/image\/\"}},{\"@type\":\"Person\",\"@id\":\"https:\/\/vieassociative.be\/actualites\/#\/schema\/person\/b87ac4f82f9d4e7b7cec7395b679edc4\",\"name\":\"Julien\",\"image\":{\"@type\":\"ImageObject\",\"inLanguage\":\"fr-BE\",\"@id\":\"https:\/\/vieassociative.be\/actualites\/#\/schema\/person\/image\/\",\"url\":\"https:\/\/vieassociative.be\/actualites\/wp-content\/uploads\/2024\/09\/vie-associative-1-150x150.jpg\",\"contentUrl\":\"https:\/\/vieassociative.be\/actualites\/wp-content\/uploads\/2024\/09\/vie-associative-1-150x150.jpg\",\"caption\":\"Julien\"},\"description\":\"Je suis Julien, r\u00e9dacteur pour Vie Associative. Passionn\u00e9 par le monde associatif depuis plus de 10 ans, j'ai \u00e0 c\u0153ur de partager des histoires inspirantes et de mettre en lumi\u00e8re les initiatives locales. Mon objectif est de sensibiliser et d'encourager l'engagement communautaire \u00e0 travers mes articles.\",\"sameAs\":[\"https:\/\/vieassociative.be\/\"]}]}<\/script>\n<!-- \/ Yoast SEO plugin. -->","yoast_head_json":{"title":"V\u00e9rifiez votre garde-manger pour ces produits Quaker Roked Quaker | Vie Associative","robots":{"index":"index","follow":"follow","max-snippet":"max-snippet:-1","max-image-preview":"max-image-preview:large","max-video-preview":"max-video-preview:-1"},"canonical":"https:\/\/vieassociative.be\/actualites\/verifiez-votre-garde-manger-pour-ces-produits-quaker-roked-quaker\/","og_locale":"fr_FR","og_type":"article","og_title":"V\u00e9rifiez votre garde-manger pour ces produits Quaker Roked Quaker | Vie Associative","og_description":"Quaker rappelle des dizaines de produits pour une \u00e9ventuelle contamination par Salmonella. Si vous stockez votre garde-manger avec des c\u00e9r\u00e9ales de marque Quaker et \/","og_url":"https:\/\/vieassociative.be\/actualites\/verifiez-votre-garde-manger-pour-ces-produits-quaker-roked-quaker\/","og_site_name":"Vie Associative","article_published_time":"2025-05-12T10:19:29+00:00","og_image":[{"width":279,"height":92,"url":"https:\/\/vieassociative.be\/actualites\/wp-content\/uploads\/2024\/09\/header_backgroundk-01-e1726694325946.png","type":"image\/png"}],"author":"Julien","twitter_card":"summary_large_image","twitter_misc":{"\u00c9crit par":"Julien","Dur\u00e9e de lecture est.":"4 minutes"},"schema":{"@context":"https:\/\/schema.org","@graph":[{"@type":"Article","@id":"https:\/\/vieassociative.be\/actualites\/verifiez-votre-garde-manger-pour-ces-produits-quaker-roked-quaker\/#article","isPartOf":{"@id":"https:\/\/vieassociative.be\/actualites\/verifiez-votre-garde-manger-pour-ces-produits-quaker-roked-quaker\/"},"author":{"name":"Julien","@id":"https:\/\/vieassociative.be\/actualites\/#\/schema\/person\/b87ac4f82f9d4e7b7cec7395b679edc4"},"headline":"V\u00e9rifiez votre garde-manger pour ces produits Quaker Roked Quaker","datePublished":"2025-05-12T10:19:29+00:00","dateModified":"2025-05-12T10:19:29+00:00","mainEntityOfPage":{"@id":"https:\/\/vieassociative.be\/actualites\/verifiez-votre-garde-manger-pour-ces-produits-quaker-roked-quaker\/"},"wordCount":962,"publisher":{"@id":"https:\/\/vieassociative.be\/actualites\/#organization"},"image":{"@id":"https:\/\/vieassociative.be\/actualites\/verifiez-votre-garde-manger-pour-ces-produits-quaker-roked-quaker\/#primaryimage"},"thumbnailUrl":"https:\/\/vieassociative.be\/actualites\/wp-content\/uploads\/2025\/05\/Verifiez-votre-garde-manger-pour-ces-produits-Quaker-Roked-Quaker.jpg","keywords":["ces","gardemanger","pour","produits","Quaker","Roked","V\u00e9rifiez","votre"],"articleSection":["Sant\u00e9"],"inLanguage":"fr-BE"},{"@type":"WebPage","@id":"https:\/\/vieassociative.be\/actualites\/verifiez-votre-garde-manger-pour-ces-produits-quaker-roked-quaker\/","url":"https:\/\/vieassociative.be\/actualites\/verifiez-votre-garde-manger-pour-ces-produits-quaker-roked-quaker\/","name":"V\u00e9rifiez votre garde-manger pour ces produits Quaker Roked Quaker | Vie Associative","isPartOf":{"@id":"https:\/\/vieassociative.be\/actualites\/#website"},"primaryImageOfPage":{"@id":"https:\/\/vieassociative.be\/actualites\/verifiez-votre-garde-manger-pour-ces-produits-quaker-roked-quaker\/#primaryimage"},"image":{"@id":"https:\/\/vieassociative.be\/actualites\/verifiez-votre-garde-manger-pour-ces-produits-quaker-roked-quaker\/#primaryimage"},"thumbnailUrl":"https:\/\/vieassociative.be\/actualites\/wp-content\/uploads\/2025\/05\/Verifiez-votre-garde-manger-pour-ces-produits-Quaker-Roked-Quaker.jpg","datePublished":"2025-05-12T10:19:29+00:00","dateModified":"2025-05-12T10:19:29+00:00","breadcrumb":{"@id":"https:\/\/vieassociative.be\/actualites\/verifiez-votre-garde-manger-pour-ces-produits-quaker-roked-quaker\/#breadcrumb"},"inLanguage":"fr-BE","potentialAction":[{"@type":"ReadAction","target":["https:\/\/vieassociative.be\/actualites\/verifiez-votre-garde-manger-pour-ces-produits-quaker-roked-quaker\/"]}]},{"@type":"ImageObject","inLanguage":"fr-BE","@id":"https:\/\/vieassociative.be\/actualites\/verifiez-votre-garde-manger-pour-ces-produits-quaker-roked-quaker\/#primaryimage","url":"https:\/\/vieassociative.be\/actualites\/wp-content\/uploads\/2025\/05\/Verifiez-votre-garde-manger-pour-ces-produits-Quaker-Roked-Quaker.jpg","contentUrl":"https:\/\/vieassociative.be\/actualites\/wp-content\/uploads\/2025\/05\/Verifiez-votre-garde-manger-pour-ces-produits-Quaker-Roked-Quaker.jpg","width":1200,"height":675,"caption":"V\u00e9rifiez votre garde-manger pour ces produits Quaker Roked Quaker"},{"@type":"BreadcrumbList","@id":"https:\/\/vieassociative.be\/actualites\/verifiez-votre-garde-manger-pour-ces-produits-quaker-roked-quaker\/#breadcrumb","itemListElement":[{"@type":"ListItem","position":1,"name":"Accueil","item":"https:\/\/vieassociative.be\/actualites\/"},{"@type":"ListItem","position":2,"name":"V\u00e9rifiez votre garde-manger pour ces produits Quaker Roked Quaker"}]},{"@type":"WebSite","@id":"https:\/\/vieassociative.be\/actualites\/#website","url":"https:\/\/vieassociative.be\/actualites\/","name":"Vie Associative","description":"","publisher":{"@id":"https:\/\/vieassociative.be\/actualites\/#organization"},"potentialAction":[{"@type":"SearchAction","target":{"@type":"EntryPoint","urlTemplate":"https:\/\/vieassociative.be\/actualites\/?s={search_term_string}"},"query-input":{"@type":"PropertyValueSpecification","valueRequired":true,"valueName":"search_term_string"}}],"inLanguage":"fr-BE"},{"@type":"Organization","@id":"https:\/\/vieassociative.be\/actualites\/#organization","name":"Vie Associative","url":"https:\/\/vieassociative.be\/actualites\/","logo":{"@type":"ImageObject","inLanguage":"fr-BE","@id":"https:\/\/vieassociative.be\/actualites\/#\/schema\/logo\/image\/","url":"https:\/\/vieassociative.be\/actualites\/wp-content\/uploads\/2024\/09\/cropped-vieassociative_favicon.ico.png","contentUrl":"https:\/\/vieassociative.be\/actualites\/wp-content\/uploads\/2024\/09\/cropped-vieassociative_favicon.ico.png","width":512,"height":512,"caption":"Vie Associative"},"image":{"@id":"https:\/\/vieassociative.be\/actualites\/#\/schema\/logo\/image\/"}},{"@type":"Person","@id":"https:\/\/vieassociative.be\/actualites\/#\/schema\/person\/b87ac4f82f9d4e7b7cec7395b679edc4","name":"Julien","image":{"@type":"ImageObject","inLanguage":"fr-BE","@id":"https:\/\/vieassociative.be\/actualites\/#\/schema\/person\/image\/","url":"https:\/\/vieassociative.be\/actualites\/wp-content\/uploads\/2024\/09\/vie-associative-1-150x150.jpg","contentUrl":"https:\/\/vieassociative.be\/actualites\/wp-content\/uploads\/2024\/09\/vie-associative-1-150x150.jpg","caption":"Julien"},"description":"Je suis Julien, r\u00e9dacteur pour Vie Associative. Passionn\u00e9 par le monde associatif depuis plus de 10 ans, j'ai \u00e0 c\u0153ur de partager des histoires inspirantes et de mettre en lumi\u00e8re les initiatives locales. Mon objectif est de sensibiliser et d'encourager l'engagement communautaire \u00e0 travers mes articles.","sameAs":["https:\/\/vieassociative.be\/"]}]}},"_links":{"self":[{"href":"https:\/\/vieassociative.be\/actualites\/wp-json\/wp\/v2\/posts\/7496"}],"collection":[{"href":"https:\/\/vieassociative.be\/actualites\/wp-json\/wp\/v2\/posts"}],"about":[{"href":"https:\/\/vieassociative.be\/actualites\/wp-json\/wp\/v2\/types\/post"}],"author":[{"embeddable":true,"href":"https:\/\/vieassociative.be\/actualites\/wp-json\/wp\/v2\/users\/1"}],"replies":[{"embeddable":true,"href":"https:\/\/vieassociative.be\/actualites\/wp-json\/wp\/v2\/comments?post=7496"}],"version-history":[{"count":0,"href":"https:\/\/vieassociative.be\/actualites\/wp-json\/wp\/v2\/posts\/7496\/revisions"}],"wp:featuredmedia":[{"embeddable":true,"href":"https:\/\/vieassociative.be\/actualites\/wp-json\/wp\/v2\/media\/7497"}],"wp:attachment":[{"href":"https:\/\/vieassociative.be\/actualites\/wp-json\/wp\/v2\/media?parent=7496"}],"wp:term":[{"taxonomy":"category","embeddable":true,"href":"https:\/\/vieassociative.be\/actualites\/wp-json\/wp\/v2\/categories?post=7496"},{"taxonomy":"post_tag","embeddable":true,"href":"https:\/\/vieassociative.be\/actualites\/wp-json\/wp\/v2\/tags?post=7496"}],"curies":[{"name":"wp","href":"https:\/\/api.w.org\/{rel}","templated":true}]}}