{"id":7485,"date":"2025-05-11T22:17:01","date_gmt":"2025-05-11T20:17:01","guid":{"rendered":"https:\/\/vieassociative.be\/actualites\/le-fc-brugge-lance-krc-genk-de-la-course-de-titre-et-est-le-seul-rival-de-union-sg\/"},"modified":"2025-05-11T22:17:01","modified_gmt":"2025-05-11T20:17:01","slug":"le-fc-brugge-lance-krc-genk-de-la-course-de-titre-et-est-le-seul-rival-de-union-sg","status":"publish","type":"post","link":"https:\/\/vieassociative.be\/actualites\/le-fc-brugge-lance-krc-genk-de-la-course-de-titre-et-est-le-seul-rival-de-union-sg\/","title":{"rendered":"Le FC Br\u00fcgge lance KRC Genk de la course de titre et est le seul rival de Union SG"},"content":{"rendered":"<p><strong>Les deux jours de match mis \u00e0 jour avant la fin des \u00e9liminatoires des champions, seul le champion en titre FC Bruges peut toujours \u00eatre dangereux dans le combat pour le championnat de football belge.<\/strong><\/p>\n<p><span id=\"more-415345\"><\/span>Bruges a gagn\u00e9 2-0 dans l&rsquo;ar\u00e8ne de Cegeka dimanche et reste sur ses talons.<\/p>\n<p>L&rsquo;\u00e9quipe de Nicky Hayen n&rsquo;\u00e9tait pas exceptionnelle, mais elle \u00e9tait tout simplement plus forte que le Genk KRC, qui \u00e9tait en inf\u00e9riorit\u00e9 num\u00e9rique apr\u00e8s 40 minutes.<\/p>\n<p>Les deux premi\u00e8res grandes chances du jeu ont eu les h\u00f4tes. Les Jackers de Steucker ont v\u00e9rifi\u00e9 deux fois, le gardien de but de remplacement, qui a pris la place de Mignolet entre les messages des invit\u00e9s, a heureusement \u00e9t\u00e9 emp\u00each\u00e9 d&rsquo;atteindre un but pr\u00e9coce pour le champion en titre.<\/p>\n<\/p>\n<div id=\"attachment_415351\" class=\"wp-caption alignleft\" style=\"max-width: 300px\"><img fetchpriority=\"high\" decoding=\"async\" class=\"wp-image-415351 size-medium\" src=\"https:\/\/vieassociative.be\/actualites\/wp-content\/uploads\/2025\/05\/Le-FC-Brugge-lance-KRC-Genk-de-la-course-de.jpg\" alt=\"\" width=\"300\" height=\"200\"  ><\/p>\n<p class=\"wp-caption-text\">Hans Vanaken, meneur de jeu et capitaine de FC Bruges. Photo: Shutterstock<\/p>\n<\/div>\n<p>\u00ab\u00a0Blauw &#038; Zwart\u00a0\u00bb a r\u00e9agi et \u00e9tait maintenant plus efficace que l&rsquo;adversaire. Apr\u00e8s une demi-heure, Vanaken a utilis\u00e9 l&rsquo;espace que la d\u00e9fense G\u00e9n\u00e9ral lui a donn\u00e9 pour s&rsquo;affirmer et jouer le ballon sur son c\u00f4t\u00e9 droit o\u00f9 se tenait Vetles. Le norv\u00e9gien n&rsquo;a pas pu \u00eatre interrog\u00e9 deux fois et a tourn\u00e9 \u00e0 plat les Penders (0: 1, 32e).<\/p>\n<p>Quelques minutes plus tard, Genk a d\u00fb accepter un autre revers lorsque Smets a apport\u00e9 \u00e0 l&rsquo;affaire apr\u00e8s une tr\u00e8s mauvaise passe de GOST GOSTER PENDERS VERMANT en tant que dernier homme. L&rsquo;arbitre Visser n&rsquo;avait pas d&rsquo;autre choix que de mettre le jeune d\u00e9fenseur belge hors du terrain. Le KRC Genk a d\u00fb jouer avec dix contre onze pendant pr\u00e8s d&rsquo;une heure.<\/p>\n<p>Paradoxalement, Genk est venu dans plusieurs situations dangereuses apr\u00e8s le changement de c\u00f4t\u00e9s, y compris une \u00e9norme chance pour Tolu. L&rsquo;attaquant Limburg a \u00e9t\u00e9 servi par Hrosovsky avec un excellent flanc, mais a tir\u00e9 sur le but.<\/p>\n<\/p>\n<div id=\"attachment_385277\" class=\"wp-caption alignleft\" style=\"max-width: 300px\"><img decoding=\"async\" class=\"wp-image-385277 size-medium\" src=\"https:\/\/vieassociative.be\/actualites\/wp-content\/uploads\/2025\/01\/Aujourdhui-Journee-des-champions-les-plus-chaudes-de-tous-les.jpg\" alt=\"\" width=\"300\" height=\"206\"><\/p>\n<p class=\"wp-caption-text\">L&rsquo;entra\u00eeneur-chef Nicky Hayen (photo) du FC Bruges. Photo: Nikola Krstic \/ Belga \/ DPA<\/p>\n<\/div>\n<p>Dans cette phase, Bruges a montr\u00e9 des faiblesses. Cependant, Genk a rat\u00e9 la chance d&rsquo;\u00e9galiser. Et quelques minutes plus tard, Jutgla a fait le sac avec un joli coup de tour (0: 2, 66.).<\/p>\n<p>Avec cette victoire, le club Br\u00fcgge se dirige vers l&rsquo;Union Saint-Gilloise deux jours avant la fin du championnat. La semaine prochaine, les Bruxelles se rendront \u00e0 Royal Avers (samedi, 20 h 45), tandis que les Br\u00fcgger sont invit\u00e9s dans le parc Lotto de leur arc -RIVAL RSC Anderlecht (dimanche, 13 h 30).<\/p>\n<p>D&rsquo;un autre c\u00f4t\u00e9, le Genk KRC, qui avait encore 9 points d&rsquo;avance sur Bruges \u00e0 la fin de la phase classique du championnat, mais qui a maintenant 9 points de retard, apr\u00e8s la d\u00e9faite contre Hans Vanaken &#038; Co .. L&rsquo;\u00e9quipe de l&rsquo;entra\u00eeneur Thorsten Fink n&rsquo;a maintenant que le but d&rsquo;obtenir la troisi\u00e8me place.<\/p>\n<p>Contrairement au FC Bruges, qui doit esp\u00e9rer une erreur du chef de la ligue, l&rsquo;Union a son sort en main, car deux victoires garantissent aux Bruxelles la victoire du championnat, que l&rsquo;Union n&rsquo;a pas r\u00e9ussi depuis 1935, c&rsquo;est-\u00e0-dire depuis 90 ans. (Cre)<\/p>\n<p><em><strong>Sur le sujet, voir \u00e9galement l&rsquo;article suivant sur OD:<\/strong><\/em><\/p>\n<div class=\"responsive-embed widescreen\">\n<blockquote class=\"wp-embedded-content\" data-secret=\"Dz4wlZbRSo\">\n<p>L&rsquo;Union Saint-Gilloie s&rsquo;est s\u00e9par\u00e9e du titre de champion apr\u00e8s sa victoire 1-0 au Derby de RSC Anderlecht seulement 180 minutes<\/p>\n<\/blockquote>\n<p><iframe loading=\"lazy\" class=\"wp-embedded-content\" sandbox=\"allow-scripts\" security=\"restricted\" style=\"position: absolute; visibility: hidden;\" title=\"\u201eUnion Saint-Gilloise trennen nach ihrem 1:0-Sieg im Derby beim RSC Anderlecht nur noch 180 Minuten vom Meistertitel\u201c \u2014 Ostbelgien Direkt\" src=\"https:\/\/ostbelgiendirekt.be\/about:blank\" data-secret=\"Dz4wlZbRSo\" width=\"500\" height=\"282\" frameborder=\"0\" marginwidth=\"0\" marginheight=\"0\" scrolling=\"no\" data-rocket-lazyload=\"fitvidscompatible\" data-lazy-src=\"https:\/\/ostbelgiendirekt.be\/union-derby-in-anderlecht-415302\/embed#?secret=xw08YHBDyx#?secret=Dz4wlZbRSo\"><\/iframe><noscript><iframe class=\"wp-embedded-content\" sandbox=\"allow-scripts\" security=\"restricted\" style=\"position: absolute; visibility: hidden;\" title=\"\u201eUnion Saint-Gilloise trennen nach ihrem 1:0-Sieg im Derby beim RSC Anderlecht nur noch 180 Minuten vom Meistertitel\u201c \u2014 Ostbelgien Direkt\" src=\"https:\/\/ostbelgiendirekt.be\/union-derby-in-anderlecht-415302\/embed#?secret=xw08YHBDyx#?secret=Dz4wlZbRSo\" data-secret=\"Dz4wlZbRSo\" width=\"500\" height=\"282\" frameborder=\"0\" marginwidth=\"0\" marginheight=\"0\" scrolling=\"no\"><\/iframe><\/noscript><\/p>\n<\/div>\n","protected":false},"excerpt":{"rendered":"<p>Les deux jours de match mis \u00e0 jour avant la fin des \u00e9liminatoires des champions, seul le champion en titre FC Bruges peut toujours \u00eatre<\/p>\n","protected":false},"author":1,"featured_media":7486,"comment_status":"","ping_status":"","sticky":false,"template":"","format":"standard","meta":{"footnotes":""},"categories":[298],"tags":[691,76,932,931,4362,3209,1236,2504,4627],"class_list":["post-7485","post","type-post","status-publish","format-standard","has-post-thumbnail","hentry","category-belgique","tag-brugge","tag-est","tag-genk","tag-krc","tag-lance","tag-rival","tag-seul","tag-titre","tag-union","generate-columns","tablet-grid-50","mobile-grid-100","grid-parent","grid-33"],"yoast_head":"<!-- This site is optimized with the Yoast SEO plugin v24.0 - https:\/\/yoast.com\/wordpress\/plugins\/seo\/ -->\n<title>Le FC Br\u00fcgge lance KRC Genk de la course de titre et est le seul rival de Union SG | Vie Associative<\/title>\n<meta name=\"robots\" content=\"index, follow, max-snippet:-1, max-image-preview:large, max-video-preview:-1\" \/>\n<link rel=\"canonical\" href=\"https:\/\/vieassociative.be\/actualites\/le-fc-brugge-lance-krc-genk-de-la-course-de-titre-et-est-le-seul-rival-de-union-sg\/\" \/>\n<meta property=\"og:locale\" content=\"fr_FR\" \/>\n<meta property=\"og:type\" content=\"article\" \/>\n<meta property=\"og:title\" content=\"Le FC Br\u00fcgge lance KRC Genk de la course de titre et est le seul rival de Union SG | Vie Associative\" \/>\n<meta property=\"og:description\" content=\"Les deux jours de match mis \u00e0 jour avant la fin des \u00e9liminatoires des champions, seul le champion en titre FC Bruges peut toujours \u00eatre\" \/>\n<meta property=\"og:url\" content=\"https:\/\/vieassociative.be\/actualites\/le-fc-brugge-lance-krc-genk-de-la-course-de-titre-et-est-le-seul-rival-de-union-sg\/\" \/>\n<meta property=\"og:site_name\" content=\"Vie Associative\" \/>\n<meta property=\"article:published_time\" content=\"2025-05-11T20:17:01+00:00\" \/>\n<meta property=\"og:image\" content=\"https:\/\/vieassociative.be\/actualites\/wp-content\/uploads\/2024\/09\/header_backgroundk-01-e1726694325946.png\" \/>\n\t<meta property=\"og:image:width\" content=\"279\" \/>\n\t<meta property=\"og:image:height\" content=\"92\" \/>\n\t<meta property=\"og:image:type\" content=\"image\/png\" \/>\n<meta name=\"author\" content=\"Julien\" \/>\n<meta name=\"twitter:card\" content=\"summary_large_image\" \/>\n<meta name=\"twitter:label1\" content=\"\u00c9crit par\" \/>\n\t<meta name=\"twitter:data1\" content=\"Julien\" \/>\n\t<meta name=\"twitter:label2\" content=\"Dur\u00e9e de lecture est.\" \/>\n\t<meta name=\"twitter:data2\" content=\"3 minutes\" \/>\n<script type=\"application\/ld+json\" class=\"yoast-schema-graph\">{\"@context\":\"https:\/\/schema.org\",\"@graph\":[{\"@type\":\"Article\",\"@id\":\"https:\/\/vieassociative.be\/actualites\/le-fc-brugge-lance-krc-genk-de-la-course-de-titre-et-est-le-seul-rival-de-union-sg\/#article\",\"isPartOf\":{\"@id\":\"https:\/\/vieassociative.be\/actualites\/le-fc-brugge-lance-krc-genk-de-la-course-de-titre-et-est-le-seul-rival-de-union-sg\/\"},\"author\":{\"name\":\"Julien\",\"@id\":\"https:\/\/vieassociative.be\/actualites\/#\/schema\/person\/b87ac4f82f9d4e7b7cec7395b679edc4\"},\"headline\":\"Le FC Br\u00fcgge lance KRC Genk de la course de titre et est le seul rival de Union SG\",\"datePublished\":\"2025-05-11T20:17:01+00:00\",\"dateModified\":\"2025-05-11T20:17:01+00:00\",\"mainEntityOfPage\":{\"@id\":\"https:\/\/vieassociative.be\/actualites\/le-fc-brugge-lance-krc-genk-de-la-course-de-titre-et-est-le-seul-rival-de-union-sg\/\"},\"wordCount\":584,\"publisher\":{\"@id\":\"https:\/\/vieassociative.be\/actualites\/#organization\"},\"image\":{\"@id\":\"https:\/\/vieassociative.be\/actualites\/le-fc-brugge-lance-krc-genk-de-la-course-de-titre-et-est-le-seul-rival-de-union-sg\/#primaryimage\"},\"thumbnailUrl\":\"https:\/\/vieassociative.be\/actualites\/wp-content\/uploads\/2025\/05\/1746994621_Le-FC-Brugge-lance-KRC-Genk-de-la-course-de.jpg\",\"keywords\":[\"Br\u00fcgge\",\"est\",\"Genk\",\"KRC\",\"lanc\u00e9\",\"rival\",\"seul\",\"titre\",\"Union\"],\"articleSection\":[\"Belgique\"],\"inLanguage\":\"fr-BE\"},{\"@type\":\"WebPage\",\"@id\":\"https:\/\/vieassociative.be\/actualites\/le-fc-brugge-lance-krc-genk-de-la-course-de-titre-et-est-le-seul-rival-de-union-sg\/\",\"url\":\"https:\/\/vieassociative.be\/actualites\/le-fc-brugge-lance-krc-genk-de-la-course-de-titre-et-est-le-seul-rival-de-union-sg\/\",\"name\":\"Le FC Br\u00fcgge lance KRC Genk de la course de titre et est le seul rival de Union SG | Vie Associative\",\"isPartOf\":{\"@id\":\"https:\/\/vieassociative.be\/actualites\/#website\"},\"primaryImageOfPage\":{\"@id\":\"https:\/\/vieassociative.be\/actualites\/le-fc-brugge-lance-krc-genk-de-la-course-de-titre-et-est-le-seul-rival-de-union-sg\/#primaryimage\"},\"image\":{\"@id\":\"https:\/\/vieassociative.be\/actualites\/le-fc-brugge-lance-krc-genk-de-la-course-de-titre-et-est-le-seul-rival-de-union-sg\/#primaryimage\"},\"thumbnailUrl\":\"https:\/\/vieassociative.be\/actualites\/wp-content\/uploads\/2025\/05\/1746994621_Le-FC-Brugge-lance-KRC-Genk-de-la-course-de.jpg\",\"datePublished\":\"2025-05-11T20:17:01+00:00\",\"dateModified\":\"2025-05-11T20:17:01+00:00\",\"breadcrumb\":{\"@id\":\"https:\/\/vieassociative.be\/actualites\/le-fc-brugge-lance-krc-genk-de-la-course-de-titre-et-est-le-seul-rival-de-union-sg\/#breadcrumb\"},\"inLanguage\":\"fr-BE\",\"potentialAction\":[{\"@type\":\"ReadAction\",\"target\":[\"https:\/\/vieassociative.be\/actualites\/le-fc-brugge-lance-krc-genk-de-la-course-de-titre-et-est-le-seul-rival-de-union-sg\/\"]}]},{\"@type\":\"ImageObject\",\"inLanguage\":\"fr-BE\",\"@id\":\"https:\/\/vieassociative.be\/actualites\/le-fc-brugge-lance-krc-genk-de-la-course-de-titre-et-est-le-seul-rival-de-union-sg\/#primaryimage\",\"url\":\"https:\/\/vieassociative.be\/actualites\/wp-content\/uploads\/2025\/05\/1746994621_Le-FC-Brugge-lance-KRC-Genk-de-la-course-de.jpg\",\"contentUrl\":\"https:\/\/vieassociative.be\/actualites\/wp-content\/uploads\/2025\/05\/1746994621_Le-FC-Brugge-lance-KRC-Genk-de-la-course-de.jpg\",\"width\":1200,\"height\":800,\"caption\":\"Le FC Br\u00fcgge lance KRC Genk de la course de titre et est le seul rival de Union SG\"},{\"@type\":\"BreadcrumbList\",\"@id\":\"https:\/\/vieassociative.be\/actualites\/le-fc-brugge-lance-krc-genk-de-la-course-de-titre-et-est-le-seul-rival-de-union-sg\/#breadcrumb\",\"itemListElement\":[{\"@type\":\"ListItem\",\"position\":1,\"name\":\"Accueil\",\"item\":\"https:\/\/vieassociative.be\/actualites\/\"},{\"@type\":\"ListItem\",\"position\":2,\"name\":\"Le FC Br\u00fcgge lance KRC Genk de la course de titre et est le seul rival de Union SG\"}]},{\"@type\":\"WebSite\",\"@id\":\"https:\/\/vieassociative.be\/actualites\/#website\",\"url\":\"https:\/\/vieassociative.be\/actualites\/\",\"name\":\"Vie Associative\",\"description\":\"\",\"publisher\":{\"@id\":\"https:\/\/vieassociative.be\/actualites\/#organization\"},\"potentialAction\":[{\"@type\":\"SearchAction\",\"target\":{\"@type\":\"EntryPoint\",\"urlTemplate\":\"https:\/\/vieassociative.be\/actualites\/?s={search_term_string}\"},\"query-input\":{\"@type\":\"PropertyValueSpecification\",\"valueRequired\":true,\"valueName\":\"search_term_string\"}}],\"inLanguage\":\"fr-BE\"},{\"@type\":\"Organization\",\"@id\":\"https:\/\/vieassociative.be\/actualites\/#organization\",\"name\":\"Vie Associative\",\"url\":\"https:\/\/vieassociative.be\/actualites\/\",\"logo\":{\"@type\":\"ImageObject\",\"inLanguage\":\"fr-BE\",\"@id\":\"https:\/\/vieassociative.be\/actualites\/#\/schema\/logo\/image\/\",\"url\":\"https:\/\/vieassociative.be\/actualites\/wp-content\/uploads\/2024\/09\/cropped-vieassociative_favicon.ico.png\",\"contentUrl\":\"https:\/\/vieassociative.be\/actualites\/wp-content\/uploads\/2024\/09\/cropped-vieassociative_favicon.ico.png\",\"width\":512,\"height\":512,\"caption\":\"Vie Associative\"},\"image\":{\"@id\":\"https:\/\/vieassociative.be\/actualites\/#\/schema\/logo\/image\/\"}},{\"@type\":\"Person\",\"@id\":\"https:\/\/vieassociative.be\/actualites\/#\/schema\/person\/b87ac4f82f9d4e7b7cec7395b679edc4\",\"name\":\"Julien\",\"image\":{\"@type\":\"ImageObject\",\"inLanguage\":\"fr-BE\",\"@id\":\"https:\/\/vieassociative.be\/actualites\/#\/schema\/person\/image\/\",\"url\":\"https:\/\/vieassociative.be\/actualites\/wp-content\/uploads\/2024\/09\/vie-associative-1-150x150.jpg\",\"contentUrl\":\"https:\/\/vieassociative.be\/actualites\/wp-content\/uploads\/2024\/09\/vie-associative-1-150x150.jpg\",\"caption\":\"Julien\"},\"description\":\"Je suis Julien, r\u00e9dacteur pour Vie Associative. Passionn\u00e9 par le monde associatif depuis plus de 10 ans, j'ai \u00e0 c\u0153ur de partager des histoires inspirantes et de mettre en lumi\u00e8re les initiatives locales. Mon objectif est de sensibiliser et d'encourager l'engagement communautaire \u00e0 travers mes articles.\",\"sameAs\":[\"https:\/\/vieassociative.be\/\"]}]}<\/script>\n<!-- \/ Yoast SEO plugin. -->","yoast_head_json":{"title":"Le FC Br\u00fcgge lance KRC Genk de la course de titre et est le seul rival de Union SG | Vie Associative","robots":{"index":"index","follow":"follow","max-snippet":"max-snippet:-1","max-image-preview":"max-image-preview:large","max-video-preview":"max-video-preview:-1"},"canonical":"https:\/\/vieassociative.be\/actualites\/le-fc-brugge-lance-krc-genk-de-la-course-de-titre-et-est-le-seul-rival-de-union-sg\/","og_locale":"fr_FR","og_type":"article","og_title":"Le FC Br\u00fcgge lance KRC Genk de la course de titre et est le seul rival de Union SG | Vie Associative","og_description":"Les deux jours de match mis \u00e0 jour avant la fin des \u00e9liminatoires des champions, seul le champion en titre FC Bruges peut toujours \u00eatre","og_url":"https:\/\/vieassociative.be\/actualites\/le-fc-brugge-lance-krc-genk-de-la-course-de-titre-et-est-le-seul-rival-de-union-sg\/","og_site_name":"Vie Associative","article_published_time":"2025-05-11T20:17:01+00:00","og_image":[{"width":279,"height":92,"url":"https:\/\/vieassociative.be\/actualites\/wp-content\/uploads\/2024\/09\/header_backgroundk-01-e1726694325946.png","type":"image\/png"}],"author":"Julien","twitter_card":"summary_large_image","twitter_misc":{"\u00c9crit par":"Julien","Dur\u00e9e de lecture est.":"3 minutes"},"schema":{"@context":"https:\/\/schema.org","@graph":[{"@type":"Article","@id":"https:\/\/vieassociative.be\/actualites\/le-fc-brugge-lance-krc-genk-de-la-course-de-titre-et-est-le-seul-rival-de-union-sg\/#article","isPartOf":{"@id":"https:\/\/vieassociative.be\/actualites\/le-fc-brugge-lance-krc-genk-de-la-course-de-titre-et-est-le-seul-rival-de-union-sg\/"},"author":{"name":"Julien","@id":"https:\/\/vieassociative.be\/actualites\/#\/schema\/person\/b87ac4f82f9d4e7b7cec7395b679edc4"},"headline":"Le FC Br\u00fcgge lance KRC Genk de la course de titre et est le seul rival de Union SG","datePublished":"2025-05-11T20:17:01+00:00","dateModified":"2025-05-11T20:17:01+00:00","mainEntityOfPage":{"@id":"https:\/\/vieassociative.be\/actualites\/le-fc-brugge-lance-krc-genk-de-la-course-de-titre-et-est-le-seul-rival-de-union-sg\/"},"wordCount":584,"publisher":{"@id":"https:\/\/vieassociative.be\/actualites\/#organization"},"image":{"@id":"https:\/\/vieassociative.be\/actualites\/le-fc-brugge-lance-krc-genk-de-la-course-de-titre-et-est-le-seul-rival-de-union-sg\/#primaryimage"},"thumbnailUrl":"https:\/\/vieassociative.be\/actualites\/wp-content\/uploads\/2025\/05\/1746994621_Le-FC-Brugge-lance-KRC-Genk-de-la-course-de.jpg","keywords":["Br\u00fcgge","est","Genk","KRC","lanc\u00e9","rival","seul","titre","Union"],"articleSection":["Belgique"],"inLanguage":"fr-BE"},{"@type":"WebPage","@id":"https:\/\/vieassociative.be\/actualites\/le-fc-brugge-lance-krc-genk-de-la-course-de-titre-et-est-le-seul-rival-de-union-sg\/","url":"https:\/\/vieassociative.be\/actualites\/le-fc-brugge-lance-krc-genk-de-la-course-de-titre-et-est-le-seul-rival-de-union-sg\/","name":"Le FC Br\u00fcgge lance KRC Genk de la course de titre et est le seul rival de Union SG | Vie Associative","isPartOf":{"@id":"https:\/\/vieassociative.be\/actualites\/#website"},"primaryImageOfPage":{"@id":"https:\/\/vieassociative.be\/actualites\/le-fc-brugge-lance-krc-genk-de-la-course-de-titre-et-est-le-seul-rival-de-union-sg\/#primaryimage"},"image":{"@id":"https:\/\/vieassociative.be\/actualites\/le-fc-brugge-lance-krc-genk-de-la-course-de-titre-et-est-le-seul-rival-de-union-sg\/#primaryimage"},"thumbnailUrl":"https:\/\/vieassociative.be\/actualites\/wp-content\/uploads\/2025\/05\/1746994621_Le-FC-Brugge-lance-KRC-Genk-de-la-course-de.jpg","datePublished":"2025-05-11T20:17:01+00:00","dateModified":"2025-05-11T20:17:01+00:00","breadcrumb":{"@id":"https:\/\/vieassociative.be\/actualites\/le-fc-brugge-lance-krc-genk-de-la-course-de-titre-et-est-le-seul-rival-de-union-sg\/#breadcrumb"},"inLanguage":"fr-BE","potentialAction":[{"@type":"ReadAction","target":["https:\/\/vieassociative.be\/actualites\/le-fc-brugge-lance-krc-genk-de-la-course-de-titre-et-est-le-seul-rival-de-union-sg\/"]}]},{"@type":"ImageObject","inLanguage":"fr-BE","@id":"https:\/\/vieassociative.be\/actualites\/le-fc-brugge-lance-krc-genk-de-la-course-de-titre-et-est-le-seul-rival-de-union-sg\/#primaryimage","url":"https:\/\/vieassociative.be\/actualites\/wp-content\/uploads\/2025\/05\/1746994621_Le-FC-Brugge-lance-KRC-Genk-de-la-course-de.jpg","contentUrl":"https:\/\/vieassociative.be\/actualites\/wp-content\/uploads\/2025\/05\/1746994621_Le-FC-Brugge-lance-KRC-Genk-de-la-course-de.jpg","width":1200,"height":800,"caption":"Le FC Br\u00fcgge lance KRC Genk de la course de titre et est le seul rival de Union SG"},{"@type":"BreadcrumbList","@id":"https:\/\/vieassociative.be\/actualites\/le-fc-brugge-lance-krc-genk-de-la-course-de-titre-et-est-le-seul-rival-de-union-sg\/#breadcrumb","itemListElement":[{"@type":"ListItem","position":1,"name":"Accueil","item":"https:\/\/vieassociative.be\/actualites\/"},{"@type":"ListItem","position":2,"name":"Le FC Br\u00fcgge lance KRC Genk de la course de titre et est le seul rival de Union SG"}]},{"@type":"WebSite","@id":"https:\/\/vieassociative.be\/actualites\/#website","url":"https:\/\/vieassociative.be\/actualites\/","name":"Vie Associative","description":"","publisher":{"@id":"https:\/\/vieassociative.be\/actualites\/#organization"},"potentialAction":[{"@type":"SearchAction","target":{"@type":"EntryPoint","urlTemplate":"https:\/\/vieassociative.be\/actualites\/?s={search_term_string}"},"query-input":{"@type":"PropertyValueSpecification","valueRequired":true,"valueName":"search_term_string"}}],"inLanguage":"fr-BE"},{"@type":"Organization","@id":"https:\/\/vieassociative.be\/actualites\/#organization","name":"Vie Associative","url":"https:\/\/vieassociative.be\/actualites\/","logo":{"@type":"ImageObject","inLanguage":"fr-BE","@id":"https:\/\/vieassociative.be\/actualites\/#\/schema\/logo\/image\/","url":"https:\/\/vieassociative.be\/actualites\/wp-content\/uploads\/2024\/09\/cropped-vieassociative_favicon.ico.png","contentUrl":"https:\/\/vieassociative.be\/actualites\/wp-content\/uploads\/2024\/09\/cropped-vieassociative_favicon.ico.png","width":512,"height":512,"caption":"Vie Associative"},"image":{"@id":"https:\/\/vieassociative.be\/actualites\/#\/schema\/logo\/image\/"}},{"@type":"Person","@id":"https:\/\/vieassociative.be\/actualites\/#\/schema\/person\/b87ac4f82f9d4e7b7cec7395b679edc4","name":"Julien","image":{"@type":"ImageObject","inLanguage":"fr-BE","@id":"https:\/\/vieassociative.be\/actualites\/#\/schema\/person\/image\/","url":"https:\/\/vieassociative.be\/actualites\/wp-content\/uploads\/2024\/09\/vie-associative-1-150x150.jpg","contentUrl":"https:\/\/vieassociative.be\/actualites\/wp-content\/uploads\/2024\/09\/vie-associative-1-150x150.jpg","caption":"Julien"},"description":"Je suis Julien, r\u00e9dacteur pour Vie Associative. Passionn\u00e9 par le monde associatif depuis plus de 10 ans, j'ai \u00e0 c\u0153ur de partager des histoires inspirantes et de mettre en lumi\u00e8re les initiatives locales. Mon objectif est de sensibiliser et d'encourager l'engagement communautaire \u00e0 travers mes articles.","sameAs":["https:\/\/vieassociative.be\/"]}]}},"_links":{"self":[{"href":"https:\/\/vieassociative.be\/actualites\/wp-json\/wp\/v2\/posts\/7485"}],"collection":[{"href":"https:\/\/vieassociative.be\/actualites\/wp-json\/wp\/v2\/posts"}],"about":[{"href":"https:\/\/vieassociative.be\/actualites\/wp-json\/wp\/v2\/types\/post"}],"author":[{"embeddable":true,"href":"https:\/\/vieassociative.be\/actualites\/wp-json\/wp\/v2\/users\/1"}],"replies":[{"embeddable":true,"href":"https:\/\/vieassociative.be\/actualites\/wp-json\/wp\/v2\/comments?post=7485"}],"version-history":[{"count":0,"href":"https:\/\/vieassociative.be\/actualites\/wp-json\/wp\/v2\/posts\/7485\/revisions"}],"wp:featuredmedia":[{"embeddable":true,"href":"https:\/\/vieassociative.be\/actualites\/wp-json\/wp\/v2\/media\/7486"}],"wp:attachment":[{"href":"https:\/\/vieassociative.be\/actualites\/wp-json\/wp\/v2\/media?parent=7485"}],"wp:term":[{"taxonomy":"category","embeddable":true,"href":"https:\/\/vieassociative.be\/actualites\/wp-json\/wp\/v2\/categories?post=7485"},{"taxonomy":"post_tag","embeddable":true,"href":"https:\/\/vieassociative.be\/actualites\/wp-json\/wp\/v2\/tags?post=7485"}],"curies":[{"name":"wp","href":"https:\/\/api.w.org\/{rel}","templated":true}]}}