{"id":7483,"date":"2025-05-11T21:18:43","date_gmt":"2025-05-11T19:18:43","guid":{"rendered":"https:\/\/vieassociative.be\/actualites\/il-est-temps-de-creer-un-fonds-durgence-tarifaire\/"},"modified":"2025-05-11T21:18:43","modified_gmt":"2025-05-11T19:18:43","slug":"il-est-temps-de-creer-un-fonds-durgence-tarifaire","status":"publish","type":"post","link":"https:\/\/vieassociative.be\/actualites\/il-est-temps-de-creer-un-fonds-durgence-tarifaire\/","title":{"rendered":"Il est temps de cr\u00e9er un fonds d&rsquo;urgence tarifaire"},"content":{"rendered":"<div class=\"mt-4 leading-6 md:mb-8\">Il y a beaucoup de confusion autour des nouveaux tarifs, mais une chose est s\u00fbre: beaucoup de choses vont co\u00fbter plus cher. Voici combien vous devez mettre de c\u00f4t\u00e9 pour combler le vide.<\/div>\n<p><\/p>\n<p>La seule chose qui est certaine dans la situation tarifaire actuelle, c&rsquo;est que beaucoup de choses sont sur le point de devenir plus ch\u00e8res pour nous les consommateurs. L&rsquo;impact des nouveaux tarifs est estim\u00e9 \u00e0 plus de 5 000 $ par an pour le m\u00e9nage moyen, ce qui signifie que tout le travail que vous avez consacr\u00e9 \u00e0 d\u00e9terminer votre budget d&rsquo;origine et les finances personnelles va sortir de la fen\u00eatre. Toutes les mesures sont sur le point de changer &#8211; et surtout pas en votre faveur.<\/p>\n<p>Si vous \u00eates intelligent, vous avez d\u00e9j\u00e0 un fonds d&rsquo;urgence pour vous prot\u00e9ger contre les petites surprises de la vie, d&rsquo;une perte d&#8217;emploi \u00e0 un projet de loi m\u00e9dical inattendu. \u00c0 l&rsquo;heure actuelle, c&rsquo;est aussi une bonne id\u00e9e de commencer \u00e0 construire un fonds pour vous prot\u00e9ger contre les randonn\u00e9es soudaines et persistantes aliment\u00e9es aux tarifs dans le co\u00fbt de la vie. Voici comment approcher la mise en place d&rsquo;un fonds d&rsquo;urgence tarifaire.<\/p>\n<h2 id=\"how-to-estimate-what-tariffs-will-cost-you\">Comment estimer quels tarifs vous co\u00fbteront<\/h2>\n<p>Les tarifs sont des informations publiques, mais les horaires des tarifs peuvent \u00eatre une lecture difficile si vous n&rsquo;\u00eates pas \u00e9conomiste. Mais vous pouvez utiliser quelques informations cl\u00e9s pour d\u00e9terminer la quantit\u00e9 d&rsquo;argent suppl\u00e9mentaire \u00e0 r\u00e9server pour vous prot\u00e9ger des augmentations de co\u00fbts li\u00e9es aux tarifs:<\/p>\n<ul>\n<li>\n<p><strong>Tarifs g\u00e9n\u00e9raux.<\/strong> Il y a \u00e0 peu pr\u00e8s un tarif de base de 10% sur presque tous les pays du monde en ce moment (la grande exception est la Chine, qui fait actuellement face \u00e0 des tarifs pouvant atteindre 145%). Vous pouvez voir une liste des pays et des tarifs tarifaires ici, donc si vous savez que quelque chose que vous achetez est import\u00e9 d&rsquo;un endroit sp\u00e9cifique, vous pouvez voir le co\u00fbt suppl\u00e9mentaire impos\u00e9 \u00e0 l&rsquo;importateur de ce pays d&rsquo;origine. C&rsquo;est une bonne m\u00e9trique sup\u00e9rieure \u00e0 passer.<\/p>\n<\/li>\n<li>\n<p><strong>Augmentation moyenne des co\u00fbts.<\/strong> La plupart des entreprises r\u00e9percuteront les co\u00fbts de tarif au consommateur d&rsquo;une mani\u00e8re ou d&rsquo;une autre, c&rsquo;est pourquoi les tarifs sont consid\u00e9r\u00e9s comme une forme d&rsquo;imp\u00f4t sur le consommateur. Cela ne signifie pas n\u00e9cessairement que tout co\u00fbtera 10% plus cher en raison des tarifs de la couverture, car un produit ne peut utiliser que quelques ingr\u00e9dients ou composants soumis aux tarifs, et diff\u00e9rents ingr\u00e9dients pourraient passer sous diff\u00e9rents taux de tarif. Le laboratoire du budget de l&rsquo;Universit\u00e9 de Yale a calcul\u00e9 que les prix \u00e0 la consommation augmenteront d&rsquo;environ 3% en raison des tarifs, donc c&rsquo;est une bonne m\u00e9trique inf\u00e9rieure \u00e0 utiliser.<\/p>\n<\/li>\n<\/ul>\n<h2 id=\"how-to-create-your-tariff-emergency-fund\">Comment cr\u00e9er votre fonds d&rsquo;urgence tarifaire<\/h2>\n<p>Vous pouvez passer du temps \u00e0 rechercher des tarifs et d&rsquo;o\u00f9 votre nourriture, vos v\u00eatements et autres articles proviennent afin d&rsquo;\u00e9laborer un fonds de tarif extr\u00eamement sp\u00e9cifique, puis de rechercher des produits domestiques que vous pouvez remplacer pour \u00e9liminer les co\u00fbts de tarif de votre budget. Mais la fa\u00e7on dont les tarifs se d\u00e9placent sur une base quasi-quotidienne signifie que vous pourriez faire mieux de sauter cette analyse de produit par produit m\u00e9ticuleuse et supposer simplement que vos co\u00fbts vont augmenter de 3% \u00e0 10% sur \u00e0 peu pr\u00e8s tout. <\/p>\n<h3>Assumer une augmentation de la couverture<\/h3>\n<p>Cibler quelque chose au milieu de cette fourchette &#8211; disons 5% de vos frais d&rsquo;\u00e9picerie et d&rsquo;achat actuels &#8211; devrait vous donner le rembourrage suppl\u00e9mentaire dont vous aurez besoin tant que ces tarifs restent en place. Par exemple, si votre facture d&rsquo;\u00e9picerie moyenne est d&rsquo;environ 500 $ par mois, un fonds d&rsquo;\u00e9picerie d&rsquo;urgence tarifaire d&rsquo;environ 180 $ (3% de 500 $ est de 15 $, multipli\u00e9 par 12 mois) couvrira un an de co\u00fbts tarifaires suppl\u00e9mentaires (ou vous pourriez essayer de trouver un supermarch\u00e9 qui n&rsquo;augmente pas des prix du tout, si vous le pouvez). Si vous voulez un peu plus de protection contre les co\u00fbts inattendus, vous pourriez aller 10% et gagner 300 $. Vous pouvez appliquer une formule similaire \u00e0 tout ce que vous achetez r\u00e9guli\u00e8rement qui pourrait \u00eatre affect\u00e9 par les tarifs.<\/p>\n<div class=\"pogoClear relative my-10 border-b-(1.5px) border-t-(1.5px) border-dashed border-black py-5 sm:my-14 sm:border-0 sm:py-0\" data-ga-click data-ga-template=\"Explainers\" data-ga-module=\"openweb_widget\" data-ga-element=\"openweb_scroll\" data-ga-item=\"openweb_scroll_midpage\" x-cloak x-data=\"{ commentsCount: null, hasComments: false }\" x-init=\"commentsCount = await window.openweb.getMessagesCount(01JTTX96FP5AN2P68V5W4THJVY);\n     hasComments = commentsCount !== null &amp;&amp; commentsCount &gt; 0\"><\/p>\n<div class=\"absolute top-1\/2 hidden w-full -translate-y-1\/2 border-t-(1.5px) border-dashed border-black sm:block\"><\/div>\n<div class=\"relative flex justify-center\">\n<div class=\"flex max-w-max items-center gap-x-3 bg-white px-5\">\n<div class=\"relative\">\n                <span class=\"absolute left-1\/2 top-1\/2 -translate-x-1\/2 -translate-y-1\/2 font-akshar text-sm font-medium text-black\" x-show=\"hasComments\" x-text=\"commentsCount\"><\/span><\/p>\n<p>                <svg class=\"h-8 w-8 text-black\">\n                    <use href=\"http:\/\/lifehacker.com\/images\/icons\/spritemap.svg#sprite-chat-bubble\"><\/use>\n                <\/svg>\n            <\/div>\n<p>            <span class=\"text-sm font-medium text-black\"><\/p>\n<p>                Que pensez-vous jusqu&rsquo;\u00e0 pr\u00e9sent?<br \/>\n                <button class=\"font-semibold text-brand-green underline hover:text-brand-green-700\" onclick=\"window.openweb.scrollToComments('01JTTX96FP5AN2P68V5W4THJVY')\" x-text=\"hasComments ? 'Post a comment.' : 'Be the first to post a comment.'\"><\/button><br \/>\n            <\/span>\n        <\/div>\n<\/p><\/div>\n<\/div>\n<h3>Budget pour les gros billets<\/h3>\n<p>Une autre option consiste \u00e0 prendre en compte les achats majeurs que vous pr\u00e9voyez &#8211; parlez, un nouveau r\u00e9frig\u00e9rateur ou un projet de r\u00e9novation \u00e0 domicile &#8211; et de mettre de c\u00f4t\u00e9 de l&rsquo;argent suppl\u00e9mentaire pour couvrir les co\u00fbts accrus possibles. Les rapports des consommateurs estiment que les prix de l&rsquo;appareil pourraient augmenter jusqu&rsquo;\u00e0 30% \u00e0 40% au cours des 9 prochains mois, vous voudrez donc \u00eatre pr\u00eat: si vous pr\u00e9voyiez d&rsquo;acheter un r\u00e9frig\u00e9rateur avec un prix d&rsquo;environ 2000 $, assurez-vous 600 $ suppl\u00e9mentaires \u00e0 800 $ dans votre fonds d&rsquo;urgence tarifaire. <\/p>\n<h3>Il suffit de r\u00e9server 5 000 $<\/h3>\n<p>Une autre approche serait de supposer que les tarifs vous co\u00fbteront environ 5 000 $ par an, et commencer \u00e0 mettre ce montant de c\u00f4t\u00e9 pour couvrir les co\u00fbts accrus, si vous pouvez le g\u00e9rer. Il est important que ce soit un montant distinct de votre fonds d&rsquo;urgence, que vous devez encore entretenir pour vous couvrir, eh bien, et si les tarifs sont abaiss\u00e9s ou que vous ne d\u00e9pensez pas autant que vous vous y attendez, vous pouvez le d\u00e9ployer dans le fonds de l&rsquo;ann\u00e9e prochaine ou l&rsquo;ajouter \u00e0 votre fonds d&rsquo;urgence r\u00e9gulier.<\/p>\n<p>La pr\u00e9paration du chaos tarifaire ne sera pas facile, mais mettre de c\u00f4t\u00e9 de l&rsquo;argent suppl\u00e9mentaire maintenant vous donnera la piste n\u00e9cessaire pour g\u00e9rer ce qui arrive.<\/p>\n","protected":false},"excerpt":{"rendered":"<p>Il y a beaucoup de confusion autour des nouveaux tarifs, mais une chose est s\u00fbre: beaucoup de choses vont co\u00fbter plus cher. Voici combien vous<\/p>\n","protected":false},"author":1,"featured_media":7484,"comment_status":"","ping_status":"","sticky":false,"template":"","format":"standard","meta":{"footnotes":""},"categories":[41],"tags":[711,3784,76,366,6949,790],"class_list":["post-7483","post","type-post","status-publish","format-standard","has-post-thumbnail","hentry","category-argent","tag-creer","tag-durgence","tag-est","tag-fonds","tag-tarifaire","tag-temps","generate-columns","tablet-grid-50","mobile-grid-100","grid-parent","grid-33"],"yoast_head":"<!-- This site is optimized with the Yoast SEO plugin v24.0 - https:\/\/yoast.com\/wordpress\/plugins\/seo\/ -->\n<title>Il est temps de cr\u00e9er un fonds d&#039;urgence tarifaire | Vie Associative<\/title>\n<meta name=\"robots\" content=\"index, follow, max-snippet:-1, max-image-preview:large, max-video-preview:-1\" \/>\n<link rel=\"canonical\" href=\"https:\/\/vieassociative.be\/actualites\/il-est-temps-de-creer-un-fonds-durgence-tarifaire\/\" \/>\n<meta property=\"og:locale\" content=\"fr_FR\" \/>\n<meta property=\"og:type\" content=\"article\" \/>\n<meta property=\"og:title\" content=\"Il est temps de cr\u00e9er un fonds d&#039;urgence tarifaire | Vie Associative\" \/>\n<meta property=\"og:description\" content=\"Il y a beaucoup de confusion autour des nouveaux tarifs, mais une chose est s\u00fbre: beaucoup de choses vont co\u00fbter plus cher. Voici combien vous\" \/>\n<meta property=\"og:url\" content=\"https:\/\/vieassociative.be\/actualites\/il-est-temps-de-creer-un-fonds-durgence-tarifaire\/\" \/>\n<meta property=\"og:site_name\" content=\"Vie Associative\" \/>\n<meta property=\"article:published_time\" content=\"2025-05-11T19:18:43+00:00\" \/>\n<meta property=\"og:image\" content=\"https:\/\/vieassociative.be\/actualites\/wp-content\/uploads\/2024\/09\/header_backgroundk-01-e1726694325946.png\" \/>\n\t<meta property=\"og:image:width\" content=\"279\" \/>\n\t<meta property=\"og:image:height\" content=\"92\" \/>\n\t<meta property=\"og:image:type\" content=\"image\/png\" \/>\n<meta name=\"author\" content=\"Julien\" \/>\n<meta name=\"twitter:card\" content=\"summary_large_image\" \/>\n<meta name=\"twitter:label1\" content=\"\u00c9crit par\" \/>\n\t<meta name=\"twitter:data1\" content=\"Julien\" \/>\n\t<meta name=\"twitter:label2\" content=\"Dur\u00e9e de lecture est.\" \/>\n\t<meta name=\"twitter:data2\" content=\"5 minutes\" \/>\n<script type=\"application\/ld+json\" class=\"yoast-schema-graph\">{\"@context\":\"https:\/\/schema.org\",\"@graph\":[{\"@type\":\"Article\",\"@id\":\"https:\/\/vieassociative.be\/actualites\/il-est-temps-de-creer-un-fonds-durgence-tarifaire\/#article\",\"isPartOf\":{\"@id\":\"https:\/\/vieassociative.be\/actualites\/il-est-temps-de-creer-un-fonds-durgence-tarifaire\/\"},\"author\":{\"name\":\"Julien\",\"@id\":\"https:\/\/vieassociative.be\/actualites\/#\/schema\/person\/b87ac4f82f9d4e7b7cec7395b679edc4\"},\"headline\":\"Il est temps de cr\u00e9er un fonds d&rsquo;urgence tarifaire\",\"datePublished\":\"2025-05-11T19:18:43+00:00\",\"dateModified\":\"2025-05-11T19:18:43+00:00\",\"mainEntityOfPage\":{\"@id\":\"https:\/\/vieassociative.be\/actualites\/il-est-temps-de-creer-un-fonds-durgence-tarifaire\/\"},\"wordCount\":988,\"publisher\":{\"@id\":\"https:\/\/vieassociative.be\/actualites\/#organization\"},\"image\":{\"@id\":\"https:\/\/vieassociative.be\/actualites\/il-est-temps-de-creer-un-fonds-durgence-tarifaire\/#primaryimage\"},\"thumbnailUrl\":\"https:\/\/vieassociative.be\/actualites\/wp-content\/uploads\/2025\/05\/Il-est-temps-de-creer-un-fonds-durgence-tarifaire.png\",\"keywords\":[\"cr\u00e9er\",\"durgence\",\"est\",\"Fonds\",\"tarifaire\",\"temps\"],\"articleSection\":[\"Argent\"],\"inLanguage\":\"fr-BE\"},{\"@type\":\"WebPage\",\"@id\":\"https:\/\/vieassociative.be\/actualites\/il-est-temps-de-creer-un-fonds-durgence-tarifaire\/\",\"url\":\"https:\/\/vieassociative.be\/actualites\/il-est-temps-de-creer-un-fonds-durgence-tarifaire\/\",\"name\":\"Il est temps de cr\u00e9er un fonds d'urgence tarifaire | Vie Associative\",\"isPartOf\":{\"@id\":\"https:\/\/vieassociative.be\/actualites\/#website\"},\"primaryImageOfPage\":{\"@id\":\"https:\/\/vieassociative.be\/actualites\/il-est-temps-de-creer-un-fonds-durgence-tarifaire\/#primaryimage\"},\"image\":{\"@id\":\"https:\/\/vieassociative.be\/actualites\/il-est-temps-de-creer-un-fonds-durgence-tarifaire\/#primaryimage\"},\"thumbnailUrl\":\"https:\/\/vieassociative.be\/actualites\/wp-content\/uploads\/2025\/05\/Il-est-temps-de-creer-un-fonds-durgence-tarifaire.png\",\"datePublished\":\"2025-05-11T19:18:43+00:00\",\"dateModified\":\"2025-05-11T19:18:43+00:00\",\"breadcrumb\":{\"@id\":\"https:\/\/vieassociative.be\/actualites\/il-est-temps-de-creer-un-fonds-durgence-tarifaire\/#breadcrumb\"},\"inLanguage\":\"fr-BE\",\"potentialAction\":[{\"@type\":\"ReadAction\",\"target\":[\"https:\/\/vieassociative.be\/actualites\/il-est-temps-de-creer-un-fonds-durgence-tarifaire\/\"]}]},{\"@type\":\"ImageObject\",\"inLanguage\":\"fr-BE\",\"@id\":\"https:\/\/vieassociative.be\/actualites\/il-est-temps-de-creer-un-fonds-durgence-tarifaire\/#primaryimage\",\"url\":\"https:\/\/vieassociative.be\/actualites\/wp-content\/uploads\/2025\/05\/Il-est-temps-de-creer-un-fonds-durgence-tarifaire.png\",\"contentUrl\":\"https:\/\/vieassociative.be\/actualites\/wp-content\/uploads\/2025\/05\/Il-est-temps-de-creer-un-fonds-durgence-tarifaire.png\",\"width\":1200,\"height\":675,\"caption\":\"Il est temps de cr\u00e9er un fonds d'urgence tarifaire\"},{\"@type\":\"BreadcrumbList\",\"@id\":\"https:\/\/vieassociative.be\/actualites\/il-est-temps-de-creer-un-fonds-durgence-tarifaire\/#breadcrumb\",\"itemListElement\":[{\"@type\":\"ListItem\",\"position\":1,\"name\":\"Accueil\",\"item\":\"https:\/\/vieassociative.be\/actualites\/\"},{\"@type\":\"ListItem\",\"position\":2,\"name\":\"Il est temps de cr\u00e9er un fonds d&rsquo;urgence tarifaire\"}]},{\"@type\":\"WebSite\",\"@id\":\"https:\/\/vieassociative.be\/actualites\/#website\",\"url\":\"https:\/\/vieassociative.be\/actualites\/\",\"name\":\"Vie Associative\",\"description\":\"\",\"publisher\":{\"@id\":\"https:\/\/vieassociative.be\/actualites\/#organization\"},\"potentialAction\":[{\"@type\":\"SearchAction\",\"target\":{\"@type\":\"EntryPoint\",\"urlTemplate\":\"https:\/\/vieassociative.be\/actualites\/?s={search_term_string}\"},\"query-input\":{\"@type\":\"PropertyValueSpecification\",\"valueRequired\":true,\"valueName\":\"search_term_string\"}}],\"inLanguage\":\"fr-BE\"},{\"@type\":\"Organization\",\"@id\":\"https:\/\/vieassociative.be\/actualites\/#organization\",\"name\":\"Vie Associative\",\"url\":\"https:\/\/vieassociative.be\/actualites\/\",\"logo\":{\"@type\":\"ImageObject\",\"inLanguage\":\"fr-BE\",\"@id\":\"https:\/\/vieassociative.be\/actualites\/#\/schema\/logo\/image\/\",\"url\":\"https:\/\/vieassociative.be\/actualites\/wp-content\/uploads\/2024\/09\/cropped-vieassociative_favicon.ico.png\",\"contentUrl\":\"https:\/\/vieassociative.be\/actualites\/wp-content\/uploads\/2024\/09\/cropped-vieassociative_favicon.ico.png\",\"width\":512,\"height\":512,\"caption\":\"Vie Associative\"},\"image\":{\"@id\":\"https:\/\/vieassociative.be\/actualites\/#\/schema\/logo\/image\/\"}},{\"@type\":\"Person\",\"@id\":\"https:\/\/vieassociative.be\/actualites\/#\/schema\/person\/b87ac4f82f9d4e7b7cec7395b679edc4\",\"name\":\"Julien\",\"image\":{\"@type\":\"ImageObject\",\"inLanguage\":\"fr-BE\",\"@id\":\"https:\/\/vieassociative.be\/actualites\/#\/schema\/person\/image\/\",\"url\":\"https:\/\/vieassociative.be\/actualites\/wp-content\/uploads\/2024\/09\/vie-associative-1-150x150.jpg\",\"contentUrl\":\"https:\/\/vieassociative.be\/actualites\/wp-content\/uploads\/2024\/09\/vie-associative-1-150x150.jpg\",\"caption\":\"Julien\"},\"description\":\"Je suis Julien, r\u00e9dacteur pour Vie Associative. Passionn\u00e9 par le monde associatif depuis plus de 10 ans, j'ai \u00e0 c\u0153ur de partager des histoires inspirantes et de mettre en lumi\u00e8re les initiatives locales. Mon objectif est de sensibiliser et d'encourager l'engagement communautaire \u00e0 travers mes articles.\",\"sameAs\":[\"https:\/\/vieassociative.be\/\"]}]}<\/script>\n<!-- \/ Yoast SEO plugin. -->","yoast_head_json":{"title":"Il est temps de cr\u00e9er un fonds d'urgence tarifaire | Vie Associative","robots":{"index":"index","follow":"follow","max-snippet":"max-snippet:-1","max-image-preview":"max-image-preview:large","max-video-preview":"max-video-preview:-1"},"canonical":"https:\/\/vieassociative.be\/actualites\/il-est-temps-de-creer-un-fonds-durgence-tarifaire\/","og_locale":"fr_FR","og_type":"article","og_title":"Il est temps de cr\u00e9er un fonds d'urgence tarifaire | Vie Associative","og_description":"Il y a beaucoup de confusion autour des nouveaux tarifs, mais une chose est s\u00fbre: beaucoup de choses vont co\u00fbter plus cher. Voici combien vous","og_url":"https:\/\/vieassociative.be\/actualites\/il-est-temps-de-creer-un-fonds-durgence-tarifaire\/","og_site_name":"Vie Associative","article_published_time":"2025-05-11T19:18:43+00:00","og_image":[{"width":279,"height":92,"url":"https:\/\/vieassociative.be\/actualites\/wp-content\/uploads\/2024\/09\/header_backgroundk-01-e1726694325946.png","type":"image\/png"}],"author":"Julien","twitter_card":"summary_large_image","twitter_misc":{"\u00c9crit par":"Julien","Dur\u00e9e de lecture est.":"5 minutes"},"schema":{"@context":"https:\/\/schema.org","@graph":[{"@type":"Article","@id":"https:\/\/vieassociative.be\/actualites\/il-est-temps-de-creer-un-fonds-durgence-tarifaire\/#article","isPartOf":{"@id":"https:\/\/vieassociative.be\/actualites\/il-est-temps-de-creer-un-fonds-durgence-tarifaire\/"},"author":{"name":"Julien","@id":"https:\/\/vieassociative.be\/actualites\/#\/schema\/person\/b87ac4f82f9d4e7b7cec7395b679edc4"},"headline":"Il est temps de cr\u00e9er un fonds d&rsquo;urgence tarifaire","datePublished":"2025-05-11T19:18:43+00:00","dateModified":"2025-05-11T19:18:43+00:00","mainEntityOfPage":{"@id":"https:\/\/vieassociative.be\/actualites\/il-est-temps-de-creer-un-fonds-durgence-tarifaire\/"},"wordCount":988,"publisher":{"@id":"https:\/\/vieassociative.be\/actualites\/#organization"},"image":{"@id":"https:\/\/vieassociative.be\/actualites\/il-est-temps-de-creer-un-fonds-durgence-tarifaire\/#primaryimage"},"thumbnailUrl":"https:\/\/vieassociative.be\/actualites\/wp-content\/uploads\/2025\/05\/Il-est-temps-de-creer-un-fonds-durgence-tarifaire.png","keywords":["cr\u00e9er","durgence","est","Fonds","tarifaire","temps"],"articleSection":["Argent"],"inLanguage":"fr-BE"},{"@type":"WebPage","@id":"https:\/\/vieassociative.be\/actualites\/il-est-temps-de-creer-un-fonds-durgence-tarifaire\/","url":"https:\/\/vieassociative.be\/actualites\/il-est-temps-de-creer-un-fonds-durgence-tarifaire\/","name":"Il est temps de cr\u00e9er un fonds d'urgence tarifaire | Vie Associative","isPartOf":{"@id":"https:\/\/vieassociative.be\/actualites\/#website"},"primaryImageOfPage":{"@id":"https:\/\/vieassociative.be\/actualites\/il-est-temps-de-creer-un-fonds-durgence-tarifaire\/#primaryimage"},"image":{"@id":"https:\/\/vieassociative.be\/actualites\/il-est-temps-de-creer-un-fonds-durgence-tarifaire\/#primaryimage"},"thumbnailUrl":"https:\/\/vieassociative.be\/actualites\/wp-content\/uploads\/2025\/05\/Il-est-temps-de-creer-un-fonds-durgence-tarifaire.png","datePublished":"2025-05-11T19:18:43+00:00","dateModified":"2025-05-11T19:18:43+00:00","breadcrumb":{"@id":"https:\/\/vieassociative.be\/actualites\/il-est-temps-de-creer-un-fonds-durgence-tarifaire\/#breadcrumb"},"inLanguage":"fr-BE","potentialAction":[{"@type":"ReadAction","target":["https:\/\/vieassociative.be\/actualites\/il-est-temps-de-creer-un-fonds-durgence-tarifaire\/"]}]},{"@type":"ImageObject","inLanguage":"fr-BE","@id":"https:\/\/vieassociative.be\/actualites\/il-est-temps-de-creer-un-fonds-durgence-tarifaire\/#primaryimage","url":"https:\/\/vieassociative.be\/actualites\/wp-content\/uploads\/2025\/05\/Il-est-temps-de-creer-un-fonds-durgence-tarifaire.png","contentUrl":"https:\/\/vieassociative.be\/actualites\/wp-content\/uploads\/2025\/05\/Il-est-temps-de-creer-un-fonds-durgence-tarifaire.png","width":1200,"height":675,"caption":"Il est temps de cr\u00e9er un fonds d'urgence tarifaire"},{"@type":"BreadcrumbList","@id":"https:\/\/vieassociative.be\/actualites\/il-est-temps-de-creer-un-fonds-durgence-tarifaire\/#breadcrumb","itemListElement":[{"@type":"ListItem","position":1,"name":"Accueil","item":"https:\/\/vieassociative.be\/actualites\/"},{"@type":"ListItem","position":2,"name":"Il est temps de cr\u00e9er un fonds d&rsquo;urgence tarifaire"}]},{"@type":"WebSite","@id":"https:\/\/vieassociative.be\/actualites\/#website","url":"https:\/\/vieassociative.be\/actualites\/","name":"Vie Associative","description":"","publisher":{"@id":"https:\/\/vieassociative.be\/actualites\/#organization"},"potentialAction":[{"@type":"SearchAction","target":{"@type":"EntryPoint","urlTemplate":"https:\/\/vieassociative.be\/actualites\/?s={search_term_string}"},"query-input":{"@type":"PropertyValueSpecification","valueRequired":true,"valueName":"search_term_string"}}],"inLanguage":"fr-BE"},{"@type":"Organization","@id":"https:\/\/vieassociative.be\/actualites\/#organization","name":"Vie Associative","url":"https:\/\/vieassociative.be\/actualites\/","logo":{"@type":"ImageObject","inLanguage":"fr-BE","@id":"https:\/\/vieassociative.be\/actualites\/#\/schema\/logo\/image\/","url":"https:\/\/vieassociative.be\/actualites\/wp-content\/uploads\/2024\/09\/cropped-vieassociative_favicon.ico.png","contentUrl":"https:\/\/vieassociative.be\/actualites\/wp-content\/uploads\/2024\/09\/cropped-vieassociative_favicon.ico.png","width":512,"height":512,"caption":"Vie Associative"},"image":{"@id":"https:\/\/vieassociative.be\/actualites\/#\/schema\/logo\/image\/"}},{"@type":"Person","@id":"https:\/\/vieassociative.be\/actualites\/#\/schema\/person\/b87ac4f82f9d4e7b7cec7395b679edc4","name":"Julien","image":{"@type":"ImageObject","inLanguage":"fr-BE","@id":"https:\/\/vieassociative.be\/actualites\/#\/schema\/person\/image\/","url":"https:\/\/vieassociative.be\/actualites\/wp-content\/uploads\/2024\/09\/vie-associative-1-150x150.jpg","contentUrl":"https:\/\/vieassociative.be\/actualites\/wp-content\/uploads\/2024\/09\/vie-associative-1-150x150.jpg","caption":"Julien"},"description":"Je suis Julien, r\u00e9dacteur pour Vie Associative. Passionn\u00e9 par le monde associatif depuis plus de 10 ans, j'ai \u00e0 c\u0153ur de partager des histoires inspirantes et de mettre en lumi\u00e8re les initiatives locales. Mon objectif est de sensibiliser et d'encourager l'engagement communautaire \u00e0 travers mes articles.","sameAs":["https:\/\/vieassociative.be\/"]}]}},"_links":{"self":[{"href":"https:\/\/vieassociative.be\/actualites\/wp-json\/wp\/v2\/posts\/7483"}],"collection":[{"href":"https:\/\/vieassociative.be\/actualites\/wp-json\/wp\/v2\/posts"}],"about":[{"href":"https:\/\/vieassociative.be\/actualites\/wp-json\/wp\/v2\/types\/post"}],"author":[{"embeddable":true,"href":"https:\/\/vieassociative.be\/actualites\/wp-json\/wp\/v2\/users\/1"}],"replies":[{"embeddable":true,"href":"https:\/\/vieassociative.be\/actualites\/wp-json\/wp\/v2\/comments?post=7483"}],"version-history":[{"count":0,"href":"https:\/\/vieassociative.be\/actualites\/wp-json\/wp\/v2\/posts\/7483\/revisions"}],"wp:featuredmedia":[{"embeddable":true,"href":"https:\/\/vieassociative.be\/actualites\/wp-json\/wp\/v2\/media\/7484"}],"wp:attachment":[{"href":"https:\/\/vieassociative.be\/actualites\/wp-json\/wp\/v2\/media?parent=7483"}],"wp:term":[{"taxonomy":"category","embeddable":true,"href":"https:\/\/vieassociative.be\/actualites\/wp-json\/wp\/v2\/categories?post=7483"},{"taxonomy":"post_tag","embeddable":true,"href":"https:\/\/vieassociative.be\/actualites\/wp-json\/wp\/v2\/tags?post=7483"}],"curies":[{"name":"wp","href":"https:\/\/api.w.org\/{rel}","templated":true}]}}