{"id":7481,"date":"2025-05-11T18:17:47","date_gmt":"2025-05-11T16:17:47","guid":{"rendered":"https:\/\/vieassociative.be\/actualites\/ce-kayak-pliant-est-etonnamment-digne-de-mer\/"},"modified":"2025-05-11T18:17:47","modified_gmt":"2025-05-11T16:17:47","slug":"ce-kayak-pliant-est-etonnamment-digne-de-mer","status":"publish","type":"post","link":"https:\/\/vieassociative.be\/actualites\/ce-kayak-pliant-est-etonnamment-digne-de-mer\/","title":{"rendered":"Ce kayak pliant est \u00e9tonnamment digne de mer"},"content":{"rendered":"<div class=\"mt-4 leading-6 md:mb-8\">Le mod\u00e8le du lac + d&rsquo;Oru Kayak tient ses promesses d&rsquo;\u00eatre l\u00e9gers, robustes et \u00e9minemment embalables.<\/div>\n<p><\/p>\n<p>Chaque bonne chose a ses inconv\u00e9nients, et pour un kayaker d\u00e9contract\u00e9, le revers de la possession d&rsquo;un petit bateau que vous pouvez retirer \u00e0 tout moment, c&rsquo;est que vous devez le mettre au lac d&rsquo;une mani\u00e8re ou d&rsquo;une autre &#8211; et le stocker quelque part lorsque vous rentrez chez vous. Les transporteurs automobiles vont de l&rsquo;agacement et du bon march\u00e9 au pratique et au cher, mais que se passe-t-il s&rsquo;il y avait une autre fa\u00e7on? C&rsquo;est l\u00e0 que Oru Kayak entre en jeu: l&rsquo;entreprise fait des kayaks qui se replient \u00e0 la taille d&rsquo;une valise. <\/p>\n<p>Contrairement aux gonflables bon march\u00e9 (qui ont leurs mises en garde, mais peuvent toujours \u00eatre amusants), un kayak pliant promet d&rsquo;\u00eatre un peu plus robuste. Il n&rsquo;y a pas de gonflage impliqu\u00e9, mais vous devez comprendre comment faire l&rsquo;origami avec du plastique ondul\u00e9.<\/p>\n<p>Pour cette critique, j&rsquo;ai essay\u00e9 un lac de 9 pieds + de l&rsquo;ORU. Il est bas\u00e9 sur le lac de 499 $, le mod\u00e8le le plus basique d&rsquo;Oru, mais a un amorti plus \u00e9pais sur le si\u00e8ge et un repose-pieds et un dossier r\u00e9glables. Vous pouvez d\u00e9penser beaucoup plus que cela sur des mod\u00e8les plus de luxe, comme la Coast XT de 16 pieds et 1 999 $. Il existe d&rsquo;autres marques de kayak pliables sur le march\u00e9, notamment Tucktec, mais ORU est le plus \u00e9tabli.<\/p>\n<p>Comme indiqu\u00e9, ces kayaks pliables ne sont pas un rapport avec les kayaks gonflables sur lesquels j&rsquo;ai \u00e9crit dans le pass\u00e9. Les gonflables vous obligent \u00e0 les pomper au bord du lac; Si vous ne les obtenez pas assez ferme, ils s&rsquo;affaissent sous votre poids. (Beaucoup de structures gonflables bon march\u00e9 ont une limite de poids assez faible, ce qui rend l&rsquo;avant et l&rsquo;arri\u00e8re de l&rsquo;artisanat haut dans l&rsquo;eau si vous n&rsquo;\u00eates pas, disons, un petit enfant.) Le lac Oru promettait d&rsquo;\u00eatre robuste et en \u00e9tat de navigation, alors j&rsquo;en ai emprunt\u00e9 un \u00e0 ORU et je l&rsquo;ai fait tourner.<\/p>\n<h2 id=\"how-annoying-is-the-oru-lake-to-fold-and-unfold\">\u00c0 quel point le lac Oru est-il ennuyeux pour se plier et se d\u00e9rouler? <\/h2>\n<div class=\"eloquent-imagery-image\">\n<div class=\"flex justify-center\">\n                    <img decoding=\"async\" class=\"border border-gray-100\" src=\"https:\/\/vieassociative.be\/actualites\/wp-content\/uploads\/2025\/05\/Ce-kayak-pliant-est-etonnamment-digne-de-mer.jpg\" alt=\"Kayak du lac Oru, pli\u00e9\" width=\"2000\" height=\"1125\" loading=\"lazy\"  >\n            <\/div>\n<\/p><\/div>\n<p>Le Lake + promet un \u00abassemblage d&rsquo;une minute\u00bb, mais vous ne serez probablement pas surpris d&rsquo;apprendre que c&rsquo;est une estimation optimiste. La premi\u00e8re fois que j&rsquo;ai pratiqu\u00e9 de rassembler le bateau dans mon arri\u00e8re-cour, je me suis retrouv\u00e9 \u00e0 transpirer et \u00e0 me serrer pour terminer le travail. Il s&rsquo;est av\u00e9r\u00e9 que j&rsquo;ai fait certaines des \u00e9tapes du mauvais ordre et que j&rsquo;ai d\u00fb annuler et refaire une partie de mon travail; Mon temps d&rsquo;assemblage total \u00e9tait d&rsquo;environ 15 minutes. <\/p>\n<p>Une fois que j&rsquo;ai eu de la pratique \u00e0 mon actif, cependant, c&rsquo;est vraiment <em>\u00e9tait<\/em> Assez rapide pour rassembler le m\u00e9tier. Mon prochain essai, lors d&rsquo;une v\u00e9ritable sortie du lac, \u00e9tait plus proche de cinq minutes. (ORU note que le plastique peut \u00eatre rigide et difficile \u00e0 plier lorsqu&rsquo;il est neuf, mais qu&rsquo;au fil du temps, les lignes de pliage ne s&rsquo;\u00e9taient que plus faciles.)<\/p>\n<p>Utile, il y a un code QR imprim\u00e9 sur le bateau lui-m\u00eame qui vous am\u00e8nera \u00e0 une vid\u00e9o p\u00e9dagogique pour le pliage et le d\u00e9ploiement. La partie la plus d\u00e9licate est que le bateau se replie le long d&rsquo;un ensemble de lignes pour l&#8217;emballage, et un ensemble enti\u00e8rement diff\u00e9rent pour une utilisation comme motomarine. Lorsque vous passez de l&rsquo;un \u00e0 l&rsquo;autre, vous devez d\u00e9plier certaines lignes (pousser fort!) Et en chasser d&rsquo;autres. <\/p>\n<p>Mais <em>fait<\/em> Tous fonctionnent et les pi\u00e8ces s&rsquo;assemblent bien. Le si\u00e8ge est mont\u00e9 sur un rectangle orange en mat\u00e9riau plus rigide que le reste du bateau; Vous le placez au centre du sol. Ensuite, vous allez \u00e0 l&rsquo;avant du bateau et d\u00e9crochez les c\u00f4t\u00e9s avec des sangles de boucle. \u00c0 l&rsquo;arri\u00e8re du bateau, vous effectuez une proc\u00e9dure similaire. Ce filon est probablement la partie la plus difficile physiquement du processus; Quand il est nouveau et raide, les c\u00f4t\u00e9s ne se r\u00e9unissent pas facilement, et ils ne se r\u00e9unissent pas n\u00e9cessairement aussi bien dans la vie r\u00e9elle que dans la vid\u00e9o, mais je m&rsquo;attends \u00e0 ce que avec du temps et un peu plus, je serai en mesure de se rapprocher d&rsquo;une minute promise.<\/p>\n<h2 id=\"how-does-the-oru-lake-fare-on-the-water\">Comment le lac Oru se comporte-t-il sur l&rsquo;eau? <\/h2>\n<div class=\"eloquent-imagery-image\">\n<div class=\"flex justify-center\">\n                    <img decoding=\"async\" class=\"border border-gray-100\" src=\"https:\/\/vieassociative.be\/actualites\/wp-content\/uploads\/2025\/05\/1746980267_562_Ce-kayak-pliant-est-etonnamment-digne-de-mer.jpg\" alt=\"selfie dans le kayak\" width=\"2000\" height=\"1125\" loading=\"lazy\"  >\n            <\/div>\n<\/p><\/div>\n<p>J&rsquo;ai sorti le lac + pour faire un tour de mon lac local un jour froid. (Il fait un peu froid pour la saison des kayaks, mais ce sont les choses que je fais pour vous, chers lecteurs. Portez toujours un PFD et des v\u00eatements appropri\u00e9s &#8211; je portais une combinaison &#8211; quand il par temps froid.) <\/p>\n<p>En parlant de PFD, Oru Kayak m&rsquo;en a envoy\u00e9 un pour tester. J&rsquo;ai presque dit non merci, car j&rsquo;ai plusieurs VFI, mais le PFD ORU est l&rsquo;un des gilets de vie les plus confortables que j&rsquo;ai port\u00e9s pour pagayer. L&rsquo;arri\u00e8re du gilet n&rsquo;a que de la mousse de flottaison dans la moiti\u00e9 sup\u00e9rieure, vous pouvez donc vous asseoir confortablement sur le si\u00e8ge du kayak sans que le dos du si\u00e8ge ne se heurte le gilet. <\/p>\n<div class=\"pogoClear relative my-10 border-b-(1.5px) border-t-(1.5px) border-dashed border-black py-5 sm:my-14 sm:border-0 sm:py-0\" data-ga-click data-ga-template=\"Opinions\" data-ga-module=\"openweb_widget\" data-ga-element=\"openweb_scroll\" data-ga-item=\"openweb_scroll_midpage\" x-cloak x-data=\"{ commentsCount: null, hasComments: false }\" x-init=\"commentsCount = await window.openweb.getMessagesCount(114764);\n     hasComments = commentsCount !== null &amp;&amp; commentsCount &gt; 0\"><\/p>\n<div class=\"absolute top-1\/2 hidden w-full -translate-y-1\/2 border-t-(1.5px) border-dashed border-black sm:block\"><\/div>\n<div class=\"relative flex justify-center\">\n<div class=\"flex max-w-max items-center gap-x-3 bg-white px-5\">\n<div class=\"relative\">\n                <span class=\"absolute left-1\/2 top-1\/2 -translate-x-1\/2 -translate-y-1\/2 font-akshar text-sm font-medium text-black\" x-show=\"hasComments\" x-text=\"commentsCount\"><\/span><\/p>\n<p>                <svg class=\"h-8 w-8 text-black\">\n                    <use href=\"http:\/\/lifehacker.com\/images\/icons\/spritemap.svg#sprite-chat-bubble\"><\/use>\n                <\/svg>\n            <\/div>\n<p>            <span class=\"text-sm font-medium text-black\"><\/p>\n<p>                Que pensez-vous jusqu&rsquo;\u00e0 pr\u00e9sent?<br \/>\n                <button class=\"font-semibold text-brand-green underline hover:text-brand-green-700\" onclick=\"window.openweb.scrollToComments('114764')\" x-text=\"hasComments ? 'Post a comment.' : 'Be the first to post a comment.'\"><\/button><br \/>\n            <\/span>\n        <\/div>\n<\/p><\/div>\n<\/div>\n<p>Le lac + est assez confortable pour s&rsquo;asseoir dans l&rsquo;ensemble. Le si\u00e8ge se sent bien, bien que le repose-pied, maintenu en place par la tension de trois cordons diff\u00e9rents, n&rsquo;est pas aussi stable qu&rsquo;il le serait dans un kayak avec des repose-pieds plus traditionnels sur les c\u00f4t\u00e9s du bateau.<\/p>\n<p>Et, oui, le m\u00e9tier est en \u00e9tat de lacs comme promis. Je n&rsquo;ai subi aucune fuite ni surprise. En tant que kayak de 9 pieds, il tourne un peu de chaque c\u00f4t\u00e9 \u00e0 chaque coup, mais c&rsquo;est typique de bateaux courts \u00e0 fond plat. (Je m&rsquo;attendrais \u00e0 ce que les mod\u00e8les plus longs et plus chers se dirigent beaucoup plus droits.) Il ne suit pas aussi droit que mon p\u00e9lican en plastique moul\u00e9, mais c&rsquo;est un compromis raisonnable pour faire la commodit\u00e9 d&rsquo;un bateau embalable. <\/p>\n<p>Quand j&rsquo;ai fini mes tests, j&rsquo;ai repli\u00e9 le bateau. Comme pour les bateaux gonflables, lorsque vous finirez d&rsquo;utiliser votre kayak pour la journ\u00e9e, il sera mouill\u00e9 et quelque peu boueux. L&rsquo;ORU recommande de soutenir votre kayak pendant 10 minutes pour permettre \u00e0 l&rsquo;eau de s&rsquo;\u00e9couler des ondulations du plastique. <\/p>\n<p>Id\u00e9alement, le tout se regroupe dans un ensemble de taille de valise. C&rsquo;est-\u00e0-dire que c&rsquo;est <em>devient<\/em> Un package de taille de valise, complet avec des sangles de poign\u00e9e et de fermeture, sans que vous ayez \u00e0 le fourrer dans un conteneur s\u00e9par\u00e9. ORU vend \u00e9galement un sac \u00e0 dos pour vous aider \u00e0 le porter, mais je n&rsquo;ai pas vu le besoin; J&rsquo;ai juste jet\u00e9 la valise \u00e0 l&rsquo;arri\u00e8re de ma voiture et je me suis dirig\u00e9e vers la maison.<\/p>\n<p><em>Une version pr\u00e9c\u00e9dente de l&rsquo;article indiquait que le kayak que j&rsquo;ai test\u00e9 \u00e9tait le lac; C&rsquo;\u00e9tait en fait le lac +. <\/em><\/p>\n","protected":false},"excerpt":{"rendered":"<p>Le mod\u00e8le du lac + d&rsquo;Oru Kayak tient ses promesses d&rsquo;\u00eatre l\u00e9gers, robustes et \u00e9minemment embalables. Chaque bonne chose a ses inconv\u00e9nients, et pour un<\/p>\n","protected":false},"author":1,"featured_media":7482,"comment_status":"","ping_status":"","sticky":false,"template":"","format":"standard","meta":{"footnotes":""},"categories":[38],"tags":[6948,76,4607,6946,4704,6947],"class_list":["post-7481","post","type-post","status-publish","format-standard","has-post-thumbnail","hentry","category-sante","tag-digne","tag-est","tag-etonnamment","tag-kayak","tag-mer","tag-pliant","generate-columns","tablet-grid-50","mobile-grid-100","grid-parent","grid-33"],"yoast_head":"<!-- This site is optimized with the Yoast SEO plugin v24.0 - https:\/\/yoast.com\/wordpress\/plugins\/seo\/ -->\n<title>Ce kayak pliant est \u00e9tonnamment digne de mer | Vie Associative<\/title>\n<meta name=\"robots\" content=\"index, follow, max-snippet:-1, max-image-preview:large, max-video-preview:-1\" \/>\n<link rel=\"canonical\" href=\"https:\/\/vieassociative.be\/actualites\/ce-kayak-pliant-est-etonnamment-digne-de-mer\/\" \/>\n<meta property=\"og:locale\" content=\"fr_FR\" \/>\n<meta property=\"og:type\" content=\"article\" \/>\n<meta property=\"og:title\" content=\"Ce kayak pliant est \u00e9tonnamment digne de mer | Vie Associative\" \/>\n<meta property=\"og:description\" content=\"Le mod\u00e8le du lac + d&rsquo;Oru Kayak tient ses promesses d&rsquo;\u00eatre l\u00e9gers, robustes et \u00e9minemment embalables. Chaque bonne chose a ses inconv\u00e9nients, et pour un\" \/>\n<meta property=\"og:url\" content=\"https:\/\/vieassociative.be\/actualites\/ce-kayak-pliant-est-etonnamment-digne-de-mer\/\" \/>\n<meta property=\"og:site_name\" content=\"Vie Associative\" \/>\n<meta property=\"article:published_time\" content=\"2025-05-11T16:17:47+00:00\" \/>\n<meta property=\"og:image\" content=\"https:\/\/vieassociative.be\/actualites\/wp-content\/uploads\/2025\/05\/Ce-kayak-pliant-est-etonnamment-digne-de-mer.jpg\" \/>\n<meta name=\"author\" content=\"Julien\" \/>\n<meta name=\"twitter:card\" content=\"summary_large_image\" \/>\n<meta name=\"twitter:label1\" content=\"\u00c9crit par\" \/>\n\t<meta name=\"twitter:data1\" content=\"Julien\" \/>\n\t<meta name=\"twitter:label2\" content=\"Dur\u00e9e de lecture est.\" \/>\n\t<meta name=\"twitter:data2\" content=\"6 minutes\" \/>\n<script type=\"application\/ld+json\" class=\"yoast-schema-graph\">{\"@context\":\"https:\/\/schema.org\",\"@graph\":[{\"@type\":\"Article\",\"@id\":\"https:\/\/vieassociative.be\/actualites\/ce-kayak-pliant-est-etonnamment-digne-de-mer\/#article\",\"isPartOf\":{\"@id\":\"https:\/\/vieassociative.be\/actualites\/ce-kayak-pliant-est-etonnamment-digne-de-mer\/\"},\"author\":{\"name\":\"Julien\",\"@id\":\"https:\/\/vieassociative.be\/actualites\/#\/schema\/person\/b87ac4f82f9d4e7b7cec7395b679edc4\"},\"headline\":\"Ce kayak pliant est \u00e9tonnamment digne de mer\",\"datePublished\":\"2025-05-11T16:17:47+00:00\",\"dateModified\":\"2025-05-11T16:17:47+00:00\",\"mainEntityOfPage\":{\"@id\":\"https:\/\/vieassociative.be\/actualites\/ce-kayak-pliant-est-etonnamment-digne-de-mer\/\"},\"wordCount\":1244,\"publisher\":{\"@id\":\"https:\/\/vieassociative.be\/actualites\/#organization\"},\"image\":{\"@id\":\"https:\/\/vieassociative.be\/actualites\/ce-kayak-pliant-est-etonnamment-digne-de-mer\/#primaryimage\"},\"thumbnailUrl\":\"https:\/\/vieassociative.be\/actualites\/wp-content\/uploads\/2025\/05\/1746980269_Ce-kayak-pliant-est-etonnamment-digne-de-mer.jpg\",\"keywords\":[\"digne\",\"est\",\"\u00e9tonnamment\",\"kayak\",\"mer\",\"pliant\"],\"articleSection\":[\"Sant\u00e9\"],\"inLanguage\":\"fr-BE\"},{\"@type\":\"WebPage\",\"@id\":\"https:\/\/vieassociative.be\/actualites\/ce-kayak-pliant-est-etonnamment-digne-de-mer\/\",\"url\":\"https:\/\/vieassociative.be\/actualites\/ce-kayak-pliant-est-etonnamment-digne-de-mer\/\",\"name\":\"Ce kayak pliant est \u00e9tonnamment digne de mer | Vie Associative\",\"isPartOf\":{\"@id\":\"https:\/\/vieassociative.be\/actualites\/#website\"},\"primaryImageOfPage\":{\"@id\":\"https:\/\/vieassociative.be\/actualites\/ce-kayak-pliant-est-etonnamment-digne-de-mer\/#primaryimage\"},\"image\":{\"@id\":\"https:\/\/vieassociative.be\/actualites\/ce-kayak-pliant-est-etonnamment-digne-de-mer\/#primaryimage\"},\"thumbnailUrl\":\"https:\/\/vieassociative.be\/actualites\/wp-content\/uploads\/2025\/05\/1746980269_Ce-kayak-pliant-est-etonnamment-digne-de-mer.jpg\",\"datePublished\":\"2025-05-11T16:17:47+00:00\",\"dateModified\":\"2025-05-11T16:17:47+00:00\",\"breadcrumb\":{\"@id\":\"https:\/\/vieassociative.be\/actualites\/ce-kayak-pliant-est-etonnamment-digne-de-mer\/#breadcrumb\"},\"inLanguage\":\"fr-BE\",\"potentialAction\":[{\"@type\":\"ReadAction\",\"target\":[\"https:\/\/vieassociative.be\/actualites\/ce-kayak-pliant-est-etonnamment-digne-de-mer\/\"]}]},{\"@type\":\"ImageObject\",\"inLanguage\":\"fr-BE\",\"@id\":\"https:\/\/vieassociative.be\/actualites\/ce-kayak-pliant-est-etonnamment-digne-de-mer\/#primaryimage\",\"url\":\"https:\/\/vieassociative.be\/actualites\/wp-content\/uploads\/2025\/05\/1746980269_Ce-kayak-pliant-est-etonnamment-digne-de-mer.jpg\",\"contentUrl\":\"https:\/\/vieassociative.be\/actualites\/wp-content\/uploads\/2025\/05\/1746980269_Ce-kayak-pliant-est-etonnamment-digne-de-mer.jpg\",\"width\":1200,\"height\":675,\"caption\":\"Ce kayak pliant est \u00e9tonnamment digne de mer\"},{\"@type\":\"BreadcrumbList\",\"@id\":\"https:\/\/vieassociative.be\/actualites\/ce-kayak-pliant-est-etonnamment-digne-de-mer\/#breadcrumb\",\"itemListElement\":[{\"@type\":\"ListItem\",\"position\":1,\"name\":\"Accueil\",\"item\":\"https:\/\/vieassociative.be\/actualites\/\"},{\"@type\":\"ListItem\",\"position\":2,\"name\":\"Ce kayak pliant est \u00e9tonnamment digne de mer\"}]},{\"@type\":\"WebSite\",\"@id\":\"https:\/\/vieassociative.be\/actualites\/#website\",\"url\":\"https:\/\/vieassociative.be\/actualites\/\",\"name\":\"Vie Associative\",\"description\":\"\",\"publisher\":{\"@id\":\"https:\/\/vieassociative.be\/actualites\/#organization\"},\"potentialAction\":[{\"@type\":\"SearchAction\",\"target\":{\"@type\":\"EntryPoint\",\"urlTemplate\":\"https:\/\/vieassociative.be\/actualites\/?s={search_term_string}\"},\"query-input\":{\"@type\":\"PropertyValueSpecification\",\"valueRequired\":true,\"valueName\":\"search_term_string\"}}],\"inLanguage\":\"fr-BE\"},{\"@type\":\"Organization\",\"@id\":\"https:\/\/vieassociative.be\/actualites\/#organization\",\"name\":\"Vie Associative\",\"url\":\"https:\/\/vieassociative.be\/actualites\/\",\"logo\":{\"@type\":\"ImageObject\",\"inLanguage\":\"fr-BE\",\"@id\":\"https:\/\/vieassociative.be\/actualites\/#\/schema\/logo\/image\/\",\"url\":\"https:\/\/vieassociative.be\/actualites\/wp-content\/uploads\/2024\/09\/cropped-vieassociative_favicon.ico.png\",\"contentUrl\":\"https:\/\/vieassociative.be\/actualites\/wp-content\/uploads\/2024\/09\/cropped-vieassociative_favicon.ico.png\",\"width\":512,\"height\":512,\"caption\":\"Vie Associative\"},\"image\":{\"@id\":\"https:\/\/vieassociative.be\/actualites\/#\/schema\/logo\/image\/\"}},{\"@type\":\"Person\",\"@id\":\"https:\/\/vieassociative.be\/actualites\/#\/schema\/person\/b87ac4f82f9d4e7b7cec7395b679edc4\",\"name\":\"Julien\",\"image\":{\"@type\":\"ImageObject\",\"inLanguage\":\"fr-BE\",\"@id\":\"https:\/\/vieassociative.be\/actualites\/#\/schema\/person\/image\/\",\"url\":\"https:\/\/vieassociative.be\/actualites\/wp-content\/uploads\/2024\/09\/vie-associative-1-150x150.jpg\",\"contentUrl\":\"https:\/\/vieassociative.be\/actualites\/wp-content\/uploads\/2024\/09\/vie-associative-1-150x150.jpg\",\"caption\":\"Julien\"},\"description\":\"Je suis Julien, r\u00e9dacteur pour Vie Associative. Passionn\u00e9 par le monde associatif depuis plus de 10 ans, j'ai \u00e0 c\u0153ur de partager des histoires inspirantes et de mettre en lumi\u00e8re les initiatives locales. Mon objectif est de sensibiliser et d'encourager l'engagement communautaire \u00e0 travers mes articles.\",\"sameAs\":[\"https:\/\/vieassociative.be\/\"]}]}<\/script>\n<!-- \/ Yoast SEO plugin. -->","yoast_head_json":{"title":"Ce kayak pliant est \u00e9tonnamment digne de mer | Vie Associative","robots":{"index":"index","follow":"follow","max-snippet":"max-snippet:-1","max-image-preview":"max-image-preview:large","max-video-preview":"max-video-preview:-1"},"canonical":"https:\/\/vieassociative.be\/actualites\/ce-kayak-pliant-est-etonnamment-digne-de-mer\/","og_locale":"fr_FR","og_type":"article","og_title":"Ce kayak pliant est \u00e9tonnamment digne de mer | Vie Associative","og_description":"Le mod\u00e8le du lac + d&rsquo;Oru Kayak tient ses promesses d&rsquo;\u00eatre l\u00e9gers, robustes et \u00e9minemment embalables. Chaque bonne chose a ses inconv\u00e9nients, et pour un","og_url":"https:\/\/vieassociative.be\/actualites\/ce-kayak-pliant-est-etonnamment-digne-de-mer\/","og_site_name":"Vie Associative","article_published_time":"2025-05-11T16:17:47+00:00","og_image":[{"url":"https:\/\/vieassociative.be\/actualites\/wp-content\/uploads\/2025\/05\/Ce-kayak-pliant-est-etonnamment-digne-de-mer.jpg","type":"","width":"","height":""}],"author":"Julien","twitter_card":"summary_large_image","twitter_misc":{"\u00c9crit par":"Julien","Dur\u00e9e de lecture est.":"6 minutes"},"schema":{"@context":"https:\/\/schema.org","@graph":[{"@type":"Article","@id":"https:\/\/vieassociative.be\/actualites\/ce-kayak-pliant-est-etonnamment-digne-de-mer\/#article","isPartOf":{"@id":"https:\/\/vieassociative.be\/actualites\/ce-kayak-pliant-est-etonnamment-digne-de-mer\/"},"author":{"name":"Julien","@id":"https:\/\/vieassociative.be\/actualites\/#\/schema\/person\/b87ac4f82f9d4e7b7cec7395b679edc4"},"headline":"Ce kayak pliant est \u00e9tonnamment digne de mer","datePublished":"2025-05-11T16:17:47+00:00","dateModified":"2025-05-11T16:17:47+00:00","mainEntityOfPage":{"@id":"https:\/\/vieassociative.be\/actualites\/ce-kayak-pliant-est-etonnamment-digne-de-mer\/"},"wordCount":1244,"publisher":{"@id":"https:\/\/vieassociative.be\/actualites\/#organization"},"image":{"@id":"https:\/\/vieassociative.be\/actualites\/ce-kayak-pliant-est-etonnamment-digne-de-mer\/#primaryimage"},"thumbnailUrl":"https:\/\/vieassociative.be\/actualites\/wp-content\/uploads\/2025\/05\/1746980269_Ce-kayak-pliant-est-etonnamment-digne-de-mer.jpg","keywords":["digne","est","\u00e9tonnamment","kayak","mer","pliant"],"articleSection":["Sant\u00e9"],"inLanguage":"fr-BE"},{"@type":"WebPage","@id":"https:\/\/vieassociative.be\/actualites\/ce-kayak-pliant-est-etonnamment-digne-de-mer\/","url":"https:\/\/vieassociative.be\/actualites\/ce-kayak-pliant-est-etonnamment-digne-de-mer\/","name":"Ce kayak pliant est \u00e9tonnamment digne de mer | Vie Associative","isPartOf":{"@id":"https:\/\/vieassociative.be\/actualites\/#website"},"primaryImageOfPage":{"@id":"https:\/\/vieassociative.be\/actualites\/ce-kayak-pliant-est-etonnamment-digne-de-mer\/#primaryimage"},"image":{"@id":"https:\/\/vieassociative.be\/actualites\/ce-kayak-pliant-est-etonnamment-digne-de-mer\/#primaryimage"},"thumbnailUrl":"https:\/\/vieassociative.be\/actualites\/wp-content\/uploads\/2025\/05\/1746980269_Ce-kayak-pliant-est-etonnamment-digne-de-mer.jpg","datePublished":"2025-05-11T16:17:47+00:00","dateModified":"2025-05-11T16:17:47+00:00","breadcrumb":{"@id":"https:\/\/vieassociative.be\/actualites\/ce-kayak-pliant-est-etonnamment-digne-de-mer\/#breadcrumb"},"inLanguage":"fr-BE","potentialAction":[{"@type":"ReadAction","target":["https:\/\/vieassociative.be\/actualites\/ce-kayak-pliant-est-etonnamment-digne-de-mer\/"]}]},{"@type":"ImageObject","inLanguage":"fr-BE","@id":"https:\/\/vieassociative.be\/actualites\/ce-kayak-pliant-est-etonnamment-digne-de-mer\/#primaryimage","url":"https:\/\/vieassociative.be\/actualites\/wp-content\/uploads\/2025\/05\/1746980269_Ce-kayak-pliant-est-etonnamment-digne-de-mer.jpg","contentUrl":"https:\/\/vieassociative.be\/actualites\/wp-content\/uploads\/2025\/05\/1746980269_Ce-kayak-pliant-est-etonnamment-digne-de-mer.jpg","width":1200,"height":675,"caption":"Ce kayak pliant est \u00e9tonnamment digne de mer"},{"@type":"BreadcrumbList","@id":"https:\/\/vieassociative.be\/actualites\/ce-kayak-pliant-est-etonnamment-digne-de-mer\/#breadcrumb","itemListElement":[{"@type":"ListItem","position":1,"name":"Accueil","item":"https:\/\/vieassociative.be\/actualites\/"},{"@type":"ListItem","position":2,"name":"Ce kayak pliant est \u00e9tonnamment digne de mer"}]},{"@type":"WebSite","@id":"https:\/\/vieassociative.be\/actualites\/#website","url":"https:\/\/vieassociative.be\/actualites\/","name":"Vie Associative","description":"","publisher":{"@id":"https:\/\/vieassociative.be\/actualites\/#organization"},"potentialAction":[{"@type":"SearchAction","target":{"@type":"EntryPoint","urlTemplate":"https:\/\/vieassociative.be\/actualites\/?s={search_term_string}"},"query-input":{"@type":"PropertyValueSpecification","valueRequired":true,"valueName":"search_term_string"}}],"inLanguage":"fr-BE"},{"@type":"Organization","@id":"https:\/\/vieassociative.be\/actualites\/#organization","name":"Vie Associative","url":"https:\/\/vieassociative.be\/actualites\/","logo":{"@type":"ImageObject","inLanguage":"fr-BE","@id":"https:\/\/vieassociative.be\/actualites\/#\/schema\/logo\/image\/","url":"https:\/\/vieassociative.be\/actualites\/wp-content\/uploads\/2024\/09\/cropped-vieassociative_favicon.ico.png","contentUrl":"https:\/\/vieassociative.be\/actualites\/wp-content\/uploads\/2024\/09\/cropped-vieassociative_favicon.ico.png","width":512,"height":512,"caption":"Vie Associative"},"image":{"@id":"https:\/\/vieassociative.be\/actualites\/#\/schema\/logo\/image\/"}},{"@type":"Person","@id":"https:\/\/vieassociative.be\/actualites\/#\/schema\/person\/b87ac4f82f9d4e7b7cec7395b679edc4","name":"Julien","image":{"@type":"ImageObject","inLanguage":"fr-BE","@id":"https:\/\/vieassociative.be\/actualites\/#\/schema\/person\/image\/","url":"https:\/\/vieassociative.be\/actualites\/wp-content\/uploads\/2024\/09\/vie-associative-1-150x150.jpg","contentUrl":"https:\/\/vieassociative.be\/actualites\/wp-content\/uploads\/2024\/09\/vie-associative-1-150x150.jpg","caption":"Julien"},"description":"Je suis Julien, r\u00e9dacteur pour Vie Associative. Passionn\u00e9 par le monde associatif depuis plus de 10 ans, j'ai \u00e0 c\u0153ur de partager des histoires inspirantes et de mettre en lumi\u00e8re les initiatives locales. Mon objectif est de sensibiliser et d'encourager l'engagement communautaire \u00e0 travers mes articles.","sameAs":["https:\/\/vieassociative.be\/"]}]}},"_links":{"self":[{"href":"https:\/\/vieassociative.be\/actualites\/wp-json\/wp\/v2\/posts\/7481"}],"collection":[{"href":"https:\/\/vieassociative.be\/actualites\/wp-json\/wp\/v2\/posts"}],"about":[{"href":"https:\/\/vieassociative.be\/actualites\/wp-json\/wp\/v2\/types\/post"}],"author":[{"embeddable":true,"href":"https:\/\/vieassociative.be\/actualites\/wp-json\/wp\/v2\/users\/1"}],"replies":[{"embeddable":true,"href":"https:\/\/vieassociative.be\/actualites\/wp-json\/wp\/v2\/comments?post=7481"}],"version-history":[{"count":0,"href":"https:\/\/vieassociative.be\/actualites\/wp-json\/wp\/v2\/posts\/7481\/revisions"}],"wp:featuredmedia":[{"embeddable":true,"href":"https:\/\/vieassociative.be\/actualites\/wp-json\/wp\/v2\/media\/7482"}],"wp:attachment":[{"href":"https:\/\/vieassociative.be\/actualites\/wp-json\/wp\/v2\/media?parent=7481"}],"wp:term":[{"taxonomy":"category","embeddable":true,"href":"https:\/\/vieassociative.be\/actualites\/wp-json\/wp\/v2\/categories?post=7481"},{"taxonomy":"post_tag","embeddable":true,"href":"https:\/\/vieassociative.be\/actualites\/wp-json\/wp\/v2\/tags?post=7481"}],"curies":[{"name":"wp","href":"https:\/\/api.w.org\/{rel}","templated":true}]}}