{"id":7479,"date":"2025-05-11T16:17:43","date_gmt":"2025-05-11T14:17:43","guid":{"rendered":"https:\/\/vieassociative.be\/actualites\/le-sac-bleu-de-la-belgique-comme-modele-pour-leurope\/"},"modified":"2025-05-11T16:17:43","modified_gmt":"2025-05-11T14:17:43","slug":"le-sac-bleu-de-la-belgique-comme-modele-pour-leurope","status":"publish","type":"post","link":"https:\/\/vieassociative.be\/actualites\/le-sac-bleu-de-la-belgique-comme-modele-pour-leurope\/","title":{"rendered":"Le sac bleu de la Belgique comme mod\u00e8le pour l&rsquo;Europe"},"content":{"rendered":"<p><strong>La semaine derni\u00e8re, le d\u00e9put\u00e9 de l&rsquo;UE Belge de l&rsquo;Est Pascal Arimont (CSP-EVP) a rencontr\u00e9 le commissaire de l&rsquo;UE \u00e0 l&rsquo;environnement Jessika Roswall \u00e0 Strasbourg pour \u00e9changer le recyclage belge en tant que mod\u00e8le pour d&rsquo;autres \u00c9tats membres de l&rsquo;UE.<\/strong><\/p>\n<p><span id=\"more-415319\"><\/span>\u00ab\u00a0Le sac bleu de la Belgique est un v\u00e9ritable projet de r\u00e9ussite par rapport aux taux recycl\u00e9s de gaspillage d&#8217;emballage et peut servir de mod\u00e8le \u00e0 l&rsquo;Europe. J&rsquo;ai attir\u00e9 l&rsquo;attention sur la commissaire de l&rsquo;UE, Jessika Roswall, responsable de l&rsquo;environnement lors de notre conversation de travail\u00a0\u00bb, a soulign\u00e9 le membre de l&rsquo;UE Belgien de l&rsquo;Est dans un communiqu\u00e9 de presse.<\/p>\n<p>La cr\u00e9ation d&rsquo;une v\u00e9ritable \u00e9conomie circulaire europ\u00e9enne est une priorit\u00e9 de la politique environnementale de l&rsquo;UE. Il convient donc de examiner de plus pr\u00e8s le quota de recyclage tr\u00e8s \u00e9lev\u00e9 des d\u00e9chets d&#8217;emballage en Belgique, a expliqu\u00e9 Arimont, membre du Comit\u00e9 environnemental au Parlement europ\u00e9en. \u00ab\u00a0Dans notre pays, environ 80% des d\u00e9chets d&#8217;emballage sont d\u00e9j\u00e0 recycl\u00e9s.\u00a0\u00bb<\/p>\n<div id=\"attachment_415321\" class=\"wp-caption alignleft\" style=\"max-width: 300px\"><img fetchpriority=\"high\" decoding=\"async\" class=\"wp-image-415321 size-medium\" src=\"https:\/\/vieassociative.be\/actualites\/wp-content\/uploads\/2025\/05\/Le-sac-bleu-de-la-Belgique-comme-modele-pour-lEurope.jpg\" alt=\"\" width=\"300\" height=\"169\"><\/p>\n<p class=\"wp-caption-text\">Image \u00e0 gauche: Pascal Arimont et la commissaire \u00e0 l&rsquo;environnement de l&rsquo;UE Jessika Roswall (VL). Image \u00e0 droite: Claudy Lejeune (Prezero), Pascal Arimont et G\u00f6tz Brandau (Schwarz Group) (VL). Photos: Pascal Arimont Office<\/p>\n<\/div>\n<p>\u00c0 Strasbourg, Arimont a \u00e9galement rencontr\u00e9 les repr\u00e9sentants de la soci\u00e9t\u00e9 Prezero, qui est responsable du recyclage d&rsquo;une partie de l&#8217;emballage collect\u00e9 dans les sacs bleus du site Evergem de Gent (East Flanders). Le PDG de Prezero Belgique est Claudy Lejeune de Rocherath. La soci\u00e9t\u00e9 appartient au groupe allemand \u00ab\u00a0Schwarz\u00a0\u00bb et trie pour \u00ab\u00a0Fost Plus\u00a0\u00bb depuis f\u00e9vrier 2021.<\/p>\n<p>\u00ab\u00a0L&rsquo;industrie du recyclage en Europe est actuellement aux prises avec des probl\u00e8mes qui peuvent \u00eatre attribu\u00e9s \u00e0 la baisse des domaines cl\u00e9s \u00e9conomiques tels que le secteur automobile ou de la construction. Ces secteurs \u00e9conomiques d\u00e9pendent fortement des soi-disant recyclations. Les co\u00fbts \u00e9nerg\u00e9tiques \u00e9lev\u00e9s et les importations de mati\u00e8res premi\u00e8res bon march\u00e9 en provenance d&rsquo;Asie font \u00e9galement le secteur\u00a0\u00bb, a soulign\u00e9 Arimint.<\/p>\n<p>\u00ab\u00a0Si nous voulons r\u00e9ellement atteindre les objectifs circulatoires ambitieux qui fournissent un taux de recyclage \u00e0 l&rsquo;\u00e9chelle de l&rsquo;Europe pour l&#8217;emballage de 65% d&rsquo;ici 2035, nous devons soutenir le secteur plus sp\u00e9cifiquement. \u00ab\u00a0Compte tenu de la p\u00e9nurie de mati\u00e8res premi\u00e8res qui pr\u00e9vaut en Europe, il reste important que nous consid\u00e9rions les recyclates comme des mati\u00e8res premi\u00e8res europ\u00e9ennes essentielles et pas seulement comme des d\u00e9chets.\u00a0\u00bb (Cre)<\/p>\n","protected":false},"excerpt":{"rendered":"<p>La semaine derni\u00e8re, le d\u00e9put\u00e9 de l&rsquo;UE Belge de l&rsquo;Est Pascal Arimont (CSP-EVP) a rencontr\u00e9 le commissaire de l&rsquo;UE \u00e0 l&rsquo;environnement Jessika Roswall \u00e0 Strasbourg<\/p>\n","protected":false},"author":1,"featured_media":7480,"comment_status":"","ping_status":"","sticky":false,"template":"","format":"standard","meta":{"footnotes":""},"categories":[298],"tags":[383,1474,1254,2785,5113,81,260],"class_list":["post-7479","post","type-post","status-publish","format-standard","has-post-thumbnail","hentry","category-belgique","tag-belgique","tag-bleu","tag-comme","tag-leurope","tag-modele","tag-pour","tag-sac","generate-columns","tablet-grid-50","mobile-grid-100","grid-parent","grid-33"],"yoast_head":"<!-- This site is optimized with the Yoast SEO plugin v24.0 - https:\/\/yoast.com\/wordpress\/plugins\/seo\/ -->\n<title>Le sac bleu de la Belgique comme mod\u00e8le pour l&#039;Europe | Vie Associative<\/title>\n<meta name=\"robots\" content=\"index, follow, max-snippet:-1, max-image-preview:large, max-video-preview:-1\" \/>\n<link rel=\"canonical\" href=\"https:\/\/vieassociative.be\/actualites\/le-sac-bleu-de-la-belgique-comme-modele-pour-leurope\/\" \/>\n<meta property=\"og:locale\" content=\"fr_FR\" \/>\n<meta property=\"og:type\" content=\"article\" \/>\n<meta property=\"og:title\" content=\"Le sac bleu de la Belgique comme mod\u00e8le pour l&#039;Europe | Vie Associative\" \/>\n<meta property=\"og:description\" content=\"La semaine derni\u00e8re, le d\u00e9put\u00e9 de l&rsquo;UE Belge de l&rsquo;Est Pascal Arimont (CSP-EVP) a rencontr\u00e9 le commissaire de l&rsquo;UE \u00e0 l&rsquo;environnement Jessika Roswall \u00e0 Strasbourg\" \/>\n<meta property=\"og:url\" content=\"https:\/\/vieassociative.be\/actualites\/le-sac-bleu-de-la-belgique-comme-modele-pour-leurope\/\" \/>\n<meta property=\"og:site_name\" content=\"Vie Associative\" \/>\n<meta property=\"article:published_time\" content=\"2025-05-11T14:17:43+00:00\" \/>\n<meta property=\"og:image\" content=\"https:\/\/vieassociative.be\/actualites\/wp-content\/uploads\/2024\/09\/header_backgroundk-01-e1726694325946.png\" \/>\n\t<meta property=\"og:image:width\" content=\"279\" \/>\n\t<meta property=\"og:image:height\" content=\"92\" \/>\n\t<meta property=\"og:image:type\" content=\"image\/png\" \/>\n<meta name=\"author\" content=\"Julien\" \/>\n<meta name=\"twitter:card\" content=\"summary_large_image\" \/>\n<meta name=\"twitter:label1\" content=\"\u00c9crit par\" \/>\n\t<meta name=\"twitter:data1\" content=\"Julien\" \/>\n\t<meta name=\"twitter:label2\" content=\"Dur\u00e9e de lecture est.\" \/>\n\t<meta name=\"twitter:data2\" content=\"2 minutes\" \/>\n<script type=\"application\/ld+json\" class=\"yoast-schema-graph\">{\"@context\":\"https:\/\/schema.org\",\"@graph\":[{\"@type\":\"Article\",\"@id\":\"https:\/\/vieassociative.be\/actualites\/le-sac-bleu-de-la-belgique-comme-modele-pour-leurope\/#article\",\"isPartOf\":{\"@id\":\"https:\/\/vieassociative.be\/actualites\/le-sac-bleu-de-la-belgique-comme-modele-pour-leurope\/\"},\"author\":{\"name\":\"Julien\",\"@id\":\"https:\/\/vieassociative.be\/actualites\/#\/schema\/person\/b87ac4f82f9d4e7b7cec7395b679edc4\"},\"headline\":\"Le sac bleu de la Belgique comme mod\u00e8le pour l&rsquo;Europe\",\"datePublished\":\"2025-05-11T14:17:43+00:00\",\"dateModified\":\"2025-05-11T14:17:43+00:00\",\"mainEntityOfPage\":{\"@id\":\"https:\/\/vieassociative.be\/actualites\/le-sac-bleu-de-la-belgique-comme-modele-pour-leurope\/\"},\"wordCount\":443,\"publisher\":{\"@id\":\"https:\/\/vieassociative.be\/actualites\/#organization\"},\"image\":{\"@id\":\"https:\/\/vieassociative.be\/actualites\/le-sac-bleu-de-la-belgique-comme-modele-pour-leurope\/#primaryimage\"},\"thumbnailUrl\":\"https:\/\/vieassociative.be\/actualites\/wp-content\/uploads\/2025\/05\/1746973063_Le-sac-bleu-de-la-Belgique-comme-modele-pour-lEurope.jpg\",\"keywords\":[\"Belgique\",\"bleu\",\"comme\",\"lEurope\",\"mod\u00e8le\",\"pour\",\"sac\"],\"articleSection\":[\"Belgique\"],\"inLanguage\":\"fr-BE\"},{\"@type\":\"WebPage\",\"@id\":\"https:\/\/vieassociative.be\/actualites\/le-sac-bleu-de-la-belgique-comme-modele-pour-leurope\/\",\"url\":\"https:\/\/vieassociative.be\/actualites\/le-sac-bleu-de-la-belgique-comme-modele-pour-leurope\/\",\"name\":\"Le sac bleu de la Belgique comme mod\u00e8le pour l'Europe | Vie Associative\",\"isPartOf\":{\"@id\":\"https:\/\/vieassociative.be\/actualites\/#website\"},\"primaryImageOfPage\":{\"@id\":\"https:\/\/vieassociative.be\/actualites\/le-sac-bleu-de-la-belgique-comme-modele-pour-leurope\/#primaryimage\"},\"image\":{\"@id\":\"https:\/\/vieassociative.be\/actualites\/le-sac-bleu-de-la-belgique-comme-modele-pour-leurope\/#primaryimage\"},\"thumbnailUrl\":\"https:\/\/vieassociative.be\/actualites\/wp-content\/uploads\/2025\/05\/1746973063_Le-sac-bleu-de-la-Belgique-comme-modele-pour-lEurope.jpg\",\"datePublished\":\"2025-05-11T14:17:43+00:00\",\"dateModified\":\"2025-05-11T14:17:43+00:00\",\"breadcrumb\":{\"@id\":\"https:\/\/vieassociative.be\/actualites\/le-sac-bleu-de-la-belgique-comme-modele-pour-leurope\/#breadcrumb\"},\"inLanguage\":\"fr-BE\",\"potentialAction\":[{\"@type\":\"ReadAction\",\"target\":[\"https:\/\/vieassociative.be\/actualites\/le-sac-bleu-de-la-belgique-comme-modele-pour-leurope\/\"]}]},{\"@type\":\"ImageObject\",\"inLanguage\":\"fr-BE\",\"@id\":\"https:\/\/vieassociative.be\/actualites\/le-sac-bleu-de-la-belgique-comme-modele-pour-leurope\/#primaryimage\",\"url\":\"https:\/\/vieassociative.be\/actualites\/wp-content\/uploads\/2025\/05\/1746973063_Le-sac-bleu-de-la-Belgique-comme-modele-pour-lEurope.jpg\",\"contentUrl\":\"https:\/\/vieassociative.be\/actualites\/wp-content\/uploads\/2025\/05\/1746973063_Le-sac-bleu-de-la-Belgique-comme-modele-pour-lEurope.jpg\",\"width\":1200,\"height\":800,\"caption\":\"Le sac bleu de la Belgique comme mod\u00e8le pour l'Europe\"},{\"@type\":\"BreadcrumbList\",\"@id\":\"https:\/\/vieassociative.be\/actualites\/le-sac-bleu-de-la-belgique-comme-modele-pour-leurope\/#breadcrumb\",\"itemListElement\":[{\"@type\":\"ListItem\",\"position\":1,\"name\":\"Accueil\",\"item\":\"https:\/\/vieassociative.be\/actualites\/\"},{\"@type\":\"ListItem\",\"position\":2,\"name\":\"Le sac bleu de la Belgique comme mod\u00e8le pour l&rsquo;Europe\"}]},{\"@type\":\"WebSite\",\"@id\":\"https:\/\/vieassociative.be\/actualites\/#website\",\"url\":\"https:\/\/vieassociative.be\/actualites\/\",\"name\":\"Vie Associative\",\"description\":\"\",\"publisher\":{\"@id\":\"https:\/\/vieassociative.be\/actualites\/#organization\"},\"potentialAction\":[{\"@type\":\"SearchAction\",\"target\":{\"@type\":\"EntryPoint\",\"urlTemplate\":\"https:\/\/vieassociative.be\/actualites\/?s={search_term_string}\"},\"query-input\":{\"@type\":\"PropertyValueSpecification\",\"valueRequired\":true,\"valueName\":\"search_term_string\"}}],\"inLanguage\":\"fr-BE\"},{\"@type\":\"Organization\",\"@id\":\"https:\/\/vieassociative.be\/actualites\/#organization\",\"name\":\"Vie Associative\",\"url\":\"https:\/\/vieassociative.be\/actualites\/\",\"logo\":{\"@type\":\"ImageObject\",\"inLanguage\":\"fr-BE\",\"@id\":\"https:\/\/vieassociative.be\/actualites\/#\/schema\/logo\/image\/\",\"url\":\"https:\/\/vieassociative.be\/actualites\/wp-content\/uploads\/2024\/09\/cropped-vieassociative_favicon.ico.png\",\"contentUrl\":\"https:\/\/vieassociative.be\/actualites\/wp-content\/uploads\/2024\/09\/cropped-vieassociative_favicon.ico.png\",\"width\":512,\"height\":512,\"caption\":\"Vie Associative\"},\"image\":{\"@id\":\"https:\/\/vieassociative.be\/actualites\/#\/schema\/logo\/image\/\"}},{\"@type\":\"Person\",\"@id\":\"https:\/\/vieassociative.be\/actualites\/#\/schema\/person\/b87ac4f82f9d4e7b7cec7395b679edc4\",\"name\":\"Julien\",\"image\":{\"@type\":\"ImageObject\",\"inLanguage\":\"fr-BE\",\"@id\":\"https:\/\/vieassociative.be\/actualites\/#\/schema\/person\/image\/\",\"url\":\"https:\/\/vieassociative.be\/actualites\/wp-content\/uploads\/2024\/09\/vie-associative-1-150x150.jpg\",\"contentUrl\":\"https:\/\/vieassociative.be\/actualites\/wp-content\/uploads\/2024\/09\/vie-associative-1-150x150.jpg\",\"caption\":\"Julien\"},\"description\":\"Je suis Julien, r\u00e9dacteur pour Vie Associative. Passionn\u00e9 par le monde associatif depuis plus de 10 ans, j'ai \u00e0 c\u0153ur de partager des histoires inspirantes et de mettre en lumi\u00e8re les initiatives locales. Mon objectif est de sensibiliser et d'encourager l'engagement communautaire \u00e0 travers mes articles.\",\"sameAs\":[\"https:\/\/vieassociative.be\/\"]}]}<\/script>\n<!-- \/ Yoast SEO plugin. -->","yoast_head_json":{"title":"Le sac bleu de la Belgique comme mod\u00e8le pour l'Europe | Vie Associative","robots":{"index":"index","follow":"follow","max-snippet":"max-snippet:-1","max-image-preview":"max-image-preview:large","max-video-preview":"max-video-preview:-1"},"canonical":"https:\/\/vieassociative.be\/actualites\/le-sac-bleu-de-la-belgique-comme-modele-pour-leurope\/","og_locale":"fr_FR","og_type":"article","og_title":"Le sac bleu de la Belgique comme mod\u00e8le pour l'Europe | Vie Associative","og_description":"La semaine derni\u00e8re, le d\u00e9put\u00e9 de l&rsquo;UE Belge de l&rsquo;Est Pascal Arimont (CSP-EVP) a rencontr\u00e9 le commissaire de l&rsquo;UE \u00e0 l&rsquo;environnement Jessika Roswall \u00e0 Strasbourg","og_url":"https:\/\/vieassociative.be\/actualites\/le-sac-bleu-de-la-belgique-comme-modele-pour-leurope\/","og_site_name":"Vie Associative","article_published_time":"2025-05-11T14:17:43+00:00","og_image":[{"width":279,"height":92,"url":"https:\/\/vieassociative.be\/actualites\/wp-content\/uploads\/2024\/09\/header_backgroundk-01-e1726694325946.png","type":"image\/png"}],"author":"Julien","twitter_card":"summary_large_image","twitter_misc":{"\u00c9crit par":"Julien","Dur\u00e9e de lecture est.":"2 minutes"},"schema":{"@context":"https:\/\/schema.org","@graph":[{"@type":"Article","@id":"https:\/\/vieassociative.be\/actualites\/le-sac-bleu-de-la-belgique-comme-modele-pour-leurope\/#article","isPartOf":{"@id":"https:\/\/vieassociative.be\/actualites\/le-sac-bleu-de-la-belgique-comme-modele-pour-leurope\/"},"author":{"name":"Julien","@id":"https:\/\/vieassociative.be\/actualites\/#\/schema\/person\/b87ac4f82f9d4e7b7cec7395b679edc4"},"headline":"Le sac bleu de la Belgique comme mod\u00e8le pour l&rsquo;Europe","datePublished":"2025-05-11T14:17:43+00:00","dateModified":"2025-05-11T14:17:43+00:00","mainEntityOfPage":{"@id":"https:\/\/vieassociative.be\/actualites\/le-sac-bleu-de-la-belgique-comme-modele-pour-leurope\/"},"wordCount":443,"publisher":{"@id":"https:\/\/vieassociative.be\/actualites\/#organization"},"image":{"@id":"https:\/\/vieassociative.be\/actualites\/le-sac-bleu-de-la-belgique-comme-modele-pour-leurope\/#primaryimage"},"thumbnailUrl":"https:\/\/vieassociative.be\/actualites\/wp-content\/uploads\/2025\/05\/1746973063_Le-sac-bleu-de-la-Belgique-comme-modele-pour-lEurope.jpg","keywords":["Belgique","bleu","comme","lEurope","mod\u00e8le","pour","sac"],"articleSection":["Belgique"],"inLanguage":"fr-BE"},{"@type":"WebPage","@id":"https:\/\/vieassociative.be\/actualites\/le-sac-bleu-de-la-belgique-comme-modele-pour-leurope\/","url":"https:\/\/vieassociative.be\/actualites\/le-sac-bleu-de-la-belgique-comme-modele-pour-leurope\/","name":"Le sac bleu de la Belgique comme mod\u00e8le pour l'Europe | Vie Associative","isPartOf":{"@id":"https:\/\/vieassociative.be\/actualites\/#website"},"primaryImageOfPage":{"@id":"https:\/\/vieassociative.be\/actualites\/le-sac-bleu-de-la-belgique-comme-modele-pour-leurope\/#primaryimage"},"image":{"@id":"https:\/\/vieassociative.be\/actualites\/le-sac-bleu-de-la-belgique-comme-modele-pour-leurope\/#primaryimage"},"thumbnailUrl":"https:\/\/vieassociative.be\/actualites\/wp-content\/uploads\/2025\/05\/1746973063_Le-sac-bleu-de-la-Belgique-comme-modele-pour-lEurope.jpg","datePublished":"2025-05-11T14:17:43+00:00","dateModified":"2025-05-11T14:17:43+00:00","breadcrumb":{"@id":"https:\/\/vieassociative.be\/actualites\/le-sac-bleu-de-la-belgique-comme-modele-pour-leurope\/#breadcrumb"},"inLanguage":"fr-BE","potentialAction":[{"@type":"ReadAction","target":["https:\/\/vieassociative.be\/actualites\/le-sac-bleu-de-la-belgique-comme-modele-pour-leurope\/"]}]},{"@type":"ImageObject","inLanguage":"fr-BE","@id":"https:\/\/vieassociative.be\/actualites\/le-sac-bleu-de-la-belgique-comme-modele-pour-leurope\/#primaryimage","url":"https:\/\/vieassociative.be\/actualites\/wp-content\/uploads\/2025\/05\/1746973063_Le-sac-bleu-de-la-Belgique-comme-modele-pour-lEurope.jpg","contentUrl":"https:\/\/vieassociative.be\/actualites\/wp-content\/uploads\/2025\/05\/1746973063_Le-sac-bleu-de-la-Belgique-comme-modele-pour-lEurope.jpg","width":1200,"height":800,"caption":"Le sac bleu de la Belgique comme mod\u00e8le pour l'Europe"},{"@type":"BreadcrumbList","@id":"https:\/\/vieassociative.be\/actualites\/le-sac-bleu-de-la-belgique-comme-modele-pour-leurope\/#breadcrumb","itemListElement":[{"@type":"ListItem","position":1,"name":"Accueil","item":"https:\/\/vieassociative.be\/actualites\/"},{"@type":"ListItem","position":2,"name":"Le sac bleu de la Belgique comme mod\u00e8le pour l&rsquo;Europe"}]},{"@type":"WebSite","@id":"https:\/\/vieassociative.be\/actualites\/#website","url":"https:\/\/vieassociative.be\/actualites\/","name":"Vie Associative","description":"","publisher":{"@id":"https:\/\/vieassociative.be\/actualites\/#organization"},"potentialAction":[{"@type":"SearchAction","target":{"@type":"EntryPoint","urlTemplate":"https:\/\/vieassociative.be\/actualites\/?s={search_term_string}"},"query-input":{"@type":"PropertyValueSpecification","valueRequired":true,"valueName":"search_term_string"}}],"inLanguage":"fr-BE"},{"@type":"Organization","@id":"https:\/\/vieassociative.be\/actualites\/#organization","name":"Vie Associative","url":"https:\/\/vieassociative.be\/actualites\/","logo":{"@type":"ImageObject","inLanguage":"fr-BE","@id":"https:\/\/vieassociative.be\/actualites\/#\/schema\/logo\/image\/","url":"https:\/\/vieassociative.be\/actualites\/wp-content\/uploads\/2024\/09\/cropped-vieassociative_favicon.ico.png","contentUrl":"https:\/\/vieassociative.be\/actualites\/wp-content\/uploads\/2024\/09\/cropped-vieassociative_favicon.ico.png","width":512,"height":512,"caption":"Vie Associative"},"image":{"@id":"https:\/\/vieassociative.be\/actualites\/#\/schema\/logo\/image\/"}},{"@type":"Person","@id":"https:\/\/vieassociative.be\/actualites\/#\/schema\/person\/b87ac4f82f9d4e7b7cec7395b679edc4","name":"Julien","image":{"@type":"ImageObject","inLanguage":"fr-BE","@id":"https:\/\/vieassociative.be\/actualites\/#\/schema\/person\/image\/","url":"https:\/\/vieassociative.be\/actualites\/wp-content\/uploads\/2024\/09\/vie-associative-1-150x150.jpg","contentUrl":"https:\/\/vieassociative.be\/actualites\/wp-content\/uploads\/2024\/09\/vie-associative-1-150x150.jpg","caption":"Julien"},"description":"Je suis Julien, r\u00e9dacteur pour Vie Associative. Passionn\u00e9 par le monde associatif depuis plus de 10 ans, j'ai \u00e0 c\u0153ur de partager des histoires inspirantes et de mettre en lumi\u00e8re les initiatives locales. Mon objectif est de sensibiliser et d'encourager l'engagement communautaire \u00e0 travers mes articles.","sameAs":["https:\/\/vieassociative.be\/"]}]}},"_links":{"self":[{"href":"https:\/\/vieassociative.be\/actualites\/wp-json\/wp\/v2\/posts\/7479"}],"collection":[{"href":"https:\/\/vieassociative.be\/actualites\/wp-json\/wp\/v2\/posts"}],"about":[{"href":"https:\/\/vieassociative.be\/actualites\/wp-json\/wp\/v2\/types\/post"}],"author":[{"embeddable":true,"href":"https:\/\/vieassociative.be\/actualites\/wp-json\/wp\/v2\/users\/1"}],"replies":[{"embeddable":true,"href":"https:\/\/vieassociative.be\/actualites\/wp-json\/wp\/v2\/comments?post=7479"}],"version-history":[{"count":0,"href":"https:\/\/vieassociative.be\/actualites\/wp-json\/wp\/v2\/posts\/7479\/revisions"}],"wp:featuredmedia":[{"embeddable":true,"href":"https:\/\/vieassociative.be\/actualites\/wp-json\/wp\/v2\/media\/7480"}],"wp:attachment":[{"href":"https:\/\/vieassociative.be\/actualites\/wp-json\/wp\/v2\/media?parent=7479"}],"wp:term":[{"taxonomy":"category","embeddable":true,"href":"https:\/\/vieassociative.be\/actualites\/wp-json\/wp\/v2\/categories?post=7479"},{"taxonomy":"post_tag","embeddable":true,"href":"https:\/\/vieassociative.be\/actualites\/wp-json\/wp\/v2\/tags?post=7479"}],"curies":[{"name":"wp","href":"https:\/\/api.w.org\/{rel}","templated":true}]}}