{"id":7477,"date":"2025-05-11T15:17:08","date_gmt":"2025-05-11T13:17:08","guid":{"rendered":"https:\/\/vieassociative.be\/actualites\/les-meilleurs-cadeaux-de-la-fete-des-meres-de-derniere-minute-pour-les-mamans-qui-aiment-cuisiner\/"},"modified":"2025-05-11T15:17:08","modified_gmt":"2025-05-11T13:17:08","slug":"les-meilleurs-cadeaux-de-la-fete-des-meres-de-derniere-minute-pour-les-mamans-qui-aiment-cuisiner","status":"publish","type":"post","link":"https:\/\/vieassociative.be\/actualites\/les-meilleurs-cadeaux-de-la-fete-des-meres-de-derniere-minute-pour-les-mamans-qui-aiment-cuisiner\/","title":{"rendered":"Les meilleurs cadeaux de la f\u00eate des m\u00e8res de derni\u00e8re minute pour les mamans qui aiment cuisiner"},"content":{"rendered":"<div class=\"mt-4 leading-6 md:mb-8\">Il n&rsquo;est pas trop tard pour obtenir un cadeau r\u00e9fl\u00e9chi pour maman.<\/div>\n<p><\/p>\n<p>Une annonce rapide de la fonction publique: la f\u00eate des m\u00e8res est ce dimanche. Si ces vacances vous ont \u00e0 nouveau gliss\u00e9 cette ann\u00e9e (je suis dans le m\u00eame bateau), il n&rsquo;est pas trop tard pour prendre un cadeau r\u00e9fl\u00e9chi. Voici une liste d&rsquo;id\u00e9es de cadeaux pour le chef, le boulanger, le connaisseur de caf\u00e9 et tout le monde entre les deux. Bien que vous n&rsquo;ayez peut-\u00eatre pas le temps d&rsquo;obtenir quelque chose de grav\u00e9 ou de monogramme, ces cadeaux disent toujours \u00abvous m\u00e9ritez de faire plus de ce que vous aimez\u00bb. <\/p>\n<p>Les vendeurs r\u00e9pertori\u00e9s ci-dessous offrent une exp\u00e9dition acc\u00e9l\u00e9r\u00e9e afin que votre cadeau arrive \u00e0 l&rsquo;heure. Assurez-vous simplement de v\u00e9rifier l&rsquo;option d&rsquo;exp\u00e9dition de deux jours lors du paiement. <\/p>\n<div class=\"shadow-b-2 mb-12 mt-10 rounded-md border-2 border-(#F0F0F0) px-6 py-2 shadow-lg md:px-12\" role=\"region\" aria-label=\"Products List\" x-data=\"{ showMore: false }\">\n<div class=\"flex w-full gap-x-5\">\n<div class=\"flex w-full flex-col flex-nowrap justify-center gap-2 text-black no-underline md:order-2 md:gap-y-6\">\n<div class=\"flex flex-col justify-between gap-y-2 md:w-full md:gap-y-1\">\n<div class=\"block w-fit cursor-pointer font-akshar text-lg font-medium leading-5 text-brand-green duration-200 ease-in-out hover:text-brand-green-700 md:text-xl md:leading-6\">\n<p>                            Ironwood Gourmet 28218 Square Charleston End Grain Chef&rsquo;s Board, Acacia Wood 14 \u00ab\u00a0Square\n                        <\/p><\/div>\n<\/p><\/div>\n<div class=\"hidden md:flex md:justify-between md:gap-x-4\">\n<div class=\"w-full mb-0 md:flex md:flex-col md:justify-center font-sans leading-4 text-black\">\n<div class=\"flex flex-wrap items-center justify-center gap-x-1 md:justify-start\">\n        <span class=\"font-bold\"><\/p>\n<p>            44,28 $<br \/>\n                            <span class=\"font-medium\">\u00e0 Amazon<\/span><br \/>\n                    <\/span><br \/>\n                    <img decoding=\"async\" class=\"mt-0 h-(15px)\" src=\"https:\/\/vieassociative.be\/actualites\/wp-content\/uploads\/2025\/05\/Les-meilleurs-cadeaux-de-la-fete-des-meres-de-derniere.svg.svg+xml\" title=\"Amazon Prime\" alt=\"Amazon Prime\">\n            <\/div>\n<div class=\"flex items-center justify-center gap-x-1 font-bold md:justify-start\">\n            <span class=\"text-sm line-through\">47,98 $<\/span><br \/>\n            <span class=\"text-sm text-brand-green\">\u00c9conomisez 3,70 $<\/span>\n        <\/div>\n<\/p><\/div>\n<p>                            <button class=\"flex justify-center items-center w-full bg-brand-green text-white text-base font-sans font-medium rounded-md hover:bg-brand-green-700 hover:cursor-pointer md:text-sm hidden self-end h-12 max-w-(10rem) duration-200 ease-in-out hover:bg-brand-green-700 md:flex md:h-10\"><\/p>\n<p>    Faire un magasin maintenant<br \/>\n<\/button>\n                        <\/div>\n<\/p><\/div>\n<div class=\"flex aspect-video h-(90px) shrink-0 items-center justify-center self-center md:order-1\">\n                        <img decoding=\"async\" class=\"m-0 max-h-full max-w-full rounded-md\" src=\"https:\/\/vieassociative.be\/actualites\/wp-content\/uploads\/2025\/05\/Les-meilleurs-cadeaux-de-la-fete-des-meres-de-derniere.jpg\" alt=\"Ironwood Gourmet 28218 Square Charleston End Grain Chef's Board, Acacia Wood 14&quot; Carr\u00e9\" width=\"auto\" height=\"auto\" loading=\"lazy\">\n                    <\/div>\n<\/p><\/div>\n<p>                            <button class=\"flex justify-center items-center w-full bg-brand-green text-white text-base font-sans font-medium rounded-md hover:bg-brand-green-700 hover:cursor-pointer md:text-sm w-full h-12 duration-200 ease-in-out hover:bg-brand-green-700 md:hidden md:h-10\"><\/p>\n<p>    Faire un magasin maintenant<br \/>\n<\/button><\/p>\n<div class=\"flex flex-col items-center w-full md:hidden font-sans leading-4 text-black\">\n<div class=\"flex flex-wrap items-center justify-center gap-x-1 md:justify-start\">\n        <span class=\"font-bold\"><\/p>\n<p>            44,28 $<br \/>\n                            <span class=\"font-medium\">\u00e0 Amazon<\/span><br \/>\n                    <\/span><br \/>\n                    <img decoding=\"async\" class=\"mt-0 h-(15px)\" src=\"https:\/\/vieassociative.be\/actualites\/wp-content\/uploads\/2025\/05\/Les-meilleurs-cadeaux-de-la-fete-des-meres-de-derniere.svg.svg+xml\" title=\"Amazon Prime\" alt=\"Amazon Prime\">\n            <\/div>\n<div class=\"flex items-center justify-center gap-x-1 font-bold md:justify-start\">\n            <span class=\"text-sm line-through\">47,98 $<\/span><br \/>\n            <span class=\"text-sm text-brand-green\">\u00c9conomisez 3,70 $<\/span>\n        <\/div>\n<\/p><\/div>\n<div class=\"flex w-full gap-x-5\">\n<div class=\"flex w-full flex-col flex-nowrap justify-center gap-2 text-black no-underline md:order-2 md:gap-y-6\">\n<div class=\"flex flex-col justify-between gap-y-2 md:w-full md:gap-y-1\">\n<div class=\"block w-fit cursor-pointer font-akshar text-lg font-medium leading-5 text-brand-green duration-200 ease-in-out hover:text-brand-green-700 md:text-xl md:leading-6\">\n<p>                            Saint Germain Bakery Panier de banneton de pain rond premium avec doublure &#8211; Panier \u00e0 l&rsquo;\u00e9preuve du brotform parfait pour faire un beau pain (10 pouces)\n                        <\/p><\/div>\n<\/p><\/div>\n<div class=\"hidden md:flex md:justify-between md:gap-x-4\">\n<div class=\"w-full mb-0 md:flex md:flex-col md:justify-center font-sans leading-4 text-black\">\n<div class=\"flex flex-wrap items-center justify-center gap-x-1 md:justify-start\">\n        <span class=\"font-bold\"><\/p>\n<p>            12,99 $<br \/>\n                            <span class=\"font-medium\">\u00e0 Amazon<\/span><br \/>\n                    <\/span><br \/>\n                    <img decoding=\"async\" class=\"mt-0 h-(15px)\" src=\"https:\/\/vieassociative.be\/actualites\/wp-content\/uploads\/2025\/05\/Les-meilleurs-cadeaux-de-la-fete-des-meres-de-derniere.svg.svg+xml\" title=\"Amazon Prime\" alt=\"Amazon Prime\">\n            <\/div>\n<div class=\"flex items-center justify-center gap-x-1 font-bold md:justify-start\">\n            <span class=\"text-sm line-through\">14,99 $<\/span><br \/>\n            <span class=\"text-sm text-brand-green\">\u00c9conomisez 2,00 $<\/span>\n        <\/div>\n<\/p><\/div>\n<p>                            <button class=\"flex justify-center items-center w-full bg-brand-green text-white text-base font-sans font-medium rounded-md hover:bg-brand-green-700 hover:cursor-pointer md:text-sm hidden self-end h-12 max-w-(10rem) duration-200 ease-in-out hover:bg-brand-green-700 md:flex md:h-10\"><\/p>\n<p>    Faire un magasin maintenant<br \/>\n<\/button>\n                        <\/div>\n<\/p><\/div>\n<div class=\"flex aspect-video h-(90px) shrink-0 items-center justify-center self-center md:order-1\">\n                        <img decoding=\"async\" class=\"m-0 max-h-full max-w-full rounded-md\" src=\"https:\/\/vieassociative.be\/actualites\/wp-content\/uploads\/2025\/05\/1746969427_751_Les-meilleurs-cadeaux-de-la-fete-des-meres-de-derniere.jpg\" alt=\"Saint Germain Bakery Panier de banneton de pain rond premium avec doublure - Panier \u00e0 l'\u00e9preuve du brotform parfait pour faire un beau pain (10 pouces)\" width=\"auto\" height=\"auto\" loading=\"lazy\">\n                    <\/div>\n<\/p><\/div>\n<p>                            <button class=\"flex justify-center items-center w-full bg-brand-green text-white text-base font-sans font-medium rounded-md hover:bg-brand-green-700 hover:cursor-pointer md:text-sm w-full h-12 duration-200 ease-in-out hover:bg-brand-green-700 md:hidden md:h-10\"><\/p>\n<p>    Faire un magasin maintenant<br \/>\n<\/button><\/p>\n<div class=\"flex flex-col items-center w-full md:hidden font-sans leading-4 text-black\">\n<div class=\"flex flex-wrap items-center justify-center gap-x-1 md:justify-start\">\n        <span class=\"font-bold\"><\/p>\n<p>            12,99 $<br \/>\n                            <span class=\"font-medium\">\u00e0 Amazon<\/span><br \/>\n                    <\/span><br \/>\n                    <img decoding=\"async\" class=\"mt-0 h-(15px)\" src=\"https:\/\/vieassociative.be\/actualites\/wp-content\/uploads\/2025\/05\/Les-meilleurs-cadeaux-de-la-fete-des-meres-de-derniere.svg.svg+xml\" title=\"Amazon Prime\" alt=\"Amazon Prime\">\n            <\/div>\n<div class=\"flex items-center justify-center gap-x-1 font-bold md:justify-start\">\n            <span class=\"text-sm line-through\">14,99 $<\/span><br \/>\n            <span class=\"text-sm text-brand-green\">\u00c9conomisez 2,00 $<\/span>\n        <\/div>\n<\/p><\/div>\n<div class=\"flex w-full gap-x-5\">\n<div class=\"flex w-full flex-col flex-nowrap justify-center gap-2 text-black no-underline md:order-2 md:gap-y-6\">\n<div class=\"flex flex-col justify-between gap-y-2 md:w-full md:gap-y-1\">\n<div class=\"block w-fit cursor-pointer font-akshar text-lg font-medium leading-5 text-brand-green duration-200 ease-in-out hover:text-brand-green-700 md:text-xl md:leading-6\">\n<p>                            W\u00fcsthof Gourmet 3 pi\u00e8ces du chef du chef, noir, argent\n                        <\/p><\/div>\n<\/p><\/div>\n<div class=\"hidden md:flex md:justify-between md:gap-x-4\">\n<div class=\"w-full mb-0 md:flex md:flex-col md:justify-center font-sans leading-4 text-black\">\n<div class=\"flex flex-wrap items-center justify-center gap-x-1 md:justify-start\">\n        <span class=\"font-bold\"><\/p>\n<p>            144,62 $<br \/>\n                            <span class=\"font-medium\">\u00e0 Amazon<\/span><br \/>\n                    <\/span>\n            <\/div>\n<\/p><\/div>\n<p>                            <button class=\"flex justify-center items-center w-full bg-brand-green text-white text-base font-sans font-medium rounded-md hover:bg-brand-green-700 hover:cursor-pointer md:text-sm hidden self-end h-12 max-w-(10rem) duration-200 ease-in-out hover:bg-brand-green-700 md:flex md:h-10\"><\/p>\n<p>    Faire un magasin maintenant<br \/>\n<\/button>\n                        <\/div>\n<\/p><\/div>\n<div class=\"flex aspect-video h-(90px) shrink-0 items-center justify-center self-center md:order-1\">\n                        <img decoding=\"async\" class=\"m-0 max-h-full max-w-full rounded-md\" src=\"https:\/\/vieassociative.be\/actualites\/wp-content\/uploads\/2025\/05\/Les-meilleurs-cadeaux-de-la-fete-des-meres-de-derniere.png\" alt=\"Trois couteaux WUSTHOF sur un fond blanc.\" width=\"auto\" height=\"auto\" loading=\"lazy\">\n                    <\/div>\n<\/p><\/div>\n<p>                            <button class=\"flex justify-center items-center w-full bg-brand-green text-white text-base font-sans font-medium rounded-md hover:bg-brand-green-700 hover:cursor-pointer md:text-sm w-full h-12 duration-200 ease-in-out hover:bg-brand-green-700 md:hidden md:h-10\"><\/p>\n<p>    Faire un magasin maintenant<br \/>\n<\/button><\/p>\n<div class=\"flex flex-col items-center w-full md:hidden font-sans leading-4 text-black\">\n<div class=\"flex flex-wrap items-center justify-center gap-x-1 md:justify-start\">\n        <span class=\"font-bold\"><\/p>\n<p>            144,62 $<br \/>\n                            <span class=\"font-medium\">\u00e0 Amazon<\/span><br \/>\n                    <\/span>\n            <\/div>\n<\/p><\/div>\n<div class=\"flex w-full gap-x-5\">\n<div class=\"flex w-full flex-col flex-nowrap justify-center gap-2 text-black no-underline md:order-2 md:gap-y-6\">\n<div class=\"flex flex-col justify-between gap-y-2 md:w-full md:gap-y-1\">\n<div class=\"block w-fit cursor-pointer font-akshar text-lg font-medium leading-5 text-brand-green duration-200 ease-in-out hover:text-brand-green-700 md:text-xl md:leading-6\">\n<p>                            All-Clad HA1 HARD Anodis\u00e9 Non Stick Fry Pan Set 3 Piece, 8, 10, 12 pouces, induction, Couleur de poulet SAFE 500F, SAFE LIDE 350F, Planties, Pandes \u00e0 frire avec couvercle, pots et casseroles\n                        <\/p><\/div>\n<\/p><\/div>\n<div class=\"hidden md:flex md:justify-between md:gap-x-4\">\n<div class=\"w-full mb-0 md:flex md:flex-col md:justify-center font-sans leading-4 text-black\">\n<div class=\"flex flex-wrap items-center justify-center gap-x-1 md:justify-start\">\n        <span class=\"font-bold\"><\/p>\n<p>            149,99 $<br \/>\n                            <span class=\"font-medium\">\u00e0 Amazon<\/span><br \/>\n                    <\/span><br \/>\n                    <img decoding=\"async\" class=\"mt-0 h-(15px)\" src=\"https:\/\/vieassociative.be\/actualites\/wp-content\/uploads\/2025\/05\/Les-meilleurs-cadeaux-de-la-fete-des-meres-de-derniere.svg.svg+xml\" title=\"Amazon Prime\" alt=\"Amazon Prime\">\n            <\/div>\n<\/p><\/div>\n<p>                            <button class=\"flex justify-center items-center w-full bg-brand-green text-white text-base font-sans font-medium rounded-md hover:bg-brand-green-700 hover:cursor-pointer md:text-sm hidden self-end h-12 max-w-(10rem) duration-200 ease-in-out hover:bg-brand-green-700 md:flex md:h-10\"><\/p>\n<p>    Faire un magasin maintenant<br \/>\n<\/button>\n                        <\/div>\n<\/p><\/div>\n<div class=\"flex aspect-video h-(90px) shrink-0 items-center justify-center self-center md:order-1\">\n                        <img decoding=\"async\" class=\"m-0 max-h-full max-w-full rounded-md\" src=\"https:\/\/vieassociative.be\/actualites\/wp-content\/uploads\/2025\/05\/1746969427_124_Les-meilleurs-cadeaux-de-la-fete-des-meres-de-derniere.jpg\" alt=\"All-Clad HA1 HARD Anodis\u00e9 Non Stick Fry Pan Set 3 Piece, 8, 10, 12 pouces, induction, Couleur de poulet SAFE 500F, SAFE LIDE 350F, Planties, Pandes \u00e0 frire avec couvercle, pots et casseroles\" width=\"auto\" height=\"auto\" loading=\"lazy\">\n                    <\/div>\n<\/p><\/div>\n<p>                            <button class=\"flex justify-center items-center w-full bg-brand-green text-white text-base font-sans font-medium rounded-md hover:bg-brand-green-700 hover:cursor-pointer md:text-sm w-full h-12 duration-200 ease-in-out hover:bg-brand-green-700 md:hidden md:h-10\"><\/p>\n<p>    Faire un magasin maintenant<br \/>\n<\/button><\/p>\n<div class=\"flex flex-col items-center w-full md:hidden font-sans leading-4 text-black\">\n<div class=\"flex flex-wrap items-center justify-center gap-x-1 md:justify-start\">\n        <span class=\"font-bold\"><\/p>\n<p>            149,99 $<br \/>\n                            <span class=\"font-medium\">\u00e0 Amazon<\/span><br \/>\n                    <\/span><br \/>\n                    <img decoding=\"async\" class=\"mt-0 h-(15px)\" src=\"https:\/\/vieassociative.be\/actualites\/wp-content\/uploads\/2025\/05\/Les-meilleurs-cadeaux-de-la-fete-des-meres-de-derniere.svg.svg+xml\" title=\"Amazon Prime\" alt=\"Amazon Prime\">\n            <\/div>\n<\/p><\/div>\n<div class=\"flex w-full gap-x-5\">\n<div class=\"flex w-full flex-col flex-nowrap justify-center gap-2 text-black no-underline md:order-2 md:gap-y-6\">\n<div class=\"flex flex-col justify-between gap-y-2 md:w-full md:gap-y-1\">\n<div class=\"block w-fit cursor-pointer font-akshar text-lg font-medium leading-5 text-brand-green duration-200 ease-in-out hover:text-brand-green-700 md:text-xl md:leading-6\">\n<p>                            Mortier et pilon de Waldwerk &#8211; mortier et pilon de pilon avec une base de bois de ch\u00eane anti-rayures &#8211; mortier avec un extra grand pilon en granit naturel &#8211; grand mortier et pilon &#8211; id\u00e9al pour le guacamole\n                        <\/p><\/div>\n<\/p><\/div>\n<div class=\"hidden md:flex md:justify-between md:gap-x-4\">\n<div class=\"w-full mb-0 md:flex md:flex-col md:justify-center font-sans leading-4 text-black\">\n<div class=\"flex flex-wrap items-center justify-center gap-x-1 md:justify-start\">\n        <span class=\"font-bold\"><\/p>\n<p>            49,90 $<br \/>\n                            <span class=\"font-medium\">\u00e0 Amazon<\/span><br \/>\n                    <\/span><br \/>\n                    <img decoding=\"async\" class=\"mt-0 h-(15px)\" src=\"https:\/\/vieassociative.be\/actualites\/wp-content\/uploads\/2025\/05\/Les-meilleurs-cadeaux-de-la-fete-des-meres-de-derniere.svg.svg+xml\" title=\"Amazon Prime\" alt=\"Amazon Prime\">\n            <\/div>\n<\/p><\/div>\n<p>                            <button class=\"flex justify-center items-center w-full bg-brand-green text-white text-base font-sans font-medium rounded-md hover:bg-brand-green-700 hover:cursor-pointer md:text-sm hidden self-end h-12 max-w-(10rem) duration-200 ease-in-out hover:bg-brand-green-700 md:flex md:h-10\"><\/p>\n<p>    Faire un magasin maintenant<br \/>\n<\/button>\n                        <\/div>\n<\/p><\/div>\n<div class=\"flex aspect-video h-(90px) shrink-0 items-center justify-center self-center md:order-1\">\n                        <img decoding=\"async\" class=\"m-0 max-h-full max-w-full rounded-md\" src=\"https:\/\/vieassociative.be\/actualites\/wp-content\/uploads\/2025\/05\/1746969428_121_Les-meilleurs-cadeaux-de-la-fete-des-meres-de-derniere.png\" alt=\"Un mortier et un pilon sur un fond blanc.\" width=\"auto\" height=\"auto\" loading=\"lazy\">\n                    <\/div>\n<\/p><\/div>\n<p>                            <button class=\"flex justify-center items-center w-full bg-brand-green text-white text-base font-sans font-medium rounded-md hover:bg-brand-green-700 hover:cursor-pointer md:text-sm w-full h-12 duration-200 ease-in-out hover:bg-brand-green-700 md:hidden md:h-10\"><\/p>\n<p>    Faire un magasin maintenant<br \/>\n<\/button><\/p>\n<div class=\"flex flex-col items-center w-full md:hidden font-sans leading-4 text-black\">\n<div class=\"flex flex-wrap items-center justify-center gap-x-1 md:justify-start\">\n        <span class=\"font-bold\"><\/p>\n<p>            49,90 $<br \/>\n                            <span class=\"font-medium\">\u00e0 Amazon<\/span><br \/>\n                    <\/span><br \/>\n                    <img decoding=\"async\" class=\"mt-0 h-(15px)\" src=\"https:\/\/vieassociative.be\/actualites\/wp-content\/uploads\/2025\/05\/Les-meilleurs-cadeaux-de-la-fete-des-meres-de-derniere.svg.svg+xml\" title=\"Amazon Prime\" alt=\"Amazon Prime\">\n            <\/div>\n<\/p><\/div>\n<div class=\"flex w-full gap-x-5\">\n<div class=\"flex w-full flex-col flex-nowrap justify-center gap-2 text-black no-underline md:order-2 md:gap-y-6\">\n<div class=\"flex flex-col justify-between gap-y-2 md:w-full md:gap-y-1\">\n<div class=\"block w-fit cursor-pointer font-akshar text-lg font-medium leading-5 text-brand-green duration-200 ease-in-out hover:text-brand-green-700 md:text-xl md:leading-6\">\n<p>                            Farberware Build-A-Board Bamboo Bancarfing avec compartiments int\u00e9gr\u00e9s et couvercle de verrouillage transparent avec des poign\u00e9es de la Marine, parfait pour la charcuterie, les collations et plus\n                        <\/p><\/div>\n<\/p><\/div>\n<div class=\"hidden md:flex md:justify-between md:gap-x-4\">\n<div class=\"w-full mb-0 md:flex md:flex-col md:justify-center font-sans leading-4 text-black\">\n<div class=\"flex flex-wrap items-center justify-center gap-x-1 md:justify-start\">\n        <span class=\"font-bold\"><\/p>\n<p>            25,99 $<br \/>\n                            <span class=\"font-medium\">\u00e0 Amazon<\/span><br \/>\n                    <\/span><br \/>\n                    <img decoding=\"async\" class=\"mt-0 h-(15px)\" src=\"https:\/\/vieassociative.be\/actualites\/wp-content\/uploads\/2025\/05\/Les-meilleurs-cadeaux-de-la-fete-des-meres-de-derniere.svg.svg+xml\" title=\"Amazon Prime\" alt=\"Amazon Prime\">\n            <\/div>\n<div class=\"flex items-center justify-center gap-x-1 font-bold md:justify-start\">\n            <span class=\"text-sm line-through\">34,99 $<\/span><br \/>\n            <span class=\"text-sm text-brand-green\">\u00c9conomisez 9,00 $<\/span>\n        <\/div>\n<\/p><\/div>\n<p>                            <button class=\"flex justify-center items-center w-full bg-brand-green text-white text-base font-sans font-medium rounded-md hover:bg-brand-green-700 hover:cursor-pointer md:text-sm hidden self-end h-12 max-w-(10rem) duration-200 ease-in-out hover:bg-brand-green-700 md:flex md:h-10\"><\/p>\n<p>    Faire un magasin maintenant<br \/>\n<\/button>\n                        <\/div>\n<\/p><\/div>\n<div class=\"flex aspect-video h-(90px) shrink-0 items-center justify-center self-center md:order-1\">\n                        <img decoding=\"async\" class=\"m-0 max-h-full max-w-full rounded-md\" src=\"https:\/\/vieassociative.be\/actualites\/wp-content\/uploads\/2025\/05\/1746969428_642_Les-meilleurs-cadeaux-de-la-fete-des-meres-de-derniere.jpg\" alt=\"Farberware Build-A-Board Bamboo Bancarfing avec compartiments int\u00e9gr\u00e9s et couvercle de verrouillage transparent avec des poign\u00e9es de la Marine, parfait pour la charcuterie, les collations et plus\" width=\"auto\" height=\"auto\" loading=\"lazy\">\n                    <\/div>\n<\/p><\/div>\n<p>                            <button class=\"flex justify-center items-center w-full bg-brand-green text-white text-base font-sans font-medium rounded-md hover:bg-brand-green-700 hover:cursor-pointer md:text-sm w-full h-12 duration-200 ease-in-out hover:bg-brand-green-700 md:hidden md:h-10\"><\/p>\n<p>    Faire un magasin maintenant<br \/>\n<\/button><\/p>\n<div class=\"flex flex-col items-center w-full md:hidden font-sans leading-4 text-black\">\n<div class=\"flex flex-wrap items-center justify-center gap-x-1 md:justify-start\">\n        <span class=\"font-bold\"><\/p>\n<p>            25,99 $<br \/>\n                            <span class=\"font-medium\">\u00e0 Amazon<\/span><br \/>\n                    <\/span><br \/>\n                    <img decoding=\"async\" class=\"mt-0 h-(15px)\" src=\"https:\/\/vieassociative.be\/actualites\/wp-content\/uploads\/2025\/05\/Les-meilleurs-cadeaux-de-la-fete-des-meres-de-derniere.svg.svg+xml\" title=\"Amazon Prime\" alt=\"Amazon Prime\">\n            <\/div>\n<div class=\"flex items-center justify-center gap-x-1 font-bold md:justify-start\">\n            <span class=\"text-sm line-through\">34,99 $<\/span><br \/>\n            <span class=\"text-sm text-brand-green\">\u00c9conomisez 9,00 $<\/span>\n        <\/div>\n<\/p><\/div>\n<\/div>\n<h2 id=\"end-grain-wood-cutting-block\">Bloc de coupe en bois \u00e0 grains finaux<\/h2>\n<p>Peut-\u00eatre que vous avez regard\u00e9 votre maman porter lentement ce mince tapis de coupe en plastique, ou vous l&rsquo;avez vue regarder ces blocs de coupe de fantaisie chez Home Depot, mais n&rsquo;en achetez jamais un pour elle-m\u00eame. Quiconque cuisine beaucoup \u00e0 la maison m\u00e9rite d&rsquo;avoir d&rsquo;excellents outils pour travailler. Les planches \u00e0 d\u00e9couper en bois dur sont une fa\u00e7on r\u00e9fl\u00e9chie de se retirer de celles us\u00e9es en plastique, et les blocs de coupe des grains finaux sont un vrai r\u00e9gal pour les couteaux. Prise parmi les chefs pour leur durabilit\u00e9 sans endommager le bord d&rsquo;un couteau, les panneaux de bois \u00e0 grains finaux sont un investissement valable. (Ils dureront aussi un certain temps, si vous vous souciez correctement d&rsquo;eux.)<\/p>\n<h2 id=\"bread-banneton\">Bannet de pain<\/h2>\n<p>Nous sommes en 2025 maintenant, et quiconque d\u00e9teste le pain au levain a longtemps abandonn\u00e9, mais il y a des cuisiniers \u00e0 domicile qui ont trouv\u00e9 un nouveau meilleur ami (et ils le nourrissent et le jette tous les jours). Pour les m\u00e8res qui aiment leur \u00abm\u00e8re\u00bb, une banneton de pain sera un cadeau pratique dont tout le monde peut b\u00e9n\u00e9ficier du moment o\u00f9 la douleur au Levain sort du four. <\/p>\n<h2 id=\"a-reliable-meat-thermometer\">Un thermom\u00e8tre \u00e0 viande fiable<\/h2>\n<p>Vous seriez surpris de voir \u00e0 quel point il est plus facile d&rsquo;\u00e9valuer si un r\u00f4ti est fini de la cuisson lorsque vous utilisez un thermom\u00e8tre \u00e0 viande. D&rsquo;accord, ce n&rsquo;est peut-\u00eatre pas une surprise pour vous, mais votre m\u00e8re pourrait tr\u00e8s bien \u00eatre impressionn\u00e9e par la nouvelle confiance qui vient avec un bon thermom\u00e8tre \u00e0 viande. Je suis un grand fan du Thermapen One, qui vous donne une lecture en une seconde et a un \u00e9cran num\u00e9rique Light Up.<\/p>\n<h2 id=\"a-good-set-of-knives\">Un bon ensemble de couteaux<\/h2>\n<p>Ma m\u00e8re parvient \u00e0 cuisiner une temp\u00eate avec les couteaux les plus ternes que j&rsquo;aie jamais vus. Bien que les cuisiniers passionn\u00e9s aient peut-\u00eatre besoin d&rsquo;aiguiser leurs couteaux, il est important que les couteaux ne craignent pas non plus. Au lieu de recourir au myst\u00e9rieux ensemble de cadeaux de blocs de couteau &#8211; la moiti\u00e9 de l&rsquo;ensemble n&rsquo;est jamais touch\u00e9 de toute fa\u00e7on &#8211; consid\u00e9rer un ensemble avec moins de lames plus utiles. Cet ensemble de W\u00fcsthof ne comprend que les couteaux importants &#8211; un couteau de chef, un couteau utilitaire et un couteau \u00e0 pain. <\/p>\n<h2 id=\"espresso-machine\">Machine \u00e0 expresso<\/h2>\n<p>Les parents qui aiment le caf\u00e9 qui se sont agit\u00e9s avec la m\u00eame machine \u00e0 goutte \u00e0 goutte irritable ou les gousses \u00e0 expresso sont attendues depuis longtemps pour une mise \u00e0 niveau. Avoir une machine \u00e0 expresso signifiait g\u00e9rer un engin bruyant et volumineux, mais ils sont depuis devenus plus compacts et intuitifs. <\/p>\n<div class=\"pogoClear relative my-10 border-b-(1.5px) border-t-(1.5px) border-dashed border-black py-5 sm:my-14 sm:border-0 sm:py-0\" data-ga-click data-ga-template=\"Roundups\" data-ga-module=\"openweb_widget\" data-ga-element=\"openweb_scroll\" data-ga-item=\"openweb_scroll_midpage\" x-cloak x-data=\"{ commentsCount: null, hasComments: false }\" x-init=\"commentsCount = await window.openweb.getMessagesCount(117503);\n     hasComments = commentsCount !== null &amp;&amp; commentsCount &gt; 0\"><\/p>\n<div class=\"absolute top-1\/2 hidden w-full -translate-y-1\/2 border-t-(1.5px) border-dashed border-black sm:block\"><\/div>\n<div class=\"relative flex justify-center\">\n<div class=\"flex max-w-max items-center gap-x-3 bg-white px-5\">\n<div class=\"relative\">\n                <span class=\"absolute left-1\/2 top-1\/2 -translate-x-1\/2 -translate-y-1\/2 font-akshar text-sm font-medium text-black\" x-show=\"hasComments\" x-text=\"commentsCount\"><\/span><\/p>\n<p>                <svg class=\"h-8 w-8 text-black\">\n                    <use href=\"http:\/\/lifehacker.com\/images\/icons\/spritemap.svg#sprite-chat-bubble\"><\/use>\n                <\/svg>\n            <\/div>\n<p>            <span class=\"text-sm font-medium text-black\"><\/p>\n<p>                Que pensez-vous jusqu&rsquo;\u00e0 pr\u00e9sent?<br \/>\n                <button class=\"font-semibold text-brand-green underline hover:text-brand-green-700\" onclick=\"window.openweb.scrollToComments('117503')\" x-text=\"hasComments ? 'Post a comment.' : 'Be the first to post a comment.'\"><\/button><br \/>\n            <\/span>\n        <\/div>\n<\/p><\/div>\n<\/div>\n<h2 id=\"new-cookware\">Nouveau ustensine de cuisine<\/h2>\n<p>Un nouvel ensemble de pots et de casseroles est toujours une bonne id\u00e9e. Il peut \u00eatre surprenant pour votre maman que la tache chauve de racler le rev\u00eatement antiadh\u00e9sif au milieu de ses pots est un signe qu&rsquo;ils devraient \u00eatre remplac\u00e9s. Offrez-la avec un ensemble d&rsquo;ustensiles de cuisine qui est faite pour durer, comme cet ensemble tout v\u00eatu. <\/p>\n<h2 id=\"a-mortar-and-pestle\">Un mortier et un pilon<\/h2>\n<p>L&rsquo;\u00e9lectronique n&rsquo;est pas pour tout le monde. En fait, la cuisine peut \u00eatre une mani\u00e8re m\u00e9ditative de travailler d\u00e9lib\u00e9r\u00e9ment avec vos propres mains. Un mortier et un pilon de taille moyenne est d&rsquo;une grande taille pour les petits travaux comme le broyage des \u00e9pices de pop-corn et la fabrication de recettes plus grandes comme le guacamole. <\/p>\n<h2 id=\"picnic-accessories\">Accessoires de pique-nique<\/h2>\n<p>Certaines personnes ne sont pas des fabricants &#8211; ce sont des plaisir. Pour les parents qui aiment sortir et profiter du beau temps avec des collations, les accessoires de pique-nique sont juste la chose. Cette carte Charcuterie portable est en toute s\u00e9curit\u00e9 avec un couvercle clip-on et dispose de compartiments r\u00e9glables afin que vous puissiez garder vos collations organis\u00e9es. Gardez le couvercle \u00e0 port\u00e9e de main entre les s\u00e9ances de collation afin que vous puissiez \u00e9loigner les petits poussettes qui essaient de partager la couverture avec vous. <\/p><\/p>\n","protected":false},"excerpt":{"rendered":"<p>Il n&rsquo;est pas trop tard pour obtenir un cadeau r\u00e9fl\u00e9chi pour maman. Une annonce rapide de la fonction publique: la f\u00eate des m\u00e8res est ce<\/p>\n","protected":false},"author":1,"featured_media":7478,"comment_status":"","ping_status":"","sticky":false,"template":"","format":"standard","meta":{"footnotes":""},"categories":[1],"tags":[1381,88,60,139,29,1485,14,6945,187,6904,140,81,99],"class_list":["post-7477","post","type-post","status-publish","format-standard","has-post-thumbnail","hentry","category-non-classe","tag-aiment","tag-cadeaux","tag-cuisiner","tag-derniere","tag-des","tag-fete","tag-les","tag-mamans","tag-meilleurs","tag-meres","tag-minute","tag-pour","tag-qui","generate-columns","tablet-grid-50","mobile-grid-100","grid-parent","grid-33"],"yoast_head":"<!-- This site is optimized with the Yoast SEO plugin v24.0 - https:\/\/yoast.com\/wordpress\/plugins\/seo\/ -->\n<title>Les meilleurs cadeaux de la f\u00eate des m\u00e8res de derni\u00e8re minute pour les mamans qui aiment cuisiner | Vie Associative<\/title>\n<meta name=\"robots\" content=\"index, follow, max-snippet:-1, max-image-preview:large, max-video-preview:-1\" \/>\n<link rel=\"canonical\" href=\"https:\/\/vieassociative.be\/actualites\/les-meilleurs-cadeaux-de-la-fete-des-meres-de-derniere-minute-pour-les-mamans-qui-aiment-cuisiner\/\" \/>\n<meta property=\"og:locale\" content=\"fr_FR\" \/>\n<meta property=\"og:type\" content=\"article\" \/>\n<meta property=\"og:title\" content=\"Les meilleurs cadeaux de la f\u00eate des m\u00e8res de derni\u00e8re minute pour les mamans qui aiment cuisiner | Vie Associative\" \/>\n<meta property=\"og:description\" content=\"Il n&rsquo;est pas trop tard pour obtenir un cadeau r\u00e9fl\u00e9chi pour maman. Une annonce rapide de la fonction publique: la f\u00eate des m\u00e8res est ce\" \/>\n<meta property=\"og:url\" content=\"https:\/\/vieassociative.be\/actualites\/les-meilleurs-cadeaux-de-la-fete-des-meres-de-derniere-minute-pour-les-mamans-qui-aiment-cuisiner\/\" \/>\n<meta property=\"og:site_name\" content=\"Vie Associative\" \/>\n<meta property=\"article:published_time\" content=\"2025-05-11T13:17:08+00:00\" \/>\n<meta property=\"og:image\" content=\"https:\/\/vieassociative.be\/actualites\/wp-content\/uploads\/2025\/05\/Les-meilleurs-cadeaux-de-la-fete-des-meres-de-derniere.svg.svg+xml\" \/>\n<meta name=\"author\" content=\"Julien\" \/>\n<meta name=\"twitter:card\" content=\"summary_large_image\" \/>\n<meta name=\"twitter:label1\" content=\"\u00c9crit par\" \/>\n\t<meta name=\"twitter:data1\" content=\"Julien\" \/>\n\t<meta name=\"twitter:label2\" content=\"Dur\u00e9e de lecture est.\" \/>\n\t<meta name=\"twitter:data2\" content=\"5 minutes\" \/>\n<script type=\"application\/ld+json\" class=\"yoast-schema-graph\">{\"@context\":\"https:\/\/schema.org\",\"@graph\":[{\"@type\":\"Article\",\"@id\":\"https:\/\/vieassociative.be\/actualites\/les-meilleurs-cadeaux-de-la-fete-des-meres-de-derniere-minute-pour-les-mamans-qui-aiment-cuisiner\/#article\",\"isPartOf\":{\"@id\":\"https:\/\/vieassociative.be\/actualites\/les-meilleurs-cadeaux-de-la-fete-des-meres-de-derniere-minute-pour-les-mamans-qui-aiment-cuisiner\/\"},\"author\":{\"name\":\"Julien\",\"@id\":\"https:\/\/vieassociative.be\/actualites\/#\/schema\/person\/b87ac4f82f9d4e7b7cec7395b679edc4\"},\"headline\":\"Les meilleurs cadeaux de la f\u00eate des m\u00e8res de derni\u00e8re minute pour les mamans qui aiment cuisiner\",\"datePublished\":\"2025-05-11T13:17:08+00:00\",\"dateModified\":\"2025-05-11T13:17:08+00:00\",\"mainEntityOfPage\":{\"@id\":\"https:\/\/vieassociative.be\/actualites\/les-meilleurs-cadeaux-de-la-fete-des-meres-de-derniere-minute-pour-les-mamans-qui-aiment-cuisiner\/\"},\"wordCount\":1098,\"publisher\":{\"@id\":\"https:\/\/vieassociative.be\/actualites\/#organization\"},\"image\":{\"@id\":\"https:\/\/vieassociative.be\/actualites\/les-meilleurs-cadeaux-de-la-fete-des-meres-de-derniere-minute-pour-les-mamans-qui-aiment-cuisiner\/#primaryimage\"},\"thumbnailUrl\":\"https:\/\/vieassociative.be\/actualites\/wp-content\/uploads\/2025\/05\/1746969428_Les-meilleurs-cadeaux-de-la-fete-des-meres-de-derniere.jpg\",\"keywords\":[\"aiment\",\"cadeaux\",\"cuisiner\",\"derni\u00e8re\",\"Des\",\"f\u00eate\",\"Les\",\"mamans\",\"meilleurs\",\"m\u00e8res\",\"minute\",\"pour\",\"qui\"],\"inLanguage\":\"fr-BE\"},{\"@type\":\"WebPage\",\"@id\":\"https:\/\/vieassociative.be\/actualites\/les-meilleurs-cadeaux-de-la-fete-des-meres-de-derniere-minute-pour-les-mamans-qui-aiment-cuisiner\/\",\"url\":\"https:\/\/vieassociative.be\/actualites\/les-meilleurs-cadeaux-de-la-fete-des-meres-de-derniere-minute-pour-les-mamans-qui-aiment-cuisiner\/\",\"name\":\"Les meilleurs cadeaux de la f\u00eate des m\u00e8res de derni\u00e8re minute pour les mamans qui aiment cuisiner | Vie Associative\",\"isPartOf\":{\"@id\":\"https:\/\/vieassociative.be\/actualites\/#website\"},\"primaryImageOfPage\":{\"@id\":\"https:\/\/vieassociative.be\/actualites\/les-meilleurs-cadeaux-de-la-fete-des-meres-de-derniere-minute-pour-les-mamans-qui-aiment-cuisiner\/#primaryimage\"},\"image\":{\"@id\":\"https:\/\/vieassociative.be\/actualites\/les-meilleurs-cadeaux-de-la-fete-des-meres-de-derniere-minute-pour-les-mamans-qui-aiment-cuisiner\/#primaryimage\"},\"thumbnailUrl\":\"https:\/\/vieassociative.be\/actualites\/wp-content\/uploads\/2025\/05\/1746969428_Les-meilleurs-cadeaux-de-la-fete-des-meres-de-derniere.jpg\",\"datePublished\":\"2025-05-11T13:17:08+00:00\",\"dateModified\":\"2025-05-11T13:17:08+00:00\",\"breadcrumb\":{\"@id\":\"https:\/\/vieassociative.be\/actualites\/les-meilleurs-cadeaux-de-la-fete-des-meres-de-derniere-minute-pour-les-mamans-qui-aiment-cuisiner\/#breadcrumb\"},\"inLanguage\":\"fr-BE\",\"potentialAction\":[{\"@type\":\"ReadAction\",\"target\":[\"https:\/\/vieassociative.be\/actualites\/les-meilleurs-cadeaux-de-la-fete-des-meres-de-derniere-minute-pour-les-mamans-qui-aiment-cuisiner\/\"]}]},{\"@type\":\"ImageObject\",\"inLanguage\":\"fr-BE\",\"@id\":\"https:\/\/vieassociative.be\/actualites\/les-meilleurs-cadeaux-de-la-fete-des-meres-de-derniere-minute-pour-les-mamans-qui-aiment-cuisiner\/#primaryimage\",\"url\":\"https:\/\/vieassociative.be\/actualites\/wp-content\/uploads\/2025\/05\/1746969428_Les-meilleurs-cadeaux-de-la-fete-des-meres-de-derniere.jpg\",\"contentUrl\":\"https:\/\/vieassociative.be\/actualites\/wp-content\/uploads\/2025\/05\/1746969428_Les-meilleurs-cadeaux-de-la-fete-des-meres-de-derniere.jpg\",\"width\":1200,\"height\":675,\"caption\":\"Les meilleurs cadeaux de la f\u00eate des m\u00e8res de derni\u00e8re minute pour les mamans qui aiment cuisiner\"},{\"@type\":\"BreadcrumbList\",\"@id\":\"https:\/\/vieassociative.be\/actualites\/les-meilleurs-cadeaux-de-la-fete-des-meres-de-derniere-minute-pour-les-mamans-qui-aiment-cuisiner\/#breadcrumb\",\"itemListElement\":[{\"@type\":\"ListItem\",\"position\":1,\"name\":\"Accueil\",\"item\":\"https:\/\/vieassociative.be\/actualites\/\"},{\"@type\":\"ListItem\",\"position\":2,\"name\":\"Les meilleurs cadeaux de la f\u00eate des m\u00e8res de derni\u00e8re minute pour les mamans qui aiment cuisiner\"}]},{\"@type\":\"WebSite\",\"@id\":\"https:\/\/vieassociative.be\/actualites\/#website\",\"url\":\"https:\/\/vieassociative.be\/actualites\/\",\"name\":\"Vie Associative\",\"description\":\"\",\"publisher\":{\"@id\":\"https:\/\/vieassociative.be\/actualites\/#organization\"},\"potentialAction\":[{\"@type\":\"SearchAction\",\"target\":{\"@type\":\"EntryPoint\",\"urlTemplate\":\"https:\/\/vieassociative.be\/actualites\/?s={search_term_string}\"},\"query-input\":{\"@type\":\"PropertyValueSpecification\",\"valueRequired\":true,\"valueName\":\"search_term_string\"}}],\"inLanguage\":\"fr-BE\"},{\"@type\":\"Organization\",\"@id\":\"https:\/\/vieassociative.be\/actualites\/#organization\",\"name\":\"Vie Associative\",\"url\":\"https:\/\/vieassociative.be\/actualites\/\",\"logo\":{\"@type\":\"ImageObject\",\"inLanguage\":\"fr-BE\",\"@id\":\"https:\/\/vieassociative.be\/actualites\/#\/schema\/logo\/image\/\",\"url\":\"https:\/\/vieassociative.be\/actualites\/wp-content\/uploads\/2024\/09\/cropped-vieassociative_favicon.ico.png\",\"contentUrl\":\"https:\/\/vieassociative.be\/actualites\/wp-content\/uploads\/2024\/09\/cropped-vieassociative_favicon.ico.png\",\"width\":512,\"height\":512,\"caption\":\"Vie Associative\"},\"image\":{\"@id\":\"https:\/\/vieassociative.be\/actualites\/#\/schema\/logo\/image\/\"}},{\"@type\":\"Person\",\"@id\":\"https:\/\/vieassociative.be\/actualites\/#\/schema\/person\/b87ac4f82f9d4e7b7cec7395b679edc4\",\"name\":\"Julien\",\"image\":{\"@type\":\"ImageObject\",\"inLanguage\":\"fr-BE\",\"@id\":\"https:\/\/vieassociative.be\/actualites\/#\/schema\/person\/image\/\",\"url\":\"https:\/\/vieassociative.be\/actualites\/wp-content\/uploads\/2024\/09\/vie-associative-1-150x150.jpg\",\"contentUrl\":\"https:\/\/vieassociative.be\/actualites\/wp-content\/uploads\/2024\/09\/vie-associative-1-150x150.jpg\",\"caption\":\"Julien\"},\"description\":\"Je suis Julien, r\u00e9dacteur pour Vie Associative. Passionn\u00e9 par le monde associatif depuis plus de 10 ans, j'ai \u00e0 c\u0153ur de partager des histoires inspirantes et de mettre en lumi\u00e8re les initiatives locales. Mon objectif est de sensibiliser et d'encourager l'engagement communautaire \u00e0 travers mes articles.\",\"sameAs\":[\"https:\/\/vieassociative.be\/\"]}]}<\/script>\n<!-- \/ Yoast SEO plugin. -->","yoast_head_json":{"title":"Les meilleurs cadeaux de la f\u00eate des m\u00e8res de derni\u00e8re minute pour les mamans qui aiment cuisiner | Vie Associative","robots":{"index":"index","follow":"follow","max-snippet":"max-snippet:-1","max-image-preview":"max-image-preview:large","max-video-preview":"max-video-preview:-1"},"canonical":"https:\/\/vieassociative.be\/actualites\/les-meilleurs-cadeaux-de-la-fete-des-meres-de-derniere-minute-pour-les-mamans-qui-aiment-cuisiner\/","og_locale":"fr_FR","og_type":"article","og_title":"Les meilleurs cadeaux de la f\u00eate des m\u00e8res de derni\u00e8re minute pour les mamans qui aiment cuisiner | Vie Associative","og_description":"Il n&rsquo;est pas trop tard pour obtenir un cadeau r\u00e9fl\u00e9chi pour maman. Une annonce rapide de la fonction publique: la f\u00eate des m\u00e8res est ce","og_url":"https:\/\/vieassociative.be\/actualites\/les-meilleurs-cadeaux-de-la-fete-des-meres-de-derniere-minute-pour-les-mamans-qui-aiment-cuisiner\/","og_site_name":"Vie Associative","article_published_time":"2025-05-11T13:17:08+00:00","og_image":[{"url":"https:\/\/vieassociative.be\/actualites\/wp-content\/uploads\/2025\/05\/Les-meilleurs-cadeaux-de-la-fete-des-meres-de-derniere.svg.svg+xml","type":"","width":"","height":""}],"author":"Julien","twitter_card":"summary_large_image","twitter_misc":{"\u00c9crit par":"Julien","Dur\u00e9e de lecture est.":"5 minutes"},"schema":{"@context":"https:\/\/schema.org","@graph":[{"@type":"Article","@id":"https:\/\/vieassociative.be\/actualites\/les-meilleurs-cadeaux-de-la-fete-des-meres-de-derniere-minute-pour-les-mamans-qui-aiment-cuisiner\/#article","isPartOf":{"@id":"https:\/\/vieassociative.be\/actualites\/les-meilleurs-cadeaux-de-la-fete-des-meres-de-derniere-minute-pour-les-mamans-qui-aiment-cuisiner\/"},"author":{"name":"Julien","@id":"https:\/\/vieassociative.be\/actualites\/#\/schema\/person\/b87ac4f82f9d4e7b7cec7395b679edc4"},"headline":"Les meilleurs cadeaux de la f\u00eate des m\u00e8res de derni\u00e8re minute pour les mamans qui aiment cuisiner","datePublished":"2025-05-11T13:17:08+00:00","dateModified":"2025-05-11T13:17:08+00:00","mainEntityOfPage":{"@id":"https:\/\/vieassociative.be\/actualites\/les-meilleurs-cadeaux-de-la-fete-des-meres-de-derniere-minute-pour-les-mamans-qui-aiment-cuisiner\/"},"wordCount":1098,"publisher":{"@id":"https:\/\/vieassociative.be\/actualites\/#organization"},"image":{"@id":"https:\/\/vieassociative.be\/actualites\/les-meilleurs-cadeaux-de-la-fete-des-meres-de-derniere-minute-pour-les-mamans-qui-aiment-cuisiner\/#primaryimage"},"thumbnailUrl":"https:\/\/vieassociative.be\/actualites\/wp-content\/uploads\/2025\/05\/1746969428_Les-meilleurs-cadeaux-de-la-fete-des-meres-de-derniere.jpg","keywords":["aiment","cadeaux","cuisiner","derni\u00e8re","Des","f\u00eate","Les","mamans","meilleurs","m\u00e8res","minute","pour","qui"],"inLanguage":"fr-BE"},{"@type":"WebPage","@id":"https:\/\/vieassociative.be\/actualites\/les-meilleurs-cadeaux-de-la-fete-des-meres-de-derniere-minute-pour-les-mamans-qui-aiment-cuisiner\/","url":"https:\/\/vieassociative.be\/actualites\/les-meilleurs-cadeaux-de-la-fete-des-meres-de-derniere-minute-pour-les-mamans-qui-aiment-cuisiner\/","name":"Les meilleurs cadeaux de la f\u00eate des m\u00e8res de derni\u00e8re minute pour les mamans qui aiment cuisiner | Vie Associative","isPartOf":{"@id":"https:\/\/vieassociative.be\/actualites\/#website"},"primaryImageOfPage":{"@id":"https:\/\/vieassociative.be\/actualites\/les-meilleurs-cadeaux-de-la-fete-des-meres-de-derniere-minute-pour-les-mamans-qui-aiment-cuisiner\/#primaryimage"},"image":{"@id":"https:\/\/vieassociative.be\/actualites\/les-meilleurs-cadeaux-de-la-fete-des-meres-de-derniere-minute-pour-les-mamans-qui-aiment-cuisiner\/#primaryimage"},"thumbnailUrl":"https:\/\/vieassociative.be\/actualites\/wp-content\/uploads\/2025\/05\/1746969428_Les-meilleurs-cadeaux-de-la-fete-des-meres-de-derniere.jpg","datePublished":"2025-05-11T13:17:08+00:00","dateModified":"2025-05-11T13:17:08+00:00","breadcrumb":{"@id":"https:\/\/vieassociative.be\/actualites\/les-meilleurs-cadeaux-de-la-fete-des-meres-de-derniere-minute-pour-les-mamans-qui-aiment-cuisiner\/#breadcrumb"},"inLanguage":"fr-BE","potentialAction":[{"@type":"ReadAction","target":["https:\/\/vieassociative.be\/actualites\/les-meilleurs-cadeaux-de-la-fete-des-meres-de-derniere-minute-pour-les-mamans-qui-aiment-cuisiner\/"]}]},{"@type":"ImageObject","inLanguage":"fr-BE","@id":"https:\/\/vieassociative.be\/actualites\/les-meilleurs-cadeaux-de-la-fete-des-meres-de-derniere-minute-pour-les-mamans-qui-aiment-cuisiner\/#primaryimage","url":"https:\/\/vieassociative.be\/actualites\/wp-content\/uploads\/2025\/05\/1746969428_Les-meilleurs-cadeaux-de-la-fete-des-meres-de-derniere.jpg","contentUrl":"https:\/\/vieassociative.be\/actualites\/wp-content\/uploads\/2025\/05\/1746969428_Les-meilleurs-cadeaux-de-la-fete-des-meres-de-derniere.jpg","width":1200,"height":675,"caption":"Les meilleurs cadeaux de la f\u00eate des m\u00e8res de derni\u00e8re minute pour les mamans qui aiment cuisiner"},{"@type":"BreadcrumbList","@id":"https:\/\/vieassociative.be\/actualites\/les-meilleurs-cadeaux-de-la-fete-des-meres-de-derniere-minute-pour-les-mamans-qui-aiment-cuisiner\/#breadcrumb","itemListElement":[{"@type":"ListItem","position":1,"name":"Accueil","item":"https:\/\/vieassociative.be\/actualites\/"},{"@type":"ListItem","position":2,"name":"Les meilleurs cadeaux de la f\u00eate des m\u00e8res de derni\u00e8re minute pour les mamans qui aiment cuisiner"}]},{"@type":"WebSite","@id":"https:\/\/vieassociative.be\/actualites\/#website","url":"https:\/\/vieassociative.be\/actualites\/","name":"Vie Associative","description":"","publisher":{"@id":"https:\/\/vieassociative.be\/actualites\/#organization"},"potentialAction":[{"@type":"SearchAction","target":{"@type":"EntryPoint","urlTemplate":"https:\/\/vieassociative.be\/actualites\/?s={search_term_string}"},"query-input":{"@type":"PropertyValueSpecification","valueRequired":true,"valueName":"search_term_string"}}],"inLanguage":"fr-BE"},{"@type":"Organization","@id":"https:\/\/vieassociative.be\/actualites\/#organization","name":"Vie Associative","url":"https:\/\/vieassociative.be\/actualites\/","logo":{"@type":"ImageObject","inLanguage":"fr-BE","@id":"https:\/\/vieassociative.be\/actualites\/#\/schema\/logo\/image\/","url":"https:\/\/vieassociative.be\/actualites\/wp-content\/uploads\/2024\/09\/cropped-vieassociative_favicon.ico.png","contentUrl":"https:\/\/vieassociative.be\/actualites\/wp-content\/uploads\/2024\/09\/cropped-vieassociative_favicon.ico.png","width":512,"height":512,"caption":"Vie Associative"},"image":{"@id":"https:\/\/vieassociative.be\/actualites\/#\/schema\/logo\/image\/"}},{"@type":"Person","@id":"https:\/\/vieassociative.be\/actualites\/#\/schema\/person\/b87ac4f82f9d4e7b7cec7395b679edc4","name":"Julien","image":{"@type":"ImageObject","inLanguage":"fr-BE","@id":"https:\/\/vieassociative.be\/actualites\/#\/schema\/person\/image\/","url":"https:\/\/vieassociative.be\/actualites\/wp-content\/uploads\/2024\/09\/vie-associative-1-150x150.jpg","contentUrl":"https:\/\/vieassociative.be\/actualites\/wp-content\/uploads\/2024\/09\/vie-associative-1-150x150.jpg","caption":"Julien"},"description":"Je suis Julien, r\u00e9dacteur pour Vie Associative. Passionn\u00e9 par le monde associatif depuis plus de 10 ans, j'ai \u00e0 c\u0153ur de partager des histoires inspirantes et de mettre en lumi\u00e8re les initiatives locales. Mon objectif est de sensibiliser et d'encourager l'engagement communautaire \u00e0 travers mes articles.","sameAs":["https:\/\/vieassociative.be\/"]}]}},"_links":{"self":[{"href":"https:\/\/vieassociative.be\/actualites\/wp-json\/wp\/v2\/posts\/7477"}],"collection":[{"href":"https:\/\/vieassociative.be\/actualites\/wp-json\/wp\/v2\/posts"}],"about":[{"href":"https:\/\/vieassociative.be\/actualites\/wp-json\/wp\/v2\/types\/post"}],"author":[{"embeddable":true,"href":"https:\/\/vieassociative.be\/actualites\/wp-json\/wp\/v2\/users\/1"}],"replies":[{"embeddable":true,"href":"https:\/\/vieassociative.be\/actualites\/wp-json\/wp\/v2\/comments?post=7477"}],"version-history":[{"count":0,"href":"https:\/\/vieassociative.be\/actualites\/wp-json\/wp\/v2\/posts\/7477\/revisions"}],"wp:featuredmedia":[{"embeddable":true,"href":"https:\/\/vieassociative.be\/actualites\/wp-json\/wp\/v2\/media\/7478"}],"wp:attachment":[{"href":"https:\/\/vieassociative.be\/actualites\/wp-json\/wp\/v2\/media?parent=7477"}],"wp:term":[{"taxonomy":"category","embeddable":true,"href":"https:\/\/vieassociative.be\/actualites\/wp-json\/wp\/v2\/categories?post=7477"},{"taxonomy":"post_tag","embeddable":true,"href":"https:\/\/vieassociative.be\/actualites\/wp-json\/wp\/v2\/tags?post=7477"}],"curies":[{"name":"wp","href":"https:\/\/api.w.org\/{rel}","templated":true}]}}