{"id":7472,"date":"2025-05-11T10:16:56","date_gmt":"2025-05-11T08:16:56","guid":{"rendered":"https:\/\/vieassociative.be\/actualites\/la-fuite-de-gaz-sur-herbestheer-strasse-a-eupen-les-pietons-ont-entendu-un-sifflement-dans-une-station-service\/"},"modified":"2025-05-11T10:16:56","modified_gmt":"2025-05-11T08:16:56","slug":"la-fuite-de-gaz-sur-herbestheer-strasse-a-eupen-les-pietons-ont-entendu-un-sifflement-dans-une-station-service","status":"publish","type":"post","link":"https:\/\/vieassociative.be\/actualites\/la-fuite-de-gaz-sur-herbestheer-strasse-a-eupen-les-pietons-ont-entendu-un-sifflement-dans-une-station-service\/","title":{"rendered":"La fuite de gaz sur Herbestheer Strasse \u00e0 Eupen: les pi\u00e9tons ont entendu un sifflement dans une station-service"},"content":{"rendered":"<p><strong>La zone de police de Weser-G\u00f6hl rapporte \u00e9galement plusieurs incidents dans son rapport \u00e0 partir du vendredi 09\/05.<\/strong><\/p>\n<p><span id=\"more-415161\"><\/span><strong>&#8211; Feu \u00e0 Eupen:<\/strong> Le 8 mai \u00e0 19 h 15, la zone de police de Weser-G\u00f6hl sera signal\u00e9e qu&rsquo;un incendie a \u00e9t\u00e9 cr\u00e9\u00e9 dans une maison multipartite \u00e0 Hochstra\u00dfe \u00e0 Eupen. La brigade des pompiers d\u00e9couvre la fum\u00e9e par hasard. La fum\u00e9e vient d&rsquo;un garage derri\u00e8re la maison. Une personne sur place essaie d\u00e9j\u00e0 d&rsquo;\u00e9teindre l&rsquo;incendie avec un extincteur.<\/p>\n<p>La Brigade des pompiers reprend les travaux d&rsquo;extinction et \u00e9vacue le b\u00e2timent. Les services de police bloquent les deux routes d&rsquo;acc\u00e8s. Selon les pompiers, un court-circuit sur une porte de garage a probablement d\u00e9clench\u00e9 le feu. Les 12 r\u00e9sidents sont examin\u00e9s par les services d&rsquo;urgence et deux sont emmen\u00e9s \u00e0 l&rsquo;h\u00f4pital pour suivre. Le b\u00e2timent est d\u00e9clar\u00e9 inhabitable pour la nuit car beaucoup de fum\u00e9e a atteint l&rsquo;int\u00e9rieur des appartements.<\/p>\n<p><strong>&#8211; Accident avec vol conducteur \u00e0 Lontzen:<\/strong> Le 8 mai, vers 20 h 05, une femme rel\u00e8ve du service de la zone de police de Weser-G\u00f6hl, victime d&rsquo;un accident de la circulation avec vol conducteur. La femme d\u00e9place la route de montagne provenant du K\u00f6nigsweg vers le centre de Lontzen. La femme doit s&rsquo;arr\u00eater \u00e0 un feu de circulation du chantier de construction sur Bergstrasse. \u00c0 Gr\u00fcn, elle recommence et remarque un v\u00e9hicule qui vient de derri\u00e8re et essaie de passer devant. Le c\u00f4t\u00e9 conducteur de la femme est endommag\u00e9. Le v\u00e9hicule \u00e9ph\u00e9m\u00e8re ne s&rsquo;arr\u00eate pas m\u00eame apr\u00e8s les cornes et les lumi\u00e8res de la femme et continue d&rsquo;aller \u00e0 Schlossstrasse. Personne n&rsquo;est bless\u00e9. La police est d\u00e9termin\u00e9e.<\/p>\n<p><strong>&#8211; Gasleck \u00e0 Eupen:<\/strong> Le 8 mai, vers 22 h 25, les services de la zone de police de Weser-G\u00f6hl seront signal\u00e9s \u00e0 une odeur de gaz sur Herbestheer Strasse \u00e0 Eupen. Un pi\u00e9ton a entendu un sifflement dans une station-service. Les services de police bloquent les routes d&rsquo;acc\u00e8s, de sorte que la circulation est retourn\u00e9e et que la route haute est redirig\u00e9e. La brigade des pompiers identifie une fuite de gaz et contacte le distributeur de gaz, qui a r\u00e9solu le probl\u00e8me peu apr\u00e8s minuit. La fermeture de la route est lev\u00e9e.<\/p>\n","protected":false},"excerpt":{"rendered":"<p>La zone de police de Weser-G\u00f6hl rapporte \u00e9galement plusieurs incidents dans son rapport \u00e0 partir du vendredi 09\/05. &#8211; Feu \u00e0 Eupen: Le 8 mai<\/p>\n","protected":false},"author":1,"featured_media":1939,"comment_status":"","ping_status":"","sticky":false,"template":"","format":"standard","meta":{"footnotes":""},"categories":[298],"tags":[166,5223,2329,3865,4432,6937,14,1374,6049,5224,6939,6938,33,110],"class_list":["post-7472","post","type-post","status-publish","format-standard","has-post-thumbnail","hentry","category-belgique","tag-dans","tag-entendu","tag-eupen","tag-fuite","tag-gaz","tag-herbestheer","tag-les","tag-ont","tag-pietons","tag-sifflement","tag-stationservice","tag-strasse","tag-sur","tag-une","generate-columns","tablet-grid-50","mobile-grid-100","grid-parent","grid-33"],"yoast_head":"<!-- This site is optimized with the Yoast SEO plugin v24.0 - https:\/\/yoast.com\/wordpress\/plugins\/seo\/ -->\n<title>La fuite de gaz sur Herbestheer Strasse \u00e0 Eupen: les pi\u00e9tons ont entendu un sifflement dans une station-service | Vie Associative<\/title>\n<meta name=\"robots\" content=\"index, follow, max-snippet:-1, max-image-preview:large, max-video-preview:-1\" \/>\n<link rel=\"canonical\" href=\"https:\/\/vieassociative.be\/actualites\/la-fuite-de-gaz-sur-herbestheer-strasse-a-eupen-les-pietons-ont-entendu-un-sifflement-dans-une-station-service\/\" \/>\n<meta property=\"og:locale\" content=\"fr_FR\" \/>\n<meta property=\"og:type\" content=\"article\" \/>\n<meta property=\"og:title\" content=\"La fuite de gaz sur Herbestheer Strasse \u00e0 Eupen: les pi\u00e9tons ont entendu un sifflement dans une station-service | Vie Associative\" \/>\n<meta property=\"og:description\" content=\"La zone de police de Weser-G\u00f6hl rapporte \u00e9galement plusieurs incidents dans son rapport \u00e0 partir du vendredi 09\/05. &#8211; Feu \u00e0 Eupen: Le 8 mai\" \/>\n<meta property=\"og:url\" content=\"https:\/\/vieassociative.be\/actualites\/la-fuite-de-gaz-sur-herbestheer-strasse-a-eupen-les-pietons-ont-entendu-un-sifflement-dans-une-station-service\/\" \/>\n<meta property=\"og:site_name\" content=\"Vie Associative\" \/>\n<meta property=\"article:published_time\" content=\"2025-05-11T08:16:56+00:00\" \/>\n<meta property=\"og:image\" content=\"https:\/\/vieassociative.be\/actualites\/wp-content\/uploads\/2024\/09\/header_backgroundk-01-e1726694325946.png\" \/>\n\t<meta property=\"og:image:width\" content=\"279\" \/>\n\t<meta property=\"og:image:height\" content=\"92\" \/>\n\t<meta property=\"og:image:type\" content=\"image\/png\" \/>\n<meta name=\"author\" content=\"Julien\" \/>\n<meta name=\"twitter:card\" content=\"summary_large_image\" \/>\n<meta name=\"twitter:label1\" content=\"\u00c9crit par\" \/>\n\t<meta name=\"twitter:data1\" content=\"Julien\" \/>\n\t<meta name=\"twitter:label2\" content=\"Dur\u00e9e de lecture est.\" \/>\n\t<meta name=\"twitter:data2\" content=\"2 minutes\" \/>\n<script type=\"application\/ld+json\" class=\"yoast-schema-graph\">{\"@context\":\"https:\/\/schema.org\",\"@graph\":[{\"@type\":\"Article\",\"@id\":\"https:\/\/vieassociative.be\/actualites\/la-fuite-de-gaz-sur-herbestheer-strasse-a-eupen-les-pietons-ont-entendu-un-sifflement-dans-une-station-service\/#article\",\"isPartOf\":{\"@id\":\"https:\/\/vieassociative.be\/actualites\/la-fuite-de-gaz-sur-herbestheer-strasse-a-eupen-les-pietons-ont-entendu-un-sifflement-dans-une-station-service\/\"},\"author\":{\"name\":\"Julien\",\"@id\":\"https:\/\/vieassociative.be\/actualites\/#\/schema\/person\/b87ac4f82f9d4e7b7cec7395b679edc4\"},\"headline\":\"La fuite de gaz sur Herbestheer Strasse \u00e0 Eupen: les pi\u00e9tons ont entendu un sifflement dans une station-service\",\"datePublished\":\"2025-05-11T08:16:56+00:00\",\"dateModified\":\"2025-05-11T08:16:56+00:00\",\"mainEntityOfPage\":{\"@id\":\"https:\/\/vieassociative.be\/actualites\/la-fuite-de-gaz-sur-herbestheer-strasse-a-eupen-les-pietons-ont-entendu-un-sifflement-dans-une-station-service\/\"},\"wordCount\":416,\"publisher\":{\"@id\":\"https:\/\/vieassociative.be\/actualites\/#organization\"},\"image\":{\"@id\":\"https:\/\/vieassociative.be\/actualites\/la-fuite-de-gaz-sur-herbestheer-strasse-a-eupen-les-pietons-ont-entendu-un-sifflement-dans-une-station-service\/#primaryimage\"},\"thumbnailUrl\":\"https:\/\/vieassociative.be\/actualites\/wp-content\/uploads\/2024\/11\/Raeren-Le-conducteur-tombe-dans-un-micro-sommeil-a-midi.jpeg\",\"keywords\":[\"dans\",\"entendu\",\"Eupen\",\"fuite\",\"gaz\",\"Herbestheer\",\"Les\",\"ont\",\"pi\u00e9tons\",\"sifflement\",\"stationservice\",\"Strasse\",\"sur\",\"une\"],\"articleSection\":[\"Belgique\"],\"inLanguage\":\"fr-BE\"},{\"@type\":\"WebPage\",\"@id\":\"https:\/\/vieassociative.be\/actualites\/la-fuite-de-gaz-sur-herbestheer-strasse-a-eupen-les-pietons-ont-entendu-un-sifflement-dans-une-station-service\/\",\"url\":\"https:\/\/vieassociative.be\/actualites\/la-fuite-de-gaz-sur-herbestheer-strasse-a-eupen-les-pietons-ont-entendu-un-sifflement-dans-une-station-service\/\",\"name\":\"La fuite de gaz sur Herbestheer Strasse \u00e0 Eupen: les pi\u00e9tons ont entendu un sifflement dans une station-service | Vie Associative\",\"isPartOf\":{\"@id\":\"https:\/\/vieassociative.be\/actualites\/#website\"},\"primaryImageOfPage\":{\"@id\":\"https:\/\/vieassociative.be\/actualites\/la-fuite-de-gaz-sur-herbestheer-strasse-a-eupen-les-pietons-ont-entendu-un-sifflement-dans-une-station-service\/#primaryimage\"},\"image\":{\"@id\":\"https:\/\/vieassociative.be\/actualites\/la-fuite-de-gaz-sur-herbestheer-strasse-a-eupen-les-pietons-ont-entendu-un-sifflement-dans-une-station-service\/#primaryimage\"},\"thumbnailUrl\":\"https:\/\/vieassociative.be\/actualites\/wp-content\/uploads\/2024\/11\/Raeren-Le-conducteur-tombe-dans-un-micro-sommeil-a-midi.jpeg\",\"datePublished\":\"2025-05-11T08:16:56+00:00\",\"dateModified\":\"2025-05-11T08:16:56+00:00\",\"breadcrumb\":{\"@id\":\"https:\/\/vieassociative.be\/actualites\/la-fuite-de-gaz-sur-herbestheer-strasse-a-eupen-les-pietons-ont-entendu-un-sifflement-dans-une-station-service\/#breadcrumb\"},\"inLanguage\":\"fr-BE\",\"potentialAction\":[{\"@type\":\"ReadAction\",\"target\":[\"https:\/\/vieassociative.be\/actualites\/la-fuite-de-gaz-sur-herbestheer-strasse-a-eupen-les-pietons-ont-entendu-un-sifflement-dans-une-station-service\/\"]}]},{\"@type\":\"ImageObject\",\"inLanguage\":\"fr-BE\",\"@id\":\"https:\/\/vieassociative.be\/actualites\/la-fuite-de-gaz-sur-herbestheer-strasse-a-eupen-les-pietons-ont-entendu-un-sifflement-dans-une-station-service\/#primaryimage\",\"url\":\"https:\/\/vieassociative.be\/actualites\/wp-content\/uploads\/2024\/11\/Raeren-Le-conducteur-tombe-dans-un-micro-sommeil-a-midi.jpeg\",\"contentUrl\":\"https:\/\/vieassociative.be\/actualites\/wp-content\/uploads\/2024\/11\/Raeren-Le-conducteur-tombe-dans-un-micro-sommeil-a-midi.jpeg\",\"width\":1200,\"height\":800,\"caption\":\"Raeren : Le conducteur tombe dans un micro-sommeil \u00e0 midi\"},{\"@type\":\"BreadcrumbList\",\"@id\":\"https:\/\/vieassociative.be\/actualites\/la-fuite-de-gaz-sur-herbestheer-strasse-a-eupen-les-pietons-ont-entendu-un-sifflement-dans-une-station-service\/#breadcrumb\",\"itemListElement\":[{\"@type\":\"ListItem\",\"position\":1,\"name\":\"Accueil\",\"item\":\"https:\/\/vieassociative.be\/actualites\/\"},{\"@type\":\"ListItem\",\"position\":2,\"name\":\"La fuite de gaz sur Herbestheer Strasse \u00e0 Eupen: les pi\u00e9tons ont entendu un sifflement dans une station-service\"}]},{\"@type\":\"WebSite\",\"@id\":\"https:\/\/vieassociative.be\/actualites\/#website\",\"url\":\"https:\/\/vieassociative.be\/actualites\/\",\"name\":\"Vie Associative\",\"description\":\"\",\"publisher\":{\"@id\":\"https:\/\/vieassociative.be\/actualites\/#organization\"},\"potentialAction\":[{\"@type\":\"SearchAction\",\"target\":{\"@type\":\"EntryPoint\",\"urlTemplate\":\"https:\/\/vieassociative.be\/actualites\/?s={search_term_string}\"},\"query-input\":{\"@type\":\"PropertyValueSpecification\",\"valueRequired\":true,\"valueName\":\"search_term_string\"}}],\"inLanguage\":\"fr-BE\"},{\"@type\":\"Organization\",\"@id\":\"https:\/\/vieassociative.be\/actualites\/#organization\",\"name\":\"Vie Associative\",\"url\":\"https:\/\/vieassociative.be\/actualites\/\",\"logo\":{\"@type\":\"ImageObject\",\"inLanguage\":\"fr-BE\",\"@id\":\"https:\/\/vieassociative.be\/actualites\/#\/schema\/logo\/image\/\",\"url\":\"https:\/\/vieassociative.be\/actualites\/wp-content\/uploads\/2024\/09\/cropped-vieassociative_favicon.ico.png\",\"contentUrl\":\"https:\/\/vieassociative.be\/actualites\/wp-content\/uploads\/2024\/09\/cropped-vieassociative_favicon.ico.png\",\"width\":512,\"height\":512,\"caption\":\"Vie Associative\"},\"image\":{\"@id\":\"https:\/\/vieassociative.be\/actualites\/#\/schema\/logo\/image\/\"}},{\"@type\":\"Person\",\"@id\":\"https:\/\/vieassociative.be\/actualites\/#\/schema\/person\/b87ac4f82f9d4e7b7cec7395b679edc4\",\"name\":\"Julien\",\"image\":{\"@type\":\"ImageObject\",\"inLanguage\":\"fr-BE\",\"@id\":\"https:\/\/vieassociative.be\/actualites\/#\/schema\/person\/image\/\",\"url\":\"https:\/\/vieassociative.be\/actualites\/wp-content\/uploads\/2024\/09\/vie-associative-1-150x150.jpg\",\"contentUrl\":\"https:\/\/vieassociative.be\/actualites\/wp-content\/uploads\/2024\/09\/vie-associative-1-150x150.jpg\",\"caption\":\"Julien\"},\"description\":\"Je suis Julien, r\u00e9dacteur pour Vie Associative. Passionn\u00e9 par le monde associatif depuis plus de 10 ans, j'ai \u00e0 c\u0153ur de partager des histoires inspirantes et de mettre en lumi\u00e8re les initiatives locales. Mon objectif est de sensibiliser et d'encourager l'engagement communautaire \u00e0 travers mes articles.\",\"sameAs\":[\"https:\/\/vieassociative.be\/\"]}]}<\/script>\n<!-- \/ Yoast SEO plugin. -->","yoast_head_json":{"title":"La fuite de gaz sur Herbestheer Strasse \u00e0 Eupen: les pi\u00e9tons ont entendu un sifflement dans une station-service | Vie Associative","robots":{"index":"index","follow":"follow","max-snippet":"max-snippet:-1","max-image-preview":"max-image-preview:large","max-video-preview":"max-video-preview:-1"},"canonical":"https:\/\/vieassociative.be\/actualites\/la-fuite-de-gaz-sur-herbestheer-strasse-a-eupen-les-pietons-ont-entendu-un-sifflement-dans-une-station-service\/","og_locale":"fr_FR","og_type":"article","og_title":"La fuite de gaz sur Herbestheer Strasse \u00e0 Eupen: les pi\u00e9tons ont entendu un sifflement dans une station-service | Vie Associative","og_description":"La zone de police de Weser-G\u00f6hl rapporte \u00e9galement plusieurs incidents dans son rapport \u00e0 partir du vendredi 09\/05. &#8211; Feu \u00e0 Eupen: Le 8 mai","og_url":"https:\/\/vieassociative.be\/actualites\/la-fuite-de-gaz-sur-herbestheer-strasse-a-eupen-les-pietons-ont-entendu-un-sifflement-dans-une-station-service\/","og_site_name":"Vie Associative","article_published_time":"2025-05-11T08:16:56+00:00","og_image":[{"width":279,"height":92,"url":"https:\/\/vieassociative.be\/actualites\/wp-content\/uploads\/2024\/09\/header_backgroundk-01-e1726694325946.png","type":"image\/png"}],"author":"Julien","twitter_card":"summary_large_image","twitter_misc":{"\u00c9crit par":"Julien","Dur\u00e9e de lecture est.":"2 minutes"},"schema":{"@context":"https:\/\/schema.org","@graph":[{"@type":"Article","@id":"https:\/\/vieassociative.be\/actualites\/la-fuite-de-gaz-sur-herbestheer-strasse-a-eupen-les-pietons-ont-entendu-un-sifflement-dans-une-station-service\/#article","isPartOf":{"@id":"https:\/\/vieassociative.be\/actualites\/la-fuite-de-gaz-sur-herbestheer-strasse-a-eupen-les-pietons-ont-entendu-un-sifflement-dans-une-station-service\/"},"author":{"name":"Julien","@id":"https:\/\/vieassociative.be\/actualites\/#\/schema\/person\/b87ac4f82f9d4e7b7cec7395b679edc4"},"headline":"La fuite de gaz sur Herbestheer Strasse \u00e0 Eupen: les pi\u00e9tons ont entendu un sifflement dans une station-service","datePublished":"2025-05-11T08:16:56+00:00","dateModified":"2025-05-11T08:16:56+00:00","mainEntityOfPage":{"@id":"https:\/\/vieassociative.be\/actualites\/la-fuite-de-gaz-sur-herbestheer-strasse-a-eupen-les-pietons-ont-entendu-un-sifflement-dans-une-station-service\/"},"wordCount":416,"publisher":{"@id":"https:\/\/vieassociative.be\/actualites\/#organization"},"image":{"@id":"https:\/\/vieassociative.be\/actualites\/la-fuite-de-gaz-sur-herbestheer-strasse-a-eupen-les-pietons-ont-entendu-un-sifflement-dans-une-station-service\/#primaryimage"},"thumbnailUrl":"https:\/\/vieassociative.be\/actualites\/wp-content\/uploads\/2024\/11\/Raeren-Le-conducteur-tombe-dans-un-micro-sommeil-a-midi.jpeg","keywords":["dans","entendu","Eupen","fuite","gaz","Herbestheer","Les","ont","pi\u00e9tons","sifflement","stationservice","Strasse","sur","une"],"articleSection":["Belgique"],"inLanguage":"fr-BE"},{"@type":"WebPage","@id":"https:\/\/vieassociative.be\/actualites\/la-fuite-de-gaz-sur-herbestheer-strasse-a-eupen-les-pietons-ont-entendu-un-sifflement-dans-une-station-service\/","url":"https:\/\/vieassociative.be\/actualites\/la-fuite-de-gaz-sur-herbestheer-strasse-a-eupen-les-pietons-ont-entendu-un-sifflement-dans-une-station-service\/","name":"La fuite de gaz sur Herbestheer Strasse \u00e0 Eupen: les pi\u00e9tons ont entendu un sifflement dans une station-service | Vie Associative","isPartOf":{"@id":"https:\/\/vieassociative.be\/actualites\/#website"},"primaryImageOfPage":{"@id":"https:\/\/vieassociative.be\/actualites\/la-fuite-de-gaz-sur-herbestheer-strasse-a-eupen-les-pietons-ont-entendu-un-sifflement-dans-une-station-service\/#primaryimage"},"image":{"@id":"https:\/\/vieassociative.be\/actualites\/la-fuite-de-gaz-sur-herbestheer-strasse-a-eupen-les-pietons-ont-entendu-un-sifflement-dans-une-station-service\/#primaryimage"},"thumbnailUrl":"https:\/\/vieassociative.be\/actualites\/wp-content\/uploads\/2024\/11\/Raeren-Le-conducteur-tombe-dans-un-micro-sommeil-a-midi.jpeg","datePublished":"2025-05-11T08:16:56+00:00","dateModified":"2025-05-11T08:16:56+00:00","breadcrumb":{"@id":"https:\/\/vieassociative.be\/actualites\/la-fuite-de-gaz-sur-herbestheer-strasse-a-eupen-les-pietons-ont-entendu-un-sifflement-dans-une-station-service\/#breadcrumb"},"inLanguage":"fr-BE","potentialAction":[{"@type":"ReadAction","target":["https:\/\/vieassociative.be\/actualites\/la-fuite-de-gaz-sur-herbestheer-strasse-a-eupen-les-pietons-ont-entendu-un-sifflement-dans-une-station-service\/"]}]},{"@type":"ImageObject","inLanguage":"fr-BE","@id":"https:\/\/vieassociative.be\/actualites\/la-fuite-de-gaz-sur-herbestheer-strasse-a-eupen-les-pietons-ont-entendu-un-sifflement-dans-une-station-service\/#primaryimage","url":"https:\/\/vieassociative.be\/actualites\/wp-content\/uploads\/2024\/11\/Raeren-Le-conducteur-tombe-dans-un-micro-sommeil-a-midi.jpeg","contentUrl":"https:\/\/vieassociative.be\/actualites\/wp-content\/uploads\/2024\/11\/Raeren-Le-conducteur-tombe-dans-un-micro-sommeil-a-midi.jpeg","width":1200,"height":800,"caption":"Raeren : Le conducteur tombe dans un micro-sommeil \u00e0 midi"},{"@type":"BreadcrumbList","@id":"https:\/\/vieassociative.be\/actualites\/la-fuite-de-gaz-sur-herbestheer-strasse-a-eupen-les-pietons-ont-entendu-un-sifflement-dans-une-station-service\/#breadcrumb","itemListElement":[{"@type":"ListItem","position":1,"name":"Accueil","item":"https:\/\/vieassociative.be\/actualites\/"},{"@type":"ListItem","position":2,"name":"La fuite de gaz sur Herbestheer Strasse \u00e0 Eupen: les pi\u00e9tons ont entendu un sifflement dans une station-service"}]},{"@type":"WebSite","@id":"https:\/\/vieassociative.be\/actualites\/#website","url":"https:\/\/vieassociative.be\/actualites\/","name":"Vie Associative","description":"","publisher":{"@id":"https:\/\/vieassociative.be\/actualites\/#organization"},"potentialAction":[{"@type":"SearchAction","target":{"@type":"EntryPoint","urlTemplate":"https:\/\/vieassociative.be\/actualites\/?s={search_term_string}"},"query-input":{"@type":"PropertyValueSpecification","valueRequired":true,"valueName":"search_term_string"}}],"inLanguage":"fr-BE"},{"@type":"Organization","@id":"https:\/\/vieassociative.be\/actualites\/#organization","name":"Vie Associative","url":"https:\/\/vieassociative.be\/actualites\/","logo":{"@type":"ImageObject","inLanguage":"fr-BE","@id":"https:\/\/vieassociative.be\/actualites\/#\/schema\/logo\/image\/","url":"https:\/\/vieassociative.be\/actualites\/wp-content\/uploads\/2024\/09\/cropped-vieassociative_favicon.ico.png","contentUrl":"https:\/\/vieassociative.be\/actualites\/wp-content\/uploads\/2024\/09\/cropped-vieassociative_favicon.ico.png","width":512,"height":512,"caption":"Vie Associative"},"image":{"@id":"https:\/\/vieassociative.be\/actualites\/#\/schema\/logo\/image\/"}},{"@type":"Person","@id":"https:\/\/vieassociative.be\/actualites\/#\/schema\/person\/b87ac4f82f9d4e7b7cec7395b679edc4","name":"Julien","image":{"@type":"ImageObject","inLanguage":"fr-BE","@id":"https:\/\/vieassociative.be\/actualites\/#\/schema\/person\/image\/","url":"https:\/\/vieassociative.be\/actualites\/wp-content\/uploads\/2024\/09\/vie-associative-1-150x150.jpg","contentUrl":"https:\/\/vieassociative.be\/actualites\/wp-content\/uploads\/2024\/09\/vie-associative-1-150x150.jpg","caption":"Julien"},"description":"Je suis Julien, r\u00e9dacteur pour Vie Associative. Passionn\u00e9 par le monde associatif depuis plus de 10 ans, j'ai \u00e0 c\u0153ur de partager des histoires inspirantes et de mettre en lumi\u00e8re les initiatives locales. Mon objectif est de sensibiliser et d'encourager l'engagement communautaire \u00e0 travers mes articles.","sameAs":["https:\/\/vieassociative.be\/"]}]}},"_links":{"self":[{"href":"https:\/\/vieassociative.be\/actualites\/wp-json\/wp\/v2\/posts\/7472"}],"collection":[{"href":"https:\/\/vieassociative.be\/actualites\/wp-json\/wp\/v2\/posts"}],"about":[{"href":"https:\/\/vieassociative.be\/actualites\/wp-json\/wp\/v2\/types\/post"}],"author":[{"embeddable":true,"href":"https:\/\/vieassociative.be\/actualites\/wp-json\/wp\/v2\/users\/1"}],"replies":[{"embeddable":true,"href":"https:\/\/vieassociative.be\/actualites\/wp-json\/wp\/v2\/comments?post=7472"}],"version-history":[{"count":0,"href":"https:\/\/vieassociative.be\/actualites\/wp-json\/wp\/v2\/posts\/7472\/revisions"}],"wp:featuredmedia":[{"embeddable":true,"href":"https:\/\/vieassociative.be\/actualites\/wp-json\/wp\/v2\/media\/1939"}],"wp:attachment":[{"href":"https:\/\/vieassociative.be\/actualites\/wp-json\/wp\/v2\/media?parent=7472"}],"wp:term":[{"taxonomy":"category","embeddable":true,"href":"https:\/\/vieassociative.be\/actualites\/wp-json\/wp\/v2\/categories?post=7472"},{"taxonomy":"post_tag","embeddable":true,"href":"https:\/\/vieassociative.be\/actualites\/wp-json\/wp\/v2\/tags?post=7472"}],"curies":[{"name":"wp","href":"https:\/\/api.w.org\/{rel}","templated":true}]}}