{"id":7468,"date":"2025-05-11T06:17:23","date_gmt":"2025-05-11T04:17:23","guid":{"rendered":"https:\/\/vieassociative.be\/actualites\/utilisez-la-methode-ford-pour-maitriser-la-petite-conversation\/"},"modified":"2025-05-11T06:17:23","modified_gmt":"2025-05-11T04:17:23","slug":"utilisez-la-methode-ford-pour-maitriser-la-petite-conversation","status":"publish","type":"post","link":"https:\/\/vieassociative.be\/actualites\/utilisez-la-methode-ford-pour-maitriser-la-petite-conversation\/","title":{"rendered":"Utilisez la m\u00e9thode \u00abFord\u00bb pour ma\u00eetriser la petite conversation"},"content":{"rendered":"<div class=\"mt-4 leading-6 md:mb-8\">D\u00e9marrer une conversation ne doit pas \u00eatre intimidant.<\/div>\n<p><\/p>\n<p>Bien que certaines personnes n&rsquo;aient aucun probl\u00e8me \u00e0 saisir une conversation avec un \u00e9tranger dans la ligne de caisse des supermarch\u00e9s ou en transports en commun, les petits discours ne viennent pas aussi naturellement pour les autres, en particulier ceux qui traitent de l&rsquo;anxi\u00e9t\u00e9 sociale. Mais m\u00eame pour ceux qui sont \u00e0 l&rsquo;aise dans des situations sociales, faire de petites conversations n\u00e9cessite un certain effort. <\/p>\n<p>Heureusement, il existe des techniques et des strat\u00e9gies qui peuvent aider \u00e0 rendre le lancement une conversation un peu plus facile, comme la m\u00e9thode \u00ab\u00a0Ford\u00a0\u00bb.<\/p>\n<h2 id=\"what-is-the-ford-method\">Quelle est la m\u00e9thode Ford?<\/h2>\n<p>L&rsquo;un des aspects les plus difficiles de faire de petites discussions est de trouver quelque chose \u00e0 discuter. C&rsquo;est l\u00e0 que la m\u00e9thode Ford entre en jeu. \u00ab\u00a0Ford\u00a0\u00bb est un acronyme identifiant quatre sujets presque universels dont vous pouvez demander \u00e0 quelqu&rsquo;un dans les situations de petit discours: <\/p>\n<ul>\n<li>\n<p><strong>Famille<\/strong><\/p>\n<\/li>\n<li>\n<p><strong>Profession<\/strong><\/p>\n<\/li>\n<li>\n<p><strong>R\u00e9cr\u00e9ation<\/strong><\/p>\n<\/li>\n<li>\n<p><strong>R\u00eaves<\/strong><\/p>\n<\/li>\n<\/ul>\n<p>Normalement, c&rsquo;est l\u00e0 que je cr\u00e9erais la personne ou les personnes qui ont propos\u00e9 la m\u00e9thode Ford, mais je n&rsquo;ai pas pu trouver quelque chose de d\u00e9finitif sur les origines de la technique.<\/p>\n<p>Quoi qu&rsquo;il en soit, pensez \u00e0 la m\u00e9thode Ford comme un moyen de faire du jogging lorsque votre esprit devient vide pendant un peu de petite conversation. Gardez \u00e0 l&rsquo;esprit que c&rsquo;est un outil, pas une formule: vous n&rsquo;avez pas \u00e0 travailler dans les cat\u00e9gories dans un ordre ou \u00e0 frapper les quatre. En fait, certaines cat\u00e9gories sont mieux adapt\u00e9es \u00e0 certaines situations plus que d&rsquo;autres, alors consid\u00e9rez le contexte avant de vous lancer dans vos questions, de peur que vous ne tombiez sur un peu robotique. Par exemple, si vous faites une petite conversation avec des \u00e9trangers dans un contexte professionnel, il est g\u00e9n\u00e9ralement pr\u00e9f\u00e9rable d&rsquo;\u00e9viter les questions qui deviennent trop personnelles, comme celles de leurs familles et de leurs relations. Mais si vous assistez \u00e0 un d\u00eener de vacances avec la famille de votre partenaire et que vous savez que leur s\u0153ur a une fille, c&rsquo;est probablement bien de demander comment elle va.<\/p>\n<p>C&rsquo;est \u00e0 vous de lire la personne et la situation, mais voici quelques exemples de questions d&rsquo;entr\u00e9e de gamme pour chaque cat\u00e9gorie pour vous aider \u00e0 d\u00e9marrer:<\/p>\n<h3>Famille<\/h3>\n<ul>\n<li>\n<p>\u00ab\u00a0Avez-vous des fr\u00e8res et s\u0153urs?\u00a0\u00bb (Si cela semble appropri\u00e9, vous pouvez suivre cela avec des questions telles que \u00ab\u00a0\u00eates-vous proches avec eux?\u00a0\u00bb Ou \u00ab\u00a0Comment sont-ils?\u00a0\u00bb Ou \u00ab\u00a0Vous voyez-vous souvent?\u00a0\u00bb) <\/p>\n<\/li>\n<li>\n<p>\u00ab\u00a0Comment va ta (m\u00e8re, p\u00e8re, tante, etc.)?\u00a0\u00bb (\u00c0 condition que vous les ayez d\u00e9j\u00e0 rencontr\u00e9s, ou la personne les a mentionn\u00e9es.)<\/p>\n<\/li>\n<li>\n<p>\u00ab\u00a0Avez-vous de la famille dans la r\u00e9gion?\u00a0\u00bb<\/p>\n<\/li>\n<li>\n<p>\u00ab\u00a0Comment vous \u00eates-vous rencontr\u00e9s?\u00a0\u00bb <\/p>\n<\/li>\n<\/ul>\n<h3>Profession<\/h3>\n<ul>\n<li>\n<p>\u00ab\u00a0Que fais-tu?\u00a0\u00bb Ensuite, un ou plusieurs des suivis suivants:<\/p>\n<\/li>\n<li>\n<p>\u00ab\u00a0Depuis combien de temps travaillez-vous dans ce domaine?\u00a0\u00bb<\/p>\n<\/li>\n<li>\n<p>\u00ab\u00a0Comment \u00e7a marche?\u00a0\u00bb<\/p>\n<\/li>\n<li>\n<p>\u00ab\u00a0Qu&rsquo;est-ce qui vous a fait entrer dans cette ligne de travail?\u00a0\u00bb<\/p>\n<\/li>\n<li>\n<p>\u00ab\u00a0Quelle est la meilleure partie de votre travail?\u00a0\u00bb<\/p>\n<\/li>\n<\/ul>\n<h3>R\u00e9cr\u00e9ation<\/h3>\n<ul>\n<li>\n<p>\u00ab\u00a0Qu&rsquo;aimez-vous faire en dehors du travail?\u00a0\u00bb<\/p>\n<\/li>\n<li>\n<p>\u00ab\u00a0Avez-vous lu de bons livres ces derniers temps?\u00a0\u00bb<\/p>\n<\/li>\n<li>\n<p>\u00ab\u00a0Quelle est la meilleure chose que vous ayez regard\u00e9e \u00e0 la t\u00e9l\u00e9vision r\u00e9cemment?\u00a0\u00bb (Ce pourrait \u00eatre une \u00e9mission de t\u00e9l\u00e9vision ou un film.)<\/p>\n<\/li>\n<li>\n<p>\u00ab\u00a0Suivez-vous des sports?\u00a0\u00bb<\/p>\n<\/li>\n<li>\n<p>\u00ab\u00a0Y a-t-il des podcasts dans lesquels vous \u00eates dans le moment?\u00a0\u00bb<\/p>\n<\/li>\n<\/ul>\n<h3>R\u00eaves<\/h3>\n<ul>\n<li>\n<p>\u00ab\u00a0O\u00f9 avez-vous toujours voulu voyager?\u00a0\u00bb<\/p>\n<\/li>\n<li>\n<p>\u00ab\u00a0Quelle activit\u00e9 avez-vous toujours voulu essayer?\u00a0\u00bb<\/p>\n<\/li>\n<\/ul>\n<h2 id=\"when-to-use-the-ford-method\">Quand utiliser la m\u00e9thode Ford<\/h2>\n<p>La m\u00e9thode Ford sera tr\u00e8s utile lorsque vous \u00eates dans une situation non structur\u00e9e et que vous esp\u00e9rez \u00e9tablir des liens avec quelqu&rsquo;un, explique Courtney Morgan, conseill\u00e8re clinique professionnelle agr\u00e9\u00e9e (LPCC) et fondatrice de Counseling, sans condition, une pratique de th\u00e9rapie de sant\u00e9 mentale bas\u00e9e \u00e0 Louisville, dans le Kentucky. <\/p>\n<div class=\"pogoClear relative my-10 border-b-(1.5px) border-t-(1.5px) border-dashed border-black py-5 sm:my-14 sm:border-0 sm:py-0\" data-ga-click data-ga-template=\"How-To\" data-ga-module=\"openweb_widget\" data-ga-element=\"openweb_scroll\" data-ga-item=\"openweb_scroll_midpage\" x-cloak x-data=\"{ commentsCount: null, hasComments: false }\" x-init=\"commentsCount = await window.openweb.getMessagesCount(115424);\n     hasComments = commentsCount !== null &amp;&amp; commentsCount &gt; 0\"><\/p>\n<div class=\"absolute top-1\/2 hidden w-full -translate-y-1\/2 border-t-(1.5px) border-dashed border-black sm:block\"><\/div>\n<div class=\"relative flex justify-center\">\n<div class=\"flex max-w-max items-center gap-x-3 bg-white px-5\">\n<div class=\"relative\">\n                <span class=\"absolute left-1\/2 top-1\/2 -translate-x-1\/2 -translate-y-1\/2 font-akshar text-sm font-medium text-black\" x-show=\"hasComments\" x-text=\"commentsCount\"><\/span><\/p>\n<p>                <svg class=\"h-8 w-8 text-black\">\n                    <use href=\"http:\/\/lifehacker.com\/images\/icons\/spritemap.svg#sprite-chat-bubble\"><\/use>\n                <\/svg>\n            <\/div>\n<p>            <span class=\"text-sm font-medium text-black\"><\/p>\n<p>                Que pensez-vous jusqu&rsquo;\u00e0 pr\u00e9sent?<br \/>\n                <button class=\"font-semibold text-brand-green underline hover:text-brand-green-700\" onclick=\"window.openweb.scrollToComments('115424')\" x-text=\"hasComments ? 'Post a comment.' : 'Be the first to post a comment.'\"><\/button><br \/>\n            <\/span>\n        <\/div>\n<\/p><\/div>\n<\/div>\n<p>\u00ab\u00a0Essentiellement, je le consid\u00e9rerais comme en utilisant le\u00ab temps d&rsquo;attente \u00bbpour la connexion\u00bb, explique-t-elle. Cela pourrait \u00eatre dans un contexte professionnel &#8211; comme attendre qu&rsquo;une r\u00e9union commence au travail &#8211; ou des rencontres plus d\u00e9contract\u00e9es, comme marcher dans la m\u00eame direction avec quelqu&rsquo;un que vous connaissez ou attendre de prendre une commande \u00e0 emporter. De plus, Morgan dit que la m\u00e9thode Ford pourrait \u00e9galement \u00eatre utile lorsque vous essayez de recueillir des informations. <\/p>\n<p>\u00ab\u00a0Il pourrait s&rsquo;agir d&rsquo;une entreprise que vous interviewez, d&rsquo;une \u00e9cole \u00e0 laquelle vous pouvez envoyer vos enfants ou de rejoindre un club\u00a0\u00bb, dit-elle. \u00ab\u00a0Cela peut \u00eatre utile pour d\u00e9terminer si une organisation r\u00e9pond \u00e0 vos valeurs personnelles.\u00a0\u00bb<\/p>\n<h2 id=\"when-to-avoid-the-ford-method\">Quand \u00e9viter la m\u00e9thode Ford<\/h2>\n<p>Parce que la m\u00e9thode Ford consiste \u00e0 poser des questions ouvertes et \u00e0 \u00e9couter attentivement les r\u00e9ponses de quelqu&rsquo;un, Morgan souligne que ce n&rsquo;est pas la meilleure option dans des situations lorsque vous ou l&rsquo;autre personne \u00eates press\u00e9, avez un autre d\u00e9lai de temps, ou si vous \u00eates dans un environnement qui n&rsquo;est pas propice \u00e0 la conversation (par exemple un restaurant bond\u00e9). \u00ab\u00a0La personne \u00e0 qui vous parlez sera moins susceptible de s&rsquo;engager dans vos questions et peut m\u00eame se sentir ennuy\u00e9e\u00a0\u00bb, dit-elle.<\/p>\n","protected":false},"excerpt":{"rendered":"<p>D\u00e9marrer une conversation ne doit pas \u00eatre intimidant. Bien que certaines personnes n&rsquo;aient aucun probl\u00e8me \u00e0 saisir une conversation avec un \u00e9tranger dans la ligne<\/p>\n","protected":false},"author":1,"featured_media":7469,"comment_status":"","ping_status":"","sticky":false,"template":"","format":"standard","meta":{"footnotes":""},"categories":[38],"tags":[2171,6935,3304,106,6936,81,105],"class_list":["post-7468","post","type-post","status-publish","format-standard","has-post-thumbnail","hentry","category-sante","tag-conversation","tag-ford","tag-maitriser","tag-methode","tag-petite","tag-pour","tag-utilisez","generate-columns","tablet-grid-50","mobile-grid-100","grid-parent","grid-33"],"yoast_head":"<!-- This site is optimized with the Yoast SEO plugin v24.0 - https:\/\/yoast.com\/wordpress\/plugins\/seo\/ -->\n<title>Utilisez la m\u00e9thode \u00abFord\u00bb pour ma\u00eetriser la petite conversation | Vie Associative<\/title>\n<meta name=\"robots\" content=\"index, follow, max-snippet:-1, max-image-preview:large, max-video-preview:-1\" \/>\n<link rel=\"canonical\" href=\"https:\/\/vieassociative.be\/actualites\/utilisez-la-methode-ford-pour-maitriser-la-petite-conversation\/\" \/>\n<meta property=\"og:locale\" content=\"fr_FR\" \/>\n<meta property=\"og:type\" content=\"article\" \/>\n<meta property=\"og:title\" content=\"Utilisez la m\u00e9thode \u00abFord\u00bb pour ma\u00eetriser la petite conversation | Vie Associative\" \/>\n<meta property=\"og:description\" content=\"D\u00e9marrer une conversation ne doit pas \u00eatre intimidant. Bien que certaines personnes n&rsquo;aient aucun probl\u00e8me \u00e0 saisir une conversation avec un \u00e9tranger dans la ligne\" \/>\n<meta property=\"og:url\" content=\"https:\/\/vieassociative.be\/actualites\/utilisez-la-methode-ford-pour-maitriser-la-petite-conversation\/\" \/>\n<meta property=\"og:site_name\" content=\"Vie Associative\" \/>\n<meta property=\"article:published_time\" content=\"2025-05-11T04:17:23+00:00\" \/>\n<meta property=\"og:image\" content=\"https:\/\/vieassociative.be\/actualites\/wp-content\/uploads\/2024\/09\/header_backgroundk-01-e1726694325946.png\" \/>\n\t<meta property=\"og:image:width\" content=\"279\" \/>\n\t<meta property=\"og:image:height\" content=\"92\" \/>\n\t<meta property=\"og:image:type\" content=\"image\/png\" \/>\n<meta name=\"author\" content=\"Julien\" \/>\n<meta name=\"twitter:card\" content=\"summary_large_image\" \/>\n<meta name=\"twitter:label1\" content=\"\u00c9crit par\" \/>\n\t<meta name=\"twitter:data1\" content=\"Julien\" \/>\n\t<meta name=\"twitter:label2\" content=\"Dur\u00e9e de lecture est.\" \/>\n\t<meta name=\"twitter:data2\" content=\"4 minutes\" \/>\n<script type=\"application\/ld+json\" class=\"yoast-schema-graph\">{\"@context\":\"https:\/\/schema.org\",\"@graph\":[{\"@type\":\"Article\",\"@id\":\"https:\/\/vieassociative.be\/actualites\/utilisez-la-methode-ford-pour-maitriser-la-petite-conversation\/#article\",\"isPartOf\":{\"@id\":\"https:\/\/vieassociative.be\/actualites\/utilisez-la-methode-ford-pour-maitriser-la-petite-conversation\/\"},\"author\":{\"name\":\"Julien\",\"@id\":\"https:\/\/vieassociative.be\/actualites\/#\/schema\/person\/b87ac4f82f9d4e7b7cec7395b679edc4\"},\"headline\":\"Utilisez la m\u00e9thode \u00abFord\u00bb pour ma\u00eetriser la petite conversation\",\"datePublished\":\"2025-05-11T04:17:23+00:00\",\"dateModified\":\"2025-05-11T04:17:23+00:00\",\"mainEntityOfPage\":{\"@id\":\"https:\/\/vieassociative.be\/actualites\/utilisez-la-methode-ford-pour-maitriser-la-petite-conversation\/\"},\"wordCount\":885,\"publisher\":{\"@id\":\"https:\/\/vieassociative.be\/actualites\/#organization\"},\"image\":{\"@id\":\"https:\/\/vieassociative.be\/actualites\/utilisez-la-methode-ford-pour-maitriser-la-petite-conversation\/#primaryimage\"},\"thumbnailUrl\":\"https:\/\/vieassociative.be\/actualites\/wp-content\/uploads\/2025\/05\/Utilisez-la-methode-Ford-pour-maitriser-la-petite-conversation.png\",\"keywords\":[\"conversation\",\"Ford\",\"ma\u00eetriser\",\"m\u00e9thode\",\"petite\",\"pour\",\"Utilisez\"],\"articleSection\":[\"Sant\u00e9\"],\"inLanguage\":\"fr-BE\"},{\"@type\":\"WebPage\",\"@id\":\"https:\/\/vieassociative.be\/actualites\/utilisez-la-methode-ford-pour-maitriser-la-petite-conversation\/\",\"url\":\"https:\/\/vieassociative.be\/actualites\/utilisez-la-methode-ford-pour-maitriser-la-petite-conversation\/\",\"name\":\"Utilisez la m\u00e9thode \u00abFord\u00bb pour ma\u00eetriser la petite conversation | Vie Associative\",\"isPartOf\":{\"@id\":\"https:\/\/vieassociative.be\/actualites\/#website\"},\"primaryImageOfPage\":{\"@id\":\"https:\/\/vieassociative.be\/actualites\/utilisez-la-methode-ford-pour-maitriser-la-petite-conversation\/#primaryimage\"},\"image\":{\"@id\":\"https:\/\/vieassociative.be\/actualites\/utilisez-la-methode-ford-pour-maitriser-la-petite-conversation\/#primaryimage\"},\"thumbnailUrl\":\"https:\/\/vieassociative.be\/actualites\/wp-content\/uploads\/2025\/05\/Utilisez-la-methode-Ford-pour-maitriser-la-petite-conversation.png\",\"datePublished\":\"2025-05-11T04:17:23+00:00\",\"dateModified\":\"2025-05-11T04:17:23+00:00\",\"breadcrumb\":{\"@id\":\"https:\/\/vieassociative.be\/actualites\/utilisez-la-methode-ford-pour-maitriser-la-petite-conversation\/#breadcrumb\"},\"inLanguage\":\"fr-BE\",\"potentialAction\":[{\"@type\":\"ReadAction\",\"target\":[\"https:\/\/vieassociative.be\/actualites\/utilisez-la-methode-ford-pour-maitriser-la-petite-conversation\/\"]}]},{\"@type\":\"ImageObject\",\"inLanguage\":\"fr-BE\",\"@id\":\"https:\/\/vieassociative.be\/actualites\/utilisez-la-methode-ford-pour-maitriser-la-petite-conversation\/#primaryimage\",\"url\":\"https:\/\/vieassociative.be\/actualites\/wp-content\/uploads\/2025\/05\/Utilisez-la-methode-Ford-pour-maitriser-la-petite-conversation.png\",\"contentUrl\":\"https:\/\/vieassociative.be\/actualites\/wp-content\/uploads\/2025\/05\/Utilisez-la-methode-Ford-pour-maitriser-la-petite-conversation.png\",\"width\":1200,\"height\":675,\"caption\":\"Utilisez la m\u00e9thode \u00abFord\u00bb pour ma\u00eetriser la petite conversation\"},{\"@type\":\"BreadcrumbList\",\"@id\":\"https:\/\/vieassociative.be\/actualites\/utilisez-la-methode-ford-pour-maitriser-la-petite-conversation\/#breadcrumb\",\"itemListElement\":[{\"@type\":\"ListItem\",\"position\":1,\"name\":\"Accueil\",\"item\":\"https:\/\/vieassociative.be\/actualites\/\"},{\"@type\":\"ListItem\",\"position\":2,\"name\":\"Utilisez la m\u00e9thode \u00abFord\u00bb pour ma\u00eetriser la petite conversation\"}]},{\"@type\":\"WebSite\",\"@id\":\"https:\/\/vieassociative.be\/actualites\/#website\",\"url\":\"https:\/\/vieassociative.be\/actualites\/\",\"name\":\"Vie Associative\",\"description\":\"\",\"publisher\":{\"@id\":\"https:\/\/vieassociative.be\/actualites\/#organization\"},\"potentialAction\":[{\"@type\":\"SearchAction\",\"target\":{\"@type\":\"EntryPoint\",\"urlTemplate\":\"https:\/\/vieassociative.be\/actualites\/?s={search_term_string}\"},\"query-input\":{\"@type\":\"PropertyValueSpecification\",\"valueRequired\":true,\"valueName\":\"search_term_string\"}}],\"inLanguage\":\"fr-BE\"},{\"@type\":\"Organization\",\"@id\":\"https:\/\/vieassociative.be\/actualites\/#organization\",\"name\":\"Vie Associative\",\"url\":\"https:\/\/vieassociative.be\/actualites\/\",\"logo\":{\"@type\":\"ImageObject\",\"inLanguage\":\"fr-BE\",\"@id\":\"https:\/\/vieassociative.be\/actualites\/#\/schema\/logo\/image\/\",\"url\":\"https:\/\/vieassociative.be\/actualites\/wp-content\/uploads\/2024\/09\/cropped-vieassociative_favicon.ico.png\",\"contentUrl\":\"https:\/\/vieassociative.be\/actualites\/wp-content\/uploads\/2024\/09\/cropped-vieassociative_favicon.ico.png\",\"width\":512,\"height\":512,\"caption\":\"Vie Associative\"},\"image\":{\"@id\":\"https:\/\/vieassociative.be\/actualites\/#\/schema\/logo\/image\/\"}},{\"@type\":\"Person\",\"@id\":\"https:\/\/vieassociative.be\/actualites\/#\/schema\/person\/b87ac4f82f9d4e7b7cec7395b679edc4\",\"name\":\"Julien\",\"image\":{\"@type\":\"ImageObject\",\"inLanguage\":\"fr-BE\",\"@id\":\"https:\/\/vieassociative.be\/actualites\/#\/schema\/person\/image\/\",\"url\":\"https:\/\/vieassociative.be\/actualites\/wp-content\/uploads\/2024\/09\/vie-associative-1-150x150.jpg\",\"contentUrl\":\"https:\/\/vieassociative.be\/actualites\/wp-content\/uploads\/2024\/09\/vie-associative-1-150x150.jpg\",\"caption\":\"Julien\"},\"description\":\"Je suis Julien, r\u00e9dacteur pour Vie Associative. Passionn\u00e9 par le monde associatif depuis plus de 10 ans, j'ai \u00e0 c\u0153ur de partager des histoires inspirantes et de mettre en lumi\u00e8re les initiatives locales. Mon objectif est de sensibiliser et d'encourager l'engagement communautaire \u00e0 travers mes articles.\",\"sameAs\":[\"https:\/\/vieassociative.be\/\"]}]}<\/script>\n<!-- \/ Yoast SEO plugin. -->","yoast_head_json":{"title":"Utilisez la m\u00e9thode \u00abFord\u00bb pour ma\u00eetriser la petite conversation | Vie Associative","robots":{"index":"index","follow":"follow","max-snippet":"max-snippet:-1","max-image-preview":"max-image-preview:large","max-video-preview":"max-video-preview:-1"},"canonical":"https:\/\/vieassociative.be\/actualites\/utilisez-la-methode-ford-pour-maitriser-la-petite-conversation\/","og_locale":"fr_FR","og_type":"article","og_title":"Utilisez la m\u00e9thode \u00abFord\u00bb pour ma\u00eetriser la petite conversation | Vie Associative","og_description":"D\u00e9marrer une conversation ne doit pas \u00eatre intimidant. Bien que certaines personnes n&rsquo;aient aucun probl\u00e8me \u00e0 saisir une conversation avec un \u00e9tranger dans la ligne","og_url":"https:\/\/vieassociative.be\/actualites\/utilisez-la-methode-ford-pour-maitriser-la-petite-conversation\/","og_site_name":"Vie Associative","article_published_time":"2025-05-11T04:17:23+00:00","og_image":[{"width":279,"height":92,"url":"https:\/\/vieassociative.be\/actualites\/wp-content\/uploads\/2024\/09\/header_backgroundk-01-e1726694325946.png","type":"image\/png"}],"author":"Julien","twitter_card":"summary_large_image","twitter_misc":{"\u00c9crit par":"Julien","Dur\u00e9e de lecture est.":"4 minutes"},"schema":{"@context":"https:\/\/schema.org","@graph":[{"@type":"Article","@id":"https:\/\/vieassociative.be\/actualites\/utilisez-la-methode-ford-pour-maitriser-la-petite-conversation\/#article","isPartOf":{"@id":"https:\/\/vieassociative.be\/actualites\/utilisez-la-methode-ford-pour-maitriser-la-petite-conversation\/"},"author":{"name":"Julien","@id":"https:\/\/vieassociative.be\/actualites\/#\/schema\/person\/b87ac4f82f9d4e7b7cec7395b679edc4"},"headline":"Utilisez la m\u00e9thode \u00abFord\u00bb pour ma\u00eetriser la petite conversation","datePublished":"2025-05-11T04:17:23+00:00","dateModified":"2025-05-11T04:17:23+00:00","mainEntityOfPage":{"@id":"https:\/\/vieassociative.be\/actualites\/utilisez-la-methode-ford-pour-maitriser-la-petite-conversation\/"},"wordCount":885,"publisher":{"@id":"https:\/\/vieassociative.be\/actualites\/#organization"},"image":{"@id":"https:\/\/vieassociative.be\/actualites\/utilisez-la-methode-ford-pour-maitriser-la-petite-conversation\/#primaryimage"},"thumbnailUrl":"https:\/\/vieassociative.be\/actualites\/wp-content\/uploads\/2025\/05\/Utilisez-la-methode-Ford-pour-maitriser-la-petite-conversation.png","keywords":["conversation","Ford","ma\u00eetriser","m\u00e9thode","petite","pour","Utilisez"],"articleSection":["Sant\u00e9"],"inLanguage":"fr-BE"},{"@type":"WebPage","@id":"https:\/\/vieassociative.be\/actualites\/utilisez-la-methode-ford-pour-maitriser-la-petite-conversation\/","url":"https:\/\/vieassociative.be\/actualites\/utilisez-la-methode-ford-pour-maitriser-la-petite-conversation\/","name":"Utilisez la m\u00e9thode \u00abFord\u00bb pour ma\u00eetriser la petite conversation | Vie Associative","isPartOf":{"@id":"https:\/\/vieassociative.be\/actualites\/#website"},"primaryImageOfPage":{"@id":"https:\/\/vieassociative.be\/actualites\/utilisez-la-methode-ford-pour-maitriser-la-petite-conversation\/#primaryimage"},"image":{"@id":"https:\/\/vieassociative.be\/actualites\/utilisez-la-methode-ford-pour-maitriser-la-petite-conversation\/#primaryimage"},"thumbnailUrl":"https:\/\/vieassociative.be\/actualites\/wp-content\/uploads\/2025\/05\/Utilisez-la-methode-Ford-pour-maitriser-la-petite-conversation.png","datePublished":"2025-05-11T04:17:23+00:00","dateModified":"2025-05-11T04:17:23+00:00","breadcrumb":{"@id":"https:\/\/vieassociative.be\/actualites\/utilisez-la-methode-ford-pour-maitriser-la-petite-conversation\/#breadcrumb"},"inLanguage":"fr-BE","potentialAction":[{"@type":"ReadAction","target":["https:\/\/vieassociative.be\/actualites\/utilisez-la-methode-ford-pour-maitriser-la-petite-conversation\/"]}]},{"@type":"ImageObject","inLanguage":"fr-BE","@id":"https:\/\/vieassociative.be\/actualites\/utilisez-la-methode-ford-pour-maitriser-la-petite-conversation\/#primaryimage","url":"https:\/\/vieassociative.be\/actualites\/wp-content\/uploads\/2025\/05\/Utilisez-la-methode-Ford-pour-maitriser-la-petite-conversation.png","contentUrl":"https:\/\/vieassociative.be\/actualites\/wp-content\/uploads\/2025\/05\/Utilisez-la-methode-Ford-pour-maitriser-la-petite-conversation.png","width":1200,"height":675,"caption":"Utilisez la m\u00e9thode \u00abFord\u00bb pour ma\u00eetriser la petite conversation"},{"@type":"BreadcrumbList","@id":"https:\/\/vieassociative.be\/actualites\/utilisez-la-methode-ford-pour-maitriser-la-petite-conversation\/#breadcrumb","itemListElement":[{"@type":"ListItem","position":1,"name":"Accueil","item":"https:\/\/vieassociative.be\/actualites\/"},{"@type":"ListItem","position":2,"name":"Utilisez la m\u00e9thode \u00abFord\u00bb pour ma\u00eetriser la petite conversation"}]},{"@type":"WebSite","@id":"https:\/\/vieassociative.be\/actualites\/#website","url":"https:\/\/vieassociative.be\/actualites\/","name":"Vie Associative","description":"","publisher":{"@id":"https:\/\/vieassociative.be\/actualites\/#organization"},"potentialAction":[{"@type":"SearchAction","target":{"@type":"EntryPoint","urlTemplate":"https:\/\/vieassociative.be\/actualites\/?s={search_term_string}"},"query-input":{"@type":"PropertyValueSpecification","valueRequired":true,"valueName":"search_term_string"}}],"inLanguage":"fr-BE"},{"@type":"Organization","@id":"https:\/\/vieassociative.be\/actualites\/#organization","name":"Vie Associative","url":"https:\/\/vieassociative.be\/actualites\/","logo":{"@type":"ImageObject","inLanguage":"fr-BE","@id":"https:\/\/vieassociative.be\/actualites\/#\/schema\/logo\/image\/","url":"https:\/\/vieassociative.be\/actualites\/wp-content\/uploads\/2024\/09\/cropped-vieassociative_favicon.ico.png","contentUrl":"https:\/\/vieassociative.be\/actualites\/wp-content\/uploads\/2024\/09\/cropped-vieassociative_favicon.ico.png","width":512,"height":512,"caption":"Vie Associative"},"image":{"@id":"https:\/\/vieassociative.be\/actualites\/#\/schema\/logo\/image\/"}},{"@type":"Person","@id":"https:\/\/vieassociative.be\/actualites\/#\/schema\/person\/b87ac4f82f9d4e7b7cec7395b679edc4","name":"Julien","image":{"@type":"ImageObject","inLanguage":"fr-BE","@id":"https:\/\/vieassociative.be\/actualites\/#\/schema\/person\/image\/","url":"https:\/\/vieassociative.be\/actualites\/wp-content\/uploads\/2024\/09\/vie-associative-1-150x150.jpg","contentUrl":"https:\/\/vieassociative.be\/actualites\/wp-content\/uploads\/2024\/09\/vie-associative-1-150x150.jpg","caption":"Julien"},"description":"Je suis Julien, r\u00e9dacteur pour Vie Associative. Passionn\u00e9 par le monde associatif depuis plus de 10 ans, j'ai \u00e0 c\u0153ur de partager des histoires inspirantes et de mettre en lumi\u00e8re les initiatives locales. Mon objectif est de sensibiliser et d'encourager l'engagement communautaire \u00e0 travers mes articles.","sameAs":["https:\/\/vieassociative.be\/"]}]}},"_links":{"self":[{"href":"https:\/\/vieassociative.be\/actualites\/wp-json\/wp\/v2\/posts\/7468"}],"collection":[{"href":"https:\/\/vieassociative.be\/actualites\/wp-json\/wp\/v2\/posts"}],"about":[{"href":"https:\/\/vieassociative.be\/actualites\/wp-json\/wp\/v2\/types\/post"}],"author":[{"embeddable":true,"href":"https:\/\/vieassociative.be\/actualites\/wp-json\/wp\/v2\/users\/1"}],"replies":[{"embeddable":true,"href":"https:\/\/vieassociative.be\/actualites\/wp-json\/wp\/v2\/comments?post=7468"}],"version-history":[{"count":0,"href":"https:\/\/vieassociative.be\/actualites\/wp-json\/wp\/v2\/posts\/7468\/revisions"}],"wp:featuredmedia":[{"embeddable":true,"href":"https:\/\/vieassociative.be\/actualites\/wp-json\/wp\/v2\/media\/7469"}],"wp:attachment":[{"href":"https:\/\/vieassociative.be\/actualites\/wp-json\/wp\/v2\/media?parent=7468"}],"wp:term":[{"taxonomy":"category","embeddable":true,"href":"https:\/\/vieassociative.be\/actualites\/wp-json\/wp\/v2\/categories?post=7468"},{"taxonomy":"post_tag","embeddable":true,"href":"https:\/\/vieassociative.be\/actualites\/wp-json\/wp\/v2\/tags?post=7468"}],"curies":[{"name":"wp","href":"https:\/\/api.w.org\/{rel}","templated":true}]}}