{"id":7455,"date":"2025-05-10T18:17:38","date_gmt":"2025-05-10T16:17:38","guid":{"rendered":"https:\/\/vieassociative.be\/actualites\/comment-porter-un-tracker-de-fitness-sans-le-mettre-sur-votre-poignet\/"},"modified":"2025-05-10T18:17:38","modified_gmt":"2025-05-10T16:17:38","slug":"comment-porter-un-tracker-de-fitness-sans-le-mettre-sur-votre-poignet","status":"publish","type":"post","link":"https:\/\/vieassociative.be\/actualites\/comment-porter-un-tracker-de-fitness-sans-le-mettre-sur-votre-poignet\/","title":{"rendered":"Comment porter un tracker de fitness sans le mettre sur votre poignet"},"content":{"rendered":"<div class=\"mt-4 leading-6 md:mb-8\">Les sangles de cheville, les bandes de biceps et les clips du march\u00e9 secondaire sont parmi vos meilleures options.<\/div>\n<p><\/p>\n<p>L&#8217;emplacement embl\u00e9matique pour un tracker de fitness est sur votre poignet, mais tout le monde n&rsquo;aime pas porter une montre ou est autoris\u00e9 au travail. (Cuisiniers et chirurgiens, je te vois.) Ou peut-\u00eatre que tu aimes les montres <em>tellement<\/em> Vous pr\u00e9f\u00e9rez porter une vraie montre sur votre poignet et avoir votre tracker de fitness en direct ailleurs. Heureusement, vous avez des tonnes d&rsquo;options. <\/p>\n<p>Certains sont des appareils qui ne sont jamais port\u00e9s au poignet, comme les trackers de ring qui sont devenus populaires ces derniers temps. D&rsquo;autres ont \u00e9t\u00e9 con\u00e7us pour le poignet, mais peuvent \u00eatre port\u00e9s ailleurs avec des bandes de rechange ou des clips. Passons en revue vos options pour les anneaux, les clips, les bandes de biceps, les sangles de cheville et m\u00eame les v\u00eatements. <\/p>\n<h2 id=\"use-an-ankle-strap\">Utilisez une sangle de cheville<\/h2>\n<p>Si vous avez d\u00e9j\u00e0 un gadget que vous aimez, peut-\u00eatre que tout ce dont vous avez besoin est une nouvelle sangle. Quand j&rsquo;ai commenc\u00e9 \u00e0 faire beaucoup de travail de Kettlebell, j&rsquo;ai r\u00e9ussi \u00e0 lutter contre mon bracelet Apple Watch sur ma cheville &#8211; quelque chose qui ne fonctionnera certainement pas pour tous les types de corps. Heureusement, vous pouvez acheter un groupe \u00e9tendu pour votre Apple Watch ou pour une vari\u00e9t\u00e9 de trackers de fitness. En voici un pour une charge Fitbit 5, par exemple. <\/p>\n<div class=\"pogoClear mb-12 mt-10 rounded-md border-2 border-gray-100 py-7 shadow-xl md:py-6\">\n<div class=\"flex flex-wrap justify-between px-7 text-black no-underline md:flex-nowrap md:px-8\">\n<div class=\"order-1 mx-auto flex flex-col justify-center md:order-2 md:ml-4 md:w-full md:grow\">\n<div class=\"block cursor-pointer text-center font-akshar text-2xl font-medium leading-7 text-brand-green duration-200 ease-in-out hover:text-brand-green-700 md:text-left md:text-xl md:leading-6\">Bande de cheville \/ bras compatible avec Apple Watch 49 mm 45 mm 44 mm 42 mm 41 mm 40mm 38 mm, brassard en nylon respirant pour iwatch se ultra s\u00e9rie 9 8 7 6 5 4 3 2 1, sangle de cheville extensible pour femmes hommes\n                <\/div>\n<div class=\"mt-4 hidden md:flex md:justify-between\">\n<div class=\"self-end\">\n<div class=\"mb-0 h-11 md:flex md:flex-col md:justify-center\">\n<div class=\" font-sans leading-4 text-black\">\n<div class=\"flex flex-wrap items-center justify-center gap-x-1 md:justify-start\">\n        <span class=\"font-bold\"><\/p>\n<p>            8,99 $<br \/>\n                    <\/span>\n            <\/div>\n<\/p><\/div>\n<\/p><\/div>\n<\/p><\/div>\n<div class=\"w-44 self-end\">\n                            <button class=\"flex justify-center items-center w-full bg-brand-green text-white text-base font-sans font-medium rounded-md hover:bg-brand-green-700 hover:cursor-pointer md:text-sm h-11\"><\/p>\n<p>    Faire un magasin maintenant<br \/>\n<\/button>\n                        <\/div>\n<\/p><\/div>\n<\/p><\/div>\n<div class=\"order-2 mt-5 h-auto w-full md:order-1 md:mt-0 md:hidden\">\n<div class=\"flex aspect-video items-center justify-center\">\n                                            <img decoding=\"async\" class=\"m-0 max-h-full max-w-full rounded-md\" src=\"https:\/\/vieassociative.be\/actualites\/wp-content\/uploads\/2025\/05\/Comment-porter-un-tracker-de-fitness-sans-le-mettre-sur.jpg\" alt=\"Groupe de cheville Apple Watch\" width=\"auto\" height=\"auto\" loading=\"lazy\">\n                                    <\/div>\n<\/p><\/div>\n<div class=\"order-2 ml-2 hidden w-32 shrink-0 items-center md:order-1 md:ml-0 md:flex\">\n<div class=\"flex aspect-video items-center justify-center\">\n                                            <img decoding=\"async\" class=\"m-0 max-h-full max-w-full rounded-md\" src=\"https:\/\/vieassociative.be\/actualites\/wp-content\/uploads\/2025\/05\/Comment-porter-un-tracker-de-fitness-sans-le-mettre-sur.jpg\" alt=\"Groupe de cheville Apple Watch\" width=\"auto\" height=\"auto\" loading=\"lazy\">\n                                    <\/div>\n<\/p><\/div>\n<div class=\"order-3 flex grow flex-wrap md:hidden md:grow-0\">\n<div class=\"mt-4 w-full\">\n                        <button class=\"flex justify-center items-center w-full bg-brand-green text-white text-base font-sans font-medium rounded-md hover:bg-brand-green-700 hover:cursor-pointer md:text-sm h-11\"><\/p>\n<p>    Faire un magasin maintenant<br \/>\n<\/button>\n                    <\/div>\n<div class=\"mx-2 mt-4 w-full\">\n<div class=\" font-sans leading-4 text-black\">\n<div class=\"flex flex-wrap items-center justify-center gap-x-1 md:justify-start\">\n        <span class=\"font-bold\"><\/p>\n<p>            8,99 $<br \/>\n                    <\/span>\n            <\/div>\n<\/p><\/div>\n<\/p><\/div>\n<\/p><\/div>\n<\/p><\/div>\n<\/div>\n<p>En plus de l&rsquo;utiliser sur votre cheville, la m\u00eame bande peut \u00eatre utilis\u00e9e sur votre bras. (C&rsquo;est la m\u00eame id\u00e9e que ce que Whoop appelle un \u00abgroupe de biceps\u00bb, mais pour \u00eatre anatomiquement correct, je dois noter que vous le portez <em>au-dessus de<\/em>pas sur votre biceps.)<\/p>\n<p><strong>Pros<\/strong>: Suit les \u00e9tapes et peut g\u00e9n\u00e9ralement ramasser la fr\u00e9quence cardiaque (selon exactement la fa\u00e7on dont il se trouve contre votre peau &#8211; vous pouvez avoir besoin d&rsquo;exp\u00e9rimenter avec le positionnement)<\/p>\n<p><strong>Inconv\u00e9nients<\/strong>: Inconvenant de regarder la montre ou d&rsquo;utiliser des fonctionnalit\u00e9s interactives. Vous devrez peut-\u00eatre vous asseoir pour suspendre votre entra\u00eenement. De plus, certains mod\u00e8les de portables peuvent ne pas avoir une bande de rechange disponible.<\/p>\n<h2 id=\"try-a-fitness-ring\">Essayez une bague de fitness<\/h2>\n<p>Je suis un fan de longue date de l&rsquo;Oura Ring (c&rsquo;est un amour difficile, mais l&rsquo;amour n\u00e9anmoins), c&rsquo;est donc la route que j&rsquo;ai emprunt\u00e9e. Porter une montre 24\/7 me rend fou, mais je peux compl\u00e8tement ignorer une bague. Si Oura n&rsquo;est pas votre style, Ultrahuman et d&rsquo;autres fournissent des alternatives haut de gamme. Il y a aussi une tonne de bagues budg\u00e9taires sur le march\u00e9 maintenant, comme celle-ci de ZOPSC.<\/p>\n<div class=\"pogoClear mb-12 mt-10 rounded-md border-2 border-gray-100 py-7 shadow-xl md:py-6\">\n<div class=\"flex flex-wrap justify-between px-7 text-black no-underline md:flex-nowrap md:px-8\">\n<div class=\"order-1 mx-auto flex flex-col justify-center md:order-2 md:ml-4 md:w-full md:grow\">\n<div class=\"block cursor-pointer text-center font-akshar text-2xl font-medium leading-7 text-brand-green duration-200 ease-in-out hover:text-brand-green-700 md:text-left md:text-xl md:leading-6\">Ultrahuman Ring Air &#8211; Aucun abonnement d&rsquo;application, bague intelligente, taille d&rsquo;abord avec kit de dimensionnement, tracker de sommeil, r\u00e9cup\u00e9ration de la piste, tracker de fitness, 6 jours de dur\u00e9e de vie de la batterie (taille 10)\n                <\/div>\n<div class=\"mt-4 hidden md:flex md:justify-between\">\n<div class=\"self-end\">\n<div class=\"mb-0 h-11 md:flex md:flex-col md:justify-center\">\n<div class=\" font-sans leading-4 text-black\">\n<div class=\"flex flex-wrap items-center justify-center gap-x-1 md:justify-start\">\n        <span class=\"font-bold\"><\/p>\n<p>            349,00 $<br \/>\n                    <\/span>\n            <\/div>\n<\/p><\/div>\n<\/p><\/div>\n<\/p><\/div>\n<div class=\"w-44 self-end\">\n                            <button class=\"flex justify-center items-center w-full bg-brand-green text-white text-base font-sans font-medium rounded-md hover:bg-brand-green-700 hover:cursor-pointer md:text-sm h-11\"><\/p>\n<p>    Faire un magasin maintenant<br \/>\n<\/button>\n                        <\/div>\n<\/p><\/div>\n<\/p><\/div>\n<div class=\"order-2 mt-5 h-auto w-full md:order-1 md:mt-0 md:hidden\">\n<div class=\"flex aspect-video items-center justify-center\">\n                                            <img decoding=\"async\" class=\"m-0 max-h-full max-w-full rounded-md\" src=\"https:\/\/vieassociative.be\/actualites\/wp-content\/uploads\/2025\/05\/1746893857_995_Comment-porter-un-tracker-de-fitness-sans-le-mettre-sur.jpg\" alt=\"Bague ultrahumaine\" width=\"auto\" height=\"auto\" loading=\"lazy\">\n                                    <\/div>\n<\/p><\/div>\n<div class=\"order-2 ml-2 hidden w-32 shrink-0 items-center md:order-1 md:ml-0 md:flex\">\n<div class=\"flex aspect-video items-center justify-center\">\n                                            <img decoding=\"async\" class=\"m-0 max-h-full max-w-full rounded-md\" src=\"https:\/\/vieassociative.be\/actualites\/wp-content\/uploads\/2025\/05\/1746893857_995_Comment-porter-un-tracker-de-fitness-sans-le-mettre-sur.jpg\" alt=\"Bague ultrahumaine\" width=\"auto\" height=\"auto\" loading=\"lazy\">\n                                    <\/div>\n<\/p><\/div>\n<div class=\"order-3 flex grow flex-wrap md:hidden md:grow-0\">\n<div class=\"mt-4 w-full\">\n                        <button class=\"flex justify-center items-center w-full bg-brand-green text-white text-base font-sans font-medium rounded-md hover:bg-brand-green-700 hover:cursor-pointer md:text-sm h-11\"><\/p>\n<p>    Faire un magasin maintenant<br \/>\n<\/button>\n                    <\/div>\n<div class=\"mx-2 mt-4 w-full\">\n<div class=\" font-sans leading-4 text-black\">\n<div class=\"flex flex-wrap items-center justify-center gap-x-1 md:justify-start\">\n        <span class=\"font-bold\"><\/p>\n<p>            349,00 $<br \/>\n                    <\/span>\n            <\/div>\n<\/p><\/div>\n<\/p><\/div>\n<\/p><\/div>\n<\/p><\/div>\n<\/div>\n<p><strong>Pros<\/strong>: Facile \u00e0 mettre et \u00e0 d\u00e9coller. On dirait que ce n&rsquo;est pas l\u00e0 (si vous avez l&rsquo;habitude de porter des anneaux).<\/p>\n<p><strong>Inconv\u00e9nients<\/strong>: Je ne peux pas le porter en soulevant des poids. Les anneaux plus beaux ont un prix \u00e9lev\u00e9.<\/p>\n<h2 id=\"clip-it-to-your-belt\">Cliptez-le \u00e0 votre ceinture<\/h2>\n<p>Fitbit vendait des mod\u00e8les qui comptaient vos pas \u00e0 partir d&rsquo;un clip sur votre ceinture ou votre soutien-gorge. (Je me souviens avoir aim\u00e9 le clip de soutien-gorge sur une marque d\u00e9sormais disparue, Misfit.) Vous pouvez toujours obtenir un clip de rechange pour certains mod\u00e8les Fitbit et Garmin, comme l&rsquo;Inspire. Il suffit de le sortir de son bracelet et dans un clip comme celui-ci.<\/p>\n<div class=\"pogoClear relative my-10 border-b-(1.5px) border-t-(1.5px) border-dashed border-black py-5 sm:my-14 sm:border-0 sm:py-0\" data-ga-click data-ga-template=\"Explainers\" data-ga-module=\"openweb_widget\" data-ga-element=\"openweb_scroll\" data-ga-item=\"openweb_scroll_midpage\" x-cloak x-data=\"{ commentsCount: null, hasComments: false }\" x-init=\"commentsCount = await window.openweb.getMessagesCount(117799);\n     hasComments = commentsCount !== null &amp;&amp; commentsCount &gt; 0\"><\/p>\n<div class=\"absolute top-1\/2 hidden w-full -translate-y-1\/2 border-t-(1.5px) border-dashed border-black sm:block\"><\/div>\n<div class=\"relative flex justify-center\">\n<div class=\"flex max-w-max items-center gap-x-3 bg-white px-5\">\n<div class=\"relative\">\n                <span class=\"absolute left-1\/2 top-1\/2 -translate-x-1\/2 -translate-y-1\/2 font-akshar text-sm font-medium text-black\" x-show=\"hasComments\" x-text=\"commentsCount\"><\/span><\/p>\n<p>                <svg class=\"h-8 w-8 text-black\">\n                    <use href=\"http:\/\/lifehacker.com\/images\/icons\/spritemap.svg#sprite-chat-bubble\"><\/use>\n                <\/svg>\n            <\/div>\n<p>            <span class=\"text-sm font-medium text-black\"><\/p>\n<p>                Que pensez-vous jusqu&rsquo;\u00e0 pr\u00e9sent?<br \/>\n                <button class=\"font-semibold text-brand-green underline hover:text-brand-green-700\" onclick=\"window.openweb.scrollToComments('117799')\" x-text=\"hasComments ? 'Post a comment.' : 'Be the first to post a comment.'\"><\/button><br \/>\n            <\/span>\n        <\/div>\n<\/p><\/div>\n<\/div>\n<div class=\"pogoClear mb-12 mt-10 rounded-md border-2 border-gray-100 py-7 shadow-xl md:py-6\">\n<div class=\"flex flex-wrap justify-between px-7 text-black no-underline md:flex-nowrap md:px-8\">\n<div class=\"order-1 mx-auto flex flex-col justify-center md:order-2 md:ml-4 md:w-full md:grow\">\n<div class=\"block cursor-pointer text-center font-akshar text-2xl font-medium leading-7 text-brand-green duration-200 ease-in-out hover:text-brand-green-700 md:text-left md:text-xl md:leading-6\">Clip Case Accessoire pour Fitbit Inspire 3 \/ Inspire 2, Black (pas pour Inspire, Inspire HR, Ace 2)\n                <\/div>\n<div class=\"mt-4 hidden md:flex md:justify-between\">\n<div class=\"self-end\">\n<div class=\"mb-0 h-11 md:flex md:flex-col md:justify-center\">\n<div class=\" font-sans leading-4 text-black\">\n<div class=\"flex flex-wrap items-center justify-center gap-x-1 md:justify-start\">\n        <span class=\"font-bold\"><\/p>\n<p>            7,99 $<br \/>\n                    <\/span>\n            <\/div>\n<\/p><\/div>\n<\/p><\/div>\n<\/p><\/div>\n<div class=\"w-44 self-end\">\n                            <button class=\"flex justify-center items-center w-full bg-brand-green text-white text-base font-sans font-medium rounded-md hover:bg-brand-green-700 hover:cursor-pointer md:text-sm h-11\"><\/p>\n<p>    Conclure un accord<br \/>\n<\/button>\n                        <\/div>\n<\/p><\/div>\n<\/p><\/div>\n<div class=\"order-2 mt-5 h-auto w-full md:order-1 md:mt-0 md:hidden\">\n<div class=\"flex aspect-video items-center justify-center\">\n                                            <img decoding=\"async\" class=\"m-0 max-h-full max-w-full rounded-md\" src=\"https:\/\/vieassociative.be\/actualites\/wp-content\/uploads\/2025\/05\/Comment-porter-un-tracker-de-fitness-sans-le-mettre-sur.webp.webp\" alt=\"Clip fitbit\" width=\"auto\" height=\"auto\" loading=\"lazy\">\n                                    <\/div>\n<\/p><\/div>\n<div class=\"order-2 ml-2 hidden w-32 shrink-0 items-center md:order-1 md:ml-0 md:flex\">\n<div class=\"flex aspect-video items-center justify-center\">\n                                            <img decoding=\"async\" class=\"m-0 max-h-full max-w-full rounded-md\" src=\"https:\/\/vieassociative.be\/actualites\/wp-content\/uploads\/2025\/05\/Comment-porter-un-tracker-de-fitness-sans-le-mettre-sur.webp.webp\" alt=\"Clip fitbit\" width=\"auto\" height=\"auto\" loading=\"lazy\">\n                                    <\/div>\n<\/p><\/div>\n<div class=\"order-3 flex grow flex-wrap md:hidden md:grow-0\">\n<div class=\"mt-4 w-full\">\n                        <button class=\"flex justify-center items-center w-full bg-brand-green text-white text-base font-sans font-medium rounded-md hover:bg-brand-green-700 hover:cursor-pointer md:text-sm h-11\"><\/p>\n<p>    Conclure un accord<br \/>\n<\/button>\n                    <\/div>\n<div class=\"mx-2 mt-4 w-full\">\n<div class=\" font-sans leading-4 text-black\">\n<div class=\"flex flex-wrap items-center justify-center gap-x-1 md:justify-start\">\n        <span class=\"font-bold\"><\/p>\n<p>            7,99 $<br \/>\n                    <\/span>\n            <\/div>\n<\/p><\/div>\n<\/p><\/div>\n<\/p><\/div>\n<\/p><\/div>\n<\/div>\n<p><strong>Pros<\/strong>: Compte bien les pas, peu importe ce que font vos mains. <\/p>\n<p><strong>Inconv\u00e9nients<\/strong>: Aucun acc\u00e8s aux donn\u00e9es de fr\u00e9quence cardiaque, ou tout ce qui n\u00e9cessite le capteur de la peau. Pourrait finir dans la lessive si vous oubliez de le retirer de votre ceinture. <\/p>\n<h2 id=\"wear-it-in-your-clothes\">Portez-le dans vos v\u00eatements<\/h2>\n<p>Le tracker de Whoop est normalement port\u00e9 au poignet ou au bicep, mais la soci\u00e9t\u00e9 a \u00e9galement une ligne de v\u00eatements \u00abcorporelle\u00bb avec de petites poches dans lesquelles vous pouvez glisser l&rsquo;appareil. La soci\u00e9t\u00e9 m&rsquo;a renvoy\u00e9 l&rsquo;un de leurs soutiens-gorge lorsque la collection a lanc\u00e9, et j&rsquo;ai pu glisser mon appareil Whoop (moins sa sangle) dans une petite poche dans le groupe, sous l&rsquo;aisselle gauche. Il \u00e9tait confortable, restait en place et la collecte de donn\u00e9es \u00e9tait bonne. <\/p>\n<p>Leurs autres offres incluent des shorts et des sous-v\u00eatements avec une poche d&rsquo;appareil dans la ceinture, et m\u00eame un maillot de bain avec la poche de l&rsquo;appareil au m\u00eame endroit que le soutien-gorge. Si vous \u00eates \u00e0 port\u00e9e de main avec une aiguille et un fil, vous pouvez facilement cr\u00e9er vos propres versions de ces articles.<\/p>\n<div class=\"pogoClear mb-12 mt-10 rounded-md border-2 border-gray-100 py-7 shadow-xl md:py-6\">\n<div class=\"flex flex-wrap justify-between px-7 text-black no-underline md:flex-nowrap md:px-8\">\n<div class=\"order-1 mx-auto flex flex-col justify-center md:order-2 md:ml-4 md:w-full md:grow\">\n<div class=\"block cursor-pointer text-center font-akshar text-2xl font-medium leading-7 text-brand-green duration-200 ease-in-out hover:text-brand-green-700 md:text-left md:text-xl md:leading-6\">Boxer de salon 2-pack | V\u00eatements intelligents\n                <\/div>\n<div class=\"mt-4 hidden md:flex md:justify-between\">\n<div class=\"self-end\">\n<div class=\"mb-0 h-11 md:flex md:flex-col md:justify-center\">\n<div class=\" font-sans leading-4 text-black\">\n<div class=\"flex flex-wrap items-center justify-center gap-x-1 md:justify-start\">\n        <span class=\"font-bold\"><\/p>\n<p>            46,00 $<br \/>\n                    <\/span>\n            <\/div>\n<div class=\"flex items-center justify-center gap-x-1 font-bold md:justify-start\">\n            <span class=\"text-sm line-through\">54,00 $<\/span><br \/>\n            <span class=\"text-sm text-brand-green\">\u00c9conomisez 8,00 $<\/span>\n        <\/div>\n<\/p><\/div>\n<\/p><\/div>\n<\/p><\/div>\n<div class=\"w-44 self-end\">\n                            <button class=\"flex justify-center items-center w-full bg-brand-green text-white text-base font-sans font-medium rounded-md hover:bg-brand-green-700 hover:cursor-pointer md:text-sm h-11\"><\/p>\n<p>    Faire un magasin maintenant<br \/>\n<\/button>\n                        <\/div>\n<\/p><\/div>\n<\/p><\/div>\n<div class=\"order-2 mt-5 h-auto w-full md:order-1 md:mt-0 md:hidden\">\n<div class=\"flex aspect-video items-center justify-center\">\n                                            <img decoding=\"async\" class=\"m-0 max-h-full max-w-full rounded-md\" src=\"https:\/\/vieassociative.be\/actualites\/wp-content\/uploads\/2025\/05\/1746893858_349_Comment-porter-un-tracker-de-fitness-sans-le-mettre-sur.webp.webp\" alt=\"Boxers whoop\" width=\"auto\" height=\"auto\" loading=\"lazy\">\n                                    <\/div>\n<\/p><\/div>\n<div class=\"order-2 ml-2 hidden w-32 shrink-0 items-center md:order-1 md:ml-0 md:flex\">\n<div class=\"flex aspect-video items-center justify-center\">\n                                            <img decoding=\"async\" class=\"m-0 max-h-full max-w-full rounded-md\" src=\"https:\/\/vieassociative.be\/actualites\/wp-content\/uploads\/2025\/05\/1746893858_349_Comment-porter-un-tracker-de-fitness-sans-le-mettre-sur.webp.webp\" alt=\"Boxers whoop\" width=\"auto\" height=\"auto\" loading=\"lazy\">\n                                    <\/div>\n<\/p><\/div>\n<div class=\"order-3 flex grow flex-wrap md:hidden md:grow-0\">\n<div class=\"mt-4 w-full\">\n                        <button class=\"flex justify-center items-center w-full bg-brand-green text-white text-base font-sans font-medium rounded-md hover:bg-brand-green-700 hover:cursor-pointer md:text-sm h-11\"><\/p>\n<p>    Faire un magasin maintenant<br \/>\n<\/button>\n                    <\/div>\n<div class=\"mx-2 mt-4 w-full\">\n<div class=\" font-sans leading-4 text-black\">\n<div class=\"flex flex-wrap items-center justify-center gap-x-1 md:justify-start\">\n        <span class=\"font-bold\"><\/p>\n<p>            46,00 $<br \/>\n                    <\/span>\n            <\/div>\n<div class=\"flex items-center justify-center gap-x-1 font-bold md:justify-start\">\n            <span class=\"text-sm line-through\">54,00 $<\/span><br \/>\n            <span class=\"text-sm text-brand-green\">\u00c9conomisez 8,00 $<\/span>\n        <\/div>\n<\/p><\/div>\n<\/p><\/div>\n<\/p><\/div>\n<\/p><\/div>\n<\/div>\n<p><strong>Pros<\/strong>: Pas de sangles suppl\u00e9mentaires pour garder une trace. Vous pouvez certainement oublier que vous le portez. <\/p>\n<p><strong>Inconv\u00e9nients<\/strong>: Les boutons et l&rsquo;affichage ne sont pas accessibles (c&rsquo;est pourquoi cela fonctionne si bien avec Whoop, car Whoop n&rsquo;a ni boutons ni affichage). Vous devrez planifier \u00e0 l&rsquo;avance pour avoir vos sous-v\u00eatements compatibles avec Whoop, et vous voudrez avoir des doublons pour faire face au cycle de lessive.<\/p>\n","protected":false},"excerpt":{"rendered":"<p>Les sangles de cheville, les bandes de biceps et les clips du march\u00e9 secondaire sont parmi vos meilleures options. L&#8217;emplacement embl\u00e9matique pour un tracker de<\/p>\n","protected":false},"author":1,"featured_media":7456,"comment_status":"","ping_status":"","sticky":false,"template":"","format":"standard","meta":{"footnotes":""},"categories":[38],"tags":[44,2703,1182,6926,1175,130,33,6864,8],"class_list":["post-7455","post","type-post","status-publish","format-standard","has-post-thumbnail","hentry","category-sante","tag-comment","tag-fitness","tag-mettre","tag-poignet","tag-porter","tag-sans","tag-sur","tag-tracker","tag-votre","generate-columns","tablet-grid-50","mobile-grid-100","grid-parent","grid-33"],"yoast_head":"<!-- This site is optimized with the Yoast SEO plugin v24.0 - https:\/\/yoast.com\/wordpress\/plugins\/seo\/ -->\n<title>Comment porter un tracker de fitness sans le mettre sur votre poignet | Vie Associative<\/title>\n<meta name=\"robots\" content=\"index, follow, max-snippet:-1, max-image-preview:large, max-video-preview:-1\" \/>\n<link rel=\"canonical\" href=\"https:\/\/vieassociative.be\/actualites\/comment-porter-un-tracker-de-fitness-sans-le-mettre-sur-votre-poignet\/\" \/>\n<meta property=\"og:locale\" content=\"fr_FR\" \/>\n<meta property=\"og:type\" content=\"article\" \/>\n<meta property=\"og:title\" content=\"Comment porter un tracker de fitness sans le mettre sur votre poignet | Vie Associative\" \/>\n<meta property=\"og:description\" content=\"Les sangles de cheville, les bandes de biceps et les clips du march\u00e9 secondaire sont parmi vos meilleures options. L&#8217;emplacement embl\u00e9matique pour un tracker de\" \/>\n<meta property=\"og:url\" content=\"https:\/\/vieassociative.be\/actualites\/comment-porter-un-tracker-de-fitness-sans-le-mettre-sur-votre-poignet\/\" \/>\n<meta property=\"og:site_name\" content=\"Vie Associative\" \/>\n<meta property=\"article:published_time\" content=\"2025-05-10T16:17:38+00:00\" \/>\n<meta property=\"og:image\" content=\"https:\/\/vieassociative.be\/actualites\/wp-content\/uploads\/2025\/05\/Comment-porter-un-tracker-de-fitness-sans-le-mettre-sur.jpg\" \/>\n<meta name=\"author\" content=\"Julien\" \/>\n<meta name=\"twitter:card\" content=\"summary_large_image\" \/>\n<meta name=\"twitter:label1\" content=\"\u00c9crit par\" \/>\n\t<meta name=\"twitter:data1\" content=\"Julien\" \/>\n\t<meta name=\"twitter:label2\" content=\"Dur\u00e9e de lecture est.\" \/>\n\t<meta name=\"twitter:data2\" content=\"5 minutes\" \/>\n<script type=\"application\/ld+json\" class=\"yoast-schema-graph\">{\"@context\":\"https:\/\/schema.org\",\"@graph\":[{\"@type\":\"Article\",\"@id\":\"https:\/\/vieassociative.be\/actualites\/comment-porter-un-tracker-de-fitness-sans-le-mettre-sur-votre-poignet\/#article\",\"isPartOf\":{\"@id\":\"https:\/\/vieassociative.be\/actualites\/comment-porter-un-tracker-de-fitness-sans-le-mettre-sur-votre-poignet\/\"},\"author\":{\"name\":\"Julien\",\"@id\":\"https:\/\/vieassociative.be\/actualites\/#\/schema\/person\/b87ac4f82f9d4e7b7cec7395b679edc4\"},\"headline\":\"Comment porter un tracker de fitness sans le mettre sur votre poignet\",\"datePublished\":\"2025-05-10T16:17:38+00:00\",\"dateModified\":\"2025-05-10T16:17:38+00:00\",\"mainEntityOfPage\":{\"@id\":\"https:\/\/vieassociative.be\/actualites\/comment-porter-un-tracker-de-fitness-sans-le-mettre-sur-votre-poignet\/\"},\"wordCount\":998,\"publisher\":{\"@id\":\"https:\/\/vieassociative.be\/actualites\/#organization\"},\"image\":{\"@id\":\"https:\/\/vieassociative.be\/actualites\/comment-porter-un-tracker-de-fitness-sans-le-mettre-sur-votre-poignet\/#primaryimage\"},\"thumbnailUrl\":\"https:\/\/vieassociative.be\/actualites\/wp-content\/uploads\/2025\/05\/Comment-porter-un-tracker-de-fitness-sans-le-mettre-sur.png\",\"keywords\":[\"Comment\",\"fitness\",\"mettre\",\"poignet\",\"porter\",\"sans\",\"sur\",\"tracker\",\"votre\"],\"articleSection\":[\"Sant\u00e9\"],\"inLanguage\":\"fr-BE\"},{\"@type\":\"WebPage\",\"@id\":\"https:\/\/vieassociative.be\/actualites\/comment-porter-un-tracker-de-fitness-sans-le-mettre-sur-votre-poignet\/\",\"url\":\"https:\/\/vieassociative.be\/actualites\/comment-porter-un-tracker-de-fitness-sans-le-mettre-sur-votre-poignet\/\",\"name\":\"Comment porter un tracker de fitness sans le mettre sur votre poignet | Vie Associative\",\"isPartOf\":{\"@id\":\"https:\/\/vieassociative.be\/actualites\/#website\"},\"primaryImageOfPage\":{\"@id\":\"https:\/\/vieassociative.be\/actualites\/comment-porter-un-tracker-de-fitness-sans-le-mettre-sur-votre-poignet\/#primaryimage\"},\"image\":{\"@id\":\"https:\/\/vieassociative.be\/actualites\/comment-porter-un-tracker-de-fitness-sans-le-mettre-sur-votre-poignet\/#primaryimage\"},\"thumbnailUrl\":\"https:\/\/vieassociative.be\/actualites\/wp-content\/uploads\/2025\/05\/Comment-porter-un-tracker-de-fitness-sans-le-mettre-sur.png\",\"datePublished\":\"2025-05-10T16:17:38+00:00\",\"dateModified\":\"2025-05-10T16:17:38+00:00\",\"breadcrumb\":{\"@id\":\"https:\/\/vieassociative.be\/actualites\/comment-porter-un-tracker-de-fitness-sans-le-mettre-sur-votre-poignet\/#breadcrumb\"},\"inLanguage\":\"fr-BE\",\"potentialAction\":[{\"@type\":\"ReadAction\",\"target\":[\"https:\/\/vieassociative.be\/actualites\/comment-porter-un-tracker-de-fitness-sans-le-mettre-sur-votre-poignet\/\"]}]},{\"@type\":\"ImageObject\",\"inLanguage\":\"fr-BE\",\"@id\":\"https:\/\/vieassociative.be\/actualites\/comment-porter-un-tracker-de-fitness-sans-le-mettre-sur-votre-poignet\/#primaryimage\",\"url\":\"https:\/\/vieassociative.be\/actualites\/wp-content\/uploads\/2025\/05\/Comment-porter-un-tracker-de-fitness-sans-le-mettre-sur.png\",\"contentUrl\":\"https:\/\/vieassociative.be\/actualites\/wp-content\/uploads\/2025\/05\/Comment-porter-un-tracker-de-fitness-sans-le-mettre-sur.png\",\"width\":1200,\"height\":675,\"caption\":\"Comment porter un tracker de fitness sans le mettre sur votre poignet\"},{\"@type\":\"BreadcrumbList\",\"@id\":\"https:\/\/vieassociative.be\/actualites\/comment-porter-un-tracker-de-fitness-sans-le-mettre-sur-votre-poignet\/#breadcrumb\",\"itemListElement\":[{\"@type\":\"ListItem\",\"position\":1,\"name\":\"Accueil\",\"item\":\"https:\/\/vieassociative.be\/actualites\/\"},{\"@type\":\"ListItem\",\"position\":2,\"name\":\"Comment porter un tracker de fitness sans le mettre sur votre poignet\"}]},{\"@type\":\"WebSite\",\"@id\":\"https:\/\/vieassociative.be\/actualites\/#website\",\"url\":\"https:\/\/vieassociative.be\/actualites\/\",\"name\":\"Vie Associative\",\"description\":\"\",\"publisher\":{\"@id\":\"https:\/\/vieassociative.be\/actualites\/#organization\"},\"potentialAction\":[{\"@type\":\"SearchAction\",\"target\":{\"@type\":\"EntryPoint\",\"urlTemplate\":\"https:\/\/vieassociative.be\/actualites\/?s={search_term_string}\"},\"query-input\":{\"@type\":\"PropertyValueSpecification\",\"valueRequired\":true,\"valueName\":\"search_term_string\"}}],\"inLanguage\":\"fr-BE\"},{\"@type\":\"Organization\",\"@id\":\"https:\/\/vieassociative.be\/actualites\/#organization\",\"name\":\"Vie Associative\",\"url\":\"https:\/\/vieassociative.be\/actualites\/\",\"logo\":{\"@type\":\"ImageObject\",\"inLanguage\":\"fr-BE\",\"@id\":\"https:\/\/vieassociative.be\/actualites\/#\/schema\/logo\/image\/\",\"url\":\"https:\/\/vieassociative.be\/actualites\/wp-content\/uploads\/2024\/09\/cropped-vieassociative_favicon.ico.png\",\"contentUrl\":\"https:\/\/vieassociative.be\/actualites\/wp-content\/uploads\/2024\/09\/cropped-vieassociative_favicon.ico.png\",\"width\":512,\"height\":512,\"caption\":\"Vie Associative\"},\"image\":{\"@id\":\"https:\/\/vieassociative.be\/actualites\/#\/schema\/logo\/image\/\"}},{\"@type\":\"Person\",\"@id\":\"https:\/\/vieassociative.be\/actualites\/#\/schema\/person\/b87ac4f82f9d4e7b7cec7395b679edc4\",\"name\":\"Julien\",\"image\":{\"@type\":\"ImageObject\",\"inLanguage\":\"fr-BE\",\"@id\":\"https:\/\/vieassociative.be\/actualites\/#\/schema\/person\/image\/\",\"url\":\"https:\/\/vieassociative.be\/actualites\/wp-content\/uploads\/2024\/09\/vie-associative-1-150x150.jpg\",\"contentUrl\":\"https:\/\/vieassociative.be\/actualites\/wp-content\/uploads\/2024\/09\/vie-associative-1-150x150.jpg\",\"caption\":\"Julien\"},\"description\":\"Je suis Julien, r\u00e9dacteur pour Vie Associative. Passionn\u00e9 par le monde associatif depuis plus de 10 ans, j'ai \u00e0 c\u0153ur de partager des histoires inspirantes et de mettre en lumi\u00e8re les initiatives locales. Mon objectif est de sensibiliser et d'encourager l'engagement communautaire \u00e0 travers mes articles.\",\"sameAs\":[\"https:\/\/vieassociative.be\/\"]}]}<\/script>\n<!-- \/ Yoast SEO plugin. -->","yoast_head_json":{"title":"Comment porter un tracker de fitness sans le mettre sur votre poignet | Vie Associative","robots":{"index":"index","follow":"follow","max-snippet":"max-snippet:-1","max-image-preview":"max-image-preview:large","max-video-preview":"max-video-preview:-1"},"canonical":"https:\/\/vieassociative.be\/actualites\/comment-porter-un-tracker-de-fitness-sans-le-mettre-sur-votre-poignet\/","og_locale":"fr_FR","og_type":"article","og_title":"Comment porter un tracker de fitness sans le mettre sur votre poignet | Vie Associative","og_description":"Les sangles de cheville, les bandes de biceps et les clips du march\u00e9 secondaire sont parmi vos meilleures options. L&#8217;emplacement embl\u00e9matique pour un tracker de","og_url":"https:\/\/vieassociative.be\/actualites\/comment-porter-un-tracker-de-fitness-sans-le-mettre-sur-votre-poignet\/","og_site_name":"Vie Associative","article_published_time":"2025-05-10T16:17:38+00:00","og_image":[{"url":"https:\/\/vieassociative.be\/actualites\/wp-content\/uploads\/2025\/05\/Comment-porter-un-tracker-de-fitness-sans-le-mettre-sur.jpg","type":"","width":"","height":""}],"author":"Julien","twitter_card":"summary_large_image","twitter_misc":{"\u00c9crit par":"Julien","Dur\u00e9e de lecture est.":"5 minutes"},"schema":{"@context":"https:\/\/schema.org","@graph":[{"@type":"Article","@id":"https:\/\/vieassociative.be\/actualites\/comment-porter-un-tracker-de-fitness-sans-le-mettre-sur-votre-poignet\/#article","isPartOf":{"@id":"https:\/\/vieassociative.be\/actualites\/comment-porter-un-tracker-de-fitness-sans-le-mettre-sur-votre-poignet\/"},"author":{"name":"Julien","@id":"https:\/\/vieassociative.be\/actualites\/#\/schema\/person\/b87ac4f82f9d4e7b7cec7395b679edc4"},"headline":"Comment porter un tracker de fitness sans le mettre sur votre poignet","datePublished":"2025-05-10T16:17:38+00:00","dateModified":"2025-05-10T16:17:38+00:00","mainEntityOfPage":{"@id":"https:\/\/vieassociative.be\/actualites\/comment-porter-un-tracker-de-fitness-sans-le-mettre-sur-votre-poignet\/"},"wordCount":998,"publisher":{"@id":"https:\/\/vieassociative.be\/actualites\/#organization"},"image":{"@id":"https:\/\/vieassociative.be\/actualites\/comment-porter-un-tracker-de-fitness-sans-le-mettre-sur-votre-poignet\/#primaryimage"},"thumbnailUrl":"https:\/\/vieassociative.be\/actualites\/wp-content\/uploads\/2025\/05\/Comment-porter-un-tracker-de-fitness-sans-le-mettre-sur.png","keywords":["Comment","fitness","mettre","poignet","porter","sans","sur","tracker","votre"],"articleSection":["Sant\u00e9"],"inLanguage":"fr-BE"},{"@type":"WebPage","@id":"https:\/\/vieassociative.be\/actualites\/comment-porter-un-tracker-de-fitness-sans-le-mettre-sur-votre-poignet\/","url":"https:\/\/vieassociative.be\/actualites\/comment-porter-un-tracker-de-fitness-sans-le-mettre-sur-votre-poignet\/","name":"Comment porter un tracker de fitness sans le mettre sur votre poignet | Vie Associative","isPartOf":{"@id":"https:\/\/vieassociative.be\/actualites\/#website"},"primaryImageOfPage":{"@id":"https:\/\/vieassociative.be\/actualites\/comment-porter-un-tracker-de-fitness-sans-le-mettre-sur-votre-poignet\/#primaryimage"},"image":{"@id":"https:\/\/vieassociative.be\/actualites\/comment-porter-un-tracker-de-fitness-sans-le-mettre-sur-votre-poignet\/#primaryimage"},"thumbnailUrl":"https:\/\/vieassociative.be\/actualites\/wp-content\/uploads\/2025\/05\/Comment-porter-un-tracker-de-fitness-sans-le-mettre-sur.png","datePublished":"2025-05-10T16:17:38+00:00","dateModified":"2025-05-10T16:17:38+00:00","breadcrumb":{"@id":"https:\/\/vieassociative.be\/actualites\/comment-porter-un-tracker-de-fitness-sans-le-mettre-sur-votre-poignet\/#breadcrumb"},"inLanguage":"fr-BE","potentialAction":[{"@type":"ReadAction","target":["https:\/\/vieassociative.be\/actualites\/comment-porter-un-tracker-de-fitness-sans-le-mettre-sur-votre-poignet\/"]}]},{"@type":"ImageObject","inLanguage":"fr-BE","@id":"https:\/\/vieassociative.be\/actualites\/comment-porter-un-tracker-de-fitness-sans-le-mettre-sur-votre-poignet\/#primaryimage","url":"https:\/\/vieassociative.be\/actualites\/wp-content\/uploads\/2025\/05\/Comment-porter-un-tracker-de-fitness-sans-le-mettre-sur.png","contentUrl":"https:\/\/vieassociative.be\/actualites\/wp-content\/uploads\/2025\/05\/Comment-porter-un-tracker-de-fitness-sans-le-mettre-sur.png","width":1200,"height":675,"caption":"Comment porter un tracker de fitness sans le mettre sur votre poignet"},{"@type":"BreadcrumbList","@id":"https:\/\/vieassociative.be\/actualites\/comment-porter-un-tracker-de-fitness-sans-le-mettre-sur-votre-poignet\/#breadcrumb","itemListElement":[{"@type":"ListItem","position":1,"name":"Accueil","item":"https:\/\/vieassociative.be\/actualites\/"},{"@type":"ListItem","position":2,"name":"Comment porter un tracker de fitness sans le mettre sur votre poignet"}]},{"@type":"WebSite","@id":"https:\/\/vieassociative.be\/actualites\/#website","url":"https:\/\/vieassociative.be\/actualites\/","name":"Vie Associative","description":"","publisher":{"@id":"https:\/\/vieassociative.be\/actualites\/#organization"},"potentialAction":[{"@type":"SearchAction","target":{"@type":"EntryPoint","urlTemplate":"https:\/\/vieassociative.be\/actualites\/?s={search_term_string}"},"query-input":{"@type":"PropertyValueSpecification","valueRequired":true,"valueName":"search_term_string"}}],"inLanguage":"fr-BE"},{"@type":"Organization","@id":"https:\/\/vieassociative.be\/actualites\/#organization","name":"Vie Associative","url":"https:\/\/vieassociative.be\/actualites\/","logo":{"@type":"ImageObject","inLanguage":"fr-BE","@id":"https:\/\/vieassociative.be\/actualites\/#\/schema\/logo\/image\/","url":"https:\/\/vieassociative.be\/actualites\/wp-content\/uploads\/2024\/09\/cropped-vieassociative_favicon.ico.png","contentUrl":"https:\/\/vieassociative.be\/actualites\/wp-content\/uploads\/2024\/09\/cropped-vieassociative_favicon.ico.png","width":512,"height":512,"caption":"Vie Associative"},"image":{"@id":"https:\/\/vieassociative.be\/actualites\/#\/schema\/logo\/image\/"}},{"@type":"Person","@id":"https:\/\/vieassociative.be\/actualites\/#\/schema\/person\/b87ac4f82f9d4e7b7cec7395b679edc4","name":"Julien","image":{"@type":"ImageObject","inLanguage":"fr-BE","@id":"https:\/\/vieassociative.be\/actualites\/#\/schema\/person\/image\/","url":"https:\/\/vieassociative.be\/actualites\/wp-content\/uploads\/2024\/09\/vie-associative-1-150x150.jpg","contentUrl":"https:\/\/vieassociative.be\/actualites\/wp-content\/uploads\/2024\/09\/vie-associative-1-150x150.jpg","caption":"Julien"},"description":"Je suis Julien, r\u00e9dacteur pour Vie Associative. Passionn\u00e9 par le monde associatif depuis plus de 10 ans, j'ai \u00e0 c\u0153ur de partager des histoires inspirantes et de mettre en lumi\u00e8re les initiatives locales. Mon objectif est de sensibiliser et d'encourager l'engagement communautaire \u00e0 travers mes articles.","sameAs":["https:\/\/vieassociative.be\/"]}]}},"_links":{"self":[{"href":"https:\/\/vieassociative.be\/actualites\/wp-json\/wp\/v2\/posts\/7455"}],"collection":[{"href":"https:\/\/vieassociative.be\/actualites\/wp-json\/wp\/v2\/posts"}],"about":[{"href":"https:\/\/vieassociative.be\/actualites\/wp-json\/wp\/v2\/types\/post"}],"author":[{"embeddable":true,"href":"https:\/\/vieassociative.be\/actualites\/wp-json\/wp\/v2\/users\/1"}],"replies":[{"embeddable":true,"href":"https:\/\/vieassociative.be\/actualites\/wp-json\/wp\/v2\/comments?post=7455"}],"version-history":[{"count":0,"href":"https:\/\/vieassociative.be\/actualites\/wp-json\/wp\/v2\/posts\/7455\/revisions"}],"wp:featuredmedia":[{"embeddable":true,"href":"https:\/\/vieassociative.be\/actualites\/wp-json\/wp\/v2\/media\/7456"}],"wp:attachment":[{"href":"https:\/\/vieassociative.be\/actualites\/wp-json\/wp\/v2\/media?parent=7455"}],"wp:term":[{"taxonomy":"category","embeddable":true,"href":"https:\/\/vieassociative.be\/actualites\/wp-json\/wp\/v2\/categories?post=7455"},{"taxonomy":"post_tag","embeddable":true,"href":"https:\/\/vieassociative.be\/actualites\/wp-json\/wp\/v2\/tags?post=7455"}],"curies":[{"name":"wp","href":"https:\/\/api.w.org\/{rel}","templated":true}]}}