{"id":7453,"date":"2025-05-10T16:17:28","date_gmt":"2025-05-10T14:17:28","guid":{"rendered":"https:\/\/vieassociative.be\/actualites\/wadenbeiser-balter-interroge-le-depute-paasch-dans-le-pdg-sur-les-couts-du-monastere-de-heidberg-et-de-leyneburg\/"},"modified":"2025-05-10T16:17:28","modified_gmt":"2025-05-10T14:17:28","slug":"wadenbeiser-balter-interroge-le-depute-paasch-dans-le-pdg-sur-les-couts-du-monastere-de-heidberg-et-de-leyneburg","status":"publish","type":"post","link":"https:\/\/vieassociative.be\/actualites\/wadenbeiser-balter-interroge-le-depute-paasch-dans-le-pdg-sur-les-couts-du-monastere-de-heidberg-et-de-leyneburg\/","title":{"rendered":"\u00ab\u00a0Wadenbei\u00dfer\u00a0\u00bb Balter interroge le d\u00e9put\u00e9 Paasch dans le PDG sur les co\u00fbts du monast\u00e8re de Heidberg et de l&rsquo;Eyneburg"},"content":{"rendered":"<p><strong>Dans le cadre du contr\u00f4le du gouvernement So-Salled, Michael Balter rendra \u00e0 nouveau justice \u00e0 sa r\u00e9putation de \u00ab\u00a0Wadenbei\u00dfer\u00a0\u00bb et \u00ab\u00a0Pfennigfuchser\u00a0\u00bb lundi. Le porte-parole du groupe parlementaire de Vivant, le Premier ministre Oliver Paasch (ProDG), interviewe une fois de plus aux frais de Heidberg Kloster \u00e0 Eupen et d&rsquo;Eyneburg \u00e0 Hergenrath.<\/strong><\/p>\n<p><span id=\"more-415245\"><\/span>Balter se plaint du monast\u00e8re de Heidberg dans sa question \u00e0 Paasch: \u00ab\u00a0Ce qui \u00e9tait initialement con\u00e7u comme un projet de vitrine de la DG a longtemps \u00e9t\u00e9 mut\u00e9 en une catastrophe politique budg\u00e9taire: le monast\u00e8re de Heidberg continue de d\u00e9vorer de l&rsquo;argent des imp\u00f4ts ann\u00e9e apr\u00e8s ann\u00e9e. Euros d&rsquo;ici la fin de 2023. \u00bb<\/p>\n<div id=\"attachment_290819\" class=\"wp-caption alignleft\" style=\"max-width: 300px\"><img fetchpriority=\"high\" decoding=\"async\" class=\"wp-image-290819 size-medium\" src=\"https:\/\/vieassociative.be\/actualites\/wp-content\/uploads\/2025\/03\/PAASCH-Selon-la-situation-actuelle-se-passera-sans-lintroduction-dune.jpeg\" alt=\"\" width=\"300\" height=\"200\"  ><\/p>\n<p class=\"wp-caption-text\">Le porte-parole du groupe parlementaire de Vivant, Michael Balter (L) et le Premier ministre DG, Oliver Paasch (R). Photos: PDG \/ CK<\/p>\n<\/div>\n<p>Selon Balter Rien que une nouvelle perte de 212 921 EUR sera comptabilis\u00e9e pour 2023 &#8211; malgr\u00e9 la hausse du gouvernement et la sensibilisation accrue \u00e0 la Chambre.<br \/>\n\u00ab\u00a0Cependant, il n&rsquo;y a toujours pas de trace de succ\u00e8s \u00e9conomique. Les pertes ne se d\u00e9chirent pas &#8211; elles continuent. Un concept durable est toujours manquant.\u00a0\u00bb Le Premier ministre a expliqu\u00e9 \u00e0 plusieurs reprises que vous recherchiez un concessionnaire qui pourrait rendre l&rsquo;entreprise plus efficace.<\/p>\n<p>Balter: \u00ab\u00a0Mais cette recherche a \u00e9chou\u00e9 jusqu&rsquo;\u00e0 pr\u00e9sent. Il reste ouvert s&rsquo;il sera jamais possible de trouver un tel partenaire &#8211; ou si vous adh\u00e9rez \u00e0 une op\u00e9ration d\u00e9finitive en permanence. Soit dit en passant, le groupe Vivant avait mis en garde contre cette catastrophe financi\u00e8re d\u00e8s le d\u00e9but.\u00a0\u00bb<\/p>\n<p>Le porte-parole du groupe de Vivant veut savoir du chef du gouvernement:<\/p>\n<ol>\n<li><strong>\u00cates-vous d\u00e9j\u00e0 des chiffres sp\u00e9cifiques pour le r\u00e9sultat op\u00e9rationnel du monast\u00e8re de Heidberg pour l&rsquo;ann\u00e9e budg\u00e9taire 2024?<\/strong><\/li>\n<li><strong>Y a-t-il un candidat actif \u00e0 l&rsquo;heure actuelle qui essaie d&rsquo;exploiter le monast\u00e8re Heidberg?<\/strong><\/li>\n<li><strong>Du point de vue d&rsquo;aujourd&rsquo;hui, pensez-vous qu&rsquo;il est juste de continuer \u00e0 soutenir l&rsquo;entreprise avec des fonds publics, bien que l&rsquo;\u00e9chec \u00e9conomique se soit solidifi\u00e9 au cours d&rsquo;une d\u00e9cennie enti\u00e8re?<\/strong><\/li>\n<\/ol>\n<div class=\"mceTemp\"><\/div>\n<\/p>\n<div id=\"attachment_339444\" class=\"wp-caption alignnone\" style=\"max-width: 300px\"><img decoding=\"async\" src=\"https:\/\/vieassociative.be\/actualites\/wp-content\/uploads\/2025\/05\/Wadenbeiser-Balter-interroge-le-depute-Paasch-dans-le-PDG-sur.jpeg\" alt=\"\" width=\"300\" height=\"200\" class=\"size-medium wp-image-339444\"><\/p>\n<p class=\"wp-caption-text\">Le Premier ministre Oliver Paasch et le ministre Isabelle Weykmans lors d&rsquo;une conf\u00e9rence de presse sur Eyneburg. Photo: Patrick von Staufenberg<\/p>\n<\/div>\n<p>Dans sa question, Balter exprime des doutes sur l&rsquo;Eyneburg acquis par la DG \u00e0 Hergenrath, \u00ab\u00a0si les erreurs de projets de prestige ant\u00e9rieurs tels que le monast\u00e8re de Heidberg ont \u00e9t\u00e9 apprises\u00a0\u00bb.<\/p>\n<p>Balter litt\u00e9ralement: \u00ab\u00a0Actuellement, il est question d&rsquo;une\u00a0\u00bb exp\u00e9rience historique immersive \u00ab\u00a0: les salles d&rsquo;\u00e9vasion, Burgbrauerei, Perma Culture Garden, Restaurant et pendant une nuit &#8211; un investisseur priv\u00e9 devrait \u00eatre \u00e0 bord, une d\u00e9claration conjointe d&rsquo;intention est disponible. Mais la voie \u00e0 la mise en \u0153uvre est loin.<\/p>\n<p>De Paasch, Balter veut conna\u00eetre l&rsquo;Eyneburg:<\/p>\n<ol>\n<li><strong>Quels sont les investissements totaux que la DG a fait jusqu&rsquo;\u00e0 pr\u00e9sent pour le projet Eyneburg &#8211; y compris l&rsquo;achat, la pr\u00e9paration de r\u00e9novation et les services externes?<\/strong><\/li>\n<li><strong>Quel budget total est actuellement pr\u00e9vu pour le projet Eyneburg de la part de la DG \u00e0 moyen terme?<\/strong><\/li>\n<li><strong>Quelles mesures sp\u00e9cifiques le gouvernement pr\u00e9voit-il d&#8217;emp\u00eacher Eyneburg de devenir un chantier de construction permanent avec des pertes permanentes?<\/strong><\/li>\n<\/ol>\n<p>(Cre)<\/p>\n","protected":false},"excerpt":{"rendered":"<p>Dans le cadre du contr\u00f4le du gouvernement So-Salled, Michael Balter rendra \u00e0 nouveau justice \u00e0 sa r\u00e9putation de \u00ab\u00a0Wadenbei\u00dfer\u00a0\u00bb et \u00ab\u00a0Pfennigfuchser\u00a0\u00bb lundi. Le porte-parole du<\/p>\n","protected":false},"author":1,"featured_media":7454,"comment_status":"","ping_status":"","sticky":false,"template":"","format":"standard","meta":{"footnotes":""},"categories":[298],"tags":[3527,3529,166,6922,6924,3528,14,6925,6923,2553,2933,33,6921],"class_list":["post-7453","post","type-post","status-publish","format-standard","has-post-thumbnail","hentry","category-belgique","tag-balter","tag-couts","tag-dans","tag-depute","tag-heidberg","tag-interroge","tag-les","tag-leyneburg","tag-monastere","tag-paasch","tag-pdg","tag-sur","tag-wadenbeiser","generate-columns","tablet-grid-50","mobile-grid-100","grid-parent","grid-33"],"yoast_head":"<!-- This site is optimized with the Yoast SEO plugin v24.0 - https:\/\/yoast.com\/wordpress\/plugins\/seo\/ -->\n<title>&quot;Wadenbei\u00dfer&quot; Balter interroge le d\u00e9put\u00e9 Paasch dans le PDG sur les co\u00fbts du monast\u00e8re de Heidberg et de l&#039;Eyneburg | Vie Associative<\/title>\n<meta name=\"robots\" content=\"index, follow, max-snippet:-1, max-image-preview:large, max-video-preview:-1\" \/>\n<link rel=\"canonical\" href=\"https:\/\/vieassociative.be\/actualites\/wadenbeiser-balter-interroge-le-depute-paasch-dans-le-pdg-sur-les-couts-du-monastere-de-heidberg-et-de-leyneburg\/\" \/>\n<meta property=\"og:locale\" content=\"fr_FR\" \/>\n<meta property=\"og:type\" content=\"article\" \/>\n<meta property=\"og:title\" content=\"&quot;Wadenbei\u00dfer&quot; Balter interroge le d\u00e9put\u00e9 Paasch dans le PDG sur les co\u00fbts du monast\u00e8re de Heidberg et de l&#039;Eyneburg | Vie Associative\" \/>\n<meta property=\"og:description\" content=\"Dans le cadre du contr\u00f4le du gouvernement So-Salled, Michael Balter rendra \u00e0 nouveau justice \u00e0 sa r\u00e9putation de \u00ab\u00a0Wadenbei\u00dfer\u00a0\u00bb et \u00ab\u00a0Pfennigfuchser\u00a0\u00bb lundi. Le porte-parole du\" \/>\n<meta property=\"og:url\" content=\"https:\/\/vieassociative.be\/actualites\/wadenbeiser-balter-interroge-le-depute-paasch-dans-le-pdg-sur-les-couts-du-monastere-de-heidberg-et-de-leyneburg\/\" \/>\n<meta property=\"og:site_name\" content=\"Vie Associative\" \/>\n<meta property=\"article:published_time\" content=\"2025-05-10T14:17:28+00:00\" \/>\n<meta property=\"og:image\" content=\"https:\/\/vieassociative.be\/actualites\/wp-content\/uploads\/2024\/09\/header_backgroundk-01-e1726694325946.png\" \/>\n\t<meta property=\"og:image:width\" content=\"279\" \/>\n\t<meta property=\"og:image:height\" content=\"92\" \/>\n\t<meta property=\"og:image:type\" content=\"image\/png\" \/>\n<meta name=\"author\" content=\"Julien\" \/>\n<meta name=\"twitter:card\" content=\"summary_large_image\" \/>\n<meta name=\"twitter:label1\" content=\"\u00c9crit par\" \/>\n\t<meta name=\"twitter:data1\" content=\"Julien\" \/>\n\t<meta name=\"twitter:label2\" content=\"Dur\u00e9e de lecture est.\" \/>\n\t<meta name=\"twitter:data2\" content=\"3 minutes\" \/>\n<script type=\"application\/ld+json\" class=\"yoast-schema-graph\">{\"@context\":\"https:\/\/schema.org\",\"@graph\":[{\"@type\":\"Article\",\"@id\":\"https:\/\/vieassociative.be\/actualites\/wadenbeiser-balter-interroge-le-depute-paasch-dans-le-pdg-sur-les-couts-du-monastere-de-heidberg-et-de-leyneburg\/#article\",\"isPartOf\":{\"@id\":\"https:\/\/vieassociative.be\/actualites\/wadenbeiser-balter-interroge-le-depute-paasch-dans-le-pdg-sur-les-couts-du-monastere-de-heidberg-et-de-leyneburg\/\"},\"author\":{\"name\":\"Julien\",\"@id\":\"https:\/\/vieassociative.be\/actualites\/#\/schema\/person\/b87ac4f82f9d4e7b7cec7395b679edc4\"},\"headline\":\"\u00ab\u00a0Wadenbei\u00dfer\u00a0\u00bb Balter interroge le d\u00e9put\u00e9 Paasch dans le PDG sur les co\u00fbts du monast\u00e8re de Heidberg et de l&rsquo;Eyneburg\",\"datePublished\":\"2025-05-10T14:17:28+00:00\",\"dateModified\":\"2025-05-10T14:17:28+00:00\",\"mainEntityOfPage\":{\"@id\":\"https:\/\/vieassociative.be\/actualites\/wadenbeiser-balter-interroge-le-depute-paasch-dans-le-pdg-sur-les-couts-du-monastere-de-heidberg-et-de-leyneburg\/\"},\"wordCount\":567,\"publisher\":{\"@id\":\"https:\/\/vieassociative.be\/actualites\/#organization\"},\"image\":{\"@id\":\"https:\/\/vieassociative.be\/actualites\/wadenbeiser-balter-interroge-le-depute-paasch-dans-le-pdg-sur-les-couts-du-monastere-de-heidberg-et-de-leyneburg\/#primaryimage\"},\"thumbnailUrl\":\"https:\/\/vieassociative.be\/actualites\/wp-content\/uploads\/2025\/05\/Wadenbeiser-Balter-interroge-le-depute-Paasch-dans-le-PDG-sur.jpg\",\"keywords\":[\"Balter\",\"co\u00fbts\",\"dans\",\"d\u00e9put\u00e9\",\"Heidberg\",\"interrog\u00e9\",\"Les\",\"lEyneburg\",\"monast\u00e8re\",\"Paasch\",\"PDG\",\"sur\",\"Wadenbei\u00dfer\"],\"articleSection\":[\"Belgique\"],\"inLanguage\":\"fr-BE\"},{\"@type\":\"WebPage\",\"@id\":\"https:\/\/vieassociative.be\/actualites\/wadenbeiser-balter-interroge-le-depute-paasch-dans-le-pdg-sur-les-couts-du-monastere-de-heidberg-et-de-leyneburg\/\",\"url\":\"https:\/\/vieassociative.be\/actualites\/wadenbeiser-balter-interroge-le-depute-paasch-dans-le-pdg-sur-les-couts-du-monastere-de-heidberg-et-de-leyneburg\/\",\"name\":\"\\\"Wadenbei\u00dfer\\\" Balter interroge le d\u00e9put\u00e9 Paasch dans le PDG sur les co\u00fbts du monast\u00e8re de Heidberg et de l'Eyneburg | Vie Associative\",\"isPartOf\":{\"@id\":\"https:\/\/vieassociative.be\/actualites\/#website\"},\"primaryImageOfPage\":{\"@id\":\"https:\/\/vieassociative.be\/actualites\/wadenbeiser-balter-interroge-le-depute-paasch-dans-le-pdg-sur-les-couts-du-monastere-de-heidberg-et-de-leyneburg\/#primaryimage\"},\"image\":{\"@id\":\"https:\/\/vieassociative.be\/actualites\/wadenbeiser-balter-interroge-le-depute-paasch-dans-le-pdg-sur-les-couts-du-monastere-de-heidberg-et-de-leyneburg\/#primaryimage\"},\"thumbnailUrl\":\"https:\/\/vieassociative.be\/actualites\/wp-content\/uploads\/2025\/05\/Wadenbeiser-Balter-interroge-le-depute-Paasch-dans-le-PDG-sur.jpg\",\"datePublished\":\"2025-05-10T14:17:28+00:00\",\"dateModified\":\"2025-05-10T14:17:28+00:00\",\"breadcrumb\":{\"@id\":\"https:\/\/vieassociative.be\/actualites\/wadenbeiser-balter-interroge-le-depute-paasch-dans-le-pdg-sur-les-couts-du-monastere-de-heidberg-et-de-leyneburg\/#breadcrumb\"},\"inLanguage\":\"fr-BE\",\"potentialAction\":[{\"@type\":\"ReadAction\",\"target\":[\"https:\/\/vieassociative.be\/actualites\/wadenbeiser-balter-interroge-le-depute-paasch-dans-le-pdg-sur-les-couts-du-monastere-de-heidberg-et-de-leyneburg\/\"]}]},{\"@type\":\"ImageObject\",\"inLanguage\":\"fr-BE\",\"@id\":\"https:\/\/vieassociative.be\/actualites\/wadenbeiser-balter-interroge-le-depute-paasch-dans-le-pdg-sur-les-couts-du-monastere-de-heidberg-et-de-leyneburg\/#primaryimage\",\"url\":\"https:\/\/vieassociative.be\/actualites\/wp-content\/uploads\/2025\/05\/Wadenbeiser-Balter-interroge-le-depute-Paasch-dans-le-PDG-sur.jpg\",\"contentUrl\":\"https:\/\/vieassociative.be\/actualites\/wp-content\/uploads\/2025\/05\/Wadenbeiser-Balter-interroge-le-depute-Paasch-dans-le-PDG-sur.jpg\",\"width\":2398,\"height\":798,\"caption\":\"\\\"Wadenbei\u00dfer\\\" Balter interroge le d\u00e9put\u00e9 Paasch dans le PDG sur les co\u00fbts du monast\u00e8re de Heidberg et de l'Eyneburg\"},{\"@type\":\"BreadcrumbList\",\"@id\":\"https:\/\/vieassociative.be\/actualites\/wadenbeiser-balter-interroge-le-depute-paasch-dans-le-pdg-sur-les-couts-du-monastere-de-heidberg-et-de-leyneburg\/#breadcrumb\",\"itemListElement\":[{\"@type\":\"ListItem\",\"position\":1,\"name\":\"Accueil\",\"item\":\"https:\/\/vieassociative.be\/actualites\/\"},{\"@type\":\"ListItem\",\"position\":2,\"name\":\"\u00ab\u00a0Wadenbei\u00dfer\u00a0\u00bb Balter interroge le d\u00e9put\u00e9 Paasch dans le PDG sur les co\u00fbts du monast\u00e8re de Heidberg et de l&rsquo;Eyneburg\"}]},{\"@type\":\"WebSite\",\"@id\":\"https:\/\/vieassociative.be\/actualites\/#website\",\"url\":\"https:\/\/vieassociative.be\/actualites\/\",\"name\":\"Vie Associative\",\"description\":\"\",\"publisher\":{\"@id\":\"https:\/\/vieassociative.be\/actualites\/#organization\"},\"potentialAction\":[{\"@type\":\"SearchAction\",\"target\":{\"@type\":\"EntryPoint\",\"urlTemplate\":\"https:\/\/vieassociative.be\/actualites\/?s={search_term_string}\"},\"query-input\":{\"@type\":\"PropertyValueSpecification\",\"valueRequired\":true,\"valueName\":\"search_term_string\"}}],\"inLanguage\":\"fr-BE\"},{\"@type\":\"Organization\",\"@id\":\"https:\/\/vieassociative.be\/actualites\/#organization\",\"name\":\"Vie Associative\",\"url\":\"https:\/\/vieassociative.be\/actualites\/\",\"logo\":{\"@type\":\"ImageObject\",\"inLanguage\":\"fr-BE\",\"@id\":\"https:\/\/vieassociative.be\/actualites\/#\/schema\/logo\/image\/\",\"url\":\"https:\/\/vieassociative.be\/actualites\/wp-content\/uploads\/2024\/09\/cropped-vieassociative_favicon.ico.png\",\"contentUrl\":\"https:\/\/vieassociative.be\/actualites\/wp-content\/uploads\/2024\/09\/cropped-vieassociative_favicon.ico.png\",\"width\":512,\"height\":512,\"caption\":\"Vie Associative\"},\"image\":{\"@id\":\"https:\/\/vieassociative.be\/actualites\/#\/schema\/logo\/image\/\"}},{\"@type\":\"Person\",\"@id\":\"https:\/\/vieassociative.be\/actualites\/#\/schema\/person\/b87ac4f82f9d4e7b7cec7395b679edc4\",\"name\":\"Julien\",\"image\":{\"@type\":\"ImageObject\",\"inLanguage\":\"fr-BE\",\"@id\":\"https:\/\/vieassociative.be\/actualites\/#\/schema\/person\/image\/\",\"url\":\"https:\/\/vieassociative.be\/actualites\/wp-content\/uploads\/2024\/09\/vie-associative-1-150x150.jpg\",\"contentUrl\":\"https:\/\/vieassociative.be\/actualites\/wp-content\/uploads\/2024\/09\/vie-associative-1-150x150.jpg\",\"caption\":\"Julien\"},\"description\":\"Je suis Julien, r\u00e9dacteur pour Vie Associative. Passionn\u00e9 par le monde associatif depuis plus de 10 ans, j'ai \u00e0 c\u0153ur de partager des histoires inspirantes et de mettre en lumi\u00e8re les initiatives locales. Mon objectif est de sensibiliser et d'encourager l'engagement communautaire \u00e0 travers mes articles.\",\"sameAs\":[\"https:\/\/vieassociative.be\/\"]}]}<\/script>\n<!-- \/ Yoast SEO plugin. -->","yoast_head_json":{"title":"\"Wadenbei\u00dfer\" Balter interroge le d\u00e9put\u00e9 Paasch dans le PDG sur les co\u00fbts du monast\u00e8re de Heidberg et de l'Eyneburg | Vie Associative","robots":{"index":"index","follow":"follow","max-snippet":"max-snippet:-1","max-image-preview":"max-image-preview:large","max-video-preview":"max-video-preview:-1"},"canonical":"https:\/\/vieassociative.be\/actualites\/wadenbeiser-balter-interroge-le-depute-paasch-dans-le-pdg-sur-les-couts-du-monastere-de-heidberg-et-de-leyneburg\/","og_locale":"fr_FR","og_type":"article","og_title":"\"Wadenbei\u00dfer\" Balter interroge le d\u00e9put\u00e9 Paasch dans le PDG sur les co\u00fbts du monast\u00e8re de Heidberg et de l'Eyneburg | Vie Associative","og_description":"Dans le cadre du contr\u00f4le du gouvernement So-Salled, Michael Balter rendra \u00e0 nouveau justice \u00e0 sa r\u00e9putation de \u00ab\u00a0Wadenbei\u00dfer\u00a0\u00bb et \u00ab\u00a0Pfennigfuchser\u00a0\u00bb lundi. Le porte-parole du","og_url":"https:\/\/vieassociative.be\/actualites\/wadenbeiser-balter-interroge-le-depute-paasch-dans-le-pdg-sur-les-couts-du-monastere-de-heidberg-et-de-leyneburg\/","og_site_name":"Vie Associative","article_published_time":"2025-05-10T14:17:28+00:00","og_image":[{"width":279,"height":92,"url":"https:\/\/vieassociative.be\/actualites\/wp-content\/uploads\/2024\/09\/header_backgroundk-01-e1726694325946.png","type":"image\/png"}],"author":"Julien","twitter_card":"summary_large_image","twitter_misc":{"\u00c9crit par":"Julien","Dur\u00e9e de lecture est.":"3 minutes"},"schema":{"@context":"https:\/\/schema.org","@graph":[{"@type":"Article","@id":"https:\/\/vieassociative.be\/actualites\/wadenbeiser-balter-interroge-le-depute-paasch-dans-le-pdg-sur-les-couts-du-monastere-de-heidberg-et-de-leyneburg\/#article","isPartOf":{"@id":"https:\/\/vieassociative.be\/actualites\/wadenbeiser-balter-interroge-le-depute-paasch-dans-le-pdg-sur-les-couts-du-monastere-de-heidberg-et-de-leyneburg\/"},"author":{"name":"Julien","@id":"https:\/\/vieassociative.be\/actualites\/#\/schema\/person\/b87ac4f82f9d4e7b7cec7395b679edc4"},"headline":"\u00ab\u00a0Wadenbei\u00dfer\u00a0\u00bb Balter interroge le d\u00e9put\u00e9 Paasch dans le PDG sur les co\u00fbts du monast\u00e8re de Heidberg et de l&rsquo;Eyneburg","datePublished":"2025-05-10T14:17:28+00:00","dateModified":"2025-05-10T14:17:28+00:00","mainEntityOfPage":{"@id":"https:\/\/vieassociative.be\/actualites\/wadenbeiser-balter-interroge-le-depute-paasch-dans-le-pdg-sur-les-couts-du-monastere-de-heidberg-et-de-leyneburg\/"},"wordCount":567,"publisher":{"@id":"https:\/\/vieassociative.be\/actualites\/#organization"},"image":{"@id":"https:\/\/vieassociative.be\/actualites\/wadenbeiser-balter-interroge-le-depute-paasch-dans-le-pdg-sur-les-couts-du-monastere-de-heidberg-et-de-leyneburg\/#primaryimage"},"thumbnailUrl":"https:\/\/vieassociative.be\/actualites\/wp-content\/uploads\/2025\/05\/Wadenbeiser-Balter-interroge-le-depute-Paasch-dans-le-PDG-sur.jpg","keywords":["Balter","co\u00fbts","dans","d\u00e9put\u00e9","Heidberg","interrog\u00e9","Les","lEyneburg","monast\u00e8re","Paasch","PDG","sur","Wadenbei\u00dfer"],"articleSection":["Belgique"],"inLanguage":"fr-BE"},{"@type":"WebPage","@id":"https:\/\/vieassociative.be\/actualites\/wadenbeiser-balter-interroge-le-depute-paasch-dans-le-pdg-sur-les-couts-du-monastere-de-heidberg-et-de-leyneburg\/","url":"https:\/\/vieassociative.be\/actualites\/wadenbeiser-balter-interroge-le-depute-paasch-dans-le-pdg-sur-les-couts-du-monastere-de-heidberg-et-de-leyneburg\/","name":"\"Wadenbei\u00dfer\" Balter interroge le d\u00e9put\u00e9 Paasch dans le PDG sur les co\u00fbts du monast\u00e8re de Heidberg et de l'Eyneburg | Vie Associative","isPartOf":{"@id":"https:\/\/vieassociative.be\/actualites\/#website"},"primaryImageOfPage":{"@id":"https:\/\/vieassociative.be\/actualites\/wadenbeiser-balter-interroge-le-depute-paasch-dans-le-pdg-sur-les-couts-du-monastere-de-heidberg-et-de-leyneburg\/#primaryimage"},"image":{"@id":"https:\/\/vieassociative.be\/actualites\/wadenbeiser-balter-interroge-le-depute-paasch-dans-le-pdg-sur-les-couts-du-monastere-de-heidberg-et-de-leyneburg\/#primaryimage"},"thumbnailUrl":"https:\/\/vieassociative.be\/actualites\/wp-content\/uploads\/2025\/05\/Wadenbeiser-Balter-interroge-le-depute-Paasch-dans-le-PDG-sur.jpg","datePublished":"2025-05-10T14:17:28+00:00","dateModified":"2025-05-10T14:17:28+00:00","breadcrumb":{"@id":"https:\/\/vieassociative.be\/actualites\/wadenbeiser-balter-interroge-le-depute-paasch-dans-le-pdg-sur-les-couts-du-monastere-de-heidberg-et-de-leyneburg\/#breadcrumb"},"inLanguage":"fr-BE","potentialAction":[{"@type":"ReadAction","target":["https:\/\/vieassociative.be\/actualites\/wadenbeiser-balter-interroge-le-depute-paasch-dans-le-pdg-sur-les-couts-du-monastere-de-heidberg-et-de-leyneburg\/"]}]},{"@type":"ImageObject","inLanguage":"fr-BE","@id":"https:\/\/vieassociative.be\/actualites\/wadenbeiser-balter-interroge-le-depute-paasch-dans-le-pdg-sur-les-couts-du-monastere-de-heidberg-et-de-leyneburg\/#primaryimage","url":"https:\/\/vieassociative.be\/actualites\/wp-content\/uploads\/2025\/05\/Wadenbeiser-Balter-interroge-le-depute-Paasch-dans-le-PDG-sur.jpg","contentUrl":"https:\/\/vieassociative.be\/actualites\/wp-content\/uploads\/2025\/05\/Wadenbeiser-Balter-interroge-le-depute-Paasch-dans-le-PDG-sur.jpg","width":2398,"height":798,"caption":"\"Wadenbei\u00dfer\" Balter interroge le d\u00e9put\u00e9 Paasch dans le PDG sur les co\u00fbts du monast\u00e8re de Heidberg et de l'Eyneburg"},{"@type":"BreadcrumbList","@id":"https:\/\/vieassociative.be\/actualites\/wadenbeiser-balter-interroge-le-depute-paasch-dans-le-pdg-sur-les-couts-du-monastere-de-heidberg-et-de-leyneburg\/#breadcrumb","itemListElement":[{"@type":"ListItem","position":1,"name":"Accueil","item":"https:\/\/vieassociative.be\/actualites\/"},{"@type":"ListItem","position":2,"name":"\u00ab\u00a0Wadenbei\u00dfer\u00a0\u00bb Balter interroge le d\u00e9put\u00e9 Paasch dans le PDG sur les co\u00fbts du monast\u00e8re de Heidberg et de l&rsquo;Eyneburg"}]},{"@type":"WebSite","@id":"https:\/\/vieassociative.be\/actualites\/#website","url":"https:\/\/vieassociative.be\/actualites\/","name":"Vie Associative","description":"","publisher":{"@id":"https:\/\/vieassociative.be\/actualites\/#organization"},"potentialAction":[{"@type":"SearchAction","target":{"@type":"EntryPoint","urlTemplate":"https:\/\/vieassociative.be\/actualites\/?s={search_term_string}"},"query-input":{"@type":"PropertyValueSpecification","valueRequired":true,"valueName":"search_term_string"}}],"inLanguage":"fr-BE"},{"@type":"Organization","@id":"https:\/\/vieassociative.be\/actualites\/#organization","name":"Vie Associative","url":"https:\/\/vieassociative.be\/actualites\/","logo":{"@type":"ImageObject","inLanguage":"fr-BE","@id":"https:\/\/vieassociative.be\/actualites\/#\/schema\/logo\/image\/","url":"https:\/\/vieassociative.be\/actualites\/wp-content\/uploads\/2024\/09\/cropped-vieassociative_favicon.ico.png","contentUrl":"https:\/\/vieassociative.be\/actualites\/wp-content\/uploads\/2024\/09\/cropped-vieassociative_favicon.ico.png","width":512,"height":512,"caption":"Vie Associative"},"image":{"@id":"https:\/\/vieassociative.be\/actualites\/#\/schema\/logo\/image\/"}},{"@type":"Person","@id":"https:\/\/vieassociative.be\/actualites\/#\/schema\/person\/b87ac4f82f9d4e7b7cec7395b679edc4","name":"Julien","image":{"@type":"ImageObject","inLanguage":"fr-BE","@id":"https:\/\/vieassociative.be\/actualites\/#\/schema\/person\/image\/","url":"https:\/\/vieassociative.be\/actualites\/wp-content\/uploads\/2024\/09\/vie-associative-1-150x150.jpg","contentUrl":"https:\/\/vieassociative.be\/actualites\/wp-content\/uploads\/2024\/09\/vie-associative-1-150x150.jpg","caption":"Julien"},"description":"Je suis Julien, r\u00e9dacteur pour Vie Associative. Passionn\u00e9 par le monde associatif depuis plus de 10 ans, j'ai \u00e0 c\u0153ur de partager des histoires inspirantes et de mettre en lumi\u00e8re les initiatives locales. Mon objectif est de sensibiliser et d'encourager l'engagement communautaire \u00e0 travers mes articles.","sameAs":["https:\/\/vieassociative.be\/"]}]}},"_links":{"self":[{"href":"https:\/\/vieassociative.be\/actualites\/wp-json\/wp\/v2\/posts\/7453"}],"collection":[{"href":"https:\/\/vieassociative.be\/actualites\/wp-json\/wp\/v2\/posts"}],"about":[{"href":"https:\/\/vieassociative.be\/actualites\/wp-json\/wp\/v2\/types\/post"}],"author":[{"embeddable":true,"href":"https:\/\/vieassociative.be\/actualites\/wp-json\/wp\/v2\/users\/1"}],"replies":[{"embeddable":true,"href":"https:\/\/vieassociative.be\/actualites\/wp-json\/wp\/v2\/comments?post=7453"}],"version-history":[{"count":0,"href":"https:\/\/vieassociative.be\/actualites\/wp-json\/wp\/v2\/posts\/7453\/revisions"}],"wp:featuredmedia":[{"embeddable":true,"href":"https:\/\/vieassociative.be\/actualites\/wp-json\/wp\/v2\/media\/7454"}],"wp:attachment":[{"href":"https:\/\/vieassociative.be\/actualites\/wp-json\/wp\/v2\/media?parent=7453"}],"wp:term":[{"taxonomy":"category","embeddable":true,"href":"https:\/\/vieassociative.be\/actualites\/wp-json\/wp\/v2\/categories?post=7453"},{"taxonomy":"post_tag","embeddable":true,"href":"https:\/\/vieassociative.be\/actualites\/wp-json\/wp\/v2\/tags?post=7453"}],"curies":[{"name":"wp","href":"https:\/\/api.w.org\/{rel}","templated":true}]}}