{"id":7451,"date":"2025-05-10T15:17:57","date_gmt":"2025-05-10T13:17:57","guid":{"rendered":"https:\/\/vieassociative.be\/actualites\/pourquoi-vous-ne-devriez-pas-vous-soucier-de-votre-sante-intestinale\/"},"modified":"2025-05-10T15:17:57","modified_gmt":"2025-05-10T13:17:57","slug":"pourquoi-vous-ne-devriez-pas-vous-soucier-de-votre-sante-intestinale","status":"publish","type":"post","link":"https:\/\/vieassociative.be\/actualites\/pourquoi-vous-ne-devriez-pas-vous-soucier-de-votre-sante-intestinale\/","title":{"rendered":"Pourquoi vous ne devriez pas vous soucier de votre \u00absant\u00e9 intestinale\u00bb"},"content":{"rendered":"<div class=\"mt-4 leading-6 md:mb-8\">Slamming Probiotics ne va pas r\u00e9soudre tous vos probl\u00e8mes de sant\u00e9 et vous procurer un ventre plat.<\/div>\n<p><\/p>\n<p>Votre syst\u00e8me digestif est une partie extr\u00eamement importante de votre corps, et le garder en bonne sant\u00e9 est extr\u00eamement important. Sans bonne sant\u00e9 intestinale, vous pourriez souffrir ou souffrir de sympt\u00f4mes embarrassants, ou pire. Mais \u00e7a fait <em>pas<\/em> Suivez que vous devez charger des aliments ou des produits qui promettent d&rsquo;am\u00e9liorer votre sant\u00e9 intestinale.<\/p>\n<p>Il s&rsquo;av\u00e8re que la sant\u00e9 intestinale n&rsquo;est pas un concept bien d\u00e9fini. Cela signifie qu&rsquo;il n&rsquo;est pas toujours possible de dire s&rsquo;il s&rsquo;am\u00e9liore ou si vous avez m\u00eame un probl\u00e8me avec lui en premier lieu. Deux chercheurs du Food &#038; Mood Center de l&rsquo;Universit\u00e9 Deakin ont \u00e9crit dans un article du Lancet Journal et sur la conversation sur le fait que la sant\u00e9 intestinale est devenue plus un mot \u00e0 la mode marketing qu&rsquo;un ph\u00e9nom\u00e8ne scientifique ou m\u00e9dical.<\/p>\n<p>Que voulons-nous dire m\u00eame lorsque nous parlons de sant\u00e9 intestinale? Souvent, c&rsquo;est soit l&rsquo;absence de sympt\u00f4mes d\u00e9sagr\u00e9ables comme la diarrh\u00e9e, soit l&rsquo;absence de conditions m\u00e9dicales comme la maladie de Crohn. Ces conditions et sympt\u00f4mes sont chacun diff\u00e9rents, il n&rsquo;y a donc pas un seul \u00e9tat de \u00absant\u00e9 intestinale\u00bb que vous pouvez r\u00e9aliser pour les emp\u00eacher tous. Les scientifiques essaient toujours de comprendre les d\u00e9tails et la recherche est en cours.<\/p>\n<p>Le microbiome est \u00e9galement important, mais encore une fois, les scientifiques n&rsquo;ont pas r\u00e9ussi \u00e0 trouver un moyen de faire de mani\u00e8re fiable la diff\u00e9rence entre un microbiome sain et malsain. La population exacte de microbes dans deux tripes de personnes en bonne sant\u00e9 peut diff\u00e9rer, par exemple. Et malgr\u00e9 des recherches en cours, nous ne pouvons toujours pas tester vos microbes intestinaux et vous dire ce qui ne va pas avec vous (en dehors de quelques cas sp\u00e9cifiques, comme <em>Clostridium difficile<\/em> infection). <\/p>\n<p>D&rsquo;un autre c\u00f4t\u00e9, parfois l&rsquo;id\u00e9e de la \u00ab\u00a0sant\u00e9 intestinale\u00a0\u00bb n&rsquo;est que du code pour \u00ab\u00a0\u00eatre maigre\u00a0\u00bb. Si vous convainquez vos abonn\u00e9s Tiktok qu&rsquo;ils peuvent avoir un ventre plat si seulement ils obtiennent leur sant\u00e9 intestinale en ordre, vous pouvez leur vendre des probiotiques markets d&rsquo;affiliation.<\/p>\n<h2 id=\"gut-health-talk-is-often-just-marketing\">La conversation \u00ab\u00a0sant\u00e9 intestinale\u00a0\u00bb n&rsquo;est souvent que le marketing<\/h2>\n<p>Quel que soit l&rsquo;angle, l&rsquo;id\u00e9e que la sant\u00e9 intestinale est importante pour la sant\u00e9 globale a fourni un coup de pouce marketing pour une pl\u00e9thore de produits, d&rsquo;aliments et de pratiques qui sont cens\u00e9s \u00eatre bons pour vous. Les probiotiques, par exemple, sont sugg\u00e9r\u00e9s pour traiter ou pr\u00e9venir les probl\u00e8mes gastro-intestinaux. Mais de nombreux aliments ferment\u00e9s comme le yaourt et le kombucha n&rsquo;affectent pas la composition du microbiome intestinal, et m\u00eame lorsqu&rsquo;ils le font, il n&rsquo;est pas toujours clair s&rsquo;ils l&rsquo;affectent pour le <em>mieux<\/em>. <\/p>\n<div class=\"pogoClear relative my-10 border-b-(1.5px) border-t-(1.5px) border-dashed border-black py-5 sm:my-14 sm:border-0 sm:py-0\" data-ga-click data-ga-template=\"Explainers\" data-ga-module=\"openweb_widget\" data-ga-element=\"openweb_scroll\" data-ga-item=\"openweb_scroll_midpage\" x-cloak x-data=\"{ commentsCount: null, hasComments: false }\" x-init=\"commentsCount = await window.openweb.getMessagesCount(1846585198);\n     hasComments = commentsCount !== null &amp;&amp; commentsCount &gt; 0\"><\/p>\n<div class=\"absolute top-1\/2 hidden w-full -translate-y-1\/2 border-t-(1.5px) border-dashed border-black sm:block\"><\/div>\n<div class=\"relative flex justify-center\">\n<div class=\"flex max-w-max items-center gap-x-3 bg-white px-5\">\n<div class=\"relative\">\n                <span class=\"absolute left-1\/2 top-1\/2 -translate-x-1\/2 -translate-y-1\/2 font-akshar text-sm font-medium text-black\" x-show=\"hasComments\" x-text=\"commentsCount\"><\/span><\/p>\n<p>                <svg class=\"h-8 w-8 text-black\">\n                    <use href=\"http:\/\/lifehacker.com\/images\/icons\/spritemap.svg#sprite-chat-bubble\"><\/use>\n                <\/svg>\n            <\/div>\n<p>            <span class=\"text-sm font-medium text-black\"><\/p>\n<p>                Que pensez-vous jusqu&rsquo;\u00e0 pr\u00e9sent?<br \/>\n                <button class=\"font-semibold text-brand-green underline hover:text-brand-green-700\" onclick=\"window.openweb.scrollToComments('1846585198')\" x-text=\"hasComments ? 'Post a comment.' : 'Be the first to post a comment.'\"><\/button><br \/>\n            <\/span>\n        <\/div>\n<\/p><\/div>\n<\/div>\n<p>Fondamentalement, si quelqu&rsquo;un dit qu&rsquo;un certain aliment ou un r\u00e9gime est cens\u00e9 \u00eatre bon pour votre sant\u00e9 intestinale, il fait g\u00e9n\u00e9ralement des hypoth\u00e8ses qu&rsquo;il ne peut pas sauvegarder. Alors que les scientifiques Amy Loughman et Heidi Staudacher l&rsquo;\u00e9crivent: <\/p>\n<blockquote>\n<p>Il n&rsquo;y a pas encore de preuve humaine solide que l&rsquo;apport d&rsquo;aliments transform\u00e9s ou de sucre raffin\u00e9 conduit \u00e0 des effets n\u00e9gatifs sur l&rsquo;int\u00e9gralit\u00e9 des param\u00e8tres de sant\u00e9 intestinaux susmentionn\u00e9s. Les listes des dix premiers aliments pour sant\u00e9 intestinaux ne sont pas non plus particuli\u00e8rement utiles ou perspicaces; Au lieu de cela, ils simplifient la complexit\u00e9 du r\u00e9gime alimentaire \u00e0 une poign\u00e9e d&rsquo;aliments riches en fibres sans appr\u00e9ciation des nuances importantes.<\/p>\n<\/blockquote>\n<p>Ils soulignent \u00e9galement qu&rsquo;il existe de nombreux types de fibres et qu&rsquo;ils ne sont probablement pas tout aussi bons pour nous; Il existe des preuves que certaines fibres pourraient \u00eatre nocives si nous en mangeons trop. <\/p>\n<p>Une alimentation g\u00e9n\u00e9ralement vari\u00e9e qui comprend des grains entiers, des fruits et des l\u00e9gumes sera probablement bon pour votre sant\u00e9 intestinale. Il en va de m\u00eame pour d&rsquo;autres habitudes saines comme l&rsquo;exercice et l&rsquo;\u00e9viter de fumer. Comme ils discutent plus loin dans l&rsquo;article de la conversation, la sant\u00e9 intestinale n&rsquo;est pas une chose que vous r\u00e9alisez en buvant du kombucha ou du sucre d&rsquo;\u00e9vitement; \u00abCe sont les mod\u00e8les alimentaires et les habitudes g\u00e9n\u00e9rales, pas les aliments individuels, qui changent le cadran.\u00bb<\/p>\n","protected":false},"excerpt":{"rendered":"<p>Slamming Probiotics ne va pas r\u00e9soudre tous vos probl\u00e8mes de sant\u00e9 et vous procurer un ventre plat. Votre syst\u00e8me digestif est une partie extr\u00eamement importante<\/p>\n","protected":false},"author":1,"featured_media":7452,"comment_status":"","ping_status":"","sticky":false,"template":"","format":"standard","meta":{"footnotes":""},"categories":[38],"tags":[636,6920,126,734,916,6919,8,4],"class_list":["post-7451","post","type-post","status-publish","format-standard","has-post-thumbnail","hentry","category-sante","tag-devriez","tag-intestinale","tag-pas","tag-pourquoi","tag-sante","tag-soucier","tag-votre","tag-vous","generate-columns","tablet-grid-50","mobile-grid-100","grid-parent","grid-33"],"yoast_head":"<!-- This site is optimized with the Yoast SEO plugin v24.0 - https:\/\/yoast.com\/wordpress\/plugins\/seo\/ -->\n<title>Pourquoi vous ne devriez pas vous soucier de votre \u00absant\u00e9 intestinale\u00bb | Vie Associative<\/title>\n<meta name=\"robots\" content=\"index, follow, max-snippet:-1, max-image-preview:large, max-video-preview:-1\" \/>\n<link rel=\"canonical\" href=\"https:\/\/vieassociative.be\/actualites\/pourquoi-vous-ne-devriez-pas-vous-soucier-de-votre-sante-intestinale\/\" \/>\n<meta property=\"og:locale\" content=\"fr_FR\" \/>\n<meta property=\"og:type\" content=\"article\" \/>\n<meta property=\"og:title\" content=\"Pourquoi vous ne devriez pas vous soucier de votre \u00absant\u00e9 intestinale\u00bb | Vie Associative\" \/>\n<meta property=\"og:description\" content=\"Slamming Probiotics ne va pas r\u00e9soudre tous vos probl\u00e8mes de sant\u00e9 et vous procurer un ventre plat. Votre syst\u00e8me digestif est une partie extr\u00eamement importante\" \/>\n<meta property=\"og:url\" content=\"https:\/\/vieassociative.be\/actualites\/pourquoi-vous-ne-devriez-pas-vous-soucier-de-votre-sante-intestinale\/\" \/>\n<meta property=\"og:site_name\" content=\"Vie Associative\" \/>\n<meta property=\"article:published_time\" content=\"2025-05-10T13:17:57+00:00\" \/>\n<meta property=\"og:image\" content=\"https:\/\/vieassociative.be\/actualites\/wp-content\/uploads\/2024\/09\/header_backgroundk-01-e1726694325946.png\" \/>\n\t<meta property=\"og:image:width\" content=\"279\" \/>\n\t<meta property=\"og:image:height\" content=\"92\" \/>\n\t<meta property=\"og:image:type\" content=\"image\/png\" \/>\n<meta name=\"author\" content=\"Julien\" \/>\n<meta name=\"twitter:card\" content=\"summary_large_image\" \/>\n<meta name=\"twitter:label1\" content=\"\u00c9crit par\" \/>\n\t<meta name=\"twitter:data1\" content=\"Julien\" \/>\n\t<meta name=\"twitter:label2\" content=\"Dur\u00e9e de lecture est.\" \/>\n\t<meta name=\"twitter:data2\" content=\"4 minutes\" \/>\n<script type=\"application\/ld+json\" class=\"yoast-schema-graph\">{\"@context\":\"https:\/\/schema.org\",\"@graph\":[{\"@type\":\"Article\",\"@id\":\"https:\/\/vieassociative.be\/actualites\/pourquoi-vous-ne-devriez-pas-vous-soucier-de-votre-sante-intestinale\/#article\",\"isPartOf\":{\"@id\":\"https:\/\/vieassociative.be\/actualites\/pourquoi-vous-ne-devriez-pas-vous-soucier-de-votre-sante-intestinale\/\"},\"author\":{\"name\":\"Julien\",\"@id\":\"https:\/\/vieassociative.be\/actualites\/#\/schema\/person\/b87ac4f82f9d4e7b7cec7395b679edc4\"},\"headline\":\"Pourquoi vous ne devriez pas vous soucier de votre \u00absant\u00e9 intestinale\u00bb\",\"datePublished\":\"2025-05-10T13:17:57+00:00\",\"dateModified\":\"2025-05-10T13:17:57+00:00\",\"mainEntityOfPage\":{\"@id\":\"https:\/\/vieassociative.be\/actualites\/pourquoi-vous-ne-devriez-pas-vous-soucier-de-votre-sante-intestinale\/\"},\"wordCount\":787,\"publisher\":{\"@id\":\"https:\/\/vieassociative.be\/actualites\/#organization\"},\"image\":{\"@id\":\"https:\/\/vieassociative.be\/actualites\/pourquoi-vous-ne-devriez-pas-vous-soucier-de-votre-sante-intestinale\/#primaryimage\"},\"thumbnailUrl\":\"https:\/\/vieassociative.be\/actualites\/wp-content\/uploads\/2025\/05\/Pourquoi-vous-ne-devriez-pas-vous-soucier-de-votre-sante.jpg\",\"keywords\":[\"devriez\",\"intestinale\",\"pas\",\"Pourquoi\",\"sant\u00e9\",\"soucier\",\"votre\",\"Vous\"],\"articleSection\":[\"Sant\u00e9\"],\"inLanguage\":\"fr-BE\"},{\"@type\":\"WebPage\",\"@id\":\"https:\/\/vieassociative.be\/actualites\/pourquoi-vous-ne-devriez-pas-vous-soucier-de-votre-sante-intestinale\/\",\"url\":\"https:\/\/vieassociative.be\/actualites\/pourquoi-vous-ne-devriez-pas-vous-soucier-de-votre-sante-intestinale\/\",\"name\":\"Pourquoi vous ne devriez pas vous soucier de votre \u00absant\u00e9 intestinale\u00bb | Vie Associative\",\"isPartOf\":{\"@id\":\"https:\/\/vieassociative.be\/actualites\/#website\"},\"primaryImageOfPage\":{\"@id\":\"https:\/\/vieassociative.be\/actualites\/pourquoi-vous-ne-devriez-pas-vous-soucier-de-votre-sante-intestinale\/#primaryimage\"},\"image\":{\"@id\":\"https:\/\/vieassociative.be\/actualites\/pourquoi-vous-ne-devriez-pas-vous-soucier-de-votre-sante-intestinale\/#primaryimage\"},\"thumbnailUrl\":\"https:\/\/vieassociative.be\/actualites\/wp-content\/uploads\/2025\/05\/Pourquoi-vous-ne-devriez-pas-vous-soucier-de-votre-sante.jpg\",\"datePublished\":\"2025-05-10T13:17:57+00:00\",\"dateModified\":\"2025-05-10T13:17:57+00:00\",\"breadcrumb\":{\"@id\":\"https:\/\/vieassociative.be\/actualites\/pourquoi-vous-ne-devriez-pas-vous-soucier-de-votre-sante-intestinale\/#breadcrumb\"},\"inLanguage\":\"fr-BE\",\"potentialAction\":[{\"@type\":\"ReadAction\",\"target\":[\"https:\/\/vieassociative.be\/actualites\/pourquoi-vous-ne-devriez-pas-vous-soucier-de-votre-sante-intestinale\/\"]}]},{\"@type\":\"ImageObject\",\"inLanguage\":\"fr-BE\",\"@id\":\"https:\/\/vieassociative.be\/actualites\/pourquoi-vous-ne-devriez-pas-vous-soucier-de-votre-sante-intestinale\/#primaryimage\",\"url\":\"https:\/\/vieassociative.be\/actualites\/wp-content\/uploads\/2025\/05\/Pourquoi-vous-ne-devriez-pas-vous-soucier-de-votre-sante.jpg\",\"contentUrl\":\"https:\/\/vieassociative.be\/actualites\/wp-content\/uploads\/2025\/05\/Pourquoi-vous-ne-devriez-pas-vous-soucier-de-votre-sante.jpg\",\"width\":1200,\"height\":675,\"caption\":\"Pourquoi vous ne devriez pas vous soucier de votre \u00absant\u00e9 intestinale\u00bb\"},{\"@type\":\"BreadcrumbList\",\"@id\":\"https:\/\/vieassociative.be\/actualites\/pourquoi-vous-ne-devriez-pas-vous-soucier-de-votre-sante-intestinale\/#breadcrumb\",\"itemListElement\":[{\"@type\":\"ListItem\",\"position\":1,\"name\":\"Accueil\",\"item\":\"https:\/\/vieassociative.be\/actualites\/\"},{\"@type\":\"ListItem\",\"position\":2,\"name\":\"Pourquoi vous ne devriez pas vous soucier de votre \u00absant\u00e9 intestinale\u00bb\"}]},{\"@type\":\"WebSite\",\"@id\":\"https:\/\/vieassociative.be\/actualites\/#website\",\"url\":\"https:\/\/vieassociative.be\/actualites\/\",\"name\":\"Vie Associative\",\"description\":\"\",\"publisher\":{\"@id\":\"https:\/\/vieassociative.be\/actualites\/#organization\"},\"potentialAction\":[{\"@type\":\"SearchAction\",\"target\":{\"@type\":\"EntryPoint\",\"urlTemplate\":\"https:\/\/vieassociative.be\/actualites\/?s={search_term_string}\"},\"query-input\":{\"@type\":\"PropertyValueSpecification\",\"valueRequired\":true,\"valueName\":\"search_term_string\"}}],\"inLanguage\":\"fr-BE\"},{\"@type\":\"Organization\",\"@id\":\"https:\/\/vieassociative.be\/actualites\/#organization\",\"name\":\"Vie Associative\",\"url\":\"https:\/\/vieassociative.be\/actualites\/\",\"logo\":{\"@type\":\"ImageObject\",\"inLanguage\":\"fr-BE\",\"@id\":\"https:\/\/vieassociative.be\/actualites\/#\/schema\/logo\/image\/\",\"url\":\"https:\/\/vieassociative.be\/actualites\/wp-content\/uploads\/2024\/09\/cropped-vieassociative_favicon.ico.png\",\"contentUrl\":\"https:\/\/vieassociative.be\/actualites\/wp-content\/uploads\/2024\/09\/cropped-vieassociative_favicon.ico.png\",\"width\":512,\"height\":512,\"caption\":\"Vie Associative\"},\"image\":{\"@id\":\"https:\/\/vieassociative.be\/actualites\/#\/schema\/logo\/image\/\"}},{\"@type\":\"Person\",\"@id\":\"https:\/\/vieassociative.be\/actualites\/#\/schema\/person\/b87ac4f82f9d4e7b7cec7395b679edc4\",\"name\":\"Julien\",\"image\":{\"@type\":\"ImageObject\",\"inLanguage\":\"fr-BE\",\"@id\":\"https:\/\/vieassociative.be\/actualites\/#\/schema\/person\/image\/\",\"url\":\"https:\/\/vieassociative.be\/actualites\/wp-content\/uploads\/2024\/09\/vie-associative-1-150x150.jpg\",\"contentUrl\":\"https:\/\/vieassociative.be\/actualites\/wp-content\/uploads\/2024\/09\/vie-associative-1-150x150.jpg\",\"caption\":\"Julien\"},\"description\":\"Je suis Julien, r\u00e9dacteur pour Vie Associative. Passionn\u00e9 par le monde associatif depuis plus de 10 ans, j'ai \u00e0 c\u0153ur de partager des histoires inspirantes et de mettre en lumi\u00e8re les initiatives locales. Mon objectif est de sensibiliser et d'encourager l'engagement communautaire \u00e0 travers mes articles.\",\"sameAs\":[\"https:\/\/vieassociative.be\/\"]}]}<\/script>\n<!-- \/ Yoast SEO plugin. -->","yoast_head_json":{"title":"Pourquoi vous ne devriez pas vous soucier de votre \u00absant\u00e9 intestinale\u00bb | Vie Associative","robots":{"index":"index","follow":"follow","max-snippet":"max-snippet:-1","max-image-preview":"max-image-preview:large","max-video-preview":"max-video-preview:-1"},"canonical":"https:\/\/vieassociative.be\/actualites\/pourquoi-vous-ne-devriez-pas-vous-soucier-de-votre-sante-intestinale\/","og_locale":"fr_FR","og_type":"article","og_title":"Pourquoi vous ne devriez pas vous soucier de votre \u00absant\u00e9 intestinale\u00bb | Vie Associative","og_description":"Slamming Probiotics ne va pas r\u00e9soudre tous vos probl\u00e8mes de sant\u00e9 et vous procurer un ventre plat. Votre syst\u00e8me digestif est une partie extr\u00eamement importante","og_url":"https:\/\/vieassociative.be\/actualites\/pourquoi-vous-ne-devriez-pas-vous-soucier-de-votre-sante-intestinale\/","og_site_name":"Vie Associative","article_published_time":"2025-05-10T13:17:57+00:00","og_image":[{"width":279,"height":92,"url":"https:\/\/vieassociative.be\/actualites\/wp-content\/uploads\/2024\/09\/header_backgroundk-01-e1726694325946.png","type":"image\/png"}],"author":"Julien","twitter_card":"summary_large_image","twitter_misc":{"\u00c9crit par":"Julien","Dur\u00e9e de lecture est.":"4 minutes"},"schema":{"@context":"https:\/\/schema.org","@graph":[{"@type":"Article","@id":"https:\/\/vieassociative.be\/actualites\/pourquoi-vous-ne-devriez-pas-vous-soucier-de-votre-sante-intestinale\/#article","isPartOf":{"@id":"https:\/\/vieassociative.be\/actualites\/pourquoi-vous-ne-devriez-pas-vous-soucier-de-votre-sante-intestinale\/"},"author":{"name":"Julien","@id":"https:\/\/vieassociative.be\/actualites\/#\/schema\/person\/b87ac4f82f9d4e7b7cec7395b679edc4"},"headline":"Pourquoi vous ne devriez pas vous soucier de votre \u00absant\u00e9 intestinale\u00bb","datePublished":"2025-05-10T13:17:57+00:00","dateModified":"2025-05-10T13:17:57+00:00","mainEntityOfPage":{"@id":"https:\/\/vieassociative.be\/actualites\/pourquoi-vous-ne-devriez-pas-vous-soucier-de-votre-sante-intestinale\/"},"wordCount":787,"publisher":{"@id":"https:\/\/vieassociative.be\/actualites\/#organization"},"image":{"@id":"https:\/\/vieassociative.be\/actualites\/pourquoi-vous-ne-devriez-pas-vous-soucier-de-votre-sante-intestinale\/#primaryimage"},"thumbnailUrl":"https:\/\/vieassociative.be\/actualites\/wp-content\/uploads\/2025\/05\/Pourquoi-vous-ne-devriez-pas-vous-soucier-de-votre-sante.jpg","keywords":["devriez","intestinale","pas","Pourquoi","sant\u00e9","soucier","votre","Vous"],"articleSection":["Sant\u00e9"],"inLanguage":"fr-BE"},{"@type":"WebPage","@id":"https:\/\/vieassociative.be\/actualites\/pourquoi-vous-ne-devriez-pas-vous-soucier-de-votre-sante-intestinale\/","url":"https:\/\/vieassociative.be\/actualites\/pourquoi-vous-ne-devriez-pas-vous-soucier-de-votre-sante-intestinale\/","name":"Pourquoi vous ne devriez pas vous soucier de votre \u00absant\u00e9 intestinale\u00bb | Vie Associative","isPartOf":{"@id":"https:\/\/vieassociative.be\/actualites\/#website"},"primaryImageOfPage":{"@id":"https:\/\/vieassociative.be\/actualites\/pourquoi-vous-ne-devriez-pas-vous-soucier-de-votre-sante-intestinale\/#primaryimage"},"image":{"@id":"https:\/\/vieassociative.be\/actualites\/pourquoi-vous-ne-devriez-pas-vous-soucier-de-votre-sante-intestinale\/#primaryimage"},"thumbnailUrl":"https:\/\/vieassociative.be\/actualites\/wp-content\/uploads\/2025\/05\/Pourquoi-vous-ne-devriez-pas-vous-soucier-de-votre-sante.jpg","datePublished":"2025-05-10T13:17:57+00:00","dateModified":"2025-05-10T13:17:57+00:00","breadcrumb":{"@id":"https:\/\/vieassociative.be\/actualites\/pourquoi-vous-ne-devriez-pas-vous-soucier-de-votre-sante-intestinale\/#breadcrumb"},"inLanguage":"fr-BE","potentialAction":[{"@type":"ReadAction","target":["https:\/\/vieassociative.be\/actualites\/pourquoi-vous-ne-devriez-pas-vous-soucier-de-votre-sante-intestinale\/"]}]},{"@type":"ImageObject","inLanguage":"fr-BE","@id":"https:\/\/vieassociative.be\/actualites\/pourquoi-vous-ne-devriez-pas-vous-soucier-de-votre-sante-intestinale\/#primaryimage","url":"https:\/\/vieassociative.be\/actualites\/wp-content\/uploads\/2025\/05\/Pourquoi-vous-ne-devriez-pas-vous-soucier-de-votre-sante.jpg","contentUrl":"https:\/\/vieassociative.be\/actualites\/wp-content\/uploads\/2025\/05\/Pourquoi-vous-ne-devriez-pas-vous-soucier-de-votre-sante.jpg","width":1200,"height":675,"caption":"Pourquoi vous ne devriez pas vous soucier de votre \u00absant\u00e9 intestinale\u00bb"},{"@type":"BreadcrumbList","@id":"https:\/\/vieassociative.be\/actualites\/pourquoi-vous-ne-devriez-pas-vous-soucier-de-votre-sante-intestinale\/#breadcrumb","itemListElement":[{"@type":"ListItem","position":1,"name":"Accueil","item":"https:\/\/vieassociative.be\/actualites\/"},{"@type":"ListItem","position":2,"name":"Pourquoi vous ne devriez pas vous soucier de votre \u00absant\u00e9 intestinale\u00bb"}]},{"@type":"WebSite","@id":"https:\/\/vieassociative.be\/actualites\/#website","url":"https:\/\/vieassociative.be\/actualites\/","name":"Vie Associative","description":"","publisher":{"@id":"https:\/\/vieassociative.be\/actualites\/#organization"},"potentialAction":[{"@type":"SearchAction","target":{"@type":"EntryPoint","urlTemplate":"https:\/\/vieassociative.be\/actualites\/?s={search_term_string}"},"query-input":{"@type":"PropertyValueSpecification","valueRequired":true,"valueName":"search_term_string"}}],"inLanguage":"fr-BE"},{"@type":"Organization","@id":"https:\/\/vieassociative.be\/actualites\/#organization","name":"Vie Associative","url":"https:\/\/vieassociative.be\/actualites\/","logo":{"@type":"ImageObject","inLanguage":"fr-BE","@id":"https:\/\/vieassociative.be\/actualites\/#\/schema\/logo\/image\/","url":"https:\/\/vieassociative.be\/actualites\/wp-content\/uploads\/2024\/09\/cropped-vieassociative_favicon.ico.png","contentUrl":"https:\/\/vieassociative.be\/actualites\/wp-content\/uploads\/2024\/09\/cropped-vieassociative_favicon.ico.png","width":512,"height":512,"caption":"Vie Associative"},"image":{"@id":"https:\/\/vieassociative.be\/actualites\/#\/schema\/logo\/image\/"}},{"@type":"Person","@id":"https:\/\/vieassociative.be\/actualites\/#\/schema\/person\/b87ac4f82f9d4e7b7cec7395b679edc4","name":"Julien","image":{"@type":"ImageObject","inLanguage":"fr-BE","@id":"https:\/\/vieassociative.be\/actualites\/#\/schema\/person\/image\/","url":"https:\/\/vieassociative.be\/actualites\/wp-content\/uploads\/2024\/09\/vie-associative-1-150x150.jpg","contentUrl":"https:\/\/vieassociative.be\/actualites\/wp-content\/uploads\/2024\/09\/vie-associative-1-150x150.jpg","caption":"Julien"},"description":"Je suis Julien, r\u00e9dacteur pour Vie Associative. Passionn\u00e9 par le monde associatif depuis plus de 10 ans, j'ai \u00e0 c\u0153ur de partager des histoires inspirantes et de mettre en lumi\u00e8re les initiatives locales. Mon objectif est de sensibiliser et d'encourager l'engagement communautaire \u00e0 travers mes articles.","sameAs":["https:\/\/vieassociative.be\/"]}]}},"_links":{"self":[{"href":"https:\/\/vieassociative.be\/actualites\/wp-json\/wp\/v2\/posts\/7451"}],"collection":[{"href":"https:\/\/vieassociative.be\/actualites\/wp-json\/wp\/v2\/posts"}],"about":[{"href":"https:\/\/vieassociative.be\/actualites\/wp-json\/wp\/v2\/types\/post"}],"author":[{"embeddable":true,"href":"https:\/\/vieassociative.be\/actualites\/wp-json\/wp\/v2\/users\/1"}],"replies":[{"embeddable":true,"href":"https:\/\/vieassociative.be\/actualites\/wp-json\/wp\/v2\/comments?post=7451"}],"version-history":[{"count":0,"href":"https:\/\/vieassociative.be\/actualites\/wp-json\/wp\/v2\/posts\/7451\/revisions"}],"wp:featuredmedia":[{"embeddable":true,"href":"https:\/\/vieassociative.be\/actualites\/wp-json\/wp\/v2\/media\/7452"}],"wp:attachment":[{"href":"https:\/\/vieassociative.be\/actualites\/wp-json\/wp\/v2\/media?parent=7451"}],"wp:term":[{"taxonomy":"category","embeddable":true,"href":"https:\/\/vieassociative.be\/actualites\/wp-json\/wp\/v2\/categories?post=7451"},{"taxonomy":"post_tag","embeddable":true,"href":"https:\/\/vieassociative.be\/actualites\/wp-json\/wp\/v2\/tags?post=7451"}],"curies":[{"name":"wp","href":"https:\/\/api.w.org\/{rel}","templated":true}]}}