{"id":7430,"date":"2025-05-09T22:17:31","date_gmt":"2025-05-09T20:17:31","guid":{"rendered":"https:\/\/vieassociative.be\/actualites\/un-saint-pere-pour-le-peuple-freddy-des-elections-aux-elections-de-robert-francis-prevos-par-le-pape-leo-xiv\/"},"modified":"2025-05-09T22:17:31","modified_gmt":"2025-05-09T20:17:31","slug":"un-saint-pere-pour-le-peuple-freddy-des-elections-aux-elections-de-robert-francis-prevos-par-le-pape-leo-xiv","status":"publish","type":"post","link":"https:\/\/vieassociative.be\/actualites\/un-saint-pere-pour-le-peuple-freddy-des-elections-aux-elections-de-robert-francis-prevos-par-le-pape-leo-xiv\/","title":{"rendered":"\u00ab\u00a0Un Saint-P\u00e8re pour le peuple\u00a0\u00bb: Freddy des \u00e9lections aux \u00e9lections de Robert Francis pr\u00e9vos par le pape Leo XIV."},"content":{"rendered":"<p><strong>Pour la premi\u00e8re fois depuis ses \u00e9lections, Robert Francis Prevost a dirig\u00e9 un grand salon en tant que nouveau pape Leo XIV. Le natif am\u00e9ricain avait \u00e9t\u00e9 \u00e9lu successeur de Francis la veille. Plus de 100 000 personnes l&rsquo;ont applaudi sur la place Saint-Pierre.<\/strong><\/p>\n<p><span id=\"more-415171\"><\/span><i>Dans l&rsquo;article suivant, le journaliste et \u00e9crivain Freddy des \u00e9lections fournit ses impressions pour l&rsquo;\u00e9lection du pape Leo XIV.<\/i><\/p>\n<p>Les experts de l&rsquo;\u00e9glise journalistique ou m\u00eame les \u00e9v\u00eaques, qui rapportent aujourd&rsquo;hui qu&rsquo;ils ont eu le nouveau pape am\u00e9ricain \u00ab\u00a0sur leur parapluie\u00a0\u00bb, r\u00e9side dans leur poche. Le murmure d&rsquo;une surprise totale a tir\u00e9 des cercles mondiaux.<\/p>\n<div id=\"attachment_415194\" class=\"wp-caption alignleft\" style=\"max-width: 300px\"><img fetchpriority=\"high\" decoding=\"async\" class=\"wp-image-415194 size-medium\" src=\"https:\/\/vieassociative.be\/actualites\/wp-content\/uploads\/2025\/05\/Un-Saint-Pere-pour-le-peuple-Freddy-des-elections-aux-elections.jpg\" alt=\"\" width=\"300\" height=\"200\"><\/p>\n<p class=\"wp-caption-text\">09.05.2025, Vatican, Vatican City: Le pape nouvellement \u00e9lu Leo XIV (M, L) concette la foire avec le Cardinal College de la chapelle Sixtine au Vatican le lendemain de son choix. Photo: M\u00e9dia non cr\u00e9dit\u00e9 \/ Vatican \/ AP \/ DPA<\/p>\n<\/div>\n<p>Le slogan des favoris, Hollerich et Zupi avaient apparemment rat\u00e9 la majorit\u00e9 des deux tiers n\u00e9cessaires. La d\u00e9cision a \u00e9t\u00e9 prise plus vite. Puis tout \u00e9tait nouveau: le pape, son nom Leo et ses premiers mots: une salutation de la paix.<\/p>\n<p>Les applaudissements des cent mille sur la place Saint-Pierre \u00e9taient fr\u00e9n\u00e9tiques, il venait de Deep Soul. Les gens ont souvent le meilleur nez que les scientifiques, les dignitaires, tr\u00e8s instruits et les enseignants de l&rsquo;opinion publique.<\/p>\n<p>Mais je dois admettre que vous m&rsquo;attendiez \u00e0 d&rsquo;autres cardinaux. Je ne connaissais m\u00eame pas l&rsquo;Am\u00e9ricain de 69 ans. N\u00e9anmoins, sans timidit\u00e9, ma sensation: qu&rsquo;est-ce que le Saint-Esprit a chuchot\u00e9 dans les 133 cardinaux dans la congr\u00e9gation strictement secr\u00e8te?<\/p>\n<p>\u00ab\u00a0Extra Omnes\u00a0\u00bb (tout out), il s&rsquo;appelait 24 heures avant le premier bulletin de vote. Nous avons tous \u00abjet\u00e9\u00bb peut maintenant supposer qu&rsquo;il y a d\u00e9j\u00e0 eu un accord silencieux sur le successeur du pape Fran\u00e7ois.<\/p>\n<p>Un fort groupe de partisans aura d\u00e9j\u00e0 exist\u00e9, qui a rapidement rejoint la majorit\u00e9. Aucun pr\u00e9f\u00e9r\u00e9 attendu par les m\u00e9dias des ailes de droite bruyantes ou de gauche, mais un homme modeste en arri\u00e8re-plan.<\/p>\n<div id=\"attachment_414022\" class=\"wp-caption alignleft\" style=\"max-width: 300px\"><img decoding=\"async\" class=\"wp-image-414022 size-medium\" src=\"https:\/\/vieassociative.be\/actualites\/wp-content\/uploads\/2025\/05\/1746821851_565_Un-Saint-Pere-pour-le-peuple-Freddy-des-elections-aux-elections.jpg\" alt=\"\" width=\"300\" height=\"283\"  ><\/p>\n<p class=\"wp-caption-text\">\u00c9lection de Freddy Der (R) avec le pape Benedikt 2008 \u00e0 Rome. Photo: priv\u00e9<\/p>\n<\/div>\n<p>Son sourire disait plus que le rituel du ma\u00eetre des c\u00e9r\u00e9monies: un grand ami, en m\u00eame temps pauvre pastoral dans le P\u00e9rou oubli\u00e9, \u00e9v\u00eaque dans une m\u00e9tropole technologique et ami confidentiel de l&rsquo;inoubliable Pape Fran\u00e7ois dans la hi\u00e9rarchie catholique. Avec les mains r\u00e9pandues, il souhaitait \u00ab\u00a0urbi et orbi\u00a0\u00bb la paix pour le monde entier, lire un texte testamentaire de son pr\u00e9d\u00e9cesseur et ferm\u00e9 avec une \u00ab\u00a0Ave Maria\u00a0\u00bb.<\/p>\n<p>Cela seul est un programme. Il t\u00e9moigne de la comp\u00e9tence d&rsquo;un pragmatiste qui a \u00e9tudi\u00e9 les disciplines telles que les math\u00e9matiques et le droit canonique avec une objectivit\u00e9 sobre et ne veut en m\u00eame temps pas \u00eatre une \u00ab\u00a0superstar\u00a0\u00bb pr\u00e9tentieuse. Sous cette forme, il commence un pontificat d&rsquo;espoir dans un guide de guerre brutal et des mat\u00e9rialistes pour Dieu dans un guide de guerre brutal et des mat\u00e9rialistes de Dieu. Sa premi\u00e8re apparition montre que cet homme m\u00e9rite la confiance.<\/p>\n<p>Le fait qu&rsquo;il vient de l&rsquo;Ordre d&rsquo;Augustiner est plus fortuite que le hasard dans cette histoire passionnante. De l&rsquo;\u00e9glise, le p\u00e8re Augustin de l&rsquo;hippopotame nord-africain se trouvent les mots encore profonds et visibles: \u00ab\u00a0Vous nous avez cr\u00e9\u00e9s vers vous, \u00f4 Seigneur, et notre c\u0153ur est agit\u00e9 jusqu&rsquo;\u00e0 ce qu&rsquo;il trouve la paix en vous.\u00a0\u00bb <strong>Freddy des \u00e9lections<\/strong><\/p>\n<p><em><strong>Sur le sujet, voir \u00e9galement l&rsquo;article suivant sur OD:<\/strong><\/em><\/p>\n<div class=\"responsive-embed widescreen\">\n<blockquote class=\"wp-embedded-content\" data-secret=\"DM6j6XvYGH\">\n<p>Le nouveau pape Leo XIV c\u00e9l\u00e8bre son premier salon<\/p>\n<\/blockquote>\n<p><iframe loading=\"lazy\" class=\"wp-embedded-content\" sandbox=\"allow-scripts\" security=\"restricted\" style=\"position: absolute; visibility: hidden;\" title=\"\u201eNeuer Papst Leo XIV. feiert seine erste Messe\u201c \u2014 Ostbelgien Direkt\" src=\"https:\/\/ostbelgiendirekt.be\/about:blank\" data-secret=\"DM6j6XvYGH\" width=\"500\" height=\"282\" frameborder=\"0\" marginwidth=\"0\" marginheight=\"0\" scrolling=\"no\" data-rocket-lazyload=\"fitvidscompatible\" data-lazy-src=\"https:\/\/ostbelgiendirekt.be\/papstwahl-kann-beginnen-414710\/embed#?secret=t9pUJQ24Lb#?secret=DM6j6XvYGH\"><\/iframe><noscript><iframe class=\"wp-embedded-content\" sandbox=\"allow-scripts\" security=\"restricted\" style=\"position: absolute; visibility: hidden;\" title=\"\u201eNeuer Papst Leo XIV. feiert seine erste Messe\u201c \u2014 Ostbelgien Direkt\" src=\"https:\/\/ostbelgiendirekt.be\/papstwahl-kann-beginnen-414710\/embed#?secret=t9pUJQ24Lb#?secret=DM6j6XvYGH\" data-secret=\"DM6j6XvYGH\" width=\"500\" height=\"282\" frameborder=\"0\" marginwidth=\"0\" marginheight=\"0\" scrolling=\"no\"><\/iframe><\/noscript><\/p>\n<\/div>\n","protected":false},"excerpt":{"rendered":"<p>Pour la premi\u00e8re fois depuis ses \u00e9lections, Robert Francis Prevost a dirig\u00e9 un grand salon en tant que nouveau pape Leo XIV. Le natif am\u00e9ricain<\/p>\n","protected":false},"author":1,"featured_media":7431,"comment_status":"","ping_status":"","sticky":false,"template":"","format":"standard","meta":{"footnotes":""},"categories":[298],"tags":[289,29,2569,5989,4912,6902,4201,676,6900,81,6901,4856,6899,6903],"class_list":["post-7430","post","type-post","status-publish","format-standard","has-post-thumbnail","hentry","category-belgique","tag-aux","tag-des","tag-elections","tag-francis","tag-freddy","tag-leo","tag-pape","tag-par","tag-peuple","tag-pour","tag-prevos","tag-robert","tag-saintpere","tag-xiv","generate-columns","tablet-grid-50","mobile-grid-100","grid-parent","grid-33"],"yoast_head":"<!-- This site is optimized with the Yoast SEO plugin v24.0 - https:\/\/yoast.com\/wordpress\/plugins\/seo\/ -->\n<title>&quot;Un Saint-P\u00e8re pour le peuple&quot;: Freddy des \u00e9lections aux \u00e9lections de Robert Francis pr\u00e9vos par le pape Leo XIV. | Vie Associative<\/title>\n<meta name=\"robots\" content=\"index, follow, max-snippet:-1, max-image-preview:large, max-video-preview:-1\" \/>\n<link rel=\"canonical\" href=\"https:\/\/vieassociative.be\/actualites\/un-saint-pere-pour-le-peuple-freddy-des-elections-aux-elections-de-robert-francis-prevos-par-le-pape-leo-xiv\/\" \/>\n<meta property=\"og:locale\" content=\"fr_FR\" \/>\n<meta property=\"og:type\" content=\"article\" \/>\n<meta property=\"og:title\" content=\"&quot;Un Saint-P\u00e8re pour le peuple&quot;: Freddy des \u00e9lections aux \u00e9lections de Robert Francis pr\u00e9vos par le pape Leo XIV. | Vie Associative\" \/>\n<meta property=\"og:description\" content=\"Pour la premi\u00e8re fois depuis ses \u00e9lections, Robert Francis Prevost a dirig\u00e9 un grand salon en tant que nouveau pape Leo XIV. Le natif am\u00e9ricain\" \/>\n<meta property=\"og:url\" content=\"https:\/\/vieassociative.be\/actualites\/un-saint-pere-pour-le-peuple-freddy-des-elections-aux-elections-de-robert-francis-prevos-par-le-pape-leo-xiv\/\" \/>\n<meta property=\"og:site_name\" content=\"Vie Associative\" \/>\n<meta property=\"article:published_time\" content=\"2025-05-09T20:17:31+00:00\" \/>\n<meta property=\"og:image\" content=\"https:\/\/vieassociative.be\/actualites\/wp-content\/uploads\/2024\/09\/header_backgroundk-01-e1726694325946.png\" \/>\n\t<meta property=\"og:image:width\" content=\"279\" \/>\n\t<meta property=\"og:image:height\" content=\"92\" \/>\n\t<meta property=\"og:image:type\" content=\"image\/png\" \/>\n<meta name=\"author\" content=\"Julien\" \/>\n<meta name=\"twitter:card\" content=\"summary_large_image\" \/>\n<meta name=\"twitter:label1\" content=\"\u00c9crit par\" \/>\n\t<meta name=\"twitter:data1\" content=\"Julien\" \/>\n\t<meta name=\"twitter:label2\" content=\"Dur\u00e9e de lecture est.\" \/>\n\t<meta name=\"twitter:data2\" content=\"3 minutes\" \/>\n<script type=\"application\/ld+json\" class=\"yoast-schema-graph\">{\"@context\":\"https:\/\/schema.org\",\"@graph\":[{\"@type\":\"Article\",\"@id\":\"https:\/\/vieassociative.be\/actualites\/un-saint-pere-pour-le-peuple-freddy-des-elections-aux-elections-de-robert-francis-prevos-par-le-pape-leo-xiv\/#article\",\"isPartOf\":{\"@id\":\"https:\/\/vieassociative.be\/actualites\/un-saint-pere-pour-le-peuple-freddy-des-elections-aux-elections-de-robert-francis-prevos-par-le-pape-leo-xiv\/\"},\"author\":{\"name\":\"Julien\",\"@id\":\"https:\/\/vieassociative.be\/actualites\/#\/schema\/person\/b87ac4f82f9d4e7b7cec7395b679edc4\"},\"headline\":\"\u00ab\u00a0Un Saint-P\u00e8re pour le peuple\u00a0\u00bb: Freddy des \u00e9lections aux \u00e9lections de Robert Francis pr\u00e9vos par le pape Leo XIV.\",\"datePublished\":\"2025-05-09T20:17:31+00:00\",\"dateModified\":\"2025-05-09T20:17:31+00:00\",\"mainEntityOfPage\":{\"@id\":\"https:\/\/vieassociative.be\/actualites\/un-saint-pere-pour-le-peuple-freddy-des-elections-aux-elections-de-robert-francis-prevos-par-le-pape-leo-xiv\/\"},\"wordCount\":643,\"publisher\":{\"@id\":\"https:\/\/vieassociative.be\/actualites\/#organization\"},\"image\":{\"@id\":\"https:\/\/vieassociative.be\/actualites\/un-saint-pere-pour-le-peuple-freddy-des-elections-aux-elections-de-robert-francis-prevos-par-le-pape-leo-xiv\/#primaryimage\"},\"thumbnailUrl\":\"https:\/\/vieassociative.be\/actualites\/wp-content\/uploads\/2025\/05\/1746821852_Un-Saint-Pere-pour-le-peuple-Freddy-des-elections-aux-elections.jpg\",\"keywords\":[\"aux\",\"Des\",\"\u00e9lections\",\"Francis\",\"Freddy\",\"Leo\",\"pape\",\"par\",\"peuple\",\"pour\",\"pr\u00e9vos\",\"Robert\",\"SaintP\u00e8re\",\"XIV\"],\"articleSection\":[\"Belgique\"],\"inLanguage\":\"fr-BE\"},{\"@type\":\"WebPage\",\"@id\":\"https:\/\/vieassociative.be\/actualites\/un-saint-pere-pour-le-peuple-freddy-des-elections-aux-elections-de-robert-francis-prevos-par-le-pape-leo-xiv\/\",\"url\":\"https:\/\/vieassociative.be\/actualites\/un-saint-pere-pour-le-peuple-freddy-des-elections-aux-elections-de-robert-francis-prevos-par-le-pape-leo-xiv\/\",\"name\":\"\\\"Un Saint-P\u00e8re pour le peuple\\\": Freddy des \u00e9lections aux \u00e9lections de Robert Francis pr\u00e9vos par le pape Leo XIV. | Vie Associative\",\"isPartOf\":{\"@id\":\"https:\/\/vieassociative.be\/actualites\/#website\"},\"primaryImageOfPage\":{\"@id\":\"https:\/\/vieassociative.be\/actualites\/un-saint-pere-pour-le-peuple-freddy-des-elections-aux-elections-de-robert-francis-prevos-par-le-pape-leo-xiv\/#primaryimage\"},\"image\":{\"@id\":\"https:\/\/vieassociative.be\/actualites\/un-saint-pere-pour-le-peuple-freddy-des-elections-aux-elections-de-robert-francis-prevos-par-le-pape-leo-xiv\/#primaryimage\"},\"thumbnailUrl\":\"https:\/\/vieassociative.be\/actualites\/wp-content\/uploads\/2025\/05\/1746821852_Un-Saint-Pere-pour-le-peuple-Freddy-des-elections-aux-elections.jpg\",\"datePublished\":\"2025-05-09T20:17:31+00:00\",\"dateModified\":\"2025-05-09T20:17:31+00:00\",\"breadcrumb\":{\"@id\":\"https:\/\/vieassociative.be\/actualites\/un-saint-pere-pour-le-peuple-freddy-des-elections-aux-elections-de-robert-francis-prevos-par-le-pape-leo-xiv\/#breadcrumb\"},\"inLanguage\":\"fr-BE\",\"potentialAction\":[{\"@type\":\"ReadAction\",\"target\":[\"https:\/\/vieassociative.be\/actualites\/un-saint-pere-pour-le-peuple-freddy-des-elections-aux-elections-de-robert-francis-prevos-par-le-pape-leo-xiv\/\"]}]},{\"@type\":\"ImageObject\",\"inLanguage\":\"fr-BE\",\"@id\":\"https:\/\/vieassociative.be\/actualites\/un-saint-pere-pour-le-peuple-freddy-des-elections-aux-elections-de-robert-francis-prevos-par-le-pape-leo-xiv\/#primaryimage\",\"url\":\"https:\/\/vieassociative.be\/actualites\/wp-content\/uploads\/2025\/05\/1746821852_Un-Saint-Pere-pour-le-peuple-Freddy-des-elections-aux-elections.jpg\",\"contentUrl\":\"https:\/\/vieassociative.be\/actualites\/wp-content\/uploads\/2025\/05\/1746821852_Un-Saint-Pere-pour-le-peuple-Freddy-des-elections-aux-elections.jpg\",\"width\":1200,\"height\":800,\"caption\":\"\\\"Un Saint-P\u00e8re pour le peuple\\\": Freddy des \u00e9lections aux \u00e9lections de Robert Francis pr\u00e9vos par le pape Leo XIV.\"},{\"@type\":\"BreadcrumbList\",\"@id\":\"https:\/\/vieassociative.be\/actualites\/un-saint-pere-pour-le-peuple-freddy-des-elections-aux-elections-de-robert-francis-prevos-par-le-pape-leo-xiv\/#breadcrumb\",\"itemListElement\":[{\"@type\":\"ListItem\",\"position\":1,\"name\":\"Accueil\",\"item\":\"https:\/\/vieassociative.be\/actualites\/\"},{\"@type\":\"ListItem\",\"position\":2,\"name\":\"\u00ab\u00a0Un Saint-P\u00e8re pour le peuple\u00a0\u00bb: Freddy des \u00e9lections aux \u00e9lections de Robert Francis pr\u00e9vos par le pape Leo XIV.\"}]},{\"@type\":\"WebSite\",\"@id\":\"https:\/\/vieassociative.be\/actualites\/#website\",\"url\":\"https:\/\/vieassociative.be\/actualites\/\",\"name\":\"Vie Associative\",\"description\":\"\",\"publisher\":{\"@id\":\"https:\/\/vieassociative.be\/actualites\/#organization\"},\"potentialAction\":[{\"@type\":\"SearchAction\",\"target\":{\"@type\":\"EntryPoint\",\"urlTemplate\":\"https:\/\/vieassociative.be\/actualites\/?s={search_term_string}\"},\"query-input\":{\"@type\":\"PropertyValueSpecification\",\"valueRequired\":true,\"valueName\":\"search_term_string\"}}],\"inLanguage\":\"fr-BE\"},{\"@type\":\"Organization\",\"@id\":\"https:\/\/vieassociative.be\/actualites\/#organization\",\"name\":\"Vie Associative\",\"url\":\"https:\/\/vieassociative.be\/actualites\/\",\"logo\":{\"@type\":\"ImageObject\",\"inLanguage\":\"fr-BE\",\"@id\":\"https:\/\/vieassociative.be\/actualites\/#\/schema\/logo\/image\/\",\"url\":\"https:\/\/vieassociative.be\/actualites\/wp-content\/uploads\/2024\/09\/cropped-vieassociative_favicon.ico.png\",\"contentUrl\":\"https:\/\/vieassociative.be\/actualites\/wp-content\/uploads\/2024\/09\/cropped-vieassociative_favicon.ico.png\",\"width\":512,\"height\":512,\"caption\":\"Vie Associative\"},\"image\":{\"@id\":\"https:\/\/vieassociative.be\/actualites\/#\/schema\/logo\/image\/\"}},{\"@type\":\"Person\",\"@id\":\"https:\/\/vieassociative.be\/actualites\/#\/schema\/person\/b87ac4f82f9d4e7b7cec7395b679edc4\",\"name\":\"Julien\",\"image\":{\"@type\":\"ImageObject\",\"inLanguage\":\"fr-BE\",\"@id\":\"https:\/\/vieassociative.be\/actualites\/#\/schema\/person\/image\/\",\"url\":\"https:\/\/vieassociative.be\/actualites\/wp-content\/uploads\/2024\/09\/vie-associative-1-150x150.jpg\",\"contentUrl\":\"https:\/\/vieassociative.be\/actualites\/wp-content\/uploads\/2024\/09\/vie-associative-1-150x150.jpg\",\"caption\":\"Julien\"},\"description\":\"Je suis Julien, r\u00e9dacteur pour Vie Associative. Passionn\u00e9 par le monde associatif depuis plus de 10 ans, j'ai \u00e0 c\u0153ur de partager des histoires inspirantes et de mettre en lumi\u00e8re les initiatives locales. Mon objectif est de sensibiliser et d'encourager l'engagement communautaire \u00e0 travers mes articles.\",\"sameAs\":[\"https:\/\/vieassociative.be\/\"]}]}<\/script>\n<!-- \/ Yoast SEO plugin. -->","yoast_head_json":{"title":"\"Un Saint-P\u00e8re pour le peuple\": Freddy des \u00e9lections aux \u00e9lections de Robert Francis pr\u00e9vos par le pape Leo XIV. | Vie Associative","robots":{"index":"index","follow":"follow","max-snippet":"max-snippet:-1","max-image-preview":"max-image-preview:large","max-video-preview":"max-video-preview:-1"},"canonical":"https:\/\/vieassociative.be\/actualites\/un-saint-pere-pour-le-peuple-freddy-des-elections-aux-elections-de-robert-francis-prevos-par-le-pape-leo-xiv\/","og_locale":"fr_FR","og_type":"article","og_title":"\"Un Saint-P\u00e8re pour le peuple\": Freddy des \u00e9lections aux \u00e9lections de Robert Francis pr\u00e9vos par le pape Leo XIV. | Vie Associative","og_description":"Pour la premi\u00e8re fois depuis ses \u00e9lections, Robert Francis Prevost a dirig\u00e9 un grand salon en tant que nouveau pape Leo XIV. Le natif am\u00e9ricain","og_url":"https:\/\/vieassociative.be\/actualites\/un-saint-pere-pour-le-peuple-freddy-des-elections-aux-elections-de-robert-francis-prevos-par-le-pape-leo-xiv\/","og_site_name":"Vie Associative","article_published_time":"2025-05-09T20:17:31+00:00","og_image":[{"width":279,"height":92,"url":"https:\/\/vieassociative.be\/actualites\/wp-content\/uploads\/2024\/09\/header_backgroundk-01-e1726694325946.png","type":"image\/png"}],"author":"Julien","twitter_card":"summary_large_image","twitter_misc":{"\u00c9crit par":"Julien","Dur\u00e9e de lecture est.":"3 minutes"},"schema":{"@context":"https:\/\/schema.org","@graph":[{"@type":"Article","@id":"https:\/\/vieassociative.be\/actualites\/un-saint-pere-pour-le-peuple-freddy-des-elections-aux-elections-de-robert-francis-prevos-par-le-pape-leo-xiv\/#article","isPartOf":{"@id":"https:\/\/vieassociative.be\/actualites\/un-saint-pere-pour-le-peuple-freddy-des-elections-aux-elections-de-robert-francis-prevos-par-le-pape-leo-xiv\/"},"author":{"name":"Julien","@id":"https:\/\/vieassociative.be\/actualites\/#\/schema\/person\/b87ac4f82f9d4e7b7cec7395b679edc4"},"headline":"\u00ab\u00a0Un Saint-P\u00e8re pour le peuple\u00a0\u00bb: Freddy des \u00e9lections aux \u00e9lections de Robert Francis pr\u00e9vos par le pape Leo XIV.","datePublished":"2025-05-09T20:17:31+00:00","dateModified":"2025-05-09T20:17:31+00:00","mainEntityOfPage":{"@id":"https:\/\/vieassociative.be\/actualites\/un-saint-pere-pour-le-peuple-freddy-des-elections-aux-elections-de-robert-francis-prevos-par-le-pape-leo-xiv\/"},"wordCount":643,"publisher":{"@id":"https:\/\/vieassociative.be\/actualites\/#organization"},"image":{"@id":"https:\/\/vieassociative.be\/actualites\/un-saint-pere-pour-le-peuple-freddy-des-elections-aux-elections-de-robert-francis-prevos-par-le-pape-leo-xiv\/#primaryimage"},"thumbnailUrl":"https:\/\/vieassociative.be\/actualites\/wp-content\/uploads\/2025\/05\/1746821852_Un-Saint-Pere-pour-le-peuple-Freddy-des-elections-aux-elections.jpg","keywords":["aux","Des","\u00e9lections","Francis","Freddy","Leo","pape","par","peuple","pour","pr\u00e9vos","Robert","SaintP\u00e8re","XIV"],"articleSection":["Belgique"],"inLanguage":"fr-BE"},{"@type":"WebPage","@id":"https:\/\/vieassociative.be\/actualites\/un-saint-pere-pour-le-peuple-freddy-des-elections-aux-elections-de-robert-francis-prevos-par-le-pape-leo-xiv\/","url":"https:\/\/vieassociative.be\/actualites\/un-saint-pere-pour-le-peuple-freddy-des-elections-aux-elections-de-robert-francis-prevos-par-le-pape-leo-xiv\/","name":"\"Un Saint-P\u00e8re pour le peuple\": Freddy des \u00e9lections aux \u00e9lections de Robert Francis pr\u00e9vos par le pape Leo XIV. | Vie Associative","isPartOf":{"@id":"https:\/\/vieassociative.be\/actualites\/#website"},"primaryImageOfPage":{"@id":"https:\/\/vieassociative.be\/actualites\/un-saint-pere-pour-le-peuple-freddy-des-elections-aux-elections-de-robert-francis-prevos-par-le-pape-leo-xiv\/#primaryimage"},"image":{"@id":"https:\/\/vieassociative.be\/actualites\/un-saint-pere-pour-le-peuple-freddy-des-elections-aux-elections-de-robert-francis-prevos-par-le-pape-leo-xiv\/#primaryimage"},"thumbnailUrl":"https:\/\/vieassociative.be\/actualites\/wp-content\/uploads\/2025\/05\/1746821852_Un-Saint-Pere-pour-le-peuple-Freddy-des-elections-aux-elections.jpg","datePublished":"2025-05-09T20:17:31+00:00","dateModified":"2025-05-09T20:17:31+00:00","breadcrumb":{"@id":"https:\/\/vieassociative.be\/actualites\/un-saint-pere-pour-le-peuple-freddy-des-elections-aux-elections-de-robert-francis-prevos-par-le-pape-leo-xiv\/#breadcrumb"},"inLanguage":"fr-BE","potentialAction":[{"@type":"ReadAction","target":["https:\/\/vieassociative.be\/actualites\/un-saint-pere-pour-le-peuple-freddy-des-elections-aux-elections-de-robert-francis-prevos-par-le-pape-leo-xiv\/"]}]},{"@type":"ImageObject","inLanguage":"fr-BE","@id":"https:\/\/vieassociative.be\/actualites\/un-saint-pere-pour-le-peuple-freddy-des-elections-aux-elections-de-robert-francis-prevos-par-le-pape-leo-xiv\/#primaryimage","url":"https:\/\/vieassociative.be\/actualites\/wp-content\/uploads\/2025\/05\/1746821852_Un-Saint-Pere-pour-le-peuple-Freddy-des-elections-aux-elections.jpg","contentUrl":"https:\/\/vieassociative.be\/actualites\/wp-content\/uploads\/2025\/05\/1746821852_Un-Saint-Pere-pour-le-peuple-Freddy-des-elections-aux-elections.jpg","width":1200,"height":800,"caption":"\"Un Saint-P\u00e8re pour le peuple\": Freddy des \u00e9lections aux \u00e9lections de Robert Francis pr\u00e9vos par le pape Leo XIV."},{"@type":"BreadcrumbList","@id":"https:\/\/vieassociative.be\/actualites\/un-saint-pere-pour-le-peuple-freddy-des-elections-aux-elections-de-robert-francis-prevos-par-le-pape-leo-xiv\/#breadcrumb","itemListElement":[{"@type":"ListItem","position":1,"name":"Accueil","item":"https:\/\/vieassociative.be\/actualites\/"},{"@type":"ListItem","position":2,"name":"\u00ab\u00a0Un Saint-P\u00e8re pour le peuple\u00a0\u00bb: Freddy des \u00e9lections aux \u00e9lections de Robert Francis pr\u00e9vos par le pape Leo XIV."}]},{"@type":"WebSite","@id":"https:\/\/vieassociative.be\/actualites\/#website","url":"https:\/\/vieassociative.be\/actualites\/","name":"Vie Associative","description":"","publisher":{"@id":"https:\/\/vieassociative.be\/actualites\/#organization"},"potentialAction":[{"@type":"SearchAction","target":{"@type":"EntryPoint","urlTemplate":"https:\/\/vieassociative.be\/actualites\/?s={search_term_string}"},"query-input":{"@type":"PropertyValueSpecification","valueRequired":true,"valueName":"search_term_string"}}],"inLanguage":"fr-BE"},{"@type":"Organization","@id":"https:\/\/vieassociative.be\/actualites\/#organization","name":"Vie Associative","url":"https:\/\/vieassociative.be\/actualites\/","logo":{"@type":"ImageObject","inLanguage":"fr-BE","@id":"https:\/\/vieassociative.be\/actualites\/#\/schema\/logo\/image\/","url":"https:\/\/vieassociative.be\/actualites\/wp-content\/uploads\/2024\/09\/cropped-vieassociative_favicon.ico.png","contentUrl":"https:\/\/vieassociative.be\/actualites\/wp-content\/uploads\/2024\/09\/cropped-vieassociative_favicon.ico.png","width":512,"height":512,"caption":"Vie Associative"},"image":{"@id":"https:\/\/vieassociative.be\/actualites\/#\/schema\/logo\/image\/"}},{"@type":"Person","@id":"https:\/\/vieassociative.be\/actualites\/#\/schema\/person\/b87ac4f82f9d4e7b7cec7395b679edc4","name":"Julien","image":{"@type":"ImageObject","inLanguage":"fr-BE","@id":"https:\/\/vieassociative.be\/actualites\/#\/schema\/person\/image\/","url":"https:\/\/vieassociative.be\/actualites\/wp-content\/uploads\/2024\/09\/vie-associative-1-150x150.jpg","contentUrl":"https:\/\/vieassociative.be\/actualites\/wp-content\/uploads\/2024\/09\/vie-associative-1-150x150.jpg","caption":"Julien"},"description":"Je suis Julien, r\u00e9dacteur pour Vie Associative. Passionn\u00e9 par le monde associatif depuis plus de 10 ans, j'ai \u00e0 c\u0153ur de partager des histoires inspirantes et de mettre en lumi\u00e8re les initiatives locales. Mon objectif est de sensibiliser et d'encourager l'engagement communautaire \u00e0 travers mes articles.","sameAs":["https:\/\/vieassociative.be\/"]}]}},"_links":{"self":[{"href":"https:\/\/vieassociative.be\/actualites\/wp-json\/wp\/v2\/posts\/7430"}],"collection":[{"href":"https:\/\/vieassociative.be\/actualites\/wp-json\/wp\/v2\/posts"}],"about":[{"href":"https:\/\/vieassociative.be\/actualites\/wp-json\/wp\/v2\/types\/post"}],"author":[{"embeddable":true,"href":"https:\/\/vieassociative.be\/actualites\/wp-json\/wp\/v2\/users\/1"}],"replies":[{"embeddable":true,"href":"https:\/\/vieassociative.be\/actualites\/wp-json\/wp\/v2\/comments?post=7430"}],"version-history":[{"count":0,"href":"https:\/\/vieassociative.be\/actualites\/wp-json\/wp\/v2\/posts\/7430\/revisions"}],"wp:featuredmedia":[{"embeddable":true,"href":"https:\/\/vieassociative.be\/actualites\/wp-json\/wp\/v2\/media\/7431"}],"wp:attachment":[{"href":"https:\/\/vieassociative.be\/actualites\/wp-json\/wp\/v2\/media?parent=7430"}],"wp:term":[{"taxonomy":"category","embeddable":true,"href":"https:\/\/vieassociative.be\/actualites\/wp-json\/wp\/v2\/categories?post=7430"},{"taxonomy":"post_tag","embeddable":true,"href":"https:\/\/vieassociative.be\/actualites\/wp-json\/wp\/v2\/tags?post=7430"}],"curies":[{"name":"wp","href":"https:\/\/api.w.org\/{rel}","templated":true}]}}