{"id":7422,"date":"2025-05-09T16:17:18","date_gmt":"2025-05-09T14:17:18","guid":{"rendered":"https:\/\/vieassociative.be\/actualites\/blancs-white-pique-nique-parmi-les-voisins-le-28-juin\/"},"modified":"2025-05-09T16:17:18","modified_gmt":"2025-05-09T14:17:18","slug":"blancs-white-pique-nique-parmi-les-voisins-le-28-juin","status":"publish","type":"post","link":"https:\/\/vieassociative.be\/actualites\/blancs-white-pique-nique-parmi-les-voisins-le-28-juin\/","title":{"rendered":"Blancs White: pique-nique parmi les voisins le 28 juin"},"content":{"rendered":"<p><strong>Le dernier samedi de juin, le 28 juin 2025, \u00e0 Eupen et Kettenis, il est \u00e0 nouveau choisi en blanc: les \u00ab\u00a0planches blanches\u00a0\u00bb sont d\u00e9sormais parmi les \u00e9v\u00e9nements sociaux les plus originaux du calendrier des \u00e9v\u00e9nements Eupen.<\/strong><\/p>\n<p><span id=\"more-415183\"><\/span>Initialement, il n&rsquo;y avait pas de nomination fixe \u00e0 Eupen pour les \u00ab\u00a0plaques blanches\u00a0\u00bb. La campagne a eu lieu en ao\u00fbt, parfois en septembre. Cependant, depuis que le marathon de la musique d&rsquo;Eupen a \u00e9t\u00e9 pr\u00e9sent\u00e9 pour un week-end en mai, la ville a choisi samedi apr\u00e8s l&rsquo;Oberst\u00e4dter Kirmes. Cela commence \u00e0 18 h. et se termine \u00e0 1 h avec la combustion de cierges magiques.<\/p>\n<p>Le rituel est le m\u00eame chaque ann\u00e9e: les invit\u00e9s sont invit\u00e9s \u00e0 s&rsquo;habiller en blanc ou \u00e0 porter des v\u00eatements blancs afin de pr\u00e9senter des points communs et de la coop\u00e9ration. Tout le monde peut aller au \u00ab\u00a0Tafel blanc\u00a0\u00bb dans son propre quartier. La ville d&rsquo;Eupen soutient les organisateurs: des d\u00e9pliants sont disponibles dans la cour de construction pour inviter les voisins ainsi que des nappes blanches et des cierges magiques pour une atmosph\u00e8re atmosph\u00e9rique. La zone de pique-nique est s\u00e9curis\u00e9e en termes de trafic.<\/p>\n<div id=\"attachment_179156\" class=\"wp-caption alignleft\" style=\"max-width: 300px\"><img fetchpriority=\"high\" decoding=\"async\" class=\"wp-image-179156 size-medium\" src=\"https:\/\/vieassociative.be\/actualites\/wp-content\/uploads\/2025\/05\/Blancs-White-pique-nique-parmi-les-voisins-le-28-juin.jpeg\" alt=\"\" width=\"300\" height=\"200\"  ><\/p>\n<p class=\"wp-caption-text\">Un \u00ab\u00a0Tafel blanc\u00a0\u00bb \u00e0 Eupen en juin 2018. Photo: OD<\/p>\n<\/div>\n<p>Informations suppl\u00e9mentaires et inscription avant le 1er juin dans la cour du b\u00e2timent municipal: bauhof@eupen.be, 087\/59 58 88 ou \u00e0 la r\u00e9ception du Bauhof (Schnellwindgasse 13). Formulaire d&rsquo;inscription: www.eupen.be\/weisse-tafeln-2025<\/p>\n<p>L&rsquo;id\u00e9e des \u00ab\u00a0plaques blanches\u00a0\u00bb vient de la France. En 1988, des amis se sont rencontr\u00e9s \u00e0 Paris pour une jardinerie en blanc (\u00abD\u00eener en Blanc\u00bb). En cons\u00e9quence, ils ont toujours accept\u00e9 un pique-nique en juin.<\/p>\n<p>Le \u00ab\u00a0D\u00eener en Blanc\u00a0\u00bb a longtemps \u00e9t\u00e9 consid\u00e9r\u00e9 comme un \u00e9v\u00e9nement exclusif sup\u00e9rieur sans milieux commerciaux ou politiques. Cependant, le caract\u00e8re de l&rsquo;\u00e9v\u00e9nement a maintenant chang\u00e9. L&rsquo;initiative attire aujourd&rsquo;hui les gens de chaque classe sociale et trouve des imitateurs dans toute l&rsquo;Europe. Le nombre de participants entre en milliers.<\/p>\n","protected":false},"excerpt":{"rendered":"<p>Le dernier samedi de juin, le 28 juin 2025, \u00e0 Eupen et Kettenis, il est \u00e0 nouveau choisi en blanc: les \u00ab\u00a0planches blanches\u00a0\u00bb sont d\u00e9sormais<\/p>\n","protected":false},"author":1,"featured_media":7423,"comment_status":"","ping_status":"","sticky":false,"template":"","format":"standard","meta":{"footnotes":""},"categories":[298],"tags":[6893,2677,14,1736,6894,6488,5498],"class_list":["post-7422","post","type-post","status-publish","format-standard","has-post-thumbnail","hentry","category-belgique","tag-blancs","tag-juin","tag-les","tag-parmi","tag-piquenique","tag-voisins","tag-white","generate-columns","tablet-grid-50","mobile-grid-100","grid-parent","grid-33"],"yoast_head":"<!-- This site is optimized with the Yoast SEO plugin v24.0 - https:\/\/yoast.com\/wordpress\/plugins\/seo\/ -->\n<title>Blancs White: pique-nique parmi les voisins le 28 juin | Vie Associative<\/title>\n<meta name=\"robots\" content=\"index, follow, max-snippet:-1, max-image-preview:large, max-video-preview:-1\" \/>\n<link rel=\"canonical\" href=\"https:\/\/vieassociative.be\/actualites\/blancs-white-pique-nique-parmi-les-voisins-le-28-juin\/\" \/>\n<meta property=\"og:locale\" content=\"fr_FR\" \/>\n<meta property=\"og:type\" content=\"article\" \/>\n<meta property=\"og:title\" content=\"Blancs White: pique-nique parmi les voisins le 28 juin | Vie Associative\" \/>\n<meta property=\"og:description\" content=\"Le dernier samedi de juin, le 28 juin 2025, \u00e0 Eupen et Kettenis, il est \u00e0 nouveau choisi en blanc: les \u00ab\u00a0planches blanches\u00a0\u00bb sont d\u00e9sormais\" \/>\n<meta property=\"og:url\" content=\"https:\/\/vieassociative.be\/actualites\/blancs-white-pique-nique-parmi-les-voisins-le-28-juin\/\" \/>\n<meta property=\"og:site_name\" content=\"Vie Associative\" \/>\n<meta property=\"article:published_time\" content=\"2025-05-09T14:17:18+00:00\" \/>\n<meta property=\"og:image\" content=\"https:\/\/vieassociative.be\/actualites\/wp-content\/uploads\/2024\/09\/header_backgroundk-01-e1726694325946.png\" \/>\n\t<meta property=\"og:image:width\" content=\"279\" \/>\n\t<meta property=\"og:image:height\" content=\"92\" \/>\n\t<meta property=\"og:image:type\" content=\"image\/png\" \/>\n<meta name=\"author\" content=\"Julien\" \/>\n<meta name=\"twitter:card\" content=\"summary_large_image\" \/>\n<meta name=\"twitter:label1\" content=\"\u00c9crit par\" \/>\n\t<meta name=\"twitter:data1\" content=\"Julien\" \/>\n\t<meta name=\"twitter:label2\" content=\"Dur\u00e9e de lecture est.\" \/>\n\t<meta name=\"twitter:data2\" content=\"2 minutes\" \/>\n<script type=\"application\/ld+json\" class=\"yoast-schema-graph\">{\"@context\":\"https:\/\/schema.org\",\"@graph\":[{\"@type\":\"Article\",\"@id\":\"https:\/\/vieassociative.be\/actualites\/blancs-white-pique-nique-parmi-les-voisins-le-28-juin\/#article\",\"isPartOf\":{\"@id\":\"https:\/\/vieassociative.be\/actualites\/blancs-white-pique-nique-parmi-les-voisins-le-28-juin\/\"},\"author\":{\"name\":\"Julien\",\"@id\":\"https:\/\/vieassociative.be\/actualites\/#\/schema\/person\/b87ac4f82f9d4e7b7cec7395b679edc4\"},\"headline\":\"Blancs White: pique-nique parmi les voisins le 28 juin\",\"datePublished\":\"2025-05-09T14:17:18+00:00\",\"dateModified\":\"2025-05-09T14:17:18+00:00\",\"mainEntityOfPage\":{\"@id\":\"https:\/\/vieassociative.be\/actualites\/blancs-white-pique-nique-parmi-les-voisins-le-28-juin\/\"},\"wordCount\":347,\"publisher\":{\"@id\":\"https:\/\/vieassociative.be\/actualites\/#organization\"},\"image\":{\"@id\":\"https:\/\/vieassociative.be\/actualites\/blancs-white-pique-nique-parmi-les-voisins-le-28-juin\/#primaryimage\"},\"thumbnailUrl\":\"https:\/\/vieassociative.be\/actualites\/wp-content\/uploads\/2025\/05\/1746800239_Blancs-White-pique-nique-parmi-les-voisins-le-28-juin.jpeg\",\"keywords\":[\"Blancs\",\"juin\",\"Les\",\"parmi\",\"piquenique\",\"voisins\",\"White\"],\"articleSection\":[\"Belgique\"],\"inLanguage\":\"fr-BE\"},{\"@type\":\"WebPage\",\"@id\":\"https:\/\/vieassociative.be\/actualites\/blancs-white-pique-nique-parmi-les-voisins-le-28-juin\/\",\"url\":\"https:\/\/vieassociative.be\/actualites\/blancs-white-pique-nique-parmi-les-voisins-le-28-juin\/\",\"name\":\"Blancs White: pique-nique parmi les voisins le 28 juin | Vie Associative\",\"isPartOf\":{\"@id\":\"https:\/\/vieassociative.be\/actualites\/#website\"},\"primaryImageOfPage\":{\"@id\":\"https:\/\/vieassociative.be\/actualites\/blancs-white-pique-nique-parmi-les-voisins-le-28-juin\/#primaryimage\"},\"image\":{\"@id\":\"https:\/\/vieassociative.be\/actualites\/blancs-white-pique-nique-parmi-les-voisins-le-28-juin\/#primaryimage\"},\"thumbnailUrl\":\"https:\/\/vieassociative.be\/actualites\/wp-content\/uploads\/2025\/05\/1746800239_Blancs-White-pique-nique-parmi-les-voisins-le-28-juin.jpeg\",\"datePublished\":\"2025-05-09T14:17:18+00:00\",\"dateModified\":\"2025-05-09T14:17:18+00:00\",\"breadcrumb\":{\"@id\":\"https:\/\/vieassociative.be\/actualites\/blancs-white-pique-nique-parmi-les-voisins-le-28-juin\/#breadcrumb\"},\"inLanguage\":\"fr-BE\",\"potentialAction\":[{\"@type\":\"ReadAction\",\"target\":[\"https:\/\/vieassociative.be\/actualites\/blancs-white-pique-nique-parmi-les-voisins-le-28-juin\/\"]}]},{\"@type\":\"ImageObject\",\"inLanguage\":\"fr-BE\",\"@id\":\"https:\/\/vieassociative.be\/actualites\/blancs-white-pique-nique-parmi-les-voisins-le-28-juin\/#primaryimage\",\"url\":\"https:\/\/vieassociative.be\/actualites\/wp-content\/uploads\/2025\/05\/1746800239_Blancs-White-pique-nique-parmi-les-voisins-le-28-juin.jpeg\",\"contentUrl\":\"https:\/\/vieassociative.be\/actualites\/wp-content\/uploads\/2025\/05\/1746800239_Blancs-White-pique-nique-parmi-les-voisins-le-28-juin.jpeg\",\"width\":1800,\"height\":1200,\"caption\":\"Blancs White: pique-nique parmi les voisins le 28 juin\"},{\"@type\":\"BreadcrumbList\",\"@id\":\"https:\/\/vieassociative.be\/actualites\/blancs-white-pique-nique-parmi-les-voisins-le-28-juin\/#breadcrumb\",\"itemListElement\":[{\"@type\":\"ListItem\",\"position\":1,\"name\":\"Accueil\",\"item\":\"https:\/\/vieassociative.be\/actualites\/\"},{\"@type\":\"ListItem\",\"position\":2,\"name\":\"Blancs White: pique-nique parmi les voisins le 28 juin\"}]},{\"@type\":\"WebSite\",\"@id\":\"https:\/\/vieassociative.be\/actualites\/#website\",\"url\":\"https:\/\/vieassociative.be\/actualites\/\",\"name\":\"Vie Associative\",\"description\":\"\",\"publisher\":{\"@id\":\"https:\/\/vieassociative.be\/actualites\/#organization\"},\"potentialAction\":[{\"@type\":\"SearchAction\",\"target\":{\"@type\":\"EntryPoint\",\"urlTemplate\":\"https:\/\/vieassociative.be\/actualites\/?s={search_term_string}\"},\"query-input\":{\"@type\":\"PropertyValueSpecification\",\"valueRequired\":true,\"valueName\":\"search_term_string\"}}],\"inLanguage\":\"fr-BE\"},{\"@type\":\"Organization\",\"@id\":\"https:\/\/vieassociative.be\/actualites\/#organization\",\"name\":\"Vie Associative\",\"url\":\"https:\/\/vieassociative.be\/actualites\/\",\"logo\":{\"@type\":\"ImageObject\",\"inLanguage\":\"fr-BE\",\"@id\":\"https:\/\/vieassociative.be\/actualites\/#\/schema\/logo\/image\/\",\"url\":\"https:\/\/vieassociative.be\/actualites\/wp-content\/uploads\/2024\/09\/cropped-vieassociative_favicon.ico.png\",\"contentUrl\":\"https:\/\/vieassociative.be\/actualites\/wp-content\/uploads\/2024\/09\/cropped-vieassociative_favicon.ico.png\",\"width\":512,\"height\":512,\"caption\":\"Vie Associative\"},\"image\":{\"@id\":\"https:\/\/vieassociative.be\/actualites\/#\/schema\/logo\/image\/\"}},{\"@type\":\"Person\",\"@id\":\"https:\/\/vieassociative.be\/actualites\/#\/schema\/person\/b87ac4f82f9d4e7b7cec7395b679edc4\",\"name\":\"Julien\",\"image\":{\"@type\":\"ImageObject\",\"inLanguage\":\"fr-BE\",\"@id\":\"https:\/\/vieassociative.be\/actualites\/#\/schema\/person\/image\/\",\"url\":\"https:\/\/vieassociative.be\/actualites\/wp-content\/uploads\/2024\/09\/vie-associative-1-150x150.jpg\",\"contentUrl\":\"https:\/\/vieassociative.be\/actualites\/wp-content\/uploads\/2024\/09\/vie-associative-1-150x150.jpg\",\"caption\":\"Julien\"},\"description\":\"Je suis Julien, r\u00e9dacteur pour Vie Associative. Passionn\u00e9 par le monde associatif depuis plus de 10 ans, j'ai \u00e0 c\u0153ur de partager des histoires inspirantes et de mettre en lumi\u00e8re les initiatives locales. Mon objectif est de sensibiliser et d'encourager l'engagement communautaire \u00e0 travers mes articles.\",\"sameAs\":[\"https:\/\/vieassociative.be\/\"]}]}<\/script>\n<!-- \/ Yoast SEO plugin. -->","yoast_head_json":{"title":"Blancs White: pique-nique parmi les voisins le 28 juin | Vie Associative","robots":{"index":"index","follow":"follow","max-snippet":"max-snippet:-1","max-image-preview":"max-image-preview:large","max-video-preview":"max-video-preview:-1"},"canonical":"https:\/\/vieassociative.be\/actualites\/blancs-white-pique-nique-parmi-les-voisins-le-28-juin\/","og_locale":"fr_FR","og_type":"article","og_title":"Blancs White: pique-nique parmi les voisins le 28 juin | Vie Associative","og_description":"Le dernier samedi de juin, le 28 juin 2025, \u00e0 Eupen et Kettenis, il est \u00e0 nouveau choisi en blanc: les \u00ab\u00a0planches blanches\u00a0\u00bb sont d\u00e9sormais","og_url":"https:\/\/vieassociative.be\/actualites\/blancs-white-pique-nique-parmi-les-voisins-le-28-juin\/","og_site_name":"Vie Associative","article_published_time":"2025-05-09T14:17:18+00:00","og_image":[{"width":279,"height":92,"url":"https:\/\/vieassociative.be\/actualites\/wp-content\/uploads\/2024\/09\/header_backgroundk-01-e1726694325946.png","type":"image\/png"}],"author":"Julien","twitter_card":"summary_large_image","twitter_misc":{"\u00c9crit par":"Julien","Dur\u00e9e de lecture est.":"2 minutes"},"schema":{"@context":"https:\/\/schema.org","@graph":[{"@type":"Article","@id":"https:\/\/vieassociative.be\/actualites\/blancs-white-pique-nique-parmi-les-voisins-le-28-juin\/#article","isPartOf":{"@id":"https:\/\/vieassociative.be\/actualites\/blancs-white-pique-nique-parmi-les-voisins-le-28-juin\/"},"author":{"name":"Julien","@id":"https:\/\/vieassociative.be\/actualites\/#\/schema\/person\/b87ac4f82f9d4e7b7cec7395b679edc4"},"headline":"Blancs White: pique-nique parmi les voisins le 28 juin","datePublished":"2025-05-09T14:17:18+00:00","dateModified":"2025-05-09T14:17:18+00:00","mainEntityOfPage":{"@id":"https:\/\/vieassociative.be\/actualites\/blancs-white-pique-nique-parmi-les-voisins-le-28-juin\/"},"wordCount":347,"publisher":{"@id":"https:\/\/vieassociative.be\/actualites\/#organization"},"image":{"@id":"https:\/\/vieassociative.be\/actualites\/blancs-white-pique-nique-parmi-les-voisins-le-28-juin\/#primaryimage"},"thumbnailUrl":"https:\/\/vieassociative.be\/actualites\/wp-content\/uploads\/2025\/05\/1746800239_Blancs-White-pique-nique-parmi-les-voisins-le-28-juin.jpeg","keywords":["Blancs","juin","Les","parmi","piquenique","voisins","White"],"articleSection":["Belgique"],"inLanguage":"fr-BE"},{"@type":"WebPage","@id":"https:\/\/vieassociative.be\/actualites\/blancs-white-pique-nique-parmi-les-voisins-le-28-juin\/","url":"https:\/\/vieassociative.be\/actualites\/blancs-white-pique-nique-parmi-les-voisins-le-28-juin\/","name":"Blancs White: pique-nique parmi les voisins le 28 juin | Vie Associative","isPartOf":{"@id":"https:\/\/vieassociative.be\/actualites\/#website"},"primaryImageOfPage":{"@id":"https:\/\/vieassociative.be\/actualites\/blancs-white-pique-nique-parmi-les-voisins-le-28-juin\/#primaryimage"},"image":{"@id":"https:\/\/vieassociative.be\/actualites\/blancs-white-pique-nique-parmi-les-voisins-le-28-juin\/#primaryimage"},"thumbnailUrl":"https:\/\/vieassociative.be\/actualites\/wp-content\/uploads\/2025\/05\/1746800239_Blancs-White-pique-nique-parmi-les-voisins-le-28-juin.jpeg","datePublished":"2025-05-09T14:17:18+00:00","dateModified":"2025-05-09T14:17:18+00:00","breadcrumb":{"@id":"https:\/\/vieassociative.be\/actualites\/blancs-white-pique-nique-parmi-les-voisins-le-28-juin\/#breadcrumb"},"inLanguage":"fr-BE","potentialAction":[{"@type":"ReadAction","target":["https:\/\/vieassociative.be\/actualites\/blancs-white-pique-nique-parmi-les-voisins-le-28-juin\/"]}]},{"@type":"ImageObject","inLanguage":"fr-BE","@id":"https:\/\/vieassociative.be\/actualites\/blancs-white-pique-nique-parmi-les-voisins-le-28-juin\/#primaryimage","url":"https:\/\/vieassociative.be\/actualites\/wp-content\/uploads\/2025\/05\/1746800239_Blancs-White-pique-nique-parmi-les-voisins-le-28-juin.jpeg","contentUrl":"https:\/\/vieassociative.be\/actualites\/wp-content\/uploads\/2025\/05\/1746800239_Blancs-White-pique-nique-parmi-les-voisins-le-28-juin.jpeg","width":1800,"height":1200,"caption":"Blancs White: pique-nique parmi les voisins le 28 juin"},{"@type":"BreadcrumbList","@id":"https:\/\/vieassociative.be\/actualites\/blancs-white-pique-nique-parmi-les-voisins-le-28-juin\/#breadcrumb","itemListElement":[{"@type":"ListItem","position":1,"name":"Accueil","item":"https:\/\/vieassociative.be\/actualites\/"},{"@type":"ListItem","position":2,"name":"Blancs White: pique-nique parmi les voisins le 28 juin"}]},{"@type":"WebSite","@id":"https:\/\/vieassociative.be\/actualites\/#website","url":"https:\/\/vieassociative.be\/actualites\/","name":"Vie Associative","description":"","publisher":{"@id":"https:\/\/vieassociative.be\/actualites\/#organization"},"potentialAction":[{"@type":"SearchAction","target":{"@type":"EntryPoint","urlTemplate":"https:\/\/vieassociative.be\/actualites\/?s={search_term_string}"},"query-input":{"@type":"PropertyValueSpecification","valueRequired":true,"valueName":"search_term_string"}}],"inLanguage":"fr-BE"},{"@type":"Organization","@id":"https:\/\/vieassociative.be\/actualites\/#organization","name":"Vie Associative","url":"https:\/\/vieassociative.be\/actualites\/","logo":{"@type":"ImageObject","inLanguage":"fr-BE","@id":"https:\/\/vieassociative.be\/actualites\/#\/schema\/logo\/image\/","url":"https:\/\/vieassociative.be\/actualites\/wp-content\/uploads\/2024\/09\/cropped-vieassociative_favicon.ico.png","contentUrl":"https:\/\/vieassociative.be\/actualites\/wp-content\/uploads\/2024\/09\/cropped-vieassociative_favicon.ico.png","width":512,"height":512,"caption":"Vie Associative"},"image":{"@id":"https:\/\/vieassociative.be\/actualites\/#\/schema\/logo\/image\/"}},{"@type":"Person","@id":"https:\/\/vieassociative.be\/actualites\/#\/schema\/person\/b87ac4f82f9d4e7b7cec7395b679edc4","name":"Julien","image":{"@type":"ImageObject","inLanguage":"fr-BE","@id":"https:\/\/vieassociative.be\/actualites\/#\/schema\/person\/image\/","url":"https:\/\/vieassociative.be\/actualites\/wp-content\/uploads\/2024\/09\/vie-associative-1-150x150.jpg","contentUrl":"https:\/\/vieassociative.be\/actualites\/wp-content\/uploads\/2024\/09\/vie-associative-1-150x150.jpg","caption":"Julien"},"description":"Je suis Julien, r\u00e9dacteur pour Vie Associative. Passionn\u00e9 par le monde associatif depuis plus de 10 ans, j'ai \u00e0 c\u0153ur de partager des histoires inspirantes et de mettre en lumi\u00e8re les initiatives locales. Mon objectif est de sensibiliser et d'encourager l'engagement communautaire \u00e0 travers mes articles.","sameAs":["https:\/\/vieassociative.be\/"]}]}},"_links":{"self":[{"href":"https:\/\/vieassociative.be\/actualites\/wp-json\/wp\/v2\/posts\/7422"}],"collection":[{"href":"https:\/\/vieassociative.be\/actualites\/wp-json\/wp\/v2\/posts"}],"about":[{"href":"https:\/\/vieassociative.be\/actualites\/wp-json\/wp\/v2\/types\/post"}],"author":[{"embeddable":true,"href":"https:\/\/vieassociative.be\/actualites\/wp-json\/wp\/v2\/users\/1"}],"replies":[{"embeddable":true,"href":"https:\/\/vieassociative.be\/actualites\/wp-json\/wp\/v2\/comments?post=7422"}],"version-history":[{"count":0,"href":"https:\/\/vieassociative.be\/actualites\/wp-json\/wp\/v2\/posts\/7422\/revisions"}],"wp:featuredmedia":[{"embeddable":true,"href":"https:\/\/vieassociative.be\/actualites\/wp-json\/wp\/v2\/media\/7423"}],"wp:attachment":[{"href":"https:\/\/vieassociative.be\/actualites\/wp-json\/wp\/v2\/media?parent=7422"}],"wp:term":[{"taxonomy":"category","embeddable":true,"href":"https:\/\/vieassociative.be\/actualites\/wp-json\/wp\/v2\/categories?post=7422"},{"taxonomy":"post_tag","embeddable":true,"href":"https:\/\/vieassociative.be\/actualites\/wp-json\/wp\/v2\/tags?post=7422"}],"curies":[{"name":"wp","href":"https:\/\/api.w.org\/{rel}","templated":true}]}}