{"id":7417,"date":"2025-05-09T12:17:04","date_gmt":"2025-05-09T10:17:04","guid":{"rendered":"https:\/\/vieassociative.be\/actualites\/pourquoi-vous-devriez-tenir-un-journal-de-formation-en-papier-et-comment-en-mettre-un\/"},"modified":"2025-05-09T12:17:04","modified_gmt":"2025-05-09T10:17:04","slug":"pourquoi-vous-devriez-tenir-un-journal-de-formation-en-papier-et-comment-en-mettre-un","status":"publish","type":"post","link":"https:\/\/vieassociative.be\/actualites\/pourquoi-vous-devriez-tenir-un-journal-de-formation-en-papier-et-comment-en-mettre-un\/","title":{"rendered":"Pourquoi vous devriez tenir un journal de formation en papier (et comment en mettre un)"},"content":{"rendered":"<div class=\"mt-4 leading-6 md:mb-8\">Un journal de formation que vous pouvez tenir dans votre main est bien meilleur que celui qui n&rsquo;existe que dans le cloud.<\/div>\n<p><\/p>\n<p>Dans cette \u00e8re num\u00e9rique, il existe de nombreuses applications et appareils qui promettent de suivre fid\u00e8lement vos progr\u00e8s dans le gymnase, ou votre kilom\u00e9trage de course, ou tout autre type d&rsquo;exercice que vous faites. Mais m\u00eame si je rebondis entre eux, je garde toujours mon <em>r\u00e9el<\/em> Journal de formation sur papier. Vous savez, dans un cahier. Avec un stylo. Et peut-\u00eatre que vous devriez aussi.<\/p>\n<h2 id=\"why-keep-a-training-journal-on-paper\">Pourquoi tenir un journal de formation sur papier? <\/h2>\n<p>Premi\u00e8rement, c&rsquo;est <em>pas<\/em> Juste moi. Publication v\u00e9n\u00e9rable L&rsquo;oignon a document\u00e9 la sous-culture dont je fais partie dans leur pi\u00e8ce d&rsquo;investigation historique, Guy at Gym a un petit journal pr\u00e9cieux pour garder une trace de tous ses exercices. J&rsquo;ai \u00e9galement remarqu\u00e9 que les athl\u00e8tes d&rsquo;\u00e9lite faisaient cela: l&rsquo;olympien Mattie Rogers a \u00e9crit sur Instagram que \u00abvraiment, si vous n&rsquo;\u00e9crivez pas vos s\u00e9ances d&rsquo;entra\u00eenement, comment vous ressentez, ce que vous ressentez, quels changements vous avez faits ce jour-l\u00e0, ce qui vous blesse, les bonnes choses, les mauvaises choses, etc., vous manquez un lien important \u00e0 votre entra\u00eenement \u00e0 mon avis.\u00bb Le message est plus \u00e2g\u00e9, mais je l&rsquo;ai \u00e9galement vue utiliser des revues de papier dans des articles plus r\u00e9cents. Elle a une tr\u00e8s belle \u00e9criture.<\/p>\n<p>Un autre rameur de m\u00e9daille d&rsquo;or olympien Brad Alan Lewis, a \u00e9crit ses m\u00e9moires <em>Assaut sur le lac Casitas<\/em> Bas\u00e9 en partie sur ses revues de formation de cette \u00e9poque. Au cours d&rsquo;un chapitre, alors qu&rsquo;il se sentait particuli\u00e8rement d\u00e9connect\u00e9 de sa formation, il a \u00e9crit qu&rsquo;il n&rsquo;avait pas du tout continu\u00e9 \u00e0 former des revues. C&rsquo;\u00e9tait un d\u00e9tail r\u00e9v\u00e9lateur dans l&rsquo;arc \u00e9motionnel de l&rsquo;histoire, car il a remis les r\u00eanes de sa formation \u00e0 un entra\u00eeneur en qui il n&rsquo;avait pas vraiment confiance. Finalement, il a arr\u00eat\u00e9 de travailler avec cet entra\u00eeneur, a vol\u00e9 un bateau, s&rsquo;est associ\u00e9 \u00e0 un joueur qui avait \u00e9t\u00e9 coup\u00e9 de la m\u00eame \u00e9quipe et est revenu pour une victoire des outsiders aux essais olympiques. C&rsquo;est une bonne histoire et un sacr\u00e9 bon livre. Mais je m&rsquo;\u00e9gare.<\/p>\n<p>Je garde mes journaux de formation sur papier car un livre papier est <em>le mien<\/em>. Je ne peux pas oublier mon mot de passe. Il ne dispara\u00eetra pas du cloud lorsque l&rsquo;entreprise qui le fera \u00e9chapper. Je ne repenserai pas \u00e0 un an, j&rsquo;ai \u00e9tabli un record personnel et je me demande si je suivais mes courses dans Runkeeper ou Runtastic, et si j&rsquo;ai enregistr\u00e9 mon entra\u00eenement en force dans Fitnotes ou \u00e0 Hevy. J&rsquo;ai toutes mes revues de formation ici sur mon \u00e9tag\u00e8re.<\/p>\n<p>Je vais aussi avec du papier parce que je ne suis pas limit\u00e9 \u00e0 ce qu&rsquo;un concepteur d&rsquo;applications a d\u00e9cid\u00e9 que je devais suivre. Je peux gribouiller des notes sur les indices que je pensais lors d&rsquo;un ascenseur (\u00abgros coudes\u00bb), b\u00e2ton dans les graphiques de pourcentages ou de conversions de kilogramme \/ livre, ou noter les entra\u00eenements que j&rsquo;ai faits au gymnase ou \u00e0 la maison. Je peux souligner les ascenseurs qui se sont bien d\u00e9plac\u00e9s et mettre un gribouillis sous ceux que je <em>\u00e0 peine<\/em> r\u00e9ussi \u00e0 terminer. Je trouve tout cela incroyablement utile lorsque vous regardez en arri\u00e8re, que ce soit une semaine plus tard, ou un an plus tard. <\/p>\n<h2 id=\"how-to-start-your-training-journal-on-paper\">Comment d\u00e9marrer votre journal de formation sur papier<\/h2>\n<p>Tout d&rsquo;abord, vous avez besoin d&rsquo;un cahier. Le meilleur cahier pour un journal d&rsquo;entra\u00eenement est quelque chose de dur ou de cousu, car les reliures en spirale ont tendance \u00e0 se battre lorsque vous les jetez dans un sac de gym. Vous pouvez \u00eatre fantaisiste avec un joli dossier comme un Leuchtturm, ou aller avec la version ititille &#8211; mon pr\u00e9f\u00e9r\u00e9 est une marque de magasin Michaels qui co\u00fbte environ 8 $, mais en voici une d&rsquo;Amazon pour 4 $. Ou obtenir un cahier de composition; Ce sont deux ou trois dollars et il n&rsquo;y a pas de liaison en spirale \u00e0 s&rsquo;inqui\u00e9ter. Ou, vous savez, allez dans votre magasin d&rsquo;artisanat local ou votre all\u00e9e stationnaire et choisissez quelque chose que vous appr\u00e9cierez r\u00e9ellement. <\/p>\n<div class=\"pogoClear mb-12 mt-10 rounded-md border-2 border-gray-100 py-7 shadow-xl md:py-6\">\n<div class=\"flex flex-wrap justify-between px-7 text-black no-underline md:flex-nowrap md:px-8\">\n<div class=\"order-1 mx-auto flex flex-col justify-center md:order-2 md:ml-4 md:w-full md:grow\">\n<div class=\"block cursor-pointer text-center font-akshar text-2xl font-medium leading-7 text-brand-green duration-200 ease-in-out hover:text-brand-green-700 md:text-left md:text-xl md:leading-6\">LEUCHTURM1917 &#8211; Notebook SoftCover Medium A5-123 Pages num\u00e9rot\u00e9es pour l&rsquo;\u00e9criture et la journalisation (r\u00e9gl\u00e9e, Pacific Green)\n                <\/div>\n<div class=\"mt-4 hidden md:flex md:justify-between\">\n<div class=\"self-end\">\n<div class=\"mb-0 h-11 md:flex md:flex-col md:justify-center\">\n<div class=\" font-sans leading-4 text-black\">\n<div class=\"flex flex-wrap items-center justify-center gap-x-1 md:justify-start\">\n        <span class=\"font-bold\"><\/p>\n<p>            23,95 $<br \/>\n                            <span class=\"font-medium\">\u00e0 Amazon<\/span><br \/>\n                    <\/span><br \/>\n                    <img decoding=\"async\" class=\"mt-0 h-(15px)\" src=\"https:\/\/vieassociative.be\/actualites\/wp-content\/uploads\/2025\/05\/Pourquoi-vous-devriez-tenir-un-journal-de-formation-en-papier.svg.svg+xml\" title=\"Amazon Prime\" alt=\"Amazon Prime\">\n            <\/div>\n<\/p><\/div>\n<\/p><\/div>\n<\/p><\/div>\n<div class=\"w-44 self-end\">\n                            <button class=\"flex justify-center items-center w-full bg-brand-green text-white text-base font-sans font-medium rounded-md hover:bg-brand-green-700 hover:cursor-pointer md:text-sm h-11\"><\/p>\n<p>    Faire un magasin maintenant<br \/>\n<\/button>\n                        <\/div>\n<\/p><\/div>\n<\/p><\/div>\n<div class=\"order-2 mt-5 h-auto w-full md:order-1 md:mt-0 md:hidden\">\n<div class=\"flex aspect-video items-center justify-center\">\n                                            <img decoding=\"async\" class=\"m-0 max-h-full max-w-full rounded-md\" src=\"https:\/\/vieassociative.be\/actualites\/wp-content\/uploads\/2025\/05\/Pourquoi-vous-devriez-tenir-un-journal-de-formation-en-papier.jpg\" alt=\"LEUCHTURM1917 - Notebook SoftCover Medium A5-123 Pages num\u00e9rot\u00e9es pour l'\u00e9criture et la journalisation (r\u00e9gl\u00e9e, Pacific Green)\" width=\"auto\" height=\"auto\" loading=\"lazy\">\n                                    <\/div>\n<\/p><\/div>\n<div class=\"order-2 ml-2 hidden w-32 shrink-0 items-center md:order-1 md:ml-0 md:flex\">\n<div class=\"flex aspect-video items-center justify-center\">\n                                            <img decoding=\"async\" class=\"m-0 max-h-full max-w-full rounded-md\" src=\"https:\/\/vieassociative.be\/actualites\/wp-content\/uploads\/2025\/05\/Pourquoi-vous-devriez-tenir-un-journal-de-formation-en-papier.jpg\" alt=\"LEUCHTURM1917 - Notebook SoftCover Medium A5-123 Pages num\u00e9rot\u00e9es pour l'\u00e9criture et la journalisation (r\u00e9gl\u00e9e, Pacific Green)\" width=\"auto\" height=\"auto\" loading=\"lazy\">\n                                    <\/div>\n<\/p><\/div>\n<div class=\"order-3 flex grow flex-wrap md:hidden md:grow-0\">\n<div class=\"mt-4 w-full\">\n                        <button class=\"flex justify-center items-center w-full bg-brand-green text-white text-base font-sans font-medium rounded-md hover:bg-brand-green-700 hover:cursor-pointer md:text-sm h-11\"><\/p>\n<p>    Faire un magasin maintenant<br \/>\n<\/button>\n                    <\/div>\n<div class=\"mx-2 mt-4 w-full\">\n<div class=\" font-sans leading-4 text-black\">\n<div class=\"flex flex-wrap items-center justify-center gap-x-1 md:justify-start\">\n        <span class=\"font-bold\"><\/p>\n<p>            23,95 $<br \/>\n                            <span class=\"font-medium\">\u00e0 Amazon<\/span><br \/>\n                    <\/span><br \/>\n                    <img decoding=\"async\" class=\"mt-0 h-(15px)\" src=\"https:\/\/vieassociative.be\/actualites\/wp-content\/uploads\/2025\/05\/Pourquoi-vous-devriez-tenir-un-journal-de-formation-en-papier.svg.svg+xml\" title=\"Amazon Prime\" alt=\"Amazon Prime\">\n            <\/div>\n<\/p><\/div>\n<\/p><\/div>\n<\/p><\/div>\n<\/p><\/div>\n<\/div>\n<p>Ou allez avec un journal qui est imprim\u00e9 avec des feuilles qui aideront \u00e0 organiser votre entra\u00eenement. Celui-ci a une ligne pour chaque exercice que vous faites, avec des zones en haut et en bas de la page pour suivre votre apport en eau, vos suppl\u00e9ments, votre poids corporel, vos macros, etc. Voici un journal similaire avec une disposition l\u00e9g\u00e8rement diff\u00e9rente.  <\/p>\n<div class=\"pogoClear relative my-10 border-b-(1.5px) border-t-(1.5px) border-dashed border-black py-5 sm:my-14 sm:border-0 sm:py-0\" data-ga-click data-ga-template=\"Explainers\" data-ga-module=\"openweb_widget\" data-ga-element=\"openweb_scroll\" data-ga-item=\"openweb_scroll_midpage\" x-cloak x-data=\"{ commentsCount: null, hasComments: false }\" x-init=\"commentsCount = await window.openweb.getMessagesCount(119663);\n     hasComments = commentsCount !== null &amp;&amp; commentsCount &gt; 0\"><\/p>\n<div class=\"absolute top-1\/2 hidden w-full -translate-y-1\/2 border-t-(1.5px) border-dashed border-black sm:block\"><\/div>\n<div class=\"relative flex justify-center\">\n<div class=\"flex max-w-max items-center gap-x-3 bg-white px-5\">\n<div class=\"relative\">\n                <span class=\"absolute left-1\/2 top-1\/2 -translate-x-1\/2 -translate-y-1\/2 font-akshar text-sm font-medium text-black\" x-show=\"hasComments\" x-text=\"commentsCount\"><\/span><\/p>\n<p>                <svg class=\"h-8 w-8 text-black\">\n                    <use href=\"http:\/\/lifehacker.com\/images\/icons\/spritemap.svg#sprite-chat-bubble\"><\/use>\n                <\/svg>\n            <\/div>\n<p>            <span class=\"text-sm font-medium text-black\"><\/p>\n<p>                Que pensez-vous jusqu&rsquo;\u00e0 pr\u00e9sent?<br \/>\n                <button class=\"font-semibold text-brand-green underline hover:text-brand-green-700\" onclick=\"window.openweb.scrollToComments('119663')\" x-text=\"hasComments ? 'Post a comment.' : 'Be the first to post a comment.'\"><\/button><br \/>\n            <\/span>\n        <\/div>\n<\/p><\/div>\n<\/div>\n<p>\u00cates-vous un coureur? Ce journal pr\u00e9sente une semaine de course sur une seule page, avec des zones pour noter l&#8217;emplacement, la m\u00e9t\u00e9o et si vous ressentez des maux ou des douleurs pour chacun. Ou essayez celui-ci, qui donne \u00e0 chaque ex\u00e9cution sa propre page et a de nombreux domaines pour diff\u00e9rents aspects sur lesquels vous voudrez peut-\u00eatre garder des notes.<\/p>\n<h2 id=\"how-to-track-your-workouts-in-your-training-journal\">Comment suivre vos s\u00e9ances d&rsquo;entra\u00eenement dans votre journal de formation<\/h2>\n<p>Ce que vous d\u00e9cidez de suivre d\u00e9pend de vous, mais pensez \u00e0 faire une place pour tout ou partie de ces informations: <\/p>\n<ul>\n<li>\n<p>Heure de la journ\u00e9e<\/p>\n<\/li>\n<li>\n<p>Combien de temps l&rsquo;entra\u00eenement a pris<\/p>\n<\/li>\n<li>\n<p>Les exercices de force que vous avez faits, avec les repr\u00e9sentants, les ensembles et le poids pour chaque<\/p>\n<\/li>\n<li>\n<p>Comment se sont sentis les exercices &#8211; quelque chose a-t-il fait mal? Vous \u00eates-vous senti particuli\u00e8rement bien dans une comp\u00e9tence aujourd&rsquo;hui?<\/p>\n<\/li>\n<li>\n<p>Combien de temps vous vous \u00eates repos\u00e9 entre les ensembles<\/p>\n<\/li>\n<li>\n<p>Quels groupes musculaires vous avez travaill\u00e9 ce jour-l\u00e0<\/p>\n<\/li>\n<li>\n<p>Pour courir ou cardio, avez-vous fait des intervalles? Y a-t-il eu un protocole d&rsquo;entra\u00eenement sp\u00e9cifique que vous suiviez?<\/p>\n<\/li>\n<li>\n<p>\u00c0 quel point l&rsquo;entra\u00eenement \u00e9tait intense, dans l&rsquo;ensemble<\/p>\n<\/li>\n<li>\n<p>Comment l&rsquo;entra\u00eenement a ressenti, dans l&rsquo;ensemble &#8211; \u00e9tait-ce une bonne journ\u00e9e, une mauvaise journ\u00e9e ou une journ\u00e9e moyenne? <\/p>\n<\/li>\n<li>\n<p>D&rsquo;autres facteurs qui ont peut-\u00eatre affect\u00e9 votre entra\u00eenement ce jour-l\u00e0 (surtout si vous souhaitez trouver des mod\u00e8les dans ces bons et mauvais jours). Avez-vous mang\u00e9 avant le gymnase? \u00c9tait-ce une journ\u00e9e stressante au travail?<\/p>\n<\/li>\n<li>\n<p>Avez-vous travaill\u00e9 avec un ami, un entra\u00eeneur ou un entra\u00eeneur? Si oui, qui?<\/p>\n<\/li>\n<li>\n<p>Quel \u00e9tait l&rsquo;objectif de l&rsquo;entra\u00eenement? Avez-vous eu l&rsquo;impression d&rsquo;avoir atteint cet objectif?<\/p>\n<\/li>\n<\/ul>\n<div class=\"eloquent-imagery-image\">\n<div class=\"flex justify-center\">\n                    <img decoding=\"async\" class=\"border border-gray-100\" src=\"https:\/\/vieassociative.be\/actualites\/wp-content\/uploads\/2025\/05\/Pourquoi-vous-devriez-tenir-un-journal-de-formation-en-papier.png\" alt=\"Entr\u00e9e de journal de formation d\u00e9crivant un demi-marathon que l'auteur a couru\" width=\"2000\" height=\"1500\" loading=\"lazy\"  >\n            <\/div>\n<\/p><\/div>\n<h2 id=\"what-to-track-in-your-training-journal-aside-from-workouts\">Que suivre dans votre journal de formation en dehors des s\u00e9ances d&rsquo;entra\u00eenement<\/h2>\n<p>Tant que vous tenez ce journal, vous voudrez peut-\u00eatre suivre d&rsquo;autres aspects de votre sant\u00e9 ou de votre forme physique. Certaines personnes aiment suivre: <\/p>\n<ul>\n<li>\n<p>\u00c9tapes prises chaque jour<\/p>\n<\/li>\n<li>\n<p>Combien d&rsquo;eau tu buvais<\/p>\n<\/li>\n<li>\n<p>Vos calories et macros<\/p>\n<\/li>\n<li>\n<p>Votre poids<\/p>\n<\/li>\n<li>\n<p>Votre humeur<\/p>\n<\/li>\n<li>\n<p>Citations, conseils ou rappels de l&rsquo;\u00e9nergie que vous souhaitez apporter \u00e0 vos s\u00e9ances d&rsquo;entra\u00eenement ou \u00e0 votre vie<\/p>\n<\/li>\n<li>\n<p>Id\u00e9es de futurs entra\u00eenements ou objectifs<\/p>\n<\/li>\n<li>\n<p>Des d\u00e9lais d&rsquo;image, comme combien de temps jusqu&rsquo;\u00e0 ce marathon que vous avez pr\u00e9vu pour l&rsquo;ann\u00e9e prochaine<\/p>\n<\/li>\n<\/ul>\n<p>Et n&rsquo;oubliez pas d&rsquo;utiliser votre journal pour r\u00e9fl\u00e9chir \u00e0 vos progr\u00e8s et notez les r\u00e9sultats des comp\u00e9titions! Si vous ex\u00e9cutez une course, notez comment cela s&rsquo;est pass\u00e9 et quoi, le cas \u00e9ch\u00e9ant, vous feriez diff\u00e9remment la prochaine fois. Si vous atteignez un but dans le gymnase, notez comment vous vous \u00eates r\u00e9chauff\u00e9 pour cela et ce que vous avez fait par la suite pour c\u00e9l\u00e9brer. <\/p>\n<p><script async src=\"\/\/www.instagram.com\/embed.js\"><\/script><\/p>\n","protected":false},"excerpt":{"rendered":"<p>Un journal de formation que vous pouvez tenir dans votre main est bien meilleur que celui qui n&rsquo;existe que dans le cloud. Dans cette \u00e8re<\/p>\n","protected":false},"author":1,"featured_media":7418,"comment_status":"","ping_status":"","sticky":false,"template":"","format":"standard","meta":{"footnotes":""},"categories":[38],"tags":[44,636,3245,2533,1182,854,734,5639,4],"class_list":["post-7417","post","type-post","status-publish","format-standard","has-post-thumbnail","hentry","category-sante","tag-comment","tag-devriez","tag-formation","tag-journal","tag-mettre","tag-papier","tag-pourquoi","tag-tenir","tag-vous","generate-columns","tablet-grid-50","mobile-grid-100","grid-parent","grid-33"],"yoast_head":"<!-- This site is optimized with the Yoast SEO plugin v24.0 - https:\/\/yoast.com\/wordpress\/plugins\/seo\/ -->\n<title>Pourquoi vous devriez tenir un journal de formation en papier (et comment en mettre un) | Vie Associative<\/title>\n<meta name=\"robots\" content=\"index, follow, max-snippet:-1, max-image-preview:large, max-video-preview:-1\" \/>\n<link rel=\"canonical\" href=\"https:\/\/vieassociative.be\/actualites\/pourquoi-vous-devriez-tenir-un-journal-de-formation-en-papier-et-comment-en-mettre-un\/\" \/>\n<meta property=\"og:locale\" content=\"fr_FR\" \/>\n<meta property=\"og:type\" content=\"article\" \/>\n<meta property=\"og:title\" content=\"Pourquoi vous devriez tenir un journal de formation en papier (et comment en mettre un) | Vie Associative\" \/>\n<meta property=\"og:description\" content=\"Un journal de formation que vous pouvez tenir dans votre main est bien meilleur que celui qui n&rsquo;existe que dans le cloud. Dans cette \u00e8re\" \/>\n<meta property=\"og:url\" content=\"https:\/\/vieassociative.be\/actualites\/pourquoi-vous-devriez-tenir-un-journal-de-formation-en-papier-et-comment-en-mettre-un\/\" \/>\n<meta property=\"og:site_name\" content=\"Vie Associative\" \/>\n<meta property=\"article:published_time\" content=\"2025-05-09T10:17:04+00:00\" \/>\n<meta property=\"og:image\" content=\"https:\/\/vieassociative.be\/actualites\/wp-content\/uploads\/2025\/05\/Pourquoi-vous-devriez-tenir-un-journal-de-formation-en-papier.svg.svg+xml\" \/>\n<meta name=\"author\" content=\"Julien\" \/>\n<meta name=\"twitter:card\" content=\"summary_large_image\" \/>\n<meta name=\"twitter:label1\" content=\"\u00c9crit par\" \/>\n\t<meta name=\"twitter:data1\" content=\"Julien\" \/>\n\t<meta name=\"twitter:label2\" content=\"Dur\u00e9e de lecture est.\" \/>\n\t<meta name=\"twitter:data2\" content=\"6 minutes\" \/>\n<script type=\"application\/ld+json\" class=\"yoast-schema-graph\">{\"@context\":\"https:\/\/schema.org\",\"@graph\":[{\"@type\":\"Article\",\"@id\":\"https:\/\/vieassociative.be\/actualites\/pourquoi-vous-devriez-tenir-un-journal-de-formation-en-papier-et-comment-en-mettre-un\/#article\",\"isPartOf\":{\"@id\":\"https:\/\/vieassociative.be\/actualites\/pourquoi-vous-devriez-tenir-un-journal-de-formation-en-papier-et-comment-en-mettre-un\/\"},\"author\":{\"name\":\"Julien\",\"@id\":\"https:\/\/vieassociative.be\/actualites\/#\/schema\/person\/b87ac4f82f9d4e7b7cec7395b679edc4\"},\"headline\":\"Pourquoi vous devriez tenir un journal de formation en papier (et comment en mettre un)\",\"datePublished\":\"2025-05-09T10:17:04+00:00\",\"dateModified\":\"2025-05-09T10:17:04+00:00\",\"mainEntityOfPage\":{\"@id\":\"https:\/\/vieassociative.be\/actualites\/pourquoi-vous-devriez-tenir-un-journal-de-formation-en-papier-et-comment-en-mettre-un\/\"},\"wordCount\":1354,\"publisher\":{\"@id\":\"https:\/\/vieassociative.be\/actualites\/#organization\"},\"image\":{\"@id\":\"https:\/\/vieassociative.be\/actualites\/pourquoi-vous-devriez-tenir-un-journal-de-formation-en-papier-et-comment-en-mettre-un\/#primaryimage\"},\"thumbnailUrl\":\"https:\/\/vieassociative.be\/actualites\/wp-content\/uploads\/2025\/05\/1746785825_Pourquoi-vous-devriez-tenir-un-journal-de-formation-en-papier.jpg\",\"keywords\":[\"Comment\",\"devriez\",\"formation\",\"journal\",\"mettre\",\"papier\",\"Pourquoi\",\"tenir\",\"Vous\"],\"articleSection\":[\"Sant\u00e9\"],\"inLanguage\":\"fr-BE\"},{\"@type\":\"WebPage\",\"@id\":\"https:\/\/vieassociative.be\/actualites\/pourquoi-vous-devriez-tenir-un-journal-de-formation-en-papier-et-comment-en-mettre-un\/\",\"url\":\"https:\/\/vieassociative.be\/actualites\/pourquoi-vous-devriez-tenir-un-journal-de-formation-en-papier-et-comment-en-mettre-un\/\",\"name\":\"Pourquoi vous devriez tenir un journal de formation en papier (et comment en mettre un) | Vie Associative\",\"isPartOf\":{\"@id\":\"https:\/\/vieassociative.be\/actualites\/#website\"},\"primaryImageOfPage\":{\"@id\":\"https:\/\/vieassociative.be\/actualites\/pourquoi-vous-devriez-tenir-un-journal-de-formation-en-papier-et-comment-en-mettre-un\/#primaryimage\"},\"image\":{\"@id\":\"https:\/\/vieassociative.be\/actualites\/pourquoi-vous-devriez-tenir-un-journal-de-formation-en-papier-et-comment-en-mettre-un\/#primaryimage\"},\"thumbnailUrl\":\"https:\/\/vieassociative.be\/actualites\/wp-content\/uploads\/2025\/05\/1746785825_Pourquoi-vous-devriez-tenir-un-journal-de-formation-en-papier.jpg\",\"datePublished\":\"2025-05-09T10:17:04+00:00\",\"dateModified\":\"2025-05-09T10:17:04+00:00\",\"breadcrumb\":{\"@id\":\"https:\/\/vieassociative.be\/actualites\/pourquoi-vous-devriez-tenir-un-journal-de-formation-en-papier-et-comment-en-mettre-un\/#breadcrumb\"},\"inLanguage\":\"fr-BE\",\"potentialAction\":[{\"@type\":\"ReadAction\",\"target\":[\"https:\/\/vieassociative.be\/actualites\/pourquoi-vous-devriez-tenir-un-journal-de-formation-en-papier-et-comment-en-mettre-un\/\"]}]},{\"@type\":\"ImageObject\",\"inLanguage\":\"fr-BE\",\"@id\":\"https:\/\/vieassociative.be\/actualites\/pourquoi-vous-devriez-tenir-un-journal-de-formation-en-papier-et-comment-en-mettre-un\/#primaryimage\",\"url\":\"https:\/\/vieassociative.be\/actualites\/wp-content\/uploads\/2025\/05\/1746785825_Pourquoi-vous-devriez-tenir-un-journal-de-formation-en-papier.jpg\",\"contentUrl\":\"https:\/\/vieassociative.be\/actualites\/wp-content\/uploads\/2025\/05\/1746785825_Pourquoi-vous-devriez-tenir-un-journal-de-formation-en-papier.jpg\",\"width\":1200,\"height\":675,\"caption\":\"Pourquoi vous devriez tenir un journal de formation en papier (et comment en mettre un)\"},{\"@type\":\"BreadcrumbList\",\"@id\":\"https:\/\/vieassociative.be\/actualites\/pourquoi-vous-devriez-tenir-un-journal-de-formation-en-papier-et-comment-en-mettre-un\/#breadcrumb\",\"itemListElement\":[{\"@type\":\"ListItem\",\"position\":1,\"name\":\"Accueil\",\"item\":\"https:\/\/vieassociative.be\/actualites\/\"},{\"@type\":\"ListItem\",\"position\":2,\"name\":\"Pourquoi vous devriez tenir un journal de formation en papier (et comment en mettre un)\"}]},{\"@type\":\"WebSite\",\"@id\":\"https:\/\/vieassociative.be\/actualites\/#website\",\"url\":\"https:\/\/vieassociative.be\/actualites\/\",\"name\":\"Vie Associative\",\"description\":\"\",\"publisher\":{\"@id\":\"https:\/\/vieassociative.be\/actualites\/#organization\"},\"potentialAction\":[{\"@type\":\"SearchAction\",\"target\":{\"@type\":\"EntryPoint\",\"urlTemplate\":\"https:\/\/vieassociative.be\/actualites\/?s={search_term_string}\"},\"query-input\":{\"@type\":\"PropertyValueSpecification\",\"valueRequired\":true,\"valueName\":\"search_term_string\"}}],\"inLanguage\":\"fr-BE\"},{\"@type\":\"Organization\",\"@id\":\"https:\/\/vieassociative.be\/actualites\/#organization\",\"name\":\"Vie Associative\",\"url\":\"https:\/\/vieassociative.be\/actualites\/\",\"logo\":{\"@type\":\"ImageObject\",\"inLanguage\":\"fr-BE\",\"@id\":\"https:\/\/vieassociative.be\/actualites\/#\/schema\/logo\/image\/\",\"url\":\"https:\/\/vieassociative.be\/actualites\/wp-content\/uploads\/2024\/09\/cropped-vieassociative_favicon.ico.png\",\"contentUrl\":\"https:\/\/vieassociative.be\/actualites\/wp-content\/uploads\/2024\/09\/cropped-vieassociative_favicon.ico.png\",\"width\":512,\"height\":512,\"caption\":\"Vie Associative\"},\"image\":{\"@id\":\"https:\/\/vieassociative.be\/actualites\/#\/schema\/logo\/image\/\"}},{\"@type\":\"Person\",\"@id\":\"https:\/\/vieassociative.be\/actualites\/#\/schema\/person\/b87ac4f82f9d4e7b7cec7395b679edc4\",\"name\":\"Julien\",\"image\":{\"@type\":\"ImageObject\",\"inLanguage\":\"fr-BE\",\"@id\":\"https:\/\/vieassociative.be\/actualites\/#\/schema\/person\/image\/\",\"url\":\"https:\/\/vieassociative.be\/actualites\/wp-content\/uploads\/2024\/09\/vie-associative-1-150x150.jpg\",\"contentUrl\":\"https:\/\/vieassociative.be\/actualites\/wp-content\/uploads\/2024\/09\/vie-associative-1-150x150.jpg\",\"caption\":\"Julien\"},\"description\":\"Je suis Julien, r\u00e9dacteur pour Vie Associative. Passionn\u00e9 par le monde associatif depuis plus de 10 ans, j'ai \u00e0 c\u0153ur de partager des histoires inspirantes et de mettre en lumi\u00e8re les initiatives locales. Mon objectif est de sensibiliser et d'encourager l'engagement communautaire \u00e0 travers mes articles.\",\"sameAs\":[\"https:\/\/vieassociative.be\/\"]}]}<\/script>\n<!-- \/ Yoast SEO plugin. -->","yoast_head_json":{"title":"Pourquoi vous devriez tenir un journal de formation en papier (et comment en mettre un) | Vie Associative","robots":{"index":"index","follow":"follow","max-snippet":"max-snippet:-1","max-image-preview":"max-image-preview:large","max-video-preview":"max-video-preview:-1"},"canonical":"https:\/\/vieassociative.be\/actualites\/pourquoi-vous-devriez-tenir-un-journal-de-formation-en-papier-et-comment-en-mettre-un\/","og_locale":"fr_FR","og_type":"article","og_title":"Pourquoi vous devriez tenir un journal de formation en papier (et comment en mettre un) | Vie Associative","og_description":"Un journal de formation que vous pouvez tenir dans votre main est bien meilleur que celui qui n&rsquo;existe que dans le cloud. Dans cette \u00e8re","og_url":"https:\/\/vieassociative.be\/actualites\/pourquoi-vous-devriez-tenir-un-journal-de-formation-en-papier-et-comment-en-mettre-un\/","og_site_name":"Vie Associative","article_published_time":"2025-05-09T10:17:04+00:00","og_image":[{"url":"https:\/\/vieassociative.be\/actualites\/wp-content\/uploads\/2025\/05\/Pourquoi-vous-devriez-tenir-un-journal-de-formation-en-papier.svg.svg+xml","type":"","width":"","height":""}],"author":"Julien","twitter_card":"summary_large_image","twitter_misc":{"\u00c9crit par":"Julien","Dur\u00e9e de lecture est.":"6 minutes"},"schema":{"@context":"https:\/\/schema.org","@graph":[{"@type":"Article","@id":"https:\/\/vieassociative.be\/actualites\/pourquoi-vous-devriez-tenir-un-journal-de-formation-en-papier-et-comment-en-mettre-un\/#article","isPartOf":{"@id":"https:\/\/vieassociative.be\/actualites\/pourquoi-vous-devriez-tenir-un-journal-de-formation-en-papier-et-comment-en-mettre-un\/"},"author":{"name":"Julien","@id":"https:\/\/vieassociative.be\/actualites\/#\/schema\/person\/b87ac4f82f9d4e7b7cec7395b679edc4"},"headline":"Pourquoi vous devriez tenir un journal de formation en papier (et comment en mettre un)","datePublished":"2025-05-09T10:17:04+00:00","dateModified":"2025-05-09T10:17:04+00:00","mainEntityOfPage":{"@id":"https:\/\/vieassociative.be\/actualites\/pourquoi-vous-devriez-tenir-un-journal-de-formation-en-papier-et-comment-en-mettre-un\/"},"wordCount":1354,"publisher":{"@id":"https:\/\/vieassociative.be\/actualites\/#organization"},"image":{"@id":"https:\/\/vieassociative.be\/actualites\/pourquoi-vous-devriez-tenir-un-journal-de-formation-en-papier-et-comment-en-mettre-un\/#primaryimage"},"thumbnailUrl":"https:\/\/vieassociative.be\/actualites\/wp-content\/uploads\/2025\/05\/1746785825_Pourquoi-vous-devriez-tenir-un-journal-de-formation-en-papier.jpg","keywords":["Comment","devriez","formation","journal","mettre","papier","Pourquoi","tenir","Vous"],"articleSection":["Sant\u00e9"],"inLanguage":"fr-BE"},{"@type":"WebPage","@id":"https:\/\/vieassociative.be\/actualites\/pourquoi-vous-devriez-tenir-un-journal-de-formation-en-papier-et-comment-en-mettre-un\/","url":"https:\/\/vieassociative.be\/actualites\/pourquoi-vous-devriez-tenir-un-journal-de-formation-en-papier-et-comment-en-mettre-un\/","name":"Pourquoi vous devriez tenir un journal de formation en papier (et comment en mettre un) | Vie Associative","isPartOf":{"@id":"https:\/\/vieassociative.be\/actualites\/#website"},"primaryImageOfPage":{"@id":"https:\/\/vieassociative.be\/actualites\/pourquoi-vous-devriez-tenir-un-journal-de-formation-en-papier-et-comment-en-mettre-un\/#primaryimage"},"image":{"@id":"https:\/\/vieassociative.be\/actualites\/pourquoi-vous-devriez-tenir-un-journal-de-formation-en-papier-et-comment-en-mettre-un\/#primaryimage"},"thumbnailUrl":"https:\/\/vieassociative.be\/actualites\/wp-content\/uploads\/2025\/05\/1746785825_Pourquoi-vous-devriez-tenir-un-journal-de-formation-en-papier.jpg","datePublished":"2025-05-09T10:17:04+00:00","dateModified":"2025-05-09T10:17:04+00:00","breadcrumb":{"@id":"https:\/\/vieassociative.be\/actualites\/pourquoi-vous-devriez-tenir-un-journal-de-formation-en-papier-et-comment-en-mettre-un\/#breadcrumb"},"inLanguage":"fr-BE","potentialAction":[{"@type":"ReadAction","target":["https:\/\/vieassociative.be\/actualites\/pourquoi-vous-devriez-tenir-un-journal-de-formation-en-papier-et-comment-en-mettre-un\/"]}]},{"@type":"ImageObject","inLanguage":"fr-BE","@id":"https:\/\/vieassociative.be\/actualites\/pourquoi-vous-devriez-tenir-un-journal-de-formation-en-papier-et-comment-en-mettre-un\/#primaryimage","url":"https:\/\/vieassociative.be\/actualites\/wp-content\/uploads\/2025\/05\/1746785825_Pourquoi-vous-devriez-tenir-un-journal-de-formation-en-papier.jpg","contentUrl":"https:\/\/vieassociative.be\/actualites\/wp-content\/uploads\/2025\/05\/1746785825_Pourquoi-vous-devriez-tenir-un-journal-de-formation-en-papier.jpg","width":1200,"height":675,"caption":"Pourquoi vous devriez tenir un journal de formation en papier (et comment en mettre un)"},{"@type":"BreadcrumbList","@id":"https:\/\/vieassociative.be\/actualites\/pourquoi-vous-devriez-tenir-un-journal-de-formation-en-papier-et-comment-en-mettre-un\/#breadcrumb","itemListElement":[{"@type":"ListItem","position":1,"name":"Accueil","item":"https:\/\/vieassociative.be\/actualites\/"},{"@type":"ListItem","position":2,"name":"Pourquoi vous devriez tenir un journal de formation en papier (et comment en mettre un)"}]},{"@type":"WebSite","@id":"https:\/\/vieassociative.be\/actualites\/#website","url":"https:\/\/vieassociative.be\/actualites\/","name":"Vie Associative","description":"","publisher":{"@id":"https:\/\/vieassociative.be\/actualites\/#organization"},"potentialAction":[{"@type":"SearchAction","target":{"@type":"EntryPoint","urlTemplate":"https:\/\/vieassociative.be\/actualites\/?s={search_term_string}"},"query-input":{"@type":"PropertyValueSpecification","valueRequired":true,"valueName":"search_term_string"}}],"inLanguage":"fr-BE"},{"@type":"Organization","@id":"https:\/\/vieassociative.be\/actualites\/#organization","name":"Vie Associative","url":"https:\/\/vieassociative.be\/actualites\/","logo":{"@type":"ImageObject","inLanguage":"fr-BE","@id":"https:\/\/vieassociative.be\/actualites\/#\/schema\/logo\/image\/","url":"https:\/\/vieassociative.be\/actualites\/wp-content\/uploads\/2024\/09\/cropped-vieassociative_favicon.ico.png","contentUrl":"https:\/\/vieassociative.be\/actualites\/wp-content\/uploads\/2024\/09\/cropped-vieassociative_favicon.ico.png","width":512,"height":512,"caption":"Vie Associative"},"image":{"@id":"https:\/\/vieassociative.be\/actualites\/#\/schema\/logo\/image\/"}},{"@type":"Person","@id":"https:\/\/vieassociative.be\/actualites\/#\/schema\/person\/b87ac4f82f9d4e7b7cec7395b679edc4","name":"Julien","image":{"@type":"ImageObject","inLanguage":"fr-BE","@id":"https:\/\/vieassociative.be\/actualites\/#\/schema\/person\/image\/","url":"https:\/\/vieassociative.be\/actualites\/wp-content\/uploads\/2024\/09\/vie-associative-1-150x150.jpg","contentUrl":"https:\/\/vieassociative.be\/actualites\/wp-content\/uploads\/2024\/09\/vie-associative-1-150x150.jpg","caption":"Julien"},"description":"Je suis Julien, r\u00e9dacteur pour Vie Associative. Passionn\u00e9 par le monde associatif depuis plus de 10 ans, j'ai \u00e0 c\u0153ur de partager des histoires inspirantes et de mettre en lumi\u00e8re les initiatives locales. Mon objectif est de sensibiliser et d'encourager l'engagement communautaire \u00e0 travers mes articles.","sameAs":["https:\/\/vieassociative.be\/"]}]}},"_links":{"self":[{"href":"https:\/\/vieassociative.be\/actualites\/wp-json\/wp\/v2\/posts\/7417"}],"collection":[{"href":"https:\/\/vieassociative.be\/actualites\/wp-json\/wp\/v2\/posts"}],"about":[{"href":"https:\/\/vieassociative.be\/actualites\/wp-json\/wp\/v2\/types\/post"}],"author":[{"embeddable":true,"href":"https:\/\/vieassociative.be\/actualites\/wp-json\/wp\/v2\/users\/1"}],"replies":[{"embeddable":true,"href":"https:\/\/vieassociative.be\/actualites\/wp-json\/wp\/v2\/comments?post=7417"}],"version-history":[{"count":0,"href":"https:\/\/vieassociative.be\/actualites\/wp-json\/wp\/v2\/posts\/7417\/revisions"}],"wp:featuredmedia":[{"embeddable":true,"href":"https:\/\/vieassociative.be\/actualites\/wp-json\/wp\/v2\/media\/7418"}],"wp:attachment":[{"href":"https:\/\/vieassociative.be\/actualites\/wp-json\/wp\/v2\/media?parent=7417"}],"wp:term":[{"taxonomy":"category","embeddable":true,"href":"https:\/\/vieassociative.be\/actualites\/wp-json\/wp\/v2\/categories?post=7417"},{"taxonomy":"post_tag","embeddable":true,"href":"https:\/\/vieassociative.be\/actualites\/wp-json\/wp\/v2\/tags?post=7417"}],"curies":[{"name":"wp","href":"https:\/\/api.w.org\/{rel}","templated":true}]}}