{"id":7405,"date":"2025-05-08T22:18:09","date_gmt":"2025-05-08T20:18:09","guid":{"rendered":"https:\/\/vieassociative.be\/actualites\/trouve-des-velos-electriques-et-un-cycliste-suspect-dans-les-cas-de-fraude-lichtenbusch-several-a-eupen\/"},"modified":"2025-05-08T22:18:09","modified_gmt":"2025-05-08T20:18:09","slug":"trouve-des-velos-electriques-et-un-cycliste-suspect-dans-les-cas-de-fraude-lichtenbusch-several-a-eupen","status":"publish","type":"post","link":"https:\/\/vieassociative.be\/actualites\/trouve-des-velos-electriques-et-un-cycliste-suspect-dans-les-cas-de-fraude-lichtenbusch-several-a-eupen\/","title":{"rendered":"Trouv\u00e9 des v\u00e9los \u00e9lectriques et un cycliste suspect dans les cas de fraude Lichtenbusch-Several \u00e0 Eupen"},"content":{"rendered":"<p><strong>La zone de police de Weser-G\u00f6hl rapporte plusieurs incidents dans son rapport \u00e0 partir du jeudi 08\/05.<\/strong><\/p>\n<p><span id=\"more-415144\"><\/span><strong>-Les v\u00e9los \u00e9lectriques \u00e0 Lichtenbusch:<\/strong> Le 7 mai, vers 8 h 45, les services de la zone de police de Weser-G\u00f6hl seront signal\u00e9s que 2 v\u00e9los dans la rue sont des lodge Dead \u00e0 Lichtenbusch (Eynatten) et ne sont pas termin\u00e9s. Ce sont des v\u00e9los \u00e9lectriques dont les batteries ont \u00e9t\u00e9 vol\u00e9es. On constate que les v\u00e9los en Allemagne sont annonc\u00e9s pour des perquisitions et ont donc \u00e9t\u00e9 donn\u00e9s aux autorit\u00e9s de la police allemande.<\/p>\n<p><strong>&#8211; tombe \u00e0 Eupen:<\/strong> Le 7 mai, vers 16 h 05, un homme d&rsquo;Eupen rapporte \u00e0 la police, qui est appel\u00e9e par une personne qui aurait travaill\u00e9 pour le papier cartonn\u00e9. L&rsquo;appelant explique qu&rsquo;il a trouv\u00e9 un transfert suspect du compte de l&rsquo;homme \u00e0 l&rsquo;\u00e9tranger, et il a besoin des informations de compte et du code de son application bancaire pour annuler cette transaction. En panique, l&rsquo;homme plus \u00e2g\u00e9 donne les informations et les dommages se produisent dans la plage de quatre chiffres. Les comptes concern\u00e9s sont bloqu\u00e9s et les banques sont inform\u00e9es.<\/p>\n<p>Le m\u00eame jour vers 20 h 50, une femme plus \u00e2g\u00e9e d&rsquo;Eupen rapporte qu&rsquo;elle a re\u00e7u un appel d&rsquo;une personne qui a pass\u00e9 un employ\u00e9 de Microsoft. Il y a \u00e9galement eu des dommages dans la gamme \u00e0 quatre chiffres. Ici aussi, tous les comptes affect\u00e9s sont bloqu\u00e9s et les banques sont inform\u00e9es.<\/p>\n<p><strong>&#8211; Cycliste suspect \u00e0 Lichtenbusch:<\/strong> Le 8 mai, vers 13h15, un service de la zone de police de Weser-G\u00f6hl suivra le Horster Park \u00e0 Lichtenbusch (Eynatten) lorsqu&rsquo;un cycliste se d\u00e9marque sur la route publique sans la lumi\u00e8re sur la route publique. L&rsquo;homme d&rsquo;Allemagne avait non seulement du cannabis dans ses bagages, mais aussi des pilules MDMA et un spray au poivre. Plusieurs protocoles sont cr\u00e9\u00e9s.<\/p>\n","protected":false},"excerpt":{"rendered":"<p>La zone de police de Weser-G\u00f6hl rapporte plusieurs incidents dans son rapport \u00e0 partir du jeudi 08\/05. -Les v\u00e9los \u00e9lectriques \u00e0 Lichtenbusch: Le 7 mai,<\/p>\n","protected":false},"author":1,"featured_media":1939,"comment_status":"","ping_status":"","sticky":false,"template":"","format":"standard","meta":{"footnotes":""},"categories":[298],"tags":[2691,6884,166,29,3502,2329,1577,14,6886,6885,829,1598],"class_list":["post-7405","post","type-post","status-publish","format-standard","has-post-thumbnail","hentry","category-belgique","tag-cas","tag-cycliste","tag-dans","tag-des","tag-electriques","tag-eupen","tag-fraude","tag-les","tag-lichtenbuschseveral","tag-suspect","tag-trouve","tag-velos","generate-columns","tablet-grid-50","mobile-grid-100","grid-parent","grid-33"],"yoast_head":"<!-- This site is optimized with the Yoast SEO plugin v24.0 - https:\/\/yoast.com\/wordpress\/plugins\/seo\/ -->\n<title>Trouv\u00e9 des v\u00e9los \u00e9lectriques et un cycliste suspect dans les cas de fraude Lichtenbusch-Several \u00e0 Eupen | Vie Associative<\/title>\n<meta name=\"robots\" content=\"index, follow, max-snippet:-1, max-image-preview:large, max-video-preview:-1\" \/>\n<link rel=\"canonical\" href=\"https:\/\/vieassociative.be\/actualites\/trouve-des-velos-electriques-et-un-cycliste-suspect-dans-les-cas-de-fraude-lichtenbusch-several-a-eupen\/\" \/>\n<meta property=\"og:locale\" content=\"fr_FR\" \/>\n<meta property=\"og:type\" content=\"article\" \/>\n<meta property=\"og:title\" content=\"Trouv\u00e9 des v\u00e9los \u00e9lectriques et un cycliste suspect dans les cas de fraude Lichtenbusch-Several \u00e0 Eupen | Vie Associative\" \/>\n<meta property=\"og:description\" content=\"La zone de police de Weser-G\u00f6hl rapporte plusieurs incidents dans son rapport \u00e0 partir du jeudi 08\/05. -Les v\u00e9los \u00e9lectriques \u00e0 Lichtenbusch: Le 7 mai,\" \/>\n<meta property=\"og:url\" content=\"https:\/\/vieassociative.be\/actualites\/trouve-des-velos-electriques-et-un-cycliste-suspect-dans-les-cas-de-fraude-lichtenbusch-several-a-eupen\/\" \/>\n<meta property=\"og:site_name\" content=\"Vie Associative\" \/>\n<meta property=\"article:published_time\" content=\"2025-05-08T20:18:09+00:00\" \/>\n<meta property=\"og:image\" content=\"https:\/\/vieassociative.be\/actualites\/wp-content\/uploads\/2024\/09\/header_backgroundk-01-e1726694325946.png\" \/>\n\t<meta property=\"og:image:width\" content=\"279\" \/>\n\t<meta property=\"og:image:height\" content=\"92\" \/>\n\t<meta property=\"og:image:type\" content=\"image\/png\" \/>\n<meta name=\"author\" content=\"Julien\" \/>\n<meta name=\"twitter:card\" content=\"summary_large_image\" \/>\n<meta name=\"twitter:label1\" content=\"\u00c9crit par\" \/>\n\t<meta name=\"twitter:data1\" content=\"Julien\" \/>\n\t<meta name=\"twitter:label2\" content=\"Dur\u00e9e de lecture est.\" \/>\n\t<meta name=\"twitter:data2\" content=\"2 minutes\" \/>\n<script type=\"application\/ld+json\" class=\"yoast-schema-graph\">{\"@context\":\"https:\/\/schema.org\",\"@graph\":[{\"@type\":\"Article\",\"@id\":\"https:\/\/vieassociative.be\/actualites\/trouve-des-velos-electriques-et-un-cycliste-suspect-dans-les-cas-de-fraude-lichtenbusch-several-a-eupen\/#article\",\"isPartOf\":{\"@id\":\"https:\/\/vieassociative.be\/actualites\/trouve-des-velos-electriques-et-un-cycliste-suspect-dans-les-cas-de-fraude-lichtenbusch-several-a-eupen\/\"},\"author\":{\"name\":\"Julien\",\"@id\":\"https:\/\/vieassociative.be\/actualites\/#\/schema\/person\/b87ac4f82f9d4e7b7cec7395b679edc4\"},\"headline\":\"Trouv\u00e9 des v\u00e9los \u00e9lectriques et un cycliste suspect dans les cas de fraude Lichtenbusch-Several \u00e0 Eupen\",\"datePublished\":\"2025-05-08T20:18:09+00:00\",\"dateModified\":\"2025-05-08T20:18:09+00:00\",\"mainEntityOfPage\":{\"@id\":\"https:\/\/vieassociative.be\/actualites\/trouve-des-velos-electriques-et-un-cycliste-suspect-dans-les-cas-de-fraude-lichtenbusch-several-a-eupen\/\"},\"wordCount\":337,\"publisher\":{\"@id\":\"https:\/\/vieassociative.be\/actualites\/#organization\"},\"image\":{\"@id\":\"https:\/\/vieassociative.be\/actualites\/trouve-des-velos-electriques-et-un-cycliste-suspect-dans-les-cas-de-fraude-lichtenbusch-several-a-eupen\/#primaryimage\"},\"thumbnailUrl\":\"https:\/\/vieassociative.be\/actualites\/wp-content\/uploads\/2024\/11\/Raeren-Le-conducteur-tombe-dans-un-micro-sommeil-a-midi.jpeg\",\"keywords\":[\"cas\",\"cycliste\",\"dans\",\"Des\",\"\u00e9lectriques\",\"Eupen\",\"fraude\",\"Les\",\"LichtenbuschSeveral\",\"suspect\",\"trouv\u00e9\",\"v\u00e9los\"],\"articleSection\":[\"Belgique\"],\"inLanguage\":\"fr-BE\"},{\"@type\":\"WebPage\",\"@id\":\"https:\/\/vieassociative.be\/actualites\/trouve-des-velos-electriques-et-un-cycliste-suspect-dans-les-cas-de-fraude-lichtenbusch-several-a-eupen\/\",\"url\":\"https:\/\/vieassociative.be\/actualites\/trouve-des-velos-electriques-et-un-cycliste-suspect-dans-les-cas-de-fraude-lichtenbusch-several-a-eupen\/\",\"name\":\"Trouv\u00e9 des v\u00e9los \u00e9lectriques et un cycliste suspect dans les cas de fraude Lichtenbusch-Several \u00e0 Eupen | Vie Associative\",\"isPartOf\":{\"@id\":\"https:\/\/vieassociative.be\/actualites\/#website\"},\"primaryImageOfPage\":{\"@id\":\"https:\/\/vieassociative.be\/actualites\/trouve-des-velos-electriques-et-un-cycliste-suspect-dans-les-cas-de-fraude-lichtenbusch-several-a-eupen\/#primaryimage\"},\"image\":{\"@id\":\"https:\/\/vieassociative.be\/actualites\/trouve-des-velos-electriques-et-un-cycliste-suspect-dans-les-cas-de-fraude-lichtenbusch-several-a-eupen\/#primaryimage\"},\"thumbnailUrl\":\"https:\/\/vieassociative.be\/actualites\/wp-content\/uploads\/2024\/11\/Raeren-Le-conducteur-tombe-dans-un-micro-sommeil-a-midi.jpeg\",\"datePublished\":\"2025-05-08T20:18:09+00:00\",\"dateModified\":\"2025-05-08T20:18:09+00:00\",\"breadcrumb\":{\"@id\":\"https:\/\/vieassociative.be\/actualites\/trouve-des-velos-electriques-et-un-cycliste-suspect-dans-les-cas-de-fraude-lichtenbusch-several-a-eupen\/#breadcrumb\"},\"inLanguage\":\"fr-BE\",\"potentialAction\":[{\"@type\":\"ReadAction\",\"target\":[\"https:\/\/vieassociative.be\/actualites\/trouve-des-velos-electriques-et-un-cycliste-suspect-dans-les-cas-de-fraude-lichtenbusch-several-a-eupen\/\"]}]},{\"@type\":\"ImageObject\",\"inLanguage\":\"fr-BE\",\"@id\":\"https:\/\/vieassociative.be\/actualites\/trouve-des-velos-electriques-et-un-cycliste-suspect-dans-les-cas-de-fraude-lichtenbusch-several-a-eupen\/#primaryimage\",\"url\":\"https:\/\/vieassociative.be\/actualites\/wp-content\/uploads\/2024\/11\/Raeren-Le-conducteur-tombe-dans-un-micro-sommeil-a-midi.jpeg\",\"contentUrl\":\"https:\/\/vieassociative.be\/actualites\/wp-content\/uploads\/2024\/11\/Raeren-Le-conducteur-tombe-dans-un-micro-sommeil-a-midi.jpeg\",\"width\":1200,\"height\":800,\"caption\":\"Raeren : Le conducteur tombe dans un micro-sommeil \u00e0 midi\"},{\"@type\":\"BreadcrumbList\",\"@id\":\"https:\/\/vieassociative.be\/actualites\/trouve-des-velos-electriques-et-un-cycliste-suspect-dans-les-cas-de-fraude-lichtenbusch-several-a-eupen\/#breadcrumb\",\"itemListElement\":[{\"@type\":\"ListItem\",\"position\":1,\"name\":\"Accueil\",\"item\":\"https:\/\/vieassociative.be\/actualites\/\"},{\"@type\":\"ListItem\",\"position\":2,\"name\":\"Trouv\u00e9 des v\u00e9los \u00e9lectriques et un cycliste suspect dans les cas de fraude Lichtenbusch-Several \u00e0 Eupen\"}]},{\"@type\":\"WebSite\",\"@id\":\"https:\/\/vieassociative.be\/actualites\/#website\",\"url\":\"https:\/\/vieassociative.be\/actualites\/\",\"name\":\"Vie Associative\",\"description\":\"\",\"publisher\":{\"@id\":\"https:\/\/vieassociative.be\/actualites\/#organization\"},\"potentialAction\":[{\"@type\":\"SearchAction\",\"target\":{\"@type\":\"EntryPoint\",\"urlTemplate\":\"https:\/\/vieassociative.be\/actualites\/?s={search_term_string}\"},\"query-input\":{\"@type\":\"PropertyValueSpecification\",\"valueRequired\":true,\"valueName\":\"search_term_string\"}}],\"inLanguage\":\"fr-BE\"},{\"@type\":\"Organization\",\"@id\":\"https:\/\/vieassociative.be\/actualites\/#organization\",\"name\":\"Vie Associative\",\"url\":\"https:\/\/vieassociative.be\/actualites\/\",\"logo\":{\"@type\":\"ImageObject\",\"inLanguage\":\"fr-BE\",\"@id\":\"https:\/\/vieassociative.be\/actualites\/#\/schema\/logo\/image\/\",\"url\":\"https:\/\/vieassociative.be\/actualites\/wp-content\/uploads\/2024\/09\/cropped-vieassociative_favicon.ico.png\",\"contentUrl\":\"https:\/\/vieassociative.be\/actualites\/wp-content\/uploads\/2024\/09\/cropped-vieassociative_favicon.ico.png\",\"width\":512,\"height\":512,\"caption\":\"Vie Associative\"},\"image\":{\"@id\":\"https:\/\/vieassociative.be\/actualites\/#\/schema\/logo\/image\/\"}},{\"@type\":\"Person\",\"@id\":\"https:\/\/vieassociative.be\/actualites\/#\/schema\/person\/b87ac4f82f9d4e7b7cec7395b679edc4\",\"name\":\"Julien\",\"image\":{\"@type\":\"ImageObject\",\"inLanguage\":\"fr-BE\",\"@id\":\"https:\/\/vieassociative.be\/actualites\/#\/schema\/person\/image\/\",\"url\":\"https:\/\/vieassociative.be\/actualites\/wp-content\/uploads\/2024\/09\/vie-associative-1-150x150.jpg\",\"contentUrl\":\"https:\/\/vieassociative.be\/actualites\/wp-content\/uploads\/2024\/09\/vie-associative-1-150x150.jpg\",\"caption\":\"Julien\"},\"description\":\"Je suis Julien, r\u00e9dacteur pour Vie Associative. Passionn\u00e9 par le monde associatif depuis plus de 10 ans, j'ai \u00e0 c\u0153ur de partager des histoires inspirantes et de mettre en lumi\u00e8re les initiatives locales. Mon objectif est de sensibiliser et d'encourager l'engagement communautaire \u00e0 travers mes articles.\",\"sameAs\":[\"https:\/\/vieassociative.be\/\"]}]}<\/script>\n<!-- \/ Yoast SEO plugin. -->","yoast_head_json":{"title":"Trouv\u00e9 des v\u00e9los \u00e9lectriques et un cycliste suspect dans les cas de fraude Lichtenbusch-Several \u00e0 Eupen | Vie Associative","robots":{"index":"index","follow":"follow","max-snippet":"max-snippet:-1","max-image-preview":"max-image-preview:large","max-video-preview":"max-video-preview:-1"},"canonical":"https:\/\/vieassociative.be\/actualites\/trouve-des-velos-electriques-et-un-cycliste-suspect-dans-les-cas-de-fraude-lichtenbusch-several-a-eupen\/","og_locale":"fr_FR","og_type":"article","og_title":"Trouv\u00e9 des v\u00e9los \u00e9lectriques et un cycliste suspect dans les cas de fraude Lichtenbusch-Several \u00e0 Eupen | Vie Associative","og_description":"La zone de police de Weser-G\u00f6hl rapporte plusieurs incidents dans son rapport \u00e0 partir du jeudi 08\/05. -Les v\u00e9los \u00e9lectriques \u00e0 Lichtenbusch: Le 7 mai,","og_url":"https:\/\/vieassociative.be\/actualites\/trouve-des-velos-electriques-et-un-cycliste-suspect-dans-les-cas-de-fraude-lichtenbusch-several-a-eupen\/","og_site_name":"Vie Associative","article_published_time":"2025-05-08T20:18:09+00:00","og_image":[{"width":279,"height":92,"url":"https:\/\/vieassociative.be\/actualites\/wp-content\/uploads\/2024\/09\/header_backgroundk-01-e1726694325946.png","type":"image\/png"}],"author":"Julien","twitter_card":"summary_large_image","twitter_misc":{"\u00c9crit par":"Julien","Dur\u00e9e de lecture est.":"2 minutes"},"schema":{"@context":"https:\/\/schema.org","@graph":[{"@type":"Article","@id":"https:\/\/vieassociative.be\/actualites\/trouve-des-velos-electriques-et-un-cycliste-suspect-dans-les-cas-de-fraude-lichtenbusch-several-a-eupen\/#article","isPartOf":{"@id":"https:\/\/vieassociative.be\/actualites\/trouve-des-velos-electriques-et-un-cycliste-suspect-dans-les-cas-de-fraude-lichtenbusch-several-a-eupen\/"},"author":{"name":"Julien","@id":"https:\/\/vieassociative.be\/actualites\/#\/schema\/person\/b87ac4f82f9d4e7b7cec7395b679edc4"},"headline":"Trouv\u00e9 des v\u00e9los \u00e9lectriques et un cycliste suspect dans les cas de fraude Lichtenbusch-Several \u00e0 Eupen","datePublished":"2025-05-08T20:18:09+00:00","dateModified":"2025-05-08T20:18:09+00:00","mainEntityOfPage":{"@id":"https:\/\/vieassociative.be\/actualites\/trouve-des-velos-electriques-et-un-cycliste-suspect-dans-les-cas-de-fraude-lichtenbusch-several-a-eupen\/"},"wordCount":337,"publisher":{"@id":"https:\/\/vieassociative.be\/actualites\/#organization"},"image":{"@id":"https:\/\/vieassociative.be\/actualites\/trouve-des-velos-electriques-et-un-cycliste-suspect-dans-les-cas-de-fraude-lichtenbusch-several-a-eupen\/#primaryimage"},"thumbnailUrl":"https:\/\/vieassociative.be\/actualites\/wp-content\/uploads\/2024\/11\/Raeren-Le-conducteur-tombe-dans-un-micro-sommeil-a-midi.jpeg","keywords":["cas","cycliste","dans","Des","\u00e9lectriques","Eupen","fraude","Les","LichtenbuschSeveral","suspect","trouv\u00e9","v\u00e9los"],"articleSection":["Belgique"],"inLanguage":"fr-BE"},{"@type":"WebPage","@id":"https:\/\/vieassociative.be\/actualites\/trouve-des-velos-electriques-et-un-cycliste-suspect-dans-les-cas-de-fraude-lichtenbusch-several-a-eupen\/","url":"https:\/\/vieassociative.be\/actualites\/trouve-des-velos-electriques-et-un-cycliste-suspect-dans-les-cas-de-fraude-lichtenbusch-several-a-eupen\/","name":"Trouv\u00e9 des v\u00e9los \u00e9lectriques et un cycliste suspect dans les cas de fraude Lichtenbusch-Several \u00e0 Eupen | Vie Associative","isPartOf":{"@id":"https:\/\/vieassociative.be\/actualites\/#website"},"primaryImageOfPage":{"@id":"https:\/\/vieassociative.be\/actualites\/trouve-des-velos-electriques-et-un-cycliste-suspect-dans-les-cas-de-fraude-lichtenbusch-several-a-eupen\/#primaryimage"},"image":{"@id":"https:\/\/vieassociative.be\/actualites\/trouve-des-velos-electriques-et-un-cycliste-suspect-dans-les-cas-de-fraude-lichtenbusch-several-a-eupen\/#primaryimage"},"thumbnailUrl":"https:\/\/vieassociative.be\/actualites\/wp-content\/uploads\/2024\/11\/Raeren-Le-conducteur-tombe-dans-un-micro-sommeil-a-midi.jpeg","datePublished":"2025-05-08T20:18:09+00:00","dateModified":"2025-05-08T20:18:09+00:00","breadcrumb":{"@id":"https:\/\/vieassociative.be\/actualites\/trouve-des-velos-electriques-et-un-cycliste-suspect-dans-les-cas-de-fraude-lichtenbusch-several-a-eupen\/#breadcrumb"},"inLanguage":"fr-BE","potentialAction":[{"@type":"ReadAction","target":["https:\/\/vieassociative.be\/actualites\/trouve-des-velos-electriques-et-un-cycliste-suspect-dans-les-cas-de-fraude-lichtenbusch-several-a-eupen\/"]}]},{"@type":"ImageObject","inLanguage":"fr-BE","@id":"https:\/\/vieassociative.be\/actualites\/trouve-des-velos-electriques-et-un-cycliste-suspect-dans-les-cas-de-fraude-lichtenbusch-several-a-eupen\/#primaryimage","url":"https:\/\/vieassociative.be\/actualites\/wp-content\/uploads\/2024\/11\/Raeren-Le-conducteur-tombe-dans-un-micro-sommeil-a-midi.jpeg","contentUrl":"https:\/\/vieassociative.be\/actualites\/wp-content\/uploads\/2024\/11\/Raeren-Le-conducteur-tombe-dans-un-micro-sommeil-a-midi.jpeg","width":1200,"height":800,"caption":"Raeren : Le conducteur tombe dans un micro-sommeil \u00e0 midi"},{"@type":"BreadcrumbList","@id":"https:\/\/vieassociative.be\/actualites\/trouve-des-velos-electriques-et-un-cycliste-suspect-dans-les-cas-de-fraude-lichtenbusch-several-a-eupen\/#breadcrumb","itemListElement":[{"@type":"ListItem","position":1,"name":"Accueil","item":"https:\/\/vieassociative.be\/actualites\/"},{"@type":"ListItem","position":2,"name":"Trouv\u00e9 des v\u00e9los \u00e9lectriques et un cycliste suspect dans les cas de fraude Lichtenbusch-Several \u00e0 Eupen"}]},{"@type":"WebSite","@id":"https:\/\/vieassociative.be\/actualites\/#website","url":"https:\/\/vieassociative.be\/actualites\/","name":"Vie Associative","description":"","publisher":{"@id":"https:\/\/vieassociative.be\/actualites\/#organization"},"potentialAction":[{"@type":"SearchAction","target":{"@type":"EntryPoint","urlTemplate":"https:\/\/vieassociative.be\/actualites\/?s={search_term_string}"},"query-input":{"@type":"PropertyValueSpecification","valueRequired":true,"valueName":"search_term_string"}}],"inLanguage":"fr-BE"},{"@type":"Organization","@id":"https:\/\/vieassociative.be\/actualites\/#organization","name":"Vie Associative","url":"https:\/\/vieassociative.be\/actualites\/","logo":{"@type":"ImageObject","inLanguage":"fr-BE","@id":"https:\/\/vieassociative.be\/actualites\/#\/schema\/logo\/image\/","url":"https:\/\/vieassociative.be\/actualites\/wp-content\/uploads\/2024\/09\/cropped-vieassociative_favicon.ico.png","contentUrl":"https:\/\/vieassociative.be\/actualites\/wp-content\/uploads\/2024\/09\/cropped-vieassociative_favicon.ico.png","width":512,"height":512,"caption":"Vie Associative"},"image":{"@id":"https:\/\/vieassociative.be\/actualites\/#\/schema\/logo\/image\/"}},{"@type":"Person","@id":"https:\/\/vieassociative.be\/actualites\/#\/schema\/person\/b87ac4f82f9d4e7b7cec7395b679edc4","name":"Julien","image":{"@type":"ImageObject","inLanguage":"fr-BE","@id":"https:\/\/vieassociative.be\/actualites\/#\/schema\/person\/image\/","url":"https:\/\/vieassociative.be\/actualites\/wp-content\/uploads\/2024\/09\/vie-associative-1-150x150.jpg","contentUrl":"https:\/\/vieassociative.be\/actualites\/wp-content\/uploads\/2024\/09\/vie-associative-1-150x150.jpg","caption":"Julien"},"description":"Je suis Julien, r\u00e9dacteur pour Vie Associative. Passionn\u00e9 par le monde associatif depuis plus de 10 ans, j'ai \u00e0 c\u0153ur de partager des histoires inspirantes et de mettre en lumi\u00e8re les initiatives locales. Mon objectif est de sensibiliser et d'encourager l'engagement communautaire \u00e0 travers mes articles.","sameAs":["https:\/\/vieassociative.be\/"]}]}},"_links":{"self":[{"href":"https:\/\/vieassociative.be\/actualites\/wp-json\/wp\/v2\/posts\/7405"}],"collection":[{"href":"https:\/\/vieassociative.be\/actualites\/wp-json\/wp\/v2\/posts"}],"about":[{"href":"https:\/\/vieassociative.be\/actualites\/wp-json\/wp\/v2\/types\/post"}],"author":[{"embeddable":true,"href":"https:\/\/vieassociative.be\/actualites\/wp-json\/wp\/v2\/users\/1"}],"replies":[{"embeddable":true,"href":"https:\/\/vieassociative.be\/actualites\/wp-json\/wp\/v2\/comments?post=7405"}],"version-history":[{"count":0,"href":"https:\/\/vieassociative.be\/actualites\/wp-json\/wp\/v2\/posts\/7405\/revisions"}],"wp:featuredmedia":[{"embeddable":true,"href":"https:\/\/vieassociative.be\/actualites\/wp-json\/wp\/v2\/media\/1939"}],"wp:attachment":[{"href":"https:\/\/vieassociative.be\/actualites\/wp-json\/wp\/v2\/media?parent=7405"}],"wp:term":[{"taxonomy":"category","embeddable":true,"href":"https:\/\/vieassociative.be\/actualites\/wp-json\/wp\/v2\/categories?post=7405"},{"taxonomy":"post_tag","embeddable":true,"href":"https:\/\/vieassociative.be\/actualites\/wp-json\/wp\/v2\/tags?post=7405"}],"curies":[{"name":"wp","href":"https:\/\/api.w.org\/{rel}","templated":true}]}}