{"id":7401,"date":"2025-05-08T19:18:39","date_gmt":"2025-05-08T17:18:39","guid":{"rendered":"https:\/\/vieassociative.be\/actualites\/ou-faire-lepicerie-pour-eviter-les-augmentations-de-prix-des-tarifs\/"},"modified":"2025-05-08T19:18:39","modified_gmt":"2025-05-08T17:18:39","slug":"ou-faire-lepicerie-pour-eviter-les-augmentations-de-prix-des-tarifs","status":"publish","type":"post","link":"https:\/\/vieassociative.be\/actualites\/ou-faire-lepicerie-pour-eviter-les-augmentations-de-prix-des-tarifs\/","title":{"rendered":"O\u00f9 faire l&rsquo;\u00e9picerie pour \u00e9viter les augmentations de prix des tarifs"},"content":{"rendered":"<div class=\"mt-4 leading-6 md:mb-8\">Si votre \u00e9picerie augmente les prix en raison de tarifs, voici o\u00f9 regarder dans votre r\u00e9gion.<\/div>\n<p><\/p>\n<p>Vous ne pouvez pas aller longtemps ces jours-ci sans entendre le mot \u00abtarif\u00bb, et pour la plupart d&rsquo;entre nous, le simple fait de l&rsquo;entendre induit de l&rsquo;anxi\u00e9t\u00e9. Les budgets familiaux, d\u00e9j\u00e0 un d\u00e9fi, deviendront beaucoup plus difficiles une fois que les augmentations de prix et les p\u00e9nuries pr\u00e9vues se d\u00e9clencheront &#8211; une \u00e9tude pr\u00e9dit que ces nouveaux tarifs co\u00fbteront en moyenne en moyenne 3800 $ cette ann\u00e9e.<\/p>\n<p>Si vous \u00eates d\u00e9termin\u00e9 \u00e0 \u00e9viter les suppl\u00e9ments de tarif, vous avez du pain sur la planche pour vous, surtout en ce qui concerne l&rsquo;\u00e9picerie. Environ 15% de notre approvisionnement alimentaire est import\u00e9, mais ce nombre ne explique pas n\u00e9cessairement des aliments qui proviennent au niveau national mais utilisent des ingr\u00e9dients import\u00e9s. Et certaines agrafes, comme le caf\u00e9 ou les bananes, sont presque exclusivement import\u00e9es. Mais si vous esp\u00e9rez \u00e9viter les tarifs sur vos factures d&rsquo;\u00e9picerie, vous avez quelques options minces \u00e0 explorer.<\/p>\n<h2 id=\"albertsons\">Albertsons<\/h2>\n<p>Au milieu de tous les avertissements de la hausse des prix de l&rsquo;\u00e9picerie, il y a eu un soup\u00e7on de bonnes nouvelles: le g\u00e9ant de l&rsquo;\u00e9picerie Albertsons a annonc\u00e9 fin mars qu&rsquo;il ne tol\u00e9rerait pas les augmentations de prix automatiques de ses fournisseurs en raison de tarifs. Il est explicitement con\u00e7u comme une politique con\u00e7ue pour maintenir les prix \u00e0 leurs niveaux actuels.<\/p>\n<p>Cela ne veut pas dire qu&rsquo;il n&rsquo;y aura pas <em>n&rsquo;importe lequel<\/em> Augmentation des prix &#8211; Albertsons a pr\u00e9cis\u00e9 que cela prendrait des augmentations \u00e0 l&rsquo;\u00e9tude, mais ses fournisseurs devraient s&rsquo;appliquer essentiellement pour augmenter leurs prix, et la soci\u00e9t\u00e9 examinerait l&rsquo;opportunit\u00e9 d&rsquo;accorder la demande. Mais Albertsons s&rsquo;approvisionne d\u00e9j\u00e0 environ 90% de ses produits au niveau national (bien que cela ne signifie pas que les ingr\u00e9dients ou autres composants qui pourraient \u00eatre affect\u00e9s par les tarifs ne sont pas inclus dans ces produits nationaux), cette politique pourrait donc avoir un impact r\u00e9el sur les prix.<\/p>\n<p>La bonne nouvelle ici est qu&rsquo;Albertsons est <em>\u00e9norme<\/em>. Ils exploitent plus de 20 cha\u00eenes de supermarch\u00e9s, notamment Safeway, Acme, Carrs et Balducci&rsquo;s Food Lovers Market &#8211; un total de plus de 2 200 magasins \u00e0 travers le pays. Vous pouvez voir une liste compl\u00e8te de cha\u00eenes appartenant \u00e0 Albertsons ici pour voir s&rsquo;il y a des emplacements pr\u00e8s de chez vous.<\/p>\n<div class=\"pogoClear relative my-10 border-b-(1.5px) border-t-(1.5px) border-dashed border-black py-5 sm:my-14 sm:border-0 sm:py-0\" data-ga-click data-ga-template=\"Explainers\" data-ga-module=\"openweb_widget\" data-ga-element=\"openweb_scroll\" data-ga-item=\"openweb_scroll_midpage\" x-cloak x-data=\"{ commentsCount: null, hasComments: false }\" x-init=\"commentsCount = await window.openweb.getMessagesCount(01JTNQSJ2TXV292JM9J94XHNVP);\n     hasComments = commentsCount !== null &amp;&amp; commentsCount &gt; 0\"><\/p>\n<div class=\"absolute top-1\/2 hidden w-full -translate-y-1\/2 border-t-(1.5px) border-dashed border-black sm:block\"><\/div>\n<div class=\"relative flex justify-center\">\n<div class=\"flex max-w-max items-center gap-x-3 bg-white px-5\">\n<div class=\"relative\">\n                <span class=\"absolute left-1\/2 top-1\/2 -translate-x-1\/2 -translate-y-1\/2 font-akshar text-sm font-medium text-black\" x-show=\"hasComments\" x-text=\"commentsCount\"><\/span><\/p>\n<p>                <svg class=\"h-8 w-8 text-black\">\n                    <use href=\"http:\/\/lifehacker.com\/images\/icons\/spritemap.svg#sprite-chat-bubble\"><\/use>\n                <\/svg>\n            <\/div>\n<p>            <span class=\"text-sm font-medium text-black\"><\/p>\n<p>                Que pensez-vous jusqu&rsquo;\u00e0 pr\u00e9sent?<br \/>\n                <button class=\"font-semibold text-brand-green underline hover:text-brand-green-700\" onclick=\"window.openweb.scrollToComments('01JTNQSJ2TXV292JM9J94XHNVP')\" x-text=\"hasComments ? 'Post a comment.' : 'Be the first to post a comment.'\"><\/button><br \/>\n            <\/span>\n        <\/div>\n<\/p><\/div>\n<\/div>\n<h2 id=\"other-strategies\">Autres strat\u00e9gies<\/h2>\n<p>Si vous n&rsquo;\u00eates pas proche d&rsquo;un magasin d&rsquo;Albertsons et que vous \u00eates toujours d\u00e9termin\u00e9 \u00e0 annuler autant que possible les tarifs, vous avez peu d&rsquo;autres options:<\/p>\n<ul>\n<li>\n<p><strong>Achetez local.<\/strong> L&rsquo;achat autant d&rsquo;\u00e9picerie sur les march\u00e9s fermiers et autres sources directes \u00e9vitera la plupart des augmentations de prix tarifaires, bien que les march\u00e9s des agriculteurs aient tendance \u00e0 \u00eatre l\u00e9g\u00e8rement plus cher que les \u00e9piceries en premier lieu, vous pourriez donc ne pas \u00e9conomiser autant d&rsquo;argent en emp\u00eachant cette voie.<\/p>\n<\/li>\n<li>\n<p><strong>Shopping s\u00e9lectif.<\/strong> Vous pouvez \u00e9galement continuer \u00e0 magasiner dans votre supermarch\u00e9 local, mais pr\u00eater une attention particuli\u00e8re \u00e0 l&rsquo;\u00e9tat d&rsquo;importation des articles que vous achetez. Bien que vous ne trouviez probablement pas beaucoup de caf\u00e9 domestique dans votre \u00e9picerie, il existe de nombreux articles qui ne sont pas import\u00e9s et devraient donc \u00e9viter la plupart des augmentations de prix ax\u00e9es sur les tarifs. Cela peut \u00eatre laborieux, et comme les produits fabriqu\u00e9s au niveau national peuvent toujours souffrir de tarifs s&rsquo;ils incluent des ingr\u00e9dients ou des emballages import\u00e9s, il n&rsquo;y a aucune garantie que vous \u00e9chappez aux prix plus \u00e9lev\u00e9s en recherchant une d\u00e9signation \u00abMade in the USA\u00bb.<\/p>\n<\/li>\n<\/ul>\n<p>Il sera difficile d&rsquo;\u00e9viter les augmentations de prix des tarifs \u00e0 moins que vous ne viviez pr\u00e8s d&rsquo;une \u00e9picerie Albertsons, du moins pour le moment. Jusqu&rsquo;\u00e0 ce que davantage de cha\u00eenes d&rsquo;\u00e9picerie suivent leur exemple (ou Albertsons annule la politique sous pression de leurs fournisseurs), c&rsquo;est votre meilleur pari pour \u00e9viter la taxe.<\/p>\n","protected":false},"excerpt":{"rendered":"<p>Si votre \u00e9picerie augmente les prix en raison de tarifs, voici o\u00f9 regarder dans votre r\u00e9gion. Vous ne pouvez pas aller longtemps ces jours-ci sans<\/p>\n","protected":false},"author":1,"featured_media":7402,"comment_status":"","ping_status":"","sticky":false,"template":"","format":"standard","meta":{"footnotes":""},"categories":[41],"tags":[6883,29,45,127,5307,14,841,81,1399,5819],"class_list":["post-7401","post","type-post","status-publish","format-standard","has-post-thumbnail","hentry","category-argent","tag-augmentations","tag-des","tag-eviter","tag-faire","tag-lepicerie","tag-les","tag-ou","tag-pour","tag-prix","tag-tarifs","generate-columns","tablet-grid-50","mobile-grid-100","grid-parent","grid-33"],"yoast_head":"<!-- This site is optimized with the Yoast SEO plugin v24.0 - https:\/\/yoast.com\/wordpress\/plugins\/seo\/ -->\n<title>O\u00f9 faire l&#039;\u00e9picerie pour \u00e9viter les augmentations de prix des tarifs | Vie Associative<\/title>\n<meta name=\"robots\" content=\"index, follow, max-snippet:-1, max-image-preview:large, max-video-preview:-1\" \/>\n<link rel=\"canonical\" href=\"https:\/\/vieassociative.be\/actualites\/ou-faire-lepicerie-pour-eviter-les-augmentations-de-prix-des-tarifs\/\" \/>\n<meta property=\"og:locale\" content=\"fr_FR\" \/>\n<meta property=\"og:type\" content=\"article\" \/>\n<meta property=\"og:title\" content=\"O\u00f9 faire l&#039;\u00e9picerie pour \u00e9viter les augmentations de prix des tarifs | Vie Associative\" \/>\n<meta property=\"og:description\" content=\"Si votre \u00e9picerie augmente les prix en raison de tarifs, voici o\u00f9 regarder dans votre r\u00e9gion. Vous ne pouvez pas aller longtemps ces jours-ci sans\" \/>\n<meta property=\"og:url\" content=\"https:\/\/vieassociative.be\/actualites\/ou-faire-lepicerie-pour-eviter-les-augmentations-de-prix-des-tarifs\/\" \/>\n<meta property=\"og:site_name\" content=\"Vie Associative\" \/>\n<meta property=\"article:published_time\" content=\"2025-05-08T17:18:39+00:00\" \/>\n<meta property=\"og:image\" content=\"https:\/\/vieassociative.be\/actualites\/wp-content\/uploads\/2024\/09\/header_backgroundk-01-e1726694325946.png\" \/>\n\t<meta property=\"og:image:width\" content=\"279\" \/>\n\t<meta property=\"og:image:height\" content=\"92\" \/>\n\t<meta property=\"og:image:type\" content=\"image\/png\" \/>\n<meta name=\"author\" content=\"Julien\" \/>\n<meta name=\"twitter:card\" content=\"summary_large_image\" \/>\n<meta name=\"twitter:label1\" content=\"\u00c9crit par\" \/>\n\t<meta name=\"twitter:data1\" content=\"Julien\" \/>\n\t<meta name=\"twitter:label2\" content=\"Dur\u00e9e de lecture est.\" \/>\n\t<meta name=\"twitter:data2\" content=\"3 minutes\" \/>\n<script type=\"application\/ld+json\" class=\"yoast-schema-graph\">{\"@context\":\"https:\/\/schema.org\",\"@graph\":[{\"@type\":\"Article\",\"@id\":\"https:\/\/vieassociative.be\/actualites\/ou-faire-lepicerie-pour-eviter-les-augmentations-de-prix-des-tarifs\/#article\",\"isPartOf\":{\"@id\":\"https:\/\/vieassociative.be\/actualites\/ou-faire-lepicerie-pour-eviter-les-augmentations-de-prix-des-tarifs\/\"},\"author\":{\"name\":\"Julien\",\"@id\":\"https:\/\/vieassociative.be\/actualites\/#\/schema\/person\/b87ac4f82f9d4e7b7cec7395b679edc4\"},\"headline\":\"O\u00f9 faire l&rsquo;\u00e9picerie pour \u00e9viter les augmentations de prix des tarifs\",\"datePublished\":\"2025-05-08T17:18:39+00:00\",\"dateModified\":\"2025-05-08T17:18:39+00:00\",\"mainEntityOfPage\":{\"@id\":\"https:\/\/vieassociative.be\/actualites\/ou-faire-lepicerie-pour-eviter-les-augmentations-de-prix-des-tarifs\/\"},\"wordCount\":710,\"publisher\":{\"@id\":\"https:\/\/vieassociative.be\/actualites\/#organization\"},\"image\":{\"@id\":\"https:\/\/vieassociative.be\/actualites\/ou-faire-lepicerie-pour-eviter-les-augmentations-de-prix-des-tarifs\/#primaryimage\"},\"thumbnailUrl\":\"https:\/\/vieassociative.be\/actualites\/wp-content\/uploads\/2025\/05\/Ou-faire-lepicerie-pour-eviter-les-augmentations-de-prix-des.png\",\"keywords\":[\"augmentations\",\"Des\",\"\u00e9viter\",\"faire\",\"l\u00e9picerie\",\"Les\",\"o\u00f9\",\"pour\",\"prix\",\"tarifs\"],\"articleSection\":[\"Argent\"],\"inLanguage\":\"fr-BE\"},{\"@type\":\"WebPage\",\"@id\":\"https:\/\/vieassociative.be\/actualites\/ou-faire-lepicerie-pour-eviter-les-augmentations-de-prix-des-tarifs\/\",\"url\":\"https:\/\/vieassociative.be\/actualites\/ou-faire-lepicerie-pour-eviter-les-augmentations-de-prix-des-tarifs\/\",\"name\":\"O\u00f9 faire l'\u00e9picerie pour \u00e9viter les augmentations de prix des tarifs | Vie Associative\",\"isPartOf\":{\"@id\":\"https:\/\/vieassociative.be\/actualites\/#website\"},\"primaryImageOfPage\":{\"@id\":\"https:\/\/vieassociative.be\/actualites\/ou-faire-lepicerie-pour-eviter-les-augmentations-de-prix-des-tarifs\/#primaryimage\"},\"image\":{\"@id\":\"https:\/\/vieassociative.be\/actualites\/ou-faire-lepicerie-pour-eviter-les-augmentations-de-prix-des-tarifs\/#primaryimage\"},\"thumbnailUrl\":\"https:\/\/vieassociative.be\/actualites\/wp-content\/uploads\/2025\/05\/Ou-faire-lepicerie-pour-eviter-les-augmentations-de-prix-des.png\",\"datePublished\":\"2025-05-08T17:18:39+00:00\",\"dateModified\":\"2025-05-08T17:18:39+00:00\",\"breadcrumb\":{\"@id\":\"https:\/\/vieassociative.be\/actualites\/ou-faire-lepicerie-pour-eviter-les-augmentations-de-prix-des-tarifs\/#breadcrumb\"},\"inLanguage\":\"fr-BE\",\"potentialAction\":[{\"@type\":\"ReadAction\",\"target\":[\"https:\/\/vieassociative.be\/actualites\/ou-faire-lepicerie-pour-eviter-les-augmentations-de-prix-des-tarifs\/\"]}]},{\"@type\":\"ImageObject\",\"inLanguage\":\"fr-BE\",\"@id\":\"https:\/\/vieassociative.be\/actualites\/ou-faire-lepicerie-pour-eviter-les-augmentations-de-prix-des-tarifs\/#primaryimage\",\"url\":\"https:\/\/vieassociative.be\/actualites\/wp-content\/uploads\/2025\/05\/Ou-faire-lepicerie-pour-eviter-les-augmentations-de-prix-des.png\",\"contentUrl\":\"https:\/\/vieassociative.be\/actualites\/wp-content\/uploads\/2025\/05\/Ou-faire-lepicerie-pour-eviter-les-augmentations-de-prix-des.png\",\"width\":1200,\"height\":675,\"caption\":\"O\u00f9 faire l'\u00e9picerie pour \u00e9viter les augmentations de prix des tarifs\"},{\"@type\":\"BreadcrumbList\",\"@id\":\"https:\/\/vieassociative.be\/actualites\/ou-faire-lepicerie-pour-eviter-les-augmentations-de-prix-des-tarifs\/#breadcrumb\",\"itemListElement\":[{\"@type\":\"ListItem\",\"position\":1,\"name\":\"Accueil\",\"item\":\"https:\/\/vieassociative.be\/actualites\/\"},{\"@type\":\"ListItem\",\"position\":2,\"name\":\"O\u00f9 faire l&rsquo;\u00e9picerie pour \u00e9viter les augmentations de prix des tarifs\"}]},{\"@type\":\"WebSite\",\"@id\":\"https:\/\/vieassociative.be\/actualites\/#website\",\"url\":\"https:\/\/vieassociative.be\/actualites\/\",\"name\":\"Vie Associative\",\"description\":\"\",\"publisher\":{\"@id\":\"https:\/\/vieassociative.be\/actualites\/#organization\"},\"potentialAction\":[{\"@type\":\"SearchAction\",\"target\":{\"@type\":\"EntryPoint\",\"urlTemplate\":\"https:\/\/vieassociative.be\/actualites\/?s={search_term_string}\"},\"query-input\":{\"@type\":\"PropertyValueSpecification\",\"valueRequired\":true,\"valueName\":\"search_term_string\"}}],\"inLanguage\":\"fr-BE\"},{\"@type\":\"Organization\",\"@id\":\"https:\/\/vieassociative.be\/actualites\/#organization\",\"name\":\"Vie Associative\",\"url\":\"https:\/\/vieassociative.be\/actualites\/\",\"logo\":{\"@type\":\"ImageObject\",\"inLanguage\":\"fr-BE\",\"@id\":\"https:\/\/vieassociative.be\/actualites\/#\/schema\/logo\/image\/\",\"url\":\"https:\/\/vieassociative.be\/actualites\/wp-content\/uploads\/2024\/09\/cropped-vieassociative_favicon.ico.png\",\"contentUrl\":\"https:\/\/vieassociative.be\/actualites\/wp-content\/uploads\/2024\/09\/cropped-vieassociative_favicon.ico.png\",\"width\":512,\"height\":512,\"caption\":\"Vie Associative\"},\"image\":{\"@id\":\"https:\/\/vieassociative.be\/actualites\/#\/schema\/logo\/image\/\"}},{\"@type\":\"Person\",\"@id\":\"https:\/\/vieassociative.be\/actualites\/#\/schema\/person\/b87ac4f82f9d4e7b7cec7395b679edc4\",\"name\":\"Julien\",\"image\":{\"@type\":\"ImageObject\",\"inLanguage\":\"fr-BE\",\"@id\":\"https:\/\/vieassociative.be\/actualites\/#\/schema\/person\/image\/\",\"url\":\"https:\/\/vieassociative.be\/actualites\/wp-content\/uploads\/2024\/09\/vie-associative-1-150x150.jpg\",\"contentUrl\":\"https:\/\/vieassociative.be\/actualites\/wp-content\/uploads\/2024\/09\/vie-associative-1-150x150.jpg\",\"caption\":\"Julien\"},\"description\":\"Je suis Julien, r\u00e9dacteur pour Vie Associative. Passionn\u00e9 par le monde associatif depuis plus de 10 ans, j'ai \u00e0 c\u0153ur de partager des histoires inspirantes et de mettre en lumi\u00e8re les initiatives locales. Mon objectif est de sensibiliser et d'encourager l'engagement communautaire \u00e0 travers mes articles.\",\"sameAs\":[\"https:\/\/vieassociative.be\/\"]}]}<\/script>\n<!-- \/ Yoast SEO plugin. -->","yoast_head_json":{"title":"O\u00f9 faire l'\u00e9picerie pour \u00e9viter les augmentations de prix des tarifs | Vie Associative","robots":{"index":"index","follow":"follow","max-snippet":"max-snippet:-1","max-image-preview":"max-image-preview:large","max-video-preview":"max-video-preview:-1"},"canonical":"https:\/\/vieassociative.be\/actualites\/ou-faire-lepicerie-pour-eviter-les-augmentations-de-prix-des-tarifs\/","og_locale":"fr_FR","og_type":"article","og_title":"O\u00f9 faire l'\u00e9picerie pour \u00e9viter les augmentations de prix des tarifs | Vie Associative","og_description":"Si votre \u00e9picerie augmente les prix en raison de tarifs, voici o\u00f9 regarder dans votre r\u00e9gion. Vous ne pouvez pas aller longtemps ces jours-ci sans","og_url":"https:\/\/vieassociative.be\/actualites\/ou-faire-lepicerie-pour-eviter-les-augmentations-de-prix-des-tarifs\/","og_site_name":"Vie Associative","article_published_time":"2025-05-08T17:18:39+00:00","og_image":[{"width":279,"height":92,"url":"https:\/\/vieassociative.be\/actualites\/wp-content\/uploads\/2024\/09\/header_backgroundk-01-e1726694325946.png","type":"image\/png"}],"author":"Julien","twitter_card":"summary_large_image","twitter_misc":{"\u00c9crit par":"Julien","Dur\u00e9e de lecture est.":"3 minutes"},"schema":{"@context":"https:\/\/schema.org","@graph":[{"@type":"Article","@id":"https:\/\/vieassociative.be\/actualites\/ou-faire-lepicerie-pour-eviter-les-augmentations-de-prix-des-tarifs\/#article","isPartOf":{"@id":"https:\/\/vieassociative.be\/actualites\/ou-faire-lepicerie-pour-eviter-les-augmentations-de-prix-des-tarifs\/"},"author":{"name":"Julien","@id":"https:\/\/vieassociative.be\/actualites\/#\/schema\/person\/b87ac4f82f9d4e7b7cec7395b679edc4"},"headline":"O\u00f9 faire l&rsquo;\u00e9picerie pour \u00e9viter les augmentations de prix des tarifs","datePublished":"2025-05-08T17:18:39+00:00","dateModified":"2025-05-08T17:18:39+00:00","mainEntityOfPage":{"@id":"https:\/\/vieassociative.be\/actualites\/ou-faire-lepicerie-pour-eviter-les-augmentations-de-prix-des-tarifs\/"},"wordCount":710,"publisher":{"@id":"https:\/\/vieassociative.be\/actualites\/#organization"},"image":{"@id":"https:\/\/vieassociative.be\/actualites\/ou-faire-lepicerie-pour-eviter-les-augmentations-de-prix-des-tarifs\/#primaryimage"},"thumbnailUrl":"https:\/\/vieassociative.be\/actualites\/wp-content\/uploads\/2025\/05\/Ou-faire-lepicerie-pour-eviter-les-augmentations-de-prix-des.png","keywords":["augmentations","Des","\u00e9viter","faire","l\u00e9picerie","Les","o\u00f9","pour","prix","tarifs"],"articleSection":["Argent"],"inLanguage":"fr-BE"},{"@type":"WebPage","@id":"https:\/\/vieassociative.be\/actualites\/ou-faire-lepicerie-pour-eviter-les-augmentations-de-prix-des-tarifs\/","url":"https:\/\/vieassociative.be\/actualites\/ou-faire-lepicerie-pour-eviter-les-augmentations-de-prix-des-tarifs\/","name":"O\u00f9 faire l'\u00e9picerie pour \u00e9viter les augmentations de prix des tarifs | Vie Associative","isPartOf":{"@id":"https:\/\/vieassociative.be\/actualites\/#website"},"primaryImageOfPage":{"@id":"https:\/\/vieassociative.be\/actualites\/ou-faire-lepicerie-pour-eviter-les-augmentations-de-prix-des-tarifs\/#primaryimage"},"image":{"@id":"https:\/\/vieassociative.be\/actualites\/ou-faire-lepicerie-pour-eviter-les-augmentations-de-prix-des-tarifs\/#primaryimage"},"thumbnailUrl":"https:\/\/vieassociative.be\/actualites\/wp-content\/uploads\/2025\/05\/Ou-faire-lepicerie-pour-eviter-les-augmentations-de-prix-des.png","datePublished":"2025-05-08T17:18:39+00:00","dateModified":"2025-05-08T17:18:39+00:00","breadcrumb":{"@id":"https:\/\/vieassociative.be\/actualites\/ou-faire-lepicerie-pour-eviter-les-augmentations-de-prix-des-tarifs\/#breadcrumb"},"inLanguage":"fr-BE","potentialAction":[{"@type":"ReadAction","target":["https:\/\/vieassociative.be\/actualites\/ou-faire-lepicerie-pour-eviter-les-augmentations-de-prix-des-tarifs\/"]}]},{"@type":"ImageObject","inLanguage":"fr-BE","@id":"https:\/\/vieassociative.be\/actualites\/ou-faire-lepicerie-pour-eviter-les-augmentations-de-prix-des-tarifs\/#primaryimage","url":"https:\/\/vieassociative.be\/actualites\/wp-content\/uploads\/2025\/05\/Ou-faire-lepicerie-pour-eviter-les-augmentations-de-prix-des.png","contentUrl":"https:\/\/vieassociative.be\/actualites\/wp-content\/uploads\/2025\/05\/Ou-faire-lepicerie-pour-eviter-les-augmentations-de-prix-des.png","width":1200,"height":675,"caption":"O\u00f9 faire l'\u00e9picerie pour \u00e9viter les augmentations de prix des tarifs"},{"@type":"BreadcrumbList","@id":"https:\/\/vieassociative.be\/actualites\/ou-faire-lepicerie-pour-eviter-les-augmentations-de-prix-des-tarifs\/#breadcrumb","itemListElement":[{"@type":"ListItem","position":1,"name":"Accueil","item":"https:\/\/vieassociative.be\/actualites\/"},{"@type":"ListItem","position":2,"name":"O\u00f9 faire l&rsquo;\u00e9picerie pour \u00e9viter les augmentations de prix des tarifs"}]},{"@type":"WebSite","@id":"https:\/\/vieassociative.be\/actualites\/#website","url":"https:\/\/vieassociative.be\/actualites\/","name":"Vie Associative","description":"","publisher":{"@id":"https:\/\/vieassociative.be\/actualites\/#organization"},"potentialAction":[{"@type":"SearchAction","target":{"@type":"EntryPoint","urlTemplate":"https:\/\/vieassociative.be\/actualites\/?s={search_term_string}"},"query-input":{"@type":"PropertyValueSpecification","valueRequired":true,"valueName":"search_term_string"}}],"inLanguage":"fr-BE"},{"@type":"Organization","@id":"https:\/\/vieassociative.be\/actualites\/#organization","name":"Vie Associative","url":"https:\/\/vieassociative.be\/actualites\/","logo":{"@type":"ImageObject","inLanguage":"fr-BE","@id":"https:\/\/vieassociative.be\/actualites\/#\/schema\/logo\/image\/","url":"https:\/\/vieassociative.be\/actualites\/wp-content\/uploads\/2024\/09\/cropped-vieassociative_favicon.ico.png","contentUrl":"https:\/\/vieassociative.be\/actualites\/wp-content\/uploads\/2024\/09\/cropped-vieassociative_favicon.ico.png","width":512,"height":512,"caption":"Vie Associative"},"image":{"@id":"https:\/\/vieassociative.be\/actualites\/#\/schema\/logo\/image\/"}},{"@type":"Person","@id":"https:\/\/vieassociative.be\/actualites\/#\/schema\/person\/b87ac4f82f9d4e7b7cec7395b679edc4","name":"Julien","image":{"@type":"ImageObject","inLanguage":"fr-BE","@id":"https:\/\/vieassociative.be\/actualites\/#\/schema\/person\/image\/","url":"https:\/\/vieassociative.be\/actualites\/wp-content\/uploads\/2024\/09\/vie-associative-1-150x150.jpg","contentUrl":"https:\/\/vieassociative.be\/actualites\/wp-content\/uploads\/2024\/09\/vie-associative-1-150x150.jpg","caption":"Julien"},"description":"Je suis Julien, r\u00e9dacteur pour Vie Associative. Passionn\u00e9 par le monde associatif depuis plus de 10 ans, j'ai \u00e0 c\u0153ur de partager des histoires inspirantes et de mettre en lumi\u00e8re les initiatives locales. Mon objectif est de sensibiliser et d'encourager l'engagement communautaire \u00e0 travers mes articles.","sameAs":["https:\/\/vieassociative.be\/"]}]}},"_links":{"self":[{"href":"https:\/\/vieassociative.be\/actualites\/wp-json\/wp\/v2\/posts\/7401"}],"collection":[{"href":"https:\/\/vieassociative.be\/actualites\/wp-json\/wp\/v2\/posts"}],"about":[{"href":"https:\/\/vieassociative.be\/actualites\/wp-json\/wp\/v2\/types\/post"}],"author":[{"embeddable":true,"href":"https:\/\/vieassociative.be\/actualites\/wp-json\/wp\/v2\/users\/1"}],"replies":[{"embeddable":true,"href":"https:\/\/vieassociative.be\/actualites\/wp-json\/wp\/v2\/comments?post=7401"}],"version-history":[{"count":0,"href":"https:\/\/vieassociative.be\/actualites\/wp-json\/wp\/v2\/posts\/7401\/revisions"}],"wp:featuredmedia":[{"embeddable":true,"href":"https:\/\/vieassociative.be\/actualites\/wp-json\/wp\/v2\/media\/7402"}],"wp:attachment":[{"href":"https:\/\/vieassociative.be\/actualites\/wp-json\/wp\/v2\/media?parent=7401"}],"wp:term":[{"taxonomy":"category","embeddable":true,"href":"https:\/\/vieassociative.be\/actualites\/wp-json\/wp\/v2\/categories?post=7401"},{"taxonomy":"post_tag","embeddable":true,"href":"https:\/\/vieassociative.be\/actualites\/wp-json\/wp\/v2\/tags?post=7401"}],"curies":[{"name":"wp","href":"https:\/\/api.w.org\/{rel}","templated":true}]}}