{"id":7397,"date":"2025-05-08T16:18:34","date_gmt":"2025-05-08T14:18:34","guid":{"rendered":"https:\/\/vieassociative.be\/actualites\/les-loups-devraient-pouvoir-etre-abattus-dans-lue-a-lavenir-pour-arimont-bonne-nouvelle\/"},"modified":"2025-05-08T16:18:34","modified_gmt":"2025-05-08T14:18:34","slug":"les-loups-devraient-pouvoir-etre-abattus-dans-lue-a-lavenir-pour-arimont-bonne-nouvelle","status":"publish","type":"post","link":"https:\/\/vieassociative.be\/actualites\/les-loups-devraient-pouvoir-etre-abattus-dans-lue-a-lavenir-pour-arimont-bonne-nouvelle\/","title":{"rendered":"Les loups devraient pouvoir \u00eatre abattus dans l&rsquo;UE \u00e0 l&rsquo;avenir &#8211; pour Arimont \u00ab\u00a0Bonne nouvelle\u00a0\u00bb"},"content":{"rendered":"<p><strong>Encore et encore des loups \u00e0 larmes des animaux de ferme tels que des moutons ou des ch\u00e8vres. Prot\u00e9ger le loup est donc un sujet tr\u00e8s discut\u00e9. Le Parlement europ\u00e9en fait d\u00e9sormais une \u00e9tape importante.<\/strong><\/p>\n<p><span id=\"more-415112\"><\/span>Les loups pourront \u00eatre abattus plus facilement dans l&rsquo;UE \u00e0 l&rsquo;avenir. Une majorit\u00e9 des d\u00e9put\u00e9s du Parlement europ\u00e9en ont vot\u00e9 \u00e0 Strasbourg dans la proc\u00e9dure urgente pour r\u00e9duire le statut de \u00ab\u00a0strictement prot\u00e9g\u00e9\u00a0\u00bb \u00e0 \u00ab\u00a0prot\u00e9g\u00e9\u00a0\u00bb.<\/p>\n<p>La mesure doit toujours \u00eatre accept\u00e9e par les \u00c9tats membres de l&rsquo;UE, mais cela est consid\u00e9r\u00e9 comme probable. La majorit\u00e9 avait d\u00e9j\u00e0 parl\u00e9 pour une baisse. De nombreux pays veulent tirer des loups de plus en plus pour prot\u00e9ger leurs p\u00e2turages.<\/p>\n<div id=\"attachment_353685\" class=\"wp-caption alignleft\" style=\"max-width: 300px\"><img fetchpriority=\"high\" decoding=\"async\" class=\"wp-image-353685 size-medium\" src=\"https:\/\/vieassociative.be\/actualites\/wp-content\/uploads\/2024\/12\/1733321834_9_Le-Conseil-de-lEurope-ouvre-la-voie-a-une-action.jpeg\" alt=\"\" width=\"300\" height=\"200\"  ><\/p>\n<p class=\"wp-caption-text\">\u00c9change sur le sujet \u00ab\u00a0Settlement of the Wolf in East Belgium: Quelles sont les cons\u00e9quences pour notre nature et notre agriculture?\u00a0\u00bb Dans le Hall \u00ab\u00a0Zur Alten Linde\u00a0\u00bb \u00e0 Weywertz en juin 2023. Photo: Frederik Wiesen<\/p>\n<\/div>\n<p>Le contexte du changement est une proposition de la Commission de l&rsquo;UE qui remonte aux all\u00e9gations pr\u00e9c\u00e9dentes du Parlement. Plus pr\u00e9cis\u00e9ment, la soi-disant Directive Habitat Flora Habitat (FFH) devrait \u00eatre modifi\u00e9e par rapport au loup. Par exemple, les \u00c9tats membres auraient plus de possibilit\u00e9s de g\u00e9rer leurs populations de loup &#8211; sur la condition de prot\u00e9ger un \u00ab\u00a0\u00e9tat de maintenance favorable\u00a0\u00bb comme objectif plus \u00e9lev\u00e9.<\/p>\n<p>La discussion sur le loup est men\u00e9e \u00e9motionnellement. Les fissures d&rsquo;animaux de ferme comme les moutons et les bovins s&rsquo;accumulent et, selon les agriculteurs, sont un probl\u00e8me notable pour le p\u00e2turage. Les mesures de protection du troupeau pour d\u00e9fendre les loups sont donc de plus en plus surmont\u00e9es. Il y a des rapports selon lesquels les loups devraient m\u00eame p\u00e9n\u00e9trer dans les \u00e9curies.<\/p>\n<p>Selon l&rsquo;Organisation de protection des esp\u00e8ces du WWF, le loup en Europe occidentale a \u00e9t\u00e9 \u00e9radiqu\u00e9 au milieu du 19e si\u00e8cle. Il n&rsquo;a surv\u00e9cu qu&rsquo;\u00e0 l&rsquo;est et au sud de l&rsquo;Europe. Le Wolf Specialist Office Wolf \u00e9crit que dans les ann\u00e9es 1970 et 1980, il y avait une repensage et que le loup \u00e9tait prot\u00e9g\u00e9 dans de nombreux pays europ\u00e9ens.<\/p>\n<div id=\"attachment_415125\" class=\"wp-caption alignleft\" style=\"max-width: 300px\"><img decoding=\"async\" class=\"wp-image-415125 size-medium\" src=\"https:\/\/vieassociative.be\/actualites\/wp-content\/uploads\/2025\/05\/Les-loups-devraient-pouvoir-etre-abattus-dans-lUE-a-lavenir.jpg\" alt=\"\" width=\"300\" height=\"200\"><\/p>\n<p class=\"wp-caption-text\">Pascal Arimont au Parlement europ\u00e9en \u00e0 Strasbourg. Photo: Parlement europ\u00e9en<\/p>\n<\/div>\n<p><b>&#8211; \u00ab\u00a0Free Free for plus flexible Wolf Management en Europe\u00a0\u00bb:: <\/b>Le d\u00e9put\u00e9 de l&rsquo;UE Belge de l&rsquo;Est Pascal Arimont (CSP-EVP), qui a soutenu la r\u00e9trogradation depuis longtemps, a d\u00e9clar\u00e9 jeudi: \u00ab\u00a0La r\u00e9trogradation du statut de protection est une bonne nouvelle pour les zones rurales, dans lesquelles une nouvelle augmentation de la population de loups devrait \u00eatre attendue dans les ann\u00e9es \u00e0 venir.\u00a0\u00bb<\/p>\n<p>Lorsque la directive de l&rsquo;habitat a \u00e9t\u00e9 adopt\u00e9e en 1992, les loups en Europe ont \u00e9t\u00e9 presque extermin\u00e9s, a d\u00e9clar\u00e9 Arimont. \u00ab\u00a0Aujourd&rsquo;hui, plus de 20 000 loups parcourent les for\u00eats et les paysages europ\u00e9ens. Le loup reste prot\u00e9g\u00e9 par la d\u00e9cision d&rsquo;aujourd&rsquo;hui, mais il y a plus d&rsquo;opportunit\u00e9s pour les r\u00e9gions et les \u00c9tats membres de proc\u00e9der \u00e0 des` `loups de probl\u00e8me \u00a0\u00bb et de g\u00e9rer les populations de loup de mani\u00e8re plus flexible. Cela est particuli\u00e8rement important pour les nombreux p\u00e2turages et agriculteurs de notre r\u00e9gion.\u00a0\u00bb<\/p>\n<p>Enfin, le d\u00e9put\u00e9 de Belge de l&rsquo;Est a d\u00e9clar\u00e9: \u00ab\u00a0Notre effort doit \u00eatre pour permettre davantage cette forme naturelle d&rsquo;agriculture &#8211; car les cl\u00f4tures de protection des troupeaux et les paiements de compensation ne sont pas suffisants. M\u00eame une posture stable pure de nos animaux de p\u00e2turage ne doit pas \u00eatre une option et rendrait l&rsquo;agriculture, comme nous le connaissons en Belgique, impossible, impossible.\u00a0\u00bb (DPA \/ CRE)<\/p>\n","protected":false},"excerpt":{"rendered":"<p>Encore et encore des loups \u00e0 larmes des animaux de ferme tels que des moutons ou des ch\u00e8vres. Prot\u00e9ger le loup est donc un sujet<\/p>\n","protected":false},"author":1,"featured_media":7398,"comment_status":"","ping_status":"","sticky":false,"template":"","format":"standard","meta":{"footnotes":""},"categories":[298],"tags":[6881,2890,680,166,1321,23,2274,14,3762,3578,491,81,3860],"class_list":["post-7397","post","type-post","status-publish","format-standard","has-post-thumbnail","hentry","category-belgique","tag-abattus","tag-arimont","tag-bonne","tag-dans","tag-devraient","tag-etre","tag-lavenir","tag-les","tag-loups","tag-lue","tag-nouvelle","tag-pour","tag-pouvoir","generate-columns","tablet-grid-50","mobile-grid-100","grid-parent","grid-33"],"yoast_head":"<!-- This site is optimized with the Yoast SEO plugin v24.0 - https:\/\/yoast.com\/wordpress\/plugins\/seo\/ -->\n<title>Les loups devraient pouvoir \u00eatre abattus dans l&#039;UE \u00e0 l&#039;avenir - pour Arimont &quot;Bonne nouvelle&quot; | Vie Associative<\/title>\n<meta name=\"robots\" content=\"index, follow, max-snippet:-1, max-image-preview:large, max-video-preview:-1\" \/>\n<link rel=\"canonical\" href=\"https:\/\/vieassociative.be\/actualites\/les-loups-devraient-pouvoir-etre-abattus-dans-lue-a-lavenir-pour-arimont-bonne-nouvelle\/\" \/>\n<meta property=\"og:locale\" content=\"fr_FR\" \/>\n<meta property=\"og:type\" content=\"article\" \/>\n<meta property=\"og:title\" content=\"Les loups devraient pouvoir \u00eatre abattus dans l&#039;UE \u00e0 l&#039;avenir - pour Arimont &quot;Bonne nouvelle&quot; | Vie Associative\" \/>\n<meta property=\"og:description\" content=\"Encore et encore des loups \u00e0 larmes des animaux de ferme tels que des moutons ou des ch\u00e8vres. Prot\u00e9ger le loup est donc un sujet\" \/>\n<meta property=\"og:url\" content=\"https:\/\/vieassociative.be\/actualites\/les-loups-devraient-pouvoir-etre-abattus-dans-lue-a-lavenir-pour-arimont-bonne-nouvelle\/\" \/>\n<meta property=\"og:site_name\" content=\"Vie Associative\" \/>\n<meta property=\"article:published_time\" content=\"2025-05-08T14:18:34+00:00\" \/>\n<meta property=\"og:image\" content=\"https:\/\/vieassociative.be\/actualites\/wp-content\/uploads\/2024\/09\/header_backgroundk-01-e1726694325946.png\" \/>\n\t<meta property=\"og:image:width\" content=\"279\" \/>\n\t<meta property=\"og:image:height\" content=\"92\" \/>\n\t<meta property=\"og:image:type\" content=\"image\/png\" \/>\n<meta name=\"author\" content=\"Julien\" \/>\n<meta name=\"twitter:card\" content=\"summary_large_image\" \/>\n<meta name=\"twitter:label1\" content=\"\u00c9crit par\" \/>\n\t<meta name=\"twitter:data1\" content=\"Julien\" \/>\n\t<meta name=\"twitter:label2\" content=\"Dur\u00e9e de lecture est.\" \/>\n\t<meta name=\"twitter:data2\" content=\"3 minutes\" \/>\n<script type=\"application\/ld+json\" class=\"yoast-schema-graph\">{\"@context\":\"https:\/\/schema.org\",\"@graph\":[{\"@type\":\"Article\",\"@id\":\"https:\/\/vieassociative.be\/actualites\/les-loups-devraient-pouvoir-etre-abattus-dans-lue-a-lavenir-pour-arimont-bonne-nouvelle\/#article\",\"isPartOf\":{\"@id\":\"https:\/\/vieassociative.be\/actualites\/les-loups-devraient-pouvoir-etre-abattus-dans-lue-a-lavenir-pour-arimont-bonne-nouvelle\/\"},\"author\":{\"name\":\"Julien\",\"@id\":\"https:\/\/vieassociative.be\/actualites\/#\/schema\/person\/b87ac4f82f9d4e7b7cec7395b679edc4\"},\"headline\":\"Les loups devraient pouvoir \u00eatre abattus dans l&rsquo;UE \u00e0 l&rsquo;avenir &#8211; pour Arimont \u00ab\u00a0Bonne nouvelle\u00a0\u00bb\",\"datePublished\":\"2025-05-08T14:18:34+00:00\",\"dateModified\":\"2025-05-08T14:18:34+00:00\",\"mainEntityOfPage\":{\"@id\":\"https:\/\/vieassociative.be\/actualites\/les-loups-devraient-pouvoir-etre-abattus-dans-lue-a-lavenir-pour-arimont-bonne-nouvelle\/\"},\"wordCount\":649,\"publisher\":{\"@id\":\"https:\/\/vieassociative.be\/actualites\/#organization\"},\"image\":{\"@id\":\"https:\/\/vieassociative.be\/actualites\/les-loups-devraient-pouvoir-etre-abattus-dans-lue-a-lavenir-pour-arimont-bonne-nouvelle\/#primaryimage\"},\"thumbnailUrl\":\"https:\/\/vieassociative.be\/actualites\/wp-content\/uploads\/2025\/05\/1746713914_Les-loups-devraient-pouvoir-etre-abattus-dans-lUE-a-lavenir.jpg\",\"keywords\":[\"abattus\",\"Arimont\",\"bonne\",\"dans\",\"devraient\",\"\u00eatre\",\"lavenir\",\"Les\",\"loups\",\"LUE\",\"nouvelle\",\"pour\",\"pouvoir\"],\"articleSection\":[\"Belgique\"],\"inLanguage\":\"fr-BE\"},{\"@type\":\"WebPage\",\"@id\":\"https:\/\/vieassociative.be\/actualites\/les-loups-devraient-pouvoir-etre-abattus-dans-lue-a-lavenir-pour-arimont-bonne-nouvelle\/\",\"url\":\"https:\/\/vieassociative.be\/actualites\/les-loups-devraient-pouvoir-etre-abattus-dans-lue-a-lavenir-pour-arimont-bonne-nouvelle\/\",\"name\":\"Les loups devraient pouvoir \u00eatre abattus dans l'UE \u00e0 l'avenir - pour Arimont \\\"Bonne nouvelle\\\" | Vie Associative\",\"isPartOf\":{\"@id\":\"https:\/\/vieassociative.be\/actualites\/#website\"},\"primaryImageOfPage\":{\"@id\":\"https:\/\/vieassociative.be\/actualites\/les-loups-devraient-pouvoir-etre-abattus-dans-lue-a-lavenir-pour-arimont-bonne-nouvelle\/#primaryimage\"},\"image\":{\"@id\":\"https:\/\/vieassociative.be\/actualites\/les-loups-devraient-pouvoir-etre-abattus-dans-lue-a-lavenir-pour-arimont-bonne-nouvelle\/#primaryimage\"},\"thumbnailUrl\":\"https:\/\/vieassociative.be\/actualites\/wp-content\/uploads\/2025\/05\/1746713914_Les-loups-devraient-pouvoir-etre-abattus-dans-lUE-a-lavenir.jpg\",\"datePublished\":\"2025-05-08T14:18:34+00:00\",\"dateModified\":\"2025-05-08T14:18:34+00:00\",\"breadcrumb\":{\"@id\":\"https:\/\/vieassociative.be\/actualites\/les-loups-devraient-pouvoir-etre-abattus-dans-lue-a-lavenir-pour-arimont-bonne-nouvelle\/#breadcrumb\"},\"inLanguage\":\"fr-BE\",\"potentialAction\":[{\"@type\":\"ReadAction\",\"target\":[\"https:\/\/vieassociative.be\/actualites\/les-loups-devraient-pouvoir-etre-abattus-dans-lue-a-lavenir-pour-arimont-bonne-nouvelle\/\"]}]},{\"@type\":\"ImageObject\",\"inLanguage\":\"fr-BE\",\"@id\":\"https:\/\/vieassociative.be\/actualites\/les-loups-devraient-pouvoir-etre-abattus-dans-lue-a-lavenir-pour-arimont-bonne-nouvelle\/#primaryimage\",\"url\":\"https:\/\/vieassociative.be\/actualites\/wp-content\/uploads\/2025\/05\/1746713914_Les-loups-devraient-pouvoir-etre-abattus-dans-lUE-a-lavenir.jpg\",\"contentUrl\":\"https:\/\/vieassociative.be\/actualites\/wp-content\/uploads\/2025\/05\/1746713914_Les-loups-devraient-pouvoir-etre-abattus-dans-lUE-a-lavenir.jpg\",\"width\":1200,\"height\":799,\"caption\":\"Les loups devraient pouvoir \u00eatre abattus dans l'UE \u00e0 l'avenir - pour Arimont \\\"Bonne nouvelle\\\"\"},{\"@type\":\"BreadcrumbList\",\"@id\":\"https:\/\/vieassociative.be\/actualites\/les-loups-devraient-pouvoir-etre-abattus-dans-lue-a-lavenir-pour-arimont-bonne-nouvelle\/#breadcrumb\",\"itemListElement\":[{\"@type\":\"ListItem\",\"position\":1,\"name\":\"Accueil\",\"item\":\"https:\/\/vieassociative.be\/actualites\/\"},{\"@type\":\"ListItem\",\"position\":2,\"name\":\"Les loups devraient pouvoir \u00eatre abattus dans l&rsquo;UE \u00e0 l&rsquo;avenir &#8211; pour Arimont \u00ab\u00a0Bonne nouvelle\u00a0\u00bb\"}]},{\"@type\":\"WebSite\",\"@id\":\"https:\/\/vieassociative.be\/actualites\/#website\",\"url\":\"https:\/\/vieassociative.be\/actualites\/\",\"name\":\"Vie Associative\",\"description\":\"\",\"publisher\":{\"@id\":\"https:\/\/vieassociative.be\/actualites\/#organization\"},\"potentialAction\":[{\"@type\":\"SearchAction\",\"target\":{\"@type\":\"EntryPoint\",\"urlTemplate\":\"https:\/\/vieassociative.be\/actualites\/?s={search_term_string}\"},\"query-input\":{\"@type\":\"PropertyValueSpecification\",\"valueRequired\":true,\"valueName\":\"search_term_string\"}}],\"inLanguage\":\"fr-BE\"},{\"@type\":\"Organization\",\"@id\":\"https:\/\/vieassociative.be\/actualites\/#organization\",\"name\":\"Vie Associative\",\"url\":\"https:\/\/vieassociative.be\/actualites\/\",\"logo\":{\"@type\":\"ImageObject\",\"inLanguage\":\"fr-BE\",\"@id\":\"https:\/\/vieassociative.be\/actualites\/#\/schema\/logo\/image\/\",\"url\":\"https:\/\/vieassociative.be\/actualites\/wp-content\/uploads\/2024\/09\/cropped-vieassociative_favicon.ico.png\",\"contentUrl\":\"https:\/\/vieassociative.be\/actualites\/wp-content\/uploads\/2024\/09\/cropped-vieassociative_favicon.ico.png\",\"width\":512,\"height\":512,\"caption\":\"Vie Associative\"},\"image\":{\"@id\":\"https:\/\/vieassociative.be\/actualites\/#\/schema\/logo\/image\/\"}},{\"@type\":\"Person\",\"@id\":\"https:\/\/vieassociative.be\/actualites\/#\/schema\/person\/b87ac4f82f9d4e7b7cec7395b679edc4\",\"name\":\"Julien\",\"image\":{\"@type\":\"ImageObject\",\"inLanguage\":\"fr-BE\",\"@id\":\"https:\/\/vieassociative.be\/actualites\/#\/schema\/person\/image\/\",\"url\":\"https:\/\/vieassociative.be\/actualites\/wp-content\/uploads\/2024\/09\/vie-associative-1-150x150.jpg\",\"contentUrl\":\"https:\/\/vieassociative.be\/actualites\/wp-content\/uploads\/2024\/09\/vie-associative-1-150x150.jpg\",\"caption\":\"Julien\"},\"description\":\"Je suis Julien, r\u00e9dacteur pour Vie Associative. Passionn\u00e9 par le monde associatif depuis plus de 10 ans, j'ai \u00e0 c\u0153ur de partager des histoires inspirantes et de mettre en lumi\u00e8re les initiatives locales. Mon objectif est de sensibiliser et d'encourager l'engagement communautaire \u00e0 travers mes articles.\",\"sameAs\":[\"https:\/\/vieassociative.be\/\"]}]}<\/script>\n<!-- \/ Yoast SEO plugin. -->","yoast_head_json":{"title":"Les loups devraient pouvoir \u00eatre abattus dans l'UE \u00e0 l'avenir - pour Arimont \"Bonne nouvelle\" | Vie Associative","robots":{"index":"index","follow":"follow","max-snippet":"max-snippet:-1","max-image-preview":"max-image-preview:large","max-video-preview":"max-video-preview:-1"},"canonical":"https:\/\/vieassociative.be\/actualites\/les-loups-devraient-pouvoir-etre-abattus-dans-lue-a-lavenir-pour-arimont-bonne-nouvelle\/","og_locale":"fr_FR","og_type":"article","og_title":"Les loups devraient pouvoir \u00eatre abattus dans l'UE \u00e0 l'avenir - pour Arimont \"Bonne nouvelle\" | Vie Associative","og_description":"Encore et encore des loups \u00e0 larmes des animaux de ferme tels que des moutons ou des ch\u00e8vres. Prot\u00e9ger le loup est donc un sujet","og_url":"https:\/\/vieassociative.be\/actualites\/les-loups-devraient-pouvoir-etre-abattus-dans-lue-a-lavenir-pour-arimont-bonne-nouvelle\/","og_site_name":"Vie Associative","article_published_time":"2025-05-08T14:18:34+00:00","og_image":[{"width":279,"height":92,"url":"https:\/\/vieassociative.be\/actualites\/wp-content\/uploads\/2024\/09\/header_backgroundk-01-e1726694325946.png","type":"image\/png"}],"author":"Julien","twitter_card":"summary_large_image","twitter_misc":{"\u00c9crit par":"Julien","Dur\u00e9e de lecture est.":"3 minutes"},"schema":{"@context":"https:\/\/schema.org","@graph":[{"@type":"Article","@id":"https:\/\/vieassociative.be\/actualites\/les-loups-devraient-pouvoir-etre-abattus-dans-lue-a-lavenir-pour-arimont-bonne-nouvelle\/#article","isPartOf":{"@id":"https:\/\/vieassociative.be\/actualites\/les-loups-devraient-pouvoir-etre-abattus-dans-lue-a-lavenir-pour-arimont-bonne-nouvelle\/"},"author":{"name":"Julien","@id":"https:\/\/vieassociative.be\/actualites\/#\/schema\/person\/b87ac4f82f9d4e7b7cec7395b679edc4"},"headline":"Les loups devraient pouvoir \u00eatre abattus dans l&rsquo;UE \u00e0 l&rsquo;avenir &#8211; pour Arimont \u00ab\u00a0Bonne nouvelle\u00a0\u00bb","datePublished":"2025-05-08T14:18:34+00:00","dateModified":"2025-05-08T14:18:34+00:00","mainEntityOfPage":{"@id":"https:\/\/vieassociative.be\/actualites\/les-loups-devraient-pouvoir-etre-abattus-dans-lue-a-lavenir-pour-arimont-bonne-nouvelle\/"},"wordCount":649,"publisher":{"@id":"https:\/\/vieassociative.be\/actualites\/#organization"},"image":{"@id":"https:\/\/vieassociative.be\/actualites\/les-loups-devraient-pouvoir-etre-abattus-dans-lue-a-lavenir-pour-arimont-bonne-nouvelle\/#primaryimage"},"thumbnailUrl":"https:\/\/vieassociative.be\/actualites\/wp-content\/uploads\/2025\/05\/1746713914_Les-loups-devraient-pouvoir-etre-abattus-dans-lUE-a-lavenir.jpg","keywords":["abattus","Arimont","bonne","dans","devraient","\u00eatre","lavenir","Les","loups","LUE","nouvelle","pour","pouvoir"],"articleSection":["Belgique"],"inLanguage":"fr-BE"},{"@type":"WebPage","@id":"https:\/\/vieassociative.be\/actualites\/les-loups-devraient-pouvoir-etre-abattus-dans-lue-a-lavenir-pour-arimont-bonne-nouvelle\/","url":"https:\/\/vieassociative.be\/actualites\/les-loups-devraient-pouvoir-etre-abattus-dans-lue-a-lavenir-pour-arimont-bonne-nouvelle\/","name":"Les loups devraient pouvoir \u00eatre abattus dans l'UE \u00e0 l'avenir - pour Arimont \"Bonne nouvelle\" | Vie Associative","isPartOf":{"@id":"https:\/\/vieassociative.be\/actualites\/#website"},"primaryImageOfPage":{"@id":"https:\/\/vieassociative.be\/actualites\/les-loups-devraient-pouvoir-etre-abattus-dans-lue-a-lavenir-pour-arimont-bonne-nouvelle\/#primaryimage"},"image":{"@id":"https:\/\/vieassociative.be\/actualites\/les-loups-devraient-pouvoir-etre-abattus-dans-lue-a-lavenir-pour-arimont-bonne-nouvelle\/#primaryimage"},"thumbnailUrl":"https:\/\/vieassociative.be\/actualites\/wp-content\/uploads\/2025\/05\/1746713914_Les-loups-devraient-pouvoir-etre-abattus-dans-lUE-a-lavenir.jpg","datePublished":"2025-05-08T14:18:34+00:00","dateModified":"2025-05-08T14:18:34+00:00","breadcrumb":{"@id":"https:\/\/vieassociative.be\/actualites\/les-loups-devraient-pouvoir-etre-abattus-dans-lue-a-lavenir-pour-arimont-bonne-nouvelle\/#breadcrumb"},"inLanguage":"fr-BE","potentialAction":[{"@type":"ReadAction","target":["https:\/\/vieassociative.be\/actualites\/les-loups-devraient-pouvoir-etre-abattus-dans-lue-a-lavenir-pour-arimont-bonne-nouvelle\/"]}]},{"@type":"ImageObject","inLanguage":"fr-BE","@id":"https:\/\/vieassociative.be\/actualites\/les-loups-devraient-pouvoir-etre-abattus-dans-lue-a-lavenir-pour-arimont-bonne-nouvelle\/#primaryimage","url":"https:\/\/vieassociative.be\/actualites\/wp-content\/uploads\/2025\/05\/1746713914_Les-loups-devraient-pouvoir-etre-abattus-dans-lUE-a-lavenir.jpg","contentUrl":"https:\/\/vieassociative.be\/actualites\/wp-content\/uploads\/2025\/05\/1746713914_Les-loups-devraient-pouvoir-etre-abattus-dans-lUE-a-lavenir.jpg","width":1200,"height":799,"caption":"Les loups devraient pouvoir \u00eatre abattus dans l'UE \u00e0 l'avenir - pour Arimont \"Bonne nouvelle\""},{"@type":"BreadcrumbList","@id":"https:\/\/vieassociative.be\/actualites\/les-loups-devraient-pouvoir-etre-abattus-dans-lue-a-lavenir-pour-arimont-bonne-nouvelle\/#breadcrumb","itemListElement":[{"@type":"ListItem","position":1,"name":"Accueil","item":"https:\/\/vieassociative.be\/actualites\/"},{"@type":"ListItem","position":2,"name":"Les loups devraient pouvoir \u00eatre abattus dans l&rsquo;UE \u00e0 l&rsquo;avenir &#8211; pour Arimont \u00ab\u00a0Bonne nouvelle\u00a0\u00bb"}]},{"@type":"WebSite","@id":"https:\/\/vieassociative.be\/actualites\/#website","url":"https:\/\/vieassociative.be\/actualites\/","name":"Vie Associative","description":"","publisher":{"@id":"https:\/\/vieassociative.be\/actualites\/#organization"},"potentialAction":[{"@type":"SearchAction","target":{"@type":"EntryPoint","urlTemplate":"https:\/\/vieassociative.be\/actualites\/?s={search_term_string}"},"query-input":{"@type":"PropertyValueSpecification","valueRequired":true,"valueName":"search_term_string"}}],"inLanguage":"fr-BE"},{"@type":"Organization","@id":"https:\/\/vieassociative.be\/actualites\/#organization","name":"Vie Associative","url":"https:\/\/vieassociative.be\/actualites\/","logo":{"@type":"ImageObject","inLanguage":"fr-BE","@id":"https:\/\/vieassociative.be\/actualites\/#\/schema\/logo\/image\/","url":"https:\/\/vieassociative.be\/actualites\/wp-content\/uploads\/2024\/09\/cropped-vieassociative_favicon.ico.png","contentUrl":"https:\/\/vieassociative.be\/actualites\/wp-content\/uploads\/2024\/09\/cropped-vieassociative_favicon.ico.png","width":512,"height":512,"caption":"Vie Associative"},"image":{"@id":"https:\/\/vieassociative.be\/actualites\/#\/schema\/logo\/image\/"}},{"@type":"Person","@id":"https:\/\/vieassociative.be\/actualites\/#\/schema\/person\/b87ac4f82f9d4e7b7cec7395b679edc4","name":"Julien","image":{"@type":"ImageObject","inLanguage":"fr-BE","@id":"https:\/\/vieassociative.be\/actualites\/#\/schema\/person\/image\/","url":"https:\/\/vieassociative.be\/actualites\/wp-content\/uploads\/2024\/09\/vie-associative-1-150x150.jpg","contentUrl":"https:\/\/vieassociative.be\/actualites\/wp-content\/uploads\/2024\/09\/vie-associative-1-150x150.jpg","caption":"Julien"},"description":"Je suis Julien, r\u00e9dacteur pour Vie Associative. Passionn\u00e9 par le monde associatif depuis plus de 10 ans, j'ai \u00e0 c\u0153ur de partager des histoires inspirantes et de mettre en lumi\u00e8re les initiatives locales. Mon objectif est de sensibiliser et d'encourager l'engagement communautaire \u00e0 travers mes articles.","sameAs":["https:\/\/vieassociative.be\/"]}]}},"_links":{"self":[{"href":"https:\/\/vieassociative.be\/actualites\/wp-json\/wp\/v2\/posts\/7397"}],"collection":[{"href":"https:\/\/vieassociative.be\/actualites\/wp-json\/wp\/v2\/posts"}],"about":[{"href":"https:\/\/vieassociative.be\/actualites\/wp-json\/wp\/v2\/types\/post"}],"author":[{"embeddable":true,"href":"https:\/\/vieassociative.be\/actualites\/wp-json\/wp\/v2\/users\/1"}],"replies":[{"embeddable":true,"href":"https:\/\/vieassociative.be\/actualites\/wp-json\/wp\/v2\/comments?post=7397"}],"version-history":[{"count":0,"href":"https:\/\/vieassociative.be\/actualites\/wp-json\/wp\/v2\/posts\/7397\/revisions"}],"wp:featuredmedia":[{"embeddable":true,"href":"https:\/\/vieassociative.be\/actualites\/wp-json\/wp\/v2\/media\/7398"}],"wp:attachment":[{"href":"https:\/\/vieassociative.be\/actualites\/wp-json\/wp\/v2\/media?parent=7397"}],"wp:term":[{"taxonomy":"category","embeddable":true,"href":"https:\/\/vieassociative.be\/actualites\/wp-json\/wp\/v2\/categories?post=7397"},{"taxonomy":"post_tag","embeddable":true,"href":"https:\/\/vieassociative.be\/actualites\/wp-json\/wp\/v2\/tags?post=7397"}],"curies":[{"name":"wp","href":"https:\/\/api.w.org\/{rel}","templated":true}]}}