{"id":7395,"date":"2025-05-08T15:20:17","date_gmt":"2025-05-08T13:20:17","guid":{"rendered":"https:\/\/vieassociative.be\/actualites\/quelle-est-la-difference-entre-led-et-mini-led\/"},"modified":"2025-05-08T15:20:17","modified_gmt":"2025-05-08T13:20:17","slug":"quelle-est-la-difference-entre-led-et-mini-led","status":"publish","type":"post","link":"https:\/\/vieassociative.be\/actualites\/quelle-est-la-difference-entre-led-et-mini-led\/","title":{"rendered":"Quelle est la diff\u00e9rence entre LED et Mini-LED?"},"content":{"rendered":"<div class=\"mt-4 leading-6 md:mb-8\">Les mini-LED sont plus petites que les LED: pourquoi cela compte lorsque vous achetez un t\u00e9l\u00e9viseur est plus compliqu\u00e9.<\/div>\n<p><\/p>\n<p>La soupe alphabet de la terminologie t\u00e9l\u00e9vis\u00e9e est suffisamment \u00e9crasante, mais vous avez peut-\u00eatre vu un terme pop-up particuli\u00e8rement d\u00e9routant ces derniers temps: Mini-LED. Les LED sont d\u00e9j\u00e0 minuscules, alors que pourrait signifier exactement le \u00ab\u00a0mini\u00a0\u00bb ici? Il s&rsquo;av\u00e8re que beaucoup, et cette distinction peut faire la diff\u00e9rence entre les couleurs lav\u00e9es et un affichage plus vivant.<\/p>\n<p>Le fait est que presque chaque t\u00e9l\u00e9vision que vous voyez est techniquement <em>quelques<\/em> type d&rsquo;affichage LED. La plupart utilisent des LED blanches brillantes comme r\u00e9tro-\u00e9clairage, qui brille \u00e0 travers une matrice LCD et un filtre de couleur pour produire une image coh\u00e9rente. (L&rsquo;exception est OLED, qui illumine chaque pixel individuellement et ne n\u00e9cessite donc pas de r\u00e9tro-\u00e9clairage.)<\/p>\n<p>Les mini-LED sont une am\u00e9lioration par rapport \u00e0 la partie r\u00e9tro-\u00e9clairage de ce processus. Traditionnellement, le r\u00e9tro-\u00e9clairage de la plupart des t\u00e9l\u00e9viseurs LCD a \u00e9t\u00e9 uniforme ou divis\u00e9 en quelques sous-zones. Les mini-LED sont des feux de dos beaucoup plus petits qui peuvent \u00eatre contr\u00f4l\u00e9s individuellement, permettant \u00e0 votre t\u00e9l\u00e9viseur d&rsquo;\u00eatre brillant dans des endroits o\u00f9 il doit \u00eatre brillant et sombre o\u00f9 il doit \u00eatre sombre.<\/p>\n<h2 id=\"how-do-led-displays-work\">Comment fonctionnent les \u00e9crans LED?<\/h2>\n<p>Avant d&rsquo;arriver \u00e0 Mini-LEDS, d\u00e9composons la fa\u00e7on dont la plupart des \u00e9crans LCD fonctionnent un peu plus loin. Lorsque les fabricants annoncent un \u00e9cran comme un \u00ab\u00a0t\u00e9l\u00e9viseur LED\u00a0\u00bb, cela fait g\u00e9n\u00e9ralement r\u00e9f\u00e9rence au r\u00e9tro\u00e9clairage et, bien, LED est en quelque sorte donn\u00e9. Cependant, il existe quelques types de r\u00e9tro-\u00e9clairages diff\u00e9rents:<\/p>\n<ul>\n<li>\n<p><strong>D\u00e9tro-\u00e9clairage \u00e9clair\u00e9 par le bord:<\/strong> Dans cet arrangement, les LED sont plac\u00e9es dans un tableau le long du bord ext\u00e9rieur de l&rsquo;\u00e9cran, qui brille ensuite \u00e0 travers des guides lumineux qui distribuent plus uniform\u00e9ment la lumi\u00e8re \u00e0 travers l&rsquo;\u00e9cran. Cela peut \u00eatre plus rentable, mais cela peut parfois entra\u00eener des saignements l\u00e9gers autour des bords ou des zones plus ternes au milieu de l&rsquo;\u00e9cran.<\/p>\n<\/li>\n<li>\n<p><strong>R\u00e9tro-\u00e9clairage complet: <\/strong>Alternativement, certains fabricants cr\u00e9eront une grille de LED qui remplissent la zone de l&rsquo;\u00e9cran. Cela conduit \u00e0 un \u00e9clairage plus uniforme sur l&rsquo;image. Plus important encore, ces LED peuvent g\u00e9n\u00e9ralement \u00eatre contr\u00f4l\u00e9es individuellement, permettant une gradation locale (plus \u00e0 ce sujet ci-dessous).<\/p>\n<\/li>\n<\/ul>\n<p>Ces r\u00e9tro-\u00e9clairages brillent la lumi\u00e8re blanche (ou le bleu, dans le cas des \u00e9crans \u00e0 points quantiques) qui est ensuite att\u00e9nu\u00e9 ou bloqu\u00e9 par une matrice LCD. Cette couche utilise de minuscules cristaux liquides pour bloquer ou laisser passer la lumi\u00e8re, qui passe ensuite \u00e0 travers un filtre rouge, vert ou bleu. En contr\u00f4lant la quantit\u00e9 de lumi\u00e8re qui passe par chacun de ces filtres (ou \u00ab\u00a0sous-pixels\u00a0\u00bb), le t\u00e9l\u00e9viseur peut contr\u00f4ler la couleur de chaque pixel.<\/p>\n<p>Il n&rsquo;y a qu&rsquo;un petit probl\u00e8me avec ceci: les LCD ne peuvent pas parfaitement bloquer toute la lumi\u00e8re que le r\u00e9tro-\u00e9clairage \u00e9met. C&rsquo;est pourquoi, m\u00eame lorsque votre \u00e9cran LCD affiche tout noir, il a toujours l&rsquo;air \u00ab\u00a0allum\u00e9\u00a0\u00bb. Une certaine lumi\u00e8re traverse toujours. Afin d&rsquo;atteindre les Noirs plus sombres, vous avez besoin d&rsquo;une autre technique.<\/p>\n<h2 id=\"how-does-local-dimming-work\">Comment fonctionne la gradation locale?<\/h2>\n<p>\u00ab\u00a0Local Dimming\u00a0\u00bb fait r\u00e9f\u00e9rence \u00e0 une gamme de techniques pour les \u00e9crans soutenus par LED qui se r\u00e9sument essentiellement \u00e0 la m\u00eame chose: la gradation ou la d\u00e9sactivation des r\u00e9tro-\u00e9clairages o\u00f9 vous n&rsquo;en avez pas besoin. Cela signifie moins de saignements l\u00e9gers, ce qui entra\u00eene des niveaux noirs plus sombres et plus de contraste avec les parties plus brillantes de l&rsquo;\u00e9cran.<\/p>\n<p>Le seul attelage est qu&rsquo;il y a litt\u00e9ralement des millions de pixels dans un \u00e9cran LCD que des r\u00e9tro-\u00e9clairages individuels. Moins de r\u00e9tro-\u00e9clairages signifie moins de r\u00e9solution pour faire la distinction entre les zones vives et sombres. Cela signifie \u00e9galement que vous pouvez obtenir ce qu&rsquo;on appelle un \u00ab\u00a0effet de floraison\u00a0\u00bb lorsqu&rsquo;un objet brillant semble briller plus qu&rsquo;il ne le devrait. Cela est caus\u00e9 lorsque le r\u00e9tro\u00e9clairage saigne dans les pixels sombres autour d&rsquo;un objet brillant.<\/p>\n<p>Chaque r\u00e9tro\u00e9clairage cr\u00e9e une \u00ab\u00a0zone\u00a0\u00bb et plus vous avez de zones, mieux c&rsquo;est. Pour la plupart des t\u00e9l\u00e9viseurs \u00e9clair\u00e9s par LED, cela peut aller de quelques dizaines \u00e0 quelques centaines. Cependant, MINI-LED Tech permet aux t\u00e9l\u00e9viseurs de monter ce nombre jusqu&rsquo;\u00e0 des milliers.<\/p>\n<div class=\"pogoClear relative my-10 border-b-(1.5px) border-t-(1.5px) border-dashed border-black py-5 sm:my-14 sm:border-0 sm:py-0\" data-ga-click data-ga-template=\"Explainers\" data-ga-module=\"openweb_widget\" data-ga-element=\"openweb_scroll\" data-ga-item=\"openweb_scroll_midpage\" x-cloak x-data=\"{ commentsCount: null, hasComments: false }\" x-init=\"commentsCount = await window.openweb.getMessagesCount(01JTP6ZYZG0PNAZB6P3NDXA04T);\n     hasComments = commentsCount !== null &amp;&amp; commentsCount &gt; 0\"><\/p>\n<div class=\"absolute top-1\/2 hidden w-full -translate-y-1\/2 border-t-(1.5px) border-dashed border-black sm:block\"><\/div>\n<div class=\"relative flex justify-center\">\n<div class=\"flex max-w-max items-center gap-x-3 bg-white px-5\">\n<div class=\"relative\">\n                <span class=\"absolute left-1\/2 top-1\/2 -translate-x-1\/2 -translate-y-1\/2 font-akshar text-sm font-medium text-black\" x-show=\"hasComments\" x-text=\"commentsCount\"><\/span><\/p>\n<p>                <svg class=\"h-8 w-8 text-black\">\n                    <use href=\"http:\/\/lifehacker.com\/images\/icons\/spritemap.svg#sprite-chat-bubble\"><\/use>\n                <\/svg>\n            <\/div>\n<p>            <span class=\"text-sm font-medium text-black\"><\/p>\n<p>                Que pensez-vous jusqu&rsquo;\u00e0 pr\u00e9sent?<br \/>\n                <button class=\"font-semibold text-brand-green underline hover:text-brand-green-700\" onclick=\"window.openweb.scrollToComments('01JTP6ZYZG0PNAZB6P3NDXA04T')\" x-text=\"hasComments ? 'Post a comment.' : 'Be the first to post a comment.'\"><\/button><br \/>\n            <\/span>\n        <\/div>\n<\/p><\/div>\n<\/div>\n<h2 id=\"what-makes-mini-led-displays-different\">Qu&rsquo;est-ce qui rend les mini-affichages dirig\u00e9s?<\/h2>\n<p>En termes simples, dans un mini-\u00e9cran LED, les LED sont, eh bien, mini. C&rsquo;est \u00e7a. Pour \u00eatre plus sp\u00e9cifique, le terme est d\u00e9fini comme tout \u00e9cran o\u00f9 les diodes LED de r\u00e9tro\u00e9clairage ne sont pas sup\u00e9rieures \u00e0 0,2 mm. Ils peuvent \u00eatre plus petits que cela, mais tout plus grand et ils ne peuvent pas (ou du moins <em>ne devrait pas<\/em>) \u00eatre appel\u00e9 \u00ab\u00a0mini-dirig\u00e9e\u00a0\u00bb.<\/p>\n<p>Quand ils sont emball\u00e9s aussi petits, vous pouvez adapter un <em>parcelle<\/em> Plus de LED dans le m\u00eame espace. Ce mini-t\u00e9l\u00e9viseur de Bravia de 65 pouces de 65 pouces, par exemple, compte plus de 1 500 zones de gradin local. Cela signifie que chaque r\u00e9tro\u00e9clairage LED n&rsquo;a qu&rsquo;\u00e0 \u00e9clairer un peu plus d&rsquo;un pouce carr\u00e9. Cela offre beaucoup plus de flexibilit\u00e9 pour cr\u00e9er un contraste entre les parties claires et sombres de l&rsquo;image.<\/p>\n<h2 id=\"why-would-you-want-mini-led-over-oled\">Pourquoi voudriez-vous Mini-LED sur OLED?<\/h2>\n<p>Cela semble un peu bizarre, non? Les affichages OLED \u00e9clairent chaque pixel individuellement, vous n&rsquo;utilisez donc que les pixels dont vous avez besoin. Pourquoi ce Rigmarole avec un r\u00e9seau de gradin local? C&rsquo;est en partie parce que les \u00e9crans OLED ont une sensibilit\u00e9 plus \u00e9lev\u00e9e \u00e0 br\u00fbler. <\/p>\n<p>Les \u00e9l\u00e9ments LED organiques peuvent se d\u00e9grader de mani\u00e8re \u00e0 laisser des fant\u00f4mes d&rsquo;images qui sont fr\u00e9quemment \u00e0 l&rsquo;\u00e9cran, telles que les menus, les barres de t\u00e2ches ou les tiers inf\u00e9rieurs. Ce n&rsquo;est pas un probl\u00e8me pour les \u00e9crans typiques \u00e0 LED, o\u00f9 la couche LCD est faite de mat\u00e9riaux inorganiques plus robustes.<\/p>\n<p>Les panneaux LED et Mini-LED peuvent \u00e9galement devenir beaucoup plus brillants que les \u00e9crans OLED. Cela les rend mieux adapt\u00e9s aux t\u00e9l\u00e9viseurs qui pourraient s&rsquo;asseoir dans votre salon, pr\u00e8s de nombreuses fen\u00eatres ensoleill\u00e9es. Alors que les t\u00e9l\u00e9viseurs OLED existent et qu&rsquo;ils sont super, ils peuvent avoir du mal \u00e0 rivaliser avec la lumi\u00e8re dans des pi\u00e8ces lumineuses, ce qui les rend mieux adapt\u00e9s \u00e0 la visualisation nocturne ou aux chambres faiblement \u00e9clair\u00e9es.<\/p>\n","protected":false},"excerpt":{"rendered":"<p>Les mini-LED sont plus petites que les LED: pourquoi cela compte lorsque vous achetez un t\u00e9l\u00e9viseur est plus compliqu\u00e9. La soupe alphabet de la terminologie<\/p>\n","protected":false},"author":1,"featured_media":7396,"comment_status":"","ping_status":"","sticky":false,"template":"","format":"standard","meta":{"footnotes":""},"categories":[13],"tags":[111,70,76,6879,6880,1411],"class_list":["post-7395","post","type-post","status-publish","format-standard","has-post-thumbnail","hentry","category-technologie","tag-difference","tag-entre","tag-est","tag-led","tag-miniled","tag-quelle","generate-columns","tablet-grid-50","mobile-grid-100","grid-parent","grid-33"],"yoast_head":"<!-- This site is optimized with the Yoast SEO plugin v24.0 - https:\/\/yoast.com\/wordpress\/plugins\/seo\/ -->\n<title>Quelle est la diff\u00e9rence entre LED et Mini-LED? | Vie Associative<\/title>\n<meta name=\"robots\" content=\"index, follow, max-snippet:-1, max-image-preview:large, max-video-preview:-1\" \/>\n<link rel=\"canonical\" href=\"https:\/\/vieassociative.be\/actualites\/quelle-est-la-difference-entre-led-et-mini-led\/\" \/>\n<meta property=\"og:locale\" content=\"fr_FR\" \/>\n<meta property=\"og:type\" content=\"article\" \/>\n<meta property=\"og:title\" content=\"Quelle est la diff\u00e9rence entre LED et Mini-LED? | Vie Associative\" \/>\n<meta property=\"og:description\" content=\"Les mini-LED sont plus petites que les LED: pourquoi cela compte lorsque vous achetez un t\u00e9l\u00e9viseur est plus compliqu\u00e9. La soupe alphabet de la terminologie\" \/>\n<meta property=\"og:url\" content=\"https:\/\/vieassociative.be\/actualites\/quelle-est-la-difference-entre-led-et-mini-led\/\" \/>\n<meta property=\"og:site_name\" content=\"Vie Associative\" \/>\n<meta property=\"article:published_time\" content=\"2025-05-08T13:20:17+00:00\" \/>\n<meta property=\"og:image\" content=\"https:\/\/vieassociative.be\/actualites\/wp-content\/uploads\/2024\/09\/header_backgroundk-01-e1726694325946.png\" \/>\n\t<meta property=\"og:image:width\" content=\"279\" \/>\n\t<meta property=\"og:image:height\" content=\"92\" \/>\n\t<meta property=\"og:image:type\" content=\"image\/png\" \/>\n<meta name=\"author\" content=\"Julien\" \/>\n<meta name=\"twitter:card\" content=\"summary_large_image\" \/>\n<meta name=\"twitter:label1\" content=\"\u00c9crit par\" \/>\n\t<meta name=\"twitter:data1\" content=\"Julien\" \/>\n\t<meta name=\"twitter:label2\" content=\"Dur\u00e9e de lecture est.\" \/>\n\t<meta name=\"twitter:data2\" content=\"6 minutes\" \/>\n<script type=\"application\/ld+json\" class=\"yoast-schema-graph\">{\"@context\":\"https:\/\/schema.org\",\"@graph\":[{\"@type\":\"Article\",\"@id\":\"https:\/\/vieassociative.be\/actualites\/quelle-est-la-difference-entre-led-et-mini-led\/#article\",\"isPartOf\":{\"@id\":\"https:\/\/vieassociative.be\/actualites\/quelle-est-la-difference-entre-led-et-mini-led\/\"},\"author\":{\"name\":\"Julien\",\"@id\":\"https:\/\/vieassociative.be\/actualites\/#\/schema\/person\/b87ac4f82f9d4e7b7cec7395b679edc4\"},\"headline\":\"Quelle est la diff\u00e9rence entre LED et Mini-LED?\",\"datePublished\":\"2025-05-08T13:20:17+00:00\",\"dateModified\":\"2025-05-08T13:20:17+00:00\",\"mainEntityOfPage\":{\"@id\":\"https:\/\/vieassociative.be\/actualites\/quelle-est-la-difference-entre-led-et-mini-led\/\"},\"wordCount\":1161,\"publisher\":{\"@id\":\"https:\/\/vieassociative.be\/actualites\/#organization\"},\"image\":{\"@id\":\"https:\/\/vieassociative.be\/actualites\/quelle-est-la-difference-entre-led-et-mini-led\/#primaryimage\"},\"thumbnailUrl\":\"https:\/\/vieassociative.be\/actualites\/wp-content\/uploads\/2025\/05\/Quelle-est-la-difference-entre-LED-et-Mini-LED.jpg\",\"keywords\":[\"diff\u00e9rence\",\"entre\",\"est\",\"LED\",\"MiniLED\",\"quelle\"],\"articleSection\":[\"Technologie\"],\"inLanguage\":\"fr-BE\"},{\"@type\":\"WebPage\",\"@id\":\"https:\/\/vieassociative.be\/actualites\/quelle-est-la-difference-entre-led-et-mini-led\/\",\"url\":\"https:\/\/vieassociative.be\/actualites\/quelle-est-la-difference-entre-led-et-mini-led\/\",\"name\":\"Quelle est la diff\u00e9rence entre LED et Mini-LED? | Vie Associative\",\"isPartOf\":{\"@id\":\"https:\/\/vieassociative.be\/actualites\/#website\"},\"primaryImageOfPage\":{\"@id\":\"https:\/\/vieassociative.be\/actualites\/quelle-est-la-difference-entre-led-et-mini-led\/#primaryimage\"},\"image\":{\"@id\":\"https:\/\/vieassociative.be\/actualites\/quelle-est-la-difference-entre-led-et-mini-led\/#primaryimage\"},\"thumbnailUrl\":\"https:\/\/vieassociative.be\/actualites\/wp-content\/uploads\/2025\/05\/Quelle-est-la-difference-entre-LED-et-Mini-LED.jpg\",\"datePublished\":\"2025-05-08T13:20:17+00:00\",\"dateModified\":\"2025-05-08T13:20:17+00:00\",\"breadcrumb\":{\"@id\":\"https:\/\/vieassociative.be\/actualites\/quelle-est-la-difference-entre-led-et-mini-led\/#breadcrumb\"},\"inLanguage\":\"fr-BE\",\"potentialAction\":[{\"@type\":\"ReadAction\",\"target\":[\"https:\/\/vieassociative.be\/actualites\/quelle-est-la-difference-entre-led-et-mini-led\/\"]}]},{\"@type\":\"ImageObject\",\"inLanguage\":\"fr-BE\",\"@id\":\"https:\/\/vieassociative.be\/actualites\/quelle-est-la-difference-entre-led-et-mini-led\/#primaryimage\",\"url\":\"https:\/\/vieassociative.be\/actualites\/wp-content\/uploads\/2025\/05\/Quelle-est-la-difference-entre-LED-et-Mini-LED.jpg\",\"contentUrl\":\"https:\/\/vieassociative.be\/actualites\/wp-content\/uploads\/2025\/05\/Quelle-est-la-difference-entre-LED-et-Mini-LED.jpg\",\"width\":1200,\"height\":675,\"caption\":\"Quelle est la diff\u00e9rence entre LED et Mini-LED?\"},{\"@type\":\"BreadcrumbList\",\"@id\":\"https:\/\/vieassociative.be\/actualites\/quelle-est-la-difference-entre-led-et-mini-led\/#breadcrumb\",\"itemListElement\":[{\"@type\":\"ListItem\",\"position\":1,\"name\":\"Accueil\",\"item\":\"https:\/\/vieassociative.be\/actualites\/\"},{\"@type\":\"ListItem\",\"position\":2,\"name\":\"Quelle est la diff\u00e9rence entre LED et Mini-LED?\"}]},{\"@type\":\"WebSite\",\"@id\":\"https:\/\/vieassociative.be\/actualites\/#website\",\"url\":\"https:\/\/vieassociative.be\/actualites\/\",\"name\":\"Vie Associative\",\"description\":\"\",\"publisher\":{\"@id\":\"https:\/\/vieassociative.be\/actualites\/#organization\"},\"potentialAction\":[{\"@type\":\"SearchAction\",\"target\":{\"@type\":\"EntryPoint\",\"urlTemplate\":\"https:\/\/vieassociative.be\/actualites\/?s={search_term_string}\"},\"query-input\":{\"@type\":\"PropertyValueSpecification\",\"valueRequired\":true,\"valueName\":\"search_term_string\"}}],\"inLanguage\":\"fr-BE\"},{\"@type\":\"Organization\",\"@id\":\"https:\/\/vieassociative.be\/actualites\/#organization\",\"name\":\"Vie Associative\",\"url\":\"https:\/\/vieassociative.be\/actualites\/\",\"logo\":{\"@type\":\"ImageObject\",\"inLanguage\":\"fr-BE\",\"@id\":\"https:\/\/vieassociative.be\/actualites\/#\/schema\/logo\/image\/\",\"url\":\"https:\/\/vieassociative.be\/actualites\/wp-content\/uploads\/2024\/09\/cropped-vieassociative_favicon.ico.png\",\"contentUrl\":\"https:\/\/vieassociative.be\/actualites\/wp-content\/uploads\/2024\/09\/cropped-vieassociative_favicon.ico.png\",\"width\":512,\"height\":512,\"caption\":\"Vie Associative\"},\"image\":{\"@id\":\"https:\/\/vieassociative.be\/actualites\/#\/schema\/logo\/image\/\"}},{\"@type\":\"Person\",\"@id\":\"https:\/\/vieassociative.be\/actualites\/#\/schema\/person\/b87ac4f82f9d4e7b7cec7395b679edc4\",\"name\":\"Julien\",\"image\":{\"@type\":\"ImageObject\",\"inLanguage\":\"fr-BE\",\"@id\":\"https:\/\/vieassociative.be\/actualites\/#\/schema\/person\/image\/\",\"url\":\"https:\/\/vieassociative.be\/actualites\/wp-content\/uploads\/2024\/09\/vie-associative-1-150x150.jpg\",\"contentUrl\":\"https:\/\/vieassociative.be\/actualites\/wp-content\/uploads\/2024\/09\/vie-associative-1-150x150.jpg\",\"caption\":\"Julien\"},\"description\":\"Je suis Julien, r\u00e9dacteur pour Vie Associative. Passionn\u00e9 par le monde associatif depuis plus de 10 ans, j'ai \u00e0 c\u0153ur de partager des histoires inspirantes et de mettre en lumi\u00e8re les initiatives locales. Mon objectif est de sensibiliser et d'encourager l'engagement communautaire \u00e0 travers mes articles.\",\"sameAs\":[\"https:\/\/vieassociative.be\/\"]}]}<\/script>\n<!-- \/ Yoast SEO plugin. -->","yoast_head_json":{"title":"Quelle est la diff\u00e9rence entre LED et Mini-LED? | Vie Associative","robots":{"index":"index","follow":"follow","max-snippet":"max-snippet:-1","max-image-preview":"max-image-preview:large","max-video-preview":"max-video-preview:-1"},"canonical":"https:\/\/vieassociative.be\/actualites\/quelle-est-la-difference-entre-led-et-mini-led\/","og_locale":"fr_FR","og_type":"article","og_title":"Quelle est la diff\u00e9rence entre LED et Mini-LED? | Vie Associative","og_description":"Les mini-LED sont plus petites que les LED: pourquoi cela compte lorsque vous achetez un t\u00e9l\u00e9viseur est plus compliqu\u00e9. La soupe alphabet de la terminologie","og_url":"https:\/\/vieassociative.be\/actualites\/quelle-est-la-difference-entre-led-et-mini-led\/","og_site_name":"Vie Associative","article_published_time":"2025-05-08T13:20:17+00:00","og_image":[{"width":279,"height":92,"url":"https:\/\/vieassociative.be\/actualites\/wp-content\/uploads\/2024\/09\/header_backgroundk-01-e1726694325946.png","type":"image\/png"}],"author":"Julien","twitter_card":"summary_large_image","twitter_misc":{"\u00c9crit par":"Julien","Dur\u00e9e de lecture est.":"6 minutes"},"schema":{"@context":"https:\/\/schema.org","@graph":[{"@type":"Article","@id":"https:\/\/vieassociative.be\/actualites\/quelle-est-la-difference-entre-led-et-mini-led\/#article","isPartOf":{"@id":"https:\/\/vieassociative.be\/actualites\/quelle-est-la-difference-entre-led-et-mini-led\/"},"author":{"name":"Julien","@id":"https:\/\/vieassociative.be\/actualites\/#\/schema\/person\/b87ac4f82f9d4e7b7cec7395b679edc4"},"headline":"Quelle est la diff\u00e9rence entre LED et Mini-LED?","datePublished":"2025-05-08T13:20:17+00:00","dateModified":"2025-05-08T13:20:17+00:00","mainEntityOfPage":{"@id":"https:\/\/vieassociative.be\/actualites\/quelle-est-la-difference-entre-led-et-mini-led\/"},"wordCount":1161,"publisher":{"@id":"https:\/\/vieassociative.be\/actualites\/#organization"},"image":{"@id":"https:\/\/vieassociative.be\/actualites\/quelle-est-la-difference-entre-led-et-mini-led\/#primaryimage"},"thumbnailUrl":"https:\/\/vieassociative.be\/actualites\/wp-content\/uploads\/2025\/05\/Quelle-est-la-difference-entre-LED-et-Mini-LED.jpg","keywords":["diff\u00e9rence","entre","est","LED","MiniLED","quelle"],"articleSection":["Technologie"],"inLanguage":"fr-BE"},{"@type":"WebPage","@id":"https:\/\/vieassociative.be\/actualites\/quelle-est-la-difference-entre-led-et-mini-led\/","url":"https:\/\/vieassociative.be\/actualites\/quelle-est-la-difference-entre-led-et-mini-led\/","name":"Quelle est la diff\u00e9rence entre LED et Mini-LED? | Vie Associative","isPartOf":{"@id":"https:\/\/vieassociative.be\/actualites\/#website"},"primaryImageOfPage":{"@id":"https:\/\/vieassociative.be\/actualites\/quelle-est-la-difference-entre-led-et-mini-led\/#primaryimage"},"image":{"@id":"https:\/\/vieassociative.be\/actualites\/quelle-est-la-difference-entre-led-et-mini-led\/#primaryimage"},"thumbnailUrl":"https:\/\/vieassociative.be\/actualites\/wp-content\/uploads\/2025\/05\/Quelle-est-la-difference-entre-LED-et-Mini-LED.jpg","datePublished":"2025-05-08T13:20:17+00:00","dateModified":"2025-05-08T13:20:17+00:00","breadcrumb":{"@id":"https:\/\/vieassociative.be\/actualites\/quelle-est-la-difference-entre-led-et-mini-led\/#breadcrumb"},"inLanguage":"fr-BE","potentialAction":[{"@type":"ReadAction","target":["https:\/\/vieassociative.be\/actualites\/quelle-est-la-difference-entre-led-et-mini-led\/"]}]},{"@type":"ImageObject","inLanguage":"fr-BE","@id":"https:\/\/vieassociative.be\/actualites\/quelle-est-la-difference-entre-led-et-mini-led\/#primaryimage","url":"https:\/\/vieassociative.be\/actualites\/wp-content\/uploads\/2025\/05\/Quelle-est-la-difference-entre-LED-et-Mini-LED.jpg","contentUrl":"https:\/\/vieassociative.be\/actualites\/wp-content\/uploads\/2025\/05\/Quelle-est-la-difference-entre-LED-et-Mini-LED.jpg","width":1200,"height":675,"caption":"Quelle est la diff\u00e9rence entre LED et Mini-LED?"},{"@type":"BreadcrumbList","@id":"https:\/\/vieassociative.be\/actualites\/quelle-est-la-difference-entre-led-et-mini-led\/#breadcrumb","itemListElement":[{"@type":"ListItem","position":1,"name":"Accueil","item":"https:\/\/vieassociative.be\/actualites\/"},{"@type":"ListItem","position":2,"name":"Quelle est la diff\u00e9rence entre LED et Mini-LED?"}]},{"@type":"WebSite","@id":"https:\/\/vieassociative.be\/actualites\/#website","url":"https:\/\/vieassociative.be\/actualites\/","name":"Vie Associative","description":"","publisher":{"@id":"https:\/\/vieassociative.be\/actualites\/#organization"},"potentialAction":[{"@type":"SearchAction","target":{"@type":"EntryPoint","urlTemplate":"https:\/\/vieassociative.be\/actualites\/?s={search_term_string}"},"query-input":{"@type":"PropertyValueSpecification","valueRequired":true,"valueName":"search_term_string"}}],"inLanguage":"fr-BE"},{"@type":"Organization","@id":"https:\/\/vieassociative.be\/actualites\/#organization","name":"Vie Associative","url":"https:\/\/vieassociative.be\/actualites\/","logo":{"@type":"ImageObject","inLanguage":"fr-BE","@id":"https:\/\/vieassociative.be\/actualites\/#\/schema\/logo\/image\/","url":"https:\/\/vieassociative.be\/actualites\/wp-content\/uploads\/2024\/09\/cropped-vieassociative_favicon.ico.png","contentUrl":"https:\/\/vieassociative.be\/actualites\/wp-content\/uploads\/2024\/09\/cropped-vieassociative_favicon.ico.png","width":512,"height":512,"caption":"Vie Associative"},"image":{"@id":"https:\/\/vieassociative.be\/actualites\/#\/schema\/logo\/image\/"}},{"@type":"Person","@id":"https:\/\/vieassociative.be\/actualites\/#\/schema\/person\/b87ac4f82f9d4e7b7cec7395b679edc4","name":"Julien","image":{"@type":"ImageObject","inLanguage":"fr-BE","@id":"https:\/\/vieassociative.be\/actualites\/#\/schema\/person\/image\/","url":"https:\/\/vieassociative.be\/actualites\/wp-content\/uploads\/2024\/09\/vie-associative-1-150x150.jpg","contentUrl":"https:\/\/vieassociative.be\/actualites\/wp-content\/uploads\/2024\/09\/vie-associative-1-150x150.jpg","caption":"Julien"},"description":"Je suis Julien, r\u00e9dacteur pour Vie Associative. Passionn\u00e9 par le monde associatif depuis plus de 10 ans, j'ai \u00e0 c\u0153ur de partager des histoires inspirantes et de mettre en lumi\u00e8re les initiatives locales. Mon objectif est de sensibiliser et d'encourager l'engagement communautaire \u00e0 travers mes articles.","sameAs":["https:\/\/vieassociative.be\/"]}]}},"_links":{"self":[{"href":"https:\/\/vieassociative.be\/actualites\/wp-json\/wp\/v2\/posts\/7395"}],"collection":[{"href":"https:\/\/vieassociative.be\/actualites\/wp-json\/wp\/v2\/posts"}],"about":[{"href":"https:\/\/vieassociative.be\/actualites\/wp-json\/wp\/v2\/types\/post"}],"author":[{"embeddable":true,"href":"https:\/\/vieassociative.be\/actualites\/wp-json\/wp\/v2\/users\/1"}],"replies":[{"embeddable":true,"href":"https:\/\/vieassociative.be\/actualites\/wp-json\/wp\/v2\/comments?post=7395"}],"version-history":[{"count":0,"href":"https:\/\/vieassociative.be\/actualites\/wp-json\/wp\/v2\/posts\/7395\/revisions"}],"wp:featuredmedia":[{"embeddable":true,"href":"https:\/\/vieassociative.be\/actualites\/wp-json\/wp\/v2\/media\/7396"}],"wp:attachment":[{"href":"https:\/\/vieassociative.be\/actualites\/wp-json\/wp\/v2\/media?parent=7395"}],"wp:term":[{"taxonomy":"category","embeddable":true,"href":"https:\/\/vieassociative.be\/actualites\/wp-json\/wp\/v2\/categories?post=7395"},{"taxonomy":"post_tag","embeddable":true,"href":"https:\/\/vieassociative.be\/actualites\/wp-json\/wp\/v2\/tags?post=7395"}],"curies":[{"name":"wp","href":"https:\/\/api.w.org\/{rel}","templated":true}]}}