{"id":7386,"date":"2025-05-08T06:17:06","date_gmt":"2025-05-08T04:17:06","guid":{"rendered":"https:\/\/vieassociative.be\/actualites\/combien-de-temps-pouvez-vous-reellement-passer-sans-dormir\/"},"modified":"2025-05-08T06:17:06","modified_gmt":"2025-05-08T04:17:06","slug":"combien-de-temps-pouvez-vous-reellement-passer-sans-dormir","status":"publish","type":"post","link":"https:\/\/vieassociative.be\/actualites\/combien-de-temps-pouvez-vous-reellement-passer-sans-dormir\/","title":{"rendered":"Combien de temps pouvez-vous r\u00e9ellement passer sans dormir?"},"content":{"rendered":"<div class=\"mt-4 leading-6 md:mb-8\">Que vous planifiiez une nuittte ou que vous g\u00e9riez l&rsquo;insomnie, lisez la suite pour savoir comment votre corps g\u00e9rera les jours et les nuits sans sommeil.<\/div>\n<p><\/p>\n<p>Les nuits sans sommeil sont une r\u00e9alit\u00e9 pour beaucoup d&rsquo;entre nous: les parents de nouveau-n\u00e9s, les \u00e9l\u00e8ves entassant pour des tests, les gens aux prises avec l&rsquo;insomnie. Nous savons tous que nous <em>besoin<\/em> Pour dormir, mais allez, ne pouvons-nous pas passer sans \u00e7a pendant un moment? En quelque sorte, mais ce n&rsquo;est pas joli. <\/p>\n<h2 id=\"the-world-records-for-sleep-deprivation\">Les records du monde pour la privation de sommeil<\/h2>\n<p>Le d\u00e9tenteur du record le plus c\u00e9l\u00e8bre pour la privation de sommeil &#8211; bien qu&rsquo;il ne d\u00e9tient pas le record actuel &#8211; est Randy Gardner, qui est largement consid\u00e9r\u00e9 comme ayant subi la p\u00e9riode la plus document\u00e9e de privation de sommeil extr\u00eame par un humain: 264 heures ou environ 11 jours. <\/p>\n<p>Comme le rapporte NPR, Gardner travaillait sur un projet d&rsquo;expo-sciences avec deux autres \u00e9tudiants en 1963, et ils ont d\u00e9cid\u00e9 de battre les 260 heures blanches qu&rsquo;ils ont entendues par un DJ radio. Gardner a perdu le tirage au sort, et il s&rsquo;est pass\u00e9 sans dormir pendant que les autres le surveillaient et testent sa cognition. Il avait 17 ans \u00e0 l&rsquo;\u00e9poque.<\/p>\n<p>Son exp\u00e9rience a attir\u00e9 l&rsquo;attention des m\u00e9dias, et bient\u00f4t le chercheur de Stanford Sleep Dement et la Mavy Medic John Ross ont \u00e9galement commenc\u00e9 \u00e0 l&rsquo;\u00e9valuer. Apr\u00e8s que la marque de 264 heures ait \u00e9t\u00e9 atteinte, Gardner a subi une analyse c\u00e9r\u00e9brale (le montrant en bonne sant\u00e9) puis a dormi pendant 14 heures. <\/p>\n<p>Son record a \u00e9t\u00e9 battu plusieurs fois apr\u00e8s cela, plus r\u00e9cemment en 1986, avec un <strong>Stretch sans sommeil de pr\u00e8s de 19 jours par le cascadeur Robert McDonald<\/strong>. C&rsquo;est le dernier record du monde document\u00e9. N&rsquo;essayez pas de le battre, cependant: le Guinness Book of World Records a d\u00e9cid\u00e9 en 1997 de \u00abarr\u00eater la surveillance\u00bb du record de l&rsquo;insomnie. Ils reconnaissent que la publication d&rsquo;un dossier signifie que les gens continueront d&rsquo;essayer de le battre, et les effets d&rsquo;une privation de sommeil extr\u00eame sont consid\u00e9r\u00e9s comme suffisamment dangereux pour qu&rsquo;ils ne voulaient pas l&rsquo;encourager.<\/p>\n<p>Cela dit, si vous souhaitez en savoir plus sur les d\u00e9tenteurs de dossiers et les exp\u00e9riences de leurs exp\u00e9riences, Guinness a un aper\u00e7u de leur site Web. Il convient de noter que Peter Tripp, un DJ qui a concouru pour le dossier dans les ann\u00e9es 1950, a connu des hallucinations extr\u00eames qui pourraient \u00eatre dues au Ritalin qu&rsquo;il a pris pour rester \u00e9veill\u00e9, plut\u00f4t qu&rsquo;\u00e0 un effet direct de l&rsquo;insomnie. (Cela dit, des hallucinations d&rsquo;une sorte peuvent encore se produire par la seule privation de sommeil.) <\/p>\n<h2 id=\"the-effects-of-extreme-sleep-deprivation\">Les effets d&rsquo;une privation de sommeil extr\u00eame<\/h2>\n<p>Les titulaires des records du site de Guinness ont souvent d\u00e9clar\u00e9 se sentir naus\u00e9eux et irritables. Au quatri\u00e8me jour, l&rsquo;un des scientifiques observant Gardner a rappel\u00e9 qu&rsquo;il avait \u00abdes hallucinations, des d\u00e9lires et une dur\u00e9e d&rsquo;attention extr\u00eamement courte\u00bb. <\/p>\n<p>1974 Record Breaker Roger Guy English, qui n&rsquo;a utilis\u00e9 aucun stimulant en plus de la caf\u00e9ine, a d\u00e9clar\u00e9 avoir subi des hallucinations qui ont dur\u00e9 m\u00eame lorsque l&rsquo;exp\u00e9rience \u00e9tait termin\u00e9e. Un autre record, Maureen Weston, a eu des hallucinations alors qu&rsquo;elle \u00e9tait priv\u00e9e de sommeil, mais a d\u00e9clar\u00e9 qu&rsquo;elle avait compl\u00e8tement r\u00e9cup\u00e9r\u00e9 une fois qu&rsquo;elle a pu dormir. <\/p>\n<p>Un guide de la privation de sommeil de StatPearls rapporte que la perte chronique de sommeil (qui peut inclure un peu de sommeil, mais pas assez, sur une plus longue p\u00e9riode) peut entra\u00eener une \u00abmortalit\u00e9 et une morbidit\u00e9 accrues, de mauvaises performances sur les activit\u00e9s d&rsquo;\u00e9veil, entra\u00eenant une augmentation des accidents et des blessures, une baisse de la qualit\u00e9 de vie, une diminution du bien-\u00eatre familial et une utilisation r\u00e9duite des soins de sant\u00e9\u00bb. Ils ajoutent: \u00ab\u00a0Il est clair que la perte de sommeil a un effet profond sur la sant\u00e9 humaine et le bien-\u00eatre.\u00a0\u00bb <\/p>\n<h2 id=\"how-long-can-the-average-person-go-without-sleep\">Combien de temps la personne moyenne peut-elle passer sans dormir? <\/h2>\n<p>Pour des conseils pratiques, tournons-nous vers l&rsquo;arm\u00e9e. L&rsquo;arm\u00e9e a besoin que ses membres fonctionnent, mais leur donne souvent des affectations qui rendent le sommeil difficile ou impossible, ils ont donc d\u00e9velopp\u00e9 des politiques sur la question. Un rapport du Pentagone sur la privation de sommeil d\u00e9finit la \u00abprivation totale du sommeil\u00bb comme 24 heures \u00e9veill\u00e9es, <em>ou<\/em> Sauter votre fen\u00eatre de sommeil normale, chaque fois que cela peut \u00eatre. En d&rsquo;autres termes, si vous vous r\u00e9veillez normalement \u00e0 7 heures du matin mais restez debout toute la nuit \u00e0 jouer \u00e0 des jeux vid\u00e9o (ou \u00e0 vous faire tirer dessus par l&rsquo;ennemi), lorsque 7 heures du matin se d\u00e9roulent \u00e0 nouveau, vous seriez consid\u00e9r\u00e9 comme dans un \u00e9tat de privation totale de sommeil. <\/p>\n<p>Ils consid\u00e8rent \u00e9galement la \u00abprivation de sommeil partielle\u00bb pour signifier une p\u00e9riode de temps dans laquelle vous avez moins de sept heures de sommeil chaque nuit, car votre p\u00e9riode de sommeil a \u00e9t\u00e9 raccourcie ou interrompue. Une semaine de ceci est consid\u00e9r\u00e9e comme une \u00abprivation de sommeil partielle chronique\u00bb. <\/p>\n<div class=\"pogoClear relative my-10 border-b-(1.5px) border-t-(1.5px) border-dashed border-black py-5 sm:my-14 sm:border-0 sm:py-0\" data-ga-click data-ga-template=\"Explainers\" data-ga-module=\"openweb_widget\" data-ga-element=\"openweb_scroll\" data-ga-item=\"openweb_scroll_midpage\" x-cloak x-data=\"{ commentsCount: null, hasComments: false }\" x-init=\"commentsCount = await window.openweb.getMessagesCount(117016);\n     hasComments = commentsCount !== null &amp;&amp; commentsCount &gt; 0\"><\/p>\n<div class=\"absolute top-1\/2 hidden w-full -translate-y-1\/2 border-t-(1.5px) border-dashed border-black sm:block\"><\/div>\n<div class=\"relative flex justify-center\">\n<div class=\"flex max-w-max items-center gap-x-3 bg-white px-5\">\n<div class=\"relative\">\n                <span class=\"absolute left-1\/2 top-1\/2 -translate-x-1\/2 -translate-y-1\/2 font-akshar text-sm font-medium text-black\" x-show=\"hasComments\" x-text=\"commentsCount\"><\/span><\/p>\n<p>                <svg class=\"h-8 w-8 text-black\">\n                    <use href=\"http:\/\/lifehacker.com\/images\/icons\/spritemap.svg#sprite-chat-bubble\"><\/use>\n                <\/svg>\n            <\/div>\n<p>            <span class=\"text-sm font-medium text-black\"><\/p>\n<p>                Que pensez-vous jusqu&rsquo;\u00e0 pr\u00e9sent?<br \/>\n                <button class=\"font-semibold text-brand-green underline hover:text-brand-green-700\" onclick=\"window.openweb.scrollToComments('117016')\" x-text=\"hasComments ? 'Post a comment.' : 'Be the first to post a comment.'\"><\/button><br \/>\n            <\/span>\n        <\/div>\n<\/p><\/div>\n<\/div>\n<p>Selon le m\u00eame rapport, chaque 24 heures de privation totale de sommeil est livr\u00e9e avec une \u00abd\u00e9gradation de 25 \u00e0 35% de la performance des t\u00e2ches cognitives\u00bb. Ce n&rsquo;est pas que vous ayez frapp\u00e9 un mur \u00e0 un nombre sp\u00e9cifique d&rsquo;heures et que vous deveniez incapable de fonctionner, mais plut\u00f4t que, au fil du temps, vous \u00eates priv\u00e9 de sommeil, votre cerveau fonctionne moins et les Gud.<\/p>\n<p>Le rapport cite \u00e9galement les r\u00e9sultats que la privation de sommeil peut augmenter le risque de l\u00e9sion c\u00e9r\u00e9brale traumatique, augmente les sentiments d&rsquo;\u00e9puisement \u00e9motionnel et de \u00absurcharge des r\u00f4les\u00bb (\u00e9puisement professionnel), augmente et aggrave les sympt\u00f4mes d&rsquo;anxi\u00e9t\u00e9, exacerbe les sympt\u00f4mes du SSPT et augmente les sympt\u00f4mes d\u00e9pressifs et les id\u00e9es suicidales et les tentatives. <\/p>\n<p>L&rsquo;essentiel, selon les militaires: les membres doivent recevoir des t\u00e2ches qui permettent huit heures de sommeil sur 24 heures, si possible. L\u00e0 o\u00f9 cela n&rsquo;est pas possible, pr\u00e9voyez de \u00abbancaire\u00bb de dormir avant cette p\u00e9riode sans sommeil et de laisser le temps pour \u00abr\u00e9cup\u00e9rer\u00bb le sommeil par la suite (comme la fa\u00e7on dont Gardner a zonked pendant 14 heures apr\u00e8s son exp\u00e9rience).<\/p>\n<h2 id=\"what-if-i-cant-sleep\">Et si je ne peux pas dormir? <\/h2>\n<p>Un cas clinique d&rsquo;insomnie est une situation diff\u00e9rente de celle d&rsquo;un \u00e9tudiant ou d&rsquo;un soldat tirant une nuittte. L&rsquo;insomnie peut avoir de nombreuses causes, et cela vaut la peine d&rsquo;\u00eatre \u00e9valu\u00e9 pour d\u00e9couvrir ce qui se passe dans votre corps et votre cerveau qui vous emp\u00eache de passer une bonne nuit de sommeil. Le conseil que vous obtenez d\u00e9pendra exactement de ce qui ne va pas. <\/p>\n<p>Il convient de mentionner, cependant, que juste parce que vous <em>pense<\/em> Vous ne dormez pas ne signifie pas que vous avez en fait pass\u00e9 une nuit blanche. Chaque fois que j&rsquo;interviewe un expert du sommeil, ils ont toujours des histoires sur des patients qui ont jur\u00e9 de haut en bas, ils ne dormaient pas du tout, mais une \u00e9tude de sommeil les a montr\u00e9s en attrapant quelques z sans se rendre compte qu&rsquo;ils avaient d\u00e9riv\u00e9. <\/p>\n<p>M\u00eame le livre de Guinness le reconna\u00eet: l&rsquo;une des raisons pour lesquelles ils ont cess\u00e9 de tenir les dossiers d&rsquo;insomnie, outre le risque pour la sant\u00e9, est que les personnes qui semblent \u00e9veill\u00e9es peuvent toujours vivre des \u00abmicroslets\u00bb. Le CDC, en discutant des effets de longs changements sur les infirmi\u00e8res, \u00e9crit que \u00abune personne priv\u00e9e de sommeil ne peut pas contr\u00f4ler l&rsquo;apparition des microslets et n&rsquo;est souvent pas au courant qu&rsquo;ils se produisent\u00bb. <\/p>\n<p>Les sp\u00e9cialistes du sommeil recommandent que, au lieu de regarder l&rsquo;horloge et de s&rsquo;inqui\u00e9ter de la quantit\u00e9 de sommeil que vous n&rsquo;obtenez pas, faites de votre mieux pour vous d\u00e9tendre. La relaxation est <em>presque<\/em> Aussi bon que le sommeil, et se r\u00e9v\u00e8le souvent conduire \u00e0 dormir. Si vous remarquez toujours des probl\u00e8mes de somnolence diurne ou si vous avez d&rsquo;autres pr\u00e9occupations concernant votre sommeil, consultez un m\u00e9decin. <\/p>\n","protected":false},"excerpt":{"rendered":"<p>Que vous planifiiez une nuittte ou que vous g\u00e9riez l&rsquo;insomnie, lisez la suite pour savoir comment votre corps g\u00e9rera les jours et les nuits sans<\/p>\n","protected":false},"author":1,"featured_media":7387,"comment_status":"","ping_status":"","sticky":false,"template":"","format":"standard","meta":{"footnotes":""},"categories":[38],"tags":[2602,4490,789,1422,85,130,790],"class_list":["post-7386","post","type-post","status-publish","format-standard","has-post-thumbnail","hentry","category-sante","tag-combien","tag-dormir","tag-passer","tag-pouvezvous","tag-reellement","tag-sans","tag-temps","generate-columns","tablet-grid-50","mobile-grid-100","grid-parent","grid-33"],"yoast_head":"<!-- This site is optimized with the Yoast SEO plugin v24.0 - https:\/\/yoast.com\/wordpress\/plugins\/seo\/ -->\n<title>Combien de temps pouvez-vous r\u00e9ellement passer sans dormir? | Vie Associative<\/title>\n<meta name=\"robots\" content=\"index, follow, max-snippet:-1, max-image-preview:large, max-video-preview:-1\" \/>\n<link rel=\"canonical\" href=\"https:\/\/vieassociative.be\/actualites\/combien-de-temps-pouvez-vous-reellement-passer-sans-dormir\/\" \/>\n<meta property=\"og:locale\" content=\"fr_FR\" \/>\n<meta property=\"og:type\" content=\"article\" \/>\n<meta property=\"og:title\" content=\"Combien de temps pouvez-vous r\u00e9ellement passer sans dormir? | Vie Associative\" \/>\n<meta property=\"og:description\" content=\"Que vous planifiiez une nuittte ou que vous g\u00e9riez l&rsquo;insomnie, lisez la suite pour savoir comment votre corps g\u00e9rera les jours et les nuits sans\" \/>\n<meta property=\"og:url\" content=\"https:\/\/vieassociative.be\/actualites\/combien-de-temps-pouvez-vous-reellement-passer-sans-dormir\/\" \/>\n<meta property=\"og:site_name\" content=\"Vie Associative\" \/>\n<meta property=\"article:published_time\" content=\"2025-05-08T04:17:06+00:00\" \/>\n<meta property=\"og:image\" content=\"https:\/\/vieassociative.be\/actualites\/wp-content\/uploads\/2024\/09\/header_backgroundk-01-e1726694325946.png\" \/>\n\t<meta property=\"og:image:width\" content=\"279\" \/>\n\t<meta property=\"og:image:height\" content=\"92\" \/>\n\t<meta property=\"og:image:type\" content=\"image\/png\" \/>\n<meta name=\"author\" content=\"Julien\" \/>\n<meta name=\"twitter:card\" content=\"summary_large_image\" \/>\n<meta name=\"twitter:label1\" content=\"\u00c9crit par\" \/>\n\t<meta name=\"twitter:data1\" content=\"Julien\" \/>\n\t<meta name=\"twitter:label2\" content=\"Dur\u00e9e de lecture est.\" \/>\n\t<meta name=\"twitter:data2\" content=\"7 minutes\" \/>\n<script type=\"application\/ld+json\" class=\"yoast-schema-graph\">{\"@context\":\"https:\/\/schema.org\",\"@graph\":[{\"@type\":\"Article\",\"@id\":\"https:\/\/vieassociative.be\/actualites\/combien-de-temps-pouvez-vous-reellement-passer-sans-dormir\/#article\",\"isPartOf\":{\"@id\":\"https:\/\/vieassociative.be\/actualites\/combien-de-temps-pouvez-vous-reellement-passer-sans-dormir\/\"},\"author\":{\"name\":\"Julien\",\"@id\":\"https:\/\/vieassociative.be\/actualites\/#\/schema\/person\/b87ac4f82f9d4e7b7cec7395b679edc4\"},\"headline\":\"Combien de temps pouvez-vous r\u00e9ellement passer sans dormir?\",\"datePublished\":\"2025-05-08T04:17:06+00:00\",\"dateModified\":\"2025-05-08T04:17:06+00:00\",\"mainEntityOfPage\":{\"@id\":\"https:\/\/vieassociative.be\/actualites\/combien-de-temps-pouvez-vous-reellement-passer-sans-dormir\/\"},\"wordCount\":1446,\"publisher\":{\"@id\":\"https:\/\/vieassociative.be\/actualites\/#organization\"},\"image\":{\"@id\":\"https:\/\/vieassociative.be\/actualites\/combien-de-temps-pouvez-vous-reellement-passer-sans-dormir\/#primaryimage\"},\"thumbnailUrl\":\"https:\/\/vieassociative.be\/actualites\/wp-content\/uploads\/2025\/05\/Combien-de-temps-pouvez-vous-reellement-passer-sans-dormir.jpg\",\"keywords\":[\"Combien\",\"dormir\",\"passer\",\"Pouvezvous\",\"r\u00e9ellement\",\"sans\",\"temps\"],\"articleSection\":[\"Sant\u00e9\"],\"inLanguage\":\"fr-BE\"},{\"@type\":\"WebPage\",\"@id\":\"https:\/\/vieassociative.be\/actualites\/combien-de-temps-pouvez-vous-reellement-passer-sans-dormir\/\",\"url\":\"https:\/\/vieassociative.be\/actualites\/combien-de-temps-pouvez-vous-reellement-passer-sans-dormir\/\",\"name\":\"Combien de temps pouvez-vous r\u00e9ellement passer sans dormir? | Vie Associative\",\"isPartOf\":{\"@id\":\"https:\/\/vieassociative.be\/actualites\/#website\"},\"primaryImageOfPage\":{\"@id\":\"https:\/\/vieassociative.be\/actualites\/combien-de-temps-pouvez-vous-reellement-passer-sans-dormir\/#primaryimage\"},\"image\":{\"@id\":\"https:\/\/vieassociative.be\/actualites\/combien-de-temps-pouvez-vous-reellement-passer-sans-dormir\/#primaryimage\"},\"thumbnailUrl\":\"https:\/\/vieassociative.be\/actualites\/wp-content\/uploads\/2025\/05\/Combien-de-temps-pouvez-vous-reellement-passer-sans-dormir.jpg\",\"datePublished\":\"2025-05-08T04:17:06+00:00\",\"dateModified\":\"2025-05-08T04:17:06+00:00\",\"breadcrumb\":{\"@id\":\"https:\/\/vieassociative.be\/actualites\/combien-de-temps-pouvez-vous-reellement-passer-sans-dormir\/#breadcrumb\"},\"inLanguage\":\"fr-BE\",\"potentialAction\":[{\"@type\":\"ReadAction\",\"target\":[\"https:\/\/vieassociative.be\/actualites\/combien-de-temps-pouvez-vous-reellement-passer-sans-dormir\/\"]}]},{\"@type\":\"ImageObject\",\"inLanguage\":\"fr-BE\",\"@id\":\"https:\/\/vieassociative.be\/actualites\/combien-de-temps-pouvez-vous-reellement-passer-sans-dormir\/#primaryimage\",\"url\":\"https:\/\/vieassociative.be\/actualites\/wp-content\/uploads\/2025\/05\/Combien-de-temps-pouvez-vous-reellement-passer-sans-dormir.jpg\",\"contentUrl\":\"https:\/\/vieassociative.be\/actualites\/wp-content\/uploads\/2025\/05\/Combien-de-temps-pouvez-vous-reellement-passer-sans-dormir.jpg\",\"width\":1200,\"height\":675,\"caption\":\"Combien de temps pouvez-vous r\u00e9ellement passer sans dormir?\"},{\"@type\":\"BreadcrumbList\",\"@id\":\"https:\/\/vieassociative.be\/actualites\/combien-de-temps-pouvez-vous-reellement-passer-sans-dormir\/#breadcrumb\",\"itemListElement\":[{\"@type\":\"ListItem\",\"position\":1,\"name\":\"Accueil\",\"item\":\"https:\/\/vieassociative.be\/actualites\/\"},{\"@type\":\"ListItem\",\"position\":2,\"name\":\"Combien de temps pouvez-vous r\u00e9ellement passer sans dormir?\"}]},{\"@type\":\"WebSite\",\"@id\":\"https:\/\/vieassociative.be\/actualites\/#website\",\"url\":\"https:\/\/vieassociative.be\/actualites\/\",\"name\":\"Vie Associative\",\"description\":\"\",\"publisher\":{\"@id\":\"https:\/\/vieassociative.be\/actualites\/#organization\"},\"potentialAction\":[{\"@type\":\"SearchAction\",\"target\":{\"@type\":\"EntryPoint\",\"urlTemplate\":\"https:\/\/vieassociative.be\/actualites\/?s={search_term_string}\"},\"query-input\":{\"@type\":\"PropertyValueSpecification\",\"valueRequired\":true,\"valueName\":\"search_term_string\"}}],\"inLanguage\":\"fr-BE\"},{\"@type\":\"Organization\",\"@id\":\"https:\/\/vieassociative.be\/actualites\/#organization\",\"name\":\"Vie Associative\",\"url\":\"https:\/\/vieassociative.be\/actualites\/\",\"logo\":{\"@type\":\"ImageObject\",\"inLanguage\":\"fr-BE\",\"@id\":\"https:\/\/vieassociative.be\/actualites\/#\/schema\/logo\/image\/\",\"url\":\"https:\/\/vieassociative.be\/actualites\/wp-content\/uploads\/2024\/09\/cropped-vieassociative_favicon.ico.png\",\"contentUrl\":\"https:\/\/vieassociative.be\/actualites\/wp-content\/uploads\/2024\/09\/cropped-vieassociative_favicon.ico.png\",\"width\":512,\"height\":512,\"caption\":\"Vie Associative\"},\"image\":{\"@id\":\"https:\/\/vieassociative.be\/actualites\/#\/schema\/logo\/image\/\"}},{\"@type\":\"Person\",\"@id\":\"https:\/\/vieassociative.be\/actualites\/#\/schema\/person\/b87ac4f82f9d4e7b7cec7395b679edc4\",\"name\":\"Julien\",\"image\":{\"@type\":\"ImageObject\",\"inLanguage\":\"fr-BE\",\"@id\":\"https:\/\/vieassociative.be\/actualites\/#\/schema\/person\/image\/\",\"url\":\"https:\/\/vieassociative.be\/actualites\/wp-content\/uploads\/2024\/09\/vie-associative-1-150x150.jpg\",\"contentUrl\":\"https:\/\/vieassociative.be\/actualites\/wp-content\/uploads\/2024\/09\/vie-associative-1-150x150.jpg\",\"caption\":\"Julien\"},\"description\":\"Je suis Julien, r\u00e9dacteur pour Vie Associative. Passionn\u00e9 par le monde associatif depuis plus de 10 ans, j'ai \u00e0 c\u0153ur de partager des histoires inspirantes et de mettre en lumi\u00e8re les initiatives locales. Mon objectif est de sensibiliser et d'encourager l'engagement communautaire \u00e0 travers mes articles.\",\"sameAs\":[\"https:\/\/vieassociative.be\/\"]}]}<\/script>\n<!-- \/ Yoast SEO plugin. -->","yoast_head_json":{"title":"Combien de temps pouvez-vous r\u00e9ellement passer sans dormir? | Vie Associative","robots":{"index":"index","follow":"follow","max-snippet":"max-snippet:-1","max-image-preview":"max-image-preview:large","max-video-preview":"max-video-preview:-1"},"canonical":"https:\/\/vieassociative.be\/actualites\/combien-de-temps-pouvez-vous-reellement-passer-sans-dormir\/","og_locale":"fr_FR","og_type":"article","og_title":"Combien de temps pouvez-vous r\u00e9ellement passer sans dormir? | Vie Associative","og_description":"Que vous planifiiez une nuittte ou que vous g\u00e9riez l&rsquo;insomnie, lisez la suite pour savoir comment votre corps g\u00e9rera les jours et les nuits sans","og_url":"https:\/\/vieassociative.be\/actualites\/combien-de-temps-pouvez-vous-reellement-passer-sans-dormir\/","og_site_name":"Vie Associative","article_published_time":"2025-05-08T04:17:06+00:00","og_image":[{"width":279,"height":92,"url":"https:\/\/vieassociative.be\/actualites\/wp-content\/uploads\/2024\/09\/header_backgroundk-01-e1726694325946.png","type":"image\/png"}],"author":"Julien","twitter_card":"summary_large_image","twitter_misc":{"\u00c9crit par":"Julien","Dur\u00e9e de lecture est.":"7 minutes"},"schema":{"@context":"https:\/\/schema.org","@graph":[{"@type":"Article","@id":"https:\/\/vieassociative.be\/actualites\/combien-de-temps-pouvez-vous-reellement-passer-sans-dormir\/#article","isPartOf":{"@id":"https:\/\/vieassociative.be\/actualites\/combien-de-temps-pouvez-vous-reellement-passer-sans-dormir\/"},"author":{"name":"Julien","@id":"https:\/\/vieassociative.be\/actualites\/#\/schema\/person\/b87ac4f82f9d4e7b7cec7395b679edc4"},"headline":"Combien de temps pouvez-vous r\u00e9ellement passer sans dormir?","datePublished":"2025-05-08T04:17:06+00:00","dateModified":"2025-05-08T04:17:06+00:00","mainEntityOfPage":{"@id":"https:\/\/vieassociative.be\/actualites\/combien-de-temps-pouvez-vous-reellement-passer-sans-dormir\/"},"wordCount":1446,"publisher":{"@id":"https:\/\/vieassociative.be\/actualites\/#organization"},"image":{"@id":"https:\/\/vieassociative.be\/actualites\/combien-de-temps-pouvez-vous-reellement-passer-sans-dormir\/#primaryimage"},"thumbnailUrl":"https:\/\/vieassociative.be\/actualites\/wp-content\/uploads\/2025\/05\/Combien-de-temps-pouvez-vous-reellement-passer-sans-dormir.jpg","keywords":["Combien","dormir","passer","Pouvezvous","r\u00e9ellement","sans","temps"],"articleSection":["Sant\u00e9"],"inLanguage":"fr-BE"},{"@type":"WebPage","@id":"https:\/\/vieassociative.be\/actualites\/combien-de-temps-pouvez-vous-reellement-passer-sans-dormir\/","url":"https:\/\/vieassociative.be\/actualites\/combien-de-temps-pouvez-vous-reellement-passer-sans-dormir\/","name":"Combien de temps pouvez-vous r\u00e9ellement passer sans dormir? | Vie Associative","isPartOf":{"@id":"https:\/\/vieassociative.be\/actualites\/#website"},"primaryImageOfPage":{"@id":"https:\/\/vieassociative.be\/actualites\/combien-de-temps-pouvez-vous-reellement-passer-sans-dormir\/#primaryimage"},"image":{"@id":"https:\/\/vieassociative.be\/actualites\/combien-de-temps-pouvez-vous-reellement-passer-sans-dormir\/#primaryimage"},"thumbnailUrl":"https:\/\/vieassociative.be\/actualites\/wp-content\/uploads\/2025\/05\/Combien-de-temps-pouvez-vous-reellement-passer-sans-dormir.jpg","datePublished":"2025-05-08T04:17:06+00:00","dateModified":"2025-05-08T04:17:06+00:00","breadcrumb":{"@id":"https:\/\/vieassociative.be\/actualites\/combien-de-temps-pouvez-vous-reellement-passer-sans-dormir\/#breadcrumb"},"inLanguage":"fr-BE","potentialAction":[{"@type":"ReadAction","target":["https:\/\/vieassociative.be\/actualites\/combien-de-temps-pouvez-vous-reellement-passer-sans-dormir\/"]}]},{"@type":"ImageObject","inLanguage":"fr-BE","@id":"https:\/\/vieassociative.be\/actualites\/combien-de-temps-pouvez-vous-reellement-passer-sans-dormir\/#primaryimage","url":"https:\/\/vieassociative.be\/actualites\/wp-content\/uploads\/2025\/05\/Combien-de-temps-pouvez-vous-reellement-passer-sans-dormir.jpg","contentUrl":"https:\/\/vieassociative.be\/actualites\/wp-content\/uploads\/2025\/05\/Combien-de-temps-pouvez-vous-reellement-passer-sans-dormir.jpg","width":1200,"height":675,"caption":"Combien de temps pouvez-vous r\u00e9ellement passer sans dormir?"},{"@type":"BreadcrumbList","@id":"https:\/\/vieassociative.be\/actualites\/combien-de-temps-pouvez-vous-reellement-passer-sans-dormir\/#breadcrumb","itemListElement":[{"@type":"ListItem","position":1,"name":"Accueil","item":"https:\/\/vieassociative.be\/actualites\/"},{"@type":"ListItem","position":2,"name":"Combien de temps pouvez-vous r\u00e9ellement passer sans dormir?"}]},{"@type":"WebSite","@id":"https:\/\/vieassociative.be\/actualites\/#website","url":"https:\/\/vieassociative.be\/actualites\/","name":"Vie Associative","description":"","publisher":{"@id":"https:\/\/vieassociative.be\/actualites\/#organization"},"potentialAction":[{"@type":"SearchAction","target":{"@type":"EntryPoint","urlTemplate":"https:\/\/vieassociative.be\/actualites\/?s={search_term_string}"},"query-input":{"@type":"PropertyValueSpecification","valueRequired":true,"valueName":"search_term_string"}}],"inLanguage":"fr-BE"},{"@type":"Organization","@id":"https:\/\/vieassociative.be\/actualites\/#organization","name":"Vie Associative","url":"https:\/\/vieassociative.be\/actualites\/","logo":{"@type":"ImageObject","inLanguage":"fr-BE","@id":"https:\/\/vieassociative.be\/actualites\/#\/schema\/logo\/image\/","url":"https:\/\/vieassociative.be\/actualites\/wp-content\/uploads\/2024\/09\/cropped-vieassociative_favicon.ico.png","contentUrl":"https:\/\/vieassociative.be\/actualites\/wp-content\/uploads\/2024\/09\/cropped-vieassociative_favicon.ico.png","width":512,"height":512,"caption":"Vie Associative"},"image":{"@id":"https:\/\/vieassociative.be\/actualites\/#\/schema\/logo\/image\/"}},{"@type":"Person","@id":"https:\/\/vieassociative.be\/actualites\/#\/schema\/person\/b87ac4f82f9d4e7b7cec7395b679edc4","name":"Julien","image":{"@type":"ImageObject","inLanguage":"fr-BE","@id":"https:\/\/vieassociative.be\/actualites\/#\/schema\/person\/image\/","url":"https:\/\/vieassociative.be\/actualites\/wp-content\/uploads\/2024\/09\/vie-associative-1-150x150.jpg","contentUrl":"https:\/\/vieassociative.be\/actualites\/wp-content\/uploads\/2024\/09\/vie-associative-1-150x150.jpg","caption":"Julien"},"description":"Je suis Julien, r\u00e9dacteur pour Vie Associative. Passionn\u00e9 par le monde associatif depuis plus de 10 ans, j'ai \u00e0 c\u0153ur de partager des histoires inspirantes et de mettre en lumi\u00e8re les initiatives locales. Mon objectif est de sensibiliser et d'encourager l'engagement communautaire \u00e0 travers mes articles.","sameAs":["https:\/\/vieassociative.be\/"]}]}},"_links":{"self":[{"href":"https:\/\/vieassociative.be\/actualites\/wp-json\/wp\/v2\/posts\/7386"}],"collection":[{"href":"https:\/\/vieassociative.be\/actualites\/wp-json\/wp\/v2\/posts"}],"about":[{"href":"https:\/\/vieassociative.be\/actualites\/wp-json\/wp\/v2\/types\/post"}],"author":[{"embeddable":true,"href":"https:\/\/vieassociative.be\/actualites\/wp-json\/wp\/v2\/users\/1"}],"replies":[{"embeddable":true,"href":"https:\/\/vieassociative.be\/actualites\/wp-json\/wp\/v2\/comments?post=7386"}],"version-history":[{"count":0,"href":"https:\/\/vieassociative.be\/actualites\/wp-json\/wp\/v2\/posts\/7386\/revisions"}],"wp:featuredmedia":[{"embeddable":true,"href":"https:\/\/vieassociative.be\/actualites\/wp-json\/wp\/v2\/media\/7387"}],"wp:attachment":[{"href":"https:\/\/vieassociative.be\/actualites\/wp-json\/wp\/v2\/media?parent=7386"}],"wp:term":[{"taxonomy":"category","embeddable":true,"href":"https:\/\/vieassociative.be\/actualites\/wp-json\/wp\/v2\/categories?post=7386"},{"taxonomy":"post_tag","embeddable":true,"href":"https:\/\/vieassociative.be\/actualites\/wp-json\/wp\/v2\/tags?post=7386"}],"curies":[{"name":"wp","href":"https:\/\/api.w.org\/{rel}","templated":true}]}}