{"id":7384,"date":"2025-05-08T04:17:27","date_gmt":"2025-05-08T02:17:27","guid":{"rendered":"https:\/\/vieassociative.be\/actualites\/psg-a-nouveau-en-finale-apres-cinq-ans-2-1\/"},"modified":"2025-05-08T04:17:27","modified_gmt":"2025-05-08T02:17:27","slug":"psg-a-nouveau-en-finale-apres-cinq-ans-2-1","status":"publish","type":"post","link":"https:\/\/vieassociative.be\/actualites\/psg-a-nouveau-en-finale-apres-cinq-ans-2-1\/","title":{"rendered":"PSG \u00e0 nouveau en finale apr\u00e8s cinq ans 2-1"},"content":{"rendered":"<p><strong>La finale de la classe royale de Munich est: le Paris Saint-Germain se r\u00e9unit \u00e0 l&rsquo;Inter Milan le 31 mai. L&rsquo;espoir fran\u00e7ais esp\u00e8re une meilleure fin qu&rsquo;en 2020 sous Thomas Tuchel.<\/strong><\/p>\n<p><span id=\"more-415085\"><\/span>Cinq ans apr\u00e8s le KO final avec l&rsquo;entra\u00eeneur Thomas Tuchel contre le FC Bayern, le Paris Saint-Germain s&rsquo;est rendu \u00e0 la finale de la Ligue des champions pour la deuxi\u00e8me fois. Le champion fran\u00e7ais a remport\u00e9 le billet pour Munich avec un 2-1 (1-0) contre le FC Arsenal, apr\u00e8s que le PSG ait d\u00e9j\u00e0 remport\u00e9 le match aller avec les Gunners 1-0.<\/p>\n<div id=\"attachment_415088\" class=\"wp-caption alignleft\" style=\"max-width: 300px\"><img fetchpriority=\"high\" decoding=\"async\" class=\"wp-image-415088 size-medium\" src=\"https:\/\/vieassociative.be\/actualites\/wp-content\/uploads\/2025\/05\/PSG-a-nouveau-en-finale-apres-cinq-ans-2-1.jpg\" alt=\"\" width=\"300\" height=\"200\"><\/p>\n<p class=\"wp-caption-text\">07.05.2025, France, Paris: Declan Rice (ci-dessus) d&rsquo;Arsenal essaie de diriger le ballon dans le but. Photo: Adam Davy \/ Pa Wire \/ DPA<\/p>\n<\/div>\n<p>Sur le chemin du premier triomphe de la classe europ\u00e9enne de premier plan, le PSG, qui a pr\u00e9c\u00e9demment battu les clubs anglais FC Liverpool et Aston Villa, n&rsquo;est maintenant que le 31 mai. Les Italiens avaient \u00e9teint le FC Barcelone et l&rsquo;entra\u00eeneur Hansi Flick 4: 3 apr\u00e8s un temps suppl\u00e9mentaire dans un match m\u00e9morable.<\/p>\n<p><strong>-PSG avec triple r\u00eave:<\/strong> Les objectifs de Fabian Ruiz (27e) et d&rsquo;Achraf Hakimi (72e) Paris ont ouvert la voie \u00e0 la finale. Cela devrait aller mieux l\u00e0-bas qu&rsquo;en 2020 dans le stade vide de Lisbonne pendant Corona Pandemic lorsque Kingsley Coman s&rsquo;\u00e9tait dirig\u00e9 vers le titre. Le triple est d\u00e9sormais encore possible pour l&rsquo;\u00e9quipe de Luis Enrique. Le 24 mai, la victoire de la Coupe en finale contre Stade Reims agit \u00e9galement.<\/p>\n<p>Pour le FC Arsenal, dans lequel le Leandro Trossard international belge n&rsquo;a \u00e9t\u00e9 substitu\u00e9 qu&rsquo;\u00e0 la 69e minute, la longue attente de la deuxi\u00e8me finale apr\u00e8s 2006 (1: 2 contre le Bar\u00e7a) se poursuit. L&rsquo;objectif de connexion de Bukayo Saka n&rsquo;a pas chang\u00e9 cela (76.). (DPA \/ CRE)<\/p>\n<p><em><strong>Sur le sujet, voir \u00e9galement l&rsquo;article suivant sur OD:<\/strong><\/em><\/p>\n<div class=\"responsive-embed widescreen\">\n<blockquote class=\"wp-embedded-content\" data-secret=\"UQgknT9VrD\">\n<p>International Press Exprime pour Inter contre le Bar\u00e7a: \u00ab\u00a0Comme la demi-finale de la Coupe du monde, Italie-Allemagne 1970\u00a0\u00bb<\/p>\n<\/blockquote>\n<p><iframe loading=\"lazy\" class=\"wp-embedded-content\" sandbox=\"allow-scripts\" security=\"restricted\" style=\"position: absolute; visibility: hidden;\" title=\"\u201eInternationale Pressestimmen zu Inter gegen Bar\u00e7a: \u201eWie das WM-Halbfinale Italien-Deutschland 1970\u201c\u201c \u2014 Ostbelgien Direkt\" src=\"https:\/\/ostbelgiendirekt.be\/about:blank\" data-secret=\"UQgknT9VrD\" width=\"500\" height=\"282\" frameborder=\"0\" marginwidth=\"0\" marginheight=\"0\" scrolling=\"no\" data-rocket-lazyload=\"fitvidscompatible\" data-lazy-src=\"https:\/\/ostbelgiendirekt.be\/fussball-total-in-mailand-414999\/embed#?secret=mt2kuS5HfP#?secret=UQgknT9VrD\"><\/iframe><noscript><iframe class=\"wp-embedded-content\" sandbox=\"allow-scripts\" security=\"restricted\" style=\"position: absolute; visibility: hidden;\" title=\"\u201eInternationale Pressestimmen zu Inter gegen Bar\u00e7a: \u201eWie das WM-Halbfinale Italien-Deutschland 1970\u201c\u201c \u2014 Ostbelgien Direkt\" src=\"https:\/\/ostbelgiendirekt.be\/fussball-total-in-mailand-414999\/embed#?secret=mt2kuS5HfP#?secret=UQgknT9VrD\" data-secret=\"UQgknT9VrD\" width=\"500\" height=\"282\" frameborder=\"0\" marginwidth=\"0\" marginheight=\"0\" scrolling=\"no\"><\/iframe><\/noscript><\/p>\n<\/div>\n","protected":false},"excerpt":{"rendered":"<p>La finale de la classe royale de Munich est: le Paris Saint-Germain se r\u00e9unit \u00e0 l&rsquo;Inter Milan le 31 mai. L&rsquo;espoir fran\u00e7ais esp\u00e8re une meilleure<\/p>\n","protected":false},"author":1,"featured_media":7385,"comment_status":"","ping_status":"","sticky":false,"template":"","format":"standard","meta":{"footnotes":""},"categories":[298],"tags":[584,472,317,879,553,3537],"class_list":["post-7384","post","type-post","status-publish","format-standard","has-post-thumbnail","hentry","category-belgique","tag-ans","tag-apres","tag-cinq","tag-finale","tag-nouveau","tag-psg","generate-columns","tablet-grid-50","mobile-grid-100","grid-parent","grid-33"],"yoast_head":"<!-- This site is optimized with the Yoast SEO plugin v24.0 - https:\/\/yoast.com\/wordpress\/plugins\/seo\/ -->\n<title>PSG \u00e0 nouveau en finale apr\u00e8s cinq ans 2-1 | Vie Associative<\/title>\n<meta name=\"robots\" content=\"index, follow, max-snippet:-1, max-image-preview:large, max-video-preview:-1\" \/>\n<link rel=\"canonical\" href=\"https:\/\/vieassociative.be\/actualites\/psg-a-nouveau-en-finale-apres-cinq-ans-2-1\/\" \/>\n<meta property=\"og:locale\" content=\"fr_FR\" \/>\n<meta property=\"og:type\" content=\"article\" \/>\n<meta property=\"og:title\" content=\"PSG \u00e0 nouveau en finale apr\u00e8s cinq ans 2-1 | Vie Associative\" \/>\n<meta property=\"og:description\" content=\"La finale de la classe royale de Munich est: le Paris Saint-Germain se r\u00e9unit \u00e0 l&rsquo;Inter Milan le 31 mai. L&rsquo;espoir fran\u00e7ais esp\u00e8re une meilleure\" \/>\n<meta property=\"og:url\" content=\"https:\/\/vieassociative.be\/actualites\/psg-a-nouveau-en-finale-apres-cinq-ans-2-1\/\" \/>\n<meta property=\"og:site_name\" content=\"Vie Associative\" \/>\n<meta property=\"article:published_time\" content=\"2025-05-08T02:17:27+00:00\" \/>\n<meta property=\"og:image\" content=\"https:\/\/vieassociative.be\/actualites\/wp-content\/uploads\/2024\/09\/header_backgroundk-01-e1726694325946.png\" \/>\n\t<meta property=\"og:image:width\" content=\"279\" \/>\n\t<meta property=\"og:image:height\" content=\"92\" \/>\n\t<meta property=\"og:image:type\" content=\"image\/png\" \/>\n<meta name=\"author\" content=\"Julien\" \/>\n<meta name=\"twitter:card\" content=\"summary_large_image\" \/>\n<meta name=\"twitter:label1\" content=\"\u00c9crit par\" \/>\n\t<meta name=\"twitter:data1\" content=\"Julien\" \/>\n\t<meta name=\"twitter:label2\" content=\"Dur\u00e9e de lecture est.\" \/>\n\t<meta name=\"twitter:data2\" content=\"2 minutes\" \/>\n<script type=\"application\/ld+json\" class=\"yoast-schema-graph\">{\"@context\":\"https:\/\/schema.org\",\"@graph\":[{\"@type\":\"Article\",\"@id\":\"https:\/\/vieassociative.be\/actualites\/psg-a-nouveau-en-finale-apres-cinq-ans-2-1\/#article\",\"isPartOf\":{\"@id\":\"https:\/\/vieassociative.be\/actualites\/psg-a-nouveau-en-finale-apres-cinq-ans-2-1\/\"},\"author\":{\"name\":\"Julien\",\"@id\":\"https:\/\/vieassociative.be\/actualites\/#\/schema\/person\/b87ac4f82f9d4e7b7cec7395b679edc4\"},\"headline\":\"PSG \u00e0 nouveau en finale apr\u00e8s cinq ans 2-1\",\"datePublished\":\"2025-05-08T02:17:27+00:00\",\"dateModified\":\"2025-05-08T02:17:27+00:00\",\"mainEntityOfPage\":{\"@id\":\"https:\/\/vieassociative.be\/actualites\/psg-a-nouveau-en-finale-apres-cinq-ans-2-1\/\"},\"wordCount\":346,\"publisher\":{\"@id\":\"https:\/\/vieassociative.be\/actualites\/#organization\"},\"image\":{\"@id\":\"https:\/\/vieassociative.be\/actualites\/psg-a-nouveau-en-finale-apres-cinq-ans-2-1\/#primaryimage\"},\"thumbnailUrl\":\"https:\/\/vieassociative.be\/actualites\/wp-content\/uploads\/2025\/05\/1746670647_PSG-a-nouveau-en-finale-apres-cinq-ans-2-1.jpg\",\"keywords\":[\"ans\",\"Apr\u00e8s\",\"Cinq\",\"finale\",\"nouveau\",\"PSG\"],\"articleSection\":[\"Belgique\"],\"inLanguage\":\"fr-BE\"},{\"@type\":\"WebPage\",\"@id\":\"https:\/\/vieassociative.be\/actualites\/psg-a-nouveau-en-finale-apres-cinq-ans-2-1\/\",\"url\":\"https:\/\/vieassociative.be\/actualites\/psg-a-nouveau-en-finale-apres-cinq-ans-2-1\/\",\"name\":\"PSG \u00e0 nouveau en finale apr\u00e8s cinq ans 2-1 | Vie Associative\",\"isPartOf\":{\"@id\":\"https:\/\/vieassociative.be\/actualites\/#website\"},\"primaryImageOfPage\":{\"@id\":\"https:\/\/vieassociative.be\/actualites\/psg-a-nouveau-en-finale-apres-cinq-ans-2-1\/#primaryimage\"},\"image\":{\"@id\":\"https:\/\/vieassociative.be\/actualites\/psg-a-nouveau-en-finale-apres-cinq-ans-2-1\/#primaryimage\"},\"thumbnailUrl\":\"https:\/\/vieassociative.be\/actualites\/wp-content\/uploads\/2025\/05\/1746670647_PSG-a-nouveau-en-finale-apres-cinq-ans-2-1.jpg\",\"datePublished\":\"2025-05-08T02:17:27+00:00\",\"dateModified\":\"2025-05-08T02:17:27+00:00\",\"breadcrumb\":{\"@id\":\"https:\/\/vieassociative.be\/actualites\/psg-a-nouveau-en-finale-apres-cinq-ans-2-1\/#breadcrumb\"},\"inLanguage\":\"fr-BE\",\"potentialAction\":[{\"@type\":\"ReadAction\",\"target\":[\"https:\/\/vieassociative.be\/actualites\/psg-a-nouveau-en-finale-apres-cinq-ans-2-1\/\"]}]},{\"@type\":\"ImageObject\",\"inLanguage\":\"fr-BE\",\"@id\":\"https:\/\/vieassociative.be\/actualites\/psg-a-nouveau-en-finale-apres-cinq-ans-2-1\/#primaryimage\",\"url\":\"https:\/\/vieassociative.be\/actualites\/wp-content\/uploads\/2025\/05\/1746670647_PSG-a-nouveau-en-finale-apres-cinq-ans-2-1.jpg\",\"contentUrl\":\"https:\/\/vieassociative.be\/actualites\/wp-content\/uploads\/2025\/05\/1746670647_PSG-a-nouveau-en-finale-apres-cinq-ans-2-1.jpg\",\"width\":1200,\"height\":800,\"caption\":\"PSG \u00e0 nouveau en finale apr\u00e8s cinq ans 2-1\"},{\"@type\":\"BreadcrumbList\",\"@id\":\"https:\/\/vieassociative.be\/actualites\/psg-a-nouveau-en-finale-apres-cinq-ans-2-1\/#breadcrumb\",\"itemListElement\":[{\"@type\":\"ListItem\",\"position\":1,\"name\":\"Accueil\",\"item\":\"https:\/\/vieassociative.be\/actualites\/\"},{\"@type\":\"ListItem\",\"position\":2,\"name\":\"PSG \u00e0 nouveau en finale apr\u00e8s cinq ans 2-1\"}]},{\"@type\":\"WebSite\",\"@id\":\"https:\/\/vieassociative.be\/actualites\/#website\",\"url\":\"https:\/\/vieassociative.be\/actualites\/\",\"name\":\"Vie Associative\",\"description\":\"\",\"publisher\":{\"@id\":\"https:\/\/vieassociative.be\/actualites\/#organization\"},\"potentialAction\":[{\"@type\":\"SearchAction\",\"target\":{\"@type\":\"EntryPoint\",\"urlTemplate\":\"https:\/\/vieassociative.be\/actualites\/?s={search_term_string}\"},\"query-input\":{\"@type\":\"PropertyValueSpecification\",\"valueRequired\":true,\"valueName\":\"search_term_string\"}}],\"inLanguage\":\"fr-BE\"},{\"@type\":\"Organization\",\"@id\":\"https:\/\/vieassociative.be\/actualites\/#organization\",\"name\":\"Vie Associative\",\"url\":\"https:\/\/vieassociative.be\/actualites\/\",\"logo\":{\"@type\":\"ImageObject\",\"inLanguage\":\"fr-BE\",\"@id\":\"https:\/\/vieassociative.be\/actualites\/#\/schema\/logo\/image\/\",\"url\":\"https:\/\/vieassociative.be\/actualites\/wp-content\/uploads\/2024\/09\/cropped-vieassociative_favicon.ico.png\",\"contentUrl\":\"https:\/\/vieassociative.be\/actualites\/wp-content\/uploads\/2024\/09\/cropped-vieassociative_favicon.ico.png\",\"width\":512,\"height\":512,\"caption\":\"Vie Associative\"},\"image\":{\"@id\":\"https:\/\/vieassociative.be\/actualites\/#\/schema\/logo\/image\/\"}},{\"@type\":\"Person\",\"@id\":\"https:\/\/vieassociative.be\/actualites\/#\/schema\/person\/b87ac4f82f9d4e7b7cec7395b679edc4\",\"name\":\"Julien\",\"image\":{\"@type\":\"ImageObject\",\"inLanguage\":\"fr-BE\",\"@id\":\"https:\/\/vieassociative.be\/actualites\/#\/schema\/person\/image\/\",\"url\":\"https:\/\/vieassociative.be\/actualites\/wp-content\/uploads\/2024\/09\/vie-associative-1-150x150.jpg\",\"contentUrl\":\"https:\/\/vieassociative.be\/actualites\/wp-content\/uploads\/2024\/09\/vie-associative-1-150x150.jpg\",\"caption\":\"Julien\"},\"description\":\"Je suis Julien, r\u00e9dacteur pour Vie Associative. Passionn\u00e9 par le monde associatif depuis plus de 10 ans, j'ai \u00e0 c\u0153ur de partager des histoires inspirantes et de mettre en lumi\u00e8re les initiatives locales. Mon objectif est de sensibiliser et d'encourager l'engagement communautaire \u00e0 travers mes articles.\",\"sameAs\":[\"https:\/\/vieassociative.be\/\"]}]}<\/script>\n<!-- \/ Yoast SEO plugin. -->","yoast_head_json":{"title":"PSG \u00e0 nouveau en finale apr\u00e8s cinq ans 2-1 | Vie Associative","robots":{"index":"index","follow":"follow","max-snippet":"max-snippet:-1","max-image-preview":"max-image-preview:large","max-video-preview":"max-video-preview:-1"},"canonical":"https:\/\/vieassociative.be\/actualites\/psg-a-nouveau-en-finale-apres-cinq-ans-2-1\/","og_locale":"fr_FR","og_type":"article","og_title":"PSG \u00e0 nouveau en finale apr\u00e8s cinq ans 2-1 | Vie Associative","og_description":"La finale de la classe royale de Munich est: le Paris Saint-Germain se r\u00e9unit \u00e0 l&rsquo;Inter Milan le 31 mai. L&rsquo;espoir fran\u00e7ais esp\u00e8re une meilleure","og_url":"https:\/\/vieassociative.be\/actualites\/psg-a-nouveau-en-finale-apres-cinq-ans-2-1\/","og_site_name":"Vie Associative","article_published_time":"2025-05-08T02:17:27+00:00","og_image":[{"width":279,"height":92,"url":"https:\/\/vieassociative.be\/actualites\/wp-content\/uploads\/2024\/09\/header_backgroundk-01-e1726694325946.png","type":"image\/png"}],"author":"Julien","twitter_card":"summary_large_image","twitter_misc":{"\u00c9crit par":"Julien","Dur\u00e9e de lecture est.":"2 minutes"},"schema":{"@context":"https:\/\/schema.org","@graph":[{"@type":"Article","@id":"https:\/\/vieassociative.be\/actualites\/psg-a-nouveau-en-finale-apres-cinq-ans-2-1\/#article","isPartOf":{"@id":"https:\/\/vieassociative.be\/actualites\/psg-a-nouveau-en-finale-apres-cinq-ans-2-1\/"},"author":{"name":"Julien","@id":"https:\/\/vieassociative.be\/actualites\/#\/schema\/person\/b87ac4f82f9d4e7b7cec7395b679edc4"},"headline":"PSG \u00e0 nouveau en finale apr\u00e8s cinq ans 2-1","datePublished":"2025-05-08T02:17:27+00:00","dateModified":"2025-05-08T02:17:27+00:00","mainEntityOfPage":{"@id":"https:\/\/vieassociative.be\/actualites\/psg-a-nouveau-en-finale-apres-cinq-ans-2-1\/"},"wordCount":346,"publisher":{"@id":"https:\/\/vieassociative.be\/actualites\/#organization"},"image":{"@id":"https:\/\/vieassociative.be\/actualites\/psg-a-nouveau-en-finale-apres-cinq-ans-2-1\/#primaryimage"},"thumbnailUrl":"https:\/\/vieassociative.be\/actualites\/wp-content\/uploads\/2025\/05\/1746670647_PSG-a-nouveau-en-finale-apres-cinq-ans-2-1.jpg","keywords":["ans","Apr\u00e8s","Cinq","finale","nouveau","PSG"],"articleSection":["Belgique"],"inLanguage":"fr-BE"},{"@type":"WebPage","@id":"https:\/\/vieassociative.be\/actualites\/psg-a-nouveau-en-finale-apres-cinq-ans-2-1\/","url":"https:\/\/vieassociative.be\/actualites\/psg-a-nouveau-en-finale-apres-cinq-ans-2-1\/","name":"PSG \u00e0 nouveau en finale apr\u00e8s cinq ans 2-1 | Vie Associative","isPartOf":{"@id":"https:\/\/vieassociative.be\/actualites\/#website"},"primaryImageOfPage":{"@id":"https:\/\/vieassociative.be\/actualites\/psg-a-nouveau-en-finale-apres-cinq-ans-2-1\/#primaryimage"},"image":{"@id":"https:\/\/vieassociative.be\/actualites\/psg-a-nouveau-en-finale-apres-cinq-ans-2-1\/#primaryimage"},"thumbnailUrl":"https:\/\/vieassociative.be\/actualites\/wp-content\/uploads\/2025\/05\/1746670647_PSG-a-nouveau-en-finale-apres-cinq-ans-2-1.jpg","datePublished":"2025-05-08T02:17:27+00:00","dateModified":"2025-05-08T02:17:27+00:00","breadcrumb":{"@id":"https:\/\/vieassociative.be\/actualites\/psg-a-nouveau-en-finale-apres-cinq-ans-2-1\/#breadcrumb"},"inLanguage":"fr-BE","potentialAction":[{"@type":"ReadAction","target":["https:\/\/vieassociative.be\/actualites\/psg-a-nouveau-en-finale-apres-cinq-ans-2-1\/"]}]},{"@type":"ImageObject","inLanguage":"fr-BE","@id":"https:\/\/vieassociative.be\/actualites\/psg-a-nouveau-en-finale-apres-cinq-ans-2-1\/#primaryimage","url":"https:\/\/vieassociative.be\/actualites\/wp-content\/uploads\/2025\/05\/1746670647_PSG-a-nouveau-en-finale-apres-cinq-ans-2-1.jpg","contentUrl":"https:\/\/vieassociative.be\/actualites\/wp-content\/uploads\/2025\/05\/1746670647_PSG-a-nouveau-en-finale-apres-cinq-ans-2-1.jpg","width":1200,"height":800,"caption":"PSG \u00e0 nouveau en finale apr\u00e8s cinq ans 2-1"},{"@type":"BreadcrumbList","@id":"https:\/\/vieassociative.be\/actualites\/psg-a-nouveau-en-finale-apres-cinq-ans-2-1\/#breadcrumb","itemListElement":[{"@type":"ListItem","position":1,"name":"Accueil","item":"https:\/\/vieassociative.be\/actualites\/"},{"@type":"ListItem","position":2,"name":"PSG \u00e0 nouveau en finale apr\u00e8s cinq ans 2-1"}]},{"@type":"WebSite","@id":"https:\/\/vieassociative.be\/actualites\/#website","url":"https:\/\/vieassociative.be\/actualites\/","name":"Vie Associative","description":"","publisher":{"@id":"https:\/\/vieassociative.be\/actualites\/#organization"},"potentialAction":[{"@type":"SearchAction","target":{"@type":"EntryPoint","urlTemplate":"https:\/\/vieassociative.be\/actualites\/?s={search_term_string}"},"query-input":{"@type":"PropertyValueSpecification","valueRequired":true,"valueName":"search_term_string"}}],"inLanguage":"fr-BE"},{"@type":"Organization","@id":"https:\/\/vieassociative.be\/actualites\/#organization","name":"Vie Associative","url":"https:\/\/vieassociative.be\/actualites\/","logo":{"@type":"ImageObject","inLanguage":"fr-BE","@id":"https:\/\/vieassociative.be\/actualites\/#\/schema\/logo\/image\/","url":"https:\/\/vieassociative.be\/actualites\/wp-content\/uploads\/2024\/09\/cropped-vieassociative_favicon.ico.png","contentUrl":"https:\/\/vieassociative.be\/actualites\/wp-content\/uploads\/2024\/09\/cropped-vieassociative_favicon.ico.png","width":512,"height":512,"caption":"Vie Associative"},"image":{"@id":"https:\/\/vieassociative.be\/actualites\/#\/schema\/logo\/image\/"}},{"@type":"Person","@id":"https:\/\/vieassociative.be\/actualites\/#\/schema\/person\/b87ac4f82f9d4e7b7cec7395b679edc4","name":"Julien","image":{"@type":"ImageObject","inLanguage":"fr-BE","@id":"https:\/\/vieassociative.be\/actualites\/#\/schema\/person\/image\/","url":"https:\/\/vieassociative.be\/actualites\/wp-content\/uploads\/2024\/09\/vie-associative-1-150x150.jpg","contentUrl":"https:\/\/vieassociative.be\/actualites\/wp-content\/uploads\/2024\/09\/vie-associative-1-150x150.jpg","caption":"Julien"},"description":"Je suis Julien, r\u00e9dacteur pour Vie Associative. Passionn\u00e9 par le monde associatif depuis plus de 10 ans, j'ai \u00e0 c\u0153ur de partager des histoires inspirantes et de mettre en lumi\u00e8re les initiatives locales. Mon objectif est de sensibiliser et d'encourager l'engagement communautaire \u00e0 travers mes articles.","sameAs":["https:\/\/vieassociative.be\/"]}]}},"_links":{"self":[{"href":"https:\/\/vieassociative.be\/actualites\/wp-json\/wp\/v2\/posts\/7384"}],"collection":[{"href":"https:\/\/vieassociative.be\/actualites\/wp-json\/wp\/v2\/posts"}],"about":[{"href":"https:\/\/vieassociative.be\/actualites\/wp-json\/wp\/v2\/types\/post"}],"author":[{"embeddable":true,"href":"https:\/\/vieassociative.be\/actualites\/wp-json\/wp\/v2\/users\/1"}],"replies":[{"embeddable":true,"href":"https:\/\/vieassociative.be\/actualites\/wp-json\/wp\/v2\/comments?post=7384"}],"version-history":[{"count":0,"href":"https:\/\/vieassociative.be\/actualites\/wp-json\/wp\/v2\/posts\/7384\/revisions"}],"wp:featuredmedia":[{"embeddable":true,"href":"https:\/\/vieassociative.be\/actualites\/wp-json\/wp\/v2\/media\/7385"}],"wp:attachment":[{"href":"https:\/\/vieassociative.be\/actualites\/wp-json\/wp\/v2\/media?parent=7384"}],"wp:term":[{"taxonomy":"category","embeddable":true,"href":"https:\/\/vieassociative.be\/actualites\/wp-json\/wp\/v2\/categories?post=7384"},{"taxonomy":"post_tag","embeddable":true,"href":"https:\/\/vieassociative.be\/actualites\/wp-json\/wp\/v2\/tags?post=7384"}],"curies":[{"name":"wp","href":"https:\/\/api.w.org\/{rel}","templated":true}]}}