{"id":7378,"date":"2025-05-07T22:19:01","date_gmt":"2025-05-07T20:19:01","guid":{"rendered":"https:\/\/vieassociative.be\/actualites\/enfin-un-guichet-automatique-dans-lupen-unterstadt\/"},"modified":"2025-05-07T22:19:01","modified_gmt":"2025-05-07T20:19:01","slug":"enfin-un-guichet-automatique-dans-lupen-unterstadt","status":"publish","type":"post","link":"https:\/\/vieassociative.be\/actualites\/enfin-un-guichet-automatique-dans-lupen-unterstadt\/","title":{"rendered":"Enfin un guichet automatique dans l&rsquo;UPEN UnterStadt"},"content":{"rendered":"<p><strong>Il est mis au d\u00e9fi depuis longtemps, \u00e9galement \u00e0 quelques reprises, mais ce n&rsquo;est que maintenant qu&rsquo;il est l\u00e0: le guichet automatique attendu depuis longtemps pour l&rsquo;UPEN UnterStadt.<\/strong><\/p>\n<p><span id=\"more-415063\"><\/span>\u00ab\u00a0Le nouveau guichet automatique dans la ville inf\u00e9rieure est maintenant pr\u00eat \u00e0 l&#8217;emploi\u00a0\u00bb, a d\u00e9clar\u00e9 mercredi le maire d&rsquo;Eupen Thomas Lennertz (CSP). Il est situ\u00e9 dans le parking de Frankendelle. La machine fait partie du nouveau r\u00e9seau neutre Batopin, une association des grandes banques KBC, BNP Paribas Fortis, Belfius et ING.<\/p>\n<p>Le nouvel emplacement de l&rsquo;UPEN UnterStadt est le r\u00e9sultat de plusieurs ann\u00e9es de n\u00e9gociations. Dans le pass\u00e9, pratiquement toutes les parties avaient appel\u00e9 \u00e0 un guichet automatique qui sera bient\u00f4t mis en place, d&rsquo;ailleurs non seulement dans la ville inf\u00e9rieure de l&rsquo;UPEN, mais g\u00e9n\u00e9ralement dans les zones rurales.<\/p>\n<div id=\"attachment_279783\" class=\"wp-caption alignleft\" style=\"max-width: 300px\"><img fetchpriority=\"high\" decoding=\"async\" class=\"wp-image-279783 size-medium\" src=\"https:\/\/vieassociative.be\/actualites\/wp-content\/uploads\/2025\/05\/Enfin-un-guichet-automatique-dans-lUPEN-UnterStadt.jpeg\" alt=\"\" width=\"300\" height=\"208\"><\/p>\n<p class=\"wp-caption-text\">Remarque aux clients \u00e0 l&rsquo;occasion de la fermeture de la succursale ING dans l&rsquo;Eupener Untertadt fin janvier 2020. Depuis lors, la ville inf\u00e9rieure n&rsquo;a pas eu l&rsquo;attrosnalit\u00e9 le mercredi 7 mai 2025. Photo: OD<\/p>\n<\/div>\n<p>En d\u00e9cembre 2021, il \u00e9tait le membre f\u00e9d\u00e9ral de la chambre f\u00e9d\u00e9rale et Eupener Sch\u00f6ffin Kattrin Jadin (PFF \/ MR), qui s&rsquo;est tourn\u00e9 vers le ministre f\u00e9d\u00e9ral des Affaires \u00e9conomiques Pierre-Yves Dermagne (PS) et le ministre du Publi\u00e9, Petra de Sutter (Groen), pour affecter un ATM pour l&rsquo;inondation de l&rsquo;inondation en juillet 2021 pour d\u00e9fier Drawn Eupener Unterstadt.<\/p>\n<p>En mai 2022, le Premier ministre DG Oliver Paasch (ProDG) a \u00e9t\u00e9 invit\u00e9 \u00e0 envoyer une lettre aux principales banques belges. \u00ab\u00a0En particulier, les r\u00e9sidents des zones rurales et, enfin et surtout, les r\u00e9sidents \u00e0 mobilit\u00e9 r\u00e9duite doivent \u00e9galement \u00eatre accord\u00e9s un acc\u00e8s ad\u00e9quat aux services correspondants. Dans la pratique, cela signifie que les distributeurs automatiques de billets devraient \u00e9galement \u00eatre disponibles dans les zones rurales\u00a0\u00bb, a d\u00e9clar\u00e9 Paasch dans sa lettre.<\/p>\n<p>Le Premier ministre belge oriental a demand\u00e9 aux administrateurs des institutions financi\u00e8res de \u00ab\u00a0prendre\u00a0\u00bb, quelles mesures peuvent \u00eatre prises pour garantir la disponibilit\u00e9 \u00e0 long terme de distributeurs automatiques de billets fonctionnels dans toutes les communaut\u00e9s de la communaut\u00e9 allemande qui compense \u00ab\u00a0.<\/p>\n<p>At the beginning of September 2022, the Eastern Belgian EU MP Pascal Arimont (CSP-EVP) and the then PDG MP Robert Nelles (CSP) sent a protest to the Federal Minister of Economic Affairs Pierre-Yves dermagne (PS) as well as the managing director of Batopin and the Belgian banking association Febelfin, for the solution for a solution for a future To demand ATMs in the municipality of Burg-Reuland. <\/p>\n<p>Au d\u00e9but de 2024, Arimont a m\u00eame parl\u00e9 dans une proposition de changement soumise par lui et le d\u00e9put\u00e9 du sud de l&rsquo;EPP Tyrolean Herbert Dorfmann m\u00eame pour un quota contraignant, qui devrait garantir au moins un ATM par municipalit\u00e9 et au moins un pour 2000 habitants. (Cre)<\/p>\n","protected":false},"excerpt":{"rendered":"<p>Il est mis au d\u00e9fi depuis longtemps, \u00e9galement \u00e0 quelques reprises, mais ce n&rsquo;est que maintenant qu&rsquo;il est l\u00e0: le guichet automatique attendu depuis longtemps<\/p>\n","protected":false},"author":1,"featured_media":7379,"comment_status":"","ping_status":"","sticky":false,"template":"","format":"standard","meta":{"footnotes":""},"categories":[298],"tags":[219,166,545,6874,6875,6876],"class_list":["post-7378","post","type-post","status-publish","format-standard","has-post-thumbnail","hentry","category-belgique","tag-automatique","tag-dans","tag-enfin","tag-guichet","tag-lupen","tag-unterstadt","generate-columns","tablet-grid-50","mobile-grid-100","grid-parent","grid-33"],"yoast_head":"<!-- This site is optimized with the Yoast SEO plugin v24.0 - https:\/\/yoast.com\/wordpress\/plugins\/seo\/ -->\n<title>Enfin un guichet automatique dans l&#039;UPEN UnterStadt | Vie Associative<\/title>\n<meta name=\"robots\" content=\"index, follow, max-snippet:-1, max-image-preview:large, max-video-preview:-1\" \/>\n<link rel=\"canonical\" href=\"https:\/\/vieassociative.be\/actualites\/enfin-un-guichet-automatique-dans-lupen-unterstadt\/\" \/>\n<meta property=\"og:locale\" content=\"fr_FR\" \/>\n<meta property=\"og:type\" content=\"article\" \/>\n<meta property=\"og:title\" content=\"Enfin un guichet automatique dans l&#039;UPEN UnterStadt | Vie Associative\" \/>\n<meta property=\"og:description\" content=\"Il est mis au d\u00e9fi depuis longtemps, \u00e9galement \u00e0 quelques reprises, mais ce n&rsquo;est que maintenant qu&rsquo;il est l\u00e0: le guichet automatique attendu depuis longtemps\" \/>\n<meta property=\"og:url\" content=\"https:\/\/vieassociative.be\/actualites\/enfin-un-guichet-automatique-dans-lupen-unterstadt\/\" \/>\n<meta property=\"og:site_name\" content=\"Vie Associative\" \/>\n<meta property=\"article:published_time\" content=\"2025-05-07T20:19:01+00:00\" \/>\n<meta property=\"og:image\" content=\"https:\/\/vieassociative.be\/actualites\/wp-content\/uploads\/2024\/09\/header_backgroundk-01-e1726694325946.png\" \/>\n\t<meta property=\"og:image:width\" content=\"279\" \/>\n\t<meta property=\"og:image:height\" content=\"92\" \/>\n\t<meta property=\"og:image:type\" content=\"image\/png\" \/>\n<meta name=\"author\" content=\"Julien\" \/>\n<meta name=\"twitter:card\" content=\"summary_large_image\" \/>\n<meta name=\"twitter:label1\" content=\"\u00c9crit par\" \/>\n\t<meta name=\"twitter:data1\" content=\"Julien\" \/>\n\t<meta name=\"twitter:label2\" content=\"Dur\u00e9e de lecture est.\" \/>\n\t<meta name=\"twitter:data2\" content=\"2 minutes\" \/>\n<script type=\"application\/ld+json\" class=\"yoast-schema-graph\">{\"@context\":\"https:\/\/schema.org\",\"@graph\":[{\"@type\":\"Article\",\"@id\":\"https:\/\/vieassociative.be\/actualites\/enfin-un-guichet-automatique-dans-lupen-unterstadt\/#article\",\"isPartOf\":{\"@id\":\"https:\/\/vieassociative.be\/actualites\/enfin-un-guichet-automatique-dans-lupen-unterstadt\/\"},\"author\":{\"name\":\"Julien\",\"@id\":\"https:\/\/vieassociative.be\/actualites\/#\/schema\/person\/b87ac4f82f9d4e7b7cec7395b679edc4\"},\"headline\":\"Enfin un guichet automatique dans l&rsquo;UPEN UnterStadt\",\"datePublished\":\"2025-05-07T20:19:01+00:00\",\"dateModified\":\"2025-05-07T20:19:01+00:00\",\"mainEntityOfPage\":{\"@id\":\"https:\/\/vieassociative.be\/actualites\/enfin-un-guichet-automatique-dans-lupen-unterstadt\/\"},\"wordCount\":489,\"publisher\":{\"@id\":\"https:\/\/vieassociative.be\/actualites\/#organization\"},\"image\":{\"@id\":\"https:\/\/vieassociative.be\/actualites\/enfin-un-guichet-automatique-dans-lupen-unterstadt\/#primaryimage\"},\"thumbnailUrl\":\"https:\/\/vieassociative.be\/actualites\/wp-content\/uploads\/2025\/05\/Enfin-un-guichet-automatique-dans-lUPEN-UnterStadt.jpg\",\"keywords\":[\"automatique\",\"dans\",\"enfin\",\"guichet\",\"lUPEN\",\"UnterStadt\"],\"articleSection\":[\"Belgique\"],\"inLanguage\":\"fr-BE\"},{\"@type\":\"WebPage\",\"@id\":\"https:\/\/vieassociative.be\/actualites\/enfin-un-guichet-automatique-dans-lupen-unterstadt\/\",\"url\":\"https:\/\/vieassociative.be\/actualites\/enfin-un-guichet-automatique-dans-lupen-unterstadt\/\",\"name\":\"Enfin un guichet automatique dans l'UPEN UnterStadt | Vie Associative\",\"isPartOf\":{\"@id\":\"https:\/\/vieassociative.be\/actualites\/#website\"},\"primaryImageOfPage\":{\"@id\":\"https:\/\/vieassociative.be\/actualites\/enfin-un-guichet-automatique-dans-lupen-unterstadt\/#primaryimage\"},\"image\":{\"@id\":\"https:\/\/vieassociative.be\/actualites\/enfin-un-guichet-automatique-dans-lupen-unterstadt\/#primaryimage\"},\"thumbnailUrl\":\"https:\/\/vieassociative.be\/actualites\/wp-content\/uploads\/2025\/05\/Enfin-un-guichet-automatique-dans-lUPEN-UnterStadt.jpg\",\"datePublished\":\"2025-05-07T20:19:01+00:00\",\"dateModified\":\"2025-05-07T20:19:01+00:00\",\"breadcrumb\":{\"@id\":\"https:\/\/vieassociative.be\/actualites\/enfin-un-guichet-automatique-dans-lupen-unterstadt\/#breadcrumb\"},\"inLanguage\":\"fr-BE\",\"potentialAction\":[{\"@type\":\"ReadAction\",\"target\":[\"https:\/\/vieassociative.be\/actualites\/enfin-un-guichet-automatique-dans-lupen-unterstadt\/\"]}]},{\"@type\":\"ImageObject\",\"inLanguage\":\"fr-BE\",\"@id\":\"https:\/\/vieassociative.be\/actualites\/enfin-un-guichet-automatique-dans-lupen-unterstadt\/#primaryimage\",\"url\":\"https:\/\/vieassociative.be\/actualites\/wp-content\/uploads\/2025\/05\/Enfin-un-guichet-automatique-dans-lUPEN-UnterStadt.jpg\",\"contentUrl\":\"https:\/\/vieassociative.be\/actualites\/wp-content\/uploads\/2025\/05\/Enfin-un-guichet-automatique-dans-lUPEN-UnterStadt.jpg\",\"width\":1200,\"height\":800,\"caption\":\"Enfin un guichet automatique dans l'UPEN UnterStadt\"},{\"@type\":\"BreadcrumbList\",\"@id\":\"https:\/\/vieassociative.be\/actualites\/enfin-un-guichet-automatique-dans-lupen-unterstadt\/#breadcrumb\",\"itemListElement\":[{\"@type\":\"ListItem\",\"position\":1,\"name\":\"Accueil\",\"item\":\"https:\/\/vieassociative.be\/actualites\/\"},{\"@type\":\"ListItem\",\"position\":2,\"name\":\"Enfin un guichet automatique dans l&rsquo;UPEN UnterStadt\"}]},{\"@type\":\"WebSite\",\"@id\":\"https:\/\/vieassociative.be\/actualites\/#website\",\"url\":\"https:\/\/vieassociative.be\/actualites\/\",\"name\":\"Vie Associative\",\"description\":\"\",\"publisher\":{\"@id\":\"https:\/\/vieassociative.be\/actualites\/#organization\"},\"potentialAction\":[{\"@type\":\"SearchAction\",\"target\":{\"@type\":\"EntryPoint\",\"urlTemplate\":\"https:\/\/vieassociative.be\/actualites\/?s={search_term_string}\"},\"query-input\":{\"@type\":\"PropertyValueSpecification\",\"valueRequired\":true,\"valueName\":\"search_term_string\"}}],\"inLanguage\":\"fr-BE\"},{\"@type\":\"Organization\",\"@id\":\"https:\/\/vieassociative.be\/actualites\/#organization\",\"name\":\"Vie Associative\",\"url\":\"https:\/\/vieassociative.be\/actualites\/\",\"logo\":{\"@type\":\"ImageObject\",\"inLanguage\":\"fr-BE\",\"@id\":\"https:\/\/vieassociative.be\/actualites\/#\/schema\/logo\/image\/\",\"url\":\"https:\/\/vieassociative.be\/actualites\/wp-content\/uploads\/2024\/09\/cropped-vieassociative_favicon.ico.png\",\"contentUrl\":\"https:\/\/vieassociative.be\/actualites\/wp-content\/uploads\/2024\/09\/cropped-vieassociative_favicon.ico.png\",\"width\":512,\"height\":512,\"caption\":\"Vie Associative\"},\"image\":{\"@id\":\"https:\/\/vieassociative.be\/actualites\/#\/schema\/logo\/image\/\"}},{\"@type\":\"Person\",\"@id\":\"https:\/\/vieassociative.be\/actualites\/#\/schema\/person\/b87ac4f82f9d4e7b7cec7395b679edc4\",\"name\":\"Julien\",\"image\":{\"@type\":\"ImageObject\",\"inLanguage\":\"fr-BE\",\"@id\":\"https:\/\/vieassociative.be\/actualites\/#\/schema\/person\/image\/\",\"url\":\"https:\/\/vieassociative.be\/actualites\/wp-content\/uploads\/2024\/09\/vie-associative-1-150x150.jpg\",\"contentUrl\":\"https:\/\/vieassociative.be\/actualites\/wp-content\/uploads\/2024\/09\/vie-associative-1-150x150.jpg\",\"caption\":\"Julien\"},\"description\":\"Je suis Julien, r\u00e9dacteur pour Vie Associative. Passionn\u00e9 par le monde associatif depuis plus de 10 ans, j'ai \u00e0 c\u0153ur de partager des histoires inspirantes et de mettre en lumi\u00e8re les initiatives locales. Mon objectif est de sensibiliser et d'encourager l'engagement communautaire \u00e0 travers mes articles.\",\"sameAs\":[\"https:\/\/vieassociative.be\/\"]}]}<\/script>\n<!-- \/ Yoast SEO plugin. -->","yoast_head_json":{"title":"Enfin un guichet automatique dans l'UPEN UnterStadt | Vie Associative","robots":{"index":"index","follow":"follow","max-snippet":"max-snippet:-1","max-image-preview":"max-image-preview:large","max-video-preview":"max-video-preview:-1"},"canonical":"https:\/\/vieassociative.be\/actualites\/enfin-un-guichet-automatique-dans-lupen-unterstadt\/","og_locale":"fr_FR","og_type":"article","og_title":"Enfin un guichet automatique dans l'UPEN UnterStadt | Vie Associative","og_description":"Il est mis au d\u00e9fi depuis longtemps, \u00e9galement \u00e0 quelques reprises, mais ce n&rsquo;est que maintenant qu&rsquo;il est l\u00e0: le guichet automatique attendu depuis longtemps","og_url":"https:\/\/vieassociative.be\/actualites\/enfin-un-guichet-automatique-dans-lupen-unterstadt\/","og_site_name":"Vie Associative","article_published_time":"2025-05-07T20:19:01+00:00","og_image":[{"width":279,"height":92,"url":"https:\/\/vieassociative.be\/actualites\/wp-content\/uploads\/2024\/09\/header_backgroundk-01-e1726694325946.png","type":"image\/png"}],"author":"Julien","twitter_card":"summary_large_image","twitter_misc":{"\u00c9crit par":"Julien","Dur\u00e9e de lecture est.":"2 minutes"},"schema":{"@context":"https:\/\/schema.org","@graph":[{"@type":"Article","@id":"https:\/\/vieassociative.be\/actualites\/enfin-un-guichet-automatique-dans-lupen-unterstadt\/#article","isPartOf":{"@id":"https:\/\/vieassociative.be\/actualites\/enfin-un-guichet-automatique-dans-lupen-unterstadt\/"},"author":{"name":"Julien","@id":"https:\/\/vieassociative.be\/actualites\/#\/schema\/person\/b87ac4f82f9d4e7b7cec7395b679edc4"},"headline":"Enfin un guichet automatique dans l&rsquo;UPEN UnterStadt","datePublished":"2025-05-07T20:19:01+00:00","dateModified":"2025-05-07T20:19:01+00:00","mainEntityOfPage":{"@id":"https:\/\/vieassociative.be\/actualites\/enfin-un-guichet-automatique-dans-lupen-unterstadt\/"},"wordCount":489,"publisher":{"@id":"https:\/\/vieassociative.be\/actualites\/#organization"},"image":{"@id":"https:\/\/vieassociative.be\/actualites\/enfin-un-guichet-automatique-dans-lupen-unterstadt\/#primaryimage"},"thumbnailUrl":"https:\/\/vieassociative.be\/actualites\/wp-content\/uploads\/2025\/05\/Enfin-un-guichet-automatique-dans-lUPEN-UnterStadt.jpg","keywords":["automatique","dans","enfin","guichet","lUPEN","UnterStadt"],"articleSection":["Belgique"],"inLanguage":"fr-BE"},{"@type":"WebPage","@id":"https:\/\/vieassociative.be\/actualites\/enfin-un-guichet-automatique-dans-lupen-unterstadt\/","url":"https:\/\/vieassociative.be\/actualites\/enfin-un-guichet-automatique-dans-lupen-unterstadt\/","name":"Enfin un guichet automatique dans l'UPEN UnterStadt | Vie Associative","isPartOf":{"@id":"https:\/\/vieassociative.be\/actualites\/#website"},"primaryImageOfPage":{"@id":"https:\/\/vieassociative.be\/actualites\/enfin-un-guichet-automatique-dans-lupen-unterstadt\/#primaryimage"},"image":{"@id":"https:\/\/vieassociative.be\/actualites\/enfin-un-guichet-automatique-dans-lupen-unterstadt\/#primaryimage"},"thumbnailUrl":"https:\/\/vieassociative.be\/actualites\/wp-content\/uploads\/2025\/05\/Enfin-un-guichet-automatique-dans-lUPEN-UnterStadt.jpg","datePublished":"2025-05-07T20:19:01+00:00","dateModified":"2025-05-07T20:19:01+00:00","breadcrumb":{"@id":"https:\/\/vieassociative.be\/actualites\/enfin-un-guichet-automatique-dans-lupen-unterstadt\/#breadcrumb"},"inLanguage":"fr-BE","potentialAction":[{"@type":"ReadAction","target":["https:\/\/vieassociative.be\/actualites\/enfin-un-guichet-automatique-dans-lupen-unterstadt\/"]}]},{"@type":"ImageObject","inLanguage":"fr-BE","@id":"https:\/\/vieassociative.be\/actualites\/enfin-un-guichet-automatique-dans-lupen-unterstadt\/#primaryimage","url":"https:\/\/vieassociative.be\/actualites\/wp-content\/uploads\/2025\/05\/Enfin-un-guichet-automatique-dans-lUPEN-UnterStadt.jpg","contentUrl":"https:\/\/vieassociative.be\/actualites\/wp-content\/uploads\/2025\/05\/Enfin-un-guichet-automatique-dans-lUPEN-UnterStadt.jpg","width":1200,"height":800,"caption":"Enfin un guichet automatique dans l'UPEN UnterStadt"},{"@type":"BreadcrumbList","@id":"https:\/\/vieassociative.be\/actualites\/enfin-un-guichet-automatique-dans-lupen-unterstadt\/#breadcrumb","itemListElement":[{"@type":"ListItem","position":1,"name":"Accueil","item":"https:\/\/vieassociative.be\/actualites\/"},{"@type":"ListItem","position":2,"name":"Enfin un guichet automatique dans l&rsquo;UPEN UnterStadt"}]},{"@type":"WebSite","@id":"https:\/\/vieassociative.be\/actualites\/#website","url":"https:\/\/vieassociative.be\/actualites\/","name":"Vie Associative","description":"","publisher":{"@id":"https:\/\/vieassociative.be\/actualites\/#organization"},"potentialAction":[{"@type":"SearchAction","target":{"@type":"EntryPoint","urlTemplate":"https:\/\/vieassociative.be\/actualites\/?s={search_term_string}"},"query-input":{"@type":"PropertyValueSpecification","valueRequired":true,"valueName":"search_term_string"}}],"inLanguage":"fr-BE"},{"@type":"Organization","@id":"https:\/\/vieassociative.be\/actualites\/#organization","name":"Vie Associative","url":"https:\/\/vieassociative.be\/actualites\/","logo":{"@type":"ImageObject","inLanguage":"fr-BE","@id":"https:\/\/vieassociative.be\/actualites\/#\/schema\/logo\/image\/","url":"https:\/\/vieassociative.be\/actualites\/wp-content\/uploads\/2024\/09\/cropped-vieassociative_favicon.ico.png","contentUrl":"https:\/\/vieassociative.be\/actualites\/wp-content\/uploads\/2024\/09\/cropped-vieassociative_favicon.ico.png","width":512,"height":512,"caption":"Vie Associative"},"image":{"@id":"https:\/\/vieassociative.be\/actualites\/#\/schema\/logo\/image\/"}},{"@type":"Person","@id":"https:\/\/vieassociative.be\/actualites\/#\/schema\/person\/b87ac4f82f9d4e7b7cec7395b679edc4","name":"Julien","image":{"@type":"ImageObject","inLanguage":"fr-BE","@id":"https:\/\/vieassociative.be\/actualites\/#\/schema\/person\/image\/","url":"https:\/\/vieassociative.be\/actualites\/wp-content\/uploads\/2024\/09\/vie-associative-1-150x150.jpg","contentUrl":"https:\/\/vieassociative.be\/actualites\/wp-content\/uploads\/2024\/09\/vie-associative-1-150x150.jpg","caption":"Julien"},"description":"Je suis Julien, r\u00e9dacteur pour Vie Associative. Passionn\u00e9 par le monde associatif depuis plus de 10 ans, j'ai \u00e0 c\u0153ur de partager des histoires inspirantes et de mettre en lumi\u00e8re les initiatives locales. Mon objectif est de sensibiliser et d'encourager l'engagement communautaire \u00e0 travers mes articles.","sameAs":["https:\/\/vieassociative.be\/"]}]}},"_links":{"self":[{"href":"https:\/\/vieassociative.be\/actualites\/wp-json\/wp\/v2\/posts\/7378"}],"collection":[{"href":"https:\/\/vieassociative.be\/actualites\/wp-json\/wp\/v2\/posts"}],"about":[{"href":"https:\/\/vieassociative.be\/actualites\/wp-json\/wp\/v2\/types\/post"}],"author":[{"embeddable":true,"href":"https:\/\/vieassociative.be\/actualites\/wp-json\/wp\/v2\/users\/1"}],"replies":[{"embeddable":true,"href":"https:\/\/vieassociative.be\/actualites\/wp-json\/wp\/v2\/comments?post=7378"}],"version-history":[{"count":0,"href":"https:\/\/vieassociative.be\/actualites\/wp-json\/wp\/v2\/posts\/7378\/revisions"}],"wp:featuredmedia":[{"embeddable":true,"href":"https:\/\/vieassociative.be\/actualites\/wp-json\/wp\/v2\/media\/7379"}],"wp:attachment":[{"href":"https:\/\/vieassociative.be\/actualites\/wp-json\/wp\/v2\/media?parent=7378"}],"wp:term":[{"taxonomy":"category","embeddable":true,"href":"https:\/\/vieassociative.be\/actualites\/wp-json\/wp\/v2\/categories?post=7378"},{"taxonomy":"post_tag","embeddable":true,"href":"https:\/\/vieassociative.be\/actualites\/wp-json\/wp\/v2\/tags?post=7378"}],"curies":[{"name":"wp","href":"https:\/\/api.w.org\/{rel}","templated":true}]}}