{"id":7370,"date":"2025-05-07T16:18:03","date_gmt":"2025-05-07T14:18:03","guid":{"rendered":"https:\/\/vieassociative.be\/actualites\/que-fait-lancien-ministre-antonios-antoniadis-aujourdhui\/"},"modified":"2025-05-07T16:18:03","modified_gmt":"2025-05-07T14:18:03","slug":"que-fait-lancien-ministre-antonios-antoniadis-aujourdhui","status":"publish","type":"post","link":"https:\/\/vieassociative.be\/actualites\/que-fait-lancien-ministre-antonios-antoniadis-aujourdhui\/","title":{"rendered":"Que fait l&rsquo;ancien ministre Antonios Antoniadis aujourd&rsquo;hui?"},"content":{"rendered":"<p><strong>Il faisait partie de la publicit\u00e9 orientale de la Belge depuis dix ans. En 2014, il est devenu ministre de la premi\u00e8re fois, cinq ans plus tard, m\u00eame vice-Premier ministre et donc Oliver Paasch (Prodg). Nous parlons d&rsquo;Antonios Antoniadis, qui \u00e9tait toujours le meilleur candidat du SP lors de la derni\u00e8re \u00e9lection PDG du 9 juin 2024.<\/strong><\/p>\n<p><span id=\"more-415041\"><\/span>Selon la cr\u00e9ation du nouveau gouvernement DG par ProDG, CSP et PFF, Antoniadi n&rsquo;\u00e9tait pas le chef de l&rsquo;opposition au Parlement de la DG, comme beaucoup le attendaient, mais d\u00e9missionnaient de la politique apr\u00e8s dix ans en tant que ministres communautaires. Depuis lors, il est devenu silencieux autour de lui.<\/p>\n<p>Fin ao\u00fbt 2024, la \u00abBelgique orientale d&rsquo;Antoniadi a accord\u00e9 une interview dans laquelle il a comment\u00e9 ses activit\u00e9s apr\u00e8s avoir quitt\u00e9 la politique comme suit:<\/p>\n<\/p>\n<div id=\"attachment_415052\" class=\"wp-caption alignleft\" style=\"max-width: 300px\"><img fetchpriority=\"high\" decoding=\"async\" class=\"wp-image-415052 size-medium\" src=\"https:\/\/vieassociative.be\/actualites\/wp-content\/uploads\/2025\/05\/Que-fait-lancien-ministre-Antonios-Antoniadis-aujourdhui.jpeg\" alt=\"\" width=\"300\" height=\"200\"><\/p>\n<p class=\"wp-caption-text\">La pr\u00e9sidente du SP, Linda Zwartbol (R), au pupitre, au festival familial de cette ann\u00e9e des socialistes et sociaux-d\u00e9mocrates de l&rsquo;Est Belge, le 1er mai 2025, dans l&rsquo;ancien abattoir. Photo: sp<\/p>\n<\/div>\n<p>\u00ab\u00a0Je donne actuellement une consultation sur demande. Si les gens ont une pr\u00e9occupation sociale, des questions sur les aides \u00e9nerg\u00e9tiques ou l&rsquo;am\u00e9nagement du planification, alors je continuerai de donner des conseils et de l&rsquo;orientation. J&rsquo;ai \u00e9galement aid\u00e9 avec une entreprise sociale dans la direction en raison d&rsquo;un \u00e9chec. \u00c0 l&rsquo;automne, je prends de nouvelles t\u00e2ches dans l&rsquo;int\u00e9gra VOG CAB et je reste fid\u00e8le \u00e0 la soci\u00e9t\u00e9 civile organis\u00e9e.\u00a0\u00bb Possible. \u00ab\u00a0Possible.\u00a0\u00bb Possible. \u00ab\u00a0Possible.\u00a0\u00bb Possible. \u00ab\u00a0Possible.\u00a0\u00bb Possible. \u00ab\u00a0Possible.\u00a0\u00bb Possible. \u00ab\u00a0Possible.\u00a0\u00bb Possible. \u00ab\u00a0Possible.\u00a0\u00bb<\/p>\n<p>Antoniadis, qui a c\u00e9l\u00e9br\u00e9 son 40e anniversaire le 2 mai, est toujours silencieux sur les raisons de sa sortie soudaine de la politique? Comment \u00e9tait sa relation avec le Premier ministre Oliver Paasch? A-t-il maintenant dig\u00e9r\u00e9 la \u00abtrahison\u00bb de l&rsquo;ancien membre r\u00e9gional Edmund Stoffels?<\/p>\n<p>\u00ab\u00a0Orient Belgique directement\u00a0\u00bb a pris le festival familial du SP le 1er mai pour demander \u00e0 la pr\u00e9sidente du SP Linda Zwartbol, \u200b\u200bqui, apr\u00e8s plus de dix ans de pr\u00e9sence permanente par Antoniadis, soit devenue l&rsquo;ancienne ministre du SP dans le public oriental de Belge jusqu&rsquo;\u00e0 l&rsquo;\u00e9t\u00e9 2024.<\/p>\n<p><strong>OD: Mme Zwartbol, \u200b\u200bdu meilleur candidat du SP lors des deux derni\u00e8res \u00e9lections PDG, il ne reste pratiquement rien \u00e0 voir et \u00e0 entendre. Pouvez-vous nous dire ce qui est devenu Antonios Antoniadis?<\/strong><\/p>\n<\/p>\n<div id=\"attachment_41383\" class=\"wp-caption alignleft\" style=\"max-width: 300px\"><img decoding=\"async\" class=\"wp-image-41383 size-medium\" src=\"https:\/\/vieassociative.be\/actualites\/wp-content\/uploads\/2025\/05\/Que-fait-lancien-ministre-Antonios-Antoniadis-aujourdhui.jpg\" alt=\"\" width=\"300\" height=\"200\"  ><\/p>\n<p class=\"wp-caption-text\">Karl-Heinz Lambertz (\u00e0 gauche), Antonios Antoniadis (centre) et Edmund Stoffels (\u00e0 droite) lors d&rsquo;une conf\u00e9rence de presse du SP avant les \u00e9lections de 2014. Photo: OD<\/p>\n<\/div>\n<p><strong>Linda Zwartbol:<\/strong><br \/>\n Antonios Antoniadis a quitt\u00e9 la politique active et s&rsquo;est consacr\u00e9 \u00e0 de nouveaux d\u00e9fis professionnels. Si vous voulez en savoir plus, vous devriez le demander vous-m\u00eame.<\/p>\n<p><strong>OD: Est-il toujours membre du SP?<\/strong><\/p>\n<p><strong>Linda Zwartbol:<\/strong> Oui.<\/p>\n<p><strong>OD: Pourquoi s&rsquo;est-il retir\u00e9 de la politique? Parce que le SP ne fait plus partie de la majorit\u00e9 et qu&rsquo;il n&rsquo;est plus ministre?<\/strong><\/p>\n<p><strong>Linda Zwartbol:<\/strong> M. Antoniadis ne peut r\u00e9pondre que ces questions elles-m\u00eames.<\/p>\n<p><strong>OD: Quel r\u00f4le la \u00ab\u00a0trahison\u00a0\u00bb d&rsquo;Edmund Stoffels a-t-elle jou\u00e9 quand Antoniadis a-t-il d\u00e9missionn\u00e9, qui a demand\u00e9 &#8230; Prodg peu avant l&rsquo;\u00e9lection du PDG?<\/strong><\/p>\n<p><strong>Linda Zwartbol:<\/strong> Non seulement de nombreux membres du parti, mais aussi au-del\u00e0, beaucoup de gens ont \u00e9t\u00e9 d\u00e9\u00e7us de ce qui s&rsquo;est pass\u00e9 peu de temps avant les \u00e9lections. C&rsquo;est la r\u00e9troaction que j&rsquo;obtiens souvent aujourd&rsquo;hui. En travaillant dans le cabinet du Premier ministre Paasch, la trahison de M. Stoffels obtient un autre arri\u00e8re-go\u00fbt amer. Cependant, lui seul peut r\u00e9pondre au r\u00f4le que la situation a jou\u00e9 pour M. Antoniadis.<\/p>\n<p><strong>OD: Antoniadis a re\u00e7u une compensation de sortie de 170 000 euros. N&rsquo;aurait-on pas attendu un peu plus de modestie d&rsquo;un socialiste ou d&rsquo;un social-d\u00e9mocrate qui a re\u00e7u un contenu minist\u00e9riel \u00e9pais depuis 10 ans?<\/strong><\/p>\n<\/p>\n<div id=\"attachment_332859\" class=\"wp-caption alignleft\" style=\"max-width: 300px\"><img decoding=\"async\" class=\"wp-image-332859 size-medium\" src=\"https:\/\/vieassociative.be\/actualites\/wp-content\/uploads\/2025\/05\/1746627483_12_Que-fait-lancien-ministre-Antonios-Antoniadis-aujourdhui.jpeg\" alt=\"\" width=\"300\" height=\"200\"><\/p>\n<p class=\"wp-caption-text\">Le Premier ministre Oliver Paasch (R, Prodg) et le vice-Premier ministre Antonios Antoniadis (L, Sp) en octobre 2022. Photo: OD<\/p>\n<\/div>\n<p><strong>Linda Zwartbol:<\/strong><br \/>\n Les membres du gouvernement sortants Weykmans et Antoniadis ont re\u00e7u la r\u00e9mun\u00e9ration de sortie du gouvernement pr\u00e9vue par le gouvernement. Seul le gouvernement peut modifier ces dispositions.<\/p>\n<p><strong>OD: Comment voyez-vous l&rsquo;avenir du SP apr\u00e8s que Karl-Heinz Lambertz et Antonios Antoniadis ont retir\u00e9 deux chevaux de rep\u00eachage?<\/strong><\/p>\n<p><strong>Linda Zwartbol:<\/strong> Un changement de g\u00e9n\u00e9ration dans le SP bat son plein. L&rsquo;avenir d&rsquo;un parti ne doit jamais d\u00e9pendre des individus. Bien s\u00fbr, ce n&rsquo;est pas une situation simple pour nous. Mais cela ne signifie pas que rien n&rsquo;est possible. Heureusement, nous avons motiv\u00e9 et engag\u00e9 des membres, ce qui me rend positif pour l&rsquo;avenir. Nous devons faire des travaux de construction.<\/p>\n<p><strong>OD: Est-il vraiment vrai que Lambertz parle toujours au SP?<\/strong><\/p>\n<p><strong>Linda Zwartbol:<\/strong> Depuis son d\u00e9part du Parlement en d\u00e9cembre 2023, Karl-Heinz Lambertz travaille comme b\u00e9n\u00e9vole du secr\u00e9tariat du groupe parlementaire. Il apporte ses exp\u00e9riences et soutient les mandatars actuels dans leur travail. (Cre)<\/p>\n","protected":false},"excerpt":{"rendered":"<p>Il faisait partie de la publicit\u00e9 orientale de la Belge depuis dix ans. En 2014, il est devenu ministre de la premi\u00e8re fois, cinq ans<\/p>\n","protected":false},"author":1,"featured_media":7371,"comment_status":"","ping_status":"","sticky":false,"template":"","format":"standard","meta":{"footnotes":""},"categories":[298],"tags":[6867,6866,2330,635,4356,1245],"class_list":["post-7370","post","type-post","status-publish","format-standard","has-post-thumbnail","hentry","category-belgique","tag-antoniadis","tag-antonios","tag-aujourdhui","tag-fait","tag-lancien","tag-ministre","generate-columns","tablet-grid-50","mobile-grid-100","grid-parent","grid-33"],"yoast_head":"<!-- This site is optimized with the Yoast SEO plugin v24.0 - https:\/\/yoast.com\/wordpress\/plugins\/seo\/ -->\n<title>Que fait l&#039;ancien ministre Antonios Antoniadis aujourd&#039;hui? | Vie Associative<\/title>\n<meta name=\"robots\" content=\"index, follow, max-snippet:-1, max-image-preview:large, max-video-preview:-1\" \/>\n<link rel=\"canonical\" href=\"https:\/\/vieassociative.be\/actualites\/que-fait-lancien-ministre-antonios-antoniadis-aujourdhui\/\" \/>\n<meta property=\"og:locale\" content=\"fr_FR\" \/>\n<meta property=\"og:type\" content=\"article\" \/>\n<meta property=\"og:title\" content=\"Que fait l&#039;ancien ministre Antonios Antoniadis aujourd&#039;hui? | Vie Associative\" \/>\n<meta property=\"og:description\" content=\"Il faisait partie de la publicit\u00e9 orientale de la Belge depuis dix ans. En 2014, il est devenu ministre de la premi\u00e8re fois, cinq ans\" \/>\n<meta property=\"og:url\" content=\"https:\/\/vieassociative.be\/actualites\/que-fait-lancien-ministre-antonios-antoniadis-aujourdhui\/\" \/>\n<meta property=\"og:site_name\" content=\"Vie Associative\" \/>\n<meta property=\"article:published_time\" content=\"2025-05-07T14:18:03+00:00\" \/>\n<meta property=\"og:image\" content=\"https:\/\/vieassociative.be\/actualites\/wp-content\/uploads\/2024\/09\/header_backgroundk-01-e1726694325946.png\" \/>\n\t<meta property=\"og:image:width\" content=\"279\" \/>\n\t<meta property=\"og:image:height\" content=\"92\" \/>\n\t<meta property=\"og:image:type\" content=\"image\/png\" \/>\n<meta name=\"author\" content=\"Julien\" \/>\n<meta name=\"twitter:card\" content=\"summary_large_image\" \/>\n<meta name=\"twitter:label1\" content=\"\u00c9crit par\" \/>\n\t<meta name=\"twitter:data1\" content=\"Julien\" \/>\n\t<meta name=\"twitter:label2\" content=\"Dur\u00e9e de lecture est.\" \/>\n\t<meta name=\"twitter:data2\" content=\"4 minutes\" \/>\n<script type=\"application\/ld+json\" class=\"yoast-schema-graph\">{\"@context\":\"https:\/\/schema.org\",\"@graph\":[{\"@type\":\"Article\",\"@id\":\"https:\/\/vieassociative.be\/actualites\/que-fait-lancien-ministre-antonios-antoniadis-aujourdhui\/#article\",\"isPartOf\":{\"@id\":\"https:\/\/vieassociative.be\/actualites\/que-fait-lancien-ministre-antonios-antoniadis-aujourdhui\/\"},\"author\":{\"name\":\"Julien\",\"@id\":\"https:\/\/vieassociative.be\/actualites\/#\/schema\/person\/b87ac4f82f9d4e7b7cec7395b679edc4\"},\"headline\":\"Que fait l&rsquo;ancien ministre Antonios Antoniadis aujourd&rsquo;hui?\",\"datePublished\":\"2025-05-07T14:18:03+00:00\",\"dateModified\":\"2025-05-07T14:18:03+00:00\",\"mainEntityOfPage\":{\"@id\":\"https:\/\/vieassociative.be\/actualites\/que-fait-lancien-ministre-antonios-antoniadis-aujourdhui\/\"},\"wordCount\":849,\"publisher\":{\"@id\":\"https:\/\/vieassociative.be\/actualites\/#organization\"},\"image\":{\"@id\":\"https:\/\/vieassociative.be\/actualites\/que-fait-lancien-ministre-antonios-antoniadis-aujourdhui\/#primaryimage\"},\"thumbnailUrl\":\"https:\/\/vieassociative.be\/actualites\/wp-content\/uploads\/2025\/05\/1746627484_Que-fait-lancien-ministre-Antonios-Antoniadis-aujourdhui.jpg\",\"keywords\":[\"Antoniadis\",\"Antonios\",\"aujourdhui\",\"fait\",\"Lancien\",\"ministre\"],\"articleSection\":[\"Belgique\"],\"inLanguage\":\"fr-BE\"},{\"@type\":\"WebPage\",\"@id\":\"https:\/\/vieassociative.be\/actualites\/que-fait-lancien-ministre-antonios-antoniadis-aujourdhui\/\",\"url\":\"https:\/\/vieassociative.be\/actualites\/que-fait-lancien-ministre-antonios-antoniadis-aujourdhui\/\",\"name\":\"Que fait l'ancien ministre Antonios Antoniadis aujourd'hui? | Vie Associative\",\"isPartOf\":{\"@id\":\"https:\/\/vieassociative.be\/actualites\/#website\"},\"primaryImageOfPage\":{\"@id\":\"https:\/\/vieassociative.be\/actualites\/que-fait-lancien-ministre-antonios-antoniadis-aujourdhui\/#primaryimage\"},\"image\":{\"@id\":\"https:\/\/vieassociative.be\/actualites\/que-fait-lancien-ministre-antonios-antoniadis-aujourdhui\/#primaryimage\"},\"thumbnailUrl\":\"https:\/\/vieassociative.be\/actualites\/wp-content\/uploads\/2025\/05\/1746627484_Que-fait-lancien-ministre-Antonios-Antoniadis-aujourdhui.jpg\",\"datePublished\":\"2025-05-07T14:18:03+00:00\",\"dateModified\":\"2025-05-07T14:18:03+00:00\",\"breadcrumb\":{\"@id\":\"https:\/\/vieassociative.be\/actualites\/que-fait-lancien-ministre-antonios-antoniadis-aujourdhui\/#breadcrumb\"},\"inLanguage\":\"fr-BE\",\"potentialAction\":[{\"@type\":\"ReadAction\",\"target\":[\"https:\/\/vieassociative.be\/actualites\/que-fait-lancien-ministre-antonios-antoniadis-aujourdhui\/\"]}]},{\"@type\":\"ImageObject\",\"inLanguage\":\"fr-BE\",\"@id\":\"https:\/\/vieassociative.be\/actualites\/que-fait-lancien-ministre-antonios-antoniadis-aujourdhui\/#primaryimage\",\"url\":\"https:\/\/vieassociative.be\/actualites\/wp-content\/uploads\/2025\/05\/1746627484_Que-fait-lancien-ministre-Antonios-Antoniadis-aujourdhui.jpg\",\"contentUrl\":\"https:\/\/vieassociative.be\/actualites\/wp-content\/uploads\/2025\/05\/1746627484_Que-fait-lancien-ministre-Antonios-Antoniadis-aujourdhui.jpg\",\"width\":1200,\"height\":800,\"caption\":\"Que fait l'ancien ministre Antonios Antoniadis aujourd'hui?\"},{\"@type\":\"BreadcrumbList\",\"@id\":\"https:\/\/vieassociative.be\/actualites\/que-fait-lancien-ministre-antonios-antoniadis-aujourdhui\/#breadcrumb\",\"itemListElement\":[{\"@type\":\"ListItem\",\"position\":1,\"name\":\"Accueil\",\"item\":\"https:\/\/vieassociative.be\/actualites\/\"},{\"@type\":\"ListItem\",\"position\":2,\"name\":\"Que fait l&rsquo;ancien ministre Antonios Antoniadis aujourd&rsquo;hui?\"}]},{\"@type\":\"WebSite\",\"@id\":\"https:\/\/vieassociative.be\/actualites\/#website\",\"url\":\"https:\/\/vieassociative.be\/actualites\/\",\"name\":\"Vie Associative\",\"description\":\"\",\"publisher\":{\"@id\":\"https:\/\/vieassociative.be\/actualites\/#organization\"},\"potentialAction\":[{\"@type\":\"SearchAction\",\"target\":{\"@type\":\"EntryPoint\",\"urlTemplate\":\"https:\/\/vieassociative.be\/actualites\/?s={search_term_string}\"},\"query-input\":{\"@type\":\"PropertyValueSpecification\",\"valueRequired\":true,\"valueName\":\"search_term_string\"}}],\"inLanguage\":\"fr-BE\"},{\"@type\":\"Organization\",\"@id\":\"https:\/\/vieassociative.be\/actualites\/#organization\",\"name\":\"Vie Associative\",\"url\":\"https:\/\/vieassociative.be\/actualites\/\",\"logo\":{\"@type\":\"ImageObject\",\"inLanguage\":\"fr-BE\",\"@id\":\"https:\/\/vieassociative.be\/actualites\/#\/schema\/logo\/image\/\",\"url\":\"https:\/\/vieassociative.be\/actualites\/wp-content\/uploads\/2024\/09\/cropped-vieassociative_favicon.ico.png\",\"contentUrl\":\"https:\/\/vieassociative.be\/actualites\/wp-content\/uploads\/2024\/09\/cropped-vieassociative_favicon.ico.png\",\"width\":512,\"height\":512,\"caption\":\"Vie Associative\"},\"image\":{\"@id\":\"https:\/\/vieassociative.be\/actualites\/#\/schema\/logo\/image\/\"}},{\"@type\":\"Person\",\"@id\":\"https:\/\/vieassociative.be\/actualites\/#\/schema\/person\/b87ac4f82f9d4e7b7cec7395b679edc4\",\"name\":\"Julien\",\"image\":{\"@type\":\"ImageObject\",\"inLanguage\":\"fr-BE\",\"@id\":\"https:\/\/vieassociative.be\/actualites\/#\/schema\/person\/image\/\",\"url\":\"https:\/\/vieassociative.be\/actualites\/wp-content\/uploads\/2024\/09\/vie-associative-1-150x150.jpg\",\"contentUrl\":\"https:\/\/vieassociative.be\/actualites\/wp-content\/uploads\/2024\/09\/vie-associative-1-150x150.jpg\",\"caption\":\"Julien\"},\"description\":\"Je suis Julien, r\u00e9dacteur pour Vie Associative. Passionn\u00e9 par le monde associatif depuis plus de 10 ans, j'ai \u00e0 c\u0153ur de partager des histoires inspirantes et de mettre en lumi\u00e8re les initiatives locales. Mon objectif est de sensibiliser et d'encourager l'engagement communautaire \u00e0 travers mes articles.\",\"sameAs\":[\"https:\/\/vieassociative.be\/\"]}]}<\/script>\n<!-- \/ Yoast SEO plugin. -->","yoast_head_json":{"title":"Que fait l'ancien ministre Antonios Antoniadis aujourd'hui? | Vie Associative","robots":{"index":"index","follow":"follow","max-snippet":"max-snippet:-1","max-image-preview":"max-image-preview:large","max-video-preview":"max-video-preview:-1"},"canonical":"https:\/\/vieassociative.be\/actualites\/que-fait-lancien-ministre-antonios-antoniadis-aujourdhui\/","og_locale":"fr_FR","og_type":"article","og_title":"Que fait l'ancien ministre Antonios Antoniadis aujourd'hui? | Vie Associative","og_description":"Il faisait partie de la publicit\u00e9 orientale de la Belge depuis dix ans. En 2014, il est devenu ministre de la premi\u00e8re fois, cinq ans","og_url":"https:\/\/vieassociative.be\/actualites\/que-fait-lancien-ministre-antonios-antoniadis-aujourdhui\/","og_site_name":"Vie Associative","article_published_time":"2025-05-07T14:18:03+00:00","og_image":[{"width":279,"height":92,"url":"https:\/\/vieassociative.be\/actualites\/wp-content\/uploads\/2024\/09\/header_backgroundk-01-e1726694325946.png","type":"image\/png"}],"author":"Julien","twitter_card":"summary_large_image","twitter_misc":{"\u00c9crit par":"Julien","Dur\u00e9e de lecture est.":"4 minutes"},"schema":{"@context":"https:\/\/schema.org","@graph":[{"@type":"Article","@id":"https:\/\/vieassociative.be\/actualites\/que-fait-lancien-ministre-antonios-antoniadis-aujourdhui\/#article","isPartOf":{"@id":"https:\/\/vieassociative.be\/actualites\/que-fait-lancien-ministre-antonios-antoniadis-aujourdhui\/"},"author":{"name":"Julien","@id":"https:\/\/vieassociative.be\/actualites\/#\/schema\/person\/b87ac4f82f9d4e7b7cec7395b679edc4"},"headline":"Que fait l&rsquo;ancien ministre Antonios Antoniadis aujourd&rsquo;hui?","datePublished":"2025-05-07T14:18:03+00:00","dateModified":"2025-05-07T14:18:03+00:00","mainEntityOfPage":{"@id":"https:\/\/vieassociative.be\/actualites\/que-fait-lancien-ministre-antonios-antoniadis-aujourdhui\/"},"wordCount":849,"publisher":{"@id":"https:\/\/vieassociative.be\/actualites\/#organization"},"image":{"@id":"https:\/\/vieassociative.be\/actualites\/que-fait-lancien-ministre-antonios-antoniadis-aujourdhui\/#primaryimage"},"thumbnailUrl":"https:\/\/vieassociative.be\/actualites\/wp-content\/uploads\/2025\/05\/1746627484_Que-fait-lancien-ministre-Antonios-Antoniadis-aujourdhui.jpg","keywords":["Antoniadis","Antonios","aujourdhui","fait","Lancien","ministre"],"articleSection":["Belgique"],"inLanguage":"fr-BE"},{"@type":"WebPage","@id":"https:\/\/vieassociative.be\/actualites\/que-fait-lancien-ministre-antonios-antoniadis-aujourdhui\/","url":"https:\/\/vieassociative.be\/actualites\/que-fait-lancien-ministre-antonios-antoniadis-aujourdhui\/","name":"Que fait l'ancien ministre Antonios Antoniadis aujourd'hui? | Vie Associative","isPartOf":{"@id":"https:\/\/vieassociative.be\/actualites\/#website"},"primaryImageOfPage":{"@id":"https:\/\/vieassociative.be\/actualites\/que-fait-lancien-ministre-antonios-antoniadis-aujourdhui\/#primaryimage"},"image":{"@id":"https:\/\/vieassociative.be\/actualites\/que-fait-lancien-ministre-antonios-antoniadis-aujourdhui\/#primaryimage"},"thumbnailUrl":"https:\/\/vieassociative.be\/actualites\/wp-content\/uploads\/2025\/05\/1746627484_Que-fait-lancien-ministre-Antonios-Antoniadis-aujourdhui.jpg","datePublished":"2025-05-07T14:18:03+00:00","dateModified":"2025-05-07T14:18:03+00:00","breadcrumb":{"@id":"https:\/\/vieassociative.be\/actualites\/que-fait-lancien-ministre-antonios-antoniadis-aujourdhui\/#breadcrumb"},"inLanguage":"fr-BE","potentialAction":[{"@type":"ReadAction","target":["https:\/\/vieassociative.be\/actualites\/que-fait-lancien-ministre-antonios-antoniadis-aujourdhui\/"]}]},{"@type":"ImageObject","inLanguage":"fr-BE","@id":"https:\/\/vieassociative.be\/actualites\/que-fait-lancien-ministre-antonios-antoniadis-aujourdhui\/#primaryimage","url":"https:\/\/vieassociative.be\/actualites\/wp-content\/uploads\/2025\/05\/1746627484_Que-fait-lancien-ministre-Antonios-Antoniadis-aujourdhui.jpg","contentUrl":"https:\/\/vieassociative.be\/actualites\/wp-content\/uploads\/2025\/05\/1746627484_Que-fait-lancien-ministre-Antonios-Antoniadis-aujourdhui.jpg","width":1200,"height":800,"caption":"Que fait l'ancien ministre Antonios Antoniadis aujourd'hui?"},{"@type":"BreadcrumbList","@id":"https:\/\/vieassociative.be\/actualites\/que-fait-lancien-ministre-antonios-antoniadis-aujourdhui\/#breadcrumb","itemListElement":[{"@type":"ListItem","position":1,"name":"Accueil","item":"https:\/\/vieassociative.be\/actualites\/"},{"@type":"ListItem","position":2,"name":"Que fait l&rsquo;ancien ministre Antonios Antoniadis aujourd&rsquo;hui?"}]},{"@type":"WebSite","@id":"https:\/\/vieassociative.be\/actualites\/#website","url":"https:\/\/vieassociative.be\/actualites\/","name":"Vie Associative","description":"","publisher":{"@id":"https:\/\/vieassociative.be\/actualites\/#organization"},"potentialAction":[{"@type":"SearchAction","target":{"@type":"EntryPoint","urlTemplate":"https:\/\/vieassociative.be\/actualites\/?s={search_term_string}"},"query-input":{"@type":"PropertyValueSpecification","valueRequired":true,"valueName":"search_term_string"}}],"inLanguage":"fr-BE"},{"@type":"Organization","@id":"https:\/\/vieassociative.be\/actualites\/#organization","name":"Vie Associative","url":"https:\/\/vieassociative.be\/actualites\/","logo":{"@type":"ImageObject","inLanguage":"fr-BE","@id":"https:\/\/vieassociative.be\/actualites\/#\/schema\/logo\/image\/","url":"https:\/\/vieassociative.be\/actualites\/wp-content\/uploads\/2024\/09\/cropped-vieassociative_favicon.ico.png","contentUrl":"https:\/\/vieassociative.be\/actualites\/wp-content\/uploads\/2024\/09\/cropped-vieassociative_favicon.ico.png","width":512,"height":512,"caption":"Vie Associative"},"image":{"@id":"https:\/\/vieassociative.be\/actualites\/#\/schema\/logo\/image\/"}},{"@type":"Person","@id":"https:\/\/vieassociative.be\/actualites\/#\/schema\/person\/b87ac4f82f9d4e7b7cec7395b679edc4","name":"Julien","image":{"@type":"ImageObject","inLanguage":"fr-BE","@id":"https:\/\/vieassociative.be\/actualites\/#\/schema\/person\/image\/","url":"https:\/\/vieassociative.be\/actualites\/wp-content\/uploads\/2024\/09\/vie-associative-1-150x150.jpg","contentUrl":"https:\/\/vieassociative.be\/actualites\/wp-content\/uploads\/2024\/09\/vie-associative-1-150x150.jpg","caption":"Julien"},"description":"Je suis Julien, r\u00e9dacteur pour Vie Associative. Passionn\u00e9 par le monde associatif depuis plus de 10 ans, j'ai \u00e0 c\u0153ur de partager des histoires inspirantes et de mettre en lumi\u00e8re les initiatives locales. Mon objectif est de sensibiliser et d'encourager l'engagement communautaire \u00e0 travers mes articles.","sameAs":["https:\/\/vieassociative.be\/"]}]}},"_links":{"self":[{"href":"https:\/\/vieassociative.be\/actualites\/wp-json\/wp\/v2\/posts\/7370"}],"collection":[{"href":"https:\/\/vieassociative.be\/actualites\/wp-json\/wp\/v2\/posts"}],"about":[{"href":"https:\/\/vieassociative.be\/actualites\/wp-json\/wp\/v2\/types\/post"}],"author":[{"embeddable":true,"href":"https:\/\/vieassociative.be\/actualites\/wp-json\/wp\/v2\/users\/1"}],"replies":[{"embeddable":true,"href":"https:\/\/vieassociative.be\/actualites\/wp-json\/wp\/v2\/comments?post=7370"}],"version-history":[{"count":0,"href":"https:\/\/vieassociative.be\/actualites\/wp-json\/wp\/v2\/posts\/7370\/revisions"}],"wp:featuredmedia":[{"embeddable":true,"href":"https:\/\/vieassociative.be\/actualites\/wp-json\/wp\/v2\/media\/7371"}],"wp:attachment":[{"href":"https:\/\/vieassociative.be\/actualites\/wp-json\/wp\/v2\/media?parent=7370"}],"wp:term":[{"taxonomy":"category","embeddable":true,"href":"https:\/\/vieassociative.be\/actualites\/wp-json\/wp\/v2\/categories?post=7370"},{"taxonomy":"post_tag","embeddable":true,"href":"https:\/\/vieassociative.be\/actualites\/wp-json\/wp\/v2\/tags?post=7370"}],"curies":[{"name":"wp","href":"https:\/\/api.w.org\/{rel}","templated":true}]}}