{"id":737,"date":"2024-10-01T20:24:38","date_gmt":"2024-10-01T18:24:38","guid":{"rendered":"https:\/\/vieassociative.be\/actualites\/les-pires-tissus-a-porter-par-temps-chaud\/"},"modified":"2024-10-01T20:24:38","modified_gmt":"2024-10-01T18:24:38","slug":"les-pires-tissus-a-porter-par-temps-chaud","status":"publish","type":"post","link":"https:\/\/vieassociative.be\/actualites\/les-pires-tissus-a-porter-par-temps-chaud\/","title":{"rendered":"Les pires tissus \u00e0 porter par temps chaud"},"content":{"rendered":"<div class=\"mt-4 leading-6 md:mb-8\">Quoi ne pas porter quand il fait chaud et quoi porter \u00e0 la place.<\/div>\n<p><\/p>\n<p>Nous sommes au milieu d\u2019un \u00e9t\u00e9 torride, avec des temp\u00e9ratures record enregistr\u00e9es partout dans le monde. Aujourd&rsquo;hui plus que jamais, transpirer est tout \u00e0 fait normal et crucial pour r\u00e9guler notre temp\u00e9rature corporelle, mais arriver au travail avec votre chemise d\u00e9j\u00e0 tremp\u00e9e apr\u00e8s votre trajet matinal n&rsquo;est un bon look pour personne. Mais plus important encore, devoir passer la journ\u00e9e dans des v\u00eatements humides et en sueur est tr\u00e8s d\u00e9sagr\u00e9able.<\/p>\n<p>Aucun mat\u00e9riau ne peut vous emp\u00eacher de transpirer, mais certains r\u00e9sistent mieux \u00e0 l\u2019humidit\u00e9 suppl\u00e9mentaire que d\u2019autres. Diff\u00e9rentes situations n\u00e9cessitent diff\u00e9rents types de v\u00eatements (et de tissus), r\u00e9fl\u00e9chissons donc \u00e0 la fa\u00e7on dont vous devriez vous habiller pour des activit\u00e9s telles que les d\u00e9placements domicile-travail, le travail \u00e0 l&rsquo;int\u00e9rieur, les courses et les activit\u00e9s sociales en \u00e9t\u00e9, plut\u00f4t que de vous entra\u00eener (\u00e0 l&rsquo;int\u00e9rieur ou \u00e0 l&rsquo;ext\u00e9rieur), de faire de la randonn\u00e9e ou passer la journ\u00e9e \u00e0 la plage. <\/p>\n<p>Voici quelques exemples de tissus \u00e0 \u00e9viter de porter pendant la chaleur estivale et lesquels porter \u00e0 la place. <\/p>\n<h2 id=\"fabrics-to-avoid-wearing-in-the-summer\">Tissus \u00e0 \u00e9viter de porter en \u00e9t\u00e9<\/h2>\n<p>Ces mati\u00e8res ont de bonnes qualit\u00e9s, mais \u00eatre agr\u00e9ables \u00e0 porter par temps chaud n\u2019en fait pas partie :<\/p>\n<ul>\n<li>\n<p><strong>Polyester<\/strong>: Le polyester s&rsquo;est am\u00e9lior\u00e9 au fil des ann\u00e9es, mais il repousse toujours l&rsquo;humidit\u00e9, ce qui signifie qu&rsquo;il n&rsquo;absorbe pas votre transpiration. Au lieu de cela, l\u2019humidit\u00e9 restera sur votre peau et vous fera transpirer davantage. Et quoi que vous fassiez, \u00e9vitez d\u00e9finitivement le type plus \u00e9pais et compl\u00e8tement irrespirable couramment utilis\u00e9 dans les ann\u00e9es 1950 et 1970.<\/p>\n<\/li>\n<li>\n<p><strong>Rayonne<\/strong>: Cellulose naturelle fabriqu\u00e9e \u00e0 partir de p\u00e2te de bois ou de bambou (ou d&rsquo;un mat\u00e9riau similaire) et fabriqu\u00e9e avec des produits chimiques, la plupart des formes de rayonne repoussent \u00e9galement l&rsquo;humidit\u00e9, vous laissant en sueur. V\u00e9rifiez cependant l\u2019\u00e9tiquette, car certains m\u00e9langes (comme la rayonne et le lin) conviennent par temps chaud.<\/p>\n<\/li>\n<li>\n<p><strong>Acrylique<\/strong>: Version synth\u00e9tique de la laine, plus abordable, elle emprisonne la chaleur entre le tissu et votre peau.<\/p>\n<\/li>\n<li>\n<p><strong>Nylon<\/strong>: Con\u00e7u pour repousser l&rsquo;eau, il convient si vous vous entra\u00eenez, mais il retient \u00e9galement les odeurs, peut provoquer des frottements et n&rsquo;est pas du tout respirant, le nylon n&rsquo;est donc pas une excellente option pour un usage quotidien en \u00e9t\u00e9.<\/p>\n<\/li>\n<li>\n<p><strong>Toison<\/strong>: Un autre tissu synth\u00e9tique con\u00e7u pour le froid et con\u00e7u pour vous garder au chaud.<\/p>\n<\/li>\n<li>\n<p><strong>Satin<\/strong>: C&rsquo;est lisse, mais pas respirant.<\/p>\n<\/li>\n<li>\n<p><strong>Cuir<\/strong>: Il est \u00e9pais, ne respire pas et vous r\u00e9chauffera inconfortablement. Cela inclut le \u00ab cuir v\u00e9g\u00e9talien \u00bb (alias vinyle).<\/p>\n<\/li>\n<li>\n<p><strong>Laine traditionnelle<\/strong>: Pas les nouvelles versions l\u00e9g\u00e8res de la laine \u2013 nous parlons de la laine lourde qui d\u00e9mange et qui devient encore plus lourde lorsqu&rsquo;elle est mouill\u00e9e.<\/p>\n<\/li>\n<\/ul>\n<hr>\n<p><strong>Exemples de v\u00eatements d&rsquo;\u00e9t\u00e9 intelligents pour femmes\u00a0:<\/strong><\/p>\n<ul>\n<li>\n<p>NIMIN Pantalon ample d\u00e9contract\u00e9 pour femme &#8211; Pantalon de travail court et confortable<\/p>\n<\/li>\n<li>\n<p>Pact D\u00e9bardeur caraco en coton biologique pour femme avec soutien-gorge int\u00e9gr\u00e9<\/p>\n<\/li>\n<li>\n<p>Fronage Robe chemise d\u00e9contract\u00e9e en coton et lin pour femme <\/p>\n<\/li>\n<li>\n<p>AUTOMET Salopette d&rsquo;\u00e9t\u00e9 d\u00e9contract\u00e9e \u00e0 jambes larges pour femme<\/p>\n<\/li>\n<li>\n<p>Riders by Lee Indigo Veste en jean pour femme<\/p>\n<\/li>\n<\/ul>\n<hr>\n<h2 id=\"the-best-fabrics-to-wear-in-the-summer\">Les meilleurs tissus \u00e0 porter en \u00e9t\u00e9<\/h2>\n<p>Chacun a ses pr\u00e9f\u00e9rences, mais voici les tissus qui, pour la plupart, les experts s&rsquo;accordent \u00e0 dire qu&rsquo;ils sont vos meilleures options pour l&rsquo;\u00e9t\u00e9 :<\/p>\n<ul>\n<li>\n<p><strong>Coton<\/strong>: Respirant, \u00e9vacuant l&rsquo;humidit\u00e9, l\u00e9ger et confortable, c&rsquo;est un favori de l&rsquo;\u00e9t\u00e9 pour une raison.<\/p>\n<\/li>\n<li>\n<p><strong>Lin<\/strong>: Le tissage naturel et ouvert vous garde au frais et absorbe l&rsquo;humidit\u00e9. De plus, il est non seulement plus r\u00e9sistant que le coton, mais il est \u00e9galement plus structur\u00e9, ce qui signifie qu&rsquo;il ne collera pas \u00e0 votre corps lors des journ\u00e9es chaudes.<\/p>\n<\/li>\n<li>\n<p><strong>Jersey<\/strong>: Il est respirant et drape votre corps (plut\u00f4t que de s&rsquo;y accrocher). Le jersey 100 % coton est le meilleur, mais un m\u00e9lange laine-coton-synth\u00e9tique fonctionne \u00e9galement.<\/p>\n<\/li>\n<li>\n<p><strong>Chambray<\/strong>: Une alternative l\u00e9g\u00e8re au denim en coton finement tiss\u00e9 \u00e0 haute teneur en fils.<\/p>\n<\/li>\n<li>\n<p><strong>Laine m\u00e9rinos<\/strong>: Il est doux, l\u00e9ger, respirant et \u00e9vacue l&rsquo;humidit\u00e9.<\/p>\n<\/li>\n<li>\n<p><strong>Soie<\/strong>: Il est recommand\u00e9 car il est lisse et l\u00e9ger, mais portez-le avec prudence : si vous avez assez chaud pour transpirer, il se fronce et se tache facilement.<\/p>\n<\/li>\n<\/ul>\n<p>Encore une fois, les meilleurs tissus pour l&rsquo;\u00e9t\u00e9 d\u00e9pendent en grande partie de ce que vous faites lorsque vous portez des v\u00eatements fabriqu\u00e9s \u00e0 partir de ceux-ci. En d\u2019autres termes, si vous savez que vous allez \u00eatre particuli\u00e8rement actif un jour, vous devrez adopter une approche diff\u00e9rente de celle que vous adopteriez pour vous habiller pour une journ\u00e9e assise dans un bureau ou sur une terrasse.<\/p>\n<hr>\n<p><strong>Exemples de v\u00eatements d&rsquo;\u00e9t\u00e9 intelligents pour hommes\u00a0:<\/strong><\/p>\n<ul>\n<li>\n<p>COOFANDY Chemise boutonn\u00e9e d\u00e9contract\u00e9e en lin \u00e0 manches courtes pour homme<\/p>\n<\/li>\n<li>\n<p>Lacoste Polo \u00e0 manches courtes en jersey Pima interlock pour homme<\/p>\n<\/li>\n<li>\n<p>Perry Ellis Pantalon \u00e0 cordon de serrage 100 % lin coupe r\u00e9guli\u00e8re pour homme<\/p>\n<\/li>\n<li>\n<p>Nautica Pantalon chino uni extensible \u00e0 devant plat pour homme Coupe classique 21,6 cm<\/p>\n<\/li>\n<li>\n<p>Palm Beach Manteau Bradley 100 % lin indigo Delave pour homme<\/p>\n<\/li>\n<\/ul>\n","protected":false},"excerpt":{"rendered":"<p>Quoi ne pas porter quand il fait chaud et quoi porter \u00e0 la place. Nous sommes au milieu d\u2019un \u00e9t\u00e9 torride, avec des temp\u00e9ratures record<\/p>\n","protected":false},"author":1,"featured_media":738,"comment_status":"","ping_status":"","sticky":false,"template":"","format":"standard","meta":{"footnotes":""},"categories":[1],"tags":[1176,14,676,312,1175,790,1174],"class_list":["post-737","post","type-post","status-publish","format-standard","has-post-thumbnail","hentry","category-non-classe","tag-chaud","tag-les","tag-par","tag-pires","tag-porter","tag-temps","tag-tissus","generate-columns","tablet-grid-50","mobile-grid-100","grid-parent","grid-33"],"yoast_head":"<!-- This site is optimized with the Yoast SEO plugin v24.0 - https:\/\/yoast.com\/wordpress\/plugins\/seo\/ -->\n<title>Les pires tissus \u00e0 porter par temps chaud | Vie Associative<\/title>\n<meta name=\"robots\" content=\"index, follow, max-snippet:-1, max-image-preview:large, max-video-preview:-1\" \/>\n<link rel=\"canonical\" href=\"https:\/\/vieassociative.be\/actualites\/les-pires-tissus-a-porter-par-temps-chaud\/\" \/>\n<meta property=\"og:locale\" content=\"fr_FR\" \/>\n<meta property=\"og:type\" content=\"article\" \/>\n<meta property=\"og:title\" content=\"Les pires tissus \u00e0 porter par temps chaud | Vie Associative\" \/>\n<meta property=\"og:description\" content=\"Quoi ne pas porter quand il fait chaud et quoi porter \u00e0 la place. Nous sommes au milieu d\u2019un \u00e9t\u00e9 torride, avec des temp\u00e9ratures record\" \/>\n<meta property=\"og:url\" content=\"https:\/\/vieassociative.be\/actualites\/les-pires-tissus-a-porter-par-temps-chaud\/\" \/>\n<meta property=\"og:site_name\" content=\"Vie Associative\" \/>\n<meta property=\"article:published_time\" content=\"2024-10-01T18:24:38+00:00\" \/>\n<meta property=\"og:image\" content=\"https:\/\/vieassociative.be\/actualites\/wp-content\/uploads\/2024\/09\/header_backgroundk-01-e1726694325946.png\" \/>\n\t<meta property=\"og:image:width\" content=\"279\" \/>\n\t<meta property=\"og:image:height\" content=\"92\" \/>\n\t<meta property=\"og:image:type\" content=\"image\/png\" \/>\n<meta name=\"author\" content=\"Julien\" \/>\n<meta name=\"twitter:card\" content=\"summary_large_image\" \/>\n<meta name=\"twitter:label1\" content=\"\u00c9crit par\" \/>\n\t<meta name=\"twitter:data1\" content=\"Julien\" \/>\n\t<meta name=\"twitter:label2\" content=\"Dur\u00e9e de lecture est.\" \/>\n\t<meta name=\"twitter:data2\" content=\"4 minutes\" \/>\n<script type=\"application\/ld+json\" class=\"yoast-schema-graph\">{\"@context\":\"https:\/\/schema.org\",\"@graph\":[{\"@type\":\"Article\",\"@id\":\"https:\/\/vieassociative.be\/actualites\/les-pires-tissus-a-porter-par-temps-chaud\/#article\",\"isPartOf\":{\"@id\":\"https:\/\/vieassociative.be\/actualites\/les-pires-tissus-a-porter-par-temps-chaud\/\"},\"author\":{\"name\":\"Julien\",\"@id\":\"https:\/\/vieassociative.be\/actualites\/#\/schema\/person\/b87ac4f82f9d4e7b7cec7395b679edc4\"},\"headline\":\"Les pires tissus \u00e0 porter par temps chaud\",\"datePublished\":\"2024-10-01T18:24:38+00:00\",\"dateModified\":\"2024-10-01T18:24:38+00:00\",\"mainEntityOfPage\":{\"@id\":\"https:\/\/vieassociative.be\/actualites\/les-pires-tissus-a-porter-par-temps-chaud\/\"},\"wordCount\":911,\"publisher\":{\"@id\":\"https:\/\/vieassociative.be\/actualites\/#organization\"},\"image\":{\"@id\":\"https:\/\/vieassociative.be\/actualites\/les-pires-tissus-a-porter-par-temps-chaud\/#primaryimage\"},\"thumbnailUrl\":\"https:\/\/vieassociative.be\/actualites\/wp-content\/uploads\/2024\/10\/Les-pires-tissus-a-porter-par-temps-chaud.jpg\",\"keywords\":[\"chaud\",\"Les\",\"par\",\"pires\",\"porter\",\"temps\",\"tissus\"],\"inLanguage\":\"fr-BE\"},{\"@type\":\"WebPage\",\"@id\":\"https:\/\/vieassociative.be\/actualites\/les-pires-tissus-a-porter-par-temps-chaud\/\",\"url\":\"https:\/\/vieassociative.be\/actualites\/les-pires-tissus-a-porter-par-temps-chaud\/\",\"name\":\"Les pires tissus \u00e0 porter par temps chaud | Vie Associative\",\"isPartOf\":{\"@id\":\"https:\/\/vieassociative.be\/actualites\/#website\"},\"primaryImageOfPage\":{\"@id\":\"https:\/\/vieassociative.be\/actualites\/les-pires-tissus-a-porter-par-temps-chaud\/#primaryimage\"},\"image\":{\"@id\":\"https:\/\/vieassociative.be\/actualites\/les-pires-tissus-a-porter-par-temps-chaud\/#primaryimage\"},\"thumbnailUrl\":\"https:\/\/vieassociative.be\/actualites\/wp-content\/uploads\/2024\/10\/Les-pires-tissus-a-porter-par-temps-chaud.jpg\",\"datePublished\":\"2024-10-01T18:24:38+00:00\",\"dateModified\":\"2024-10-01T18:24:38+00:00\",\"breadcrumb\":{\"@id\":\"https:\/\/vieassociative.be\/actualites\/les-pires-tissus-a-porter-par-temps-chaud\/#breadcrumb\"},\"inLanguage\":\"fr-BE\",\"potentialAction\":[{\"@type\":\"ReadAction\",\"target\":[\"https:\/\/vieassociative.be\/actualites\/les-pires-tissus-a-porter-par-temps-chaud\/\"]}]},{\"@type\":\"ImageObject\",\"inLanguage\":\"fr-BE\",\"@id\":\"https:\/\/vieassociative.be\/actualites\/les-pires-tissus-a-porter-par-temps-chaud\/#primaryimage\",\"url\":\"https:\/\/vieassociative.be\/actualites\/wp-content\/uploads\/2024\/10\/Les-pires-tissus-a-porter-par-temps-chaud.jpg\",\"contentUrl\":\"https:\/\/vieassociative.be\/actualites\/wp-content\/uploads\/2024\/10\/Les-pires-tissus-a-porter-par-temps-chaud.jpg\",\"width\":1200,\"height\":675,\"caption\":\"Les pires tissus \u00e0 porter par temps chaud\"},{\"@type\":\"BreadcrumbList\",\"@id\":\"https:\/\/vieassociative.be\/actualites\/les-pires-tissus-a-porter-par-temps-chaud\/#breadcrumb\",\"itemListElement\":[{\"@type\":\"ListItem\",\"position\":1,\"name\":\"Accueil\",\"item\":\"https:\/\/vieassociative.be\/actualites\/\"},{\"@type\":\"ListItem\",\"position\":2,\"name\":\"Les pires tissus \u00e0 porter par temps chaud\"}]},{\"@type\":\"WebSite\",\"@id\":\"https:\/\/vieassociative.be\/actualites\/#website\",\"url\":\"https:\/\/vieassociative.be\/actualites\/\",\"name\":\"Vie Associative\",\"description\":\"\",\"publisher\":{\"@id\":\"https:\/\/vieassociative.be\/actualites\/#organization\"},\"potentialAction\":[{\"@type\":\"SearchAction\",\"target\":{\"@type\":\"EntryPoint\",\"urlTemplate\":\"https:\/\/vieassociative.be\/actualites\/?s={search_term_string}\"},\"query-input\":{\"@type\":\"PropertyValueSpecification\",\"valueRequired\":true,\"valueName\":\"search_term_string\"}}],\"inLanguage\":\"fr-BE\"},{\"@type\":\"Organization\",\"@id\":\"https:\/\/vieassociative.be\/actualites\/#organization\",\"name\":\"Vie Associative\",\"url\":\"https:\/\/vieassociative.be\/actualites\/\",\"logo\":{\"@type\":\"ImageObject\",\"inLanguage\":\"fr-BE\",\"@id\":\"https:\/\/vieassociative.be\/actualites\/#\/schema\/logo\/image\/\",\"url\":\"https:\/\/vieassociative.be\/actualites\/wp-content\/uploads\/2024\/09\/cropped-vieassociative_favicon.ico.png\",\"contentUrl\":\"https:\/\/vieassociative.be\/actualites\/wp-content\/uploads\/2024\/09\/cropped-vieassociative_favicon.ico.png\",\"width\":512,\"height\":512,\"caption\":\"Vie Associative\"},\"image\":{\"@id\":\"https:\/\/vieassociative.be\/actualites\/#\/schema\/logo\/image\/\"}},{\"@type\":\"Person\",\"@id\":\"https:\/\/vieassociative.be\/actualites\/#\/schema\/person\/b87ac4f82f9d4e7b7cec7395b679edc4\",\"name\":\"Julien\",\"image\":{\"@type\":\"ImageObject\",\"inLanguage\":\"fr-BE\",\"@id\":\"https:\/\/vieassociative.be\/actualites\/#\/schema\/person\/image\/\",\"url\":\"https:\/\/vieassociative.be\/actualites\/wp-content\/uploads\/2024\/09\/vie-associative-1-150x150.jpg\",\"contentUrl\":\"https:\/\/vieassociative.be\/actualites\/wp-content\/uploads\/2024\/09\/vie-associative-1-150x150.jpg\",\"caption\":\"Julien\"},\"description\":\"Je suis Julien, r\u00e9dacteur pour Vie Associative. Passionn\u00e9 par le monde associatif depuis plus de 10 ans, j'ai \u00e0 c\u0153ur de partager des histoires inspirantes et de mettre en lumi\u00e8re les initiatives locales. Mon objectif est de sensibiliser et d'encourager l'engagement communautaire \u00e0 travers mes articles.\",\"sameAs\":[\"https:\/\/vieassociative.be\/\"]}]}<\/script>\n<!-- \/ Yoast SEO plugin. -->","yoast_head_json":{"title":"Les pires tissus \u00e0 porter par temps chaud | Vie Associative","robots":{"index":"index","follow":"follow","max-snippet":"max-snippet:-1","max-image-preview":"max-image-preview:large","max-video-preview":"max-video-preview:-1"},"canonical":"https:\/\/vieassociative.be\/actualites\/les-pires-tissus-a-porter-par-temps-chaud\/","og_locale":"fr_FR","og_type":"article","og_title":"Les pires tissus \u00e0 porter par temps chaud | Vie Associative","og_description":"Quoi ne pas porter quand il fait chaud et quoi porter \u00e0 la place. Nous sommes au milieu d\u2019un \u00e9t\u00e9 torride, avec des temp\u00e9ratures record","og_url":"https:\/\/vieassociative.be\/actualites\/les-pires-tissus-a-porter-par-temps-chaud\/","og_site_name":"Vie Associative","article_published_time":"2024-10-01T18:24:38+00:00","og_image":[{"width":279,"height":92,"url":"https:\/\/vieassociative.be\/actualites\/wp-content\/uploads\/2024\/09\/header_backgroundk-01-e1726694325946.png","type":"image\/png"}],"author":"Julien","twitter_card":"summary_large_image","twitter_misc":{"\u00c9crit par":"Julien","Dur\u00e9e de lecture est.":"4 minutes"},"schema":{"@context":"https:\/\/schema.org","@graph":[{"@type":"Article","@id":"https:\/\/vieassociative.be\/actualites\/les-pires-tissus-a-porter-par-temps-chaud\/#article","isPartOf":{"@id":"https:\/\/vieassociative.be\/actualites\/les-pires-tissus-a-porter-par-temps-chaud\/"},"author":{"name":"Julien","@id":"https:\/\/vieassociative.be\/actualites\/#\/schema\/person\/b87ac4f82f9d4e7b7cec7395b679edc4"},"headline":"Les pires tissus \u00e0 porter par temps chaud","datePublished":"2024-10-01T18:24:38+00:00","dateModified":"2024-10-01T18:24:38+00:00","mainEntityOfPage":{"@id":"https:\/\/vieassociative.be\/actualites\/les-pires-tissus-a-porter-par-temps-chaud\/"},"wordCount":911,"publisher":{"@id":"https:\/\/vieassociative.be\/actualites\/#organization"},"image":{"@id":"https:\/\/vieassociative.be\/actualites\/les-pires-tissus-a-porter-par-temps-chaud\/#primaryimage"},"thumbnailUrl":"https:\/\/vieassociative.be\/actualites\/wp-content\/uploads\/2024\/10\/Les-pires-tissus-a-porter-par-temps-chaud.jpg","keywords":["chaud","Les","par","pires","porter","temps","tissus"],"inLanguage":"fr-BE"},{"@type":"WebPage","@id":"https:\/\/vieassociative.be\/actualites\/les-pires-tissus-a-porter-par-temps-chaud\/","url":"https:\/\/vieassociative.be\/actualites\/les-pires-tissus-a-porter-par-temps-chaud\/","name":"Les pires tissus \u00e0 porter par temps chaud | Vie Associative","isPartOf":{"@id":"https:\/\/vieassociative.be\/actualites\/#website"},"primaryImageOfPage":{"@id":"https:\/\/vieassociative.be\/actualites\/les-pires-tissus-a-porter-par-temps-chaud\/#primaryimage"},"image":{"@id":"https:\/\/vieassociative.be\/actualites\/les-pires-tissus-a-porter-par-temps-chaud\/#primaryimage"},"thumbnailUrl":"https:\/\/vieassociative.be\/actualites\/wp-content\/uploads\/2024\/10\/Les-pires-tissus-a-porter-par-temps-chaud.jpg","datePublished":"2024-10-01T18:24:38+00:00","dateModified":"2024-10-01T18:24:38+00:00","breadcrumb":{"@id":"https:\/\/vieassociative.be\/actualites\/les-pires-tissus-a-porter-par-temps-chaud\/#breadcrumb"},"inLanguage":"fr-BE","potentialAction":[{"@type":"ReadAction","target":["https:\/\/vieassociative.be\/actualites\/les-pires-tissus-a-porter-par-temps-chaud\/"]}]},{"@type":"ImageObject","inLanguage":"fr-BE","@id":"https:\/\/vieassociative.be\/actualites\/les-pires-tissus-a-porter-par-temps-chaud\/#primaryimage","url":"https:\/\/vieassociative.be\/actualites\/wp-content\/uploads\/2024\/10\/Les-pires-tissus-a-porter-par-temps-chaud.jpg","contentUrl":"https:\/\/vieassociative.be\/actualites\/wp-content\/uploads\/2024\/10\/Les-pires-tissus-a-porter-par-temps-chaud.jpg","width":1200,"height":675,"caption":"Les pires tissus \u00e0 porter par temps chaud"},{"@type":"BreadcrumbList","@id":"https:\/\/vieassociative.be\/actualites\/les-pires-tissus-a-porter-par-temps-chaud\/#breadcrumb","itemListElement":[{"@type":"ListItem","position":1,"name":"Accueil","item":"https:\/\/vieassociative.be\/actualites\/"},{"@type":"ListItem","position":2,"name":"Les pires tissus \u00e0 porter par temps chaud"}]},{"@type":"WebSite","@id":"https:\/\/vieassociative.be\/actualites\/#website","url":"https:\/\/vieassociative.be\/actualites\/","name":"Vie Associative","description":"","publisher":{"@id":"https:\/\/vieassociative.be\/actualites\/#organization"},"potentialAction":[{"@type":"SearchAction","target":{"@type":"EntryPoint","urlTemplate":"https:\/\/vieassociative.be\/actualites\/?s={search_term_string}"},"query-input":{"@type":"PropertyValueSpecification","valueRequired":true,"valueName":"search_term_string"}}],"inLanguage":"fr-BE"},{"@type":"Organization","@id":"https:\/\/vieassociative.be\/actualites\/#organization","name":"Vie Associative","url":"https:\/\/vieassociative.be\/actualites\/","logo":{"@type":"ImageObject","inLanguage":"fr-BE","@id":"https:\/\/vieassociative.be\/actualites\/#\/schema\/logo\/image\/","url":"https:\/\/vieassociative.be\/actualites\/wp-content\/uploads\/2024\/09\/cropped-vieassociative_favicon.ico.png","contentUrl":"https:\/\/vieassociative.be\/actualites\/wp-content\/uploads\/2024\/09\/cropped-vieassociative_favicon.ico.png","width":512,"height":512,"caption":"Vie Associative"},"image":{"@id":"https:\/\/vieassociative.be\/actualites\/#\/schema\/logo\/image\/"}},{"@type":"Person","@id":"https:\/\/vieassociative.be\/actualites\/#\/schema\/person\/b87ac4f82f9d4e7b7cec7395b679edc4","name":"Julien","image":{"@type":"ImageObject","inLanguage":"fr-BE","@id":"https:\/\/vieassociative.be\/actualites\/#\/schema\/person\/image\/","url":"https:\/\/vieassociative.be\/actualites\/wp-content\/uploads\/2024\/09\/vie-associative-1-150x150.jpg","contentUrl":"https:\/\/vieassociative.be\/actualites\/wp-content\/uploads\/2024\/09\/vie-associative-1-150x150.jpg","caption":"Julien"},"description":"Je suis Julien, r\u00e9dacteur pour Vie Associative. Passionn\u00e9 par le monde associatif depuis plus de 10 ans, j'ai \u00e0 c\u0153ur de partager des histoires inspirantes et de mettre en lumi\u00e8re les initiatives locales. Mon objectif est de sensibiliser et d'encourager l'engagement communautaire \u00e0 travers mes articles.","sameAs":["https:\/\/vieassociative.be\/"]}]}},"_links":{"self":[{"href":"https:\/\/vieassociative.be\/actualites\/wp-json\/wp\/v2\/posts\/737"}],"collection":[{"href":"https:\/\/vieassociative.be\/actualites\/wp-json\/wp\/v2\/posts"}],"about":[{"href":"https:\/\/vieassociative.be\/actualites\/wp-json\/wp\/v2\/types\/post"}],"author":[{"embeddable":true,"href":"https:\/\/vieassociative.be\/actualites\/wp-json\/wp\/v2\/users\/1"}],"replies":[{"embeddable":true,"href":"https:\/\/vieassociative.be\/actualites\/wp-json\/wp\/v2\/comments?post=737"}],"version-history":[{"count":0,"href":"https:\/\/vieassociative.be\/actualites\/wp-json\/wp\/v2\/posts\/737\/revisions"}],"wp:featuredmedia":[{"embeddable":true,"href":"https:\/\/vieassociative.be\/actualites\/wp-json\/wp\/v2\/media\/738"}],"wp:attachment":[{"href":"https:\/\/vieassociative.be\/actualites\/wp-json\/wp\/v2\/media?parent=737"}],"wp:term":[{"taxonomy":"category","embeddable":true,"href":"https:\/\/vieassociative.be\/actualites\/wp-json\/wp\/v2\/categories?post=737"},{"taxonomy":"post_tag","embeddable":true,"href":"https:\/\/vieassociative.be\/actualites\/wp-json\/wp\/v2\/tags?post=737"}],"curies":[{"name":"wp","href":"https:\/\/api.w.org\/{rel}","templated":true}]}}