{"id":7368,"date":"2025-05-07T15:18:05","date_gmt":"2025-05-07T13:18:05","guid":{"rendered":"https:\/\/vieassociative.be\/actualites\/toutes-les-taches-de-jardinage-que-je-mattaque-en-mai\/"},"modified":"2025-05-07T15:18:05","modified_gmt":"2025-05-07T13:18:05","slug":"toutes-les-taches-de-jardinage-que-je-mattaque-en-mai","status":"publish","type":"post","link":"https:\/\/vieassociative.be\/actualites\/toutes-les-taches-de-jardinage-que-je-mattaque-en-mai\/","title":{"rendered":"Toutes les t\u00e2ches de jardinage que je m&rsquo;attaque en mai"},"content":{"rendered":"<div class=\"mt-4 leading-6 md:mb-8\">Il est temps de pr\u00e9parer le terrain pour le reste du printemps et de l&rsquo;\u00e9t\u00e9.<\/div>\n<p><\/p>\n<p>Il n&rsquo;y a pas d&rsquo;endroit plus joyeux qu&rsquo;un jardinerie en mai. Les \u00e9tag\u00e8res sont pleines de annuelles, de l\u00e9gumes et de vivaces pr\u00eates \u00e0 rentrer chez vous avec vous. Les jardiniers partout attendent avec un souffle, essayant de trouver la journ\u00e9e parfaite pour mettre des plantes dans le sol. Des touches de couleur \u00e9mergent comme des tulipes, des iris, des pivoines et des verges aux lilas. <\/p>\n<p>Ce que vous faites ce mois-ci d\u00e9terminera le succ\u00e8s de votre jardin d&rsquo;\u00e9t\u00e9, alors attachez votre salopette, prenez votre soleil et votre b\u00eache et sortez. Installons un jardin d&rsquo;\u00e9t\u00e9. Je vais passer en revue les t\u00e2ches de maintenance que vous devez d&rsquo;abord vous attaquer, puis entrer dans les d\u00e9tails sur ce que vous devez planter et comment le faire.<\/p>\n<h2 id=\"perform-a-few-garden-maintenance-tasks-first\">Effectuez d&rsquo;abord quelques t\u00e2ches d&rsquo;entretien du jardin<\/h2>\n<p>Vos syst\u00e8mes d&rsquo;arrosage ont peut-\u00eatre pris un coup en hiver, il est donc essentiel de v\u00e9rifier chaque ligne avant d&rsquo;allumer l&rsquo;irrigation pour l&rsquo;\u00e9t\u00e9. Souvent, j&rsquo;ai trouv\u00e9 que je suis le probl\u00e8me, ayant des lignes entaill\u00e9es en d\u00e9sherbant ou en creusant au printemps. <\/p>\n<p>Assurez-vous que le contr\u00f4leur fonctionne en se tenant \u00e0 l&rsquo;ext\u00e9rieur, en testant chaque zone et en se promenant pour v\u00e9rifier chaque point final. Vous pouvez g\u00e9n\u00e9ralement entendre une fuite, alors gardez une oreille pour un jaillissement bruyant ou un sifflement tout en scannant visuellement. <\/p>\n<p>Si vous utilisez une configuration de dossier de tuyau, v\u00e9rifiez \u00e9galement cela. Nous avons eu un sort chaud au d\u00e9but de la c\u00f4te ouest, ce qui signifie que mon irrigation s&rsquo;est d\u00e9roul\u00e9e plus t\u00f4t que jamais cette ann\u00e9e. (Pour les plantes poussant en plein soleil, l&rsquo;eau le matin et visez 1 \u00e0 2 pouces d&rsquo;eau par semaine.)<\/p>\n<div class=\"eloquent-imagery-image\">\n<div class=\"flex justify-center\">\n                    <img decoding=\"async\" class=\"border border-gray-100\" src=\"https:\/\/vieassociative.be\/actualites\/wp-content\/uploads\/2025\/05\/Toutes-les-taches-de-jardinage-que-je-mattaque-en-mai.jpg\" alt=\"r\u00e9paration de ligne d'irrigation\" width=\"2000\" height=\"806\" loading=\"lazy\"  >\n            <\/div>\n<\/p><\/div>\n<p>Vos lits \u00e9tablis peuvent b\u00e9n\u00e9ficier d&rsquo;une couche de compost, qui agira comme un engrais g\u00e9n\u00e9ral, ainsi que de cr\u00e9er du volume dans vos lits s&rsquo;ils ont connu une \u00e9rosion pendant l&rsquo;hiver. Suivez le compost avec une couche de paillis. Passer ce temps \u00e0 r\u00e9pandre le compost et le paillis vous donnera la possibilit\u00e9 de diviser chaque partie de votre jardin, alors prenez des notes au fur et \u00e0 mesure que vous allez dans les zones qui doivent \u00eatre d\u00e9sherbant, \u00e9prouvent des ravageurs ou ont des plantes qui semblent ne pas avoir surv\u00e9cu \u00e0 l&rsquo;hiver. <\/p>\n<h2 id=\"shrubs-trees-and-vines\">Arbustes, arbres et vignes<\/h2>\n<p>Un certain nombre d&rsquo;arbustes passent par des cycles de floraison au printemps, comme le lilas et le forsythia. Une fois qu&rsquo;ils ont fleuri, vous pouvez les tailler, et dans certains cas, comme le lilas, cela peut d\u00e9clencher une deuxi\u00e8me fleur plus tard dans la saison. Dans les deux cas, il faudra une t\u00e2che d&rsquo;automne de votre liste et gardera le jardin \u00e0 l&rsquo;air plus cher. <\/p>\n<div class=\"eloquent-imagery-image\">\n<div class=\"flex justify-center\">\n                    <img decoding=\"async\" class=\"border border-gray-100\" src=\"https:\/\/vieassociative.be\/actualites\/wp-content\/uploads\/2025\/05\/1746623885_458_Toutes-les-taches-de-jardinage-que-je-mattaque-en-mai.jpg\" alt=\"Bush lilas\" width=\"2000\" height=\"994\" loading=\"lazy\"  >\n            <\/div>\n<\/p><\/div>\n<p>C&rsquo;est le bon moment pour planter de nouveaux arbustes et arbres ligneux &#8211; le temps est doux et le sol doit \u00eatre doux des pluies. Pour vos arbres existants, assurez-vous de les nourrir avec un engrais qui leur convient ce mois-ci. Votre centre de jardinerie peut aider \u00e0 identifier quel engrais est le meilleur pour les arbres que vous avez. Chacun de ces arbres cr\u00e9era des pousses ce mois-ci, et vous devez les tailler si n\u00e9cessaire pour maintenir la forme de l&rsquo;arbre et garder les fruits \u00e0 une quantit\u00e9 que l&rsquo;arbre peut raisonnablement soutenir. <\/p>\n<p>Assurez-vous que vous n&rsquo;utilisez que des pruners ou des loppers propres: le Javel ou le lysol dilu\u00e9 par Carry avec vous dans un flacon pulv\u00e9risateur \u00e0 l&rsquo;ext\u00e9rieur. Le nettoyage de vos outils entre les plantes garantit que vous ne transmettez pas de virus, de champignon ou de maladie entre les plantes.<\/p>\n<div class=\"eloquent-imagery-image\">\n<div class=\"flex justify-center\">\n                    <img decoding=\"async\" class=\"border border-gray-100\" src=\"https:\/\/vieassociative.be\/actualites\/wp-content\/uploads\/2025\/05\/1746623885_287_Toutes-les-taches-de-jardinage-que-je-mattaque-en-mai.jpg\" alt=\"Mur d'escalade Clematis\" width=\"2000\" height=\"1328\" loading=\"lazy\"  >\n            <\/div>\n<\/p><\/div>\n<p>Enfin, l&rsquo;escalade de vignes vivaces comme Clematis, Roses et Honeysuckle devrait sortir de leur sommeil \u00e0 ce stade, et vous voudrez vous assurer de les soutenir en les attachant librement \u00e0 leurs treillis pendant qu&rsquo;ils grimpent. <\/p>\n<h2 id=\"annual-flowers\">Fleurs annuelles<\/h2>\n<div class=\"eloquent-imagery-image\">\n<div class=\"flex justify-center\">\n                    <img decoding=\"async\" class=\"border border-gray-100\" src=\"https:\/\/vieassociative.be\/actualites\/wp-content\/uploads\/2025\/05\/1746623885_357_Toutes-les-taches-de-jardinage-que-je-mattaque-en-mai.jpg\" alt=\"Fleurs annuelles\" width=\"2000\" height=\"1036\" loading=\"lazy\"  >\n            <\/div>\n<\/p><\/div>\n<p>Il est enfin temps de mettre des annuelles dans le sol, qui fournissent des touches de couleur et peuvent durer tout l&rsquo;\u00e9t\u00e9 si vous les traitez correctement. <\/p>\n<p>Les jardineries devraient \u00eatre pleines de annuelles \u00e0 ce stade de l&rsquo;ann\u00e9e, notamment les p\u00e9tunias, les lobelia, les soucis et les b\u00e9gonias. Les annuelles sont un peu plus tendres que les vivaces, vous voulez donc attendre que vous ayez d\u00e9pass\u00e9 le risque de cong\u00e9lation pour planter. Les annuelles peuvent remplir une zone de couleur dans l&rsquo;espace et le temps entre les plantes du plan des plantes vivaces, et sont id\u00e9ales pour les bo\u00eetes \u00e0 fen\u00eatre et les jardini\u00e8res, o\u00f9 il pourrait \u00eatre difficile pour les annuelles de survivre \u00e0 l&rsquo;hiver. <\/p>\n<p>La plupart des paniers suspendus ont des annuels pour la m\u00eame raison &#8211; ils sont trop expos\u00e9s pour les vivaces ou quoi que ce soit d&rsquo;autre pour survivre \u00e0 l&rsquo;hiver. Assurez-vous que les lits dans lesquels vous plantez ont un engrais \u00e0 lib\u00e9ration lente comme l&rsquo;osmacote, et qu&rsquo;ils seront r\u00e9guli\u00e8rement arros\u00e9s. <\/p>\n<h2 id=\"perennial-flowers\">Fleurs vivaces<\/h2>\n<p>La plupart des gens auront des tulipes en fleurs ou simplement termin\u00e9es \u00e0 ce stade &#8211; n&rsquo;h\u00e9sitez pas \u00e0 ne pas les r\u00e9duire apr\u00e8s la floraison. Les tulipes ont besoin de leurs feuilles pour revenir l&rsquo;ann\u00e9e prochaine, alors laissez-les composter en place. Une fois le feuillage jauni, il est normal de diviser ou de d\u00e9placer les ampoules. Une fois que la tulipe a fleuri, c&rsquo;est le moment id\u00e9al pour un engrais bulbe, donc ils seront forts l&rsquo;ann\u00e9e prochaine. Vous pouvez \u00e9galement planter des ampoules estivales comme les dahlias et les cannas maintenant, si le risque de gel a disparu.<\/p>\n<div class=\"eloquent-imagery-image\">\n<div class=\"flex justify-center\">\n                    <img decoding=\"async\" class=\"border border-gray-100\" src=\"https:\/\/vieassociative.be\/actualites\/wp-content\/uploads\/2025\/05\/1746623885_836_Toutes-les-taches-de-jardinage-que-je-mattaque-en-mai.jpg\" alt=\"iris en fleurs\" width=\"2000\" height=\"1380\" loading=\"lazy\"  >\n            <\/div>\n<\/p><\/div>\n<p>Si vous n&rsquo;avez pas obtenu de nouvelles plantes vivaces en avril, vous pouvez toujours le faire maintenant, ou diviser les vivaces que vous avez. Le sol doit \u00eatre tr\u00e8s r\u00e9alisable maintenant, et vous remarquerez peut-\u00eatre quelles plantes sont pr\u00eates \u00e0 \u00eatre divis\u00e9es lorsque vous vous d\u00e9placez dans le jardin. Si vous souhaitez qu&rsquo;ils fleurissent cet \u00e9t\u00e9, vous voudrez faire cette t\u00e2che en mai. Lorsque vous plantez, assurez-vous que vous utilisez des engrais \u00e0 lib\u00e9ration lente dans le sol o\u00f9 vous plantez. <\/p>\n<div class=\"pogoClear relative my-10 border-b-(1.5px) border-t-(1.5px) border-dashed border-black py-5 sm:my-14 sm:border-0 sm:py-0\" data-ga-click data-ga-template=\"Explainers\" data-ga-module=\"openweb_widget\" data-ga-element=\"openweb_scroll\" data-ga-item=\"openweb_scroll_midpage\" x-cloak x-data=\"{ commentsCount: null, hasComments: false }\" x-init=\"commentsCount = await window.openweb.getMessagesCount(117434);\n     hasComments = commentsCount !== null &amp;&amp; commentsCount &gt; 0\"><\/p>\n<div class=\"absolute top-1\/2 hidden w-full -translate-y-1\/2 border-t-(1.5px) border-dashed border-black sm:block\"><\/div>\n<div class=\"relative flex justify-center\">\n<div class=\"flex max-w-max items-center gap-x-3 bg-white px-5\">\n<div class=\"relative\">\n                <span class=\"absolute left-1\/2 top-1\/2 -translate-x-1\/2 -translate-y-1\/2 font-akshar text-sm font-medium text-black\" x-show=\"hasComments\" x-text=\"commentsCount\"><\/span><\/p>\n<p>                <svg class=\"h-8 w-8 text-black\">\n                    <use href=\"http:\/\/lifehacker.com\/images\/icons\/spritemap.svg#sprite-chat-bubble\"><\/use>\n                <\/svg>\n            <\/div>\n<p>            <span class=\"text-sm font-medium text-black\"><\/p>\n<p>                Que pensez-vous jusqu&rsquo;\u00e0 pr\u00e9sent?<br \/>\n                <button class=\"font-semibold text-brand-green underline hover:text-brand-green-700\" onclick=\"window.openweb.scrollToComments('117434')\" x-text=\"hasComments ? 'Post a comment.' : 'Be the first to post a comment.'\"><\/button><br \/>\n            <\/span>\n        <\/div>\n<\/p><\/div>\n<\/div>\n<p>Cette p\u00e9riode de l&rsquo;ann\u00e9e, soyez vigilant pour v\u00e9rifier votre jardinerie, votre \u00e9picier et partout ailleurs qui a une \u00ab\u00a0triste \u00e9tag\u00e8re de plante\u00a0\u00bb (SPS). Les magasins r\u00e9duiront ces plantes qui ne semblent pas particuli\u00e8rement satisfaits \u00e0 50% ou plus, et parce que ce sont des vivaces, c&rsquo;est une affaire. Plantez-les comme vous le feriez pour les autres, et bien qu&rsquo;ils ne reviennent pas cette ann\u00e9e, ils le feront l&rsquo;ann\u00e9e prochaine. Les Delphiniums et Agastache sont mes trouvailles SPS pr\u00e9f\u00e9r\u00e9es. <\/p>\n<p>Vos roses ont besoin d&rsquo;un engrais printanier et peuvent avoir besoin d&rsquo;une mise en forme \u00e0 ce stade ou d&rsquo;une aide \u00e0 la fixation au treillis. Recherchez des signes de stress ou des parasites et assurez-vous de les traiter avec des traitements appropri\u00e9s. Votre centre de jardinage peut vous aider. <\/p>\n<h2 id=\"vegetables\">L\u00e9gumes<\/h2>\n<p>Sur l&rsquo;\u00e9v\u00e9nement principal! Les jardiniers \u00e0 travers le pays attendent le moment pr\u00e9cis pour mettre leurs tomates, poivrons et aubergines dans le sol, et ce mois-ci, ce jour arrivera. Ici, sur la c\u00f4te ouest, c&rsquo;est g\u00e9n\u00e9ralement la f\u00eate des m\u00e8res, mais ce que vous attendez r\u00e9ellement est des temps stables de plus de 50 degr\u00e9s. <\/p>\n<p>En cas de doute, rejoignez un groupe de jardinage local, car ce sera le principal sujet de conversation \u00e0 cette p\u00e9riode de l&rsquo;ann\u00e9e. Cela signifie qu&rsquo;il est temps de commencer \u00e0 durcir les l\u00e9gumes comme les tomates, les poivrons et les aubergines, le cas \u00e9ch\u00e9ant. <\/p>\n<div class=\"eloquent-imagery-image\">\n<div class=\"flex justify-center\">\n                    <img decoding=\"async\" class=\"border border-gray-100\" src=\"https:\/\/vieassociative.be\/actualites\/wp-content\/uploads\/2025\/05\/1746623885_391_Toutes-les-taches-de-jardinage-que-je-mattaque-en-mai.jpg\" alt=\"asperges poussant dans le jardin\" width=\"2000\" height=\"1310\" loading=\"lazy\"  >\n            <\/div>\n<\/p><\/div>\n<p>Les l\u00e9gumes vivaces comme les asperges et les artichauts devraient \u00eatre actifs maintenant. N&rsquo;oubliez pas de r\u00e9colter quotidiennement les asperges, ne prenant que des lances plus grandes que votre petit doigt. Une fois que les lances deviennent plus minces, il est temps de laisser la plante seule pour l&rsquo;ann\u00e9e prochaine. Surveillez vos plantes d&rsquo;artichaut pour les fourmis ou les infestations de pucerons, qui peuvent \u00eatre pulv\u00e9ris\u00e9es, mais reviendront sans autre traitement comme l&rsquo;huile de neem ou les fleurs de pi\u00e8ge \u00e0 proximit\u00e9 comme les nasturtiums. Les lits et les artichauts des asperges b\u00e9n\u00e9ficieront d&rsquo;un engrais printanier. <\/p>\n<div class=\"eloquent-imagery-image\">\n<div class=\"flex justify-center\">\n                    <img decoding=\"async\" class=\"border border-gray-100\" src=\"https:\/\/vieassociative.be\/actualites\/wp-content\/uploads\/2025\/05\/1746623885_737_Toutes-les-taches-de-jardinage-que-je-mattaque-en-mai.jpg\" alt=\"Nasturtiums Grows\" width=\"2000\" height=\"1343\" loading=\"lazy\"  >\n            <\/div>\n<\/p><\/div>\n<p>D&rsquo;ici la mi-mai \u00e0 la fin mai, presque toutes les r\u00e9gions devraient planter leurs cultures par temps chaud. Les tomates, les aubergines et les poivrons, mais aussi les haricots, le ma\u00efs, les concombres et tout le reste. Vos haricots et ma\u00efs peuvent \u00eatre class\u00e9s directs, tout comme le melon, la citrouille et la courge hivernale et d&rsquo;\u00e9t\u00e9, mais l&rsquo;utilisation de d\u00e9parts vous donnera une longueur d&rsquo;avance pour l&rsquo;\u00e9t\u00e9. <\/p>\n<p>Si vous avez plant\u00e9 des pommes de terre au printemps, il est probablement temps de monter la terre autour des germes. <\/p>\n<div class=\"eloquent-imagery-image\">\n<div class=\"flex justify-center\">\n                    <img decoding=\"async\" class=\"border border-gray-100\" src=\"https:\/\/vieassociative.be\/actualites\/wp-content\/uploads\/2025\/05\/1746623885_946_Toutes-les-taches-de-jardinage-que-je-mattaque-en-mai.jpg\" alt=\"Plants de fraise\" width=\"2000\" height=\"878\" loading=\"lazy\"  >\n            <\/div>\n<\/p><\/div>\n<p>\u00c9clairciez vos lits de fraises de coureurs et donnez \u00e0 vos lits aux fraises un saupoudrage d&rsquo;engrais. Les plantes aux fraises peuvent soit concentrer leur \u00e9nergie sur la production de ces coureurs ou sur les fruits, mais ne sont pas tr\u00e8s dou\u00e9s pour faire les deux. Chaque printemps, les lits doivent \u00eatre \u00e9clair\u00e9s pour cr\u00e9er des fruits meilleurs et plus grands. Vous pouvez donner les coureurs ou les planter ailleurs. <\/p>\n<h2 id=\"pest-control\">Lutte antiparasitaire<\/h2>\n<p>R\u00e9duisez les populations d&rsquo;escargots et de limaces en \u00e9teignant des pi\u00e8ges et en faisant des chasses en soir\u00e9e r\u00e9guli\u00e8res. Faire cela maintenant, comme les pluies cessent, r\u00e9duiront consid\u00e9rablement les probl\u00e8mes plus tard cet \u00e9t\u00e9. Accrochez maintenant des pi\u00e8ges \u00e0 ph\u00e9romones dans vos arbres fruitiers, qui contr\u00f4leront les ravageurs cet \u00e9t\u00e9 et prot\u00e9geront vos fruits. <\/p>\n","protected":false},"excerpt":{"rendered":"<p>Il est temps de pr\u00e9parer le terrain pour le reste du printemps et de l&rsquo;\u00e9t\u00e9. Il n&rsquo;y a pas d&rsquo;endroit plus joyeux qu&rsquo;un jardinerie en<\/p>\n","protected":false},"author":1,"featured_media":7369,"comment_status":"","ping_status":"","sticky":false,"template":"","format":"standard","meta":{"footnotes":""},"categories":[40],"tags":[5690,14,3160,6865,2830,62],"class_list":["post-7368","post","type-post","status-publish","format-standard","has-post-thumbnail","hentry","category-maison","tag-jardinage","tag-les","tag-mai","tag-mattaque","tag-taches","tag-toutes","generate-columns","tablet-grid-50","mobile-grid-100","grid-parent","grid-33"],"yoast_head":"<!-- This site is optimized with the Yoast SEO plugin v24.0 - https:\/\/yoast.com\/wordpress\/plugins\/seo\/ -->\n<title>Toutes les t\u00e2ches de jardinage que je m&#039;attaque en mai | Vie Associative<\/title>\n<meta name=\"robots\" content=\"index, follow, max-snippet:-1, max-image-preview:large, max-video-preview:-1\" \/>\n<link rel=\"canonical\" href=\"https:\/\/vieassociative.be\/actualites\/toutes-les-taches-de-jardinage-que-je-mattaque-en-mai\/\" \/>\n<meta property=\"og:locale\" content=\"fr_FR\" \/>\n<meta property=\"og:type\" content=\"article\" \/>\n<meta property=\"og:title\" content=\"Toutes les t\u00e2ches de jardinage que je m&#039;attaque en mai | Vie Associative\" \/>\n<meta property=\"og:description\" content=\"Il est temps de pr\u00e9parer le terrain pour le reste du printemps et de l&rsquo;\u00e9t\u00e9. Il n&rsquo;y a pas d&rsquo;endroit plus joyeux qu&rsquo;un jardinerie en\" \/>\n<meta property=\"og:url\" content=\"https:\/\/vieassociative.be\/actualites\/toutes-les-taches-de-jardinage-que-je-mattaque-en-mai\/\" \/>\n<meta property=\"og:site_name\" content=\"Vie Associative\" \/>\n<meta property=\"article:published_time\" content=\"2025-05-07T13:18:05+00:00\" \/>\n<meta property=\"og:image\" content=\"https:\/\/vieassociative.be\/actualites\/wp-content\/uploads\/2025\/05\/Toutes-les-taches-de-jardinage-que-je-mattaque-en-mai.jpg\" \/>\n<meta name=\"author\" content=\"Julien\" \/>\n<meta name=\"twitter:card\" content=\"summary_large_image\" \/>\n<meta name=\"twitter:label1\" content=\"\u00c9crit par\" \/>\n\t<meta name=\"twitter:data1\" content=\"Julien\" \/>\n\t<meta name=\"twitter:label2\" content=\"Dur\u00e9e de lecture est.\" \/>\n\t<meta name=\"twitter:data2\" content=\"8 minutes\" \/>\n<script type=\"application\/ld+json\" class=\"yoast-schema-graph\">{\"@context\":\"https:\/\/schema.org\",\"@graph\":[{\"@type\":\"Article\",\"@id\":\"https:\/\/vieassociative.be\/actualites\/toutes-les-taches-de-jardinage-que-je-mattaque-en-mai\/#article\",\"isPartOf\":{\"@id\":\"https:\/\/vieassociative.be\/actualites\/toutes-les-taches-de-jardinage-que-je-mattaque-en-mai\/\"},\"author\":{\"name\":\"Julien\",\"@id\":\"https:\/\/vieassociative.be\/actualites\/#\/schema\/person\/b87ac4f82f9d4e7b7cec7395b679edc4\"},\"headline\":\"Toutes les t\u00e2ches de jardinage que je m&rsquo;attaque en mai\",\"datePublished\":\"2025-05-07T13:18:05+00:00\",\"dateModified\":\"2025-05-07T13:18:05+00:00\",\"mainEntityOfPage\":{\"@id\":\"https:\/\/vieassociative.be\/actualites\/toutes-les-taches-de-jardinage-que-je-mattaque-en-mai\/\"},\"wordCount\":1708,\"publisher\":{\"@id\":\"https:\/\/vieassociative.be\/actualites\/#organization\"},\"image\":{\"@id\":\"https:\/\/vieassociative.be\/actualites\/toutes-les-taches-de-jardinage-que-je-mattaque-en-mai\/#primaryimage\"},\"thumbnailUrl\":\"https:\/\/vieassociative.be\/actualites\/wp-content\/uploads\/2025\/05\/1746623885_Toutes-les-taches-de-jardinage-que-je-mattaque-en-mai.jpg\",\"keywords\":[\"jardinage\",\"Les\",\"mai\",\"mattaque\",\"t\u00e2ches\",\"toutes\"],\"articleSection\":[\"Maison\"],\"inLanguage\":\"fr-BE\"},{\"@type\":\"WebPage\",\"@id\":\"https:\/\/vieassociative.be\/actualites\/toutes-les-taches-de-jardinage-que-je-mattaque-en-mai\/\",\"url\":\"https:\/\/vieassociative.be\/actualites\/toutes-les-taches-de-jardinage-que-je-mattaque-en-mai\/\",\"name\":\"Toutes les t\u00e2ches de jardinage que je m'attaque en mai | Vie Associative\",\"isPartOf\":{\"@id\":\"https:\/\/vieassociative.be\/actualites\/#website\"},\"primaryImageOfPage\":{\"@id\":\"https:\/\/vieassociative.be\/actualites\/toutes-les-taches-de-jardinage-que-je-mattaque-en-mai\/#primaryimage\"},\"image\":{\"@id\":\"https:\/\/vieassociative.be\/actualites\/toutes-les-taches-de-jardinage-que-je-mattaque-en-mai\/#primaryimage\"},\"thumbnailUrl\":\"https:\/\/vieassociative.be\/actualites\/wp-content\/uploads\/2025\/05\/1746623885_Toutes-les-taches-de-jardinage-que-je-mattaque-en-mai.jpg\",\"datePublished\":\"2025-05-07T13:18:05+00:00\",\"dateModified\":\"2025-05-07T13:18:05+00:00\",\"breadcrumb\":{\"@id\":\"https:\/\/vieassociative.be\/actualites\/toutes-les-taches-de-jardinage-que-je-mattaque-en-mai\/#breadcrumb\"},\"inLanguage\":\"fr-BE\",\"potentialAction\":[{\"@type\":\"ReadAction\",\"target\":[\"https:\/\/vieassociative.be\/actualites\/toutes-les-taches-de-jardinage-que-je-mattaque-en-mai\/\"]}]},{\"@type\":\"ImageObject\",\"inLanguage\":\"fr-BE\",\"@id\":\"https:\/\/vieassociative.be\/actualites\/toutes-les-taches-de-jardinage-que-je-mattaque-en-mai\/#primaryimage\",\"url\":\"https:\/\/vieassociative.be\/actualites\/wp-content\/uploads\/2025\/05\/1746623885_Toutes-les-taches-de-jardinage-que-je-mattaque-en-mai.jpg\",\"contentUrl\":\"https:\/\/vieassociative.be\/actualites\/wp-content\/uploads\/2025\/05\/1746623885_Toutes-les-taches-de-jardinage-que-je-mattaque-en-mai.jpg\",\"width\":1200,\"height\":675,\"caption\":\"Toutes les t\u00e2ches de jardinage que je m'attaque en mai\"},{\"@type\":\"BreadcrumbList\",\"@id\":\"https:\/\/vieassociative.be\/actualites\/toutes-les-taches-de-jardinage-que-je-mattaque-en-mai\/#breadcrumb\",\"itemListElement\":[{\"@type\":\"ListItem\",\"position\":1,\"name\":\"Accueil\",\"item\":\"https:\/\/vieassociative.be\/actualites\/\"},{\"@type\":\"ListItem\",\"position\":2,\"name\":\"Toutes les t\u00e2ches de jardinage que je m&rsquo;attaque en mai\"}]},{\"@type\":\"WebSite\",\"@id\":\"https:\/\/vieassociative.be\/actualites\/#website\",\"url\":\"https:\/\/vieassociative.be\/actualites\/\",\"name\":\"Vie Associative\",\"description\":\"\",\"publisher\":{\"@id\":\"https:\/\/vieassociative.be\/actualites\/#organization\"},\"potentialAction\":[{\"@type\":\"SearchAction\",\"target\":{\"@type\":\"EntryPoint\",\"urlTemplate\":\"https:\/\/vieassociative.be\/actualites\/?s={search_term_string}\"},\"query-input\":{\"@type\":\"PropertyValueSpecification\",\"valueRequired\":true,\"valueName\":\"search_term_string\"}}],\"inLanguage\":\"fr-BE\"},{\"@type\":\"Organization\",\"@id\":\"https:\/\/vieassociative.be\/actualites\/#organization\",\"name\":\"Vie Associative\",\"url\":\"https:\/\/vieassociative.be\/actualites\/\",\"logo\":{\"@type\":\"ImageObject\",\"inLanguage\":\"fr-BE\",\"@id\":\"https:\/\/vieassociative.be\/actualites\/#\/schema\/logo\/image\/\",\"url\":\"https:\/\/vieassociative.be\/actualites\/wp-content\/uploads\/2024\/09\/cropped-vieassociative_favicon.ico.png\",\"contentUrl\":\"https:\/\/vieassociative.be\/actualites\/wp-content\/uploads\/2024\/09\/cropped-vieassociative_favicon.ico.png\",\"width\":512,\"height\":512,\"caption\":\"Vie Associative\"},\"image\":{\"@id\":\"https:\/\/vieassociative.be\/actualites\/#\/schema\/logo\/image\/\"}},{\"@type\":\"Person\",\"@id\":\"https:\/\/vieassociative.be\/actualites\/#\/schema\/person\/b87ac4f82f9d4e7b7cec7395b679edc4\",\"name\":\"Julien\",\"image\":{\"@type\":\"ImageObject\",\"inLanguage\":\"fr-BE\",\"@id\":\"https:\/\/vieassociative.be\/actualites\/#\/schema\/person\/image\/\",\"url\":\"https:\/\/vieassociative.be\/actualites\/wp-content\/uploads\/2024\/09\/vie-associative-1-150x150.jpg\",\"contentUrl\":\"https:\/\/vieassociative.be\/actualites\/wp-content\/uploads\/2024\/09\/vie-associative-1-150x150.jpg\",\"caption\":\"Julien\"},\"description\":\"Je suis Julien, r\u00e9dacteur pour Vie Associative. Passionn\u00e9 par le monde associatif depuis plus de 10 ans, j'ai \u00e0 c\u0153ur de partager des histoires inspirantes et de mettre en lumi\u00e8re les initiatives locales. Mon objectif est de sensibiliser et d'encourager l'engagement communautaire \u00e0 travers mes articles.\",\"sameAs\":[\"https:\/\/vieassociative.be\/\"]}]}<\/script>\n<!-- \/ Yoast SEO plugin. -->","yoast_head_json":{"title":"Toutes les t\u00e2ches de jardinage que je m'attaque en mai | Vie Associative","robots":{"index":"index","follow":"follow","max-snippet":"max-snippet:-1","max-image-preview":"max-image-preview:large","max-video-preview":"max-video-preview:-1"},"canonical":"https:\/\/vieassociative.be\/actualites\/toutes-les-taches-de-jardinage-que-je-mattaque-en-mai\/","og_locale":"fr_FR","og_type":"article","og_title":"Toutes les t\u00e2ches de jardinage que je m'attaque en mai | Vie Associative","og_description":"Il est temps de pr\u00e9parer le terrain pour le reste du printemps et de l&rsquo;\u00e9t\u00e9. Il n&rsquo;y a pas d&rsquo;endroit plus joyeux qu&rsquo;un jardinerie en","og_url":"https:\/\/vieassociative.be\/actualites\/toutes-les-taches-de-jardinage-que-je-mattaque-en-mai\/","og_site_name":"Vie Associative","article_published_time":"2025-05-07T13:18:05+00:00","og_image":[{"url":"https:\/\/vieassociative.be\/actualites\/wp-content\/uploads\/2025\/05\/Toutes-les-taches-de-jardinage-que-je-mattaque-en-mai.jpg","type":"","width":"","height":""}],"author":"Julien","twitter_card":"summary_large_image","twitter_misc":{"\u00c9crit par":"Julien","Dur\u00e9e de lecture est.":"8 minutes"},"schema":{"@context":"https:\/\/schema.org","@graph":[{"@type":"Article","@id":"https:\/\/vieassociative.be\/actualites\/toutes-les-taches-de-jardinage-que-je-mattaque-en-mai\/#article","isPartOf":{"@id":"https:\/\/vieassociative.be\/actualites\/toutes-les-taches-de-jardinage-que-je-mattaque-en-mai\/"},"author":{"name":"Julien","@id":"https:\/\/vieassociative.be\/actualites\/#\/schema\/person\/b87ac4f82f9d4e7b7cec7395b679edc4"},"headline":"Toutes les t\u00e2ches de jardinage que je m&rsquo;attaque en mai","datePublished":"2025-05-07T13:18:05+00:00","dateModified":"2025-05-07T13:18:05+00:00","mainEntityOfPage":{"@id":"https:\/\/vieassociative.be\/actualites\/toutes-les-taches-de-jardinage-que-je-mattaque-en-mai\/"},"wordCount":1708,"publisher":{"@id":"https:\/\/vieassociative.be\/actualites\/#organization"},"image":{"@id":"https:\/\/vieassociative.be\/actualites\/toutes-les-taches-de-jardinage-que-je-mattaque-en-mai\/#primaryimage"},"thumbnailUrl":"https:\/\/vieassociative.be\/actualites\/wp-content\/uploads\/2025\/05\/1746623885_Toutes-les-taches-de-jardinage-que-je-mattaque-en-mai.jpg","keywords":["jardinage","Les","mai","mattaque","t\u00e2ches","toutes"],"articleSection":["Maison"],"inLanguage":"fr-BE"},{"@type":"WebPage","@id":"https:\/\/vieassociative.be\/actualites\/toutes-les-taches-de-jardinage-que-je-mattaque-en-mai\/","url":"https:\/\/vieassociative.be\/actualites\/toutes-les-taches-de-jardinage-que-je-mattaque-en-mai\/","name":"Toutes les t\u00e2ches de jardinage que je m'attaque en mai | Vie Associative","isPartOf":{"@id":"https:\/\/vieassociative.be\/actualites\/#website"},"primaryImageOfPage":{"@id":"https:\/\/vieassociative.be\/actualites\/toutes-les-taches-de-jardinage-que-je-mattaque-en-mai\/#primaryimage"},"image":{"@id":"https:\/\/vieassociative.be\/actualites\/toutes-les-taches-de-jardinage-que-je-mattaque-en-mai\/#primaryimage"},"thumbnailUrl":"https:\/\/vieassociative.be\/actualites\/wp-content\/uploads\/2025\/05\/1746623885_Toutes-les-taches-de-jardinage-que-je-mattaque-en-mai.jpg","datePublished":"2025-05-07T13:18:05+00:00","dateModified":"2025-05-07T13:18:05+00:00","breadcrumb":{"@id":"https:\/\/vieassociative.be\/actualites\/toutes-les-taches-de-jardinage-que-je-mattaque-en-mai\/#breadcrumb"},"inLanguage":"fr-BE","potentialAction":[{"@type":"ReadAction","target":["https:\/\/vieassociative.be\/actualites\/toutes-les-taches-de-jardinage-que-je-mattaque-en-mai\/"]}]},{"@type":"ImageObject","inLanguage":"fr-BE","@id":"https:\/\/vieassociative.be\/actualites\/toutes-les-taches-de-jardinage-que-je-mattaque-en-mai\/#primaryimage","url":"https:\/\/vieassociative.be\/actualites\/wp-content\/uploads\/2025\/05\/1746623885_Toutes-les-taches-de-jardinage-que-je-mattaque-en-mai.jpg","contentUrl":"https:\/\/vieassociative.be\/actualites\/wp-content\/uploads\/2025\/05\/1746623885_Toutes-les-taches-de-jardinage-que-je-mattaque-en-mai.jpg","width":1200,"height":675,"caption":"Toutes les t\u00e2ches de jardinage que je m'attaque en mai"},{"@type":"BreadcrumbList","@id":"https:\/\/vieassociative.be\/actualites\/toutes-les-taches-de-jardinage-que-je-mattaque-en-mai\/#breadcrumb","itemListElement":[{"@type":"ListItem","position":1,"name":"Accueil","item":"https:\/\/vieassociative.be\/actualites\/"},{"@type":"ListItem","position":2,"name":"Toutes les t\u00e2ches de jardinage que je m&rsquo;attaque en mai"}]},{"@type":"WebSite","@id":"https:\/\/vieassociative.be\/actualites\/#website","url":"https:\/\/vieassociative.be\/actualites\/","name":"Vie Associative","description":"","publisher":{"@id":"https:\/\/vieassociative.be\/actualites\/#organization"},"potentialAction":[{"@type":"SearchAction","target":{"@type":"EntryPoint","urlTemplate":"https:\/\/vieassociative.be\/actualites\/?s={search_term_string}"},"query-input":{"@type":"PropertyValueSpecification","valueRequired":true,"valueName":"search_term_string"}}],"inLanguage":"fr-BE"},{"@type":"Organization","@id":"https:\/\/vieassociative.be\/actualites\/#organization","name":"Vie Associative","url":"https:\/\/vieassociative.be\/actualites\/","logo":{"@type":"ImageObject","inLanguage":"fr-BE","@id":"https:\/\/vieassociative.be\/actualites\/#\/schema\/logo\/image\/","url":"https:\/\/vieassociative.be\/actualites\/wp-content\/uploads\/2024\/09\/cropped-vieassociative_favicon.ico.png","contentUrl":"https:\/\/vieassociative.be\/actualites\/wp-content\/uploads\/2024\/09\/cropped-vieassociative_favicon.ico.png","width":512,"height":512,"caption":"Vie Associative"},"image":{"@id":"https:\/\/vieassociative.be\/actualites\/#\/schema\/logo\/image\/"}},{"@type":"Person","@id":"https:\/\/vieassociative.be\/actualites\/#\/schema\/person\/b87ac4f82f9d4e7b7cec7395b679edc4","name":"Julien","image":{"@type":"ImageObject","inLanguage":"fr-BE","@id":"https:\/\/vieassociative.be\/actualites\/#\/schema\/person\/image\/","url":"https:\/\/vieassociative.be\/actualites\/wp-content\/uploads\/2024\/09\/vie-associative-1-150x150.jpg","contentUrl":"https:\/\/vieassociative.be\/actualites\/wp-content\/uploads\/2024\/09\/vie-associative-1-150x150.jpg","caption":"Julien"},"description":"Je suis Julien, r\u00e9dacteur pour Vie Associative. Passionn\u00e9 par le monde associatif depuis plus de 10 ans, j'ai \u00e0 c\u0153ur de partager des histoires inspirantes et de mettre en lumi\u00e8re les initiatives locales. Mon objectif est de sensibiliser et d'encourager l'engagement communautaire \u00e0 travers mes articles.","sameAs":["https:\/\/vieassociative.be\/"]}]}},"_links":{"self":[{"href":"https:\/\/vieassociative.be\/actualites\/wp-json\/wp\/v2\/posts\/7368"}],"collection":[{"href":"https:\/\/vieassociative.be\/actualites\/wp-json\/wp\/v2\/posts"}],"about":[{"href":"https:\/\/vieassociative.be\/actualites\/wp-json\/wp\/v2\/types\/post"}],"author":[{"embeddable":true,"href":"https:\/\/vieassociative.be\/actualites\/wp-json\/wp\/v2\/users\/1"}],"replies":[{"embeddable":true,"href":"https:\/\/vieassociative.be\/actualites\/wp-json\/wp\/v2\/comments?post=7368"}],"version-history":[{"count":0,"href":"https:\/\/vieassociative.be\/actualites\/wp-json\/wp\/v2\/posts\/7368\/revisions"}],"wp:featuredmedia":[{"embeddable":true,"href":"https:\/\/vieassociative.be\/actualites\/wp-json\/wp\/v2\/media\/7369"}],"wp:attachment":[{"href":"https:\/\/vieassociative.be\/actualites\/wp-json\/wp\/v2\/media?parent=7368"}],"wp:term":[{"taxonomy":"category","embeddable":true,"href":"https:\/\/vieassociative.be\/actualites\/wp-json\/wp\/v2\/categories?post=7368"},{"taxonomy":"post_tag","embeddable":true,"href":"https:\/\/vieassociative.be\/actualites\/wp-json\/wp\/v2\/tags?post=7368"}],"curies":[{"name":"wp","href":"https:\/\/api.w.org\/{rel}","templated":true}]}}