{"id":7366,"date":"2025-05-07T12:18:58","date_gmt":"2025-05-07T10:18:58","guid":{"rendered":"https:\/\/vieassociative.be\/actualites\/vous-ne-saurez-jamais-a-quel-point-votre-tracker-de-fitness-est-precis-et-cest-ok\/"},"modified":"2025-05-07T12:18:58","modified_gmt":"2025-05-07T10:18:58","slug":"vous-ne-saurez-jamais-a-quel-point-votre-tracker-de-fitness-est-precis-et-cest-ok","status":"publish","type":"post","link":"https:\/\/vieassociative.be\/actualites\/vous-ne-saurez-jamais-a-quel-point-votre-tracker-de-fitness-est-precis-et-cest-ok\/","title":{"rendered":"Vous ne saurez jamais \u00e0 quel point votre tracker de fitness est pr\u00e9cis, et c&rsquo;est OK"},"content":{"rendered":"<div class=\"mt-4 leading-6 md:mb-8\">La science n&rsquo;a pas une chance \u00e9quitable d&rsquo;\u00e9tudier les appareils avant de devenir obsol\u00e8tes.<\/div>\n<p><\/p>\n<p>L&rsquo;attrait des montres intelligentes de suivi du fitness est qu&rsquo;ils ont toutes les r\u00e9ponses. Ils transforment les secrets imp\u00e9n\u00e9rables de nos corps spongieux en nombres difficiles que nous pouvons lire et analyser clairement. Mais nous nous trompons si nous croyions que nos montres intelligentes disent toujours la v\u00e9rit\u00e9. Selon une nouvelle analyse scientifique, non seulement les appareils portables se trompent souvent, mais il n&rsquo;est peut-\u00eatre pas possible de savoir \u00e0 quel point ils sont pr\u00e9cis.<\/p>\n<p>Ce ne sera pas une nouvelle choquante pour les lecteurs de longue date de Vie Associative. Nous avons discut\u00e9 du fait que certaines mesures de monnaie intelligente sont plus fiables que d&rsquo;autres, et que les calories Burn sont l&rsquo;une des plus pr\u00e9cises. D&rsquo;un autre c\u00f4t\u00e9, la variabilit\u00e9 de la fr\u00e9quence cardiaque montre des nombres bruts diff\u00e9rents d&rsquo;un appareil \u00e0 un autre, mais les principaux appareils ax\u00e9s sur la r\u00e9cup\u00e9ration parviennent tous \u00e0 capturer la m\u00eame tendance approximative &#8211; si vous faites confiance \u00e0 mon \u00e9tude de homebrew avec une taille d&rsquo;\u00e9chantillon d&rsquo;une. <\/p>\n<p>Alors, que savons-nous de l&rsquo;exactitude des montres intelligentes sur le march\u00e9, et pourquoi est-il si difficile de r\u00e9pondre \u00e0 cette question? C&rsquo;est le probl\u00e8me que l&rsquo;analyse r\u00e9cente, d&rsquo;un groupe de scientifiques du sport et de scientifiques des donn\u00e9es en Irlande, a d\u00e9cid\u00e9 de r\u00e9pondre. Il s&rsquo;agit d&rsquo;une revue parapluie &#8211; une \u00e9tude des \u00e9tudes d&rsquo;\u00e9tudes &#8211; qui visait \u00e0 collecter toutes les donn\u00e9es publi\u00e9es pertinentes sur les appareils portables grand public. Voici quelques-uns de ce qu&rsquo;ils ont appris.<\/p>\n<h2 id=\"studies-are-out-of-date-as-soon-as-theyre-published\">Les \u00e9tudes sont obsol\u00e8tes d\u00e8s leur publication<\/h2>\n<p>On pourrait penser que quelqu&rsquo;un chez Apple ou Garmin ou Fitbit ferait des \u00e9tudes approfondies sur sa technologie avant de la remettre au public. Et ils le font probablement, en interne, mais leur objectif est de lancer et de vendre un produit &#8211; sans valider l&rsquo;exactitude de leur produit par rapport aux autres. <\/p>\n<p>Les \u00e9tudes que nous avons sont g\u00e9n\u00e9ralement r\u00e9alis\u00e9es par des scientifiques, et ils commencent <em>apr\u00e8s<\/em> Les appareils portables arrivent sur le march\u00e9. Il faut g\u00e9n\u00e9ralement au moins deux ans pour mener une \u00e9tude sur une toute nouvelle smartwatch et la publier. D&rsquo;ici l\u00e0, cette smartwatch n&rsquo;est plus si neuve. <\/p>\n<p>Cette nouvelle analyse, publi\u00e9e en juillet 2024, a utilis\u00e9 les m\u00e9ta-analyses les plus r\u00e9centes disponibles, qui \u00e0 leur tour ont utilis\u00e9 les \u00e9tudes les plus r\u00e9centes <em>ils<\/em> avait disponible. Et quels mod\u00e8les de montres de fitness ont-ils inclus? J&rsquo;ai parcouru les tables suppl\u00e9mentaires pour les nouveaux mod\u00e8les de chaque marque principale. Ils comprenaient:<\/p>\n<ul>\n<li>\n<p>Charge de Fitbit 4 (la charge 6 lanc\u00e9e l&rsquo;ann\u00e9e derni\u00e8re)<\/p>\n<\/li>\n<li>\n<p>Apple Watch Series 6 (la plus r\u00e9cente est la s\u00e9rie 9, \u00e0 nouveau lanc\u00e9e l&rsquo;ann\u00e9e derni\u00e8re aux c\u00f4t\u00e9s de l&rsquo;Ultra 2) <\/p>\n<\/li>\n<li>\n<p>Garmin&rsquo;s Fenix \u200b\u200b5 (le Fenix \u200b\u200b8 vient de sortir)<\/p>\n<\/li>\n<li>\n<p>Le pr\u00e9curseur de Garmin 245 (toujours populaire, pour \u00eatre juste, mais les 255 et 265 ont \u00e9t\u00e9 lanc\u00e9s depuis lors; le 265 a d\u00e9j\u00e0 un an et demi)<\/p>\n<\/li>\n<li>\n<p>Notre anneau de g\u00e9n\u00e9ration 2 de notre (c&rsquo;est jusqu&rsquo;\u00e0 Gen3 maintenant)<\/p>\n<\/li>\n<li>\n<p>Whoop 3.0 (le mod\u00e8le actuel est 4.0) <\/p>\n<\/li>\n<\/ul>\n<p>Donc, si vous voulez savoir comment l&rsquo;Apple Watch Ultra 2 se compare \u00e0 la charge 6, ou au pr\u00e9curseur 265, ou Whoop 4.0, vous devrez attendre quelques ann\u00e9es de plus &#8211; et \u00e0 ce moment-l\u00e0, tout aura augment\u00e9 un autre num\u00e9ro de version ou deux.<\/p>\n<h2 id=\"accuracy-studies-arent-done-in-consistent-ways\">Les \u00e9tudes de pr\u00e9cision ne sont pas r\u00e9alis\u00e9es de mani\u00e8re coh\u00e9rente<\/h2>\n<p>Les \u00e9tudes sont \u00e9galement si vari\u00e9es qu&rsquo;il est difficile de les comparer les uns aux autres, m\u00eame si vous \u00eates int\u00e9ress\u00e9 \u00e0 apprendre les anciens mod\u00e8les d&rsquo;appareils. La revue des parapluies a r\u00e9v\u00e9l\u00e9 que la plupart de leurs \u00e9tudes ont sous-estim\u00e9 la fr\u00e9quence cardiaque et ont surestim\u00e9 le temps de sommeil, par exemple, mais les auteurs ont conclu qu&rsquo;ils ne pouvaient pas vraiment dire les v\u00eatements portables <em>en g\u00e9n\u00e9ral<\/em> surestimer et sous-estimer ces choses. Les \u00e9tudes \u00e9taient trop diff\u00e9rentes les unes des autres, chacune \u00e9valuant une poign\u00e9e de dispositifs et utilisant rarement les m\u00eames m\u00e9triques standard pour les comparer. <\/p>\n<div class=\"pogoClear relative my-10 border-b-(1.5px) border-t-(1.5px) border-dashed border-black py-5 sm:my-14 sm:border-0 sm:py-0\" data-ga-click data-ga-template=\"Explainers\" data-ga-module=\"openweb_widget\" data-ga-element=\"openweb_scroll\" data-ga-item=\"openweb_scroll_midpage\" x-cloak x-data=\"{ commentsCount: null, hasComments: false }\" x-init=\"commentsCount = await window.openweb.getMessagesCount(119480);\n     hasComments = commentsCount !== null &amp;&amp; commentsCount &gt; 0\"><\/p>\n<div class=\"absolute top-1\/2 hidden w-full -translate-y-1\/2 border-t-(1.5px) border-dashed border-black sm:block\"><\/div>\n<div class=\"relative flex justify-center\">\n<div class=\"flex max-w-max items-center gap-x-3 bg-white px-5\">\n<div class=\"relative\">\n                <span class=\"absolute left-1\/2 top-1\/2 -translate-x-1\/2 -translate-y-1\/2 font-akshar text-sm font-medium text-black\" x-show=\"hasComments\" x-text=\"commentsCount\"><\/span><\/p>\n<p>                <svg class=\"h-8 w-8 text-black\">\n                    <use href=\"http:\/\/lifehacker.com\/images\/icons\/spritemap.svg#sprite-chat-bubble\"><\/use>\n                <\/svg>\n            <\/div>\n<p>            <span class=\"text-sm font-medium text-black\"><\/p>\n<p>                Que pensez-vous jusqu&rsquo;\u00e0 pr\u00e9sent?<br \/>\n                <button class=\"font-semibold text-brand-green underline hover:text-brand-green-700\" onclick=\"window.openweb.scrollToComments('119480')\" x-text=\"hasComments ? 'Post a comment.' : 'Be the first to post a comment.'\"><\/button><br \/>\n            <\/span>\n        <\/div>\n<\/p><\/div>\n<\/div>\n<p>\u00ab\u00a0Cette revue des parapluies r\u00e9v\u00e8le la variabilit\u00e9 complexe entre les appareils, les r\u00e9sultats, les contextes des utilisateurs et les normes de r\u00e9f\u00e9rence\u00a0\u00bb, ont \u00e9crit les auteurs, \u00ab\u00a0en faisant une \u00e9valuation d\u00e9finitive de la pr\u00e9cision des appareils portables.\u00a0\u00bb En d&rsquo;autres termes: nous n&rsquo;avons pas les donn\u00e9es pour r\u00e9pondre aux questions que vous posez lorsque vous allez acheter un nouvel appareil.<\/p>\n<h2 id=\"which-metrics-fared-the-best-and-worst\">Quelles mesures se sont compl\u00e9t\u00e9es par le meilleur et le pire? <\/h2>\n<p>Pourtant, si nous pouvons prendre les r\u00e9sultats avec d&rsquo;\u00e9normes grains de sel, je pense que cela vaut toujours la peine de regarder ce que la revue du parapluie a trouv\u00e9. Ce sont quelques points communs, bien que nous ne puissions certainement pas dire qu&rsquo;ils sont universellement vrais: <\/p>\n<ul>\n<li>\n<p><strong>Rythme cardiaque<\/strong> \u00e9tait g\u00e9n\u00e9ralement correct \u00e0 +\/- 3% de la valeur r\u00e9elle. Ce n&rsquo;est pas mal, mais quand m\u00eame, une fen\u00eatre de 6% est un peu beaucoup lorsque vous essayez de garder votre fr\u00e9quence cardiaque dans une zone de 10 points. <\/p>\n<\/li>\n<li>\n<p><strong>Variabilit\u00e9 de la fr\u00e9quence cardiaque<\/strong> \u00e9tait \u00abtr\u00e8s bon \u00e0 excellent\u00bb lorsque des lectures ont \u00e9t\u00e9 prises au repos, mais la pr\u00e9cision a chut\u00e9 lorsque des lectures ont \u00e9t\u00e9 prises en mouvement. <\/p>\n<\/li>\n<li>\n<p><strong>D\u00e9pense \u00e9nerg\u00e9tique (br\u00fblure calorique)<\/strong> n&rsquo;\u00e9tait pas g\u00e9nial, ce que nous savions d\u00e9j\u00e0. Parfois, les dispositifs sous-estim\u00e9s de 21%, parfois ils ont surestim\u00e9 de 14%. <\/p>\n<\/li>\n<li>\n<p><strong>Comptes de pas <\/strong>\u00e9taient \u00e9galement assez variables, allant de 9% de moins que le nombre r\u00e9el, \u00e0 12% plus.<\/p>\n<\/li>\n<li>\n<p><strong>Dur\u00e9e du sommeil<\/strong> \u00e9tait g\u00e9n\u00e9ralement surestim\u00e9, et <strong>latence du sommeil<\/strong> (Combien de temps il vous faut pour vous endormir) a g\u00e9n\u00e9ralement \u00e9t\u00e9 sous-estim\u00e9.<\/p>\n<\/li>\n<\/ul>\n<h2 id=\"its-more-important-to-ask-if-something-is-useful-than-if-its-accurate\">Il est plus important de demander si quelque chose est utile que s&rsquo;il est exact<\/h2>\n<p>Honn\u00eatement, je ne juge pas les appareils portables pour savoir s&rsquo;ils sont exacts, seulement s&rsquo;ils <em>utile<\/em>. Vous vous souvenez peut-\u00eatre de ma comparaison de Whoop, Garmin et Oura que chacun des trois appareils a signal\u00e9 diff\u00e9rents nombres bruts pour la fr\u00e9quence cardiaque au repos et la variabilit\u00e9 de la fr\u00e9quence cardiaque, mais ils ont tous \u00e9t\u00e9 en mesure de suivre la m\u00eame tendance, me donnant sans doute des informations utiles sur le moment o\u00f9 mon corps \u00e9tait bien repos\u00e9 et bien r\u00e9cup\u00e9r\u00e9, par rapport \u00e0 ce qu&rsquo;il ne l&rsquo;\u00e9tait pas. <\/p>\n<p>Cet \u0153il vers l&rsquo;utilit\u00e9 est la raison pour laquelle j&rsquo;essaie de d\u00e9tourner les gens de pr\u00eater attention \u00e0 leur br\u00fblure calorique. Si vous voulez vraiment savoir combien de calories manger pour maintenir votre poids, vous \u00eates mieux \u00e0 suivre le nombre de calories que vous mangez ainsi que le suivi de votre poids. De m\u00eame, au lieu de suivre aveugl\u00e9ment une estimation d&rsquo;une montre quant \u00e0 savoir si vous \u00eates dans la zone 2 lorsque vous faites de l&rsquo;exercice, vous pouvez utiliser d&rsquo;autres indices comme votre respiration et votre monologue interne (\u00abOh mon Dieu, quand ce sera fini?\u00bb) Pour dire \u00e0 quel point vous travaillez difficile. <\/p>\n<p>M\u00eame si nous ne pouvons pas v\u00e9rifier la pr\u00e9cision de chaque tracker, je sais que la pr\u00e9cision est importante pour la plupart des gens qui font du shopping pour des montres intelligentes et des trackers de fitness, donc je continuerai \u00e0 le couvrir, le cas \u00e9ch\u00e9ant. Une montre compatible GPS devrait vous montrer la rue sur laquelle vous courez r\u00e9ellement, et un capteur de fr\u00e9quence cardiaque ne devrait pas confondre votre cadence de course avec votre fr\u00e9quence cardiaque. Mais les questions les plus importantes \u00e0 poser sur un portable ne sont pas de savoir si ses mesures sont <em>pr\u00e9cis<\/em>mais s&rsquo;ils sont <em>utile<\/em> m\u00eame sachant qu&rsquo;ils peuvent \u00eatre inexacts. <\/p>\n","protected":false},"excerpt":{"rendered":"<p>La science n&rsquo;a pas une chance \u00e9quitable d&rsquo;\u00e9tudier les appareils avant de devenir obsol\u00e8tes. L&rsquo;attrait des montres intelligentes de suivi du fitness est qu&rsquo;ils ont<\/p>\n","protected":false},"author":1,"featured_media":7367,"comment_status":"","ping_status":"","sticky":false,"template":"","format":"standard","meta":{"footnotes":""},"categories":[38],"tags":[362,76,2703,851,174,1083,794,6863,6864,8,4],"class_list":["post-7366","post","type-post","status-publish","format-standard","has-post-thumbnail","hentry","category-sante","tag-cest","tag-est","tag-fitness","tag-jamais","tag-point","tag-precis","tag-quel","tag-saurez","tag-tracker","tag-votre","tag-vous","generate-columns","tablet-grid-50","mobile-grid-100","grid-parent","grid-33"],"yoast_head":"<!-- This site is optimized with the Yoast SEO plugin v24.0 - https:\/\/yoast.com\/wordpress\/plugins\/seo\/ -->\n<title>Vous ne saurez jamais \u00e0 quel point votre tracker de fitness est pr\u00e9cis, et c&#039;est OK | Vie Associative<\/title>\n<meta name=\"robots\" content=\"index, follow, max-snippet:-1, max-image-preview:large, max-video-preview:-1\" \/>\n<link rel=\"canonical\" href=\"https:\/\/vieassociative.be\/actualites\/vous-ne-saurez-jamais-a-quel-point-votre-tracker-de-fitness-est-precis-et-cest-ok\/\" \/>\n<meta property=\"og:locale\" content=\"fr_FR\" \/>\n<meta property=\"og:type\" content=\"article\" \/>\n<meta property=\"og:title\" content=\"Vous ne saurez jamais \u00e0 quel point votre tracker de fitness est pr\u00e9cis, et c&#039;est OK | Vie Associative\" \/>\n<meta property=\"og:description\" content=\"La science n&rsquo;a pas une chance \u00e9quitable d&rsquo;\u00e9tudier les appareils avant de devenir obsol\u00e8tes. L&rsquo;attrait des montres intelligentes de suivi du fitness est qu&rsquo;ils ont\" \/>\n<meta property=\"og:url\" content=\"https:\/\/vieassociative.be\/actualites\/vous-ne-saurez-jamais-a-quel-point-votre-tracker-de-fitness-est-precis-et-cest-ok\/\" \/>\n<meta property=\"og:site_name\" content=\"Vie Associative\" \/>\n<meta property=\"article:published_time\" content=\"2025-05-07T10:18:58+00:00\" \/>\n<meta property=\"og:image\" content=\"https:\/\/vieassociative.be\/actualites\/wp-content\/uploads\/2024\/09\/header_backgroundk-01-e1726694325946.png\" \/>\n\t<meta property=\"og:image:width\" content=\"279\" \/>\n\t<meta property=\"og:image:height\" content=\"92\" \/>\n\t<meta property=\"og:image:type\" content=\"image\/png\" \/>\n<meta name=\"author\" content=\"Julien\" \/>\n<meta name=\"twitter:card\" content=\"summary_large_image\" \/>\n<meta name=\"twitter:label1\" content=\"\u00c9crit par\" \/>\n\t<meta name=\"twitter:data1\" content=\"Julien\" \/>\n\t<meta name=\"twitter:label2\" content=\"Dur\u00e9e de lecture est.\" \/>\n\t<meta name=\"twitter:data2\" content=\"7 minutes\" \/>\n<script type=\"application\/ld+json\" class=\"yoast-schema-graph\">{\"@context\":\"https:\/\/schema.org\",\"@graph\":[{\"@type\":\"Article\",\"@id\":\"https:\/\/vieassociative.be\/actualites\/vous-ne-saurez-jamais-a-quel-point-votre-tracker-de-fitness-est-precis-et-cest-ok\/#article\",\"isPartOf\":{\"@id\":\"https:\/\/vieassociative.be\/actualites\/vous-ne-saurez-jamais-a-quel-point-votre-tracker-de-fitness-est-precis-et-cest-ok\/\"},\"author\":{\"name\":\"Julien\",\"@id\":\"https:\/\/vieassociative.be\/actualites\/#\/schema\/person\/b87ac4f82f9d4e7b7cec7395b679edc4\"},\"headline\":\"Vous ne saurez jamais \u00e0 quel point votre tracker de fitness est pr\u00e9cis, et c&rsquo;est OK\",\"datePublished\":\"2025-05-07T10:18:58+00:00\",\"dateModified\":\"2025-05-07T10:18:58+00:00\",\"mainEntityOfPage\":{\"@id\":\"https:\/\/vieassociative.be\/actualites\/vous-ne-saurez-jamais-a-quel-point-votre-tracker-de-fitness-est-precis-et-cest-ok\/\"},\"wordCount\":1394,\"publisher\":{\"@id\":\"https:\/\/vieassociative.be\/actualites\/#organization\"},\"image\":{\"@id\":\"https:\/\/vieassociative.be\/actualites\/vous-ne-saurez-jamais-a-quel-point-votre-tracker-de-fitness-est-precis-et-cest-ok\/#primaryimage\"},\"thumbnailUrl\":\"https:\/\/vieassociative.be\/actualites\/wp-content\/uploads\/2025\/05\/Vous-ne-saurez-jamais-a-quel-point-votre-tracker-de.jpg\",\"keywords\":[\"cest\",\"est\",\"fitness\",\"jamais\",\"point\",\"pr\u00e9cis\",\"Quel\",\"saurez\",\"tracker\",\"votre\",\"Vous\"],\"articleSection\":[\"Sant\u00e9\"],\"inLanguage\":\"fr-BE\"},{\"@type\":\"WebPage\",\"@id\":\"https:\/\/vieassociative.be\/actualites\/vous-ne-saurez-jamais-a-quel-point-votre-tracker-de-fitness-est-precis-et-cest-ok\/\",\"url\":\"https:\/\/vieassociative.be\/actualites\/vous-ne-saurez-jamais-a-quel-point-votre-tracker-de-fitness-est-precis-et-cest-ok\/\",\"name\":\"Vous ne saurez jamais \u00e0 quel point votre tracker de fitness est pr\u00e9cis, et c'est OK | Vie Associative\",\"isPartOf\":{\"@id\":\"https:\/\/vieassociative.be\/actualites\/#website\"},\"primaryImageOfPage\":{\"@id\":\"https:\/\/vieassociative.be\/actualites\/vous-ne-saurez-jamais-a-quel-point-votre-tracker-de-fitness-est-precis-et-cest-ok\/#primaryimage\"},\"image\":{\"@id\":\"https:\/\/vieassociative.be\/actualites\/vous-ne-saurez-jamais-a-quel-point-votre-tracker-de-fitness-est-precis-et-cest-ok\/#primaryimage\"},\"thumbnailUrl\":\"https:\/\/vieassociative.be\/actualites\/wp-content\/uploads\/2025\/05\/Vous-ne-saurez-jamais-a-quel-point-votre-tracker-de.jpg\",\"datePublished\":\"2025-05-07T10:18:58+00:00\",\"dateModified\":\"2025-05-07T10:18:58+00:00\",\"breadcrumb\":{\"@id\":\"https:\/\/vieassociative.be\/actualites\/vous-ne-saurez-jamais-a-quel-point-votre-tracker-de-fitness-est-precis-et-cest-ok\/#breadcrumb\"},\"inLanguage\":\"fr-BE\",\"potentialAction\":[{\"@type\":\"ReadAction\",\"target\":[\"https:\/\/vieassociative.be\/actualites\/vous-ne-saurez-jamais-a-quel-point-votre-tracker-de-fitness-est-precis-et-cest-ok\/\"]}]},{\"@type\":\"ImageObject\",\"inLanguage\":\"fr-BE\",\"@id\":\"https:\/\/vieassociative.be\/actualites\/vous-ne-saurez-jamais-a-quel-point-votre-tracker-de-fitness-est-precis-et-cest-ok\/#primaryimage\",\"url\":\"https:\/\/vieassociative.be\/actualites\/wp-content\/uploads\/2025\/05\/Vous-ne-saurez-jamais-a-quel-point-votre-tracker-de.jpg\",\"contentUrl\":\"https:\/\/vieassociative.be\/actualites\/wp-content\/uploads\/2025\/05\/Vous-ne-saurez-jamais-a-quel-point-votre-tracker-de.jpg\",\"width\":1200,\"height\":675,\"caption\":\"Vous ne saurez jamais \u00e0 quel point votre tracker de fitness est pr\u00e9cis, et c'est OK\"},{\"@type\":\"BreadcrumbList\",\"@id\":\"https:\/\/vieassociative.be\/actualites\/vous-ne-saurez-jamais-a-quel-point-votre-tracker-de-fitness-est-precis-et-cest-ok\/#breadcrumb\",\"itemListElement\":[{\"@type\":\"ListItem\",\"position\":1,\"name\":\"Accueil\",\"item\":\"https:\/\/vieassociative.be\/actualites\/\"},{\"@type\":\"ListItem\",\"position\":2,\"name\":\"Vous ne saurez jamais \u00e0 quel point votre tracker de fitness est pr\u00e9cis, et c&rsquo;est OK\"}]},{\"@type\":\"WebSite\",\"@id\":\"https:\/\/vieassociative.be\/actualites\/#website\",\"url\":\"https:\/\/vieassociative.be\/actualites\/\",\"name\":\"Vie Associative\",\"description\":\"\",\"publisher\":{\"@id\":\"https:\/\/vieassociative.be\/actualites\/#organization\"},\"potentialAction\":[{\"@type\":\"SearchAction\",\"target\":{\"@type\":\"EntryPoint\",\"urlTemplate\":\"https:\/\/vieassociative.be\/actualites\/?s={search_term_string}\"},\"query-input\":{\"@type\":\"PropertyValueSpecification\",\"valueRequired\":true,\"valueName\":\"search_term_string\"}}],\"inLanguage\":\"fr-BE\"},{\"@type\":\"Organization\",\"@id\":\"https:\/\/vieassociative.be\/actualites\/#organization\",\"name\":\"Vie Associative\",\"url\":\"https:\/\/vieassociative.be\/actualites\/\",\"logo\":{\"@type\":\"ImageObject\",\"inLanguage\":\"fr-BE\",\"@id\":\"https:\/\/vieassociative.be\/actualites\/#\/schema\/logo\/image\/\",\"url\":\"https:\/\/vieassociative.be\/actualites\/wp-content\/uploads\/2024\/09\/cropped-vieassociative_favicon.ico.png\",\"contentUrl\":\"https:\/\/vieassociative.be\/actualites\/wp-content\/uploads\/2024\/09\/cropped-vieassociative_favicon.ico.png\",\"width\":512,\"height\":512,\"caption\":\"Vie Associative\"},\"image\":{\"@id\":\"https:\/\/vieassociative.be\/actualites\/#\/schema\/logo\/image\/\"}},{\"@type\":\"Person\",\"@id\":\"https:\/\/vieassociative.be\/actualites\/#\/schema\/person\/b87ac4f82f9d4e7b7cec7395b679edc4\",\"name\":\"Julien\",\"image\":{\"@type\":\"ImageObject\",\"inLanguage\":\"fr-BE\",\"@id\":\"https:\/\/vieassociative.be\/actualites\/#\/schema\/person\/image\/\",\"url\":\"https:\/\/vieassociative.be\/actualites\/wp-content\/uploads\/2024\/09\/vie-associative-1-150x150.jpg\",\"contentUrl\":\"https:\/\/vieassociative.be\/actualites\/wp-content\/uploads\/2024\/09\/vie-associative-1-150x150.jpg\",\"caption\":\"Julien\"},\"description\":\"Je suis Julien, r\u00e9dacteur pour Vie Associative. Passionn\u00e9 par le monde associatif depuis plus de 10 ans, j'ai \u00e0 c\u0153ur de partager des histoires inspirantes et de mettre en lumi\u00e8re les initiatives locales. Mon objectif est de sensibiliser et d'encourager l'engagement communautaire \u00e0 travers mes articles.\",\"sameAs\":[\"https:\/\/vieassociative.be\/\"]}]}<\/script>\n<!-- \/ Yoast SEO plugin. -->","yoast_head_json":{"title":"Vous ne saurez jamais \u00e0 quel point votre tracker de fitness est pr\u00e9cis, et c'est OK | Vie Associative","robots":{"index":"index","follow":"follow","max-snippet":"max-snippet:-1","max-image-preview":"max-image-preview:large","max-video-preview":"max-video-preview:-1"},"canonical":"https:\/\/vieassociative.be\/actualites\/vous-ne-saurez-jamais-a-quel-point-votre-tracker-de-fitness-est-precis-et-cest-ok\/","og_locale":"fr_FR","og_type":"article","og_title":"Vous ne saurez jamais \u00e0 quel point votre tracker de fitness est pr\u00e9cis, et c'est OK | Vie Associative","og_description":"La science n&rsquo;a pas une chance \u00e9quitable d&rsquo;\u00e9tudier les appareils avant de devenir obsol\u00e8tes. L&rsquo;attrait des montres intelligentes de suivi du fitness est qu&rsquo;ils ont","og_url":"https:\/\/vieassociative.be\/actualites\/vous-ne-saurez-jamais-a-quel-point-votre-tracker-de-fitness-est-precis-et-cest-ok\/","og_site_name":"Vie Associative","article_published_time":"2025-05-07T10:18:58+00:00","og_image":[{"width":279,"height":92,"url":"https:\/\/vieassociative.be\/actualites\/wp-content\/uploads\/2024\/09\/header_backgroundk-01-e1726694325946.png","type":"image\/png"}],"author":"Julien","twitter_card":"summary_large_image","twitter_misc":{"\u00c9crit par":"Julien","Dur\u00e9e de lecture est.":"7 minutes"},"schema":{"@context":"https:\/\/schema.org","@graph":[{"@type":"Article","@id":"https:\/\/vieassociative.be\/actualites\/vous-ne-saurez-jamais-a-quel-point-votre-tracker-de-fitness-est-precis-et-cest-ok\/#article","isPartOf":{"@id":"https:\/\/vieassociative.be\/actualites\/vous-ne-saurez-jamais-a-quel-point-votre-tracker-de-fitness-est-precis-et-cest-ok\/"},"author":{"name":"Julien","@id":"https:\/\/vieassociative.be\/actualites\/#\/schema\/person\/b87ac4f82f9d4e7b7cec7395b679edc4"},"headline":"Vous ne saurez jamais \u00e0 quel point votre tracker de fitness est pr\u00e9cis, et c&rsquo;est OK","datePublished":"2025-05-07T10:18:58+00:00","dateModified":"2025-05-07T10:18:58+00:00","mainEntityOfPage":{"@id":"https:\/\/vieassociative.be\/actualites\/vous-ne-saurez-jamais-a-quel-point-votre-tracker-de-fitness-est-precis-et-cest-ok\/"},"wordCount":1394,"publisher":{"@id":"https:\/\/vieassociative.be\/actualites\/#organization"},"image":{"@id":"https:\/\/vieassociative.be\/actualites\/vous-ne-saurez-jamais-a-quel-point-votre-tracker-de-fitness-est-precis-et-cest-ok\/#primaryimage"},"thumbnailUrl":"https:\/\/vieassociative.be\/actualites\/wp-content\/uploads\/2025\/05\/Vous-ne-saurez-jamais-a-quel-point-votre-tracker-de.jpg","keywords":["cest","est","fitness","jamais","point","pr\u00e9cis","Quel","saurez","tracker","votre","Vous"],"articleSection":["Sant\u00e9"],"inLanguage":"fr-BE"},{"@type":"WebPage","@id":"https:\/\/vieassociative.be\/actualites\/vous-ne-saurez-jamais-a-quel-point-votre-tracker-de-fitness-est-precis-et-cest-ok\/","url":"https:\/\/vieassociative.be\/actualites\/vous-ne-saurez-jamais-a-quel-point-votre-tracker-de-fitness-est-precis-et-cest-ok\/","name":"Vous ne saurez jamais \u00e0 quel point votre tracker de fitness est pr\u00e9cis, et c'est OK | Vie Associative","isPartOf":{"@id":"https:\/\/vieassociative.be\/actualites\/#website"},"primaryImageOfPage":{"@id":"https:\/\/vieassociative.be\/actualites\/vous-ne-saurez-jamais-a-quel-point-votre-tracker-de-fitness-est-precis-et-cest-ok\/#primaryimage"},"image":{"@id":"https:\/\/vieassociative.be\/actualites\/vous-ne-saurez-jamais-a-quel-point-votre-tracker-de-fitness-est-precis-et-cest-ok\/#primaryimage"},"thumbnailUrl":"https:\/\/vieassociative.be\/actualites\/wp-content\/uploads\/2025\/05\/Vous-ne-saurez-jamais-a-quel-point-votre-tracker-de.jpg","datePublished":"2025-05-07T10:18:58+00:00","dateModified":"2025-05-07T10:18:58+00:00","breadcrumb":{"@id":"https:\/\/vieassociative.be\/actualites\/vous-ne-saurez-jamais-a-quel-point-votre-tracker-de-fitness-est-precis-et-cest-ok\/#breadcrumb"},"inLanguage":"fr-BE","potentialAction":[{"@type":"ReadAction","target":["https:\/\/vieassociative.be\/actualites\/vous-ne-saurez-jamais-a-quel-point-votre-tracker-de-fitness-est-precis-et-cest-ok\/"]}]},{"@type":"ImageObject","inLanguage":"fr-BE","@id":"https:\/\/vieassociative.be\/actualites\/vous-ne-saurez-jamais-a-quel-point-votre-tracker-de-fitness-est-precis-et-cest-ok\/#primaryimage","url":"https:\/\/vieassociative.be\/actualites\/wp-content\/uploads\/2025\/05\/Vous-ne-saurez-jamais-a-quel-point-votre-tracker-de.jpg","contentUrl":"https:\/\/vieassociative.be\/actualites\/wp-content\/uploads\/2025\/05\/Vous-ne-saurez-jamais-a-quel-point-votre-tracker-de.jpg","width":1200,"height":675,"caption":"Vous ne saurez jamais \u00e0 quel point votre tracker de fitness est pr\u00e9cis, et c'est OK"},{"@type":"BreadcrumbList","@id":"https:\/\/vieassociative.be\/actualites\/vous-ne-saurez-jamais-a-quel-point-votre-tracker-de-fitness-est-precis-et-cest-ok\/#breadcrumb","itemListElement":[{"@type":"ListItem","position":1,"name":"Accueil","item":"https:\/\/vieassociative.be\/actualites\/"},{"@type":"ListItem","position":2,"name":"Vous ne saurez jamais \u00e0 quel point votre tracker de fitness est pr\u00e9cis, et c&rsquo;est OK"}]},{"@type":"WebSite","@id":"https:\/\/vieassociative.be\/actualites\/#website","url":"https:\/\/vieassociative.be\/actualites\/","name":"Vie Associative","description":"","publisher":{"@id":"https:\/\/vieassociative.be\/actualites\/#organization"},"potentialAction":[{"@type":"SearchAction","target":{"@type":"EntryPoint","urlTemplate":"https:\/\/vieassociative.be\/actualites\/?s={search_term_string}"},"query-input":{"@type":"PropertyValueSpecification","valueRequired":true,"valueName":"search_term_string"}}],"inLanguage":"fr-BE"},{"@type":"Organization","@id":"https:\/\/vieassociative.be\/actualites\/#organization","name":"Vie Associative","url":"https:\/\/vieassociative.be\/actualites\/","logo":{"@type":"ImageObject","inLanguage":"fr-BE","@id":"https:\/\/vieassociative.be\/actualites\/#\/schema\/logo\/image\/","url":"https:\/\/vieassociative.be\/actualites\/wp-content\/uploads\/2024\/09\/cropped-vieassociative_favicon.ico.png","contentUrl":"https:\/\/vieassociative.be\/actualites\/wp-content\/uploads\/2024\/09\/cropped-vieassociative_favicon.ico.png","width":512,"height":512,"caption":"Vie Associative"},"image":{"@id":"https:\/\/vieassociative.be\/actualites\/#\/schema\/logo\/image\/"}},{"@type":"Person","@id":"https:\/\/vieassociative.be\/actualites\/#\/schema\/person\/b87ac4f82f9d4e7b7cec7395b679edc4","name":"Julien","image":{"@type":"ImageObject","inLanguage":"fr-BE","@id":"https:\/\/vieassociative.be\/actualites\/#\/schema\/person\/image\/","url":"https:\/\/vieassociative.be\/actualites\/wp-content\/uploads\/2024\/09\/vie-associative-1-150x150.jpg","contentUrl":"https:\/\/vieassociative.be\/actualites\/wp-content\/uploads\/2024\/09\/vie-associative-1-150x150.jpg","caption":"Julien"},"description":"Je suis Julien, r\u00e9dacteur pour Vie Associative. Passionn\u00e9 par le monde associatif depuis plus de 10 ans, j'ai \u00e0 c\u0153ur de partager des histoires inspirantes et de mettre en lumi\u00e8re les initiatives locales. Mon objectif est de sensibiliser et d'encourager l'engagement communautaire \u00e0 travers mes articles.","sameAs":["https:\/\/vieassociative.be\/"]}]}},"_links":{"self":[{"href":"https:\/\/vieassociative.be\/actualites\/wp-json\/wp\/v2\/posts\/7366"}],"collection":[{"href":"https:\/\/vieassociative.be\/actualites\/wp-json\/wp\/v2\/posts"}],"about":[{"href":"https:\/\/vieassociative.be\/actualites\/wp-json\/wp\/v2\/types\/post"}],"author":[{"embeddable":true,"href":"https:\/\/vieassociative.be\/actualites\/wp-json\/wp\/v2\/users\/1"}],"replies":[{"embeddable":true,"href":"https:\/\/vieassociative.be\/actualites\/wp-json\/wp\/v2\/comments?post=7366"}],"version-history":[{"count":0,"href":"https:\/\/vieassociative.be\/actualites\/wp-json\/wp\/v2\/posts\/7366\/revisions"}],"wp:featuredmedia":[{"embeddable":true,"href":"https:\/\/vieassociative.be\/actualites\/wp-json\/wp\/v2\/media\/7367"}],"wp:attachment":[{"href":"https:\/\/vieassociative.be\/actualites\/wp-json\/wp\/v2\/media?parent=7366"}],"wp:term":[{"taxonomy":"category","embeddable":true,"href":"https:\/\/vieassociative.be\/actualites\/wp-json\/wp\/v2\/categories?post=7366"},{"taxonomy":"post_tag","embeddable":true,"href":"https:\/\/vieassociative.be\/actualites\/wp-json\/wp\/v2\/tags?post=7366"}],"curies":[{"name":"wp","href":"https:\/\/api.w.org\/{rel}","templated":true}]}}