{"id":7364,"date":"2025-05-07T09:17:15","date_gmt":"2025-05-07T07:17:15","guid":{"rendered":"https:\/\/vieassociative.be\/actualites\/vous-pouvez-mettre-a-jour-le-micrologiciel-de-votre-televiseur-avec-un-lecteur-usb\/"},"modified":"2025-05-07T09:17:15","modified_gmt":"2025-05-07T07:17:15","slug":"vous-pouvez-mettre-a-jour-le-micrologiciel-de-votre-televiseur-avec-un-lecteur-usb","status":"publish","type":"post","link":"https:\/\/vieassociative.be\/actualites\/vous-pouvez-mettre-a-jour-le-micrologiciel-de-votre-televiseur-avec-un-lecteur-usb\/","title":{"rendered":"Vous pouvez mettre \u00e0 jour le micrologiciel de votre t\u00e9l\u00e9viseur avec un lecteur USB"},"content":{"rendered":"<div class=\"mt-4 leading-6 md:mb-8\">Pas besoin de connecter votre t\u00e9l\u00e9viseur \u00e0 Internet.<\/div>\n<p><\/p>\n<p>Vous mettez probablement \u00e0 jour les appareils comme votre smartphone ou votre ordinateur portable assez fr\u00e9quemment. (Peut-\u00eatre que vous en avez mis le dernier un peu plus longtemps que vous ne devriez.) Mais \u00e0 quelle fr\u00e9quence mettez-vous \u00e0 jour d&rsquo;autres types d&rsquo;appareils, comme votre t\u00e9l\u00e9viseur?<\/p>\n<p>Malgr\u00e9 la routine et la simple utilisation de votre t\u00e9l\u00e9viseur, il peut \u00eatre important de garder le tube, comme d&rsquo;autres appareils, mis \u00e0 jour vers les derni\u00e8res versions logicielles et micrologiciels. Et bien que de nombreux t\u00e9l\u00e9viseurs intelligents v\u00e9rifient r\u00e9guli\u00e8rement les derni\u00e8res mises \u00e0 jour, il est possible que le v\u00f4tre ne le fasse pas. Je ne garde pas mon t\u00e9l\u00e9viseur connect\u00e9 \u00e0 Internet, par exemple, il n&rsquo;y a donc aucun moyen pour moi de v\u00e9rifier les mises \u00e0 jour via le WiFi. <\/p>\n<p>Vous n&rsquo;avez pas besoin de connecter votre t\u00e9l\u00e9viseur \u00e0 votre r\u00e9seau pour le mettre \u00e0 jour, cependant, vous n&rsquo;avez pas besoin d&rsquo;un t\u00e9l\u00e9viseur qui recherchera les mises \u00e0 jour par lui-m\u00eame. En fait, l&rsquo;un des ports n\u00e9glig\u00e9s de vos t\u00e9l\u00e9viseurs peut aider \u00e0 le maintenir pleinement \u00e0 jour, comme l&rsquo;explique Chris Bayer de ZDNET. <\/p>\n<h2 id=\"how-to-update-your-tv-over-usb\">Comment mettre \u00e0 jour votre t\u00e9l\u00e9viseur sur USB<\/h2>\n<p>Pour commencer, vous aurez besoin de trois \u00e9l\u00e9ments: un t\u00e9l\u00e9viseur (pour mettre \u00e0 jour), un ordinateur (pour t\u00e9l\u00e9charger la mise \u00e0 jour) et un lecteur USB (pour stocker la mise \u00e0 jour). <\/p>\n<p>Tout d&rsquo;abord, d\u00e9terminez le t\u00e9l\u00e9viseur que vous avez r\u00e9ellement. Il ne suffit pas n\u00e9cessairement de conna\u00eetre la marque, car cette entreprise peut cr\u00e9er de nombreux types de t\u00e9l\u00e9viseurs. Vous voudrez r\u00e9cup\u00e9rer le num\u00e9ro de mod\u00e8le de votre t\u00e9l\u00e9viseur particulier pour vous assurer que vous tirez la mise \u00e0 jour la plus r\u00e9cente disponible pour ce mod\u00e8le. <\/p>\n<p>Si vous avez votre t\u00e9l\u00e9vision mont\u00e9 ou sauvegard\u00e9 sur un mur, il peut \u00eatre un peu difficile \u00e0 trouver, car le num\u00e9ro de mod\u00e8le est g\u00e9n\u00e9ralement sur un autocollant \u00e0 l&rsquo;arri\u00e8re de votre t\u00e9l\u00e9viseur. Si vous le pouvez, retirez votre t\u00e9l\u00e9viseur aussi loin que possible et utilisez une lampe de poche ou votre appareil photo smartphone pour localiser l&rsquo;autocollant avec le num\u00e9ro d&rsquo;identification. Vous pouvez \u00e9galement voir si votre t\u00e9l\u00e9viseur a son num\u00e9ro de mod\u00e8le dans son menu Param\u00e8tres. Cela peut \u00eatre dans un menu \u00ab\u00a0\u00c0 propos\u00a0\u00bb ou \u00ab\u00a0g\u00e9n\u00e9ral\u00a0\u00bb. <\/p>\n<p>Une fois que vous connaissez le num\u00e9ro de mod\u00e8le de votre t\u00e9l\u00e9viseur, rendez-vous sur le site du fabricant et recherchez la section T\u00e9l\u00e9chargements. Par exemple, pour un LG TV, vous le trouverez dans la section \u00ab\u00a0Support\u00a0\u00bb sous \u00ab\u00a0Software &#038; Drivers pour le t\u00e9l\u00e9chargement\u00a0\u00bb. Lorsqu&rsquo;on vous a demand\u00e9, entrez votre num\u00e9ro de mod\u00e8le et le site doit vous emmener dans la liste des logiciels disponibles \u00e0 t\u00e9l\u00e9charger. Vous voudrez vous assurer que vous choisissez le t\u00e9l\u00e9chargement le plus r\u00e9cent disponible, ainsi que celui de votre r\u00e9gion, car vous ne souhaitez pas installer le mauvais logiciel sur votre t\u00e9l\u00e9viseur. <\/p>\n<p>Une fois que vous avez trouv\u00e9 la bonne version logicielle, t\u00e9l\u00e9chargez-la sur votre ordinateur. S&rsquo;il arrive sous forme de fichier zip, vous pouvez soit cliquer dessus pour d\u00e9zip (Mac), soit cliquez avec le bouton droit et choisir \u00ab\u00a0Extraire tout\u00a0\u00bb (Windows). Une fois que vous avez acc\u00e8s aux fichiers (qui devraient appara\u00eetre sous forme de fichiers .bin ou .img), connectez un b\u00e2ton USB \u00e0 votre ordinateur et d\u00e9placez les fichiers vers le lecteur, en vous assurant d&rsquo;ajouter les fichiers au lecteur principal et non \u00e0 l&rsquo;un des dossiers qui pourraient y \u00eatre. Choisissez d&rsquo;\u00e9jecter le lecteur de votre Mac ou PC avant de le retirer physiquement de votre ordinateur.<\/p>\n<div class=\"pogoClear relative my-10 border-b-(1.5px) border-t-(1.5px) border-dashed border-black py-5 sm:my-14 sm:border-0 sm:py-0\" data-ga-click data-ga-template=\"News\" data-ga-module=\"openweb_widget\" data-ga-element=\"openweb_scroll\" data-ga-item=\"openweb_scroll_midpage\" x-cloak x-data=\"{ commentsCount: null, hasComments: false }\" x-init=\"commentsCount = await window.openweb.getMessagesCount(01JTKCX3NRYB70KR0ETHCDND1W);\n     hasComments = commentsCount !== null &amp;&amp; commentsCount &gt; 0\"><\/p>\n<div class=\"absolute top-1\/2 hidden w-full -translate-y-1\/2 border-t-(1.5px) border-dashed border-black sm:block\"><\/div>\n<div class=\"relative flex justify-center\">\n<div class=\"flex max-w-max items-center gap-x-3 bg-white px-5\">\n<div class=\"relative\">\n                <span class=\"absolute left-1\/2 top-1\/2 -translate-x-1\/2 -translate-y-1\/2 font-akshar text-sm font-medium text-black\" x-show=\"hasComments\" x-text=\"commentsCount\"><\/span><\/p>\n<p>                <svg class=\"h-8 w-8 text-black\">\n                    <use href=\"http:\/\/lifehacker.com\/images\/icons\/spritemap.svg#sprite-chat-bubble\"><\/use>\n                <\/svg>\n            <\/div>\n<p>            <span class=\"text-sm font-medium text-black\"><\/p>\n<p>                Que pensez-vous jusqu&rsquo;\u00e0 pr\u00e9sent?<br \/>\n                <button class=\"font-semibold text-brand-green underline hover:text-brand-green-700\" onclick=\"window.openweb.scrollToComments('01JTKCX3NRYB70KR0ETHCDND1W')\" x-text=\"hasComments ? 'Post a comment.' : 'Be the first to post a comment.'\"><\/button><br \/>\n            <\/span>\n        <\/div>\n<\/p><\/div>\n<\/div>\n<p>Enfin, branchez le b\u00e2ton USB sur votre t\u00e9l\u00e9viseur. Si votre t\u00e9l\u00e9viseur n&rsquo;enregistre pas automatiquement le fichier de mise \u00e0 jour sur le b\u00e2ton, dirigez-vous vers les param\u00e8tres de votre t\u00e9l\u00e9viseur et recherchez le langage \u00ab\u00a0Mise \u00e0 jour\u00a0\u00bb, comme \u00ab\u00a0Mise \u00e0 jour logicielle\u00a0\u00bb ou \u00ab\u00a0mise \u00e0 jour du micrologiciel\u00a0\u00bb. Votre t\u00e9l\u00e9viseur devrait vous guider \u00e0 travers les \u00e9tapes appropri\u00e9es. <\/p>\n<h2 id=\"if-the-update-didnt-work-format-the-drive\">Si la mise \u00e0 jour n&rsquo;a pas fonctionn\u00e9, formatez le lecteur<\/h2>\n<p>Un probl\u00e8me possible avec cette m\u00e9thode concerne le lecteur USB lui-m\u00eame. S&rsquo;il n&rsquo;est pas correctement format\u00e9 (vers FAT32), votre t\u00e9l\u00e9viseur peut ne pas le reconna\u00eetre. <\/p>\n<p>Vous pouvez formater le lecteur sur Windows ou Mac, mais notez que le formatage n\u00e9cessite d&rsquo;effacer tout sur le lecteur. Si vous avez des donn\u00e9es essentielles sur votre lecteur, sauvegardez-la en premier ailleurs ou choisissez un autre lecteur avec lequel travailler. <\/p>\n<p>Si le lecteur est suffisamment petit, vous pouvez le formater via l&rsquo;explorateur de Windows. Cliquez avec le bouton droit sur le lecteur, puis choisissez <strong>Format<\/strong>. Ici, choisissez <strong>Fat32<\/strong> sous \u00ab\u00a0Syst\u00e8me de fichiers\u00a0\u00bb, v\u00e9rifiez <strong>Format rapide<\/strong>. Faire un clic <strong>Commencer<\/strong>cliquez <strong>D&rsquo;ACCORD <\/strong>Sur la fen\u00eatre contextuelle qui vous avertit, vous perdrez toutes les donn\u00e9es sur le lecteur et vous \u00eates pr\u00eat.  <\/p>\n<p>Sur Mac, branchez votre lecteur, puis ouvrez l&rsquo;utilitaire de disque. Choisir <strong>Effacer<\/strong>alors choisissez <strong>MS-DOS (graisse)<\/strong> du \u00ab\u00a0format\u00a0\u00bb d\u00e9route. Maintenant, cliquez <strong>Effacer<\/strong>alors choisissez <strong>Fait<\/strong> une fois termin\u00e9. <\/p>\n","protected":false},"excerpt":{"rendered":"<p>Pas besoin de connecter votre t\u00e9l\u00e9viseur \u00e0 Internet. Vous mettez probablement \u00e0 jour les appareils comme votre smartphone ou votre ordinateur portable assez fr\u00e9quemment. (Peut-\u00eatre<\/p>\n","protected":false},"author":1,"featured_media":7365,"comment_status":"","ping_status":"","sticky":false,"template":"","format":"standard","meta":{"footnotes":""},"categories":[13],"tags":[61,53,6861,1182,6860,5,1978,6862,8,4],"class_list":["post-7364","post","type-post","status-publish","format-standard","has-post-thumbnail","hentry","category-technologie","tag-avec","tag-jour","tag-lecteur","tag-mettre","tag-micrologiciel","tag-pouvez","tag-televiseur","tag-usb","tag-votre","tag-vous","generate-columns","tablet-grid-50","mobile-grid-100","grid-parent","grid-33"],"yoast_head":"<!-- This site is optimized with the Yoast SEO plugin v24.0 - https:\/\/yoast.com\/wordpress\/plugins\/seo\/ -->\n<title>Vous pouvez mettre \u00e0 jour le micrologiciel de votre t\u00e9l\u00e9viseur avec un lecteur USB | Vie Associative<\/title>\n<meta name=\"robots\" content=\"index, follow, max-snippet:-1, max-image-preview:large, max-video-preview:-1\" \/>\n<link rel=\"canonical\" href=\"https:\/\/vieassociative.be\/actualites\/vous-pouvez-mettre-a-jour-le-micrologiciel-de-votre-televiseur-avec-un-lecteur-usb\/\" \/>\n<meta property=\"og:locale\" content=\"fr_FR\" \/>\n<meta property=\"og:type\" content=\"article\" \/>\n<meta property=\"og:title\" content=\"Vous pouvez mettre \u00e0 jour le micrologiciel de votre t\u00e9l\u00e9viseur avec un lecteur USB | Vie Associative\" \/>\n<meta property=\"og:description\" content=\"Pas besoin de connecter votre t\u00e9l\u00e9viseur \u00e0 Internet. Vous mettez probablement \u00e0 jour les appareils comme votre smartphone ou votre ordinateur portable assez fr\u00e9quemment. (Peut-\u00eatre\" \/>\n<meta property=\"og:url\" content=\"https:\/\/vieassociative.be\/actualites\/vous-pouvez-mettre-a-jour-le-micrologiciel-de-votre-televiseur-avec-un-lecteur-usb\/\" \/>\n<meta property=\"og:site_name\" content=\"Vie Associative\" \/>\n<meta property=\"article:published_time\" content=\"2025-05-07T07:17:15+00:00\" \/>\n<meta property=\"og:image\" content=\"https:\/\/vieassociative.be\/actualites\/wp-content\/uploads\/2024\/09\/header_backgroundk-01-e1726694325946.png\" \/>\n\t<meta property=\"og:image:width\" content=\"279\" \/>\n\t<meta property=\"og:image:height\" content=\"92\" \/>\n\t<meta property=\"og:image:type\" content=\"image\/png\" \/>\n<meta name=\"author\" content=\"Julien\" \/>\n<meta name=\"twitter:card\" content=\"summary_large_image\" \/>\n<meta name=\"twitter:label1\" content=\"\u00c9crit par\" \/>\n\t<meta name=\"twitter:data1\" content=\"Julien\" \/>\n\t<meta name=\"twitter:label2\" content=\"Dur\u00e9e de lecture est.\" \/>\n\t<meta name=\"twitter:data2\" content=\"4 minutes\" \/>\n<script type=\"application\/ld+json\" class=\"yoast-schema-graph\">{\"@context\":\"https:\/\/schema.org\",\"@graph\":[{\"@type\":\"Article\",\"@id\":\"https:\/\/vieassociative.be\/actualites\/vous-pouvez-mettre-a-jour-le-micrologiciel-de-votre-televiseur-avec-un-lecteur-usb\/#article\",\"isPartOf\":{\"@id\":\"https:\/\/vieassociative.be\/actualites\/vous-pouvez-mettre-a-jour-le-micrologiciel-de-votre-televiseur-avec-un-lecteur-usb\/\"},\"author\":{\"name\":\"Julien\",\"@id\":\"https:\/\/vieassociative.be\/actualites\/#\/schema\/person\/b87ac4f82f9d4e7b7cec7395b679edc4\"},\"headline\":\"Vous pouvez mettre \u00e0 jour le micrologiciel de votre t\u00e9l\u00e9viseur avec un lecteur USB\",\"datePublished\":\"2025-05-07T07:17:15+00:00\",\"dateModified\":\"2025-05-07T07:17:15+00:00\",\"mainEntityOfPage\":{\"@id\":\"https:\/\/vieassociative.be\/actualites\/vous-pouvez-mettre-a-jour-le-micrologiciel-de-votre-televiseur-avec-un-lecteur-usb\/\"},\"wordCount\":939,\"publisher\":{\"@id\":\"https:\/\/vieassociative.be\/actualites\/#organization\"},\"image\":{\"@id\":\"https:\/\/vieassociative.be\/actualites\/vous-pouvez-mettre-a-jour-le-micrologiciel-de-votre-televiseur-avec-un-lecteur-usb\/#primaryimage\"},\"thumbnailUrl\":\"https:\/\/vieassociative.be\/actualites\/wp-content\/uploads\/2025\/05\/Vous-pouvez-mettre-a-jour-le-micrologiciel-de-votre-televiseur.png\",\"keywords\":[\"avec\",\"jour\",\"lecteur\",\"mettre\",\"micrologiciel\",\"pouvez\",\"t\u00e9l\u00e9viseur\",\"USB\",\"votre\",\"Vous\"],\"articleSection\":[\"Technologie\"],\"inLanguage\":\"fr-BE\"},{\"@type\":\"WebPage\",\"@id\":\"https:\/\/vieassociative.be\/actualites\/vous-pouvez-mettre-a-jour-le-micrologiciel-de-votre-televiseur-avec-un-lecteur-usb\/\",\"url\":\"https:\/\/vieassociative.be\/actualites\/vous-pouvez-mettre-a-jour-le-micrologiciel-de-votre-televiseur-avec-un-lecteur-usb\/\",\"name\":\"Vous pouvez mettre \u00e0 jour le micrologiciel de votre t\u00e9l\u00e9viseur avec un lecteur USB | Vie Associative\",\"isPartOf\":{\"@id\":\"https:\/\/vieassociative.be\/actualites\/#website\"},\"primaryImageOfPage\":{\"@id\":\"https:\/\/vieassociative.be\/actualites\/vous-pouvez-mettre-a-jour-le-micrologiciel-de-votre-televiseur-avec-un-lecteur-usb\/#primaryimage\"},\"image\":{\"@id\":\"https:\/\/vieassociative.be\/actualites\/vous-pouvez-mettre-a-jour-le-micrologiciel-de-votre-televiseur-avec-un-lecteur-usb\/#primaryimage\"},\"thumbnailUrl\":\"https:\/\/vieassociative.be\/actualites\/wp-content\/uploads\/2025\/05\/Vous-pouvez-mettre-a-jour-le-micrologiciel-de-votre-televiseur.png\",\"datePublished\":\"2025-05-07T07:17:15+00:00\",\"dateModified\":\"2025-05-07T07:17:15+00:00\",\"breadcrumb\":{\"@id\":\"https:\/\/vieassociative.be\/actualites\/vous-pouvez-mettre-a-jour-le-micrologiciel-de-votre-televiseur-avec-un-lecteur-usb\/#breadcrumb\"},\"inLanguage\":\"fr-BE\",\"potentialAction\":[{\"@type\":\"ReadAction\",\"target\":[\"https:\/\/vieassociative.be\/actualites\/vous-pouvez-mettre-a-jour-le-micrologiciel-de-votre-televiseur-avec-un-lecteur-usb\/\"]}]},{\"@type\":\"ImageObject\",\"inLanguage\":\"fr-BE\",\"@id\":\"https:\/\/vieassociative.be\/actualites\/vous-pouvez-mettre-a-jour-le-micrologiciel-de-votre-televiseur-avec-un-lecteur-usb\/#primaryimage\",\"url\":\"https:\/\/vieassociative.be\/actualites\/wp-content\/uploads\/2025\/05\/Vous-pouvez-mettre-a-jour-le-micrologiciel-de-votre-televiseur.png\",\"contentUrl\":\"https:\/\/vieassociative.be\/actualites\/wp-content\/uploads\/2025\/05\/Vous-pouvez-mettre-a-jour-le-micrologiciel-de-votre-televiseur.png\",\"width\":1200,\"height\":675,\"caption\":\"Vous pouvez mettre \u00e0 jour le micrologiciel de votre t\u00e9l\u00e9viseur avec un lecteur USB\"},{\"@type\":\"BreadcrumbList\",\"@id\":\"https:\/\/vieassociative.be\/actualites\/vous-pouvez-mettre-a-jour-le-micrologiciel-de-votre-televiseur-avec-un-lecteur-usb\/#breadcrumb\",\"itemListElement\":[{\"@type\":\"ListItem\",\"position\":1,\"name\":\"Accueil\",\"item\":\"https:\/\/vieassociative.be\/actualites\/\"},{\"@type\":\"ListItem\",\"position\":2,\"name\":\"Vous pouvez mettre \u00e0 jour le micrologiciel de votre t\u00e9l\u00e9viseur avec un lecteur USB\"}]},{\"@type\":\"WebSite\",\"@id\":\"https:\/\/vieassociative.be\/actualites\/#website\",\"url\":\"https:\/\/vieassociative.be\/actualites\/\",\"name\":\"Vie Associative\",\"description\":\"\",\"publisher\":{\"@id\":\"https:\/\/vieassociative.be\/actualites\/#organization\"},\"potentialAction\":[{\"@type\":\"SearchAction\",\"target\":{\"@type\":\"EntryPoint\",\"urlTemplate\":\"https:\/\/vieassociative.be\/actualites\/?s={search_term_string}\"},\"query-input\":{\"@type\":\"PropertyValueSpecification\",\"valueRequired\":true,\"valueName\":\"search_term_string\"}}],\"inLanguage\":\"fr-BE\"},{\"@type\":\"Organization\",\"@id\":\"https:\/\/vieassociative.be\/actualites\/#organization\",\"name\":\"Vie Associative\",\"url\":\"https:\/\/vieassociative.be\/actualites\/\",\"logo\":{\"@type\":\"ImageObject\",\"inLanguage\":\"fr-BE\",\"@id\":\"https:\/\/vieassociative.be\/actualites\/#\/schema\/logo\/image\/\",\"url\":\"https:\/\/vieassociative.be\/actualites\/wp-content\/uploads\/2024\/09\/cropped-vieassociative_favicon.ico.png\",\"contentUrl\":\"https:\/\/vieassociative.be\/actualites\/wp-content\/uploads\/2024\/09\/cropped-vieassociative_favicon.ico.png\",\"width\":512,\"height\":512,\"caption\":\"Vie Associative\"},\"image\":{\"@id\":\"https:\/\/vieassociative.be\/actualites\/#\/schema\/logo\/image\/\"}},{\"@type\":\"Person\",\"@id\":\"https:\/\/vieassociative.be\/actualites\/#\/schema\/person\/b87ac4f82f9d4e7b7cec7395b679edc4\",\"name\":\"Julien\",\"image\":{\"@type\":\"ImageObject\",\"inLanguage\":\"fr-BE\",\"@id\":\"https:\/\/vieassociative.be\/actualites\/#\/schema\/person\/image\/\",\"url\":\"https:\/\/vieassociative.be\/actualites\/wp-content\/uploads\/2024\/09\/vie-associative-1-150x150.jpg\",\"contentUrl\":\"https:\/\/vieassociative.be\/actualites\/wp-content\/uploads\/2024\/09\/vie-associative-1-150x150.jpg\",\"caption\":\"Julien\"},\"description\":\"Je suis Julien, r\u00e9dacteur pour Vie Associative. Passionn\u00e9 par le monde associatif depuis plus de 10 ans, j'ai \u00e0 c\u0153ur de partager des histoires inspirantes et de mettre en lumi\u00e8re les initiatives locales. Mon objectif est de sensibiliser et d'encourager l'engagement communautaire \u00e0 travers mes articles.\",\"sameAs\":[\"https:\/\/vieassociative.be\/\"]}]}<\/script>\n<!-- \/ Yoast SEO plugin. -->","yoast_head_json":{"title":"Vous pouvez mettre \u00e0 jour le micrologiciel de votre t\u00e9l\u00e9viseur avec un lecteur USB | Vie Associative","robots":{"index":"index","follow":"follow","max-snippet":"max-snippet:-1","max-image-preview":"max-image-preview:large","max-video-preview":"max-video-preview:-1"},"canonical":"https:\/\/vieassociative.be\/actualites\/vous-pouvez-mettre-a-jour-le-micrologiciel-de-votre-televiseur-avec-un-lecteur-usb\/","og_locale":"fr_FR","og_type":"article","og_title":"Vous pouvez mettre \u00e0 jour le micrologiciel de votre t\u00e9l\u00e9viseur avec un lecteur USB | Vie Associative","og_description":"Pas besoin de connecter votre t\u00e9l\u00e9viseur \u00e0 Internet. Vous mettez probablement \u00e0 jour les appareils comme votre smartphone ou votre ordinateur portable assez fr\u00e9quemment. (Peut-\u00eatre","og_url":"https:\/\/vieassociative.be\/actualites\/vous-pouvez-mettre-a-jour-le-micrologiciel-de-votre-televiseur-avec-un-lecteur-usb\/","og_site_name":"Vie Associative","article_published_time":"2025-05-07T07:17:15+00:00","og_image":[{"width":279,"height":92,"url":"https:\/\/vieassociative.be\/actualites\/wp-content\/uploads\/2024\/09\/header_backgroundk-01-e1726694325946.png","type":"image\/png"}],"author":"Julien","twitter_card":"summary_large_image","twitter_misc":{"\u00c9crit par":"Julien","Dur\u00e9e de lecture est.":"4 minutes"},"schema":{"@context":"https:\/\/schema.org","@graph":[{"@type":"Article","@id":"https:\/\/vieassociative.be\/actualites\/vous-pouvez-mettre-a-jour-le-micrologiciel-de-votre-televiseur-avec-un-lecteur-usb\/#article","isPartOf":{"@id":"https:\/\/vieassociative.be\/actualites\/vous-pouvez-mettre-a-jour-le-micrologiciel-de-votre-televiseur-avec-un-lecteur-usb\/"},"author":{"name":"Julien","@id":"https:\/\/vieassociative.be\/actualites\/#\/schema\/person\/b87ac4f82f9d4e7b7cec7395b679edc4"},"headline":"Vous pouvez mettre \u00e0 jour le micrologiciel de votre t\u00e9l\u00e9viseur avec un lecteur USB","datePublished":"2025-05-07T07:17:15+00:00","dateModified":"2025-05-07T07:17:15+00:00","mainEntityOfPage":{"@id":"https:\/\/vieassociative.be\/actualites\/vous-pouvez-mettre-a-jour-le-micrologiciel-de-votre-televiseur-avec-un-lecteur-usb\/"},"wordCount":939,"publisher":{"@id":"https:\/\/vieassociative.be\/actualites\/#organization"},"image":{"@id":"https:\/\/vieassociative.be\/actualites\/vous-pouvez-mettre-a-jour-le-micrologiciel-de-votre-televiseur-avec-un-lecteur-usb\/#primaryimage"},"thumbnailUrl":"https:\/\/vieassociative.be\/actualites\/wp-content\/uploads\/2025\/05\/Vous-pouvez-mettre-a-jour-le-micrologiciel-de-votre-televiseur.png","keywords":["avec","jour","lecteur","mettre","micrologiciel","pouvez","t\u00e9l\u00e9viseur","USB","votre","Vous"],"articleSection":["Technologie"],"inLanguage":"fr-BE"},{"@type":"WebPage","@id":"https:\/\/vieassociative.be\/actualites\/vous-pouvez-mettre-a-jour-le-micrologiciel-de-votre-televiseur-avec-un-lecteur-usb\/","url":"https:\/\/vieassociative.be\/actualites\/vous-pouvez-mettre-a-jour-le-micrologiciel-de-votre-televiseur-avec-un-lecteur-usb\/","name":"Vous pouvez mettre \u00e0 jour le micrologiciel de votre t\u00e9l\u00e9viseur avec un lecteur USB | Vie Associative","isPartOf":{"@id":"https:\/\/vieassociative.be\/actualites\/#website"},"primaryImageOfPage":{"@id":"https:\/\/vieassociative.be\/actualites\/vous-pouvez-mettre-a-jour-le-micrologiciel-de-votre-televiseur-avec-un-lecteur-usb\/#primaryimage"},"image":{"@id":"https:\/\/vieassociative.be\/actualites\/vous-pouvez-mettre-a-jour-le-micrologiciel-de-votre-televiseur-avec-un-lecteur-usb\/#primaryimage"},"thumbnailUrl":"https:\/\/vieassociative.be\/actualites\/wp-content\/uploads\/2025\/05\/Vous-pouvez-mettre-a-jour-le-micrologiciel-de-votre-televiseur.png","datePublished":"2025-05-07T07:17:15+00:00","dateModified":"2025-05-07T07:17:15+00:00","breadcrumb":{"@id":"https:\/\/vieassociative.be\/actualites\/vous-pouvez-mettre-a-jour-le-micrologiciel-de-votre-televiseur-avec-un-lecteur-usb\/#breadcrumb"},"inLanguage":"fr-BE","potentialAction":[{"@type":"ReadAction","target":["https:\/\/vieassociative.be\/actualites\/vous-pouvez-mettre-a-jour-le-micrologiciel-de-votre-televiseur-avec-un-lecteur-usb\/"]}]},{"@type":"ImageObject","inLanguage":"fr-BE","@id":"https:\/\/vieassociative.be\/actualites\/vous-pouvez-mettre-a-jour-le-micrologiciel-de-votre-televiseur-avec-un-lecteur-usb\/#primaryimage","url":"https:\/\/vieassociative.be\/actualites\/wp-content\/uploads\/2025\/05\/Vous-pouvez-mettre-a-jour-le-micrologiciel-de-votre-televiseur.png","contentUrl":"https:\/\/vieassociative.be\/actualites\/wp-content\/uploads\/2025\/05\/Vous-pouvez-mettre-a-jour-le-micrologiciel-de-votre-televiseur.png","width":1200,"height":675,"caption":"Vous pouvez mettre \u00e0 jour le micrologiciel de votre t\u00e9l\u00e9viseur avec un lecteur USB"},{"@type":"BreadcrumbList","@id":"https:\/\/vieassociative.be\/actualites\/vous-pouvez-mettre-a-jour-le-micrologiciel-de-votre-televiseur-avec-un-lecteur-usb\/#breadcrumb","itemListElement":[{"@type":"ListItem","position":1,"name":"Accueil","item":"https:\/\/vieassociative.be\/actualites\/"},{"@type":"ListItem","position":2,"name":"Vous pouvez mettre \u00e0 jour le micrologiciel de votre t\u00e9l\u00e9viseur avec un lecteur USB"}]},{"@type":"WebSite","@id":"https:\/\/vieassociative.be\/actualites\/#website","url":"https:\/\/vieassociative.be\/actualites\/","name":"Vie Associative","description":"","publisher":{"@id":"https:\/\/vieassociative.be\/actualites\/#organization"},"potentialAction":[{"@type":"SearchAction","target":{"@type":"EntryPoint","urlTemplate":"https:\/\/vieassociative.be\/actualites\/?s={search_term_string}"},"query-input":{"@type":"PropertyValueSpecification","valueRequired":true,"valueName":"search_term_string"}}],"inLanguage":"fr-BE"},{"@type":"Organization","@id":"https:\/\/vieassociative.be\/actualites\/#organization","name":"Vie Associative","url":"https:\/\/vieassociative.be\/actualites\/","logo":{"@type":"ImageObject","inLanguage":"fr-BE","@id":"https:\/\/vieassociative.be\/actualites\/#\/schema\/logo\/image\/","url":"https:\/\/vieassociative.be\/actualites\/wp-content\/uploads\/2024\/09\/cropped-vieassociative_favicon.ico.png","contentUrl":"https:\/\/vieassociative.be\/actualites\/wp-content\/uploads\/2024\/09\/cropped-vieassociative_favicon.ico.png","width":512,"height":512,"caption":"Vie Associative"},"image":{"@id":"https:\/\/vieassociative.be\/actualites\/#\/schema\/logo\/image\/"}},{"@type":"Person","@id":"https:\/\/vieassociative.be\/actualites\/#\/schema\/person\/b87ac4f82f9d4e7b7cec7395b679edc4","name":"Julien","image":{"@type":"ImageObject","inLanguage":"fr-BE","@id":"https:\/\/vieassociative.be\/actualites\/#\/schema\/person\/image\/","url":"https:\/\/vieassociative.be\/actualites\/wp-content\/uploads\/2024\/09\/vie-associative-1-150x150.jpg","contentUrl":"https:\/\/vieassociative.be\/actualites\/wp-content\/uploads\/2024\/09\/vie-associative-1-150x150.jpg","caption":"Julien"},"description":"Je suis Julien, r\u00e9dacteur pour Vie Associative. Passionn\u00e9 par le monde associatif depuis plus de 10 ans, j'ai \u00e0 c\u0153ur de partager des histoires inspirantes et de mettre en lumi\u00e8re les initiatives locales. Mon objectif est de sensibiliser et d'encourager l'engagement communautaire \u00e0 travers mes articles.","sameAs":["https:\/\/vieassociative.be\/"]}]}},"_links":{"self":[{"href":"https:\/\/vieassociative.be\/actualites\/wp-json\/wp\/v2\/posts\/7364"}],"collection":[{"href":"https:\/\/vieassociative.be\/actualites\/wp-json\/wp\/v2\/posts"}],"about":[{"href":"https:\/\/vieassociative.be\/actualites\/wp-json\/wp\/v2\/types\/post"}],"author":[{"embeddable":true,"href":"https:\/\/vieassociative.be\/actualites\/wp-json\/wp\/v2\/users\/1"}],"replies":[{"embeddable":true,"href":"https:\/\/vieassociative.be\/actualites\/wp-json\/wp\/v2\/comments?post=7364"}],"version-history":[{"count":0,"href":"https:\/\/vieassociative.be\/actualites\/wp-json\/wp\/v2\/posts\/7364\/revisions"}],"wp:featuredmedia":[{"embeddable":true,"href":"https:\/\/vieassociative.be\/actualites\/wp-json\/wp\/v2\/media\/7365"}],"wp:attachment":[{"href":"https:\/\/vieassociative.be\/actualites\/wp-json\/wp\/v2\/media?parent=7364"}],"wp:term":[{"taxonomy":"category","embeddable":true,"href":"https:\/\/vieassociative.be\/actualites\/wp-json\/wp\/v2\/categories?post=7364"},{"taxonomy":"post_tag","embeddable":true,"href":"https:\/\/vieassociative.be\/actualites\/wp-json\/wp\/v2\/tags?post=7364"}],"curies":[{"name":"wp","href":"https:\/\/api.w.org\/{rel}","templated":true}]}}