{"id":7356,"date":"2025-05-07T04:17:28","date_gmt":"2025-05-07T02:17:28","guid":{"rendered":"https:\/\/vieassociative.be\/actualites\/total-de-football-a-milan-apres-3-3-en-premiere-etape-linter-gagne-4-3-apres-lextension-contre-le-fc-barcelone\/"},"modified":"2025-05-07T04:17:28","modified_gmt":"2025-05-07T02:17:28","slug":"total-de-football-a-milan-apres-3-3-en-premiere-etape-linter-gagne-4-3-apres-lextension-contre-le-fc-barcelone","status":"publish","type":"post","link":"https:\/\/vieassociative.be\/actualites\/total-de-football-a-milan-apres-3-3-en-premiere-etape-linter-gagne-4-3-apres-lextension-contre-le-fc-barcelone\/","title":{"rendered":"Total de football \u00e0 Milan: Apr\u00e8s 3: 3 en premi\u00e8re \u00e9tape, l&rsquo;Inter gagne 4: 3 apr\u00e8s l&rsquo;extension contre le FC Barcelone"},"content":{"rendered":"<p><strong>Coeur de football, que voulez-vous de plus? Apr\u00e8s le spectaculaire 3: 3 en demi-finale en demi-finale en Espagne, l&rsquo;Inter Milan a remport\u00e9 le deuxi\u00e8me \u00e9tape 4: 3 par nomination et est donc en finale \u00e0 Munich.<\/strong><\/p>\n<p><span id=\"more-414999\"><\/span>L&rsquo;Inter Milan a mis fin \u00e0 Triple Dream de Hansi Flick et a atteint la finale de la Ligue des champions \u00e0 Munich. Une semaine apr\u00e8s le spectaculaire 3: 3 en premi\u00e8re \u00e9tape, les champions italiennes ont remport\u00e9 le match retour contre le FC Barcelone entra\u00een\u00e9 par l&rsquo;entra\u00eeneur national Flick avec 4: 3 (3: 3, 2: 0) apr\u00e8s l&rsquo;extension. Davide Frattesi a pris la d\u00e9cision sur une autre soir\u00e9e de football m\u00e9morable \u00e0 la 99e minute.<\/p>\n<div id=\"attachment_415016\" class=\"wp-caption alignleft\" style=\"max-width: 300px\"><img fetchpriority=\"high\" decoding=\"async\" class=\"wp-image-415016 size-medium\" src=\"https:\/\/vieassociative.be\/actualites\/wp-content\/uploads\/2025\/05\/Total-de-football-a-Milan-Apres-3-3-en-premiere.jpg\" alt=\"\" width=\"300\" height=\"200\"><\/p>\n<p class=\"wp-caption-text\">06.05.2025, Italie, Milan: Lautaro Martinez (10) d&rsquo;Inter Milan est encrass\u00e9e dans la zone de p\u00e9nalit\u00e9 de Barcelonas Pau Cubarsi. Photo: Spada \/ Lapresse \/ AP \/ DPA<\/p>\n<\/div>\n<p>Lautaro Martinez (21e minute), Hakan Calhanoglu via une p\u00e9nalit\u00e9 (45. + 1) et Francesco Acerbi (90. + 3) se sont r\u00e9unis en saison r\u00e9guli\u00e8re pour l&rsquo;Inter, qui est dans la classe royale en 2023. Le d\u00e9fenseur Eric Garcia a maintenant tourn\u00e9 le jeu Gripted avec son gibier avec ses nombreux twists.<\/p>\n<p><strong>&#8211; Inter maintenant contre PSG ou Arsenal:<\/strong> Il y a deux ans, Inter a perdu en finale contre Manchester City. Cette fois, le Nerazzurri rencontrera le Paris Saint-Germain ou l&rsquo;arsenal le 31 mai. Au cours du trimestre-finale, les Milanais avaient \u00e9limin\u00e9 le FC Bayern Munich.<\/p>\n<p>Flick peut \u00e9galement remporter le championnat apr\u00e8s le troph\u00e9e espagnol avec le Bar\u00e7a. Le r\u00eave de nettoyer les trois grands titres avec le Bayern en 2020, mais au moins cette saison est refus\u00e9e de 60 ans.<\/p>\n<p>Une semaine apr\u00e8s l&rsquo;\u00e9v\u00e9nement complet de l&rsquo;acc\u00e9l\u00e9rateur \u00e0 Barcelone, les deux \u00e9quipes ont commenc\u00e9 le jeu un peu plus contr\u00f4l\u00e9.<\/p>\n<div id=\"attachment_415007\" class=\"wp-caption alignleft\" style=\"max-width: 300px\"><img decoding=\"async\" class=\"wp-image-415007 size-medium\" src=\"https:\/\/vieassociative.be\/actualites\/wp-content\/uploads\/2025\/05\/1746584248_579_Total-de-football-a-Milan-Apres-3-3-en-premiere.jpg\" alt=\"\" width=\"300\" height=\"200\"><\/p>\n<p class=\"wp-caption-text\">06.05.2025, Italie, Milan: Barcelonas Dani Olmo (R) marque le deuxi\u00e8me but de son \u00e9quipe. Photo: Luca Bruno \/ AP \/ DPA<\/p>\n<\/div>\n<p>Apr\u00e8s 20 bonnes minutes, l&rsquo;inter-star Martinez a fourni de l&rsquo;ecstasy dans le stade Giuseppe-Mazza s\u00e9culaire. De toutes choses Martinez. Apr\u00e8s avoir d\u00fb sortir en premi\u00e8re \u00e9tape, l&rsquo;utilisation du champion du monde argentin avait \u00e9t\u00e9 ouverte.<\/p>\n<p>Apr\u00e8s une forte conqu\u00eate du ballon de Federico DiMarco au milieu de terrain, les h\u00f4tes sont all\u00e9s rapidement: Denzel Dumfries a pris les devants \u00e0 la fronti\u00e8re de la zone de p\u00e9nalit\u00e9 et Martinez, capitaine d&rsquo;Inters et chef \u00e9motionnel.<\/p>\n<p><strong>&#8211; counkschlag pour le Bar\u00e7a avant la pause:<\/strong> Le Bar\u00e7a a essay\u00e9 une r\u00e9ponse rapide, mais les campagnes offensives des Catalans n&rsquo;avaient pas la pr\u00e9cision n\u00e9cessaire. Le talent exceptionnel Lamine Yamal a parfois commenc\u00e9 ses dribbles redout\u00e9s, mais a lutt\u00e9 contre la d\u00e9fensive d&rsquo;Inter ce soir-l\u00e0 plus que la semaine derni\u00e8re.<\/p>\n<p>Peu avant la pause, le prochain revers pour le Bar\u00e7a: apr\u00e8s que l&rsquo;ancien Hambourg et Leverkusener Calhanoglu aient d&rsquo;abord laiss\u00e9 une grande chance (41.), il a marqu\u00e9 du point \u00e0 2-0. Pau Cubarsi avait commis une faute sur Martinez dans la r\u00e9partition des invit\u00e9s, l&rsquo;arbitre Szymon Marciniak de Pologne apr\u00e8s un indice de l&rsquo;assistant vid\u00e9o, puis a d\u00e9cid\u00e9 d&rsquo;une p\u00e9nalit\u00e9 \u00e0 l&rsquo;agacement de Flick.<\/p>\n<div id=\"attachment_415011\" class=\"wp-caption alignleft\" style=\"max-width: 300px\"><img decoding=\"async\" class=\"wp-image-415011 size-medium\" src=\"https:\/\/vieassociative.be\/actualites\/wp-content\/uploads\/2025\/05\/1746584248_438_Total-de-football-a-Milan-Apres-3-3-en-premiere.jpg\" alt=\"\" width=\"300\" height=\"200\"><\/p>\n<p class=\"wp-caption-text\">06.05.2025, Italie, Milan: Davide Frattesi d&rsquo;Inter Milan a applaudi apr\u00e8s le quatri\u00e8me but de son \u00e9quipe. Photo: Luca Bruno \/ AP \/ DPA<\/p>\n<\/div>\n<p><strong>-Two Bar\u00e7a buts en six minutes:<\/strong> En seconde p\u00e9riode, les deux \u00e9quipes se sont offertes \u00e0 presque aucune pause. Eric Garcia a frapp\u00e9 la connexion par acceptation directe. Il a fait des allers-retours. L&rsquo;ancien gardien de but de Bundesliga, Yann Sommer, a emp\u00each\u00e9 le prochain but du d\u00e9fenseur (57e) avec un d\u00e9fil\u00e9 de classe mondiale avant que Barcelonas Olmo ne fasse la compensation.<\/p>\n<p>Une bonne 20 minutes avant la fin, l&rsquo;arbitre Marciniak a d\u00e9cid\u00e9 apr\u00e8s une faute de Henrich Mchitarjan sur Yamal, mais ensuite sur le coup franc pour le Bar\u00e7a. Dans la phase finale, les \u00e9v\u00e9nements se sont renvers\u00e9s \u00e0 nouveau: Raphinha a rencontr\u00e9 3-2 pour les Espagnols, Yamal apr\u00e8s seulement le poteau (90. + 3) &#8211; puis interdit Acerbi en fait encore 3: 3.<\/p>\n<p>Dans l&rsquo;extension, le Bar\u00e7a esp\u00e9rait des impulsions fra\u00eeches de son attaquant star du rempla\u00e7ant Robert Lewandowski, qui a \u00e9t\u00e9 r\u00e9cemment bless\u00e9. Mais Inters Joker Stach: le bas de Frattesi \u00e0 4: 3, auquel les invit\u00e9s n&rsquo;ont plus r\u00e9pondu malgr\u00e9 tous les efforts, la triple r\u00eave de Flick s&rsquo;est termin\u00e9. (DPA)<\/p>\n","protected":false},"excerpt":{"rendered":"<p>Coeur de football, que voulez-vous de plus? Apr\u00e8s le spectaculaire 3: 3 en demi-finale en demi-finale en Espagne, l&rsquo;Inter Milan a remport\u00e9 le deuxi\u00e8me \u00e9tape<\/p>\n","protected":false},"author":1,"featured_media":7357,"comment_status":"","ping_status":"","sticky":false,"template":"","format":"standard","meta":{"footnotes":""},"categories":[298],"tags":[472,371,796,3763,1104,2299,1981,5811,6267,610,6856],"class_list":["post-7356","post","type-post","status-publish","format-standard","has-post-thumbnail","hentry","category-belgique","tag-apres","tag-barcelone","tag-contre","tag-etape","tag-football","tag-gagne","tag-lextension","tag-linter","tag-milan","tag-premiere","tag-total","generate-columns","tablet-grid-50","mobile-grid-100","grid-parent","grid-33"],"yoast_head":"<!-- This site is optimized with the Yoast SEO plugin v24.0 - https:\/\/yoast.com\/wordpress\/plugins\/seo\/ -->\n<title>Total de football \u00e0 Milan: Apr\u00e8s 3: 3 en premi\u00e8re \u00e9tape, l&#039;Inter gagne 4: 3 apr\u00e8s l&#039;extension contre le FC Barcelone | Vie Associative<\/title>\n<meta name=\"robots\" content=\"index, follow, max-snippet:-1, max-image-preview:large, max-video-preview:-1\" \/>\n<link rel=\"canonical\" href=\"https:\/\/vieassociative.be\/actualites\/total-de-football-a-milan-apres-3-3-en-premiere-etape-linter-gagne-4-3-apres-lextension-contre-le-fc-barcelone\/\" \/>\n<meta property=\"og:locale\" content=\"fr_FR\" \/>\n<meta property=\"og:type\" content=\"article\" \/>\n<meta property=\"og:title\" content=\"Total de football \u00e0 Milan: Apr\u00e8s 3: 3 en premi\u00e8re \u00e9tape, l&#039;Inter gagne 4: 3 apr\u00e8s l&#039;extension contre le FC Barcelone | Vie Associative\" \/>\n<meta property=\"og:description\" content=\"Coeur de football, que voulez-vous de plus? Apr\u00e8s le spectaculaire 3: 3 en demi-finale en demi-finale en Espagne, l&rsquo;Inter Milan a remport\u00e9 le deuxi\u00e8me \u00e9tape\" \/>\n<meta property=\"og:url\" content=\"https:\/\/vieassociative.be\/actualites\/total-de-football-a-milan-apres-3-3-en-premiere-etape-linter-gagne-4-3-apres-lextension-contre-le-fc-barcelone\/\" \/>\n<meta property=\"og:site_name\" content=\"Vie Associative\" \/>\n<meta property=\"article:published_time\" content=\"2025-05-07T02:17:28+00:00\" \/>\n<meta property=\"og:image\" content=\"https:\/\/vieassociative.be\/actualites\/wp-content\/uploads\/2024\/09\/header_backgroundk-01-e1726694325946.png\" \/>\n\t<meta property=\"og:image:width\" content=\"279\" \/>\n\t<meta property=\"og:image:height\" content=\"92\" \/>\n\t<meta property=\"og:image:type\" content=\"image\/png\" \/>\n<meta name=\"author\" content=\"Julien\" \/>\n<meta name=\"twitter:card\" content=\"summary_large_image\" \/>\n<meta name=\"twitter:label1\" content=\"\u00c9crit par\" \/>\n\t<meta name=\"twitter:data1\" content=\"Julien\" \/>\n\t<meta name=\"twitter:label2\" content=\"Dur\u00e9e de lecture est.\" \/>\n\t<meta name=\"twitter:data2\" content=\"4 minutes\" \/>\n<script type=\"application\/ld+json\" class=\"yoast-schema-graph\">{\"@context\":\"https:\/\/schema.org\",\"@graph\":[{\"@type\":\"Article\",\"@id\":\"https:\/\/vieassociative.be\/actualites\/total-de-football-a-milan-apres-3-3-en-premiere-etape-linter-gagne-4-3-apres-lextension-contre-le-fc-barcelone\/#article\",\"isPartOf\":{\"@id\":\"https:\/\/vieassociative.be\/actualites\/total-de-football-a-milan-apres-3-3-en-premiere-etape-linter-gagne-4-3-apres-lextension-contre-le-fc-barcelone\/\"},\"author\":{\"name\":\"Julien\",\"@id\":\"https:\/\/vieassociative.be\/actualites\/#\/schema\/person\/b87ac4f82f9d4e7b7cec7395b679edc4\"},\"headline\":\"Total de football \u00e0 Milan: Apr\u00e8s 3: 3 en premi\u00e8re \u00e9tape, l&rsquo;Inter gagne 4: 3 apr\u00e8s l&rsquo;extension contre le FC Barcelone\",\"datePublished\":\"2025-05-07T02:17:28+00:00\",\"dateModified\":\"2025-05-07T02:17:28+00:00\",\"mainEntityOfPage\":{\"@id\":\"https:\/\/vieassociative.be\/actualites\/total-de-football-a-milan-apres-3-3-en-premiere-etape-linter-gagne-4-3-apres-lextension-contre-le-fc-barcelone\/\"},\"wordCount\":769,\"publisher\":{\"@id\":\"https:\/\/vieassociative.be\/actualites\/#organization\"},\"image\":{\"@id\":\"https:\/\/vieassociative.be\/actualites\/total-de-football-a-milan-apres-3-3-en-premiere-etape-linter-gagne-4-3-apres-lextension-contre-le-fc-barcelone\/#primaryimage\"},\"thumbnailUrl\":\"https:\/\/vieassociative.be\/actualites\/wp-content\/uploads\/2025\/05\/1746584248_Total-de-football-a-Milan-Apres-3-3-en-premiere.jpg\",\"keywords\":[\"Apr\u00e8s\",\"Barcelone\",\"contre\",\"\u00e9tape\",\"football\",\"gagn\u00e9\",\"lextension\",\"lInter\",\"Milan\",\"premi\u00e8re\",\"Total\"],\"articleSection\":[\"Belgique\"],\"inLanguage\":\"fr-BE\"},{\"@type\":\"WebPage\",\"@id\":\"https:\/\/vieassociative.be\/actualites\/total-de-football-a-milan-apres-3-3-en-premiere-etape-linter-gagne-4-3-apres-lextension-contre-le-fc-barcelone\/\",\"url\":\"https:\/\/vieassociative.be\/actualites\/total-de-football-a-milan-apres-3-3-en-premiere-etape-linter-gagne-4-3-apres-lextension-contre-le-fc-barcelone\/\",\"name\":\"Total de football \u00e0 Milan: Apr\u00e8s 3: 3 en premi\u00e8re \u00e9tape, l'Inter gagne 4: 3 apr\u00e8s l'extension contre le FC Barcelone | Vie Associative\",\"isPartOf\":{\"@id\":\"https:\/\/vieassociative.be\/actualites\/#website\"},\"primaryImageOfPage\":{\"@id\":\"https:\/\/vieassociative.be\/actualites\/total-de-football-a-milan-apres-3-3-en-premiere-etape-linter-gagne-4-3-apres-lextension-contre-le-fc-barcelone\/#primaryimage\"},\"image\":{\"@id\":\"https:\/\/vieassociative.be\/actualites\/total-de-football-a-milan-apres-3-3-en-premiere-etape-linter-gagne-4-3-apres-lextension-contre-le-fc-barcelone\/#primaryimage\"},\"thumbnailUrl\":\"https:\/\/vieassociative.be\/actualites\/wp-content\/uploads\/2025\/05\/1746584248_Total-de-football-a-Milan-Apres-3-3-en-premiere.jpg\",\"datePublished\":\"2025-05-07T02:17:28+00:00\",\"dateModified\":\"2025-05-07T02:17:28+00:00\",\"breadcrumb\":{\"@id\":\"https:\/\/vieassociative.be\/actualites\/total-de-football-a-milan-apres-3-3-en-premiere-etape-linter-gagne-4-3-apres-lextension-contre-le-fc-barcelone\/#breadcrumb\"},\"inLanguage\":\"fr-BE\",\"potentialAction\":[{\"@type\":\"ReadAction\",\"target\":[\"https:\/\/vieassociative.be\/actualites\/total-de-football-a-milan-apres-3-3-en-premiere-etape-linter-gagne-4-3-apres-lextension-contre-le-fc-barcelone\/\"]}]},{\"@type\":\"ImageObject\",\"inLanguage\":\"fr-BE\",\"@id\":\"https:\/\/vieassociative.be\/actualites\/total-de-football-a-milan-apres-3-3-en-premiere-etape-linter-gagne-4-3-apres-lextension-contre-le-fc-barcelone\/#primaryimage\",\"url\":\"https:\/\/vieassociative.be\/actualites\/wp-content\/uploads\/2025\/05\/1746584248_Total-de-football-a-Milan-Apres-3-3-en-premiere.jpg\",\"contentUrl\":\"https:\/\/vieassociative.be\/actualites\/wp-content\/uploads\/2025\/05\/1746584248_Total-de-football-a-Milan-Apres-3-3-en-premiere.jpg\",\"width\":1200,\"height\":800,\"caption\":\"Total de football \u00e0 Milan: Apr\u00e8s 3: 3 en premi\u00e8re \u00e9tape, l'Inter gagne 4: 3 apr\u00e8s l'extension contre le FC Barcelone\"},{\"@type\":\"BreadcrumbList\",\"@id\":\"https:\/\/vieassociative.be\/actualites\/total-de-football-a-milan-apres-3-3-en-premiere-etape-linter-gagne-4-3-apres-lextension-contre-le-fc-barcelone\/#breadcrumb\",\"itemListElement\":[{\"@type\":\"ListItem\",\"position\":1,\"name\":\"Accueil\",\"item\":\"https:\/\/vieassociative.be\/actualites\/\"},{\"@type\":\"ListItem\",\"position\":2,\"name\":\"Total de football \u00e0 Milan: Apr\u00e8s 3: 3 en premi\u00e8re \u00e9tape, l&rsquo;Inter gagne 4: 3 apr\u00e8s l&rsquo;extension contre le FC Barcelone\"}]},{\"@type\":\"WebSite\",\"@id\":\"https:\/\/vieassociative.be\/actualites\/#website\",\"url\":\"https:\/\/vieassociative.be\/actualites\/\",\"name\":\"Vie Associative\",\"description\":\"\",\"publisher\":{\"@id\":\"https:\/\/vieassociative.be\/actualites\/#organization\"},\"potentialAction\":[{\"@type\":\"SearchAction\",\"target\":{\"@type\":\"EntryPoint\",\"urlTemplate\":\"https:\/\/vieassociative.be\/actualites\/?s={search_term_string}\"},\"query-input\":{\"@type\":\"PropertyValueSpecification\",\"valueRequired\":true,\"valueName\":\"search_term_string\"}}],\"inLanguage\":\"fr-BE\"},{\"@type\":\"Organization\",\"@id\":\"https:\/\/vieassociative.be\/actualites\/#organization\",\"name\":\"Vie Associative\",\"url\":\"https:\/\/vieassociative.be\/actualites\/\",\"logo\":{\"@type\":\"ImageObject\",\"inLanguage\":\"fr-BE\",\"@id\":\"https:\/\/vieassociative.be\/actualites\/#\/schema\/logo\/image\/\",\"url\":\"https:\/\/vieassociative.be\/actualites\/wp-content\/uploads\/2024\/09\/cropped-vieassociative_favicon.ico.png\",\"contentUrl\":\"https:\/\/vieassociative.be\/actualites\/wp-content\/uploads\/2024\/09\/cropped-vieassociative_favicon.ico.png\",\"width\":512,\"height\":512,\"caption\":\"Vie Associative\"},\"image\":{\"@id\":\"https:\/\/vieassociative.be\/actualites\/#\/schema\/logo\/image\/\"}},{\"@type\":\"Person\",\"@id\":\"https:\/\/vieassociative.be\/actualites\/#\/schema\/person\/b87ac4f82f9d4e7b7cec7395b679edc4\",\"name\":\"Julien\",\"image\":{\"@type\":\"ImageObject\",\"inLanguage\":\"fr-BE\",\"@id\":\"https:\/\/vieassociative.be\/actualites\/#\/schema\/person\/image\/\",\"url\":\"https:\/\/vieassociative.be\/actualites\/wp-content\/uploads\/2024\/09\/vie-associative-1-150x150.jpg\",\"contentUrl\":\"https:\/\/vieassociative.be\/actualites\/wp-content\/uploads\/2024\/09\/vie-associative-1-150x150.jpg\",\"caption\":\"Julien\"},\"description\":\"Je suis Julien, r\u00e9dacteur pour Vie Associative. Passionn\u00e9 par le monde associatif depuis plus de 10 ans, j'ai \u00e0 c\u0153ur de partager des histoires inspirantes et de mettre en lumi\u00e8re les initiatives locales. Mon objectif est de sensibiliser et d'encourager l'engagement communautaire \u00e0 travers mes articles.\",\"sameAs\":[\"https:\/\/vieassociative.be\/\"]}]}<\/script>\n<!-- \/ Yoast SEO plugin. -->","yoast_head_json":{"title":"Total de football \u00e0 Milan: Apr\u00e8s 3: 3 en premi\u00e8re \u00e9tape, l'Inter gagne 4: 3 apr\u00e8s l'extension contre le FC Barcelone | Vie Associative","robots":{"index":"index","follow":"follow","max-snippet":"max-snippet:-1","max-image-preview":"max-image-preview:large","max-video-preview":"max-video-preview:-1"},"canonical":"https:\/\/vieassociative.be\/actualites\/total-de-football-a-milan-apres-3-3-en-premiere-etape-linter-gagne-4-3-apres-lextension-contre-le-fc-barcelone\/","og_locale":"fr_FR","og_type":"article","og_title":"Total de football \u00e0 Milan: Apr\u00e8s 3: 3 en premi\u00e8re \u00e9tape, l'Inter gagne 4: 3 apr\u00e8s l'extension contre le FC Barcelone | Vie Associative","og_description":"Coeur de football, que voulez-vous de plus? Apr\u00e8s le spectaculaire 3: 3 en demi-finale en demi-finale en Espagne, l&rsquo;Inter Milan a remport\u00e9 le deuxi\u00e8me \u00e9tape","og_url":"https:\/\/vieassociative.be\/actualites\/total-de-football-a-milan-apres-3-3-en-premiere-etape-linter-gagne-4-3-apres-lextension-contre-le-fc-barcelone\/","og_site_name":"Vie Associative","article_published_time":"2025-05-07T02:17:28+00:00","og_image":[{"width":279,"height":92,"url":"https:\/\/vieassociative.be\/actualites\/wp-content\/uploads\/2024\/09\/header_backgroundk-01-e1726694325946.png","type":"image\/png"}],"author":"Julien","twitter_card":"summary_large_image","twitter_misc":{"\u00c9crit par":"Julien","Dur\u00e9e de lecture est.":"4 minutes"},"schema":{"@context":"https:\/\/schema.org","@graph":[{"@type":"Article","@id":"https:\/\/vieassociative.be\/actualites\/total-de-football-a-milan-apres-3-3-en-premiere-etape-linter-gagne-4-3-apres-lextension-contre-le-fc-barcelone\/#article","isPartOf":{"@id":"https:\/\/vieassociative.be\/actualites\/total-de-football-a-milan-apres-3-3-en-premiere-etape-linter-gagne-4-3-apres-lextension-contre-le-fc-barcelone\/"},"author":{"name":"Julien","@id":"https:\/\/vieassociative.be\/actualites\/#\/schema\/person\/b87ac4f82f9d4e7b7cec7395b679edc4"},"headline":"Total de football \u00e0 Milan: Apr\u00e8s 3: 3 en premi\u00e8re \u00e9tape, l&rsquo;Inter gagne 4: 3 apr\u00e8s l&rsquo;extension contre le FC Barcelone","datePublished":"2025-05-07T02:17:28+00:00","dateModified":"2025-05-07T02:17:28+00:00","mainEntityOfPage":{"@id":"https:\/\/vieassociative.be\/actualites\/total-de-football-a-milan-apres-3-3-en-premiere-etape-linter-gagne-4-3-apres-lextension-contre-le-fc-barcelone\/"},"wordCount":769,"publisher":{"@id":"https:\/\/vieassociative.be\/actualites\/#organization"},"image":{"@id":"https:\/\/vieassociative.be\/actualites\/total-de-football-a-milan-apres-3-3-en-premiere-etape-linter-gagne-4-3-apres-lextension-contre-le-fc-barcelone\/#primaryimage"},"thumbnailUrl":"https:\/\/vieassociative.be\/actualites\/wp-content\/uploads\/2025\/05\/1746584248_Total-de-football-a-Milan-Apres-3-3-en-premiere.jpg","keywords":["Apr\u00e8s","Barcelone","contre","\u00e9tape","football","gagn\u00e9","lextension","lInter","Milan","premi\u00e8re","Total"],"articleSection":["Belgique"],"inLanguage":"fr-BE"},{"@type":"WebPage","@id":"https:\/\/vieassociative.be\/actualites\/total-de-football-a-milan-apres-3-3-en-premiere-etape-linter-gagne-4-3-apres-lextension-contre-le-fc-barcelone\/","url":"https:\/\/vieassociative.be\/actualites\/total-de-football-a-milan-apres-3-3-en-premiere-etape-linter-gagne-4-3-apres-lextension-contre-le-fc-barcelone\/","name":"Total de football \u00e0 Milan: Apr\u00e8s 3: 3 en premi\u00e8re \u00e9tape, l'Inter gagne 4: 3 apr\u00e8s l'extension contre le FC Barcelone | Vie Associative","isPartOf":{"@id":"https:\/\/vieassociative.be\/actualites\/#website"},"primaryImageOfPage":{"@id":"https:\/\/vieassociative.be\/actualites\/total-de-football-a-milan-apres-3-3-en-premiere-etape-linter-gagne-4-3-apres-lextension-contre-le-fc-barcelone\/#primaryimage"},"image":{"@id":"https:\/\/vieassociative.be\/actualites\/total-de-football-a-milan-apres-3-3-en-premiere-etape-linter-gagne-4-3-apres-lextension-contre-le-fc-barcelone\/#primaryimage"},"thumbnailUrl":"https:\/\/vieassociative.be\/actualites\/wp-content\/uploads\/2025\/05\/1746584248_Total-de-football-a-Milan-Apres-3-3-en-premiere.jpg","datePublished":"2025-05-07T02:17:28+00:00","dateModified":"2025-05-07T02:17:28+00:00","breadcrumb":{"@id":"https:\/\/vieassociative.be\/actualites\/total-de-football-a-milan-apres-3-3-en-premiere-etape-linter-gagne-4-3-apres-lextension-contre-le-fc-barcelone\/#breadcrumb"},"inLanguage":"fr-BE","potentialAction":[{"@type":"ReadAction","target":["https:\/\/vieassociative.be\/actualites\/total-de-football-a-milan-apres-3-3-en-premiere-etape-linter-gagne-4-3-apres-lextension-contre-le-fc-barcelone\/"]}]},{"@type":"ImageObject","inLanguage":"fr-BE","@id":"https:\/\/vieassociative.be\/actualites\/total-de-football-a-milan-apres-3-3-en-premiere-etape-linter-gagne-4-3-apres-lextension-contre-le-fc-barcelone\/#primaryimage","url":"https:\/\/vieassociative.be\/actualites\/wp-content\/uploads\/2025\/05\/1746584248_Total-de-football-a-Milan-Apres-3-3-en-premiere.jpg","contentUrl":"https:\/\/vieassociative.be\/actualites\/wp-content\/uploads\/2025\/05\/1746584248_Total-de-football-a-Milan-Apres-3-3-en-premiere.jpg","width":1200,"height":800,"caption":"Total de football \u00e0 Milan: Apr\u00e8s 3: 3 en premi\u00e8re \u00e9tape, l'Inter gagne 4: 3 apr\u00e8s l'extension contre le FC Barcelone"},{"@type":"BreadcrumbList","@id":"https:\/\/vieassociative.be\/actualites\/total-de-football-a-milan-apres-3-3-en-premiere-etape-linter-gagne-4-3-apres-lextension-contre-le-fc-barcelone\/#breadcrumb","itemListElement":[{"@type":"ListItem","position":1,"name":"Accueil","item":"https:\/\/vieassociative.be\/actualites\/"},{"@type":"ListItem","position":2,"name":"Total de football \u00e0 Milan: Apr\u00e8s 3: 3 en premi\u00e8re \u00e9tape, l&rsquo;Inter gagne 4: 3 apr\u00e8s l&rsquo;extension contre le FC Barcelone"}]},{"@type":"WebSite","@id":"https:\/\/vieassociative.be\/actualites\/#website","url":"https:\/\/vieassociative.be\/actualites\/","name":"Vie Associative","description":"","publisher":{"@id":"https:\/\/vieassociative.be\/actualites\/#organization"},"potentialAction":[{"@type":"SearchAction","target":{"@type":"EntryPoint","urlTemplate":"https:\/\/vieassociative.be\/actualites\/?s={search_term_string}"},"query-input":{"@type":"PropertyValueSpecification","valueRequired":true,"valueName":"search_term_string"}}],"inLanguage":"fr-BE"},{"@type":"Organization","@id":"https:\/\/vieassociative.be\/actualites\/#organization","name":"Vie Associative","url":"https:\/\/vieassociative.be\/actualites\/","logo":{"@type":"ImageObject","inLanguage":"fr-BE","@id":"https:\/\/vieassociative.be\/actualites\/#\/schema\/logo\/image\/","url":"https:\/\/vieassociative.be\/actualites\/wp-content\/uploads\/2024\/09\/cropped-vieassociative_favicon.ico.png","contentUrl":"https:\/\/vieassociative.be\/actualites\/wp-content\/uploads\/2024\/09\/cropped-vieassociative_favicon.ico.png","width":512,"height":512,"caption":"Vie Associative"},"image":{"@id":"https:\/\/vieassociative.be\/actualites\/#\/schema\/logo\/image\/"}},{"@type":"Person","@id":"https:\/\/vieassociative.be\/actualites\/#\/schema\/person\/b87ac4f82f9d4e7b7cec7395b679edc4","name":"Julien","image":{"@type":"ImageObject","inLanguage":"fr-BE","@id":"https:\/\/vieassociative.be\/actualites\/#\/schema\/person\/image\/","url":"https:\/\/vieassociative.be\/actualites\/wp-content\/uploads\/2024\/09\/vie-associative-1-150x150.jpg","contentUrl":"https:\/\/vieassociative.be\/actualites\/wp-content\/uploads\/2024\/09\/vie-associative-1-150x150.jpg","caption":"Julien"},"description":"Je suis Julien, r\u00e9dacteur pour Vie Associative. Passionn\u00e9 par le monde associatif depuis plus de 10 ans, j'ai \u00e0 c\u0153ur de partager des histoires inspirantes et de mettre en lumi\u00e8re les initiatives locales. Mon objectif est de sensibiliser et d'encourager l'engagement communautaire \u00e0 travers mes articles.","sameAs":["https:\/\/vieassociative.be\/"]}]}},"_links":{"self":[{"href":"https:\/\/vieassociative.be\/actualites\/wp-json\/wp\/v2\/posts\/7356"}],"collection":[{"href":"https:\/\/vieassociative.be\/actualites\/wp-json\/wp\/v2\/posts"}],"about":[{"href":"https:\/\/vieassociative.be\/actualites\/wp-json\/wp\/v2\/types\/post"}],"author":[{"embeddable":true,"href":"https:\/\/vieassociative.be\/actualites\/wp-json\/wp\/v2\/users\/1"}],"replies":[{"embeddable":true,"href":"https:\/\/vieassociative.be\/actualites\/wp-json\/wp\/v2\/comments?post=7356"}],"version-history":[{"count":0,"href":"https:\/\/vieassociative.be\/actualites\/wp-json\/wp\/v2\/posts\/7356\/revisions"}],"wp:featuredmedia":[{"embeddable":true,"href":"https:\/\/vieassociative.be\/actualites\/wp-json\/wp\/v2\/media\/7357"}],"wp:attachment":[{"href":"https:\/\/vieassociative.be\/actualites\/wp-json\/wp\/v2\/media?parent=7356"}],"wp:term":[{"taxonomy":"category","embeddable":true,"href":"https:\/\/vieassociative.be\/actualites\/wp-json\/wp\/v2\/categories?post=7356"},{"taxonomy":"post_tag","embeddable":true,"href":"https:\/\/vieassociative.be\/actualites\/wp-json\/wp\/v2\/tags?post=7356"}],"curies":[{"name":"wp","href":"https:\/\/api.w.org\/{rel}","templated":true}]}}