{"id":7345,"date":"2025-05-06T18:18:06","date_gmt":"2025-05-06T16:18:06","guid":{"rendered":"https:\/\/vieassociative.be\/actualites\/pourquoi-vous-ne-pouvez-pas-obtenir-toutes-vos-proteines-de-la-poudre-de-collagene\/"},"modified":"2025-05-06T18:18:06","modified_gmt":"2025-05-06T16:18:06","slug":"pourquoi-vous-ne-pouvez-pas-obtenir-toutes-vos-proteines-de-la-poudre-de-collagene","status":"publish","type":"post","link":"https:\/\/vieassociative.be\/actualites\/pourquoi-vous-ne-pouvez-pas-obtenir-toutes-vos-proteines-de-la-poudre-de-collagene\/","title":{"rendered":"Pourquoi vous ne pouvez pas obtenir toutes vos prot\u00e9ines de la poudre de collag\u00e8ne"},"content":{"rendered":"<div class=\"mt-4 leading-6 md:mb-8\">Le collag\u00e8ne est en effet une prot\u00e9ine, mais il est incomplet &#8211; il ne devrait donc pas compenser trop de votre apport en prot\u00e9ines totales.<\/div>\n<p><\/p>\n<p>La poudre de collag\u00e8ne est devenue de plus en plus populaire en tant que suppl\u00e9ment &#8211; elle n&rsquo;est plus seulement pour la sant\u00e9 de la peau, mais aussi utilis\u00e9e par les athl\u00e8tes. Cela soul\u00e8ve une question: si vous prenez du collag\u00e8ne pour ses avantages potentiels pour vos tendons et vos articulations, <em>et<\/em> Vous mangez \u00e9galement beaucoup de prot\u00e9ines pour que vous puissiez gagner ou maintenir des muscles, si vous comptez vos suppl\u00e9ments de collag\u00e8ne pour votre apport quotidien en prot\u00e9ines? Pour r\u00e9pondre \u00e0 cela, je dois vous dire un peu ce qu&rsquo;est le collag\u00e8ne et comment cela fonctionne dans notre corps lorsqu&rsquo;il est ing\u00e9r\u00e9.<\/p>\n<h2 id=\"what-is-collagen-anyway\">Qu&rsquo;est-ce que le collag\u00e8ne, de toute fa\u00e7on? <\/h2>\n<p>Le collag\u00e8ne est une prot\u00e9ine qui se trouve dans nos tissus conjonctifs. Il constitue des parties de nos tendons, ligaments, cartilage, peau, fascia, etc. Nous n&rsquo;avons pas besoin d&rsquo;obtenir du collag\u00e8ne dans notre alimentation tant que notre alimentation nous donne les ingr\u00e9dients dont nous avons besoin pour le faire &#8211; notre corps peut construire du collag\u00e8ne \u00e0 partir des acides amin\u00e9s que nous obtenons de divers aliments riches en prot\u00e9ines. <\/p>\n<p>(Fait amusant: l&rsquo;une des raisons pour lesquelles la vitamine C est si importante est qu&rsquo;elle est n\u00e9cessaire d&rsquo;installer correctement les prot\u00e9ines de collag\u00e8ne dans nos tissus conjonctifs. Sans la vitamine C, nos corps ne peuvent pas relier les volets du collag\u00e8ne, conduisant \u00e0 la condition connue sous le nom de scorbut. Les dents tombent peut-\u00eatre les sympt\u00f4mes embl\u00e9matiques, mais tout ce qui peut \u00eatre raccourci.<\/p>\n<p>La g\u00e9latine, comme celle que vous pouvez acheter pour faire Jell-O ou pour faire du bouillon de poulet achet\u00e9 en magasin, c&rsquo;est \u00e0 peu pr\u00e8s tout le collag\u00e8ne. Il est fabriqu\u00e9 \u00e0 partir des peaux (pas des sabots, d\u00e9sol\u00e9) d&rsquo;animaux comme des vaches et des porcs qui ont \u00e9t\u00e9 abattus pour leur viande. <\/p>\n<p>Mais lorsque vous achetez un suppl\u00e9ment de collag\u00e8ne, il s&rsquo;agit g\u00e9n\u00e9ralement de collag\u00e8ne \u00abhydrolys\u00e9\u00bb ou de \u00abpeptides de collag\u00e8ne\u00bb. Cela signifie que, contrairement \u00e0 la g\u00e9latine, les cha\u00eenes de collag\u00e8ne ici ont \u00e9t\u00e9 coup\u00e9es en petits morceaux. Cela permet d&rsquo;ajouter la poudre de collag\u00e8ne aux liquides sans les transformer en gel. <\/p>\n<h2 id=\"what-happens-to-collagen-when-we-eat-it\">Qu&rsquo;arrive-t-il au collag\u00e8ne lorsque nous le mangeons? <\/h2>\n<p>Toutes les prot\u00e9ines sont en acides amin\u00e9s. Lorsque nous mangeons quelque chose contenant des prot\u00e9ines, que ce soit un steak ou un soja, notre corps le d\u00e9monte et utilise les acides amin\u00e9s pour construire toutes les prot\u00e9ines <em>nous<\/em> Vous voulez, comme les fibres musculaires ou les enzymes digestives ou, oui, le tissu conjonctif.<\/p>\n<p>Il y a des preuves sugg\u00e9rant que parfois, les peptides de collag\u00e8ne &#8211; des cha\u00eenes \u00e0 base d&rsquo;acides amin\u00e9s &#8211; ne sont pas compl\u00e8tement bris\u00e9es lorsque nous les mangeons. Il est \u00e9galement possible que l&rsquo;un des acides amin\u00e9s du collag\u00e8ne, l&rsquo;hydroxyproline, agit comme un signal \u00e0 notre corps pour faire plus de notre propre collag\u00e8ne. <\/p>\n<p>C&rsquo;est pourquoi je suis ouvert \u00e0 la possibilit\u00e9 que la poudre de collag\u00e8ne soit en fait un suppl\u00e9ment utile, et pas seulement une poudre de prot\u00e9ines de second ordre. Je prends moi-m\u00eame un suppl\u00e9ment de collag\u00e8ne, dans l&rsquo;espoir que cela pourrait profiter \u00e0 ma sant\u00e9 conjointe. Cela dit, je suis pleinement d&rsquo;accord avec la possibilit\u00e9 que je me trompe, et c&rsquo;est totalement un placebo, et j&rsquo;ai gaspill\u00e9 mon argent. Nous pouvons tous faire un pari frivole de temps en temps.<\/p>\n<h2 id=\"so-does-collagen-count-as-protein\">Le collag\u00e8ne compte-t-il donc comme des prot\u00e9ines? <\/h2>\n<p>Collag\u00e8ne <em>est<\/em> une prot\u00e9ine, mais c&rsquo;est aussi un <em>incomplet<\/em> prot\u00e9ine. De tous les acides amin\u00e9s que notre corps utilise, environ neuf d&rsquo;entre eux sont consid\u00e9r\u00e9s comme essentiels, ce qui signifie que nous devons les obtenir des aliments que nous mangeons. Une \u00abprot\u00e9ine compl\u00e8te\u00bb est celle qui comprend les neuf acides amin\u00e9s. Les viandes et les produits laitiers contiennent des prot\u00e9ines compl\u00e8tes; Tofu aussi.<\/p>\n<div class=\"pogoClear relative my-10 border-b-(1.5px) border-t-(1.5px) border-dashed border-black py-5 sm:my-14 sm:border-0 sm:py-0\" data-ga-click data-ga-template=\"Explainers\" data-ga-module=\"openweb_widget\" data-ga-element=\"openweb_scroll\" data-ga-item=\"openweb_scroll_midpage\" x-cloak x-data=\"{ commentsCount: null, hasComments: false }\" x-init=\"commentsCount = await window.openweb.getMessagesCount(115570);\n     hasComments = commentsCount !== null &amp;&amp; commentsCount &gt; 0\"><\/p>\n<div class=\"absolute top-1\/2 hidden w-full -translate-y-1\/2 border-t-(1.5px) border-dashed border-black sm:block\"><\/div>\n<div class=\"relative flex justify-center\">\n<div class=\"flex max-w-max items-center gap-x-3 bg-white px-5\">\n<div class=\"relative\">\n                <span class=\"absolute left-1\/2 top-1\/2 -translate-x-1\/2 -translate-y-1\/2 font-akshar text-sm font-medium text-black\" x-show=\"hasComments\" x-text=\"commentsCount\"><\/span><\/p>\n<p>                <svg class=\"h-8 w-8 text-black\">\n                    <use href=\"http:\/\/lifehacker.com\/images\/icons\/spritemap.svg#sprite-chat-bubble\"><\/use>\n                <\/svg>\n            <\/div>\n<p>            <span class=\"text-sm font-medium text-black\"><\/p>\n<p>                Que pensez-vous jusqu&rsquo;\u00e0 pr\u00e9sent?<br \/>\n                <button class=\"font-semibold text-brand-green underline hover:text-brand-green-700\" onclick=\"window.openweb.scrollToComments('115570')\" x-text=\"hasComments ? 'Post a comment.' : 'Be the first to post a comment.'\"><\/button><br \/>\n            <\/span>\n        <\/div>\n<\/p><\/div>\n<\/div>\n<p>Normalement, nous n&rsquo;avons pas \u00e0 nous soucier de savoir si les prot\u00e9ines sont compl\u00e8tes ou non. Les v\u00e9g\u00e9tariens se sont dit qu&rsquo;ils devaient combiner des prot\u00e9ines incompl\u00e8tes (comme manger du riz avec des haricots) pour obtenir tous leurs acides amin\u00e9s essentiels. Mais tant que vous mangez une vari\u00e9t\u00e9 d&rsquo;aliments et une quantit\u00e9 suffisante de prot\u00e9ines totales, il est peu probable que vous finissez par manquer quoi que ce soit.<\/p>\n<p>Une \u00e9tude de 2019 dans la revue <em>Nutriments<\/em> J&rsquo;ai regard\u00e9 directement la question du collag\u00e8ne. \u00c9tant donn\u00e9 que le collag\u00e8ne manque du tryptophane, combien de collag\u00e8ne pouvez-vous avoir dans votre alimentation et \u00eatre en mesure d&rsquo;obtenir suffisamment de tryptophane \u00e0 partir d&rsquo;autres sources? Beaucoup, il s&rsquo;av\u00e8re que les collag\u00e8nes peuvent repr\u00e9senter en toute s\u00e9curit\u00e9 jusqu&rsquo;\u00e0 36% de votre apport total. <\/p>\n<p>Le suppl\u00e9ment de collag\u00e8ne que je prends a 20 grammes dans un double scoop. Selon cette \u00e9tude, je pouvais prendre <em>quatre<\/em> Scoops, tant que j&rsquo;obtiens environ 110 grammes de prot\u00e9ines au total (et j&rsquo;obtiens normalement plus de prot\u00e9ines que cela, de toute fa\u00e7on). <\/p>\n<p>Donc: <strong>Oui, le collag\u00e8ne peut compter pour votre apport en prot\u00e9ines totales<\/strong>tant que vous obtenez beaucoup de bonnes prot\u00e9ines provenant d&rsquo;autres sources. M\u00eame \u00e0 un apport en prot\u00e9ines totales de 60 grammes, ce qui est dans le bas de la fin de ce qui est consid\u00e9r\u00e9 comme sain &#8211; vous pouvez avoir une portion de 20 grammes de collag\u00e8ne chaque jour et tout va bien avec seulement 40 grammes de prot\u00e9ines provenant d&rsquo;autres aliments comme le poulet, le yaourt, les haricots, etc.<\/p>\n<p>Et si vous souhaitez \u00eatre un trop grand public: vous pouvez obtenir du tryptophane suppl\u00e9mentaire, l&rsquo;acide amin\u00e9 essentiel dans lequel le collag\u00e8ne est faible, \u00e0 partir des aliments ci-dessus ainsi que du quinoa, de l&rsquo;avoine et des graines de citrouille.<\/p>\n","protected":false},"excerpt":{"rendered":"<p>Le collag\u00e8ne est en effet une prot\u00e9ine, mais il est incomplet &#8211; il ne devrait donc pas compenser trop de votre apport en prot\u00e9ines totales.<\/p>\n","protected":false},"author":1,"featured_media":7346,"comment_status":"","ping_status":"","sticky":false,"template":"","format":"standard","meta":{"footnotes":""},"categories":[38],"tags":[6849,227,126,179,734,5,6807,62,27,4],"class_list":["post-7345","post","type-post","status-publish","format-standard","has-post-thumbnail","hentry","category-sante","tag-collagene","tag-obtenir","tag-pas","tag-poudre","tag-pourquoi","tag-pouvez","tag-proteines","tag-toutes","tag-vos","tag-vous","generate-columns","tablet-grid-50","mobile-grid-100","grid-parent","grid-33"],"yoast_head":"<!-- This site is optimized with the Yoast SEO plugin v24.0 - https:\/\/yoast.com\/wordpress\/plugins\/seo\/ -->\n<title>Pourquoi vous ne pouvez pas obtenir toutes vos prot\u00e9ines de la poudre de collag\u00e8ne | Vie Associative<\/title>\n<meta name=\"robots\" content=\"index, follow, max-snippet:-1, max-image-preview:large, max-video-preview:-1\" \/>\n<link rel=\"canonical\" href=\"https:\/\/vieassociative.be\/actualites\/pourquoi-vous-ne-pouvez-pas-obtenir-toutes-vos-proteines-de-la-poudre-de-collagene\/\" \/>\n<meta property=\"og:locale\" content=\"fr_FR\" \/>\n<meta property=\"og:type\" content=\"article\" \/>\n<meta property=\"og:title\" content=\"Pourquoi vous ne pouvez pas obtenir toutes vos prot\u00e9ines de la poudre de collag\u00e8ne | Vie Associative\" \/>\n<meta property=\"og:description\" content=\"Le collag\u00e8ne est en effet une prot\u00e9ine, mais il est incomplet &#8211; il ne devrait donc pas compenser trop de votre apport en prot\u00e9ines totales.\" \/>\n<meta property=\"og:url\" content=\"https:\/\/vieassociative.be\/actualites\/pourquoi-vous-ne-pouvez-pas-obtenir-toutes-vos-proteines-de-la-poudre-de-collagene\/\" \/>\n<meta property=\"og:site_name\" content=\"Vie Associative\" \/>\n<meta property=\"article:published_time\" content=\"2025-05-06T16:18:06+00:00\" \/>\n<meta property=\"og:image\" content=\"https:\/\/vieassociative.be\/actualites\/wp-content\/uploads\/2024\/09\/header_backgroundk-01-e1726694325946.png\" \/>\n\t<meta property=\"og:image:width\" content=\"279\" \/>\n\t<meta property=\"og:image:height\" content=\"92\" \/>\n\t<meta property=\"og:image:type\" content=\"image\/png\" \/>\n<meta name=\"author\" content=\"Julien\" \/>\n<meta name=\"twitter:card\" content=\"summary_large_image\" \/>\n<meta name=\"twitter:label1\" content=\"\u00c9crit par\" \/>\n\t<meta name=\"twitter:data1\" content=\"Julien\" \/>\n\t<meta name=\"twitter:label2\" content=\"Dur\u00e9e de lecture est.\" \/>\n\t<meta name=\"twitter:data2\" content=\"5 minutes\" \/>\n<script type=\"application\/ld+json\" class=\"yoast-schema-graph\">{\"@context\":\"https:\/\/schema.org\",\"@graph\":[{\"@type\":\"Article\",\"@id\":\"https:\/\/vieassociative.be\/actualites\/pourquoi-vous-ne-pouvez-pas-obtenir-toutes-vos-proteines-de-la-poudre-de-collagene\/#article\",\"isPartOf\":{\"@id\":\"https:\/\/vieassociative.be\/actualites\/pourquoi-vous-ne-pouvez-pas-obtenir-toutes-vos-proteines-de-la-poudre-de-collagene\/\"},\"author\":{\"name\":\"Julien\",\"@id\":\"https:\/\/vieassociative.be\/actualites\/#\/schema\/person\/b87ac4f82f9d4e7b7cec7395b679edc4\"},\"headline\":\"Pourquoi vous ne pouvez pas obtenir toutes vos prot\u00e9ines de la poudre de collag\u00e8ne\",\"datePublished\":\"2025-05-06T16:18:06+00:00\",\"dateModified\":\"2025-05-06T16:18:06+00:00\",\"mainEntityOfPage\":{\"@id\":\"https:\/\/vieassociative.be\/actualites\/pourquoi-vous-ne-pouvez-pas-obtenir-toutes-vos-proteines-de-la-poudre-de-collagene\/\"},\"wordCount\":1084,\"publisher\":{\"@id\":\"https:\/\/vieassociative.be\/actualites\/#organization\"},\"image\":{\"@id\":\"https:\/\/vieassociative.be\/actualites\/pourquoi-vous-ne-pouvez-pas-obtenir-toutes-vos-proteines-de-la-poudre-de-collagene\/#primaryimage\"},\"thumbnailUrl\":\"https:\/\/vieassociative.be\/actualites\/wp-content\/uploads\/2025\/05\/Pourquoi-vous-ne-pouvez-pas-obtenir-toutes-vos-proteines-de.png\",\"keywords\":[\"collag\u00e8ne\",\"obtenir\",\"pas\",\"poudre\",\"Pourquoi\",\"pouvez\",\"prot\u00e9ines\",\"toutes\",\"vos\",\"Vous\"],\"articleSection\":[\"Sant\u00e9\"],\"inLanguage\":\"fr-BE\"},{\"@type\":\"WebPage\",\"@id\":\"https:\/\/vieassociative.be\/actualites\/pourquoi-vous-ne-pouvez-pas-obtenir-toutes-vos-proteines-de-la-poudre-de-collagene\/\",\"url\":\"https:\/\/vieassociative.be\/actualites\/pourquoi-vous-ne-pouvez-pas-obtenir-toutes-vos-proteines-de-la-poudre-de-collagene\/\",\"name\":\"Pourquoi vous ne pouvez pas obtenir toutes vos prot\u00e9ines de la poudre de collag\u00e8ne | Vie Associative\",\"isPartOf\":{\"@id\":\"https:\/\/vieassociative.be\/actualites\/#website\"},\"primaryImageOfPage\":{\"@id\":\"https:\/\/vieassociative.be\/actualites\/pourquoi-vous-ne-pouvez-pas-obtenir-toutes-vos-proteines-de-la-poudre-de-collagene\/#primaryimage\"},\"image\":{\"@id\":\"https:\/\/vieassociative.be\/actualites\/pourquoi-vous-ne-pouvez-pas-obtenir-toutes-vos-proteines-de-la-poudre-de-collagene\/#primaryimage\"},\"thumbnailUrl\":\"https:\/\/vieassociative.be\/actualites\/wp-content\/uploads\/2025\/05\/Pourquoi-vous-ne-pouvez-pas-obtenir-toutes-vos-proteines-de.png\",\"datePublished\":\"2025-05-06T16:18:06+00:00\",\"dateModified\":\"2025-05-06T16:18:06+00:00\",\"breadcrumb\":{\"@id\":\"https:\/\/vieassociative.be\/actualites\/pourquoi-vous-ne-pouvez-pas-obtenir-toutes-vos-proteines-de-la-poudre-de-collagene\/#breadcrumb\"},\"inLanguage\":\"fr-BE\",\"potentialAction\":[{\"@type\":\"ReadAction\",\"target\":[\"https:\/\/vieassociative.be\/actualites\/pourquoi-vous-ne-pouvez-pas-obtenir-toutes-vos-proteines-de-la-poudre-de-collagene\/\"]}]},{\"@type\":\"ImageObject\",\"inLanguage\":\"fr-BE\",\"@id\":\"https:\/\/vieassociative.be\/actualites\/pourquoi-vous-ne-pouvez-pas-obtenir-toutes-vos-proteines-de-la-poudre-de-collagene\/#primaryimage\",\"url\":\"https:\/\/vieassociative.be\/actualites\/wp-content\/uploads\/2025\/05\/Pourquoi-vous-ne-pouvez-pas-obtenir-toutes-vos-proteines-de.png\",\"contentUrl\":\"https:\/\/vieassociative.be\/actualites\/wp-content\/uploads\/2025\/05\/Pourquoi-vous-ne-pouvez-pas-obtenir-toutes-vos-proteines-de.png\",\"width\":1200,\"height\":675,\"caption\":\"Pourquoi vous ne pouvez pas obtenir toutes vos prot\u00e9ines de la poudre de collag\u00e8ne\"},{\"@type\":\"BreadcrumbList\",\"@id\":\"https:\/\/vieassociative.be\/actualites\/pourquoi-vous-ne-pouvez-pas-obtenir-toutes-vos-proteines-de-la-poudre-de-collagene\/#breadcrumb\",\"itemListElement\":[{\"@type\":\"ListItem\",\"position\":1,\"name\":\"Accueil\",\"item\":\"https:\/\/vieassociative.be\/actualites\/\"},{\"@type\":\"ListItem\",\"position\":2,\"name\":\"Pourquoi vous ne pouvez pas obtenir toutes vos prot\u00e9ines de la poudre de collag\u00e8ne\"}]},{\"@type\":\"WebSite\",\"@id\":\"https:\/\/vieassociative.be\/actualites\/#website\",\"url\":\"https:\/\/vieassociative.be\/actualites\/\",\"name\":\"Vie Associative\",\"description\":\"\",\"publisher\":{\"@id\":\"https:\/\/vieassociative.be\/actualites\/#organization\"},\"potentialAction\":[{\"@type\":\"SearchAction\",\"target\":{\"@type\":\"EntryPoint\",\"urlTemplate\":\"https:\/\/vieassociative.be\/actualites\/?s={search_term_string}\"},\"query-input\":{\"@type\":\"PropertyValueSpecification\",\"valueRequired\":true,\"valueName\":\"search_term_string\"}}],\"inLanguage\":\"fr-BE\"},{\"@type\":\"Organization\",\"@id\":\"https:\/\/vieassociative.be\/actualites\/#organization\",\"name\":\"Vie Associative\",\"url\":\"https:\/\/vieassociative.be\/actualites\/\",\"logo\":{\"@type\":\"ImageObject\",\"inLanguage\":\"fr-BE\",\"@id\":\"https:\/\/vieassociative.be\/actualites\/#\/schema\/logo\/image\/\",\"url\":\"https:\/\/vieassociative.be\/actualites\/wp-content\/uploads\/2024\/09\/cropped-vieassociative_favicon.ico.png\",\"contentUrl\":\"https:\/\/vieassociative.be\/actualites\/wp-content\/uploads\/2024\/09\/cropped-vieassociative_favicon.ico.png\",\"width\":512,\"height\":512,\"caption\":\"Vie Associative\"},\"image\":{\"@id\":\"https:\/\/vieassociative.be\/actualites\/#\/schema\/logo\/image\/\"}},{\"@type\":\"Person\",\"@id\":\"https:\/\/vieassociative.be\/actualites\/#\/schema\/person\/b87ac4f82f9d4e7b7cec7395b679edc4\",\"name\":\"Julien\",\"image\":{\"@type\":\"ImageObject\",\"inLanguage\":\"fr-BE\",\"@id\":\"https:\/\/vieassociative.be\/actualites\/#\/schema\/person\/image\/\",\"url\":\"https:\/\/vieassociative.be\/actualites\/wp-content\/uploads\/2024\/09\/vie-associative-1-150x150.jpg\",\"contentUrl\":\"https:\/\/vieassociative.be\/actualites\/wp-content\/uploads\/2024\/09\/vie-associative-1-150x150.jpg\",\"caption\":\"Julien\"},\"description\":\"Je suis Julien, r\u00e9dacteur pour Vie Associative. Passionn\u00e9 par le monde associatif depuis plus de 10 ans, j'ai \u00e0 c\u0153ur de partager des histoires inspirantes et de mettre en lumi\u00e8re les initiatives locales. Mon objectif est de sensibiliser et d'encourager l'engagement communautaire \u00e0 travers mes articles.\",\"sameAs\":[\"https:\/\/vieassociative.be\/\"]}]}<\/script>\n<!-- \/ Yoast SEO plugin. -->","yoast_head_json":{"title":"Pourquoi vous ne pouvez pas obtenir toutes vos prot\u00e9ines de la poudre de collag\u00e8ne | Vie Associative","robots":{"index":"index","follow":"follow","max-snippet":"max-snippet:-1","max-image-preview":"max-image-preview:large","max-video-preview":"max-video-preview:-1"},"canonical":"https:\/\/vieassociative.be\/actualites\/pourquoi-vous-ne-pouvez-pas-obtenir-toutes-vos-proteines-de-la-poudre-de-collagene\/","og_locale":"fr_FR","og_type":"article","og_title":"Pourquoi vous ne pouvez pas obtenir toutes vos prot\u00e9ines de la poudre de collag\u00e8ne | Vie Associative","og_description":"Le collag\u00e8ne est en effet une prot\u00e9ine, mais il est incomplet &#8211; il ne devrait donc pas compenser trop de votre apport en prot\u00e9ines totales.","og_url":"https:\/\/vieassociative.be\/actualites\/pourquoi-vous-ne-pouvez-pas-obtenir-toutes-vos-proteines-de-la-poudre-de-collagene\/","og_site_name":"Vie Associative","article_published_time":"2025-05-06T16:18:06+00:00","og_image":[{"width":279,"height":92,"url":"https:\/\/vieassociative.be\/actualites\/wp-content\/uploads\/2024\/09\/header_backgroundk-01-e1726694325946.png","type":"image\/png"}],"author":"Julien","twitter_card":"summary_large_image","twitter_misc":{"\u00c9crit par":"Julien","Dur\u00e9e de lecture est.":"5 minutes"},"schema":{"@context":"https:\/\/schema.org","@graph":[{"@type":"Article","@id":"https:\/\/vieassociative.be\/actualites\/pourquoi-vous-ne-pouvez-pas-obtenir-toutes-vos-proteines-de-la-poudre-de-collagene\/#article","isPartOf":{"@id":"https:\/\/vieassociative.be\/actualites\/pourquoi-vous-ne-pouvez-pas-obtenir-toutes-vos-proteines-de-la-poudre-de-collagene\/"},"author":{"name":"Julien","@id":"https:\/\/vieassociative.be\/actualites\/#\/schema\/person\/b87ac4f82f9d4e7b7cec7395b679edc4"},"headline":"Pourquoi vous ne pouvez pas obtenir toutes vos prot\u00e9ines de la poudre de collag\u00e8ne","datePublished":"2025-05-06T16:18:06+00:00","dateModified":"2025-05-06T16:18:06+00:00","mainEntityOfPage":{"@id":"https:\/\/vieassociative.be\/actualites\/pourquoi-vous-ne-pouvez-pas-obtenir-toutes-vos-proteines-de-la-poudre-de-collagene\/"},"wordCount":1084,"publisher":{"@id":"https:\/\/vieassociative.be\/actualites\/#organization"},"image":{"@id":"https:\/\/vieassociative.be\/actualites\/pourquoi-vous-ne-pouvez-pas-obtenir-toutes-vos-proteines-de-la-poudre-de-collagene\/#primaryimage"},"thumbnailUrl":"https:\/\/vieassociative.be\/actualites\/wp-content\/uploads\/2025\/05\/Pourquoi-vous-ne-pouvez-pas-obtenir-toutes-vos-proteines-de.png","keywords":["collag\u00e8ne","obtenir","pas","poudre","Pourquoi","pouvez","prot\u00e9ines","toutes","vos","Vous"],"articleSection":["Sant\u00e9"],"inLanguage":"fr-BE"},{"@type":"WebPage","@id":"https:\/\/vieassociative.be\/actualites\/pourquoi-vous-ne-pouvez-pas-obtenir-toutes-vos-proteines-de-la-poudre-de-collagene\/","url":"https:\/\/vieassociative.be\/actualites\/pourquoi-vous-ne-pouvez-pas-obtenir-toutes-vos-proteines-de-la-poudre-de-collagene\/","name":"Pourquoi vous ne pouvez pas obtenir toutes vos prot\u00e9ines de la poudre de collag\u00e8ne | Vie Associative","isPartOf":{"@id":"https:\/\/vieassociative.be\/actualites\/#website"},"primaryImageOfPage":{"@id":"https:\/\/vieassociative.be\/actualites\/pourquoi-vous-ne-pouvez-pas-obtenir-toutes-vos-proteines-de-la-poudre-de-collagene\/#primaryimage"},"image":{"@id":"https:\/\/vieassociative.be\/actualites\/pourquoi-vous-ne-pouvez-pas-obtenir-toutes-vos-proteines-de-la-poudre-de-collagene\/#primaryimage"},"thumbnailUrl":"https:\/\/vieassociative.be\/actualites\/wp-content\/uploads\/2025\/05\/Pourquoi-vous-ne-pouvez-pas-obtenir-toutes-vos-proteines-de.png","datePublished":"2025-05-06T16:18:06+00:00","dateModified":"2025-05-06T16:18:06+00:00","breadcrumb":{"@id":"https:\/\/vieassociative.be\/actualites\/pourquoi-vous-ne-pouvez-pas-obtenir-toutes-vos-proteines-de-la-poudre-de-collagene\/#breadcrumb"},"inLanguage":"fr-BE","potentialAction":[{"@type":"ReadAction","target":["https:\/\/vieassociative.be\/actualites\/pourquoi-vous-ne-pouvez-pas-obtenir-toutes-vos-proteines-de-la-poudre-de-collagene\/"]}]},{"@type":"ImageObject","inLanguage":"fr-BE","@id":"https:\/\/vieassociative.be\/actualites\/pourquoi-vous-ne-pouvez-pas-obtenir-toutes-vos-proteines-de-la-poudre-de-collagene\/#primaryimage","url":"https:\/\/vieassociative.be\/actualites\/wp-content\/uploads\/2025\/05\/Pourquoi-vous-ne-pouvez-pas-obtenir-toutes-vos-proteines-de.png","contentUrl":"https:\/\/vieassociative.be\/actualites\/wp-content\/uploads\/2025\/05\/Pourquoi-vous-ne-pouvez-pas-obtenir-toutes-vos-proteines-de.png","width":1200,"height":675,"caption":"Pourquoi vous ne pouvez pas obtenir toutes vos prot\u00e9ines de la poudre de collag\u00e8ne"},{"@type":"BreadcrumbList","@id":"https:\/\/vieassociative.be\/actualites\/pourquoi-vous-ne-pouvez-pas-obtenir-toutes-vos-proteines-de-la-poudre-de-collagene\/#breadcrumb","itemListElement":[{"@type":"ListItem","position":1,"name":"Accueil","item":"https:\/\/vieassociative.be\/actualites\/"},{"@type":"ListItem","position":2,"name":"Pourquoi vous ne pouvez pas obtenir toutes vos prot\u00e9ines de la poudre de collag\u00e8ne"}]},{"@type":"WebSite","@id":"https:\/\/vieassociative.be\/actualites\/#website","url":"https:\/\/vieassociative.be\/actualites\/","name":"Vie Associative","description":"","publisher":{"@id":"https:\/\/vieassociative.be\/actualites\/#organization"},"potentialAction":[{"@type":"SearchAction","target":{"@type":"EntryPoint","urlTemplate":"https:\/\/vieassociative.be\/actualites\/?s={search_term_string}"},"query-input":{"@type":"PropertyValueSpecification","valueRequired":true,"valueName":"search_term_string"}}],"inLanguage":"fr-BE"},{"@type":"Organization","@id":"https:\/\/vieassociative.be\/actualites\/#organization","name":"Vie Associative","url":"https:\/\/vieassociative.be\/actualites\/","logo":{"@type":"ImageObject","inLanguage":"fr-BE","@id":"https:\/\/vieassociative.be\/actualites\/#\/schema\/logo\/image\/","url":"https:\/\/vieassociative.be\/actualites\/wp-content\/uploads\/2024\/09\/cropped-vieassociative_favicon.ico.png","contentUrl":"https:\/\/vieassociative.be\/actualites\/wp-content\/uploads\/2024\/09\/cropped-vieassociative_favicon.ico.png","width":512,"height":512,"caption":"Vie Associative"},"image":{"@id":"https:\/\/vieassociative.be\/actualites\/#\/schema\/logo\/image\/"}},{"@type":"Person","@id":"https:\/\/vieassociative.be\/actualites\/#\/schema\/person\/b87ac4f82f9d4e7b7cec7395b679edc4","name":"Julien","image":{"@type":"ImageObject","inLanguage":"fr-BE","@id":"https:\/\/vieassociative.be\/actualites\/#\/schema\/person\/image\/","url":"https:\/\/vieassociative.be\/actualites\/wp-content\/uploads\/2024\/09\/vie-associative-1-150x150.jpg","contentUrl":"https:\/\/vieassociative.be\/actualites\/wp-content\/uploads\/2024\/09\/vie-associative-1-150x150.jpg","caption":"Julien"},"description":"Je suis Julien, r\u00e9dacteur pour Vie Associative. Passionn\u00e9 par le monde associatif depuis plus de 10 ans, j'ai \u00e0 c\u0153ur de partager des histoires inspirantes et de mettre en lumi\u00e8re les initiatives locales. Mon objectif est de sensibiliser et d'encourager l'engagement communautaire \u00e0 travers mes articles.","sameAs":["https:\/\/vieassociative.be\/"]}]}},"_links":{"self":[{"href":"https:\/\/vieassociative.be\/actualites\/wp-json\/wp\/v2\/posts\/7345"}],"collection":[{"href":"https:\/\/vieassociative.be\/actualites\/wp-json\/wp\/v2\/posts"}],"about":[{"href":"https:\/\/vieassociative.be\/actualites\/wp-json\/wp\/v2\/types\/post"}],"author":[{"embeddable":true,"href":"https:\/\/vieassociative.be\/actualites\/wp-json\/wp\/v2\/users\/1"}],"replies":[{"embeddable":true,"href":"https:\/\/vieassociative.be\/actualites\/wp-json\/wp\/v2\/comments?post=7345"}],"version-history":[{"count":0,"href":"https:\/\/vieassociative.be\/actualites\/wp-json\/wp\/v2\/posts\/7345\/revisions"}],"wp:featuredmedia":[{"embeddable":true,"href":"https:\/\/vieassociative.be\/actualites\/wp-json\/wp\/v2\/media\/7346"}],"wp:attachment":[{"href":"https:\/\/vieassociative.be\/actualites\/wp-json\/wp\/v2\/media?parent=7345"}],"wp:term":[{"taxonomy":"category","embeddable":true,"href":"https:\/\/vieassociative.be\/actualites\/wp-json\/wp\/v2\/categories?post=7345"},{"taxonomy":"post_tag","embeddable":true,"href":"https:\/\/vieassociative.be\/actualites\/wp-json\/wp\/v2\/tags?post=7345"}],"curies":[{"name":"wp","href":"https:\/\/api.w.org\/{rel}","templated":true}]}}