{"id":7333,"date":"2025-05-06T04:18:21","date_gmt":"2025-05-06T02:18:21","guid":{"rendered":"https:\/\/vieassociative.be\/actualites\/un-franz-beckenbauer-platz-a-lallianz-arena-a-munich\/"},"modified":"2025-05-06T04:18:21","modified_gmt":"2025-05-06T02:18:21","slug":"un-franz-beckenbauer-platz-a-lallianz-arena-a-munich","status":"publish","type":"post","link":"https:\/\/vieassociative.be\/actualites\/un-franz-beckenbauer-platz-a-lallianz-arena-a-munich\/","title":{"rendered":"Un Franz Beckenbauer-Platz \u00e0 l&rsquo;Allianz Arena \u00e0 Munich"},"content":{"rendered":"<p><strong>Franz Beckenbauer a maintenant sa propre place \u00e0 Munich. Devant environ 80 invit\u00e9s, le Franz-Beckenbauer-Platz 5 a \u00e9t\u00e9 inaugur\u00e9 en pr\u00e9sence de la veuve Heidi Beckenbauer et de son fils Joel \u00e0 l&rsquo;Allianz Arena.<\/strong><\/p>\n<p><span id=\"more-414884\"><\/span>\u00ab\u00a0C&rsquo;\u00e9tait toujours unique avec lui et toujours unique d&rsquo;avoir Franz \u00e0 ses c\u00f4t\u00e9s\u00a0\u00bb, a d\u00e9clar\u00e9 le pr\u00e9sident du club Herbert Hainer \u00e0 propos du l\u00e9gendaire num\u00e9ro 5 du Bayern du FC, qui a maintenant fait un autre honneur le 5 mai 2025. \u00ab\u00a0Munich est beau et gr\u00e2ce \u00e0 vous, ch\u00e8re Franz, Munich est une classe mondiale.\u00a0\u00bb<\/p>\n<p><strong>-De Werner-Heisenberg-ALLEE devient Franz-Beckenbauer-Platz:<\/strong> Beckenbauer est d\u00e9c\u00e9d\u00e9 le 7 janvier 2024 \u00e0 l&rsquo;\u00e2ge de 78 ans. La ville de Munich a d\u00e9cid\u00e9 en septembre dernier pour nommer l&rsquo;endroit de l&rsquo;ar\u00e8ne apr\u00e8s le footballeur allemand le plus important de l&rsquo;histoire. Auparavant, le stade \u00e9tait sur Werner-Heisenberg-Alee 25.<\/p>\n<div id=\"attachment_414889\" class=\"wp-caption alignleft\" style=\"max-width: 300px\"><img fetchpriority=\"high\" decoding=\"async\" class=\"wp-image-414889 size-medium\" src=\"https:\/\/vieassociative.be\/actualites\/wp-content\/uploads\/2025\/05\/Un-Franz-Beckenbauer-Platz-a-lAllianz-Arena-a-Munich.jpg\" alt=\"\" width=\"300\" height=\"191\"><\/p>\n<p class=\"wp-caption-text\">05.05.2025, Bavaria, Munich: un signe avec l&rsquo;inscription \u00ab\u00a0Franz-Beckenbauer-Platz\u00a0\u00bb se dresse apr\u00e8s l&rsquo;inauguration de Franz-Beckenbauer-Platz \u00e0 l&rsquo;Arena Allianz (en arri\u00e8re-plan). Photo: Sven Hoppe \/ DPA<\/p>\n<\/div>\n<p>Entre autres choses, les Bavarois honorent \u00abl&#8217;empereur\u00bb par le fait que son num\u00e9ro 5 n&rsquo;est plus attribu\u00e9. De plus, un grand maillot de Beckenbauer est suspendu sous le toit de l&rsquo;ar\u00e8ne Allianz.<\/p>\n<p><strong>&#8211; \u00ab\u00a0C&rsquo;est une figure de proue pour Munich\u00a0\u00bb:<\/strong> Par temps humide et froid, en plus des responsables actuels du Bayern, de nombreux compagnons tels que Uli Hoene\u00df, Karl-Heinz Rummenigge, Sepp Maier, Paul Breitner, Klaus Augenthaler ou Lothar Matth\u00e4us sont \u00e9galement apparus.<\/p>\n<p>\u00ab\u00a0Il a \u00e9t\u00e9 la plus grande personnalit\u00e9 du FC Bayern Munich et restera probablement pendant de nombreuses d\u00e9cennies. Il a fa\u00e7onn\u00e9 le football allemand comme aucun autre, il a \u00e9crit l&rsquo;histoire du sport\u00a0\u00bb, a prolong\u00e9 le maire de Munich Dieter Reiter (SPD) en tant que joueur et en tant qu&rsquo;entra\u00eeneur.<\/p>\n<p>\u00ab\u00a0Il \u00e9tait juste un gars comme \u00e7a ne peut pas exister une deuxi\u00e8me fois et ne le donnera pas une deuxi\u00e8me fois\u00a0\u00bb, a d\u00e9clar\u00e9 Reiter. \u00ab\u00a0Il est une figure de proue pour Munich, car il n&rsquo;y en aura pas non plus.\u00a0\u00bb (DPA)<\/p>\n","protected":false},"excerpt":{"rendered":"<p>Franz Beckenbauer a maintenant sa propre place \u00e0 Munich. Devant environ 80 invit\u00e9s, le Franz-Beckenbauer-Platz 5 a \u00e9t\u00e9 inaugur\u00e9 en pr\u00e9sence de la veuve Heidi<\/p>\n","protected":false},"author":1,"featured_media":7334,"comment_status":"","ping_status":"","sticky":false,"template":"","format":"standard","meta":{"footnotes":""},"categories":[298],"tags":[6845,6843,6842,6844,3449],"class_list":["post-7333","post","type-post","status-publish","format-standard","has-post-thumbnail","hentry","category-belgique","tag-arena","tag-beckenbauerplatz","tag-franz","tag-lallianz","tag-munich","generate-columns","tablet-grid-50","mobile-grid-100","grid-parent","grid-33"],"yoast_head":"<!-- This site is optimized with the Yoast SEO plugin v24.0 - https:\/\/yoast.com\/wordpress\/plugins\/seo\/ -->\n<title>Un Franz Beckenbauer-Platz \u00e0 l&#039;Allianz Arena \u00e0 Munich | Vie Associative<\/title>\n<meta name=\"robots\" content=\"index, follow, max-snippet:-1, max-image-preview:large, max-video-preview:-1\" \/>\n<link rel=\"canonical\" href=\"https:\/\/vieassociative.be\/actualites\/un-franz-beckenbauer-platz-a-lallianz-arena-a-munich\/\" \/>\n<meta property=\"og:locale\" content=\"fr_FR\" \/>\n<meta property=\"og:type\" content=\"article\" \/>\n<meta property=\"og:title\" content=\"Un Franz Beckenbauer-Platz \u00e0 l&#039;Allianz Arena \u00e0 Munich | Vie Associative\" \/>\n<meta property=\"og:description\" content=\"Franz Beckenbauer a maintenant sa propre place \u00e0 Munich. Devant environ 80 invit\u00e9s, le Franz-Beckenbauer-Platz 5 a \u00e9t\u00e9 inaugur\u00e9 en pr\u00e9sence de la veuve Heidi\" \/>\n<meta property=\"og:url\" content=\"https:\/\/vieassociative.be\/actualites\/un-franz-beckenbauer-platz-a-lallianz-arena-a-munich\/\" \/>\n<meta property=\"og:site_name\" content=\"Vie Associative\" \/>\n<meta property=\"article:published_time\" content=\"2025-05-06T02:18:21+00:00\" \/>\n<meta property=\"og:image\" content=\"https:\/\/vieassociative.be\/actualites\/wp-content\/uploads\/2024\/09\/header_backgroundk-01-e1726694325946.png\" \/>\n\t<meta property=\"og:image:width\" content=\"279\" \/>\n\t<meta property=\"og:image:height\" content=\"92\" \/>\n\t<meta property=\"og:image:type\" content=\"image\/png\" \/>\n<meta name=\"author\" content=\"Julien\" \/>\n<meta name=\"twitter:card\" content=\"summary_large_image\" \/>\n<meta name=\"twitter:label1\" content=\"\u00c9crit par\" \/>\n\t<meta name=\"twitter:data1\" content=\"Julien\" \/>\n\t<meta name=\"twitter:label2\" content=\"Dur\u00e9e de lecture est.\" \/>\n\t<meta name=\"twitter:data2\" content=\"2 minutes\" \/>\n<script type=\"application\/ld+json\" class=\"yoast-schema-graph\">{\"@context\":\"https:\/\/schema.org\",\"@graph\":[{\"@type\":\"Article\",\"@id\":\"https:\/\/vieassociative.be\/actualites\/un-franz-beckenbauer-platz-a-lallianz-arena-a-munich\/#article\",\"isPartOf\":{\"@id\":\"https:\/\/vieassociative.be\/actualites\/un-franz-beckenbauer-platz-a-lallianz-arena-a-munich\/\"},\"author\":{\"name\":\"Julien\",\"@id\":\"https:\/\/vieassociative.be\/actualites\/#\/schema\/person\/b87ac4f82f9d4e7b7cec7395b679edc4\"},\"headline\":\"Un Franz Beckenbauer-Platz \u00e0 l&rsquo;Allianz Arena \u00e0 Munich\",\"datePublished\":\"2025-05-06T02:18:21+00:00\",\"dateModified\":\"2025-05-06T02:18:21+00:00\",\"mainEntityOfPage\":{\"@id\":\"https:\/\/vieassociative.be\/actualites\/un-franz-beckenbauer-platz-a-lallianz-arena-a-munich\/\"},\"wordCount\":356,\"publisher\":{\"@id\":\"https:\/\/vieassociative.be\/actualites\/#organization\"},\"image\":{\"@id\":\"https:\/\/vieassociative.be\/actualites\/un-franz-beckenbauer-platz-a-lallianz-arena-a-munich\/#primaryimage\"},\"thumbnailUrl\":\"https:\/\/vieassociative.be\/actualites\/wp-content\/uploads\/2025\/05\/1746497901_Un-Franz-Beckenbauer-Platz-a-lAllianz-Arena-a-Munich.jpg\",\"keywords\":[\"Arena\",\"BeckenbauerPlatz\",\"Franz\",\"lAllianz\",\"Munich\"],\"articleSection\":[\"Belgique\"],\"inLanguage\":\"fr-BE\"},{\"@type\":\"WebPage\",\"@id\":\"https:\/\/vieassociative.be\/actualites\/un-franz-beckenbauer-platz-a-lallianz-arena-a-munich\/\",\"url\":\"https:\/\/vieassociative.be\/actualites\/un-franz-beckenbauer-platz-a-lallianz-arena-a-munich\/\",\"name\":\"Un Franz Beckenbauer-Platz \u00e0 l'Allianz Arena \u00e0 Munich | Vie Associative\",\"isPartOf\":{\"@id\":\"https:\/\/vieassociative.be\/actualites\/#website\"},\"primaryImageOfPage\":{\"@id\":\"https:\/\/vieassociative.be\/actualites\/un-franz-beckenbauer-platz-a-lallianz-arena-a-munich\/#primaryimage\"},\"image\":{\"@id\":\"https:\/\/vieassociative.be\/actualites\/un-franz-beckenbauer-platz-a-lallianz-arena-a-munich\/#primaryimage\"},\"thumbnailUrl\":\"https:\/\/vieassociative.be\/actualites\/wp-content\/uploads\/2025\/05\/1746497901_Un-Franz-Beckenbauer-Platz-a-lAllianz-Arena-a-Munich.jpg\",\"datePublished\":\"2025-05-06T02:18:21+00:00\",\"dateModified\":\"2025-05-06T02:18:21+00:00\",\"breadcrumb\":{\"@id\":\"https:\/\/vieassociative.be\/actualites\/un-franz-beckenbauer-platz-a-lallianz-arena-a-munich\/#breadcrumb\"},\"inLanguage\":\"fr-BE\",\"potentialAction\":[{\"@type\":\"ReadAction\",\"target\":[\"https:\/\/vieassociative.be\/actualites\/un-franz-beckenbauer-platz-a-lallianz-arena-a-munich\/\"]}]},{\"@type\":\"ImageObject\",\"inLanguage\":\"fr-BE\",\"@id\":\"https:\/\/vieassociative.be\/actualites\/un-franz-beckenbauer-platz-a-lallianz-arena-a-munich\/#primaryimage\",\"url\":\"https:\/\/vieassociative.be\/actualites\/wp-content\/uploads\/2025\/05\/1746497901_Un-Franz-Beckenbauer-Platz-a-lAllianz-Arena-a-Munich.jpg\",\"contentUrl\":\"https:\/\/vieassociative.be\/actualites\/wp-content\/uploads\/2025\/05\/1746497901_Un-Franz-Beckenbauer-Platz-a-lAllianz-Arena-a-Munich.jpg\",\"width\":1200,\"height\":794,\"caption\":\"Un Franz Beckenbauer-Platz \u00e0 l'Allianz Arena \u00e0 Munich\"},{\"@type\":\"BreadcrumbList\",\"@id\":\"https:\/\/vieassociative.be\/actualites\/un-franz-beckenbauer-platz-a-lallianz-arena-a-munich\/#breadcrumb\",\"itemListElement\":[{\"@type\":\"ListItem\",\"position\":1,\"name\":\"Accueil\",\"item\":\"https:\/\/vieassociative.be\/actualites\/\"},{\"@type\":\"ListItem\",\"position\":2,\"name\":\"Un Franz Beckenbauer-Platz \u00e0 l&rsquo;Allianz Arena \u00e0 Munich\"}]},{\"@type\":\"WebSite\",\"@id\":\"https:\/\/vieassociative.be\/actualites\/#website\",\"url\":\"https:\/\/vieassociative.be\/actualites\/\",\"name\":\"Vie Associative\",\"description\":\"\",\"publisher\":{\"@id\":\"https:\/\/vieassociative.be\/actualites\/#organization\"},\"potentialAction\":[{\"@type\":\"SearchAction\",\"target\":{\"@type\":\"EntryPoint\",\"urlTemplate\":\"https:\/\/vieassociative.be\/actualites\/?s={search_term_string}\"},\"query-input\":{\"@type\":\"PropertyValueSpecification\",\"valueRequired\":true,\"valueName\":\"search_term_string\"}}],\"inLanguage\":\"fr-BE\"},{\"@type\":\"Organization\",\"@id\":\"https:\/\/vieassociative.be\/actualites\/#organization\",\"name\":\"Vie Associative\",\"url\":\"https:\/\/vieassociative.be\/actualites\/\",\"logo\":{\"@type\":\"ImageObject\",\"inLanguage\":\"fr-BE\",\"@id\":\"https:\/\/vieassociative.be\/actualites\/#\/schema\/logo\/image\/\",\"url\":\"https:\/\/vieassociative.be\/actualites\/wp-content\/uploads\/2024\/09\/cropped-vieassociative_favicon.ico.png\",\"contentUrl\":\"https:\/\/vieassociative.be\/actualites\/wp-content\/uploads\/2024\/09\/cropped-vieassociative_favicon.ico.png\",\"width\":512,\"height\":512,\"caption\":\"Vie Associative\"},\"image\":{\"@id\":\"https:\/\/vieassociative.be\/actualites\/#\/schema\/logo\/image\/\"}},{\"@type\":\"Person\",\"@id\":\"https:\/\/vieassociative.be\/actualites\/#\/schema\/person\/b87ac4f82f9d4e7b7cec7395b679edc4\",\"name\":\"Julien\",\"image\":{\"@type\":\"ImageObject\",\"inLanguage\":\"fr-BE\",\"@id\":\"https:\/\/vieassociative.be\/actualites\/#\/schema\/person\/image\/\",\"url\":\"https:\/\/vieassociative.be\/actualites\/wp-content\/uploads\/2024\/09\/vie-associative-1-150x150.jpg\",\"contentUrl\":\"https:\/\/vieassociative.be\/actualites\/wp-content\/uploads\/2024\/09\/vie-associative-1-150x150.jpg\",\"caption\":\"Julien\"},\"description\":\"Je suis Julien, r\u00e9dacteur pour Vie Associative. Passionn\u00e9 par le monde associatif depuis plus de 10 ans, j'ai \u00e0 c\u0153ur de partager des histoires inspirantes et de mettre en lumi\u00e8re les initiatives locales. Mon objectif est de sensibiliser et d'encourager l'engagement communautaire \u00e0 travers mes articles.\",\"sameAs\":[\"https:\/\/vieassociative.be\/\"]}]}<\/script>\n<!-- \/ Yoast SEO plugin. -->","yoast_head_json":{"title":"Un Franz Beckenbauer-Platz \u00e0 l'Allianz Arena \u00e0 Munich | Vie Associative","robots":{"index":"index","follow":"follow","max-snippet":"max-snippet:-1","max-image-preview":"max-image-preview:large","max-video-preview":"max-video-preview:-1"},"canonical":"https:\/\/vieassociative.be\/actualites\/un-franz-beckenbauer-platz-a-lallianz-arena-a-munich\/","og_locale":"fr_FR","og_type":"article","og_title":"Un Franz Beckenbauer-Platz \u00e0 l'Allianz Arena \u00e0 Munich | Vie Associative","og_description":"Franz Beckenbauer a maintenant sa propre place \u00e0 Munich. Devant environ 80 invit\u00e9s, le Franz-Beckenbauer-Platz 5 a \u00e9t\u00e9 inaugur\u00e9 en pr\u00e9sence de la veuve Heidi","og_url":"https:\/\/vieassociative.be\/actualites\/un-franz-beckenbauer-platz-a-lallianz-arena-a-munich\/","og_site_name":"Vie Associative","article_published_time":"2025-05-06T02:18:21+00:00","og_image":[{"width":279,"height":92,"url":"https:\/\/vieassociative.be\/actualites\/wp-content\/uploads\/2024\/09\/header_backgroundk-01-e1726694325946.png","type":"image\/png"}],"author":"Julien","twitter_card":"summary_large_image","twitter_misc":{"\u00c9crit par":"Julien","Dur\u00e9e de lecture est.":"2 minutes"},"schema":{"@context":"https:\/\/schema.org","@graph":[{"@type":"Article","@id":"https:\/\/vieassociative.be\/actualites\/un-franz-beckenbauer-platz-a-lallianz-arena-a-munich\/#article","isPartOf":{"@id":"https:\/\/vieassociative.be\/actualites\/un-franz-beckenbauer-platz-a-lallianz-arena-a-munich\/"},"author":{"name":"Julien","@id":"https:\/\/vieassociative.be\/actualites\/#\/schema\/person\/b87ac4f82f9d4e7b7cec7395b679edc4"},"headline":"Un Franz Beckenbauer-Platz \u00e0 l&rsquo;Allianz Arena \u00e0 Munich","datePublished":"2025-05-06T02:18:21+00:00","dateModified":"2025-05-06T02:18:21+00:00","mainEntityOfPage":{"@id":"https:\/\/vieassociative.be\/actualites\/un-franz-beckenbauer-platz-a-lallianz-arena-a-munich\/"},"wordCount":356,"publisher":{"@id":"https:\/\/vieassociative.be\/actualites\/#organization"},"image":{"@id":"https:\/\/vieassociative.be\/actualites\/un-franz-beckenbauer-platz-a-lallianz-arena-a-munich\/#primaryimage"},"thumbnailUrl":"https:\/\/vieassociative.be\/actualites\/wp-content\/uploads\/2025\/05\/1746497901_Un-Franz-Beckenbauer-Platz-a-lAllianz-Arena-a-Munich.jpg","keywords":["Arena","BeckenbauerPlatz","Franz","lAllianz","Munich"],"articleSection":["Belgique"],"inLanguage":"fr-BE"},{"@type":"WebPage","@id":"https:\/\/vieassociative.be\/actualites\/un-franz-beckenbauer-platz-a-lallianz-arena-a-munich\/","url":"https:\/\/vieassociative.be\/actualites\/un-franz-beckenbauer-platz-a-lallianz-arena-a-munich\/","name":"Un Franz Beckenbauer-Platz \u00e0 l'Allianz Arena \u00e0 Munich | Vie Associative","isPartOf":{"@id":"https:\/\/vieassociative.be\/actualites\/#website"},"primaryImageOfPage":{"@id":"https:\/\/vieassociative.be\/actualites\/un-franz-beckenbauer-platz-a-lallianz-arena-a-munich\/#primaryimage"},"image":{"@id":"https:\/\/vieassociative.be\/actualites\/un-franz-beckenbauer-platz-a-lallianz-arena-a-munich\/#primaryimage"},"thumbnailUrl":"https:\/\/vieassociative.be\/actualites\/wp-content\/uploads\/2025\/05\/1746497901_Un-Franz-Beckenbauer-Platz-a-lAllianz-Arena-a-Munich.jpg","datePublished":"2025-05-06T02:18:21+00:00","dateModified":"2025-05-06T02:18:21+00:00","breadcrumb":{"@id":"https:\/\/vieassociative.be\/actualites\/un-franz-beckenbauer-platz-a-lallianz-arena-a-munich\/#breadcrumb"},"inLanguage":"fr-BE","potentialAction":[{"@type":"ReadAction","target":["https:\/\/vieassociative.be\/actualites\/un-franz-beckenbauer-platz-a-lallianz-arena-a-munich\/"]}]},{"@type":"ImageObject","inLanguage":"fr-BE","@id":"https:\/\/vieassociative.be\/actualites\/un-franz-beckenbauer-platz-a-lallianz-arena-a-munich\/#primaryimage","url":"https:\/\/vieassociative.be\/actualites\/wp-content\/uploads\/2025\/05\/1746497901_Un-Franz-Beckenbauer-Platz-a-lAllianz-Arena-a-Munich.jpg","contentUrl":"https:\/\/vieassociative.be\/actualites\/wp-content\/uploads\/2025\/05\/1746497901_Un-Franz-Beckenbauer-Platz-a-lAllianz-Arena-a-Munich.jpg","width":1200,"height":794,"caption":"Un Franz Beckenbauer-Platz \u00e0 l'Allianz Arena \u00e0 Munich"},{"@type":"BreadcrumbList","@id":"https:\/\/vieassociative.be\/actualites\/un-franz-beckenbauer-platz-a-lallianz-arena-a-munich\/#breadcrumb","itemListElement":[{"@type":"ListItem","position":1,"name":"Accueil","item":"https:\/\/vieassociative.be\/actualites\/"},{"@type":"ListItem","position":2,"name":"Un Franz Beckenbauer-Platz \u00e0 l&rsquo;Allianz Arena \u00e0 Munich"}]},{"@type":"WebSite","@id":"https:\/\/vieassociative.be\/actualites\/#website","url":"https:\/\/vieassociative.be\/actualites\/","name":"Vie Associative","description":"","publisher":{"@id":"https:\/\/vieassociative.be\/actualites\/#organization"},"potentialAction":[{"@type":"SearchAction","target":{"@type":"EntryPoint","urlTemplate":"https:\/\/vieassociative.be\/actualites\/?s={search_term_string}"},"query-input":{"@type":"PropertyValueSpecification","valueRequired":true,"valueName":"search_term_string"}}],"inLanguage":"fr-BE"},{"@type":"Organization","@id":"https:\/\/vieassociative.be\/actualites\/#organization","name":"Vie Associative","url":"https:\/\/vieassociative.be\/actualites\/","logo":{"@type":"ImageObject","inLanguage":"fr-BE","@id":"https:\/\/vieassociative.be\/actualites\/#\/schema\/logo\/image\/","url":"https:\/\/vieassociative.be\/actualites\/wp-content\/uploads\/2024\/09\/cropped-vieassociative_favicon.ico.png","contentUrl":"https:\/\/vieassociative.be\/actualites\/wp-content\/uploads\/2024\/09\/cropped-vieassociative_favicon.ico.png","width":512,"height":512,"caption":"Vie Associative"},"image":{"@id":"https:\/\/vieassociative.be\/actualites\/#\/schema\/logo\/image\/"}},{"@type":"Person","@id":"https:\/\/vieassociative.be\/actualites\/#\/schema\/person\/b87ac4f82f9d4e7b7cec7395b679edc4","name":"Julien","image":{"@type":"ImageObject","inLanguage":"fr-BE","@id":"https:\/\/vieassociative.be\/actualites\/#\/schema\/person\/image\/","url":"https:\/\/vieassociative.be\/actualites\/wp-content\/uploads\/2024\/09\/vie-associative-1-150x150.jpg","contentUrl":"https:\/\/vieassociative.be\/actualites\/wp-content\/uploads\/2024\/09\/vie-associative-1-150x150.jpg","caption":"Julien"},"description":"Je suis Julien, r\u00e9dacteur pour Vie Associative. Passionn\u00e9 par le monde associatif depuis plus de 10 ans, j'ai \u00e0 c\u0153ur de partager des histoires inspirantes et de mettre en lumi\u00e8re les initiatives locales. Mon objectif est de sensibiliser et d'encourager l'engagement communautaire \u00e0 travers mes articles.","sameAs":["https:\/\/vieassociative.be\/"]}]}},"_links":{"self":[{"href":"https:\/\/vieassociative.be\/actualites\/wp-json\/wp\/v2\/posts\/7333"}],"collection":[{"href":"https:\/\/vieassociative.be\/actualites\/wp-json\/wp\/v2\/posts"}],"about":[{"href":"https:\/\/vieassociative.be\/actualites\/wp-json\/wp\/v2\/types\/post"}],"author":[{"embeddable":true,"href":"https:\/\/vieassociative.be\/actualites\/wp-json\/wp\/v2\/users\/1"}],"replies":[{"embeddable":true,"href":"https:\/\/vieassociative.be\/actualites\/wp-json\/wp\/v2\/comments?post=7333"}],"version-history":[{"count":0,"href":"https:\/\/vieassociative.be\/actualites\/wp-json\/wp\/v2\/posts\/7333\/revisions"}],"wp:featuredmedia":[{"embeddable":true,"href":"https:\/\/vieassociative.be\/actualites\/wp-json\/wp\/v2\/media\/7334"}],"wp:attachment":[{"href":"https:\/\/vieassociative.be\/actualites\/wp-json\/wp\/v2\/media?parent=7333"}],"wp:term":[{"taxonomy":"category","embeddable":true,"href":"https:\/\/vieassociative.be\/actualites\/wp-json\/wp\/v2\/categories?post=7333"},{"taxonomy":"post_tag","embeddable":true,"href":"https:\/\/vieassociative.be\/actualites\/wp-json\/wp\/v2\/tags?post=7333"}],"curies":[{"name":"wp","href":"https:\/\/api.w.org\/{rel}","templated":true}]}}