{"id":7323,"date":"2025-05-05T22:17:06","date_gmt":"2025-05-05T20:17:06","guid":{"rendered":"https:\/\/vieassociative.be\/actualites\/roumanie-crise-du-gouvernement-apres-la-victoire-partielle-du-droit-populiste-a-droite-simion-le-premier-ministre-demissionne\/"},"modified":"2025-05-05T22:17:06","modified_gmt":"2025-05-05T20:17:06","slug":"roumanie-crise-du-gouvernement-apres-la-victoire-partielle-du-droit-populiste-a-droite-simion-le-premier-ministre-demissionne","status":"publish","type":"post","link":"https:\/\/vieassociative.be\/actualites\/roumanie-crise-du-gouvernement-apres-la-victoire-partielle-du-droit-populiste-a-droite-simion-le-premier-ministre-demissionne\/","title":{"rendered":"Roumanie: Crise du gouvernement apr\u00e8s la victoire partielle du droit populiste \u00e0 droite Simion &#8211; le Premier ministre d\u00e9missionne"},"content":{"rendered":"<p><strong>Apr\u00e8s la partie de l&rsquo;extr\u00eame droite George Simion au premier tour de l&rsquo;\u00e9lection pr\u00e9sidentielle, il n&rsquo;y a pas de position commune de tous les partis d\u00e9mocrates contre lui. L&rsquo;\u00e9lection du ruissellement aura lieu le 18 mai.<\/strong><\/p>\n<p><span id=\"more-414909\"><\/span>Apr\u00e8s la victoire du candidat extr\u00eamement droit au premier tour de l&rsquo;\u00e9lection pr\u00e9sidentielle en Roumanie, le gouvernement de l&rsquo;UE et du pays de l&rsquo;OTAN est entr\u00e9 en crise. Le Premier ministre social-d\u00e9mocrate Marcel Ciolacu a d\u00e9missionn\u00e9 apr\u00e8s que le candidat du PSD ait quitt\u00e9 son parti lors de la premi\u00e8re s\u00e9rie d&rsquo;\u00e9lections. La coalition du gouvernement d\u00e9mocratique bourgeois-social, qui comprend \u00e9galement le parti Bourgeois PNL, est en fait bris\u00e9e. Cependant, les ministres restent en fonction pour le moment.<\/p>\n<div id=\"attachment_414915\" class=\"wp-caption alignleft\" style=\"max-width: 300px\"><img fetchpriority=\"high\" decoding=\"async\" class=\"wp-image-414915 size-medium\" src=\"https:\/\/vieassociative.be\/actualites\/wp-content\/uploads\/2025\/05\/Roumanie-Crise-du-gouvernement-apres-la-victoire-partielle-du-droit.jpg\" alt=\"\" width=\"300\" height=\"200\"><\/p>\n<p class=\"wp-caption-text\">04.05.2025, Roumanie, Bucarest: le candidat pr\u00e9sidentiel George Simion, \u00e0 gauche, parle aux m\u00e9dias aux c\u00f4t\u00e9s de Calin Georgescu, vainqueur de la premi\u00e8re ronde de l&rsquo;\u00e9lection annul\u00e9e l&rsquo;ann\u00e9e derni\u00e8re, lors du premier tour de r\u00e9p\u00e9tition de l&rsquo;\u00e9lection pr\u00e9sidentielle. Photo: Vadim Ghiirda \/ AP \/ DPA<\/p>\n<\/div>\n<p>Ce premier tour de la r\u00e9p\u00e9tition de l&rsquo;\u00e9lection pr\u00e9sidentielle a annul\u00e9 l&rsquo;ann\u00e9e derni\u00e8re a remport\u00e9 le candidat extr\u00eamement droit George Simion, mais il a rat\u00e9 une majorit\u00e9 absolue.<\/p>\n<p><strong>&#8211; Subvention le 18 mai:<\/strong> Si Simion deviendra chef de l&rsquo;\u00c9tat d\u00e9cide par une \u00e9lection de ruissellement le 18 mai. Simion rivalise avec le coureur &#8211; le conservateur lib\u00e9ral et le maire non partie de Bucarest, Nicusor Dan.<\/p>\n<p>Au premier tour, la Simion est venue en premier avec 40,96% des voix, comme l&rsquo;a annonc\u00e9 le bureau \u00e9lectoral central apr\u00e8s avoir compt\u00e9 tous les bulletins de vote. Dan est arriv\u00e9 en deuxi\u00e8me place de 20,99%. Le candidat du gouvernement Antonescu est arriv\u00e9 troisi\u00e8me avec 20,07% et a pris sa retraite.<\/p>\n<div id=\"attachment_414926\" class=\"wp-caption alignleft\" style=\"max-width: 300px\"><img decoding=\"async\" class=\"wp-image-414926 size-medium\" src=\"https:\/\/vieassociative.be\/actualites\/wp-content\/uploads\/2025\/05\/1746476226_75_Roumanie-Crise-du-gouvernement-apres-la-victoire-partielle-du-droit.jpg\" alt=\"\" width=\"300\" height=\"200\"><\/p>\n<p class=\"wp-caption-text\">04.05.2025, Roumanie, Bucarest: le candidat \u00e0 la pr\u00e9sidentielle, Nicusor Dan, montre un panneau de victoire apr\u00e8s la fermeture des bureaux de vote au premier tour des \u00e9lections pr\u00e9sidentielles \u00e0 Bucarest, en Roumanie. Photo: Eduard Vinatoru \/ AP \/ DPA<\/p>\n<\/div>\n<p>Ciolacu a d\u00e9clar\u00e9 que son parti ne voulait pas donner de recommandation pour l&rsquo;\u00e9lection du ruissellement. D&rsquo;un autre c\u00f4t\u00e9, le PNL, qui a jusqu&rsquo;\u00e0 pr\u00e9sent \u00e9t\u00e9 corrig\u00e9, soutient le Dan orient\u00e9 vers l&rsquo;UE. Ce dernier, en revanche, ne peut plus compter sur le support de Ciolacus.<\/p>\n<p>\u00ab\u00a0Il s&rsquo;agit maintenant de savoir si la Roumanie reste orient\u00e9e vers l&rsquo;ouest\u00a0\u00bb, a d\u00e9clar\u00e9 Dan dans la nuit. La prochaine campagne \u00e9lectorale contre le candidat \u00ab\u00a0isolationniste\u00a0\u00bb Simion sera difficile, a-t-il d\u00e9clar\u00e9.<\/p>\n<p>Le message central de Simion dans la campagne \u00e9lectorale \u00e9tait son \u00e9paule avec le politicien amical du Kremlin, Calin Georgescu, qui a \u00e9t\u00e9 au centre des \u00e9lections annul\u00e9es en novembre 2024. \u00ab\u00a0Nous avons \u00e9crit l&rsquo;histoire ensemble, nous approchons d&rsquo;un excellent r\u00e9sultat\u00a0\u00bb, a d\u00e9clar\u00e9 Simion dans une adresse vid\u00e9o \u00e0 la t\u00e9l\u00e9vision.<\/p>\n<p>En Roumanie, qui borde l&rsquo;Ukraine l&rsquo;Ukraine, qui est la guerre d&rsquo;attaque, borde le chef de l&rsquo;\u00e9tat de la politique \u00e9trang\u00e8re et de s\u00e9curit\u00e9.<\/p>\n<p><strong>&#8211; L&rsquo;\u00e9lection pr\u00e9sidentielle de 2024 a \u00e9t\u00e9 annul\u00e9e \u00e0 cause de l&rsquo;ami du Kremlin:<\/strong> Lors du premier tour de l&rsquo;\u00e9lection pr\u00e9sidentielle en novembre 2024, l&rsquo;extr\u00e9miste \u00e0 droite et le candidat prorussien Georgescu, a \u00e9tonnamment re\u00e7u le plus de votes. Cependant, la Cour constitutionnelle a d\u00e9clar\u00e9 le r\u00e9sultat invalide en raison d&rsquo;irr\u00e9gularit\u00e9s dans le financement des campagnes.<\/p>\n<p>Le tribunal a \u00e9galement interdit une nouvelle candidature \u00e0 la pr\u00e9sidentielle Georgescus et a approuv\u00e9 une d\u00e9cision correspondante du bureau \u00e9lectoral, ce qui a fait la fid\u00e9lit\u00e9 de ce politicien \u00e0 l&rsquo;ordre de base d\u00e9mocratique.<\/p>\n<p>Georgescu appara\u00eet d\u00e9sormais comme l&rsquo;alli\u00e9 de Simion. Entre autres choses, il a publiquement exprim\u00e9 des doutes quant \u00e0 la r\u00e9alit\u00e9 de l&rsquo;attaque de la Russie contre l&rsquo;Ukraine. Simion n&rsquo;a pas exclu Georgescu au bureau du Premier ministre. (DPA)<\/p>\n","protected":false},"excerpt":{"rendered":"<p>Apr\u00e8s la partie de l&rsquo;extr\u00eame droite George Simion au premier tour de l&rsquo;\u00e9lection pr\u00e9sidentielle, il n&rsquo;y a pas de position commune de tous les partis<\/p>\n","protected":false},"author":1,"featured_media":7324,"comment_status":"","ping_status":"","sticky":false,"template":"","format":"standard","meta":{"footnotes":""},"categories":[298],"tags":[472,644,6839,4072,2319,615,1245,6837,4536,443,6836,6838,784],"class_list":["post-7323","post","type-post","status-publish","format-standard","has-post-thumbnail","hentry","category-belgique","tag-apres","tag-crise","tag-demissionne","tag-droit","tag-droite","tag-gouvernement","tag-ministre","tag-partielle","tag-populiste","tag-premier","tag-roumanie","tag-simion","tag-victoire","generate-columns","tablet-grid-50","mobile-grid-100","grid-parent","grid-33"],"yoast_head":"<!-- This site is optimized with the Yoast SEO plugin v24.0 - https:\/\/yoast.com\/wordpress\/plugins\/seo\/ -->\n<title>Roumanie: Crise du gouvernement apr\u00e8s la victoire partielle du droit populiste \u00e0 droite Simion - le Premier ministre d\u00e9missionne | Vie Associative<\/title>\n<meta name=\"robots\" content=\"index, follow, max-snippet:-1, max-image-preview:large, max-video-preview:-1\" \/>\n<link rel=\"canonical\" href=\"https:\/\/vieassociative.be\/actualites\/roumanie-crise-du-gouvernement-apres-la-victoire-partielle-du-droit-populiste-a-droite-simion-le-premier-ministre-demissionne\/\" \/>\n<meta property=\"og:locale\" content=\"fr_FR\" \/>\n<meta property=\"og:type\" content=\"article\" \/>\n<meta property=\"og:title\" content=\"Roumanie: Crise du gouvernement apr\u00e8s la victoire partielle du droit populiste \u00e0 droite Simion - le Premier ministre d\u00e9missionne | Vie Associative\" \/>\n<meta property=\"og:description\" content=\"Apr\u00e8s la partie de l&rsquo;extr\u00eame droite George Simion au premier tour de l&rsquo;\u00e9lection pr\u00e9sidentielle, il n&rsquo;y a pas de position commune de tous les partis\" \/>\n<meta property=\"og:url\" content=\"https:\/\/vieassociative.be\/actualites\/roumanie-crise-du-gouvernement-apres-la-victoire-partielle-du-droit-populiste-a-droite-simion-le-premier-ministre-demissionne\/\" \/>\n<meta property=\"og:site_name\" content=\"Vie Associative\" \/>\n<meta property=\"article:published_time\" content=\"2025-05-05T20:17:06+00:00\" \/>\n<meta property=\"og:image\" content=\"https:\/\/vieassociative.be\/actualites\/wp-content\/uploads\/2024\/09\/header_backgroundk-01-e1726694325946.png\" \/>\n\t<meta property=\"og:image:width\" content=\"279\" \/>\n\t<meta property=\"og:image:height\" content=\"92\" \/>\n\t<meta property=\"og:image:type\" content=\"image\/png\" \/>\n<meta name=\"author\" content=\"Julien\" \/>\n<meta name=\"twitter:card\" content=\"summary_large_image\" \/>\n<meta name=\"twitter:label1\" content=\"\u00c9crit par\" \/>\n\t<meta name=\"twitter:data1\" content=\"Julien\" \/>\n\t<meta name=\"twitter:label2\" content=\"Dur\u00e9e de lecture est.\" \/>\n\t<meta name=\"twitter:data2\" content=\"3 minutes\" \/>\n<script type=\"application\/ld+json\" class=\"yoast-schema-graph\">{\"@context\":\"https:\/\/schema.org\",\"@graph\":[{\"@type\":\"Article\",\"@id\":\"https:\/\/vieassociative.be\/actualites\/roumanie-crise-du-gouvernement-apres-la-victoire-partielle-du-droit-populiste-a-droite-simion-le-premier-ministre-demissionne\/#article\",\"isPartOf\":{\"@id\":\"https:\/\/vieassociative.be\/actualites\/roumanie-crise-du-gouvernement-apres-la-victoire-partielle-du-droit-populiste-a-droite-simion-le-premier-ministre-demissionne\/\"},\"author\":{\"name\":\"Julien\",\"@id\":\"https:\/\/vieassociative.be\/actualites\/#\/schema\/person\/b87ac4f82f9d4e7b7cec7395b679edc4\"},\"headline\":\"Roumanie: Crise du gouvernement apr\u00e8s la victoire partielle du droit populiste \u00e0 droite Simion &#8211; le Premier ministre d\u00e9missionne\",\"datePublished\":\"2025-05-05T20:17:06+00:00\",\"dateModified\":\"2025-05-05T20:17:06+00:00\",\"mainEntityOfPage\":{\"@id\":\"https:\/\/vieassociative.be\/actualites\/roumanie-crise-du-gouvernement-apres-la-victoire-partielle-du-droit-populiste-a-droite-simion-le-premier-ministre-demissionne\/\"},\"wordCount\":695,\"publisher\":{\"@id\":\"https:\/\/vieassociative.be\/actualites\/#organization\"},\"image\":{\"@id\":\"https:\/\/vieassociative.be\/actualites\/roumanie-crise-du-gouvernement-apres-la-victoire-partielle-du-droit-populiste-a-droite-simion-le-premier-ministre-demissionne\/#primaryimage\"},\"thumbnailUrl\":\"https:\/\/vieassociative.be\/actualites\/wp-content\/uploads\/2025\/05\/1746476226_Roumanie-Crise-du-gouvernement-apres-la-victoire-partielle-du-droit.jpg\",\"keywords\":[\"Apr\u00e8s\",\"Crise\",\"d\u00e9missionne\",\"droit\",\"droite\",\"gouvernement\",\"ministre\",\"partielle\",\"populiste\",\"premier\",\"Roumanie\",\"Simion\",\"victoire\"],\"articleSection\":[\"Belgique\"],\"inLanguage\":\"fr-BE\"},{\"@type\":\"WebPage\",\"@id\":\"https:\/\/vieassociative.be\/actualites\/roumanie-crise-du-gouvernement-apres-la-victoire-partielle-du-droit-populiste-a-droite-simion-le-premier-ministre-demissionne\/\",\"url\":\"https:\/\/vieassociative.be\/actualites\/roumanie-crise-du-gouvernement-apres-la-victoire-partielle-du-droit-populiste-a-droite-simion-le-premier-ministre-demissionne\/\",\"name\":\"Roumanie: Crise du gouvernement apr\u00e8s la victoire partielle du droit populiste \u00e0 droite Simion - le Premier ministre d\u00e9missionne | Vie Associative\",\"isPartOf\":{\"@id\":\"https:\/\/vieassociative.be\/actualites\/#website\"},\"primaryImageOfPage\":{\"@id\":\"https:\/\/vieassociative.be\/actualites\/roumanie-crise-du-gouvernement-apres-la-victoire-partielle-du-droit-populiste-a-droite-simion-le-premier-ministre-demissionne\/#primaryimage\"},\"image\":{\"@id\":\"https:\/\/vieassociative.be\/actualites\/roumanie-crise-du-gouvernement-apres-la-victoire-partielle-du-droit-populiste-a-droite-simion-le-premier-ministre-demissionne\/#primaryimage\"},\"thumbnailUrl\":\"https:\/\/vieassociative.be\/actualites\/wp-content\/uploads\/2025\/05\/1746476226_Roumanie-Crise-du-gouvernement-apres-la-victoire-partielle-du-droit.jpg\",\"datePublished\":\"2025-05-05T20:17:06+00:00\",\"dateModified\":\"2025-05-05T20:17:06+00:00\",\"breadcrumb\":{\"@id\":\"https:\/\/vieassociative.be\/actualites\/roumanie-crise-du-gouvernement-apres-la-victoire-partielle-du-droit-populiste-a-droite-simion-le-premier-ministre-demissionne\/#breadcrumb\"},\"inLanguage\":\"fr-BE\",\"potentialAction\":[{\"@type\":\"ReadAction\",\"target\":[\"https:\/\/vieassociative.be\/actualites\/roumanie-crise-du-gouvernement-apres-la-victoire-partielle-du-droit-populiste-a-droite-simion-le-premier-ministre-demissionne\/\"]}]},{\"@type\":\"ImageObject\",\"inLanguage\":\"fr-BE\",\"@id\":\"https:\/\/vieassociative.be\/actualites\/roumanie-crise-du-gouvernement-apres-la-victoire-partielle-du-droit-populiste-a-droite-simion-le-premier-ministre-demissionne\/#primaryimage\",\"url\":\"https:\/\/vieassociative.be\/actualites\/wp-content\/uploads\/2025\/05\/1746476226_Roumanie-Crise-du-gouvernement-apres-la-victoire-partielle-du-droit.jpg\",\"contentUrl\":\"https:\/\/vieassociative.be\/actualites\/wp-content\/uploads\/2025\/05\/1746476226_Roumanie-Crise-du-gouvernement-apres-la-victoire-partielle-du-droit.jpg\",\"width\":1200,\"height\":800,\"caption\":\"Roumanie: Crise du gouvernement apr\u00e8s la victoire partielle du droit populiste \u00e0 droite Simion - le Premier ministre d\u00e9missionne\"},{\"@type\":\"BreadcrumbList\",\"@id\":\"https:\/\/vieassociative.be\/actualites\/roumanie-crise-du-gouvernement-apres-la-victoire-partielle-du-droit-populiste-a-droite-simion-le-premier-ministre-demissionne\/#breadcrumb\",\"itemListElement\":[{\"@type\":\"ListItem\",\"position\":1,\"name\":\"Accueil\",\"item\":\"https:\/\/vieassociative.be\/actualites\/\"},{\"@type\":\"ListItem\",\"position\":2,\"name\":\"Roumanie: Crise du gouvernement apr\u00e8s la victoire partielle du droit populiste \u00e0 droite Simion &#8211; le Premier ministre d\u00e9missionne\"}]},{\"@type\":\"WebSite\",\"@id\":\"https:\/\/vieassociative.be\/actualites\/#website\",\"url\":\"https:\/\/vieassociative.be\/actualites\/\",\"name\":\"Vie Associative\",\"description\":\"\",\"publisher\":{\"@id\":\"https:\/\/vieassociative.be\/actualites\/#organization\"},\"potentialAction\":[{\"@type\":\"SearchAction\",\"target\":{\"@type\":\"EntryPoint\",\"urlTemplate\":\"https:\/\/vieassociative.be\/actualites\/?s={search_term_string}\"},\"query-input\":{\"@type\":\"PropertyValueSpecification\",\"valueRequired\":true,\"valueName\":\"search_term_string\"}}],\"inLanguage\":\"fr-BE\"},{\"@type\":\"Organization\",\"@id\":\"https:\/\/vieassociative.be\/actualites\/#organization\",\"name\":\"Vie Associative\",\"url\":\"https:\/\/vieassociative.be\/actualites\/\",\"logo\":{\"@type\":\"ImageObject\",\"inLanguage\":\"fr-BE\",\"@id\":\"https:\/\/vieassociative.be\/actualites\/#\/schema\/logo\/image\/\",\"url\":\"https:\/\/vieassociative.be\/actualites\/wp-content\/uploads\/2024\/09\/cropped-vieassociative_favicon.ico.png\",\"contentUrl\":\"https:\/\/vieassociative.be\/actualites\/wp-content\/uploads\/2024\/09\/cropped-vieassociative_favicon.ico.png\",\"width\":512,\"height\":512,\"caption\":\"Vie Associative\"},\"image\":{\"@id\":\"https:\/\/vieassociative.be\/actualites\/#\/schema\/logo\/image\/\"}},{\"@type\":\"Person\",\"@id\":\"https:\/\/vieassociative.be\/actualites\/#\/schema\/person\/b87ac4f82f9d4e7b7cec7395b679edc4\",\"name\":\"Julien\",\"image\":{\"@type\":\"ImageObject\",\"inLanguage\":\"fr-BE\",\"@id\":\"https:\/\/vieassociative.be\/actualites\/#\/schema\/person\/image\/\",\"url\":\"https:\/\/vieassociative.be\/actualites\/wp-content\/uploads\/2024\/09\/vie-associative-1-150x150.jpg\",\"contentUrl\":\"https:\/\/vieassociative.be\/actualites\/wp-content\/uploads\/2024\/09\/vie-associative-1-150x150.jpg\",\"caption\":\"Julien\"},\"description\":\"Je suis Julien, r\u00e9dacteur pour Vie Associative. Passionn\u00e9 par le monde associatif depuis plus de 10 ans, j'ai \u00e0 c\u0153ur de partager des histoires inspirantes et de mettre en lumi\u00e8re les initiatives locales. Mon objectif est de sensibiliser et d'encourager l'engagement communautaire \u00e0 travers mes articles.\",\"sameAs\":[\"https:\/\/vieassociative.be\/\"]}]}<\/script>\n<!-- \/ Yoast SEO plugin. -->","yoast_head_json":{"title":"Roumanie: Crise du gouvernement apr\u00e8s la victoire partielle du droit populiste \u00e0 droite Simion - le Premier ministre d\u00e9missionne | Vie Associative","robots":{"index":"index","follow":"follow","max-snippet":"max-snippet:-1","max-image-preview":"max-image-preview:large","max-video-preview":"max-video-preview:-1"},"canonical":"https:\/\/vieassociative.be\/actualites\/roumanie-crise-du-gouvernement-apres-la-victoire-partielle-du-droit-populiste-a-droite-simion-le-premier-ministre-demissionne\/","og_locale":"fr_FR","og_type":"article","og_title":"Roumanie: Crise du gouvernement apr\u00e8s la victoire partielle du droit populiste \u00e0 droite Simion - le Premier ministre d\u00e9missionne | Vie Associative","og_description":"Apr\u00e8s la partie de l&rsquo;extr\u00eame droite George Simion au premier tour de l&rsquo;\u00e9lection pr\u00e9sidentielle, il n&rsquo;y a pas de position commune de tous les partis","og_url":"https:\/\/vieassociative.be\/actualites\/roumanie-crise-du-gouvernement-apres-la-victoire-partielle-du-droit-populiste-a-droite-simion-le-premier-ministre-demissionne\/","og_site_name":"Vie Associative","article_published_time":"2025-05-05T20:17:06+00:00","og_image":[{"width":279,"height":92,"url":"https:\/\/vieassociative.be\/actualites\/wp-content\/uploads\/2024\/09\/header_backgroundk-01-e1726694325946.png","type":"image\/png"}],"author":"Julien","twitter_card":"summary_large_image","twitter_misc":{"\u00c9crit par":"Julien","Dur\u00e9e de lecture est.":"3 minutes"},"schema":{"@context":"https:\/\/schema.org","@graph":[{"@type":"Article","@id":"https:\/\/vieassociative.be\/actualites\/roumanie-crise-du-gouvernement-apres-la-victoire-partielle-du-droit-populiste-a-droite-simion-le-premier-ministre-demissionne\/#article","isPartOf":{"@id":"https:\/\/vieassociative.be\/actualites\/roumanie-crise-du-gouvernement-apres-la-victoire-partielle-du-droit-populiste-a-droite-simion-le-premier-ministre-demissionne\/"},"author":{"name":"Julien","@id":"https:\/\/vieassociative.be\/actualites\/#\/schema\/person\/b87ac4f82f9d4e7b7cec7395b679edc4"},"headline":"Roumanie: Crise du gouvernement apr\u00e8s la victoire partielle du droit populiste \u00e0 droite Simion &#8211; le Premier ministre d\u00e9missionne","datePublished":"2025-05-05T20:17:06+00:00","dateModified":"2025-05-05T20:17:06+00:00","mainEntityOfPage":{"@id":"https:\/\/vieassociative.be\/actualites\/roumanie-crise-du-gouvernement-apres-la-victoire-partielle-du-droit-populiste-a-droite-simion-le-premier-ministre-demissionne\/"},"wordCount":695,"publisher":{"@id":"https:\/\/vieassociative.be\/actualites\/#organization"},"image":{"@id":"https:\/\/vieassociative.be\/actualites\/roumanie-crise-du-gouvernement-apres-la-victoire-partielle-du-droit-populiste-a-droite-simion-le-premier-ministre-demissionne\/#primaryimage"},"thumbnailUrl":"https:\/\/vieassociative.be\/actualites\/wp-content\/uploads\/2025\/05\/1746476226_Roumanie-Crise-du-gouvernement-apres-la-victoire-partielle-du-droit.jpg","keywords":["Apr\u00e8s","Crise","d\u00e9missionne","droit","droite","gouvernement","ministre","partielle","populiste","premier","Roumanie","Simion","victoire"],"articleSection":["Belgique"],"inLanguage":"fr-BE"},{"@type":"WebPage","@id":"https:\/\/vieassociative.be\/actualites\/roumanie-crise-du-gouvernement-apres-la-victoire-partielle-du-droit-populiste-a-droite-simion-le-premier-ministre-demissionne\/","url":"https:\/\/vieassociative.be\/actualites\/roumanie-crise-du-gouvernement-apres-la-victoire-partielle-du-droit-populiste-a-droite-simion-le-premier-ministre-demissionne\/","name":"Roumanie: Crise du gouvernement apr\u00e8s la victoire partielle du droit populiste \u00e0 droite Simion - le Premier ministre d\u00e9missionne | Vie Associative","isPartOf":{"@id":"https:\/\/vieassociative.be\/actualites\/#website"},"primaryImageOfPage":{"@id":"https:\/\/vieassociative.be\/actualites\/roumanie-crise-du-gouvernement-apres-la-victoire-partielle-du-droit-populiste-a-droite-simion-le-premier-ministre-demissionne\/#primaryimage"},"image":{"@id":"https:\/\/vieassociative.be\/actualites\/roumanie-crise-du-gouvernement-apres-la-victoire-partielle-du-droit-populiste-a-droite-simion-le-premier-ministre-demissionne\/#primaryimage"},"thumbnailUrl":"https:\/\/vieassociative.be\/actualites\/wp-content\/uploads\/2025\/05\/1746476226_Roumanie-Crise-du-gouvernement-apres-la-victoire-partielle-du-droit.jpg","datePublished":"2025-05-05T20:17:06+00:00","dateModified":"2025-05-05T20:17:06+00:00","breadcrumb":{"@id":"https:\/\/vieassociative.be\/actualites\/roumanie-crise-du-gouvernement-apres-la-victoire-partielle-du-droit-populiste-a-droite-simion-le-premier-ministre-demissionne\/#breadcrumb"},"inLanguage":"fr-BE","potentialAction":[{"@type":"ReadAction","target":["https:\/\/vieassociative.be\/actualites\/roumanie-crise-du-gouvernement-apres-la-victoire-partielle-du-droit-populiste-a-droite-simion-le-premier-ministre-demissionne\/"]}]},{"@type":"ImageObject","inLanguage":"fr-BE","@id":"https:\/\/vieassociative.be\/actualites\/roumanie-crise-du-gouvernement-apres-la-victoire-partielle-du-droit-populiste-a-droite-simion-le-premier-ministre-demissionne\/#primaryimage","url":"https:\/\/vieassociative.be\/actualites\/wp-content\/uploads\/2025\/05\/1746476226_Roumanie-Crise-du-gouvernement-apres-la-victoire-partielle-du-droit.jpg","contentUrl":"https:\/\/vieassociative.be\/actualites\/wp-content\/uploads\/2025\/05\/1746476226_Roumanie-Crise-du-gouvernement-apres-la-victoire-partielle-du-droit.jpg","width":1200,"height":800,"caption":"Roumanie: Crise du gouvernement apr\u00e8s la victoire partielle du droit populiste \u00e0 droite Simion - le Premier ministre d\u00e9missionne"},{"@type":"BreadcrumbList","@id":"https:\/\/vieassociative.be\/actualites\/roumanie-crise-du-gouvernement-apres-la-victoire-partielle-du-droit-populiste-a-droite-simion-le-premier-ministre-demissionne\/#breadcrumb","itemListElement":[{"@type":"ListItem","position":1,"name":"Accueil","item":"https:\/\/vieassociative.be\/actualites\/"},{"@type":"ListItem","position":2,"name":"Roumanie: Crise du gouvernement apr\u00e8s la victoire partielle du droit populiste \u00e0 droite Simion &#8211; le Premier ministre d\u00e9missionne"}]},{"@type":"WebSite","@id":"https:\/\/vieassociative.be\/actualites\/#website","url":"https:\/\/vieassociative.be\/actualites\/","name":"Vie Associative","description":"","publisher":{"@id":"https:\/\/vieassociative.be\/actualites\/#organization"},"potentialAction":[{"@type":"SearchAction","target":{"@type":"EntryPoint","urlTemplate":"https:\/\/vieassociative.be\/actualites\/?s={search_term_string}"},"query-input":{"@type":"PropertyValueSpecification","valueRequired":true,"valueName":"search_term_string"}}],"inLanguage":"fr-BE"},{"@type":"Organization","@id":"https:\/\/vieassociative.be\/actualites\/#organization","name":"Vie Associative","url":"https:\/\/vieassociative.be\/actualites\/","logo":{"@type":"ImageObject","inLanguage":"fr-BE","@id":"https:\/\/vieassociative.be\/actualites\/#\/schema\/logo\/image\/","url":"https:\/\/vieassociative.be\/actualites\/wp-content\/uploads\/2024\/09\/cropped-vieassociative_favicon.ico.png","contentUrl":"https:\/\/vieassociative.be\/actualites\/wp-content\/uploads\/2024\/09\/cropped-vieassociative_favicon.ico.png","width":512,"height":512,"caption":"Vie Associative"},"image":{"@id":"https:\/\/vieassociative.be\/actualites\/#\/schema\/logo\/image\/"}},{"@type":"Person","@id":"https:\/\/vieassociative.be\/actualites\/#\/schema\/person\/b87ac4f82f9d4e7b7cec7395b679edc4","name":"Julien","image":{"@type":"ImageObject","inLanguage":"fr-BE","@id":"https:\/\/vieassociative.be\/actualites\/#\/schema\/person\/image\/","url":"https:\/\/vieassociative.be\/actualites\/wp-content\/uploads\/2024\/09\/vie-associative-1-150x150.jpg","contentUrl":"https:\/\/vieassociative.be\/actualites\/wp-content\/uploads\/2024\/09\/vie-associative-1-150x150.jpg","caption":"Julien"},"description":"Je suis Julien, r\u00e9dacteur pour Vie Associative. Passionn\u00e9 par le monde associatif depuis plus de 10 ans, j'ai \u00e0 c\u0153ur de partager des histoires inspirantes et de mettre en lumi\u00e8re les initiatives locales. Mon objectif est de sensibiliser et d'encourager l'engagement communautaire \u00e0 travers mes articles.","sameAs":["https:\/\/vieassociative.be\/"]}]}},"_links":{"self":[{"href":"https:\/\/vieassociative.be\/actualites\/wp-json\/wp\/v2\/posts\/7323"}],"collection":[{"href":"https:\/\/vieassociative.be\/actualites\/wp-json\/wp\/v2\/posts"}],"about":[{"href":"https:\/\/vieassociative.be\/actualites\/wp-json\/wp\/v2\/types\/post"}],"author":[{"embeddable":true,"href":"https:\/\/vieassociative.be\/actualites\/wp-json\/wp\/v2\/users\/1"}],"replies":[{"embeddable":true,"href":"https:\/\/vieassociative.be\/actualites\/wp-json\/wp\/v2\/comments?post=7323"}],"version-history":[{"count":0,"href":"https:\/\/vieassociative.be\/actualites\/wp-json\/wp\/v2\/posts\/7323\/revisions"}],"wp:featuredmedia":[{"embeddable":true,"href":"https:\/\/vieassociative.be\/actualites\/wp-json\/wp\/v2\/media\/7324"}],"wp:attachment":[{"href":"https:\/\/vieassociative.be\/actualites\/wp-json\/wp\/v2\/media?parent=7323"}],"wp:term":[{"taxonomy":"category","embeddable":true,"href":"https:\/\/vieassociative.be\/actualites\/wp-json\/wp\/v2\/categories?post=7323"},{"taxonomy":"post_tag","embeddable":true,"href":"https:\/\/vieassociative.be\/actualites\/wp-json\/wp\/v2\/tags?post=7323"}],"curies":[{"name":"wp","href":"https:\/\/api.w.org\/{rel}","templated":true}]}}