{"id":7317,"date":"2025-05-05T16:17:04","date_gmt":"2025-05-05T14:17:04","guid":{"rendered":"https:\/\/vieassociative.be\/actualites\/trump-veut-ouvrir-la-prison-notoire-de-la-prison-dalcatraz-a-nouveau-a-haute-securite-pour-des-criminels-graves\/"},"modified":"2025-05-05T16:17:04","modified_gmt":"2025-05-05T14:17:04","slug":"trump-veut-ouvrir-la-prison-notoire-de-la-prison-dalcatraz-a-nouveau-a-haute-securite-pour-des-criminels-graves","status":"publish","type":"post","link":"https:\/\/vieassociative.be\/actualites\/trump-veut-ouvrir-la-prison-notoire-de-la-prison-dalcatraz-a-nouveau-a-haute-securite-pour-des-criminels-graves\/","title":{"rendered":"Trump veut ouvrir la prison notoire de la prison d&rsquo;Alcatraz \u00e0 nouveau \u00e0 haute s\u00e9curit\u00e9 pour des criminels graves"},"content":{"rendered":"<p><strong>Le centre de d\u00e9tention sur une \u00eele devant San Francisco \u00e9tait la prison la plus redout\u00e9e des \u00c9tats-Unis et est devenue mondiale. Donald Trump veut l&rsquo;utiliser \u00e0 nouveau pour les prisonniers &#8211; comme signal de duret\u00e9.<\/strong><\/p>\n<p><span id=\"more-414862\"><\/span>Le pr\u00e9sident am\u00e9ricain Donald Trump pr\u00e9voit de remettre la prison notoire d&rsquo;Alcatraz et de y bloquer les criminels lourds \u00e0 l&rsquo;avenir. Le r\u00e9publicain a annonc\u00e9 sur la plate-forme sociale Truth pour rejeter les autorit\u00e9s responsables \u00e0 rouvrir un \u00ab\u00a0Alcatraz \u00e9largi et converti afin d&rsquo;accueillir les d\u00e9linquants les plus sans scrupules et les plus violents d&rsquo;Am\u00e9rique\u00a0\u00bb. Alcatraz devrait servir de symbole de la loi et de l&rsquo;ordre. Il n&rsquo;a pas donn\u00e9 de d\u00e9tails pour le projet ambitieux.<\/p>\n<div id=\"attachment_414865\" class=\"wp-caption alignleft\" style=\"max-width: 300px\"><img fetchpriority=\"high\" decoding=\"async\" class=\"wp-image-414865 size-medium\" src=\"https:\/\/vieassociative.be\/actualites\/wp-content\/uploads\/2025\/05\/Trump-veut-ouvrir-la-prison-notoire-de-la-prison-dAlcatraz.jpg\" alt=\"\" width=\"300\" height=\"188\"><\/p>\n<p class=\"wp-caption-text\">04.05.2025, \u00c9tats-Unis, San Francisco: Un oiseau vole sur l&rsquo;\u00eele Alcatraz dans la baie de San Francisco. Le pr\u00e9sident am\u00e9ricain Trump pr\u00e9voit de remettre la prison notoire Alcatraz en activit\u00e9 et y accueillera des criminels graves \u00e0 l&rsquo;avenir. Photo: Noah Berger \/ FR34727 AP \/ AP \/ DPA<\/p>\n<\/div>\n<p>De 1934 \u00e0 1963, Alcatraz a \u00e9t\u00e9 la prison la plus redout\u00e9e aux \u00c9tats-Unis. L&rsquo;\u00eele rock de \u00ab\u00a0The Rock\u00a0\u00bb \u00ab\u00a0\u00e9tait consid\u00e9r\u00e9e comme une \u00e9vasion &#8211; et comme un emplacement pour le\u00a0\u00bb pire des pires \u00ab\u00a0. Ici, des l\u00e9gendes de gangster telles qu&rsquo;Al Capone devaient purger leurs sanctions dans des conditions les plus fortes mais \u00e9galement des prisonniers inconnus qui \u00e9taient class\u00e9s comme particuli\u00e8rement dangereux ou violents ou qui auraient un grand risque d&rsquo;\u00e9ruption.<\/p>\n<p>Aujourd&rsquo;hui, l&rsquo;\u00eele est un mus\u00e9e et comme un terrain reproducteur pour de nombreux oiseaux. Apr\u00e8s la fermeture, Alcatraz a \u00e9galement servi de cadre hollywoodien et est devenu c\u00e9l\u00e8bre pour les histoires de gangster et les thrillers d&rsquo;aventure avec des stars de cin\u00e9ma. Le nom est de renomm\u00e9e mondiale.<\/p>\n<p>Trump a \u00e9crit que dans le pass\u00e9, les \u00c9tats-Unis n&rsquo;avaient pas h\u00e9sit\u00e9 \u00e0 garder les criminels les plus dangereux loin de tous. \u00ab\u00a0Ce devrait \u00eatre la m\u00eame.<\/p>\n<\/p>\n<div id=\"attachment_414866\" class=\"wp-caption alignleft\" style=\"max-width: 300px\"><img decoding=\"async\" class=\"wp-image-414866 size-medium\" src=\"https:\/\/vieassociative.be\/actualites\/wp-content\/uploads\/2025\/05\/1746454624_350_Trump-veut-ouvrir-la-prison-notoire-de-la-prison-dAlcatraz.jpg\" alt=\"\" width=\"300\" height=\"169\"><\/p>\n<p class=\"wp-caption-text\">04.05.2025, \u00c9tats-Unis, San Francisco: Vue de l&rsquo;\u00eele de l&rsquo;\u00eele Alcatraz dans la baie de San Francisco. Le pr\u00e9sident am\u00e9ricain Trump pr\u00e9voit de remettre la prison notoire Alcatraz en activit\u00e9 et y accueillera des criminels graves \u00e0 l&rsquo;avenir. Photo: Noah Berger \/ AP \/ DPA<\/p>\n<\/div>\n<p><strong>&#8211; Ferm\u00e9 en raison de co\u00fbts trop \u00e9lev\u00e9s:<\/strong><br \/>\n Selon l&rsquo;autorit\u00e9, qui est responsable des prisons f\u00e9d\u00e9rales, seulement environ 260 \u00e0 275 d\u00e9tenus ont \u00e9t\u00e9 h\u00e9berg\u00e9s dans la prison d&rsquo;Alcatraz au fil des ans. Le centre de d\u00e9tention n&rsquo;a jamais atteint sa pleine capacit\u00e9 de 336 prisonniers. \u00c0 Alcatraz, moins d&rsquo;un pour cent de tous les prisonniers f\u00e9d\u00e9raux ont \u00e9t\u00e9 emprisonn\u00e9s.<\/p>\n<p>Selon l&rsquo;autorit\u00e9, la raison de la fermeture \u00e9tait que \u00ab\u00a0le fonctionnement de l&rsquo;installation \u00e9tait trop cher\u00a0\u00bb. L&rsquo;op\u00e9ration d&rsquo;Alcatraz a co\u00fbt\u00e9 pr\u00e8s de trois fois plus que celle de toute autre prison f\u00e9d\u00e9rale. \u00ab\u00a0Les principaux co\u00fbts ont \u00e9t\u00e9 caus\u00e9s par l&rsquo;isolation physique de l&rsquo;\u00eele (&#8230;). Cet isolement signifiait que tout (nourriture, stocks, eau, carburant, etc.) devait \u00eatre amen\u00e9 \u00e0 Alcatraz par navire.\u00a0\u00bb Le gouvernement f\u00e9d\u00e9ral a donc d\u00e9cid\u00e9 \u00e0 l&rsquo;\u00e9poque qu&rsquo;il \u00e9tait moins cher de construire une nouvelle installation que de garder Alcatraz ouvertement.<\/p>\n<p>Trump ne semble pas \u00eatre de telles consid\u00e9rations. Il est compl\u00e8tement ouvert combien de temps une reconstruction du centre de d\u00e9tention pourrait prendre &#8211; et \u00e0 quel point il serait cher. Le pr\u00e9sident devrait principalement concerner le symbolisme de l&rsquo;annonce. Le r\u00e9publicain se pr\u00e9sente comme un homme \u00ab\u00a0de la loi et de l&rsquo;ordre\u00a0\u00bb, qui veut nettoyer aux \u00c9tats-Unis et assurer la loi et l&rsquo;ordre. Il essaie de montrer de la duret\u00e9 \u00e0 tous les niveaux et s&rsquo;appuie sur la dissuasion. Le pouvoir symbolique est au premier plan, et non le praticit\u00e9 des suggestions.<\/p>\n<p><strong>&#8211; Guant\u00e1namo, Alcatraz &#8211; La principale est la duret\u00e9:<\/strong> Peu de temps apr\u00e8s son inauguration, Trump avait annonc\u00e9 fin janvier pour mettre en place un grand centre de d\u00e9tention pour les migrants criminels \u00e0 la baie de base militaire am\u00e9ricaine &#8211; \u00e9galement notoire. Il a instruit l&rsquo;expansion d&rsquo;une installation de migrants \u00e0 peine connue et \u00e0 peine connue.<\/p>\n<div id=\"attachment_411957\" class=\"wp-caption alignleft\" style=\"max-width: 300px\"><img decoding=\"async\" class=\"wp-image-411957 size-medium\" src=\"https:\/\/vieassociative.be\/actualites\/wp-content\/uploads\/2025\/05\/1746454624_342_Trump-veut-ouvrir-la-prison-notoire-de-la-prison-dAlcatraz.jpg\" alt=\"\" width=\"300\" height=\"200\"><\/p>\n<p class=\"wp-caption-text\">24.03.2025, \u00c9tats-Unis, Washington: le pr\u00e9sident am\u00e9ricain Donald Trump parle dans la salle Roosevelt de la Maison Blanche. Photo: &#8211; \/ AP Pool \/ DPA<\/p>\n<\/div>\n<p>Il est s\u00e9par\u00e9 du c\u00e9l\u00e8bre camp de prisonniers, que les \u00c9tats-Unis avaient construit dans la baie de Guant\u00e1namo apr\u00e8s les attaques du 11 septembre 2001. Mais que Guant\u00e1namo est g\u00e9n\u00e9ralement associ\u00e9 \u00e0 la duret\u00e9 et aux conditions draconiennes de d\u00e9tention auraient d\u00fb jouer un r\u00f4le dans l&rsquo;id\u00e9e de Trump &#8211; en tant que message dissuasif aux migrants.<\/p>\n<p>Et c&rsquo;est le fils de Trump, Donald Junior, qui, juste apr\u00e8s l&rsquo;annonce du plan de Guant\u00e1namo, a propos\u00e9 de relancer Alcatraz en tant que prison. \u00ab\u00a0C&rsquo;est une excellente id\u00e9e\u00a0\u00bb, a \u00e9crit le fils de Trump \u00e0 l&rsquo;\u00e9poque en vue de la d\u00e9cision de Guant\u00e1namo sur la plate-forme X. \u00ab\u00a0Peut-\u00eatre que nous devrions aussi ouvrir \u00e0 nouveau Alcatraz?!?!\u00a0\u00bb<\/p>\n<p>Lorsqu&rsquo;on lui a demand\u00e9 par un journaliste, comment il est arriv\u00e9 \u00e0 l&rsquo;avance, le pr\u00e9sident lui-m\u00eame a d\u00e9clar\u00e9 \u00e0 la Maison Blanche: \u00ab\u00a0C&rsquo;est juste une id\u00e9e que j&rsquo;avais.\u00a0\u00bb Alcatraz est \u00ab\u00a0un symbole de quoi que ce soit. Je veux dire, c&rsquo;est un triste symbole, mais c&rsquo;est un symbole de la loi et de l&rsquo;ordre\u00a0\u00bb. (DPA)<\/p>\n","protected":false},"excerpt":{"rendered":"<p>Le centre de d\u00e9tention sur une \u00eele devant San Francisco \u00e9tait la prison la plus redout\u00e9e des \u00c9tats-Unis et est devenue mondiale. Donald Trump veut<\/p>\n","protected":false},"author":1,"featured_media":7318,"comment_status":"","ping_status":"","sticky":false,"template":"","format":"standard","meta":{"footnotes":""},"categories":[298],"tags":[6832,6831,29,6833,4108,6830,553,6829,81,4140,151,2425,2635],"class_list":["post-7317","post","type-post","status-publish","format-standard","has-post-thumbnail","hentry","category-belgique","tag-criminels","tag-dalcatraz","tag-des","tag-graves","tag-haute","tag-notoire","tag-nouveau","tag-ouvrir","tag-pour","tag-prison","tag-securite","tag-trump","tag-veut","generate-columns","tablet-grid-50","mobile-grid-100","grid-parent","grid-33"],"yoast_head":"<!-- This site is optimized with the Yoast SEO plugin v24.0 - https:\/\/yoast.com\/wordpress\/plugins\/seo\/ -->\n<title>Trump veut ouvrir la prison notoire de la prison d&#039;Alcatraz \u00e0 nouveau \u00e0 haute s\u00e9curit\u00e9 pour des criminels graves | Vie Associative<\/title>\n<meta name=\"robots\" content=\"index, follow, max-snippet:-1, max-image-preview:large, max-video-preview:-1\" \/>\n<link rel=\"canonical\" href=\"https:\/\/vieassociative.be\/actualites\/trump-veut-ouvrir-la-prison-notoire-de-la-prison-dalcatraz-a-nouveau-a-haute-securite-pour-des-criminels-graves\/\" \/>\n<meta property=\"og:locale\" content=\"fr_FR\" \/>\n<meta property=\"og:type\" content=\"article\" \/>\n<meta property=\"og:title\" content=\"Trump veut ouvrir la prison notoire de la prison d&#039;Alcatraz \u00e0 nouveau \u00e0 haute s\u00e9curit\u00e9 pour des criminels graves | Vie Associative\" \/>\n<meta property=\"og:description\" content=\"Le centre de d\u00e9tention sur une \u00eele devant San Francisco \u00e9tait la prison la plus redout\u00e9e des \u00c9tats-Unis et est devenue mondiale. Donald Trump veut\" \/>\n<meta property=\"og:url\" content=\"https:\/\/vieassociative.be\/actualites\/trump-veut-ouvrir-la-prison-notoire-de-la-prison-dalcatraz-a-nouveau-a-haute-securite-pour-des-criminels-graves\/\" \/>\n<meta property=\"og:site_name\" content=\"Vie Associative\" \/>\n<meta property=\"article:published_time\" content=\"2025-05-05T14:17:04+00:00\" \/>\n<meta property=\"og:image\" content=\"https:\/\/vieassociative.be\/actualites\/wp-content\/uploads\/2024\/09\/header_backgroundk-01-e1726694325946.png\" \/>\n\t<meta property=\"og:image:width\" content=\"279\" \/>\n\t<meta property=\"og:image:height\" content=\"92\" \/>\n\t<meta property=\"og:image:type\" content=\"image\/png\" \/>\n<meta name=\"author\" content=\"Julien\" \/>\n<meta name=\"twitter:card\" content=\"summary_large_image\" \/>\n<meta name=\"twitter:label1\" content=\"\u00c9crit par\" \/>\n\t<meta name=\"twitter:data1\" content=\"Julien\" \/>\n\t<meta name=\"twitter:label2\" content=\"Dur\u00e9e de lecture est.\" \/>\n\t<meta name=\"twitter:data2\" content=\"4 minutes\" \/>\n<script type=\"application\/ld+json\" class=\"yoast-schema-graph\">{\"@context\":\"https:\/\/schema.org\",\"@graph\":[{\"@type\":\"Article\",\"@id\":\"https:\/\/vieassociative.be\/actualites\/trump-veut-ouvrir-la-prison-notoire-de-la-prison-dalcatraz-a-nouveau-a-haute-securite-pour-des-criminels-graves\/#article\",\"isPartOf\":{\"@id\":\"https:\/\/vieassociative.be\/actualites\/trump-veut-ouvrir-la-prison-notoire-de-la-prison-dalcatraz-a-nouveau-a-haute-securite-pour-des-criminels-graves\/\"},\"author\":{\"name\":\"Julien\",\"@id\":\"https:\/\/vieassociative.be\/actualites\/#\/schema\/person\/b87ac4f82f9d4e7b7cec7395b679edc4\"},\"headline\":\"Trump veut ouvrir la prison notoire de la prison d&rsquo;Alcatraz \u00e0 nouveau \u00e0 haute s\u00e9curit\u00e9 pour des criminels graves\",\"datePublished\":\"2025-05-05T14:17:04+00:00\",\"dateModified\":\"2025-05-05T14:17:04+00:00\",\"mainEntityOfPage\":{\"@id\":\"https:\/\/vieassociative.be\/actualites\/trump-veut-ouvrir-la-prison-notoire-de-la-prison-dalcatraz-a-nouveau-a-haute-securite-pour-des-criminels-graves\/\"},\"wordCount\":950,\"publisher\":{\"@id\":\"https:\/\/vieassociative.be\/actualites\/#organization\"},\"image\":{\"@id\":\"https:\/\/vieassociative.be\/actualites\/trump-veut-ouvrir-la-prison-notoire-de-la-prison-dalcatraz-a-nouveau-a-haute-securite-pour-des-criminels-graves\/#primaryimage\"},\"thumbnailUrl\":\"https:\/\/vieassociative.be\/actualites\/wp-content\/uploads\/2025\/05\/1746454625_Trump-veut-ouvrir-la-prison-notoire-de-la-prison-dAlcatraz.jpg\",\"keywords\":[\"criminels\",\"dAlcatraz\",\"Des\",\"graves\",\"haute\",\"notoire\",\"nouveau\",\"ouvrir\",\"pour\",\"prison\",\"s\u00e9curit\u00e9\",\"Trump\",\"veut\"],\"articleSection\":[\"Belgique\"],\"inLanguage\":\"fr-BE\"},{\"@type\":\"WebPage\",\"@id\":\"https:\/\/vieassociative.be\/actualites\/trump-veut-ouvrir-la-prison-notoire-de-la-prison-dalcatraz-a-nouveau-a-haute-securite-pour-des-criminels-graves\/\",\"url\":\"https:\/\/vieassociative.be\/actualites\/trump-veut-ouvrir-la-prison-notoire-de-la-prison-dalcatraz-a-nouveau-a-haute-securite-pour-des-criminels-graves\/\",\"name\":\"Trump veut ouvrir la prison notoire de la prison d'Alcatraz \u00e0 nouveau \u00e0 haute s\u00e9curit\u00e9 pour des criminels graves | Vie Associative\",\"isPartOf\":{\"@id\":\"https:\/\/vieassociative.be\/actualites\/#website\"},\"primaryImageOfPage\":{\"@id\":\"https:\/\/vieassociative.be\/actualites\/trump-veut-ouvrir-la-prison-notoire-de-la-prison-dalcatraz-a-nouveau-a-haute-securite-pour-des-criminels-graves\/#primaryimage\"},\"image\":{\"@id\":\"https:\/\/vieassociative.be\/actualites\/trump-veut-ouvrir-la-prison-notoire-de-la-prison-dalcatraz-a-nouveau-a-haute-securite-pour-des-criminels-graves\/#primaryimage\"},\"thumbnailUrl\":\"https:\/\/vieassociative.be\/actualites\/wp-content\/uploads\/2025\/05\/1746454625_Trump-veut-ouvrir-la-prison-notoire-de-la-prison-dAlcatraz.jpg\",\"datePublished\":\"2025-05-05T14:17:04+00:00\",\"dateModified\":\"2025-05-05T14:17:04+00:00\",\"breadcrumb\":{\"@id\":\"https:\/\/vieassociative.be\/actualites\/trump-veut-ouvrir-la-prison-notoire-de-la-prison-dalcatraz-a-nouveau-a-haute-securite-pour-des-criminels-graves\/#breadcrumb\"},\"inLanguage\":\"fr-BE\",\"potentialAction\":[{\"@type\":\"ReadAction\",\"target\":[\"https:\/\/vieassociative.be\/actualites\/trump-veut-ouvrir-la-prison-notoire-de-la-prison-dalcatraz-a-nouveau-a-haute-securite-pour-des-criminels-graves\/\"]}]},{\"@type\":\"ImageObject\",\"inLanguage\":\"fr-BE\",\"@id\":\"https:\/\/vieassociative.be\/actualites\/trump-veut-ouvrir-la-prison-notoire-de-la-prison-dalcatraz-a-nouveau-a-haute-securite-pour-des-criminels-graves\/#primaryimage\",\"url\":\"https:\/\/vieassociative.be\/actualites\/wp-content\/uploads\/2025\/05\/1746454625_Trump-veut-ouvrir-la-prison-notoire-de-la-prison-dAlcatraz.jpg\",\"contentUrl\":\"https:\/\/vieassociative.be\/actualites\/wp-content\/uploads\/2025\/05\/1746454625_Trump-veut-ouvrir-la-prison-notoire-de-la-prison-dAlcatraz.jpg\",\"width\":1200,\"height\":422,\"caption\":\"Trump veut ouvrir la prison notoire de la prison d'Alcatraz \u00e0 nouveau \u00e0 haute s\u00e9curit\u00e9 pour des criminels graves\"},{\"@type\":\"BreadcrumbList\",\"@id\":\"https:\/\/vieassociative.be\/actualites\/trump-veut-ouvrir-la-prison-notoire-de-la-prison-dalcatraz-a-nouveau-a-haute-securite-pour-des-criminels-graves\/#breadcrumb\",\"itemListElement\":[{\"@type\":\"ListItem\",\"position\":1,\"name\":\"Accueil\",\"item\":\"https:\/\/vieassociative.be\/actualites\/\"},{\"@type\":\"ListItem\",\"position\":2,\"name\":\"Trump veut ouvrir la prison notoire de la prison d&rsquo;Alcatraz \u00e0 nouveau \u00e0 haute s\u00e9curit\u00e9 pour des criminels graves\"}]},{\"@type\":\"WebSite\",\"@id\":\"https:\/\/vieassociative.be\/actualites\/#website\",\"url\":\"https:\/\/vieassociative.be\/actualites\/\",\"name\":\"Vie Associative\",\"description\":\"\",\"publisher\":{\"@id\":\"https:\/\/vieassociative.be\/actualites\/#organization\"},\"potentialAction\":[{\"@type\":\"SearchAction\",\"target\":{\"@type\":\"EntryPoint\",\"urlTemplate\":\"https:\/\/vieassociative.be\/actualites\/?s={search_term_string}\"},\"query-input\":{\"@type\":\"PropertyValueSpecification\",\"valueRequired\":true,\"valueName\":\"search_term_string\"}}],\"inLanguage\":\"fr-BE\"},{\"@type\":\"Organization\",\"@id\":\"https:\/\/vieassociative.be\/actualites\/#organization\",\"name\":\"Vie Associative\",\"url\":\"https:\/\/vieassociative.be\/actualites\/\",\"logo\":{\"@type\":\"ImageObject\",\"inLanguage\":\"fr-BE\",\"@id\":\"https:\/\/vieassociative.be\/actualites\/#\/schema\/logo\/image\/\",\"url\":\"https:\/\/vieassociative.be\/actualites\/wp-content\/uploads\/2024\/09\/cropped-vieassociative_favicon.ico.png\",\"contentUrl\":\"https:\/\/vieassociative.be\/actualites\/wp-content\/uploads\/2024\/09\/cropped-vieassociative_favicon.ico.png\",\"width\":512,\"height\":512,\"caption\":\"Vie Associative\"},\"image\":{\"@id\":\"https:\/\/vieassociative.be\/actualites\/#\/schema\/logo\/image\/\"}},{\"@type\":\"Person\",\"@id\":\"https:\/\/vieassociative.be\/actualites\/#\/schema\/person\/b87ac4f82f9d4e7b7cec7395b679edc4\",\"name\":\"Julien\",\"image\":{\"@type\":\"ImageObject\",\"inLanguage\":\"fr-BE\",\"@id\":\"https:\/\/vieassociative.be\/actualites\/#\/schema\/person\/image\/\",\"url\":\"https:\/\/vieassociative.be\/actualites\/wp-content\/uploads\/2024\/09\/vie-associative-1-150x150.jpg\",\"contentUrl\":\"https:\/\/vieassociative.be\/actualites\/wp-content\/uploads\/2024\/09\/vie-associative-1-150x150.jpg\",\"caption\":\"Julien\"},\"description\":\"Je suis Julien, r\u00e9dacteur pour Vie Associative. Passionn\u00e9 par le monde associatif depuis plus de 10 ans, j'ai \u00e0 c\u0153ur de partager des histoires inspirantes et de mettre en lumi\u00e8re les initiatives locales. Mon objectif est de sensibiliser et d'encourager l'engagement communautaire \u00e0 travers mes articles.\",\"sameAs\":[\"https:\/\/vieassociative.be\/\"]}]}<\/script>\n<!-- \/ Yoast SEO plugin. -->","yoast_head_json":{"title":"Trump veut ouvrir la prison notoire de la prison d'Alcatraz \u00e0 nouveau \u00e0 haute s\u00e9curit\u00e9 pour des criminels graves | Vie Associative","robots":{"index":"index","follow":"follow","max-snippet":"max-snippet:-1","max-image-preview":"max-image-preview:large","max-video-preview":"max-video-preview:-1"},"canonical":"https:\/\/vieassociative.be\/actualites\/trump-veut-ouvrir-la-prison-notoire-de-la-prison-dalcatraz-a-nouveau-a-haute-securite-pour-des-criminels-graves\/","og_locale":"fr_FR","og_type":"article","og_title":"Trump veut ouvrir la prison notoire de la prison d'Alcatraz \u00e0 nouveau \u00e0 haute s\u00e9curit\u00e9 pour des criminels graves | Vie Associative","og_description":"Le centre de d\u00e9tention sur une \u00eele devant San Francisco \u00e9tait la prison la plus redout\u00e9e des \u00c9tats-Unis et est devenue mondiale. Donald Trump veut","og_url":"https:\/\/vieassociative.be\/actualites\/trump-veut-ouvrir-la-prison-notoire-de-la-prison-dalcatraz-a-nouveau-a-haute-securite-pour-des-criminels-graves\/","og_site_name":"Vie Associative","article_published_time":"2025-05-05T14:17:04+00:00","og_image":[{"width":279,"height":92,"url":"https:\/\/vieassociative.be\/actualites\/wp-content\/uploads\/2024\/09\/header_backgroundk-01-e1726694325946.png","type":"image\/png"}],"author":"Julien","twitter_card":"summary_large_image","twitter_misc":{"\u00c9crit par":"Julien","Dur\u00e9e de lecture est.":"4 minutes"},"schema":{"@context":"https:\/\/schema.org","@graph":[{"@type":"Article","@id":"https:\/\/vieassociative.be\/actualites\/trump-veut-ouvrir-la-prison-notoire-de-la-prison-dalcatraz-a-nouveau-a-haute-securite-pour-des-criminels-graves\/#article","isPartOf":{"@id":"https:\/\/vieassociative.be\/actualites\/trump-veut-ouvrir-la-prison-notoire-de-la-prison-dalcatraz-a-nouveau-a-haute-securite-pour-des-criminels-graves\/"},"author":{"name":"Julien","@id":"https:\/\/vieassociative.be\/actualites\/#\/schema\/person\/b87ac4f82f9d4e7b7cec7395b679edc4"},"headline":"Trump veut ouvrir la prison notoire de la prison d&rsquo;Alcatraz \u00e0 nouveau \u00e0 haute s\u00e9curit\u00e9 pour des criminels graves","datePublished":"2025-05-05T14:17:04+00:00","dateModified":"2025-05-05T14:17:04+00:00","mainEntityOfPage":{"@id":"https:\/\/vieassociative.be\/actualites\/trump-veut-ouvrir-la-prison-notoire-de-la-prison-dalcatraz-a-nouveau-a-haute-securite-pour-des-criminels-graves\/"},"wordCount":950,"publisher":{"@id":"https:\/\/vieassociative.be\/actualites\/#organization"},"image":{"@id":"https:\/\/vieassociative.be\/actualites\/trump-veut-ouvrir-la-prison-notoire-de-la-prison-dalcatraz-a-nouveau-a-haute-securite-pour-des-criminels-graves\/#primaryimage"},"thumbnailUrl":"https:\/\/vieassociative.be\/actualites\/wp-content\/uploads\/2025\/05\/1746454625_Trump-veut-ouvrir-la-prison-notoire-de-la-prison-dAlcatraz.jpg","keywords":["criminels","dAlcatraz","Des","graves","haute","notoire","nouveau","ouvrir","pour","prison","s\u00e9curit\u00e9","Trump","veut"],"articleSection":["Belgique"],"inLanguage":"fr-BE"},{"@type":"WebPage","@id":"https:\/\/vieassociative.be\/actualites\/trump-veut-ouvrir-la-prison-notoire-de-la-prison-dalcatraz-a-nouveau-a-haute-securite-pour-des-criminels-graves\/","url":"https:\/\/vieassociative.be\/actualites\/trump-veut-ouvrir-la-prison-notoire-de-la-prison-dalcatraz-a-nouveau-a-haute-securite-pour-des-criminels-graves\/","name":"Trump veut ouvrir la prison notoire de la prison d'Alcatraz \u00e0 nouveau \u00e0 haute s\u00e9curit\u00e9 pour des criminels graves | Vie Associative","isPartOf":{"@id":"https:\/\/vieassociative.be\/actualites\/#website"},"primaryImageOfPage":{"@id":"https:\/\/vieassociative.be\/actualites\/trump-veut-ouvrir-la-prison-notoire-de-la-prison-dalcatraz-a-nouveau-a-haute-securite-pour-des-criminels-graves\/#primaryimage"},"image":{"@id":"https:\/\/vieassociative.be\/actualites\/trump-veut-ouvrir-la-prison-notoire-de-la-prison-dalcatraz-a-nouveau-a-haute-securite-pour-des-criminels-graves\/#primaryimage"},"thumbnailUrl":"https:\/\/vieassociative.be\/actualites\/wp-content\/uploads\/2025\/05\/1746454625_Trump-veut-ouvrir-la-prison-notoire-de-la-prison-dAlcatraz.jpg","datePublished":"2025-05-05T14:17:04+00:00","dateModified":"2025-05-05T14:17:04+00:00","breadcrumb":{"@id":"https:\/\/vieassociative.be\/actualites\/trump-veut-ouvrir-la-prison-notoire-de-la-prison-dalcatraz-a-nouveau-a-haute-securite-pour-des-criminels-graves\/#breadcrumb"},"inLanguage":"fr-BE","potentialAction":[{"@type":"ReadAction","target":["https:\/\/vieassociative.be\/actualites\/trump-veut-ouvrir-la-prison-notoire-de-la-prison-dalcatraz-a-nouveau-a-haute-securite-pour-des-criminels-graves\/"]}]},{"@type":"ImageObject","inLanguage":"fr-BE","@id":"https:\/\/vieassociative.be\/actualites\/trump-veut-ouvrir-la-prison-notoire-de-la-prison-dalcatraz-a-nouveau-a-haute-securite-pour-des-criminels-graves\/#primaryimage","url":"https:\/\/vieassociative.be\/actualites\/wp-content\/uploads\/2025\/05\/1746454625_Trump-veut-ouvrir-la-prison-notoire-de-la-prison-dAlcatraz.jpg","contentUrl":"https:\/\/vieassociative.be\/actualites\/wp-content\/uploads\/2025\/05\/1746454625_Trump-veut-ouvrir-la-prison-notoire-de-la-prison-dAlcatraz.jpg","width":1200,"height":422,"caption":"Trump veut ouvrir la prison notoire de la prison d'Alcatraz \u00e0 nouveau \u00e0 haute s\u00e9curit\u00e9 pour des criminels graves"},{"@type":"BreadcrumbList","@id":"https:\/\/vieassociative.be\/actualites\/trump-veut-ouvrir-la-prison-notoire-de-la-prison-dalcatraz-a-nouveau-a-haute-securite-pour-des-criminels-graves\/#breadcrumb","itemListElement":[{"@type":"ListItem","position":1,"name":"Accueil","item":"https:\/\/vieassociative.be\/actualites\/"},{"@type":"ListItem","position":2,"name":"Trump veut ouvrir la prison notoire de la prison d&rsquo;Alcatraz \u00e0 nouveau \u00e0 haute s\u00e9curit\u00e9 pour des criminels graves"}]},{"@type":"WebSite","@id":"https:\/\/vieassociative.be\/actualites\/#website","url":"https:\/\/vieassociative.be\/actualites\/","name":"Vie Associative","description":"","publisher":{"@id":"https:\/\/vieassociative.be\/actualites\/#organization"},"potentialAction":[{"@type":"SearchAction","target":{"@type":"EntryPoint","urlTemplate":"https:\/\/vieassociative.be\/actualites\/?s={search_term_string}"},"query-input":{"@type":"PropertyValueSpecification","valueRequired":true,"valueName":"search_term_string"}}],"inLanguage":"fr-BE"},{"@type":"Organization","@id":"https:\/\/vieassociative.be\/actualites\/#organization","name":"Vie Associative","url":"https:\/\/vieassociative.be\/actualites\/","logo":{"@type":"ImageObject","inLanguage":"fr-BE","@id":"https:\/\/vieassociative.be\/actualites\/#\/schema\/logo\/image\/","url":"https:\/\/vieassociative.be\/actualites\/wp-content\/uploads\/2024\/09\/cropped-vieassociative_favicon.ico.png","contentUrl":"https:\/\/vieassociative.be\/actualites\/wp-content\/uploads\/2024\/09\/cropped-vieassociative_favicon.ico.png","width":512,"height":512,"caption":"Vie Associative"},"image":{"@id":"https:\/\/vieassociative.be\/actualites\/#\/schema\/logo\/image\/"}},{"@type":"Person","@id":"https:\/\/vieassociative.be\/actualites\/#\/schema\/person\/b87ac4f82f9d4e7b7cec7395b679edc4","name":"Julien","image":{"@type":"ImageObject","inLanguage":"fr-BE","@id":"https:\/\/vieassociative.be\/actualites\/#\/schema\/person\/image\/","url":"https:\/\/vieassociative.be\/actualites\/wp-content\/uploads\/2024\/09\/vie-associative-1-150x150.jpg","contentUrl":"https:\/\/vieassociative.be\/actualites\/wp-content\/uploads\/2024\/09\/vie-associative-1-150x150.jpg","caption":"Julien"},"description":"Je suis Julien, r\u00e9dacteur pour Vie Associative. Passionn\u00e9 par le monde associatif depuis plus de 10 ans, j'ai \u00e0 c\u0153ur de partager des histoires inspirantes et de mettre en lumi\u00e8re les initiatives locales. Mon objectif est de sensibiliser et d'encourager l'engagement communautaire \u00e0 travers mes articles.","sameAs":["https:\/\/vieassociative.be\/"]}]}},"_links":{"self":[{"href":"https:\/\/vieassociative.be\/actualites\/wp-json\/wp\/v2\/posts\/7317"}],"collection":[{"href":"https:\/\/vieassociative.be\/actualites\/wp-json\/wp\/v2\/posts"}],"about":[{"href":"https:\/\/vieassociative.be\/actualites\/wp-json\/wp\/v2\/types\/post"}],"author":[{"embeddable":true,"href":"https:\/\/vieassociative.be\/actualites\/wp-json\/wp\/v2\/users\/1"}],"replies":[{"embeddable":true,"href":"https:\/\/vieassociative.be\/actualites\/wp-json\/wp\/v2\/comments?post=7317"}],"version-history":[{"count":0,"href":"https:\/\/vieassociative.be\/actualites\/wp-json\/wp\/v2\/posts\/7317\/revisions"}],"wp:featuredmedia":[{"embeddable":true,"href":"https:\/\/vieassociative.be\/actualites\/wp-json\/wp\/v2\/media\/7318"}],"wp:attachment":[{"href":"https:\/\/vieassociative.be\/actualites\/wp-json\/wp\/v2\/media?parent=7317"}],"wp:term":[{"taxonomy":"category","embeddable":true,"href":"https:\/\/vieassociative.be\/actualites\/wp-json\/wp\/v2\/categories?post=7317"},{"taxonomy":"post_tag","embeddable":true,"href":"https:\/\/vieassociative.be\/actualites\/wp-json\/wp\/v2\/tags?post=7317"}],"curies":[{"name":"wp","href":"https:\/\/api.w.org\/{rel}","templated":true}]}}