{"id":731,"date":"2024-10-01T16:31:14","date_gmt":"2024-10-01T14:31:14","guid":{"rendered":"https:\/\/vieassociative.be\/actualites\/pourquoi-les-pommes-de-terre-souriantes-pourraient-inciter-vos-enfants-a-manger-plus-de-legumes-selon-la-science\/"},"modified":"2024-10-01T16:31:14","modified_gmt":"2024-10-01T14:31:14","slug":"pourquoi-les-pommes-de-terre-souriantes-pourraient-inciter-vos-enfants-a-manger-plus-de-legumes-selon-la-science","status":"publish","type":"post","link":"https:\/\/vieassociative.be\/actualites\/pourquoi-les-pommes-de-terre-souriantes-pourraient-inciter-vos-enfants-a-manger-plus-de-legumes-selon-la-science\/","title":{"rendered":"Pourquoi les pommes de terre souriantes pourraient inciter vos enfants \u00e0 manger plus de l\u00e9gumes, selon la science"},"content":{"rendered":"<div class=\"mt-4 leading-6 md:mb-8\">La recherche aurait trouv\u00e9 une m\u00e9thode inhabituelle pour amener votre enfant \u00e0 manger des l\u00e9gumes. Mais est-ce que \u00e7a marche ?<\/div>\n<p><\/p>\n<p>Il existe de bonnes et de mauvaises fa\u00e7ons d&rsquo;amener vos enfants \u00e0 manger des l\u00e9gumes, qu&rsquo;il s&rsquo;agisse de commencer un \u00ab happy hour v\u00e9g\u00e9tarien \u00bb, d&rsquo;introduire des petits pois dans leur macaroni au fromage (cela se retournera probablement contre vous) ou de leur faire nettoyer leur assiette (ne le faites pas). fais \u00e7a). <\/p>\n<p>Une \u00e9tude r\u00e9cente propose aux parents une approche nouvelle et insolite : la pomme de terre frite \u00ab smiley \u00bb. Dans l&rsquo;\u00e9tude, 65 enfants \u00e2g\u00e9s de 7 \u00e0 13 ans ont re\u00e7u un m\u00e9lange de pois et de carottes dans le cadre de leur d\u00e9jeuner. De plus, certains enfants ont re\u00e7u des pommes de terre en d\u00e9s, d\u2019autres un petit pain et les autres ont re\u00e7u un tubercule souriant. Les r\u00e9sultats ont montr\u00e9 que ceux qui ont servi le l\u00e9gume racine souriant ont mang\u00e9 plus de leurs l\u00e9gumes que ceux qui ont servi les deux autres c\u00f4t\u00e9s. <\/p>\n<p>L&rsquo;Alliance pour la recherche et l&rsquo;\u00e9ducation sur la pomme de terre a financ\u00e9 l&rsquo;\u00e9tude. Nous sommes donc naturellement sceptiques quant \u00e0 la recherche con\u00e7ue pour remplir les poches des vendeurs de pommes de terre de l&rsquo;Idaho. Mais en tant que personne qui a du mal \u00e0 faire manger des l\u00e9gumes \u00e0 ses enfants, je suis pr\u00eat \u00e0 tout essayer pour leur apporter davantage de nutriments.<\/p>\n<h2 id=\"my-experiment\">Mon exp\u00e9rience <\/h2>\n<p>La semaine derni\u00e8re, j\u2019ai men\u00e9 ma propre \u00e9tude extr\u00eamement peu scientifique en utilisant ces frites souriantes avec mes gar\u00e7ons \u00e2g\u00e9s de cinq et sept ans comme sujets. Vous trouverez ci-dessous un r\u00e9sum\u00e9 quotidien des r\u00e9sultats, pour le moins surprenants. <\/p>\n<h3>Lundi<\/h3>\n<p><strong>Entr\u00e9e: <\/strong>Tranche De Courgette<\/p>\n<p>Mes gar\u00e7ons ont \u00e9t\u00e9 surpris de voir leur nourriture leur sourire, mais ni l&rsquo;un ni l&rsquo;autre n&rsquo;aimaient particuli\u00e8rement le go\u00fbt de la pomme de terre. Je suppose que c&rsquo;\u00e9tait de ma faute, car j&rsquo;ai fait des frites pour la derni\u00e8re fois lorsque je travaillais chez McDonald&rsquo;s au lyc\u00e9e. <\/p>\n<p>Cette aversion se r\u00e9percutait sur les l\u00e9gumes dans leur assiette : un m\u00e9lange de l\u00e9gumes compos\u00e9 de ma\u00efs, de carottes, de pois et de haricots verts. Lorsque je leur ai demand\u00e9 s&rsquo;ils avaient mang\u00e9 leurs l\u00e9gumes pour confirmer ce que je savais d\u00e9j\u00e0, mon fils a\u00een\u00e9 a d\u00e9clar\u00e9 fi\u00e8rement qu&rsquo;il n&rsquo;y avait pas touch\u00e9. Mon plus jeune a d\u00e9clar\u00e9 avoir mang\u00e9 une carotte, mais cette affirmation fait l&rsquo;objet d&rsquo;une enqu\u00eate car il n&rsquo;y a aucun t\u00e9moin de la pr\u00e9tendue consommation. <\/p>\n<p>Cependant, la blague est sur eux car, comme son nom l&rsquo;indique, la \u00ab tranche de courgette \u00bb contient beaucoup de courgettes. Ils s&rsquo;en moquent tout simplement. Le fromage cheddar et le bacon de ce repas inhabituel semblable \u00e0 un petit-d\u00e9jeuner attirent toute l&rsquo;attention, ce qui en fait un incontournable de notre maison. <\/p>\n<h3>Mardi<\/h3>\n<p><strong>Entr\u00e9e: <\/strong>Lasagne<\/p>\n<p>Les mardis sont g\u00e9n\u00e9ralement mouvement\u00e9s chez nous car mes gar\u00e7ons s&rsquo;entra\u00eenent \u00e0 nager jusque tard dans la soir\u00e9e. Habituellement, nous pr\u00e9parons quelque chose de rapide comme des restes ou des spaghettis, mais ma femme avait pr\u00e9par\u00e9 une lasagne plusieurs soirs auparavant pour que nous puissions manger un peu plus chic cette semaine. Allez pr\u00e9parer les repas\u00a0!<\/p>\n<p>Pour les pommes de terre, j&rsquo;ai utilis\u00e9 cette recette comme guide car \u00e7a s&rsquo;est mal pass\u00e9 hier, donc elles ont \u00e9t\u00e9 mieux re\u00e7ues. C&rsquo;est bien parce que tout le reste dans leur assiette ne l&rsquo;\u00e9tait pas. M\u00eame ma femme a convenu que la recette des lasagnes \u00e9tait un peu fade. Mes enfants ont mang\u00e9 plusieurs bouch\u00e9es du m\u00e9lange de l\u00e9gumes, m\u00eame si je crois que mon a\u00een\u00e9 a mang\u00e9 le sien par m\u00e9chancet\u00e9 et non parce que c&rsquo;\u00e9tait bon pour lui. Je suppose que je peux consid\u00e9rer cela comme une victoire. <\/p>\n<h3>Mercredi<\/h3>\n<p><strong>Entr\u00e9e: <\/strong>Poulet \u00e0 l&rsquo;ail et au parmesan<\/p>\n<p>\u00ab\u00a0Puis-je manger des pois entiers ?\u00a0\u00bb mon fils a\u00een\u00e9 nous a demand\u00e9 pendant le d\u00eener alors qu&rsquo;il en mettait un dans sa bouche. J&rsquo;ai essay\u00e9 de contenir mon choc en r\u00e9pondant \u00e0 sa question, puis j&rsquo;ai regard\u00e9 ma femme de l&rsquo;autre c\u00f4t\u00e9 de notre table pour articuler un \u00ab\u00a0C&rsquo;est quoi ce bordel ?\u00a0\u00bb Il mangeait des l\u00e9gumes. Volontairement.<\/p>\n<p>\u00c0 c\u00f4t\u00e9 du m\u00e9lange de l\u00e9gumes (ma femme pense que la coh\u00e9rence est un facteur de r\u00e9ussite de cette exp\u00e9rience), il y avait un repas \u00e0 la mijoteuse que j&rsquo;ai trouv\u00e9 en ligne et que je ne m&rsquo;attendais honn\u00eatement pas \u00e0 bien lire, mais mon a\u00een\u00e9 a demand\u00e9 quelques secondes. Mon plus jeune a \u00e9galement mang\u00e9 ses l\u00e9gumes, mais aucun des deux ne les a d\u00e9vor\u00e9s. Je ne me soucie pas de la quantit\u00e9 de l\u00e9gumes qu&rsquo;ils mangent. Je suis juste heureux que \u00e7a arrive.<\/p>\n<h3>Jeudi<\/h3>\n<p><strong>Entr\u00e9e: <\/strong>Macaroni au fromage<\/p>\n<p>Comme l\u2019exp\u00e9rience a fonctionn\u00e9 lorsqu\u2019ils essayaient de nouvelles choses, j\u2019ai d\u00e9cid\u00e9 de donner \u00e0 mes gar\u00e7ons un aliment de base populaire \u00e0 l\u2019heure du d\u00eener : le macaroni au fromage. Le plat principal a disparu en quelques minutes. Ils n&rsquo;ont m\u00eame pas touch\u00e9 \u00e0 leurs plats d&rsquo;accompagnement, prouvant que m\u00eame la pomme de terre souriante ne peut r\u00e9sister \u00e0 la puissance famili\u00e8re des p\u00e2tes et du cheddar. <\/p>\n<h3>Vendredi<\/h3>\n<p><strong>Entr\u00e9e: <\/strong>Tortellinis aux \u00e9pinards et sauce pesto<\/p>\n<p>Mes gar\u00e7ons mangent ce repas depuis qu&rsquo;ils savent le m\u00e2cher, nous le mangeons donc tous les vendredis. Mais j\u2019ai ajout\u00e9 une ride \u00e0 l\u2019exp\u00e9rience : le brocoli. La pomme de terre au visage souriant pourrait au moins inciter mes gar\u00e7ons \u00e0 donner une chance au redoutable l\u00e9gume vert, mais aucun d\u2019eux n\u2019a touch\u00e9 la tige unique que nous avons mise dans chacune de leurs assiettes. Mon plus jeune s&rsquo;est m\u00eame mis \u00e0 pleurer lorsqu&rsquo;il a vu du brocoli \u00e0 c\u00f4t\u00e9 de ses p\u00e2tes, nous terminerons donc cette exp\u00e9rience par des larmes. <\/p>\n<h2 id=\"the-verdict\">Le verdict<\/h2>\n<p>Les smileys, les f\u00e9culents et la recherche scientifique ont donn\u00e9 aux parents un autre outil \u00e0 utiliser dans leurs efforts continus pour donner plus de nutrition \u00e0 leurs enfants. Ce n&rsquo;est pas quelque chose que je ferai \u00e0 chaque repas, mais je suis pr\u00eat \u00e0 surprendre mes enfants avec des sourires de pommes de terre lorsque je pr\u00e9pare un nouveau repas, pour l&rsquo;aider \u00e0 se d\u00e9rouler un peu plus facilement.<\/p>\n","protected":false},"excerpt":{"rendered":"<p>La recherche aurait trouv\u00e9 une m\u00e9thode inhabituelle pour amener votre enfant \u00e0 manger des l\u00e9gumes. Mais est-ce que \u00e7a marche ? Il existe de bonnes<\/p>\n","protected":false},"author":1,"featured_media":732,"comment_status":"","ping_status":"","sticky":false,"template":"","format":"standard","meta":{"footnotes":""},"categories":[37],"tags":[324,1169,1002,14,1170,704,734,1168,809,507,1167,1166,27],"class_list":["post-731","post","type-post","status-publish","format-standard","has-post-thumbnail","hentry","category-famille","tag-enfants","tag-inciter","tag-legumes","tag-les","tag-manger","tag-pommes","tag-pourquoi","tag-pourraient","tag-science","tag-selon","tag-souriantes","tag-terre","tag-vos","generate-columns","tablet-grid-50","mobile-grid-100","grid-parent","grid-33"],"yoast_head":"<!-- This site is optimized with the Yoast SEO plugin v24.0 - https:\/\/yoast.com\/wordpress\/plugins\/seo\/ -->\n<title>Pourquoi les pommes de terre souriantes pourraient inciter vos enfants \u00e0 manger plus de l\u00e9gumes, selon la science | Vie Associative<\/title>\n<meta name=\"robots\" content=\"index, follow, max-snippet:-1, max-image-preview:large, max-video-preview:-1\" \/>\n<link rel=\"canonical\" href=\"https:\/\/vieassociative.be\/actualites\/pourquoi-les-pommes-de-terre-souriantes-pourraient-inciter-vos-enfants-a-manger-plus-de-legumes-selon-la-science\/\" \/>\n<meta property=\"og:locale\" content=\"fr_FR\" \/>\n<meta property=\"og:type\" content=\"article\" \/>\n<meta property=\"og:title\" content=\"Pourquoi les pommes de terre souriantes pourraient inciter vos enfants \u00e0 manger plus de l\u00e9gumes, selon la science | Vie Associative\" \/>\n<meta property=\"og:description\" content=\"La recherche aurait trouv\u00e9 une m\u00e9thode inhabituelle pour amener votre enfant \u00e0 manger des l\u00e9gumes. Mais est-ce que \u00e7a marche ? Il existe de bonnes\" \/>\n<meta property=\"og:url\" content=\"https:\/\/vieassociative.be\/actualites\/pourquoi-les-pommes-de-terre-souriantes-pourraient-inciter-vos-enfants-a-manger-plus-de-legumes-selon-la-science\/\" \/>\n<meta property=\"og:site_name\" content=\"Vie Associative\" \/>\n<meta property=\"article:published_time\" content=\"2024-10-01T14:31:14+00:00\" \/>\n<meta property=\"og:image\" content=\"https:\/\/vieassociative.be\/actualites\/wp-content\/uploads\/2024\/09\/header_backgroundk-01-e1726694325946.png\" \/>\n\t<meta property=\"og:image:width\" content=\"279\" \/>\n\t<meta property=\"og:image:height\" content=\"92\" \/>\n\t<meta property=\"og:image:type\" content=\"image\/png\" \/>\n<meta name=\"author\" content=\"Julien\" \/>\n<meta name=\"twitter:card\" content=\"summary_large_image\" \/>\n<meta name=\"twitter:label1\" content=\"\u00c9crit par\" \/>\n\t<meta name=\"twitter:data1\" content=\"Julien\" \/>\n\t<meta name=\"twitter:label2\" content=\"Dur\u00e9e de lecture est.\" \/>\n\t<meta name=\"twitter:data2\" content=\"5 minutes\" \/>\n<script type=\"application\/ld+json\" class=\"yoast-schema-graph\">{\"@context\":\"https:\/\/schema.org\",\"@graph\":[{\"@type\":\"Article\",\"@id\":\"https:\/\/vieassociative.be\/actualites\/pourquoi-les-pommes-de-terre-souriantes-pourraient-inciter-vos-enfants-a-manger-plus-de-legumes-selon-la-science\/#article\",\"isPartOf\":{\"@id\":\"https:\/\/vieassociative.be\/actualites\/pourquoi-les-pommes-de-terre-souriantes-pourraient-inciter-vos-enfants-a-manger-plus-de-legumes-selon-la-science\/\"},\"author\":{\"name\":\"Julien\",\"@id\":\"https:\/\/vieassociative.be\/actualites\/#\/schema\/person\/b87ac4f82f9d4e7b7cec7395b679edc4\"},\"headline\":\"Pourquoi les pommes de terre souriantes pourraient inciter vos enfants \u00e0 manger plus de l\u00e9gumes, selon la science\",\"datePublished\":\"2024-10-01T14:31:14+00:00\",\"dateModified\":\"2024-10-01T14:31:14+00:00\",\"mainEntityOfPage\":{\"@id\":\"https:\/\/vieassociative.be\/actualites\/pourquoi-les-pommes-de-terre-souriantes-pourraient-inciter-vos-enfants-a-manger-plus-de-legumes-selon-la-science\/\"},\"wordCount\":1148,\"publisher\":{\"@id\":\"https:\/\/vieassociative.be\/actualites\/#organization\"},\"image\":{\"@id\":\"https:\/\/vieassociative.be\/actualites\/pourquoi-les-pommes-de-terre-souriantes-pourraient-inciter-vos-enfants-a-manger-plus-de-legumes-selon-la-science\/#primaryimage\"},\"thumbnailUrl\":\"https:\/\/vieassociative.be\/actualites\/wp-content\/uploads\/2024\/10\/Pourquoi-les-pommes-de-terre-souriantes-pourraient-inciter-vos-enfants.jpg\",\"keywords\":[\"enfants\",\"inciter\",\"l\u00e9gumes\",\"Les\",\"manger\",\"pommes\",\"Pourquoi\",\"pourraient\",\"science\",\"selon\",\"souriantes\",\"terre\",\"vos\"],\"articleSection\":[\"Famille\"],\"inLanguage\":\"fr-BE\"},{\"@type\":\"WebPage\",\"@id\":\"https:\/\/vieassociative.be\/actualites\/pourquoi-les-pommes-de-terre-souriantes-pourraient-inciter-vos-enfants-a-manger-plus-de-legumes-selon-la-science\/\",\"url\":\"https:\/\/vieassociative.be\/actualites\/pourquoi-les-pommes-de-terre-souriantes-pourraient-inciter-vos-enfants-a-manger-plus-de-legumes-selon-la-science\/\",\"name\":\"Pourquoi les pommes de terre souriantes pourraient inciter vos enfants \u00e0 manger plus de l\u00e9gumes, selon la science | Vie Associative\",\"isPartOf\":{\"@id\":\"https:\/\/vieassociative.be\/actualites\/#website\"},\"primaryImageOfPage\":{\"@id\":\"https:\/\/vieassociative.be\/actualites\/pourquoi-les-pommes-de-terre-souriantes-pourraient-inciter-vos-enfants-a-manger-plus-de-legumes-selon-la-science\/#primaryimage\"},\"image\":{\"@id\":\"https:\/\/vieassociative.be\/actualites\/pourquoi-les-pommes-de-terre-souriantes-pourraient-inciter-vos-enfants-a-manger-plus-de-legumes-selon-la-science\/#primaryimage\"},\"thumbnailUrl\":\"https:\/\/vieassociative.be\/actualites\/wp-content\/uploads\/2024\/10\/Pourquoi-les-pommes-de-terre-souriantes-pourraient-inciter-vos-enfants.jpg\",\"datePublished\":\"2024-10-01T14:31:14+00:00\",\"dateModified\":\"2024-10-01T14:31:14+00:00\",\"breadcrumb\":{\"@id\":\"https:\/\/vieassociative.be\/actualites\/pourquoi-les-pommes-de-terre-souriantes-pourraient-inciter-vos-enfants-a-manger-plus-de-legumes-selon-la-science\/#breadcrumb\"},\"inLanguage\":\"fr-BE\",\"potentialAction\":[{\"@type\":\"ReadAction\",\"target\":[\"https:\/\/vieassociative.be\/actualites\/pourquoi-les-pommes-de-terre-souriantes-pourraient-inciter-vos-enfants-a-manger-plus-de-legumes-selon-la-science\/\"]}]},{\"@type\":\"ImageObject\",\"inLanguage\":\"fr-BE\",\"@id\":\"https:\/\/vieassociative.be\/actualites\/pourquoi-les-pommes-de-terre-souriantes-pourraient-inciter-vos-enfants-a-manger-plus-de-legumes-selon-la-science\/#primaryimage\",\"url\":\"https:\/\/vieassociative.be\/actualites\/wp-content\/uploads\/2024\/10\/Pourquoi-les-pommes-de-terre-souriantes-pourraient-inciter-vos-enfants.jpg\",\"contentUrl\":\"https:\/\/vieassociative.be\/actualites\/wp-content\/uploads\/2024\/10\/Pourquoi-les-pommes-de-terre-souriantes-pourraient-inciter-vos-enfants.jpg\",\"width\":1200,\"height\":675,\"caption\":\"Pourquoi les pommes de terre souriantes pourraient inciter vos enfants \u00e0 manger plus de l\u00e9gumes, selon la science\"},{\"@type\":\"BreadcrumbList\",\"@id\":\"https:\/\/vieassociative.be\/actualites\/pourquoi-les-pommes-de-terre-souriantes-pourraient-inciter-vos-enfants-a-manger-plus-de-legumes-selon-la-science\/#breadcrumb\",\"itemListElement\":[{\"@type\":\"ListItem\",\"position\":1,\"name\":\"Accueil\",\"item\":\"https:\/\/vieassociative.be\/actualites\/\"},{\"@type\":\"ListItem\",\"position\":2,\"name\":\"Pourquoi les pommes de terre souriantes pourraient inciter vos enfants \u00e0 manger plus de l\u00e9gumes, selon la science\"}]},{\"@type\":\"WebSite\",\"@id\":\"https:\/\/vieassociative.be\/actualites\/#website\",\"url\":\"https:\/\/vieassociative.be\/actualites\/\",\"name\":\"Vie Associative\",\"description\":\"\",\"publisher\":{\"@id\":\"https:\/\/vieassociative.be\/actualites\/#organization\"},\"potentialAction\":[{\"@type\":\"SearchAction\",\"target\":{\"@type\":\"EntryPoint\",\"urlTemplate\":\"https:\/\/vieassociative.be\/actualites\/?s={search_term_string}\"},\"query-input\":{\"@type\":\"PropertyValueSpecification\",\"valueRequired\":true,\"valueName\":\"search_term_string\"}}],\"inLanguage\":\"fr-BE\"},{\"@type\":\"Organization\",\"@id\":\"https:\/\/vieassociative.be\/actualites\/#organization\",\"name\":\"Vie Associative\",\"url\":\"https:\/\/vieassociative.be\/actualites\/\",\"logo\":{\"@type\":\"ImageObject\",\"inLanguage\":\"fr-BE\",\"@id\":\"https:\/\/vieassociative.be\/actualites\/#\/schema\/logo\/image\/\",\"url\":\"https:\/\/vieassociative.be\/actualites\/wp-content\/uploads\/2024\/09\/cropped-vieassociative_favicon.ico.png\",\"contentUrl\":\"https:\/\/vieassociative.be\/actualites\/wp-content\/uploads\/2024\/09\/cropped-vieassociative_favicon.ico.png\",\"width\":512,\"height\":512,\"caption\":\"Vie Associative\"},\"image\":{\"@id\":\"https:\/\/vieassociative.be\/actualites\/#\/schema\/logo\/image\/\"}},{\"@type\":\"Person\",\"@id\":\"https:\/\/vieassociative.be\/actualites\/#\/schema\/person\/b87ac4f82f9d4e7b7cec7395b679edc4\",\"name\":\"Julien\",\"image\":{\"@type\":\"ImageObject\",\"inLanguage\":\"fr-BE\",\"@id\":\"https:\/\/vieassociative.be\/actualites\/#\/schema\/person\/image\/\",\"url\":\"https:\/\/vieassociative.be\/actualites\/wp-content\/uploads\/2024\/09\/vie-associative-1-150x150.jpg\",\"contentUrl\":\"https:\/\/vieassociative.be\/actualites\/wp-content\/uploads\/2024\/09\/vie-associative-1-150x150.jpg\",\"caption\":\"Julien\"},\"description\":\"Je suis Julien, r\u00e9dacteur pour Vie Associative. Passionn\u00e9 par le monde associatif depuis plus de 10 ans, j'ai \u00e0 c\u0153ur de partager des histoires inspirantes et de mettre en lumi\u00e8re les initiatives locales. Mon objectif est de sensibiliser et d'encourager l'engagement communautaire \u00e0 travers mes articles.\",\"sameAs\":[\"https:\/\/vieassociative.be\/\"]}]}<\/script>\n<!-- \/ Yoast SEO plugin. -->","yoast_head_json":{"title":"Pourquoi les pommes de terre souriantes pourraient inciter vos enfants \u00e0 manger plus de l\u00e9gumes, selon la science | Vie Associative","robots":{"index":"index","follow":"follow","max-snippet":"max-snippet:-1","max-image-preview":"max-image-preview:large","max-video-preview":"max-video-preview:-1"},"canonical":"https:\/\/vieassociative.be\/actualites\/pourquoi-les-pommes-de-terre-souriantes-pourraient-inciter-vos-enfants-a-manger-plus-de-legumes-selon-la-science\/","og_locale":"fr_FR","og_type":"article","og_title":"Pourquoi les pommes de terre souriantes pourraient inciter vos enfants \u00e0 manger plus de l\u00e9gumes, selon la science | Vie Associative","og_description":"La recherche aurait trouv\u00e9 une m\u00e9thode inhabituelle pour amener votre enfant \u00e0 manger des l\u00e9gumes. Mais est-ce que \u00e7a marche ? Il existe de bonnes","og_url":"https:\/\/vieassociative.be\/actualites\/pourquoi-les-pommes-de-terre-souriantes-pourraient-inciter-vos-enfants-a-manger-plus-de-legumes-selon-la-science\/","og_site_name":"Vie Associative","article_published_time":"2024-10-01T14:31:14+00:00","og_image":[{"width":279,"height":92,"url":"https:\/\/vieassociative.be\/actualites\/wp-content\/uploads\/2024\/09\/header_backgroundk-01-e1726694325946.png","type":"image\/png"}],"author":"Julien","twitter_card":"summary_large_image","twitter_misc":{"\u00c9crit par":"Julien","Dur\u00e9e de lecture est.":"5 minutes"},"schema":{"@context":"https:\/\/schema.org","@graph":[{"@type":"Article","@id":"https:\/\/vieassociative.be\/actualites\/pourquoi-les-pommes-de-terre-souriantes-pourraient-inciter-vos-enfants-a-manger-plus-de-legumes-selon-la-science\/#article","isPartOf":{"@id":"https:\/\/vieassociative.be\/actualites\/pourquoi-les-pommes-de-terre-souriantes-pourraient-inciter-vos-enfants-a-manger-plus-de-legumes-selon-la-science\/"},"author":{"name":"Julien","@id":"https:\/\/vieassociative.be\/actualites\/#\/schema\/person\/b87ac4f82f9d4e7b7cec7395b679edc4"},"headline":"Pourquoi les pommes de terre souriantes pourraient inciter vos enfants \u00e0 manger plus de l\u00e9gumes, selon la science","datePublished":"2024-10-01T14:31:14+00:00","dateModified":"2024-10-01T14:31:14+00:00","mainEntityOfPage":{"@id":"https:\/\/vieassociative.be\/actualites\/pourquoi-les-pommes-de-terre-souriantes-pourraient-inciter-vos-enfants-a-manger-plus-de-legumes-selon-la-science\/"},"wordCount":1148,"publisher":{"@id":"https:\/\/vieassociative.be\/actualites\/#organization"},"image":{"@id":"https:\/\/vieassociative.be\/actualites\/pourquoi-les-pommes-de-terre-souriantes-pourraient-inciter-vos-enfants-a-manger-plus-de-legumes-selon-la-science\/#primaryimage"},"thumbnailUrl":"https:\/\/vieassociative.be\/actualites\/wp-content\/uploads\/2024\/10\/Pourquoi-les-pommes-de-terre-souriantes-pourraient-inciter-vos-enfants.jpg","keywords":["enfants","inciter","l\u00e9gumes","Les","manger","pommes","Pourquoi","pourraient","science","selon","souriantes","terre","vos"],"articleSection":["Famille"],"inLanguage":"fr-BE"},{"@type":"WebPage","@id":"https:\/\/vieassociative.be\/actualites\/pourquoi-les-pommes-de-terre-souriantes-pourraient-inciter-vos-enfants-a-manger-plus-de-legumes-selon-la-science\/","url":"https:\/\/vieassociative.be\/actualites\/pourquoi-les-pommes-de-terre-souriantes-pourraient-inciter-vos-enfants-a-manger-plus-de-legumes-selon-la-science\/","name":"Pourquoi les pommes de terre souriantes pourraient inciter vos enfants \u00e0 manger plus de l\u00e9gumes, selon la science | Vie Associative","isPartOf":{"@id":"https:\/\/vieassociative.be\/actualites\/#website"},"primaryImageOfPage":{"@id":"https:\/\/vieassociative.be\/actualites\/pourquoi-les-pommes-de-terre-souriantes-pourraient-inciter-vos-enfants-a-manger-plus-de-legumes-selon-la-science\/#primaryimage"},"image":{"@id":"https:\/\/vieassociative.be\/actualites\/pourquoi-les-pommes-de-terre-souriantes-pourraient-inciter-vos-enfants-a-manger-plus-de-legumes-selon-la-science\/#primaryimage"},"thumbnailUrl":"https:\/\/vieassociative.be\/actualites\/wp-content\/uploads\/2024\/10\/Pourquoi-les-pommes-de-terre-souriantes-pourraient-inciter-vos-enfants.jpg","datePublished":"2024-10-01T14:31:14+00:00","dateModified":"2024-10-01T14:31:14+00:00","breadcrumb":{"@id":"https:\/\/vieassociative.be\/actualites\/pourquoi-les-pommes-de-terre-souriantes-pourraient-inciter-vos-enfants-a-manger-plus-de-legumes-selon-la-science\/#breadcrumb"},"inLanguage":"fr-BE","potentialAction":[{"@type":"ReadAction","target":["https:\/\/vieassociative.be\/actualites\/pourquoi-les-pommes-de-terre-souriantes-pourraient-inciter-vos-enfants-a-manger-plus-de-legumes-selon-la-science\/"]}]},{"@type":"ImageObject","inLanguage":"fr-BE","@id":"https:\/\/vieassociative.be\/actualites\/pourquoi-les-pommes-de-terre-souriantes-pourraient-inciter-vos-enfants-a-manger-plus-de-legumes-selon-la-science\/#primaryimage","url":"https:\/\/vieassociative.be\/actualites\/wp-content\/uploads\/2024\/10\/Pourquoi-les-pommes-de-terre-souriantes-pourraient-inciter-vos-enfants.jpg","contentUrl":"https:\/\/vieassociative.be\/actualites\/wp-content\/uploads\/2024\/10\/Pourquoi-les-pommes-de-terre-souriantes-pourraient-inciter-vos-enfants.jpg","width":1200,"height":675,"caption":"Pourquoi les pommes de terre souriantes pourraient inciter vos enfants \u00e0 manger plus de l\u00e9gumes, selon la science"},{"@type":"BreadcrumbList","@id":"https:\/\/vieassociative.be\/actualites\/pourquoi-les-pommes-de-terre-souriantes-pourraient-inciter-vos-enfants-a-manger-plus-de-legumes-selon-la-science\/#breadcrumb","itemListElement":[{"@type":"ListItem","position":1,"name":"Accueil","item":"https:\/\/vieassociative.be\/actualites\/"},{"@type":"ListItem","position":2,"name":"Pourquoi les pommes de terre souriantes pourraient inciter vos enfants \u00e0 manger plus de l\u00e9gumes, selon la science"}]},{"@type":"WebSite","@id":"https:\/\/vieassociative.be\/actualites\/#website","url":"https:\/\/vieassociative.be\/actualites\/","name":"Vie Associative","description":"","publisher":{"@id":"https:\/\/vieassociative.be\/actualites\/#organization"},"potentialAction":[{"@type":"SearchAction","target":{"@type":"EntryPoint","urlTemplate":"https:\/\/vieassociative.be\/actualites\/?s={search_term_string}"},"query-input":{"@type":"PropertyValueSpecification","valueRequired":true,"valueName":"search_term_string"}}],"inLanguage":"fr-BE"},{"@type":"Organization","@id":"https:\/\/vieassociative.be\/actualites\/#organization","name":"Vie Associative","url":"https:\/\/vieassociative.be\/actualites\/","logo":{"@type":"ImageObject","inLanguage":"fr-BE","@id":"https:\/\/vieassociative.be\/actualites\/#\/schema\/logo\/image\/","url":"https:\/\/vieassociative.be\/actualites\/wp-content\/uploads\/2024\/09\/cropped-vieassociative_favicon.ico.png","contentUrl":"https:\/\/vieassociative.be\/actualites\/wp-content\/uploads\/2024\/09\/cropped-vieassociative_favicon.ico.png","width":512,"height":512,"caption":"Vie Associative"},"image":{"@id":"https:\/\/vieassociative.be\/actualites\/#\/schema\/logo\/image\/"}},{"@type":"Person","@id":"https:\/\/vieassociative.be\/actualites\/#\/schema\/person\/b87ac4f82f9d4e7b7cec7395b679edc4","name":"Julien","image":{"@type":"ImageObject","inLanguage":"fr-BE","@id":"https:\/\/vieassociative.be\/actualites\/#\/schema\/person\/image\/","url":"https:\/\/vieassociative.be\/actualites\/wp-content\/uploads\/2024\/09\/vie-associative-1-150x150.jpg","contentUrl":"https:\/\/vieassociative.be\/actualites\/wp-content\/uploads\/2024\/09\/vie-associative-1-150x150.jpg","caption":"Julien"},"description":"Je suis Julien, r\u00e9dacteur pour Vie Associative. Passionn\u00e9 par le monde associatif depuis plus de 10 ans, j'ai \u00e0 c\u0153ur de partager des histoires inspirantes et de mettre en lumi\u00e8re les initiatives locales. Mon objectif est de sensibiliser et d'encourager l'engagement communautaire \u00e0 travers mes articles.","sameAs":["https:\/\/vieassociative.be\/"]}]}},"_links":{"self":[{"href":"https:\/\/vieassociative.be\/actualites\/wp-json\/wp\/v2\/posts\/731"}],"collection":[{"href":"https:\/\/vieassociative.be\/actualites\/wp-json\/wp\/v2\/posts"}],"about":[{"href":"https:\/\/vieassociative.be\/actualites\/wp-json\/wp\/v2\/types\/post"}],"author":[{"embeddable":true,"href":"https:\/\/vieassociative.be\/actualites\/wp-json\/wp\/v2\/users\/1"}],"replies":[{"embeddable":true,"href":"https:\/\/vieassociative.be\/actualites\/wp-json\/wp\/v2\/comments?post=731"}],"version-history":[{"count":0,"href":"https:\/\/vieassociative.be\/actualites\/wp-json\/wp\/v2\/posts\/731\/revisions"}],"wp:featuredmedia":[{"embeddable":true,"href":"https:\/\/vieassociative.be\/actualites\/wp-json\/wp\/v2\/media\/732"}],"wp:attachment":[{"href":"https:\/\/vieassociative.be\/actualites\/wp-json\/wp\/v2\/media?parent=731"}],"wp:term":[{"taxonomy":"category","embeddable":true,"href":"https:\/\/vieassociative.be\/actualites\/wp-json\/wp\/v2\/categories?post=731"},{"taxonomy":"post_tag","embeddable":true,"href":"https:\/\/vieassociative.be\/actualites\/wp-json\/wp\/v2\/tags?post=731"}],"curies":[{"name":"wp","href":"https:\/\/api.w.org\/{rel}","templated":true}]}}