{"id":7304,"date":"2025-05-05T04:18:44","date_gmt":"2025-05-05T02:18:44","guid":{"rendered":"https:\/\/vieassociative.be\/actualites\/lettre-au-redacteur-critique-des-methodes-scolaires-autoritaires-plus-obeissantes-que-la-pensee\/"},"modified":"2025-05-05T04:18:44","modified_gmt":"2025-05-05T02:18:44","slug":"lettre-au-redacteur-critique-des-methodes-scolaires-autoritaires-plus-obeissantes-que-la-pensee","status":"publish","type":"post","link":"https:\/\/vieassociative.be\/actualites\/lettre-au-redacteur-critique-des-methodes-scolaires-autoritaires-plus-obeissantes-que-la-pensee\/","title":{"rendered":"Lettre au r\u00e9dacteur &#8211; Critique des m\u00e9thodes scolaires autoritaires: plus ob\u00e9issantes que la pens\u00e9e"},"content":{"rendered":"<p><strong>Autorit\u00e9 ou autonomie? Pourquoi les \u00e9coles de la DG ont besoin du courage pour changer.<\/strong><\/p>\n<p><span id=\"more-414799\"><\/span>L&rsquo;\u00e9ducation est tr\u00e8s importante dans les \u00e9coles de la communaut\u00e9 allemande (DG). Mais quel genre d&rsquo;\u00e9ducation voulons-nous vraiment? Bien que la p\u00e9dagogie et la participation de r\u00e9forme soient soulign\u00e9es sur le papier, de nombreux \u00e9l\u00e8ves \u00e9prouvent toujours une structure scolaire rigide dans la vie quotidienne qui se concentre sur l&rsquo;ob\u00e9issance, la performance et le contr\u00f4le.<\/p>\n<p>Ce qui est souvent n\u00e9glig\u00e9: les enfants ne sont pas des machines. Vous avez besoin de mouvement, d&rsquo;impulsions cr\u00e9atives, de temps pour se d\u00e9velopper &#8211; non \u00e0 l&rsquo;\u00e9poque de la s\u00e9ance.<\/p>\n<p><strong>&#8211; Toutes les \u00e9coles dans la DG &#8211; Obligation sans alternative:<\/strong> L&rsquo;\u00e9cole All-Day est l\u00e9galement requise dans la communaut\u00e9 allemande en Belgique. Tous les enfants passent la majeure partie de leur journ\u00e9e obligatoire \u00e0 l&rsquo;\u00e9cole &#8211; il n&rsquo;y a pas de libert\u00e9 de choix pour d&rsquo;autres formes d&rsquo;\u00e9ducation. Les parents qui veulent un mod\u00e8le plus flexible, familial ou plus cr\u00e9atif tombent sur une porte ferm\u00e9e.<\/p>\n<p>Cette structure obligatoire a des cons\u00e9quences de grande envergure: les enfants n&rsquo;ont gu\u00e8re de place \u00e0 une vie en dehors de l&rsquo;\u00e9cole. La musique, le th\u00e9\u00e2tre, les sports dans le club ou simplement le jeu gratuit tombent au bord du chemin. L&rsquo;\u00e9cole All-Day, telle qu&rsquo;elle est actuellement pratiqu\u00e9e, domine compl\u00e8tement la vie des enfants &#8211; au d\u00e9triment de leur d\u00e9veloppement holistique.<\/p>\n<p><strong>&#8211; Asseyez-vous au lieu de grandir:<\/strong> Une journ\u00e9e scolaire typique dans la DG comprend jusqu&rsquo;\u00e0 8 heures, souvent dans des chambres ferm\u00e9es et principalement dans des si\u00e8ges passifs. Des \u00e9tudes psychologiques de d\u00e9veloppement montrent que la plage de concentration des enfants ne dure que de 20 \u00e0 40 minutes. Apr\u00e8s cela, le cerveau a besoin de ruptures, de mouvement et de vari\u00e9t\u00e9. N\u00e9anmoins, les horaires sont g\u00e9n\u00e9ralement effectu\u00e9s sans des pauses ou des m\u00e9thodes d&rsquo;apprentissage orient\u00e9es vers le mouvement.<\/p>\n<p>Le mouvement n&rsquo;est pas un luxe, mais une condition pr\u00e9alable \u00e0 l&rsquo;apprentissage sain. Il en va de m\u00eame pour l&rsquo;\u00e9ducation culturelle &#8211; l&rsquo;art, la musique et les th\u00e9\u00e2tres ne sont pas des formes de fortes, mais des formes d&rsquo;\u00e9l\u00e9ment \u00e9l\u00e9mentaires que les enfants peuvent comprendre eux-m\u00eames et le monde.<\/p>\n<p><strong>&#8211; De l&rsquo;ob\u00e9issance \u00e0 l&rsquo;indiff\u00e9rence:<\/strong> Un autre probl\u00e8me est l&rsquo;ob\u00e9issance pr\u00e9dominante et r\u00e9compens\u00e9e au lieu de penser. Quiconque remet en question les r\u00e8gles est rapidement tamponn\u00e9 comme un interf\u00e9rateur. L&rsquo;ind\u00e9pendance et la cr\u00e9ativit\u00e9 sont souvent consid\u00e9r\u00e9es comme inconfortables. De cette fa\u00e7on, les enfants sont conditionn\u00e9s \u00e0 la conformit\u00e9 &#8211; pas dans la participation d\u00e9mocratique.<\/p>\n<p>Les cons\u00e9quences \u00e0 long terme sont inqui\u00e9tantes: les adultes qui s&rsquo;adaptent au lieu de prendre des responsabilit\u00e9s. Les gens qui sont silencieux au lieu d&rsquo;interf\u00e9rer &#8211; fonctionnent des engrenages, mais pas de citoyens matures.<\/p>\n<p><strong>&#8211; Temps pour un tour courageux:<\/strong> Ce dont nous avons besoin, ce sont des \u00e9coles qui enseignent la responsabilit\u00e9 au lieu de la subordination, respectent les rythmes amicaux, permettent une r\u00e9elle participation et reconnaissent le mouvement et la cr\u00e9ativit\u00e9 comme des besoins de base. Un syst\u00e8me \u00e9ducatif qui permet la diversit\u00e9 et la libert\u00e9 de choix &#8211; \u00e9galement dans le mod\u00e8le scolaire.<\/p>\n<p>Parce qu&rsquo;une chose est claire: l&rsquo;\u00e9ducation ne doit pas servir \u00e0 former de bons adultes, mais gratuits, courageux et en pensant aux gens.<\/p>\n<p><strong>04\/05\/2025 Pascale Baudimont Eupen, le 04\/05\/2025<\/strong><\/p>\n","protected":false},"excerpt":{"rendered":"<p>Autorit\u00e9 ou autonomie? Pourquoi les \u00e9coles de la DG ont besoin du courage pour changer. L&rsquo;\u00e9ducation est tr\u00e8s importante dans les \u00e9coles de la communaut\u00e9<\/p>\n","protected":false},"author":1,"featured_media":2567,"comment_status":"","ping_status":"","sticky":false,"template":"","format":"standard","meta":{"footnotes":""},"categories":[298],"tags":[6823,3364,29,2628,80,6824,6825,3723,3431],"class_list":["post-7304","post","type-post","status-publish","format-standard","has-post-thumbnail","hentry","category-belgique","tag-autoritaires","tag-critique","tag-des","tag-lettre","tag-methodes","tag-obeissantes","tag-pensee","tag-redacteur","tag-scolaires","generate-columns","tablet-grid-50","mobile-grid-100","grid-parent","grid-33"],"yoast_head":"<!-- This site is optimized with the Yoast SEO plugin v24.0 - https:\/\/yoast.com\/wordpress\/plugins\/seo\/ -->\n<title>Lettre au r\u00e9dacteur - Critique des m\u00e9thodes scolaires autoritaires: plus ob\u00e9issantes que la pens\u00e9e | Vie Associative<\/title>\n<meta name=\"robots\" content=\"index, follow, max-snippet:-1, max-image-preview:large, max-video-preview:-1\" \/>\n<link rel=\"canonical\" href=\"https:\/\/vieassociative.be\/actualites\/lettre-au-redacteur-critique-des-methodes-scolaires-autoritaires-plus-obeissantes-que-la-pensee\/\" \/>\n<meta property=\"og:locale\" content=\"fr_FR\" \/>\n<meta property=\"og:type\" content=\"article\" \/>\n<meta property=\"og:title\" content=\"Lettre au r\u00e9dacteur - Critique des m\u00e9thodes scolaires autoritaires: plus ob\u00e9issantes que la pens\u00e9e | Vie Associative\" \/>\n<meta property=\"og:description\" content=\"Autorit\u00e9 ou autonomie? Pourquoi les \u00e9coles de la DG ont besoin du courage pour changer. L&rsquo;\u00e9ducation est tr\u00e8s importante dans les \u00e9coles de la communaut\u00e9\" \/>\n<meta property=\"og:url\" content=\"https:\/\/vieassociative.be\/actualites\/lettre-au-redacteur-critique-des-methodes-scolaires-autoritaires-plus-obeissantes-que-la-pensee\/\" \/>\n<meta property=\"og:site_name\" content=\"Vie Associative\" \/>\n<meta property=\"article:published_time\" content=\"2025-05-05T02:18:44+00:00\" \/>\n<meta property=\"og:image\" content=\"https:\/\/vieassociative.be\/actualites\/wp-content\/uploads\/2024\/09\/header_backgroundk-01-e1726694325946.png\" \/>\n\t<meta property=\"og:image:width\" content=\"279\" \/>\n\t<meta property=\"og:image:height\" content=\"92\" \/>\n\t<meta property=\"og:image:type\" content=\"image\/png\" \/>\n<meta name=\"author\" content=\"Julien\" \/>\n<meta name=\"twitter:card\" content=\"summary_large_image\" \/>\n<meta name=\"twitter:label1\" content=\"\u00c9crit par\" \/>\n\t<meta name=\"twitter:data1\" content=\"Julien\" \/>\n\t<meta name=\"twitter:label2\" content=\"Dur\u00e9e de lecture est.\" \/>\n\t<meta name=\"twitter:data2\" content=\"3 minutes\" \/>\n<script type=\"application\/ld+json\" class=\"yoast-schema-graph\">{\"@context\":\"https:\/\/schema.org\",\"@graph\":[{\"@type\":\"Article\",\"@id\":\"https:\/\/vieassociative.be\/actualites\/lettre-au-redacteur-critique-des-methodes-scolaires-autoritaires-plus-obeissantes-que-la-pensee\/#article\",\"isPartOf\":{\"@id\":\"https:\/\/vieassociative.be\/actualites\/lettre-au-redacteur-critique-des-methodes-scolaires-autoritaires-plus-obeissantes-que-la-pensee\/\"},\"author\":{\"name\":\"Julien\",\"@id\":\"https:\/\/vieassociative.be\/actualites\/#\/schema\/person\/b87ac4f82f9d4e7b7cec7395b679edc4\"},\"headline\":\"Lettre au r\u00e9dacteur &#8211; Critique des m\u00e9thodes scolaires autoritaires: plus ob\u00e9issantes que la pens\u00e9e\",\"datePublished\":\"2025-05-05T02:18:44+00:00\",\"dateModified\":\"2025-05-05T02:18:44+00:00\",\"mainEntityOfPage\":{\"@id\":\"https:\/\/vieassociative.be\/actualites\/lettre-au-redacteur-critique-des-methodes-scolaires-autoritaires-plus-obeissantes-que-la-pensee\/\"},\"wordCount\":631,\"publisher\":{\"@id\":\"https:\/\/vieassociative.be\/actualites\/#organization\"},\"image\":{\"@id\":\"https:\/\/vieassociative.be\/actualites\/lettre-au-redacteur-critique-des-methodes-scolaires-autoritaires-plus-obeissantes-que-la-pensee\/#primaryimage\"},\"thumbnailUrl\":\"https:\/\/vieassociative.be\/actualites\/wp-content\/uploads\/2024\/11\/LETTRE-A-LA-REDACTION-\u2013-Audi-Bruxelles-dernier-avertissement-du.jpeg\",\"keywords\":[\"autoritaires\",\"critique\",\"Des\",\"lettre\",\"m\u00e9thodes\",\"ob\u00e9issantes\",\"pens\u00e9e\",\"r\u00e9dacteur\",\"scolaires\"],\"articleSection\":[\"Belgique\"],\"inLanguage\":\"fr-BE\"},{\"@type\":\"WebPage\",\"@id\":\"https:\/\/vieassociative.be\/actualites\/lettre-au-redacteur-critique-des-methodes-scolaires-autoritaires-plus-obeissantes-que-la-pensee\/\",\"url\":\"https:\/\/vieassociative.be\/actualites\/lettre-au-redacteur-critique-des-methodes-scolaires-autoritaires-plus-obeissantes-que-la-pensee\/\",\"name\":\"Lettre au r\u00e9dacteur - Critique des m\u00e9thodes scolaires autoritaires: plus ob\u00e9issantes que la pens\u00e9e | Vie Associative\",\"isPartOf\":{\"@id\":\"https:\/\/vieassociative.be\/actualites\/#website\"},\"primaryImageOfPage\":{\"@id\":\"https:\/\/vieassociative.be\/actualites\/lettre-au-redacteur-critique-des-methodes-scolaires-autoritaires-plus-obeissantes-que-la-pensee\/#primaryimage\"},\"image\":{\"@id\":\"https:\/\/vieassociative.be\/actualites\/lettre-au-redacteur-critique-des-methodes-scolaires-autoritaires-plus-obeissantes-que-la-pensee\/#primaryimage\"},\"thumbnailUrl\":\"https:\/\/vieassociative.be\/actualites\/wp-content\/uploads\/2024\/11\/LETTRE-A-LA-REDACTION-\u2013-Audi-Bruxelles-dernier-avertissement-du.jpeg\",\"datePublished\":\"2025-05-05T02:18:44+00:00\",\"dateModified\":\"2025-05-05T02:18:44+00:00\",\"breadcrumb\":{\"@id\":\"https:\/\/vieassociative.be\/actualites\/lettre-au-redacteur-critique-des-methodes-scolaires-autoritaires-plus-obeissantes-que-la-pensee\/#breadcrumb\"},\"inLanguage\":\"fr-BE\",\"potentialAction\":[{\"@type\":\"ReadAction\",\"target\":[\"https:\/\/vieassociative.be\/actualites\/lettre-au-redacteur-critique-des-methodes-scolaires-autoritaires-plus-obeissantes-que-la-pensee\/\"]}]},{\"@type\":\"ImageObject\",\"inLanguage\":\"fr-BE\",\"@id\":\"https:\/\/vieassociative.be\/actualites\/lettre-au-redacteur-critique-des-methodes-scolaires-autoritaires-plus-obeissantes-que-la-pensee\/#primaryimage\",\"url\":\"https:\/\/vieassociative.be\/actualites\/wp-content\/uploads\/2024\/11\/LETTRE-A-LA-REDACTION-\u2013-Audi-Bruxelles-dernier-avertissement-du.jpeg\",\"contentUrl\":\"https:\/\/vieassociative.be\/actualites\/wp-content\/uploads\/2024\/11\/LETTRE-A-LA-REDACTION-\u2013-Audi-Bruxelles-dernier-avertissement-du.jpeg\",\"width\":1024,\"height\":747,\"caption\":\"LETTRE \u00c0 LA R\u00c9DACTION \u2013 Audi Bruxelles, dernier avertissement du gouffre\"},{\"@type\":\"BreadcrumbList\",\"@id\":\"https:\/\/vieassociative.be\/actualites\/lettre-au-redacteur-critique-des-methodes-scolaires-autoritaires-plus-obeissantes-que-la-pensee\/#breadcrumb\",\"itemListElement\":[{\"@type\":\"ListItem\",\"position\":1,\"name\":\"Accueil\",\"item\":\"https:\/\/vieassociative.be\/actualites\/\"},{\"@type\":\"ListItem\",\"position\":2,\"name\":\"Lettre au r\u00e9dacteur &#8211; Critique des m\u00e9thodes scolaires autoritaires: plus ob\u00e9issantes que la pens\u00e9e\"}]},{\"@type\":\"WebSite\",\"@id\":\"https:\/\/vieassociative.be\/actualites\/#website\",\"url\":\"https:\/\/vieassociative.be\/actualites\/\",\"name\":\"Vie Associative\",\"description\":\"\",\"publisher\":{\"@id\":\"https:\/\/vieassociative.be\/actualites\/#organization\"},\"potentialAction\":[{\"@type\":\"SearchAction\",\"target\":{\"@type\":\"EntryPoint\",\"urlTemplate\":\"https:\/\/vieassociative.be\/actualites\/?s={search_term_string}\"},\"query-input\":{\"@type\":\"PropertyValueSpecification\",\"valueRequired\":true,\"valueName\":\"search_term_string\"}}],\"inLanguage\":\"fr-BE\"},{\"@type\":\"Organization\",\"@id\":\"https:\/\/vieassociative.be\/actualites\/#organization\",\"name\":\"Vie Associative\",\"url\":\"https:\/\/vieassociative.be\/actualites\/\",\"logo\":{\"@type\":\"ImageObject\",\"inLanguage\":\"fr-BE\",\"@id\":\"https:\/\/vieassociative.be\/actualites\/#\/schema\/logo\/image\/\",\"url\":\"https:\/\/vieassociative.be\/actualites\/wp-content\/uploads\/2024\/09\/cropped-vieassociative_favicon.ico.png\",\"contentUrl\":\"https:\/\/vieassociative.be\/actualites\/wp-content\/uploads\/2024\/09\/cropped-vieassociative_favicon.ico.png\",\"width\":512,\"height\":512,\"caption\":\"Vie Associative\"},\"image\":{\"@id\":\"https:\/\/vieassociative.be\/actualites\/#\/schema\/logo\/image\/\"}},{\"@type\":\"Person\",\"@id\":\"https:\/\/vieassociative.be\/actualites\/#\/schema\/person\/b87ac4f82f9d4e7b7cec7395b679edc4\",\"name\":\"Julien\",\"image\":{\"@type\":\"ImageObject\",\"inLanguage\":\"fr-BE\",\"@id\":\"https:\/\/vieassociative.be\/actualites\/#\/schema\/person\/image\/\",\"url\":\"https:\/\/vieassociative.be\/actualites\/wp-content\/uploads\/2024\/09\/vie-associative-1-150x150.jpg\",\"contentUrl\":\"https:\/\/vieassociative.be\/actualites\/wp-content\/uploads\/2024\/09\/vie-associative-1-150x150.jpg\",\"caption\":\"Julien\"},\"description\":\"Je suis Julien, r\u00e9dacteur pour Vie Associative. Passionn\u00e9 par le monde associatif depuis plus de 10 ans, j'ai \u00e0 c\u0153ur de partager des histoires inspirantes et de mettre en lumi\u00e8re les initiatives locales. Mon objectif est de sensibiliser et d'encourager l'engagement communautaire \u00e0 travers mes articles.\",\"sameAs\":[\"https:\/\/vieassociative.be\/\"]}]}<\/script>\n<!-- \/ Yoast SEO plugin. -->","yoast_head_json":{"title":"Lettre au r\u00e9dacteur - Critique des m\u00e9thodes scolaires autoritaires: plus ob\u00e9issantes que la pens\u00e9e | Vie Associative","robots":{"index":"index","follow":"follow","max-snippet":"max-snippet:-1","max-image-preview":"max-image-preview:large","max-video-preview":"max-video-preview:-1"},"canonical":"https:\/\/vieassociative.be\/actualites\/lettre-au-redacteur-critique-des-methodes-scolaires-autoritaires-plus-obeissantes-que-la-pensee\/","og_locale":"fr_FR","og_type":"article","og_title":"Lettre au r\u00e9dacteur - Critique des m\u00e9thodes scolaires autoritaires: plus ob\u00e9issantes que la pens\u00e9e | Vie Associative","og_description":"Autorit\u00e9 ou autonomie? Pourquoi les \u00e9coles de la DG ont besoin du courage pour changer. L&rsquo;\u00e9ducation est tr\u00e8s importante dans les \u00e9coles de la communaut\u00e9","og_url":"https:\/\/vieassociative.be\/actualites\/lettre-au-redacteur-critique-des-methodes-scolaires-autoritaires-plus-obeissantes-que-la-pensee\/","og_site_name":"Vie Associative","article_published_time":"2025-05-05T02:18:44+00:00","og_image":[{"width":279,"height":92,"url":"https:\/\/vieassociative.be\/actualites\/wp-content\/uploads\/2024\/09\/header_backgroundk-01-e1726694325946.png","type":"image\/png"}],"author":"Julien","twitter_card":"summary_large_image","twitter_misc":{"\u00c9crit par":"Julien","Dur\u00e9e de lecture est.":"3 minutes"},"schema":{"@context":"https:\/\/schema.org","@graph":[{"@type":"Article","@id":"https:\/\/vieassociative.be\/actualites\/lettre-au-redacteur-critique-des-methodes-scolaires-autoritaires-plus-obeissantes-que-la-pensee\/#article","isPartOf":{"@id":"https:\/\/vieassociative.be\/actualites\/lettre-au-redacteur-critique-des-methodes-scolaires-autoritaires-plus-obeissantes-que-la-pensee\/"},"author":{"name":"Julien","@id":"https:\/\/vieassociative.be\/actualites\/#\/schema\/person\/b87ac4f82f9d4e7b7cec7395b679edc4"},"headline":"Lettre au r\u00e9dacteur &#8211; Critique des m\u00e9thodes scolaires autoritaires: plus ob\u00e9issantes que la pens\u00e9e","datePublished":"2025-05-05T02:18:44+00:00","dateModified":"2025-05-05T02:18:44+00:00","mainEntityOfPage":{"@id":"https:\/\/vieassociative.be\/actualites\/lettre-au-redacteur-critique-des-methodes-scolaires-autoritaires-plus-obeissantes-que-la-pensee\/"},"wordCount":631,"publisher":{"@id":"https:\/\/vieassociative.be\/actualites\/#organization"},"image":{"@id":"https:\/\/vieassociative.be\/actualites\/lettre-au-redacteur-critique-des-methodes-scolaires-autoritaires-plus-obeissantes-que-la-pensee\/#primaryimage"},"thumbnailUrl":"https:\/\/vieassociative.be\/actualites\/wp-content\/uploads\/2024\/11\/LETTRE-A-LA-REDACTION-\u2013-Audi-Bruxelles-dernier-avertissement-du.jpeg","keywords":["autoritaires","critique","Des","lettre","m\u00e9thodes","ob\u00e9issantes","pens\u00e9e","r\u00e9dacteur","scolaires"],"articleSection":["Belgique"],"inLanguage":"fr-BE"},{"@type":"WebPage","@id":"https:\/\/vieassociative.be\/actualites\/lettre-au-redacteur-critique-des-methodes-scolaires-autoritaires-plus-obeissantes-que-la-pensee\/","url":"https:\/\/vieassociative.be\/actualites\/lettre-au-redacteur-critique-des-methodes-scolaires-autoritaires-plus-obeissantes-que-la-pensee\/","name":"Lettre au r\u00e9dacteur - Critique des m\u00e9thodes scolaires autoritaires: plus ob\u00e9issantes que la pens\u00e9e | Vie Associative","isPartOf":{"@id":"https:\/\/vieassociative.be\/actualites\/#website"},"primaryImageOfPage":{"@id":"https:\/\/vieassociative.be\/actualites\/lettre-au-redacteur-critique-des-methodes-scolaires-autoritaires-plus-obeissantes-que-la-pensee\/#primaryimage"},"image":{"@id":"https:\/\/vieassociative.be\/actualites\/lettre-au-redacteur-critique-des-methodes-scolaires-autoritaires-plus-obeissantes-que-la-pensee\/#primaryimage"},"thumbnailUrl":"https:\/\/vieassociative.be\/actualites\/wp-content\/uploads\/2024\/11\/LETTRE-A-LA-REDACTION-\u2013-Audi-Bruxelles-dernier-avertissement-du.jpeg","datePublished":"2025-05-05T02:18:44+00:00","dateModified":"2025-05-05T02:18:44+00:00","breadcrumb":{"@id":"https:\/\/vieassociative.be\/actualites\/lettre-au-redacteur-critique-des-methodes-scolaires-autoritaires-plus-obeissantes-que-la-pensee\/#breadcrumb"},"inLanguage":"fr-BE","potentialAction":[{"@type":"ReadAction","target":["https:\/\/vieassociative.be\/actualites\/lettre-au-redacteur-critique-des-methodes-scolaires-autoritaires-plus-obeissantes-que-la-pensee\/"]}]},{"@type":"ImageObject","inLanguage":"fr-BE","@id":"https:\/\/vieassociative.be\/actualites\/lettre-au-redacteur-critique-des-methodes-scolaires-autoritaires-plus-obeissantes-que-la-pensee\/#primaryimage","url":"https:\/\/vieassociative.be\/actualites\/wp-content\/uploads\/2024\/11\/LETTRE-A-LA-REDACTION-\u2013-Audi-Bruxelles-dernier-avertissement-du.jpeg","contentUrl":"https:\/\/vieassociative.be\/actualites\/wp-content\/uploads\/2024\/11\/LETTRE-A-LA-REDACTION-\u2013-Audi-Bruxelles-dernier-avertissement-du.jpeg","width":1024,"height":747,"caption":"LETTRE \u00c0 LA R\u00c9DACTION \u2013 Audi Bruxelles, dernier avertissement du gouffre"},{"@type":"BreadcrumbList","@id":"https:\/\/vieassociative.be\/actualites\/lettre-au-redacteur-critique-des-methodes-scolaires-autoritaires-plus-obeissantes-que-la-pensee\/#breadcrumb","itemListElement":[{"@type":"ListItem","position":1,"name":"Accueil","item":"https:\/\/vieassociative.be\/actualites\/"},{"@type":"ListItem","position":2,"name":"Lettre au r\u00e9dacteur &#8211; Critique des m\u00e9thodes scolaires autoritaires: plus ob\u00e9issantes que la pens\u00e9e"}]},{"@type":"WebSite","@id":"https:\/\/vieassociative.be\/actualites\/#website","url":"https:\/\/vieassociative.be\/actualites\/","name":"Vie Associative","description":"","publisher":{"@id":"https:\/\/vieassociative.be\/actualites\/#organization"},"potentialAction":[{"@type":"SearchAction","target":{"@type":"EntryPoint","urlTemplate":"https:\/\/vieassociative.be\/actualites\/?s={search_term_string}"},"query-input":{"@type":"PropertyValueSpecification","valueRequired":true,"valueName":"search_term_string"}}],"inLanguage":"fr-BE"},{"@type":"Organization","@id":"https:\/\/vieassociative.be\/actualites\/#organization","name":"Vie Associative","url":"https:\/\/vieassociative.be\/actualites\/","logo":{"@type":"ImageObject","inLanguage":"fr-BE","@id":"https:\/\/vieassociative.be\/actualites\/#\/schema\/logo\/image\/","url":"https:\/\/vieassociative.be\/actualites\/wp-content\/uploads\/2024\/09\/cropped-vieassociative_favicon.ico.png","contentUrl":"https:\/\/vieassociative.be\/actualites\/wp-content\/uploads\/2024\/09\/cropped-vieassociative_favicon.ico.png","width":512,"height":512,"caption":"Vie Associative"},"image":{"@id":"https:\/\/vieassociative.be\/actualites\/#\/schema\/logo\/image\/"}},{"@type":"Person","@id":"https:\/\/vieassociative.be\/actualites\/#\/schema\/person\/b87ac4f82f9d4e7b7cec7395b679edc4","name":"Julien","image":{"@type":"ImageObject","inLanguage":"fr-BE","@id":"https:\/\/vieassociative.be\/actualites\/#\/schema\/person\/image\/","url":"https:\/\/vieassociative.be\/actualites\/wp-content\/uploads\/2024\/09\/vie-associative-1-150x150.jpg","contentUrl":"https:\/\/vieassociative.be\/actualites\/wp-content\/uploads\/2024\/09\/vie-associative-1-150x150.jpg","caption":"Julien"},"description":"Je suis Julien, r\u00e9dacteur pour Vie Associative. Passionn\u00e9 par le monde associatif depuis plus de 10 ans, j'ai \u00e0 c\u0153ur de partager des histoires inspirantes et de mettre en lumi\u00e8re les initiatives locales. Mon objectif est de sensibiliser et d'encourager l'engagement communautaire \u00e0 travers mes articles.","sameAs":["https:\/\/vieassociative.be\/"]}]}},"_links":{"self":[{"href":"https:\/\/vieassociative.be\/actualites\/wp-json\/wp\/v2\/posts\/7304"}],"collection":[{"href":"https:\/\/vieassociative.be\/actualites\/wp-json\/wp\/v2\/posts"}],"about":[{"href":"https:\/\/vieassociative.be\/actualites\/wp-json\/wp\/v2\/types\/post"}],"author":[{"embeddable":true,"href":"https:\/\/vieassociative.be\/actualites\/wp-json\/wp\/v2\/users\/1"}],"replies":[{"embeddable":true,"href":"https:\/\/vieassociative.be\/actualites\/wp-json\/wp\/v2\/comments?post=7304"}],"version-history":[{"count":0,"href":"https:\/\/vieassociative.be\/actualites\/wp-json\/wp\/v2\/posts\/7304\/revisions"}],"wp:featuredmedia":[{"embeddable":true,"href":"https:\/\/vieassociative.be\/actualites\/wp-json\/wp\/v2\/media\/2567"}],"wp:attachment":[{"href":"https:\/\/vieassociative.be\/actualites\/wp-json\/wp\/v2\/media?parent=7304"}],"wp:term":[{"taxonomy":"category","embeddable":true,"href":"https:\/\/vieassociative.be\/actualites\/wp-json\/wp\/v2\/categories?post=7304"},{"taxonomy":"post_tag","embeddable":true,"href":"https:\/\/vieassociative.be\/actualites\/wp-json\/wp\/v2\/tags?post=7304"}],"curies":[{"name":"wp","href":"https:\/\/api.w.org\/{rel}","templated":true}]}}