{"id":7298,"date":"2025-05-04T22:23:36","date_gmt":"2025-05-04T20:23:36","guid":{"rendered":"https:\/\/vieassociative.be\/actualites\/la-finale-de-reve-netait-excitante-que-dans-le-temps-supplementaire-fc-bruges-apres-2-1-contre-le-vainqueur-de-la-coupe-anderlecht\/"},"modified":"2025-05-04T22:23:36","modified_gmt":"2025-05-04T20:23:36","slug":"la-finale-de-reve-netait-excitante-que-dans-le-temps-supplementaire-fc-bruges-apres-2-1-contre-le-vainqueur-de-la-coupe-anderlecht","status":"publish","type":"post","link":"https:\/\/vieassociative.be\/actualites\/la-finale-de-reve-netait-excitante-que-dans-le-temps-supplementaire-fc-bruges-apres-2-1-contre-le-vainqueur-de-la-coupe-anderlecht\/","title":{"rendered":"La finale de r\u00eave n&rsquo;\u00e9tait excitante que dans le temps suppl\u00e9mentaire &#8211; FC Bruges apr\u00e8s 2-1 contre le vainqueur de la Coupe Anderlecht"},"content":{"rendered":"<p><strong>Mis \u00e0 jour, Bruges a remport\u00e9 le troph\u00e9e du football belge pour la 12e fois de son histoire du club par une victoire 2-1 en finale en finale de la finale de la finale de la finale de la finale de la finale de la finale. Cependant, ce n&rsquo;\u00e9tait pas la finale de l&rsquo;espoir pour les r\u00eaves, car elle ne devient passionnante que dans le temps suppl\u00e9mentaire apr\u00e8s que les champions record avaient r\u00e9ussi trop tard.<\/strong><\/p>\n<p><span id=\"more-414827\"><\/span>Le FC Bruges est le vainqueur de la 12e fois en Coupe &#8211; aussi souvent qu&rsquo;aucun autre club de football belge. Hans Vanaken &#038; Co. sont les successeurs de l&rsquo;Union Saint-Gilloinme dans la liste des gagnants de la Coupe, avec lesquels ils ont \u00e9galement une comp\u00e9tition dans le championnat.<\/p>\n<p>Dream Final dans le stade de Bruxelles K\u00f6nig-Bau-Douin. Le FC Bruges contre RSC Anderlecht est destin\u00e9 \u00e0 la flamme du \u00ab\u00a0topper\u00a0\u00bb du football belge. Le vainqueur de la Coupe du record a rencontr\u00e9 le champion de record.<\/p>\n<p><strong>FC Bruges:<\/strong> Jackers &#8211; Siquet, Ordinez, Mechele, de Cuyper &#8211; Onyedika, Jashari, Vanaken &#8211; Tzolis, Jutgl\u00e0, Vermant. Trainer: Nicky Hayen.<\/p>\n<p><strong>RSC Anderlecht:<\/strong> COOSEMANS &#8211; MAAMAR, HEY, SIMIC, N&rsquo;DIAYE &#8211; DENDONCKER, SCHAUEN &#8211; HAZARD, HUERTA, EDOZIE &#8211; DOLBERG. Trainer: Besnik Hasi.<\/p>\n<p>Anderlecht a eu l&rsquo;ambition de sauver sa saison tandis que Bruges r\u00eavait d&rsquo;un double grandiose. Les deux \u00e9quipes avaient leurs propres objectifs, mais \u00e0 la fin, c&rsquo;\u00e9tait le Br\u00fcgger qui, gr\u00e2ce \u00e0 un double paquet, a pr\u00e9valu Romeo Vermant.<\/p>\n<\/p>\n<div id=\"attachment_333356\" class=\"wp-caption alignleft\" style=\"max-width: 300px\"><img fetchpriority=\"high\" decoding=\"async\" class=\"wp-image-333356 size-medium\" src=\"https:\/\/vieassociative.be\/actualites\/wp-content\/uploads\/2025\/05\/La-finale-de-reve-netait-excitante-que-dans-le-temps.jpeg\" alt=\"\" width=\"300\" height=\"200\"  ><\/p>\n<p class=\"wp-caption-text\">Hans Vanaken, capitaine du FC Bruges. Photo: Kurt DeSpenter \/ Belga \/ DPA<\/p>\n<\/div>\n<p>Compte tenu de la diff\u00e9rence de classe, qui a \u00e9t\u00e9 observ\u00e9e tout au long de la saison, c&rsquo;\u00e9tait bien s\u00fbr que le Br\u00fcgger avait toutes les cartes en main pour remporter le 12e troph\u00e9e belge de leur histoire. Juste au d\u00e9but du jeu, Jutgla et Tzolis ont eu l&rsquo;occasion d&rsquo;ouvrir le jeu, mais sans succ\u00e8s.<\/p>\n<p>Le reste de la mi-temps \u00e9tait une s\u00e9rie de petites fautes qui ont fait souffrir le rythme du jeu de la rencontre. Il a fallu un merveilleux croix de Hugo Siquet, qui a emm\u00e9nag\u00e9 dans les onze de d\u00e9part \u00e0 la derni\u00e8re minute apr\u00e8s que Kyriani Sabbe a \u00e9t\u00e9 chaud pour se r\u00e9chauffer pour utiliser l&rsquo;attaquant belge de 21 ans sur le long poteau (1: 0, 40.).<\/p>\n<p>L&rsquo;arbitre aurait-il d\u00fb punir un handball par un joueur de Br\u00fcgger avec une p\u00e9nalit\u00e9? Le Br\u00fcgger avait lev\u00e9 son bras, mais semblait avoir \u00e9t\u00e9 pouss\u00e9 au d\u00e9but de l&rsquo;action de Hey &#8230;<\/p>\n<p>Cette p\u00e9nalit\u00e9 possible aurait certainement pu changer le visage de cette rencontre. Parce que Vermant a confirm\u00e9 sa forme sup\u00e9rieure actuelle \u00e0 l&rsquo;arri\u00e8re. Il avait d\u00e9j\u00e0 marqu\u00e9 6 buts lors des 9 derniers matchs et am\u00e9lior\u00e9 ses statistiques avec un double pack apr\u00e8s une heure lorsque Tzolis a \u00e9t\u00e9 bien servi par Tzolis au premier poste (2-0, 61.).<\/p>\n<p>Anderlecht a pu mettre des ennuis \u00abBlauw en Zwart\u00bb malgr\u00e9 le but de connexion tardif de Vazquez (2-1, 90e). La premi\u00e8re \u00e9tape vers un doubl\u00e9 possible? Peut-\u00eatre, mais l&rsquo;Union Saint-Gilloie du tr\u00f4ne de la Ligue pro sera certainement diff\u00e9rente. (Cre)<\/p>\n<p><em><strong>Sur le sujet, voir \u00e9galement l&rsquo;article suivant sur OD:<\/strong><\/em><\/p>\n<div class=\"responsive-embed widescreen\">\n<blockquote class=\"wp-embedded-content\" data-secret=\"6dSSk6y2IC\">\n<p>Union apr\u00e8s la victoire 1-0 contre KRC Genk sur le cours du titre<\/p>\n<\/blockquote>\n<p><iframe loading=\"lazy\" class=\"wp-embedded-content\" sandbox=\"allow-scripts\" security=\"restricted\" style=\"position: absolute; visibility: hidden;\" title=\"\u201eUnion nach 1:0-Sieg gegen KRC Genk weiter auf Titelkurs\u201c \u2014 Ostbelgien Direkt\" src=\"https:\/\/ostbelgiendirekt.be\/about:blank\" data-secret=\"6dSSk6y2IC\" width=\"500\" height=\"282\" frameborder=\"0\" marginwidth=\"0\" marginheight=\"0\" scrolling=\"no\" data-rocket-lazyload=\"fitvidscompatible\" data-lazy-src=\"https:\/\/ostbelgiendirekt.be\/union-sieg-gegen-genk-414780\/embed#?secret=L7ABdRAFyE#?secret=6dSSk6y2IC\"><\/iframe><noscript><iframe class=\"wp-embedded-content\" sandbox=\"allow-scripts\" security=\"restricted\" style=\"position: absolute; visibility: hidden;\" title=\"\u201eUnion nach 1:0-Sieg gegen KRC Genk weiter auf Titelkurs\u201c \u2014 Ostbelgien Direkt\" src=\"https:\/\/ostbelgiendirekt.be\/union-sieg-gegen-genk-414780\/embed#?secret=L7ABdRAFyE#?secret=6dSSk6y2IC\" data-secret=\"6dSSk6y2IC\" width=\"500\" height=\"282\" frameborder=\"0\" marginwidth=\"0\" marginheight=\"0\" scrolling=\"no\"><\/iframe><\/noscript><\/p>\n<\/div>\n","protected":false},"excerpt":{"rendered":"<p>Mis \u00e0 jour, Bruges a remport\u00e9 le troph\u00e9e du football belge pour la 12e fois de son histoire du club par une victoire 2-1 en<\/p>\n","protected":false},"author":1,"featured_media":7299,"comment_status":"","ping_status":"","sticky":false,"template":"","format":"standard","meta":{"footnotes":""},"categories":[298],"tags":[2623,472,2851,796,2472,166,6564,879,3660,3206,6712,790,3641],"class_list":["post-7298","post","type-post","status-publish","format-standard","has-post-thumbnail","hentry","category-belgique","tag-anderlecht","tag-apres","tag-bruges","tag-contre","tag-coupe","tag-dans","tag-excitante","tag-finale","tag-netait","tag-reve","tag-supplementaire","tag-temps","tag-vainqueur","generate-columns","tablet-grid-50","mobile-grid-100","grid-parent","grid-33"],"yoast_head":"<!-- This site is optimized with the Yoast SEO plugin v24.0 - https:\/\/yoast.com\/wordpress\/plugins\/seo\/ -->\n<title>La finale de r\u00eave n&#039;\u00e9tait excitante que dans le temps suppl\u00e9mentaire - FC Bruges apr\u00e8s 2-1 contre le vainqueur de la Coupe Anderlecht | Vie Associative<\/title>\n<meta name=\"robots\" content=\"index, follow, max-snippet:-1, max-image-preview:large, max-video-preview:-1\" \/>\n<link rel=\"canonical\" href=\"https:\/\/vieassociative.be\/actualites\/la-finale-de-reve-netait-excitante-que-dans-le-temps-supplementaire-fc-bruges-apres-2-1-contre-le-vainqueur-de-la-coupe-anderlecht\/\" \/>\n<meta property=\"og:locale\" content=\"fr_FR\" \/>\n<meta property=\"og:type\" content=\"article\" \/>\n<meta property=\"og:title\" content=\"La finale de r\u00eave n&#039;\u00e9tait excitante que dans le temps suppl\u00e9mentaire - FC Bruges apr\u00e8s 2-1 contre le vainqueur de la Coupe Anderlecht | Vie Associative\" \/>\n<meta property=\"og:description\" content=\"Mis \u00e0 jour, Bruges a remport\u00e9 le troph\u00e9e du football belge pour la 12e fois de son histoire du club par une victoire 2-1 en\" \/>\n<meta property=\"og:url\" content=\"https:\/\/vieassociative.be\/actualites\/la-finale-de-reve-netait-excitante-que-dans-le-temps-supplementaire-fc-bruges-apres-2-1-contre-le-vainqueur-de-la-coupe-anderlecht\/\" \/>\n<meta property=\"og:site_name\" content=\"Vie Associative\" \/>\n<meta property=\"article:published_time\" content=\"2025-05-04T20:23:36+00:00\" \/>\n<meta property=\"og:image\" content=\"https:\/\/vieassociative.be\/actualites\/wp-content\/uploads\/2024\/09\/header_backgroundk-01-e1726694325946.png\" \/>\n\t<meta property=\"og:image:width\" content=\"279\" \/>\n\t<meta property=\"og:image:height\" content=\"92\" \/>\n\t<meta property=\"og:image:type\" content=\"image\/png\" \/>\n<meta name=\"author\" content=\"Julien\" \/>\n<meta name=\"twitter:card\" content=\"summary_large_image\" \/>\n<meta name=\"twitter:label1\" content=\"\u00c9crit par\" \/>\n\t<meta name=\"twitter:data1\" content=\"Julien\" \/>\n\t<meta name=\"twitter:label2\" content=\"Dur\u00e9e de lecture est.\" \/>\n\t<meta name=\"twitter:data2\" content=\"3 minutes\" \/>\n<script type=\"application\/ld+json\" class=\"yoast-schema-graph\">{\"@context\":\"https:\/\/schema.org\",\"@graph\":[{\"@type\":\"Article\",\"@id\":\"https:\/\/vieassociative.be\/actualites\/la-finale-de-reve-netait-excitante-que-dans-le-temps-supplementaire-fc-bruges-apres-2-1-contre-le-vainqueur-de-la-coupe-anderlecht\/#article\",\"isPartOf\":{\"@id\":\"https:\/\/vieassociative.be\/actualites\/la-finale-de-reve-netait-excitante-que-dans-le-temps-supplementaire-fc-bruges-apres-2-1-contre-le-vainqueur-de-la-coupe-anderlecht\/\"},\"author\":{\"name\":\"Julien\",\"@id\":\"https:\/\/vieassociative.be\/actualites\/#\/schema\/person\/b87ac4f82f9d4e7b7cec7395b679edc4\"},\"headline\":\"La finale de r\u00eave n&rsquo;\u00e9tait excitante que dans le temps suppl\u00e9mentaire &#8211; FC Bruges apr\u00e8s 2-1 contre le vainqueur de la Coupe Anderlecht\",\"datePublished\":\"2025-05-04T20:23:36+00:00\",\"dateModified\":\"2025-05-04T20:23:36+00:00\",\"mainEntityOfPage\":{\"@id\":\"https:\/\/vieassociative.be\/actualites\/la-finale-de-reve-netait-excitante-que-dans-le-temps-supplementaire-fc-bruges-apres-2-1-contre-le-vainqueur-de-la-coupe-anderlecht\/\"},\"wordCount\":594,\"publisher\":{\"@id\":\"https:\/\/vieassociative.be\/actualites\/#organization\"},\"image\":{\"@id\":\"https:\/\/vieassociative.be\/actualites\/la-finale-de-reve-netait-excitante-que-dans-le-temps-supplementaire-fc-bruges-apres-2-1-contre-le-vainqueur-de-la-coupe-anderlecht\/#primaryimage\"},\"thumbnailUrl\":\"https:\/\/vieassociative.be\/actualites\/wp-content\/uploads\/2025\/05\/La-finale-de-reve-netait-excitante-que-dans-le-temps.jpg\",\"keywords\":[\"Anderlecht\",\"Apr\u00e8s\",\"Bruges\",\"contre\",\"Coupe\",\"dans\",\"excitante\",\"finale\",\"n\u00e9tait\",\"r\u00eave\",\"suppl\u00e9mentaire\",\"temps\",\"vainqueur\"],\"articleSection\":[\"Belgique\"],\"inLanguage\":\"fr-BE\"},{\"@type\":\"WebPage\",\"@id\":\"https:\/\/vieassociative.be\/actualites\/la-finale-de-reve-netait-excitante-que-dans-le-temps-supplementaire-fc-bruges-apres-2-1-contre-le-vainqueur-de-la-coupe-anderlecht\/\",\"url\":\"https:\/\/vieassociative.be\/actualites\/la-finale-de-reve-netait-excitante-que-dans-le-temps-supplementaire-fc-bruges-apres-2-1-contre-le-vainqueur-de-la-coupe-anderlecht\/\",\"name\":\"La finale de r\u00eave n'\u00e9tait excitante que dans le temps suppl\u00e9mentaire - FC Bruges apr\u00e8s 2-1 contre le vainqueur de la Coupe Anderlecht | Vie Associative\",\"isPartOf\":{\"@id\":\"https:\/\/vieassociative.be\/actualites\/#website\"},\"primaryImageOfPage\":{\"@id\":\"https:\/\/vieassociative.be\/actualites\/la-finale-de-reve-netait-excitante-que-dans-le-temps-supplementaire-fc-bruges-apres-2-1-contre-le-vainqueur-de-la-coupe-anderlecht\/#primaryimage\"},\"image\":{\"@id\":\"https:\/\/vieassociative.be\/actualites\/la-finale-de-reve-netait-excitante-que-dans-le-temps-supplementaire-fc-bruges-apres-2-1-contre-le-vainqueur-de-la-coupe-anderlecht\/#primaryimage\"},\"thumbnailUrl\":\"https:\/\/vieassociative.be\/actualites\/wp-content\/uploads\/2025\/05\/La-finale-de-reve-netait-excitante-que-dans-le-temps.jpg\",\"datePublished\":\"2025-05-04T20:23:36+00:00\",\"dateModified\":\"2025-05-04T20:23:36+00:00\",\"breadcrumb\":{\"@id\":\"https:\/\/vieassociative.be\/actualites\/la-finale-de-reve-netait-excitante-que-dans-le-temps-supplementaire-fc-bruges-apres-2-1-contre-le-vainqueur-de-la-coupe-anderlecht\/#breadcrumb\"},\"inLanguage\":\"fr-BE\",\"potentialAction\":[{\"@type\":\"ReadAction\",\"target\":[\"https:\/\/vieassociative.be\/actualites\/la-finale-de-reve-netait-excitante-que-dans-le-temps-supplementaire-fc-bruges-apres-2-1-contre-le-vainqueur-de-la-coupe-anderlecht\/\"]}]},{\"@type\":\"ImageObject\",\"inLanguage\":\"fr-BE\",\"@id\":\"https:\/\/vieassociative.be\/actualites\/la-finale-de-reve-netait-excitante-que-dans-le-temps-supplementaire-fc-bruges-apres-2-1-contre-le-vainqueur-de-la-coupe-anderlecht\/#primaryimage\",\"url\":\"https:\/\/vieassociative.be\/actualites\/wp-content\/uploads\/2025\/05\/La-finale-de-reve-netait-excitante-que-dans-le-temps.jpg\",\"contentUrl\":\"https:\/\/vieassociative.be\/actualites\/wp-content\/uploads\/2025\/05\/La-finale-de-reve-netait-excitante-que-dans-le-temps.jpg\",\"width\":1200,\"height\":800,\"caption\":\"La finale de r\u00eave n'\u00e9tait excitante que dans le temps suppl\u00e9mentaire - FC Bruges apr\u00e8s 2-1 contre le vainqueur de la Coupe Anderlecht\"},{\"@type\":\"BreadcrumbList\",\"@id\":\"https:\/\/vieassociative.be\/actualites\/la-finale-de-reve-netait-excitante-que-dans-le-temps-supplementaire-fc-bruges-apres-2-1-contre-le-vainqueur-de-la-coupe-anderlecht\/#breadcrumb\",\"itemListElement\":[{\"@type\":\"ListItem\",\"position\":1,\"name\":\"Accueil\",\"item\":\"https:\/\/vieassociative.be\/actualites\/\"},{\"@type\":\"ListItem\",\"position\":2,\"name\":\"La finale de r\u00eave n&rsquo;\u00e9tait excitante que dans le temps suppl\u00e9mentaire &#8211; FC Bruges apr\u00e8s 2-1 contre le vainqueur de la Coupe Anderlecht\"}]},{\"@type\":\"WebSite\",\"@id\":\"https:\/\/vieassociative.be\/actualites\/#website\",\"url\":\"https:\/\/vieassociative.be\/actualites\/\",\"name\":\"Vie Associative\",\"description\":\"\",\"publisher\":{\"@id\":\"https:\/\/vieassociative.be\/actualites\/#organization\"},\"potentialAction\":[{\"@type\":\"SearchAction\",\"target\":{\"@type\":\"EntryPoint\",\"urlTemplate\":\"https:\/\/vieassociative.be\/actualites\/?s={search_term_string}\"},\"query-input\":{\"@type\":\"PropertyValueSpecification\",\"valueRequired\":true,\"valueName\":\"search_term_string\"}}],\"inLanguage\":\"fr-BE\"},{\"@type\":\"Organization\",\"@id\":\"https:\/\/vieassociative.be\/actualites\/#organization\",\"name\":\"Vie Associative\",\"url\":\"https:\/\/vieassociative.be\/actualites\/\",\"logo\":{\"@type\":\"ImageObject\",\"inLanguage\":\"fr-BE\",\"@id\":\"https:\/\/vieassociative.be\/actualites\/#\/schema\/logo\/image\/\",\"url\":\"https:\/\/vieassociative.be\/actualites\/wp-content\/uploads\/2024\/09\/cropped-vieassociative_favicon.ico.png\",\"contentUrl\":\"https:\/\/vieassociative.be\/actualites\/wp-content\/uploads\/2024\/09\/cropped-vieassociative_favicon.ico.png\",\"width\":512,\"height\":512,\"caption\":\"Vie Associative\"},\"image\":{\"@id\":\"https:\/\/vieassociative.be\/actualites\/#\/schema\/logo\/image\/\"}},{\"@type\":\"Person\",\"@id\":\"https:\/\/vieassociative.be\/actualites\/#\/schema\/person\/b87ac4f82f9d4e7b7cec7395b679edc4\",\"name\":\"Julien\",\"image\":{\"@type\":\"ImageObject\",\"inLanguage\":\"fr-BE\",\"@id\":\"https:\/\/vieassociative.be\/actualites\/#\/schema\/person\/image\/\",\"url\":\"https:\/\/vieassociative.be\/actualites\/wp-content\/uploads\/2024\/09\/vie-associative-1-150x150.jpg\",\"contentUrl\":\"https:\/\/vieassociative.be\/actualites\/wp-content\/uploads\/2024\/09\/vie-associative-1-150x150.jpg\",\"caption\":\"Julien\"},\"description\":\"Je suis Julien, r\u00e9dacteur pour Vie Associative. Passionn\u00e9 par le monde associatif depuis plus de 10 ans, j'ai \u00e0 c\u0153ur de partager des histoires inspirantes et de mettre en lumi\u00e8re les initiatives locales. Mon objectif est de sensibiliser et d'encourager l'engagement communautaire \u00e0 travers mes articles.\",\"sameAs\":[\"https:\/\/vieassociative.be\/\"]}]}<\/script>\n<!-- \/ Yoast SEO plugin. -->","yoast_head_json":{"title":"La finale de r\u00eave n'\u00e9tait excitante que dans le temps suppl\u00e9mentaire - FC Bruges apr\u00e8s 2-1 contre le vainqueur de la Coupe Anderlecht | Vie Associative","robots":{"index":"index","follow":"follow","max-snippet":"max-snippet:-1","max-image-preview":"max-image-preview:large","max-video-preview":"max-video-preview:-1"},"canonical":"https:\/\/vieassociative.be\/actualites\/la-finale-de-reve-netait-excitante-que-dans-le-temps-supplementaire-fc-bruges-apres-2-1-contre-le-vainqueur-de-la-coupe-anderlecht\/","og_locale":"fr_FR","og_type":"article","og_title":"La finale de r\u00eave n'\u00e9tait excitante que dans le temps suppl\u00e9mentaire - FC Bruges apr\u00e8s 2-1 contre le vainqueur de la Coupe Anderlecht | Vie Associative","og_description":"Mis \u00e0 jour, Bruges a remport\u00e9 le troph\u00e9e du football belge pour la 12e fois de son histoire du club par une victoire 2-1 en","og_url":"https:\/\/vieassociative.be\/actualites\/la-finale-de-reve-netait-excitante-que-dans-le-temps-supplementaire-fc-bruges-apres-2-1-contre-le-vainqueur-de-la-coupe-anderlecht\/","og_site_name":"Vie Associative","article_published_time":"2025-05-04T20:23:36+00:00","og_image":[{"width":279,"height":92,"url":"https:\/\/vieassociative.be\/actualites\/wp-content\/uploads\/2024\/09\/header_backgroundk-01-e1726694325946.png","type":"image\/png"}],"author":"Julien","twitter_card":"summary_large_image","twitter_misc":{"\u00c9crit par":"Julien","Dur\u00e9e de lecture est.":"3 minutes"},"schema":{"@context":"https:\/\/schema.org","@graph":[{"@type":"Article","@id":"https:\/\/vieassociative.be\/actualites\/la-finale-de-reve-netait-excitante-que-dans-le-temps-supplementaire-fc-bruges-apres-2-1-contre-le-vainqueur-de-la-coupe-anderlecht\/#article","isPartOf":{"@id":"https:\/\/vieassociative.be\/actualites\/la-finale-de-reve-netait-excitante-que-dans-le-temps-supplementaire-fc-bruges-apres-2-1-contre-le-vainqueur-de-la-coupe-anderlecht\/"},"author":{"name":"Julien","@id":"https:\/\/vieassociative.be\/actualites\/#\/schema\/person\/b87ac4f82f9d4e7b7cec7395b679edc4"},"headline":"La finale de r\u00eave n&rsquo;\u00e9tait excitante que dans le temps suppl\u00e9mentaire &#8211; FC Bruges apr\u00e8s 2-1 contre le vainqueur de la Coupe Anderlecht","datePublished":"2025-05-04T20:23:36+00:00","dateModified":"2025-05-04T20:23:36+00:00","mainEntityOfPage":{"@id":"https:\/\/vieassociative.be\/actualites\/la-finale-de-reve-netait-excitante-que-dans-le-temps-supplementaire-fc-bruges-apres-2-1-contre-le-vainqueur-de-la-coupe-anderlecht\/"},"wordCount":594,"publisher":{"@id":"https:\/\/vieassociative.be\/actualites\/#organization"},"image":{"@id":"https:\/\/vieassociative.be\/actualites\/la-finale-de-reve-netait-excitante-que-dans-le-temps-supplementaire-fc-bruges-apres-2-1-contre-le-vainqueur-de-la-coupe-anderlecht\/#primaryimage"},"thumbnailUrl":"https:\/\/vieassociative.be\/actualites\/wp-content\/uploads\/2025\/05\/La-finale-de-reve-netait-excitante-que-dans-le-temps.jpg","keywords":["Anderlecht","Apr\u00e8s","Bruges","contre","Coupe","dans","excitante","finale","n\u00e9tait","r\u00eave","suppl\u00e9mentaire","temps","vainqueur"],"articleSection":["Belgique"],"inLanguage":"fr-BE"},{"@type":"WebPage","@id":"https:\/\/vieassociative.be\/actualites\/la-finale-de-reve-netait-excitante-que-dans-le-temps-supplementaire-fc-bruges-apres-2-1-contre-le-vainqueur-de-la-coupe-anderlecht\/","url":"https:\/\/vieassociative.be\/actualites\/la-finale-de-reve-netait-excitante-que-dans-le-temps-supplementaire-fc-bruges-apres-2-1-contre-le-vainqueur-de-la-coupe-anderlecht\/","name":"La finale de r\u00eave n'\u00e9tait excitante que dans le temps suppl\u00e9mentaire - FC Bruges apr\u00e8s 2-1 contre le vainqueur de la Coupe Anderlecht | Vie Associative","isPartOf":{"@id":"https:\/\/vieassociative.be\/actualites\/#website"},"primaryImageOfPage":{"@id":"https:\/\/vieassociative.be\/actualites\/la-finale-de-reve-netait-excitante-que-dans-le-temps-supplementaire-fc-bruges-apres-2-1-contre-le-vainqueur-de-la-coupe-anderlecht\/#primaryimage"},"image":{"@id":"https:\/\/vieassociative.be\/actualites\/la-finale-de-reve-netait-excitante-que-dans-le-temps-supplementaire-fc-bruges-apres-2-1-contre-le-vainqueur-de-la-coupe-anderlecht\/#primaryimage"},"thumbnailUrl":"https:\/\/vieassociative.be\/actualites\/wp-content\/uploads\/2025\/05\/La-finale-de-reve-netait-excitante-que-dans-le-temps.jpg","datePublished":"2025-05-04T20:23:36+00:00","dateModified":"2025-05-04T20:23:36+00:00","breadcrumb":{"@id":"https:\/\/vieassociative.be\/actualites\/la-finale-de-reve-netait-excitante-que-dans-le-temps-supplementaire-fc-bruges-apres-2-1-contre-le-vainqueur-de-la-coupe-anderlecht\/#breadcrumb"},"inLanguage":"fr-BE","potentialAction":[{"@type":"ReadAction","target":["https:\/\/vieassociative.be\/actualites\/la-finale-de-reve-netait-excitante-que-dans-le-temps-supplementaire-fc-bruges-apres-2-1-contre-le-vainqueur-de-la-coupe-anderlecht\/"]}]},{"@type":"ImageObject","inLanguage":"fr-BE","@id":"https:\/\/vieassociative.be\/actualites\/la-finale-de-reve-netait-excitante-que-dans-le-temps-supplementaire-fc-bruges-apres-2-1-contre-le-vainqueur-de-la-coupe-anderlecht\/#primaryimage","url":"https:\/\/vieassociative.be\/actualites\/wp-content\/uploads\/2025\/05\/La-finale-de-reve-netait-excitante-que-dans-le-temps.jpg","contentUrl":"https:\/\/vieassociative.be\/actualites\/wp-content\/uploads\/2025\/05\/La-finale-de-reve-netait-excitante-que-dans-le-temps.jpg","width":1200,"height":800,"caption":"La finale de r\u00eave n'\u00e9tait excitante que dans le temps suppl\u00e9mentaire - FC Bruges apr\u00e8s 2-1 contre le vainqueur de la Coupe Anderlecht"},{"@type":"BreadcrumbList","@id":"https:\/\/vieassociative.be\/actualites\/la-finale-de-reve-netait-excitante-que-dans-le-temps-supplementaire-fc-bruges-apres-2-1-contre-le-vainqueur-de-la-coupe-anderlecht\/#breadcrumb","itemListElement":[{"@type":"ListItem","position":1,"name":"Accueil","item":"https:\/\/vieassociative.be\/actualites\/"},{"@type":"ListItem","position":2,"name":"La finale de r\u00eave n&rsquo;\u00e9tait excitante que dans le temps suppl\u00e9mentaire &#8211; FC Bruges apr\u00e8s 2-1 contre le vainqueur de la Coupe Anderlecht"}]},{"@type":"WebSite","@id":"https:\/\/vieassociative.be\/actualites\/#website","url":"https:\/\/vieassociative.be\/actualites\/","name":"Vie Associative","description":"","publisher":{"@id":"https:\/\/vieassociative.be\/actualites\/#organization"},"potentialAction":[{"@type":"SearchAction","target":{"@type":"EntryPoint","urlTemplate":"https:\/\/vieassociative.be\/actualites\/?s={search_term_string}"},"query-input":{"@type":"PropertyValueSpecification","valueRequired":true,"valueName":"search_term_string"}}],"inLanguage":"fr-BE"},{"@type":"Organization","@id":"https:\/\/vieassociative.be\/actualites\/#organization","name":"Vie Associative","url":"https:\/\/vieassociative.be\/actualites\/","logo":{"@type":"ImageObject","inLanguage":"fr-BE","@id":"https:\/\/vieassociative.be\/actualites\/#\/schema\/logo\/image\/","url":"https:\/\/vieassociative.be\/actualites\/wp-content\/uploads\/2024\/09\/cropped-vieassociative_favicon.ico.png","contentUrl":"https:\/\/vieassociative.be\/actualites\/wp-content\/uploads\/2024\/09\/cropped-vieassociative_favicon.ico.png","width":512,"height":512,"caption":"Vie Associative"},"image":{"@id":"https:\/\/vieassociative.be\/actualites\/#\/schema\/logo\/image\/"}},{"@type":"Person","@id":"https:\/\/vieassociative.be\/actualites\/#\/schema\/person\/b87ac4f82f9d4e7b7cec7395b679edc4","name":"Julien","image":{"@type":"ImageObject","inLanguage":"fr-BE","@id":"https:\/\/vieassociative.be\/actualites\/#\/schema\/person\/image\/","url":"https:\/\/vieassociative.be\/actualites\/wp-content\/uploads\/2024\/09\/vie-associative-1-150x150.jpg","contentUrl":"https:\/\/vieassociative.be\/actualites\/wp-content\/uploads\/2024\/09\/vie-associative-1-150x150.jpg","caption":"Julien"},"description":"Je suis Julien, r\u00e9dacteur pour Vie Associative. Passionn\u00e9 par le monde associatif depuis plus de 10 ans, j'ai \u00e0 c\u0153ur de partager des histoires inspirantes et de mettre en lumi\u00e8re les initiatives locales. Mon objectif est de sensibiliser et d'encourager l'engagement communautaire \u00e0 travers mes articles.","sameAs":["https:\/\/vieassociative.be\/"]}]}},"_links":{"self":[{"href":"https:\/\/vieassociative.be\/actualites\/wp-json\/wp\/v2\/posts\/7298"}],"collection":[{"href":"https:\/\/vieassociative.be\/actualites\/wp-json\/wp\/v2\/posts"}],"about":[{"href":"https:\/\/vieassociative.be\/actualites\/wp-json\/wp\/v2\/types\/post"}],"author":[{"embeddable":true,"href":"https:\/\/vieassociative.be\/actualites\/wp-json\/wp\/v2\/users\/1"}],"replies":[{"embeddable":true,"href":"https:\/\/vieassociative.be\/actualites\/wp-json\/wp\/v2\/comments?post=7298"}],"version-history":[{"count":0,"href":"https:\/\/vieassociative.be\/actualites\/wp-json\/wp\/v2\/posts\/7298\/revisions"}],"wp:featuredmedia":[{"embeddable":true,"href":"https:\/\/vieassociative.be\/actualites\/wp-json\/wp\/v2\/media\/7299"}],"wp:attachment":[{"href":"https:\/\/vieassociative.be\/actualites\/wp-json\/wp\/v2\/media?parent=7298"}],"wp:term":[{"taxonomy":"category","embeddable":true,"href":"https:\/\/vieassociative.be\/actualites\/wp-json\/wp\/v2\/categories?post=7298"},{"taxonomy":"post_tag","embeddable":true,"href":"https:\/\/vieassociative.be\/actualites\/wp-json\/wp\/v2\/tags?post=7298"}],"curies":[{"name":"wp","href":"https:\/\/api.w.org\/{rel}","templated":true}]}}