{"id":7291,"date":"2025-05-04T16:17:02","date_gmt":"2025-05-04T14:17:02","guid":{"rendered":"https:\/\/vieassociative.be\/actualites\/le-nouvel-entraineur-national-de-football-de-la-belgique-rudi-garcia-a-epouse-un-journaliste-sportif-italien-a-rome\/"},"modified":"2025-05-04T16:17:02","modified_gmt":"2025-05-04T14:17:02","slug":"le-nouvel-entraineur-national-de-football-de-la-belgique-rudi-garcia-a-epouse-un-journaliste-sportif-italien-a-rome","status":"publish","type":"post","link":"https:\/\/vieassociative.be\/actualites\/le-nouvel-entraineur-national-de-football-de-la-belgique-rudi-garcia-a-epouse-un-journaliste-sportif-italien-a-rome\/","title":{"rendered":"Le nouvel entra\u00eeneur national de football de la Belgique, Rudi Garcia, a \u00e9pous\u00e9 un journaliste sportif italien \u00e0 Rome"},"content":{"rendered":"<p><strong>2025 restera certainement une ann\u00e9e sp\u00e9ciale pour Rudi Garcia. Apr\u00e8s avoir repris le bureau de l&rsquo;entra\u00eeneur national de football belge, le Fran\u00e7ais s&rsquo;est mari\u00e9.<\/strong><\/p>\n<p><span id=\"more-414809\"><\/span>Jeudi, le jour du travail, le journaliste italien de 61 ans et 38 ans, Francesca Brienza, a dit oui au c\u0153ur de la ville \u00e9ternelle.<\/p>\n<p>L&rsquo;entra\u00eeneur du Red Devil et son fianc\u00e9 avaient choisi Rome pour sceller leur mariage. Plus de dix ans apr\u00e8s sa premi\u00e8re r\u00e9union et apr\u00e8s la naissance de sa fille Sofia, qui a vu le jour en septembre 2023, Rudi Garcia et Francesca Brienza se sont mari\u00e9s. <\/p>\n<\/p>\n<div id=\"attachment_414819\" class=\"wp-caption alignleft\" style=\"max-width: 300px\"><img fetchpriority=\"high\" decoding=\"async\" class=\"wp-image-414819 size-medium\" src=\"https:\/\/vieassociative.be\/actualites\/wp-content\/uploads\/2025\/05\/Le-nouvel-entraineur-national-de-football-de-la-Belgique-Rudi.jpg\" alt=\"\" width=\"300\" height=\"200\"><\/p>\n<p class=\"wp-caption-text\">Le journaliste sportif italien Francesca Brienza (38) et Rudi Garcia (61), entra\u00eeneur de l&rsquo;\u00e9quipe nationale de football belge. Photos: Shutterstock<\/p>\n<\/div>\n<p>La mari\u00e9e et le mari\u00e9 ont choisi l&rsquo;\u00e9glise de San Luigi Dei Francesi \u00e0 Rome pour sceller cette union, ainsi que la c\u00e9l\u00e8bre Villa Miani pour c\u00e9l\u00e9brer l&rsquo;\u00e9v\u00e9nement.<\/p>\n<p>Francesca Brienza, 38 ans, est une journaliste sportive tr\u00e8s populaire en Italie. Lorsqu&rsquo;elle a travaill\u00e9 pour \u00ab\u00a0Roma TV\u00a0\u00bb en 2013, la station de t\u00e9l\u00e9vision d&rsquo;alors d&rsquo;As Rome, elle a rencontr\u00e9 Rudi Garcia, qui a form\u00e9 le \u00ab\u00a0Gallorossi\u00a0\u00bb de 2013 \u00e0 2016. Brienza est \u00e9galement une ancienne candidate et actrice miss-italienne. <\/p>\n<p>Garcia a un total de quatre enfants. Il a \u00e9galement trois filles (Carla, Eva et L\u00e9na) avec son ex-partenaire V\u00e9ronique. Maintenant que le Fran\u00e7ais a r\u00e9ussi \u00e0 rel\u00e9gation dans la A-League de la Ligue des nations avec les Red Devils et il s&rsquo;est qualifi\u00e9 pour le mariage avec la magnifique Francesca Brienza, Rudi Garcia peut se concentrer enti\u00e8rement sur le prochain grand objectif: participer \u00e0 la Coupe du monde 2026 aux \u00c9tats-Unis, au Mexique et au Canada avec la National Team. (Cre)<\/p>\n","protected":false},"excerpt":{"rendered":"<p>2025 restera certainement une ann\u00e9e sp\u00e9ciale pour Rudi Garcia. Apr\u00e8s avoir repris le bureau de l&rsquo;entra\u00eeneur national de football belge, le Fran\u00e7ais s&rsquo;est mari\u00e9. Jeudi,<\/p>\n","protected":false},"author":1,"featured_media":7292,"comment_status":"","ping_status":"","sticky":false,"template":"","format":"standard","meta":{"footnotes":""},"categories":[298],"tags":[383,930,6813,1104,4939,6816,6814,4580,929,6817,4938,6815],"class_list":["post-7291","post","type-post","status-publish","format-standard","has-post-thumbnail","hentry","category-belgique","tag-belgique","tag-entraineur","tag-epouse","tag-football","tag-garcia","tag-italien","tag-journaliste","tag-national","tag-nouvel","tag-rome","tag-rudi","tag-sportif","generate-columns","tablet-grid-50","mobile-grid-100","grid-parent","grid-33"],"yoast_head":"<!-- This site is optimized with the Yoast SEO plugin v24.0 - https:\/\/yoast.com\/wordpress\/plugins\/seo\/ -->\n<title>Le nouvel entra\u00eeneur national de football de la Belgique, Rudi Garcia, a \u00e9pous\u00e9 un journaliste sportif italien \u00e0 Rome | Vie Associative<\/title>\n<meta name=\"robots\" content=\"index, follow, max-snippet:-1, max-image-preview:large, max-video-preview:-1\" \/>\n<link rel=\"canonical\" href=\"https:\/\/vieassociative.be\/actualites\/le-nouvel-entraineur-national-de-football-de-la-belgique-rudi-garcia-a-epouse-un-journaliste-sportif-italien-a-rome\/\" \/>\n<meta property=\"og:locale\" content=\"fr_FR\" \/>\n<meta property=\"og:type\" content=\"article\" \/>\n<meta property=\"og:title\" content=\"Le nouvel entra\u00eeneur national de football de la Belgique, Rudi Garcia, a \u00e9pous\u00e9 un journaliste sportif italien \u00e0 Rome | Vie Associative\" \/>\n<meta property=\"og:description\" content=\"2025 restera certainement une ann\u00e9e sp\u00e9ciale pour Rudi Garcia. Apr\u00e8s avoir repris le bureau de l&rsquo;entra\u00eeneur national de football belge, le Fran\u00e7ais s&rsquo;est mari\u00e9. Jeudi,\" \/>\n<meta property=\"og:url\" content=\"https:\/\/vieassociative.be\/actualites\/le-nouvel-entraineur-national-de-football-de-la-belgique-rudi-garcia-a-epouse-un-journaliste-sportif-italien-a-rome\/\" \/>\n<meta property=\"og:site_name\" content=\"Vie Associative\" \/>\n<meta property=\"article:published_time\" content=\"2025-05-04T14:17:02+00:00\" \/>\n<meta property=\"og:image\" content=\"https:\/\/vieassociative.be\/actualites\/wp-content\/uploads\/2024\/09\/header_backgroundk-01-e1726694325946.png\" \/>\n\t<meta property=\"og:image:width\" content=\"279\" \/>\n\t<meta property=\"og:image:height\" content=\"92\" \/>\n\t<meta property=\"og:image:type\" content=\"image\/png\" \/>\n<meta name=\"author\" content=\"Julien\" \/>\n<meta name=\"twitter:card\" content=\"summary_large_image\" \/>\n<meta name=\"twitter:label1\" content=\"\u00c9crit par\" \/>\n\t<meta name=\"twitter:data1\" content=\"Julien\" \/>\n\t<meta name=\"twitter:label2\" content=\"Dur\u00e9e de lecture est.\" \/>\n\t<meta name=\"twitter:data2\" content=\"1 minute\" \/>\n<script type=\"application\/ld+json\" class=\"yoast-schema-graph\">{\"@context\":\"https:\/\/schema.org\",\"@graph\":[{\"@type\":\"Article\",\"@id\":\"https:\/\/vieassociative.be\/actualites\/le-nouvel-entraineur-national-de-football-de-la-belgique-rudi-garcia-a-epouse-un-journaliste-sportif-italien-a-rome\/#article\",\"isPartOf\":{\"@id\":\"https:\/\/vieassociative.be\/actualites\/le-nouvel-entraineur-national-de-football-de-la-belgique-rudi-garcia-a-epouse-un-journaliste-sportif-italien-a-rome\/\"},\"author\":{\"name\":\"Julien\",\"@id\":\"https:\/\/vieassociative.be\/actualites\/#\/schema\/person\/b87ac4f82f9d4e7b7cec7395b679edc4\"},\"headline\":\"Le nouvel entra\u00eeneur national de football de la Belgique, Rudi Garcia, a \u00e9pous\u00e9 un journaliste sportif italien \u00e0 Rome\",\"datePublished\":\"2025-05-04T14:17:02+00:00\",\"dateModified\":\"2025-05-04T14:17:02+00:00\",\"mainEntityOfPage\":{\"@id\":\"https:\/\/vieassociative.be\/actualites\/le-nouvel-entraineur-national-de-football-de-la-belgique-rudi-garcia-a-epouse-un-journaliste-sportif-italien-a-rome\/\"},\"wordCount\":317,\"publisher\":{\"@id\":\"https:\/\/vieassociative.be\/actualites\/#organization\"},\"image\":{\"@id\":\"https:\/\/vieassociative.be\/actualites\/le-nouvel-entraineur-national-de-football-de-la-belgique-rudi-garcia-a-epouse-un-journaliste-sportif-italien-a-rome\/#primaryimage\"},\"thumbnailUrl\":\"https:\/\/vieassociative.be\/actualites\/wp-content\/uploads\/2025\/05\/1746368222_Le-nouvel-entraineur-national-de-football-de-la-Belgique-Rudi.jpg\",\"keywords\":[\"Belgique\",\"entra\u00eeneur\",\"\u00e9pous\u00e9\",\"football\",\"Garcia\",\"italien\",\"journaliste\",\"National\",\"nouvel\",\"Rome\",\"Rudi\",\"sportif\"],\"articleSection\":[\"Belgique\"],\"inLanguage\":\"fr-BE\"},{\"@type\":\"WebPage\",\"@id\":\"https:\/\/vieassociative.be\/actualites\/le-nouvel-entraineur-national-de-football-de-la-belgique-rudi-garcia-a-epouse-un-journaliste-sportif-italien-a-rome\/\",\"url\":\"https:\/\/vieassociative.be\/actualites\/le-nouvel-entraineur-national-de-football-de-la-belgique-rudi-garcia-a-epouse-un-journaliste-sportif-italien-a-rome\/\",\"name\":\"Le nouvel entra\u00eeneur national de football de la Belgique, Rudi Garcia, a \u00e9pous\u00e9 un journaliste sportif italien \u00e0 Rome | Vie Associative\",\"isPartOf\":{\"@id\":\"https:\/\/vieassociative.be\/actualites\/#website\"},\"primaryImageOfPage\":{\"@id\":\"https:\/\/vieassociative.be\/actualites\/le-nouvel-entraineur-national-de-football-de-la-belgique-rudi-garcia-a-epouse-un-journaliste-sportif-italien-a-rome\/#primaryimage\"},\"image\":{\"@id\":\"https:\/\/vieassociative.be\/actualites\/le-nouvel-entraineur-national-de-football-de-la-belgique-rudi-garcia-a-epouse-un-journaliste-sportif-italien-a-rome\/#primaryimage\"},\"thumbnailUrl\":\"https:\/\/vieassociative.be\/actualites\/wp-content\/uploads\/2025\/05\/1746368222_Le-nouvel-entraineur-national-de-football-de-la-Belgique-Rudi.jpg\",\"datePublished\":\"2025-05-04T14:17:02+00:00\",\"dateModified\":\"2025-05-04T14:17:02+00:00\",\"breadcrumb\":{\"@id\":\"https:\/\/vieassociative.be\/actualites\/le-nouvel-entraineur-national-de-football-de-la-belgique-rudi-garcia-a-epouse-un-journaliste-sportif-italien-a-rome\/#breadcrumb\"},\"inLanguage\":\"fr-BE\",\"potentialAction\":[{\"@type\":\"ReadAction\",\"target\":[\"https:\/\/vieassociative.be\/actualites\/le-nouvel-entraineur-national-de-football-de-la-belgique-rudi-garcia-a-epouse-un-journaliste-sportif-italien-a-rome\/\"]}]},{\"@type\":\"ImageObject\",\"inLanguage\":\"fr-BE\",\"@id\":\"https:\/\/vieassociative.be\/actualites\/le-nouvel-entraineur-national-de-football-de-la-belgique-rudi-garcia-a-epouse-un-journaliste-sportif-italien-a-rome\/#primaryimage\",\"url\":\"https:\/\/vieassociative.be\/actualites\/wp-content\/uploads\/2025\/05\/1746368222_Le-nouvel-entraineur-national-de-football-de-la-Belgique-Rudi.jpg\",\"contentUrl\":\"https:\/\/vieassociative.be\/actualites\/wp-content\/uploads\/2025\/05\/1746368222_Le-nouvel-entraineur-national-de-football-de-la-Belgique-Rudi.jpg\",\"width\":1200,\"height\":900,\"caption\":\"Le nouvel entra\u00eeneur national de football de la Belgique, Rudi Garcia, a \u00e9pous\u00e9 un journaliste sportif italien \u00e0 Rome\"},{\"@type\":\"BreadcrumbList\",\"@id\":\"https:\/\/vieassociative.be\/actualites\/le-nouvel-entraineur-national-de-football-de-la-belgique-rudi-garcia-a-epouse-un-journaliste-sportif-italien-a-rome\/#breadcrumb\",\"itemListElement\":[{\"@type\":\"ListItem\",\"position\":1,\"name\":\"Accueil\",\"item\":\"https:\/\/vieassociative.be\/actualites\/\"},{\"@type\":\"ListItem\",\"position\":2,\"name\":\"Le nouvel entra\u00eeneur national de football de la Belgique, Rudi Garcia, a \u00e9pous\u00e9 un journaliste sportif italien \u00e0 Rome\"}]},{\"@type\":\"WebSite\",\"@id\":\"https:\/\/vieassociative.be\/actualites\/#website\",\"url\":\"https:\/\/vieassociative.be\/actualites\/\",\"name\":\"Vie Associative\",\"description\":\"\",\"publisher\":{\"@id\":\"https:\/\/vieassociative.be\/actualites\/#organization\"},\"potentialAction\":[{\"@type\":\"SearchAction\",\"target\":{\"@type\":\"EntryPoint\",\"urlTemplate\":\"https:\/\/vieassociative.be\/actualites\/?s={search_term_string}\"},\"query-input\":{\"@type\":\"PropertyValueSpecification\",\"valueRequired\":true,\"valueName\":\"search_term_string\"}}],\"inLanguage\":\"fr-BE\"},{\"@type\":\"Organization\",\"@id\":\"https:\/\/vieassociative.be\/actualites\/#organization\",\"name\":\"Vie Associative\",\"url\":\"https:\/\/vieassociative.be\/actualites\/\",\"logo\":{\"@type\":\"ImageObject\",\"inLanguage\":\"fr-BE\",\"@id\":\"https:\/\/vieassociative.be\/actualites\/#\/schema\/logo\/image\/\",\"url\":\"https:\/\/vieassociative.be\/actualites\/wp-content\/uploads\/2024\/09\/cropped-vieassociative_favicon.ico.png\",\"contentUrl\":\"https:\/\/vieassociative.be\/actualites\/wp-content\/uploads\/2024\/09\/cropped-vieassociative_favicon.ico.png\",\"width\":512,\"height\":512,\"caption\":\"Vie Associative\"},\"image\":{\"@id\":\"https:\/\/vieassociative.be\/actualites\/#\/schema\/logo\/image\/\"}},{\"@type\":\"Person\",\"@id\":\"https:\/\/vieassociative.be\/actualites\/#\/schema\/person\/b87ac4f82f9d4e7b7cec7395b679edc4\",\"name\":\"Julien\",\"image\":{\"@type\":\"ImageObject\",\"inLanguage\":\"fr-BE\",\"@id\":\"https:\/\/vieassociative.be\/actualites\/#\/schema\/person\/image\/\",\"url\":\"https:\/\/vieassociative.be\/actualites\/wp-content\/uploads\/2024\/09\/vie-associative-1-150x150.jpg\",\"contentUrl\":\"https:\/\/vieassociative.be\/actualites\/wp-content\/uploads\/2024\/09\/vie-associative-1-150x150.jpg\",\"caption\":\"Julien\"},\"description\":\"Je suis Julien, r\u00e9dacteur pour Vie Associative. Passionn\u00e9 par le monde associatif depuis plus de 10 ans, j'ai \u00e0 c\u0153ur de partager des histoires inspirantes et de mettre en lumi\u00e8re les initiatives locales. Mon objectif est de sensibiliser et d'encourager l'engagement communautaire \u00e0 travers mes articles.\",\"sameAs\":[\"https:\/\/vieassociative.be\/\"]}]}<\/script>\n<!-- \/ Yoast SEO plugin. -->","yoast_head_json":{"title":"Le nouvel entra\u00eeneur national de football de la Belgique, Rudi Garcia, a \u00e9pous\u00e9 un journaliste sportif italien \u00e0 Rome | Vie Associative","robots":{"index":"index","follow":"follow","max-snippet":"max-snippet:-1","max-image-preview":"max-image-preview:large","max-video-preview":"max-video-preview:-1"},"canonical":"https:\/\/vieassociative.be\/actualites\/le-nouvel-entraineur-national-de-football-de-la-belgique-rudi-garcia-a-epouse-un-journaliste-sportif-italien-a-rome\/","og_locale":"fr_FR","og_type":"article","og_title":"Le nouvel entra\u00eeneur national de football de la Belgique, Rudi Garcia, a \u00e9pous\u00e9 un journaliste sportif italien \u00e0 Rome | Vie Associative","og_description":"2025 restera certainement une ann\u00e9e sp\u00e9ciale pour Rudi Garcia. Apr\u00e8s avoir repris le bureau de l&rsquo;entra\u00eeneur national de football belge, le Fran\u00e7ais s&rsquo;est mari\u00e9. Jeudi,","og_url":"https:\/\/vieassociative.be\/actualites\/le-nouvel-entraineur-national-de-football-de-la-belgique-rudi-garcia-a-epouse-un-journaliste-sportif-italien-a-rome\/","og_site_name":"Vie Associative","article_published_time":"2025-05-04T14:17:02+00:00","og_image":[{"width":279,"height":92,"url":"https:\/\/vieassociative.be\/actualites\/wp-content\/uploads\/2024\/09\/header_backgroundk-01-e1726694325946.png","type":"image\/png"}],"author":"Julien","twitter_card":"summary_large_image","twitter_misc":{"\u00c9crit par":"Julien","Dur\u00e9e de lecture est.":"1 minute"},"schema":{"@context":"https:\/\/schema.org","@graph":[{"@type":"Article","@id":"https:\/\/vieassociative.be\/actualites\/le-nouvel-entraineur-national-de-football-de-la-belgique-rudi-garcia-a-epouse-un-journaliste-sportif-italien-a-rome\/#article","isPartOf":{"@id":"https:\/\/vieassociative.be\/actualites\/le-nouvel-entraineur-national-de-football-de-la-belgique-rudi-garcia-a-epouse-un-journaliste-sportif-italien-a-rome\/"},"author":{"name":"Julien","@id":"https:\/\/vieassociative.be\/actualites\/#\/schema\/person\/b87ac4f82f9d4e7b7cec7395b679edc4"},"headline":"Le nouvel entra\u00eeneur national de football de la Belgique, Rudi Garcia, a \u00e9pous\u00e9 un journaliste sportif italien \u00e0 Rome","datePublished":"2025-05-04T14:17:02+00:00","dateModified":"2025-05-04T14:17:02+00:00","mainEntityOfPage":{"@id":"https:\/\/vieassociative.be\/actualites\/le-nouvel-entraineur-national-de-football-de-la-belgique-rudi-garcia-a-epouse-un-journaliste-sportif-italien-a-rome\/"},"wordCount":317,"publisher":{"@id":"https:\/\/vieassociative.be\/actualites\/#organization"},"image":{"@id":"https:\/\/vieassociative.be\/actualites\/le-nouvel-entraineur-national-de-football-de-la-belgique-rudi-garcia-a-epouse-un-journaliste-sportif-italien-a-rome\/#primaryimage"},"thumbnailUrl":"https:\/\/vieassociative.be\/actualites\/wp-content\/uploads\/2025\/05\/1746368222_Le-nouvel-entraineur-national-de-football-de-la-Belgique-Rudi.jpg","keywords":["Belgique","entra\u00eeneur","\u00e9pous\u00e9","football","Garcia","italien","journaliste","National","nouvel","Rome","Rudi","sportif"],"articleSection":["Belgique"],"inLanguage":"fr-BE"},{"@type":"WebPage","@id":"https:\/\/vieassociative.be\/actualites\/le-nouvel-entraineur-national-de-football-de-la-belgique-rudi-garcia-a-epouse-un-journaliste-sportif-italien-a-rome\/","url":"https:\/\/vieassociative.be\/actualites\/le-nouvel-entraineur-national-de-football-de-la-belgique-rudi-garcia-a-epouse-un-journaliste-sportif-italien-a-rome\/","name":"Le nouvel entra\u00eeneur national de football de la Belgique, Rudi Garcia, a \u00e9pous\u00e9 un journaliste sportif italien \u00e0 Rome | Vie Associative","isPartOf":{"@id":"https:\/\/vieassociative.be\/actualites\/#website"},"primaryImageOfPage":{"@id":"https:\/\/vieassociative.be\/actualites\/le-nouvel-entraineur-national-de-football-de-la-belgique-rudi-garcia-a-epouse-un-journaliste-sportif-italien-a-rome\/#primaryimage"},"image":{"@id":"https:\/\/vieassociative.be\/actualites\/le-nouvel-entraineur-national-de-football-de-la-belgique-rudi-garcia-a-epouse-un-journaliste-sportif-italien-a-rome\/#primaryimage"},"thumbnailUrl":"https:\/\/vieassociative.be\/actualites\/wp-content\/uploads\/2025\/05\/1746368222_Le-nouvel-entraineur-national-de-football-de-la-Belgique-Rudi.jpg","datePublished":"2025-05-04T14:17:02+00:00","dateModified":"2025-05-04T14:17:02+00:00","breadcrumb":{"@id":"https:\/\/vieassociative.be\/actualites\/le-nouvel-entraineur-national-de-football-de-la-belgique-rudi-garcia-a-epouse-un-journaliste-sportif-italien-a-rome\/#breadcrumb"},"inLanguage":"fr-BE","potentialAction":[{"@type":"ReadAction","target":["https:\/\/vieassociative.be\/actualites\/le-nouvel-entraineur-national-de-football-de-la-belgique-rudi-garcia-a-epouse-un-journaliste-sportif-italien-a-rome\/"]}]},{"@type":"ImageObject","inLanguage":"fr-BE","@id":"https:\/\/vieassociative.be\/actualites\/le-nouvel-entraineur-national-de-football-de-la-belgique-rudi-garcia-a-epouse-un-journaliste-sportif-italien-a-rome\/#primaryimage","url":"https:\/\/vieassociative.be\/actualites\/wp-content\/uploads\/2025\/05\/1746368222_Le-nouvel-entraineur-national-de-football-de-la-Belgique-Rudi.jpg","contentUrl":"https:\/\/vieassociative.be\/actualites\/wp-content\/uploads\/2025\/05\/1746368222_Le-nouvel-entraineur-national-de-football-de-la-Belgique-Rudi.jpg","width":1200,"height":900,"caption":"Le nouvel entra\u00eeneur national de football de la Belgique, Rudi Garcia, a \u00e9pous\u00e9 un journaliste sportif italien \u00e0 Rome"},{"@type":"BreadcrumbList","@id":"https:\/\/vieassociative.be\/actualites\/le-nouvel-entraineur-national-de-football-de-la-belgique-rudi-garcia-a-epouse-un-journaliste-sportif-italien-a-rome\/#breadcrumb","itemListElement":[{"@type":"ListItem","position":1,"name":"Accueil","item":"https:\/\/vieassociative.be\/actualites\/"},{"@type":"ListItem","position":2,"name":"Le nouvel entra\u00eeneur national de football de la Belgique, Rudi Garcia, a \u00e9pous\u00e9 un journaliste sportif italien \u00e0 Rome"}]},{"@type":"WebSite","@id":"https:\/\/vieassociative.be\/actualites\/#website","url":"https:\/\/vieassociative.be\/actualites\/","name":"Vie Associative","description":"","publisher":{"@id":"https:\/\/vieassociative.be\/actualites\/#organization"},"potentialAction":[{"@type":"SearchAction","target":{"@type":"EntryPoint","urlTemplate":"https:\/\/vieassociative.be\/actualites\/?s={search_term_string}"},"query-input":{"@type":"PropertyValueSpecification","valueRequired":true,"valueName":"search_term_string"}}],"inLanguage":"fr-BE"},{"@type":"Organization","@id":"https:\/\/vieassociative.be\/actualites\/#organization","name":"Vie Associative","url":"https:\/\/vieassociative.be\/actualites\/","logo":{"@type":"ImageObject","inLanguage":"fr-BE","@id":"https:\/\/vieassociative.be\/actualites\/#\/schema\/logo\/image\/","url":"https:\/\/vieassociative.be\/actualites\/wp-content\/uploads\/2024\/09\/cropped-vieassociative_favicon.ico.png","contentUrl":"https:\/\/vieassociative.be\/actualites\/wp-content\/uploads\/2024\/09\/cropped-vieassociative_favicon.ico.png","width":512,"height":512,"caption":"Vie Associative"},"image":{"@id":"https:\/\/vieassociative.be\/actualites\/#\/schema\/logo\/image\/"}},{"@type":"Person","@id":"https:\/\/vieassociative.be\/actualites\/#\/schema\/person\/b87ac4f82f9d4e7b7cec7395b679edc4","name":"Julien","image":{"@type":"ImageObject","inLanguage":"fr-BE","@id":"https:\/\/vieassociative.be\/actualites\/#\/schema\/person\/image\/","url":"https:\/\/vieassociative.be\/actualites\/wp-content\/uploads\/2024\/09\/vie-associative-1-150x150.jpg","contentUrl":"https:\/\/vieassociative.be\/actualites\/wp-content\/uploads\/2024\/09\/vie-associative-1-150x150.jpg","caption":"Julien"},"description":"Je suis Julien, r\u00e9dacteur pour Vie Associative. Passionn\u00e9 par le monde associatif depuis plus de 10 ans, j'ai \u00e0 c\u0153ur de partager des histoires inspirantes et de mettre en lumi\u00e8re les initiatives locales. Mon objectif est de sensibiliser et d'encourager l'engagement communautaire \u00e0 travers mes articles.","sameAs":["https:\/\/vieassociative.be\/"]}]}},"_links":{"self":[{"href":"https:\/\/vieassociative.be\/actualites\/wp-json\/wp\/v2\/posts\/7291"}],"collection":[{"href":"https:\/\/vieassociative.be\/actualites\/wp-json\/wp\/v2\/posts"}],"about":[{"href":"https:\/\/vieassociative.be\/actualites\/wp-json\/wp\/v2\/types\/post"}],"author":[{"embeddable":true,"href":"https:\/\/vieassociative.be\/actualites\/wp-json\/wp\/v2\/users\/1"}],"replies":[{"embeddable":true,"href":"https:\/\/vieassociative.be\/actualites\/wp-json\/wp\/v2\/comments?post=7291"}],"version-history":[{"count":0,"href":"https:\/\/vieassociative.be\/actualites\/wp-json\/wp\/v2\/posts\/7291\/revisions"}],"wp:featuredmedia":[{"embeddable":true,"href":"https:\/\/vieassociative.be\/actualites\/wp-json\/wp\/v2\/media\/7292"}],"wp:attachment":[{"href":"https:\/\/vieassociative.be\/actualites\/wp-json\/wp\/v2\/media?parent=7291"}],"wp:term":[{"taxonomy":"category","embeddable":true,"href":"https:\/\/vieassociative.be\/actualites\/wp-json\/wp\/v2\/categories?post=7291"},{"taxonomy":"post_tag","embeddable":true,"href":"https:\/\/vieassociative.be\/actualites\/wp-json\/wp\/v2\/tags?post=7291"}],"curies":[{"name":"wp","href":"https:\/\/api.w.org\/{rel}","templated":true}]}}