{"id":729,"date":"2024-10-01T15:27:37","date_gmt":"2024-10-01T13:27:37","guid":{"rendered":"https:\/\/vieassociative.be\/actualites\/evitez-de-planter-ces-legumes-dans-des-conteneurs\/"},"modified":"2024-10-01T15:27:37","modified_gmt":"2024-10-01T13:27:37","slug":"evitez-de-planter-ces-legumes-dans-des-conteneurs","status":"publish","type":"post","link":"https:\/\/vieassociative.be\/actualites\/evitez-de-planter-ces-legumes-dans-des-conteneurs\/","title":{"rendered":"\u00c9vitez de planter ces l\u00e9gumes dans des conteneurs"},"content":{"rendered":"<div class=\"mt-4 leading-6 md:mb-8\">Certains l\u00e9gumes ont besoin de plus d\u2019espace et poussent mieux en pleine terre.<\/div>\n<p><\/p>\n<p>Pour ceux qui ne disposent pas de l\u2019espace ext\u00e9rieur n\u00e9cessaire \u00e0 un jardin traditionnel, faire pousser des plantes, y compris des l\u00e9gumes, dans des conteneurs est une excellente option. Malheureusement, tous les l\u00e9gumes ne peuvent pas pousser et prosp\u00e9rer dans des contenants. Au lieu de vous pr\u00e9parer \u00e0 l\u2019\u00e9chec, \u00e9vitez de planter ces l\u00e9gumes dans des contenants.<\/p>\n<h2 id=\"dont-plant-these-vegetables-in-containers\">Ne plantez pas ces l\u00e9gumes dans des contenants<\/h2>\n<p>Bien qu&rsquo;il soit possible de commencer \u00e0 cultiver ces l\u00e9gumes dans des conteneurs, \u00e0 un moment donn\u00e9, ils auront besoin de plus d&rsquo;espace pour atteindre leur maturit\u00e9 et prosp\u00e9rer. Si votre espace de jardin est limit\u00e9 \u00e0 ce que vous pouvez cultiver en pot, il est probablement pr\u00e9f\u00e9rable d&rsquo;\u00e9viter ces l\u00e9gumes\u00a0:<\/p>\n<h3>Pommes de terre<\/h3>\n<p>Bien qu&rsquo;il soit techniquement possible de cultiver certaines vari\u00e9t\u00e9s de patates dans de grands conteneurs, il est pr\u00e9f\u00e9rable de les planter dans le sol.<\/p>\n<h3>Citrouilles et courges d&rsquo;hiver<\/h3>\n<p>Parce que ces l\u00e9gumes poussent sur des vignes au sol et peuvent vraiment s&rsquo;\u00e9tendre, ils ne conviennent pas aux conteneurs. Mais tout n\u2019est pas perdu : les courges d\u2019\u00e9t\u00e9 comme les courgettes et les courges jaunes peuvent \u00eatre cultiv\u00e9es avec succ\u00e8s dans des conteneurs.<\/p>\n<h3>Arbres fruitiers<\/h3>\n<p>Selon la jardini\u00e8re biologique Ann Marie Hendry, les pommes et autres types d&rsquo;arbres fruitiers ont besoin de beaucoup d&rsquo;espace pour leurs racines : un demi-tonneau au minimum absolu. Ce n&rsquo;est probablement pas une option pour ceux qui travaillent avec un espace limit\u00e9, comme un balcon ou une petite terrasse.<\/p>\n<h3>Ma\u00efs doux<\/h3>\n<p>Il y a une raison pour laquelle vous voyez du ma\u00efs sucr\u00e9 pousser dans d&rsquo;immenses champs : c&rsquo;est une plante pollinis\u00e9e par le vent et doit \u00eatre plant\u00e9e dans le sol \u00e0 c\u00f4t\u00e9 d&rsquo;autres ma\u00efs. De plus, il peut devenir tr\u00e8s haut. Si vous essayez de planter du ma\u00efs sucr\u00e9 dans un pot, sachez qu&rsquo;il faudra beaucoup plus de travail pour produire un rendement inf\u00e9rieur \u00e0 celui du sol.<\/p>\n<h3>Carottes<\/h3>\n<p>Id\u00e9alement, vous voulez pouvoir faire pousser des carottes longues et droites : selon Hendry, quelque chose est difficile \u00e0 faire dans des conteneurs. Cela dit, il est possible de planter certains types de carottes plus petites, comme la vari\u00e9t\u00e9 Paris Market, dans des conteneurs, note-t-elle.<\/p>\n","protected":false},"excerpt":{"rendered":"<p>Certains l\u00e9gumes ont besoin de plus d\u2019espace et poussent mieux en pleine terre. Pour ceux qui ne disposent pas de l\u2019espace ext\u00e9rieur n\u00e9cessaire \u00e0 un<\/p>\n","protected":false},"author":1,"featured_media":730,"comment_status":"","ping_status":"","sticky":false,"template":"","format":"standard","meta":{"footnotes":""},"categories":[40],"tags":[248,1165,166,29,1148,1002,1164],"class_list":["post-729","post","type-post","status-publish","format-standard","has-post-thumbnail","hentry","category-maison","tag-ces","tag-conteneurs","tag-dans","tag-des","tag-evitez","tag-legumes","tag-planter","generate-columns","tablet-grid-50","mobile-grid-100","grid-parent","grid-33"],"yoast_head":"<!-- This site is optimized with the Yoast SEO plugin v24.0 - https:\/\/yoast.com\/wordpress\/plugins\/seo\/ -->\n<title>\u00c9vitez de planter ces l\u00e9gumes dans des conteneurs | Vie Associative<\/title>\n<meta name=\"robots\" content=\"index, follow, max-snippet:-1, max-image-preview:large, max-video-preview:-1\" \/>\n<link rel=\"canonical\" href=\"https:\/\/vieassociative.be\/actualites\/evitez-de-planter-ces-legumes-dans-des-conteneurs\/\" \/>\n<meta property=\"og:locale\" content=\"fr_FR\" \/>\n<meta property=\"og:type\" content=\"article\" \/>\n<meta property=\"og:title\" content=\"\u00c9vitez de planter ces l\u00e9gumes dans des conteneurs | Vie Associative\" \/>\n<meta property=\"og:description\" content=\"Certains l\u00e9gumes ont besoin de plus d\u2019espace et poussent mieux en pleine terre. Pour ceux qui ne disposent pas de l\u2019espace ext\u00e9rieur n\u00e9cessaire \u00e0 un\" \/>\n<meta property=\"og:url\" content=\"https:\/\/vieassociative.be\/actualites\/evitez-de-planter-ces-legumes-dans-des-conteneurs\/\" \/>\n<meta property=\"og:site_name\" content=\"Vie Associative\" \/>\n<meta property=\"article:published_time\" content=\"2024-10-01T13:27:37+00:00\" \/>\n<meta property=\"og:image\" content=\"https:\/\/vieassociative.be\/actualites\/wp-content\/uploads\/2024\/09\/header_backgroundk-01-e1726694325946.png\" \/>\n\t<meta property=\"og:image:width\" content=\"279\" \/>\n\t<meta property=\"og:image:height\" content=\"92\" \/>\n\t<meta property=\"og:image:type\" content=\"image\/png\" \/>\n<meta name=\"author\" content=\"Julien\" \/>\n<meta name=\"twitter:card\" content=\"summary_large_image\" \/>\n<meta name=\"twitter:label1\" content=\"\u00c9crit par\" \/>\n\t<meta name=\"twitter:data1\" content=\"Julien\" \/>\n\t<meta name=\"twitter:label2\" content=\"Dur\u00e9e de lecture est.\" \/>\n\t<meta name=\"twitter:data2\" content=\"2 minutes\" \/>\n<script type=\"application\/ld+json\" class=\"yoast-schema-graph\">{\"@context\":\"https:\/\/schema.org\",\"@graph\":[{\"@type\":\"Article\",\"@id\":\"https:\/\/vieassociative.be\/actualites\/evitez-de-planter-ces-legumes-dans-des-conteneurs\/#article\",\"isPartOf\":{\"@id\":\"https:\/\/vieassociative.be\/actualites\/evitez-de-planter-ces-legumes-dans-des-conteneurs\/\"},\"author\":{\"name\":\"Julien\",\"@id\":\"https:\/\/vieassociative.be\/actualites\/#\/schema\/person\/b87ac4f82f9d4e7b7cec7395b679edc4\"},\"headline\":\"\u00c9vitez de planter ces l\u00e9gumes dans des conteneurs\",\"datePublished\":\"2024-10-01T13:27:37+00:00\",\"dateModified\":\"2024-10-01T13:27:37+00:00\",\"mainEntityOfPage\":{\"@id\":\"https:\/\/vieassociative.be\/actualites\/evitez-de-planter-ces-legumes-dans-des-conteneurs\/\"},\"wordCount\":420,\"publisher\":{\"@id\":\"https:\/\/vieassociative.be\/actualites\/#organization\"},\"image\":{\"@id\":\"https:\/\/vieassociative.be\/actualites\/evitez-de-planter-ces-legumes-dans-des-conteneurs\/#primaryimage\"},\"thumbnailUrl\":\"https:\/\/vieassociative.be\/actualites\/wp-content\/uploads\/2024\/10\/Evitez-de-planter-ces-legumes-dans-des-conteneurs.jpg\",\"keywords\":[\"ces\",\"conteneurs\",\"dans\",\"Des\",\"\u00c9vitez\",\"l\u00e9gumes\",\"planter\"],\"articleSection\":[\"Maison\"],\"inLanguage\":\"fr-BE\"},{\"@type\":\"WebPage\",\"@id\":\"https:\/\/vieassociative.be\/actualites\/evitez-de-planter-ces-legumes-dans-des-conteneurs\/\",\"url\":\"https:\/\/vieassociative.be\/actualites\/evitez-de-planter-ces-legumes-dans-des-conteneurs\/\",\"name\":\"\u00c9vitez de planter ces l\u00e9gumes dans des conteneurs | Vie Associative\",\"isPartOf\":{\"@id\":\"https:\/\/vieassociative.be\/actualites\/#website\"},\"primaryImageOfPage\":{\"@id\":\"https:\/\/vieassociative.be\/actualites\/evitez-de-planter-ces-legumes-dans-des-conteneurs\/#primaryimage\"},\"image\":{\"@id\":\"https:\/\/vieassociative.be\/actualites\/evitez-de-planter-ces-legumes-dans-des-conteneurs\/#primaryimage\"},\"thumbnailUrl\":\"https:\/\/vieassociative.be\/actualites\/wp-content\/uploads\/2024\/10\/Evitez-de-planter-ces-legumes-dans-des-conteneurs.jpg\",\"datePublished\":\"2024-10-01T13:27:37+00:00\",\"dateModified\":\"2024-10-01T13:27:37+00:00\",\"breadcrumb\":{\"@id\":\"https:\/\/vieassociative.be\/actualites\/evitez-de-planter-ces-legumes-dans-des-conteneurs\/#breadcrumb\"},\"inLanguage\":\"fr-BE\",\"potentialAction\":[{\"@type\":\"ReadAction\",\"target\":[\"https:\/\/vieassociative.be\/actualites\/evitez-de-planter-ces-legumes-dans-des-conteneurs\/\"]}]},{\"@type\":\"ImageObject\",\"inLanguage\":\"fr-BE\",\"@id\":\"https:\/\/vieassociative.be\/actualites\/evitez-de-planter-ces-legumes-dans-des-conteneurs\/#primaryimage\",\"url\":\"https:\/\/vieassociative.be\/actualites\/wp-content\/uploads\/2024\/10\/Evitez-de-planter-ces-legumes-dans-des-conteneurs.jpg\",\"contentUrl\":\"https:\/\/vieassociative.be\/actualites\/wp-content\/uploads\/2024\/10\/Evitez-de-planter-ces-legumes-dans-des-conteneurs.jpg\",\"width\":1200,\"height\":675,\"caption\":\"\u00c9vitez de planter ces l\u00e9gumes dans des conteneurs\"},{\"@type\":\"BreadcrumbList\",\"@id\":\"https:\/\/vieassociative.be\/actualites\/evitez-de-planter-ces-legumes-dans-des-conteneurs\/#breadcrumb\",\"itemListElement\":[{\"@type\":\"ListItem\",\"position\":1,\"name\":\"Accueil\",\"item\":\"https:\/\/vieassociative.be\/actualites\/\"},{\"@type\":\"ListItem\",\"position\":2,\"name\":\"\u00c9vitez de planter ces l\u00e9gumes dans des conteneurs\"}]},{\"@type\":\"WebSite\",\"@id\":\"https:\/\/vieassociative.be\/actualites\/#website\",\"url\":\"https:\/\/vieassociative.be\/actualites\/\",\"name\":\"Vie Associative\",\"description\":\"\",\"publisher\":{\"@id\":\"https:\/\/vieassociative.be\/actualites\/#organization\"},\"potentialAction\":[{\"@type\":\"SearchAction\",\"target\":{\"@type\":\"EntryPoint\",\"urlTemplate\":\"https:\/\/vieassociative.be\/actualites\/?s={search_term_string}\"},\"query-input\":{\"@type\":\"PropertyValueSpecification\",\"valueRequired\":true,\"valueName\":\"search_term_string\"}}],\"inLanguage\":\"fr-BE\"},{\"@type\":\"Organization\",\"@id\":\"https:\/\/vieassociative.be\/actualites\/#organization\",\"name\":\"Vie Associative\",\"url\":\"https:\/\/vieassociative.be\/actualites\/\",\"logo\":{\"@type\":\"ImageObject\",\"inLanguage\":\"fr-BE\",\"@id\":\"https:\/\/vieassociative.be\/actualites\/#\/schema\/logo\/image\/\",\"url\":\"https:\/\/vieassociative.be\/actualites\/wp-content\/uploads\/2024\/09\/cropped-vieassociative_favicon.ico.png\",\"contentUrl\":\"https:\/\/vieassociative.be\/actualites\/wp-content\/uploads\/2024\/09\/cropped-vieassociative_favicon.ico.png\",\"width\":512,\"height\":512,\"caption\":\"Vie Associative\"},\"image\":{\"@id\":\"https:\/\/vieassociative.be\/actualites\/#\/schema\/logo\/image\/\"}},{\"@type\":\"Person\",\"@id\":\"https:\/\/vieassociative.be\/actualites\/#\/schema\/person\/b87ac4f82f9d4e7b7cec7395b679edc4\",\"name\":\"Julien\",\"image\":{\"@type\":\"ImageObject\",\"inLanguage\":\"fr-BE\",\"@id\":\"https:\/\/vieassociative.be\/actualites\/#\/schema\/person\/image\/\",\"url\":\"https:\/\/vieassociative.be\/actualites\/wp-content\/uploads\/2024\/09\/vie-associative-1-150x150.jpg\",\"contentUrl\":\"https:\/\/vieassociative.be\/actualites\/wp-content\/uploads\/2024\/09\/vie-associative-1-150x150.jpg\",\"caption\":\"Julien\"},\"description\":\"Je suis Julien, r\u00e9dacteur pour Vie Associative. Passionn\u00e9 par le monde associatif depuis plus de 10 ans, j'ai \u00e0 c\u0153ur de partager des histoires inspirantes et de mettre en lumi\u00e8re les initiatives locales. Mon objectif est de sensibiliser et d'encourager l'engagement communautaire \u00e0 travers mes articles.\",\"sameAs\":[\"https:\/\/vieassociative.be\/\"]}]}<\/script>\n<!-- \/ Yoast SEO plugin. -->","yoast_head_json":{"title":"\u00c9vitez de planter ces l\u00e9gumes dans des conteneurs | Vie Associative","robots":{"index":"index","follow":"follow","max-snippet":"max-snippet:-1","max-image-preview":"max-image-preview:large","max-video-preview":"max-video-preview:-1"},"canonical":"https:\/\/vieassociative.be\/actualites\/evitez-de-planter-ces-legumes-dans-des-conteneurs\/","og_locale":"fr_FR","og_type":"article","og_title":"\u00c9vitez de planter ces l\u00e9gumes dans des conteneurs | Vie Associative","og_description":"Certains l\u00e9gumes ont besoin de plus d\u2019espace et poussent mieux en pleine terre. Pour ceux qui ne disposent pas de l\u2019espace ext\u00e9rieur n\u00e9cessaire \u00e0 un","og_url":"https:\/\/vieassociative.be\/actualites\/evitez-de-planter-ces-legumes-dans-des-conteneurs\/","og_site_name":"Vie Associative","article_published_time":"2024-10-01T13:27:37+00:00","og_image":[{"width":279,"height":92,"url":"https:\/\/vieassociative.be\/actualites\/wp-content\/uploads\/2024\/09\/header_backgroundk-01-e1726694325946.png","type":"image\/png"}],"author":"Julien","twitter_card":"summary_large_image","twitter_misc":{"\u00c9crit par":"Julien","Dur\u00e9e de lecture est.":"2 minutes"},"schema":{"@context":"https:\/\/schema.org","@graph":[{"@type":"Article","@id":"https:\/\/vieassociative.be\/actualites\/evitez-de-planter-ces-legumes-dans-des-conteneurs\/#article","isPartOf":{"@id":"https:\/\/vieassociative.be\/actualites\/evitez-de-planter-ces-legumes-dans-des-conteneurs\/"},"author":{"name":"Julien","@id":"https:\/\/vieassociative.be\/actualites\/#\/schema\/person\/b87ac4f82f9d4e7b7cec7395b679edc4"},"headline":"\u00c9vitez de planter ces l\u00e9gumes dans des conteneurs","datePublished":"2024-10-01T13:27:37+00:00","dateModified":"2024-10-01T13:27:37+00:00","mainEntityOfPage":{"@id":"https:\/\/vieassociative.be\/actualites\/evitez-de-planter-ces-legumes-dans-des-conteneurs\/"},"wordCount":420,"publisher":{"@id":"https:\/\/vieassociative.be\/actualites\/#organization"},"image":{"@id":"https:\/\/vieassociative.be\/actualites\/evitez-de-planter-ces-legumes-dans-des-conteneurs\/#primaryimage"},"thumbnailUrl":"https:\/\/vieassociative.be\/actualites\/wp-content\/uploads\/2024\/10\/Evitez-de-planter-ces-legumes-dans-des-conteneurs.jpg","keywords":["ces","conteneurs","dans","Des","\u00c9vitez","l\u00e9gumes","planter"],"articleSection":["Maison"],"inLanguage":"fr-BE"},{"@type":"WebPage","@id":"https:\/\/vieassociative.be\/actualites\/evitez-de-planter-ces-legumes-dans-des-conteneurs\/","url":"https:\/\/vieassociative.be\/actualites\/evitez-de-planter-ces-legumes-dans-des-conteneurs\/","name":"\u00c9vitez de planter ces l\u00e9gumes dans des conteneurs | Vie Associative","isPartOf":{"@id":"https:\/\/vieassociative.be\/actualites\/#website"},"primaryImageOfPage":{"@id":"https:\/\/vieassociative.be\/actualites\/evitez-de-planter-ces-legumes-dans-des-conteneurs\/#primaryimage"},"image":{"@id":"https:\/\/vieassociative.be\/actualites\/evitez-de-planter-ces-legumes-dans-des-conteneurs\/#primaryimage"},"thumbnailUrl":"https:\/\/vieassociative.be\/actualites\/wp-content\/uploads\/2024\/10\/Evitez-de-planter-ces-legumes-dans-des-conteneurs.jpg","datePublished":"2024-10-01T13:27:37+00:00","dateModified":"2024-10-01T13:27:37+00:00","breadcrumb":{"@id":"https:\/\/vieassociative.be\/actualites\/evitez-de-planter-ces-legumes-dans-des-conteneurs\/#breadcrumb"},"inLanguage":"fr-BE","potentialAction":[{"@type":"ReadAction","target":["https:\/\/vieassociative.be\/actualites\/evitez-de-planter-ces-legumes-dans-des-conteneurs\/"]}]},{"@type":"ImageObject","inLanguage":"fr-BE","@id":"https:\/\/vieassociative.be\/actualites\/evitez-de-planter-ces-legumes-dans-des-conteneurs\/#primaryimage","url":"https:\/\/vieassociative.be\/actualites\/wp-content\/uploads\/2024\/10\/Evitez-de-planter-ces-legumes-dans-des-conteneurs.jpg","contentUrl":"https:\/\/vieassociative.be\/actualites\/wp-content\/uploads\/2024\/10\/Evitez-de-planter-ces-legumes-dans-des-conteneurs.jpg","width":1200,"height":675,"caption":"\u00c9vitez de planter ces l\u00e9gumes dans des conteneurs"},{"@type":"BreadcrumbList","@id":"https:\/\/vieassociative.be\/actualites\/evitez-de-planter-ces-legumes-dans-des-conteneurs\/#breadcrumb","itemListElement":[{"@type":"ListItem","position":1,"name":"Accueil","item":"https:\/\/vieassociative.be\/actualites\/"},{"@type":"ListItem","position":2,"name":"\u00c9vitez de planter ces l\u00e9gumes dans des conteneurs"}]},{"@type":"WebSite","@id":"https:\/\/vieassociative.be\/actualites\/#website","url":"https:\/\/vieassociative.be\/actualites\/","name":"Vie Associative","description":"","publisher":{"@id":"https:\/\/vieassociative.be\/actualites\/#organization"},"potentialAction":[{"@type":"SearchAction","target":{"@type":"EntryPoint","urlTemplate":"https:\/\/vieassociative.be\/actualites\/?s={search_term_string}"},"query-input":{"@type":"PropertyValueSpecification","valueRequired":true,"valueName":"search_term_string"}}],"inLanguage":"fr-BE"},{"@type":"Organization","@id":"https:\/\/vieassociative.be\/actualites\/#organization","name":"Vie Associative","url":"https:\/\/vieassociative.be\/actualites\/","logo":{"@type":"ImageObject","inLanguage":"fr-BE","@id":"https:\/\/vieassociative.be\/actualites\/#\/schema\/logo\/image\/","url":"https:\/\/vieassociative.be\/actualites\/wp-content\/uploads\/2024\/09\/cropped-vieassociative_favicon.ico.png","contentUrl":"https:\/\/vieassociative.be\/actualites\/wp-content\/uploads\/2024\/09\/cropped-vieassociative_favicon.ico.png","width":512,"height":512,"caption":"Vie Associative"},"image":{"@id":"https:\/\/vieassociative.be\/actualites\/#\/schema\/logo\/image\/"}},{"@type":"Person","@id":"https:\/\/vieassociative.be\/actualites\/#\/schema\/person\/b87ac4f82f9d4e7b7cec7395b679edc4","name":"Julien","image":{"@type":"ImageObject","inLanguage":"fr-BE","@id":"https:\/\/vieassociative.be\/actualites\/#\/schema\/person\/image\/","url":"https:\/\/vieassociative.be\/actualites\/wp-content\/uploads\/2024\/09\/vie-associative-1-150x150.jpg","contentUrl":"https:\/\/vieassociative.be\/actualites\/wp-content\/uploads\/2024\/09\/vie-associative-1-150x150.jpg","caption":"Julien"},"description":"Je suis Julien, r\u00e9dacteur pour Vie Associative. Passionn\u00e9 par le monde associatif depuis plus de 10 ans, j'ai \u00e0 c\u0153ur de partager des histoires inspirantes et de mettre en lumi\u00e8re les initiatives locales. Mon objectif est de sensibiliser et d'encourager l'engagement communautaire \u00e0 travers mes articles.","sameAs":["https:\/\/vieassociative.be\/"]}]}},"_links":{"self":[{"href":"https:\/\/vieassociative.be\/actualites\/wp-json\/wp\/v2\/posts\/729"}],"collection":[{"href":"https:\/\/vieassociative.be\/actualites\/wp-json\/wp\/v2\/posts"}],"about":[{"href":"https:\/\/vieassociative.be\/actualites\/wp-json\/wp\/v2\/types\/post"}],"author":[{"embeddable":true,"href":"https:\/\/vieassociative.be\/actualites\/wp-json\/wp\/v2\/users\/1"}],"replies":[{"embeddable":true,"href":"https:\/\/vieassociative.be\/actualites\/wp-json\/wp\/v2\/comments?post=729"}],"version-history":[{"count":0,"href":"https:\/\/vieassociative.be\/actualites\/wp-json\/wp\/v2\/posts\/729\/revisions"}],"wp:featuredmedia":[{"embeddable":true,"href":"https:\/\/vieassociative.be\/actualites\/wp-json\/wp\/v2\/media\/730"}],"wp:attachment":[{"href":"https:\/\/vieassociative.be\/actualites\/wp-json\/wp\/v2\/media?parent=729"}],"wp:term":[{"taxonomy":"category","embeddable":true,"href":"https:\/\/vieassociative.be\/actualites\/wp-json\/wp\/v2\/categories?post=729"},{"taxonomy":"post_tag","embeddable":true,"href":"https:\/\/vieassociative.be\/actualites\/wp-json\/wp\/v2\/tags?post=729"}],"curies":[{"name":"wp","href":"https:\/\/api.w.org\/{rel}","templated":true}]}}