{"id":7278,"date":"2025-05-04T06:17:17","date_gmt":"2025-05-04T04:17:17","guid":{"rendered":"https:\/\/vieassociative.be\/actualites\/pourquoi-apple-fitness-vous-montre-des-calories-totales-et-des-calories-actives\/"},"modified":"2025-05-04T06:17:17","modified_gmt":"2025-05-04T04:17:17","slug":"pourquoi-apple-fitness-vous-montre-des-calories-totales-et-des-calories-actives","status":"publish","type":"post","link":"https:\/\/vieassociative.be\/actualites\/pourquoi-apple-fitness-vous-montre-des-calories-totales-et-des-calories-actives\/","title":{"rendered":"Pourquoi Apple Fitness vous montre des \u00abcalories totales\u00bb et des \u00abcalories actives\u00bb"},"content":{"rendered":"<div class=\"mt-4 leading-6 md:mb-8\">Et pourquoi ces chiffres sont-ils parfois les m\u00eames?<\/div>\n<p><\/p>\n<p>Lorsque vous suivez une activit\u00e9 sur votre Apple Watch, puis acc\u00e9dez \u00e0 l&rsquo;application de fitness pour voir vos donn\u00e9es, elle donne souvent deux r\u00e9ponses diff\u00e9rentes \u00e0 la question \u00abCombien de calories ai-je br\u00fbl\u00e9?\u00bb Ce sont <em>calories actives<\/em> et <em>Calories totales<\/em>et vous pouvez remarquer que parfois les deux champs affichent le m\u00eame nombre, et d&rsquo;autres fois, ce sont deux nombres diff\u00e9rents. <\/p>\n<h2 id=\"the-difference-between-active-calories-and-total-calories-in-the-fitness-app\">La diff\u00e9rence entre les \u00abcalories actives\u00bb et les \u00abcalories totales\u00bb dans l&rsquo;application de fitness<\/h2>\n<p>Vous \u00eates probablement familier avec l&rsquo;id\u00e9e que l&rsquo;exercice br\u00fble des calories. Nous pourrions dire, par exemple, qu&rsquo;une demi-heure de jogging br\u00fble 300 calories. (Le nombre exact d\u00e9pendra de facteurs tels que vous \u00eates grand et \u00e0 quelle vitesse vous avez couru, mais utilisons cela comme exemple.) <\/p>\n<p>Alors le jogging br\u00fble des calories, mais vous <em>toujours<\/em> aurait br\u00fbl\u00e9 des calories si vous \u00e9tiez rest\u00e9 \u00e0 la maison \u00e0 regarder la t\u00e9l\u00e9vision &#8211; tout en pas autant. N&rsquo;oubliez pas qu&rsquo;il faut pas mal de calories juste pour garder votre corps en vie et en fonctionnement. <\/p>\n<p>Par exemple, si vous pesez 200 livres, vous br\u00fblerez environ 46 calories en une demi-heure \u00e0 regarder la t\u00e9l\u00e9vision. (Oui, il y a des donn\u00e9es \u00e0 ce sujet.) Pendant ce temps, une demi-heure de rythme facile en marche br\u00fble 363 calories. <strong>Cela signifie que vous avez br\u00fbl\u00e9 363 calories au total, mais seulement 317 d&rsquo;entre eux sont au-dessus de ce que vous auriez br\u00fbl\u00e9 en s\u00e9journant \u00e0 la maison<\/strong>.<\/p>\n<p>C&rsquo;est ce qu&rsquo;Apple essaie de communiquer avec les \u00e9tiquettes caloriques \u00abactives\u00bb et \u00abtotales\u00bb. Pour donner un exemple r\u00e9el, je suis all\u00e9 pour un jogging facile de trois milles, prenant environ 38 minutes. Apple rapporte que j&rsquo;ai br\u00fbl\u00e9 351 calories totales, dont 294 \u00e9taient des calories actives. (Cela signifie qu&rsquo;il pense que j&rsquo;aurais br\u00fbl\u00e9 57 calories si je n&rsquo;avais pas couru pendant cette p\u00e9riode.)<\/p>\n<h2 id=\"how-do-we-burn-calories-that-are-not-active-calories\">Comment br\u00fbler des calories qui ne sont pas des calories actives? <\/h2>\n<p>Il faut beaucoup d&rsquo;\u00e9nergie pour garder un corps humain en vie! Vous devez garder votre c\u0153ur battre, la respiration de vos poumons et votre cerveau en pensant. Chaque cellule de votre corps doit faire beaucoup de travaux de maintenance microscopique pour rester en vie. <\/p>\n<p>Cela peut \u00eatre un visuel horrible, mais r\u00e9fl\u00e9chissez \u00e0 la fa\u00e7on dont un cadavre est diff\u00e9rent de celui qui est vivant. Il cesse de se d\u00e9fendre contre les germes et les champignons, et commence \u00e0 s&rsquo;effondrer. La raison pour laquelle cela ne se produit pas pendant que vous \u00eates en vie est que votre corps travaille constamment dur pour r\u00e9parer les d\u00e9g\u00e2ts, attaquer les envahisseurs, et plus encore. Et tout cela prend de l&rsquo;\u00e9nergie, que nous mesurons sous forme de calories. <\/p>\n<p>J&rsquo;en ai parl\u00e9 un peu plus dans cet article sur le nombre de calories que nous br\u00fblons chaque jour. Pour donner quelques exemples, un homme de 200 livres et 6 &lsquo;devraient br\u00fbler 1 930 calories par jour comme taux m\u00e9tabolique basal; Une femme de 150 livres et 5&rsquo;5 \u201dbr\u00fblerait 1 426. <em>avant<\/em> Compter toutes les activit\u00e9s d&rsquo;exercice ou m\u00eame les activit\u00e9s quotidiennes comme se promener dans la maison et se brosser les dents. <\/p>\n<p>Ce nombre, qui repr\u00e9sente le strict minimum pour rester en vie, est appel\u00e9 votre taux m\u00e9tabolique basal, ou BMR. \u00c9troitement li\u00e9 est le taux m\u00e9tabolique au repos, ou RMR, qui comprend l&rsquo;\u00e9nergie que nous utilisons pour dig\u00e9rer nos aliments. RMR plus les activit\u00e9s que nous faisons &#8211; telles que l&rsquo;exercice &#8211; \u00e9galisent notre br\u00fblure en calories pour la journ\u00e9e. <\/p>\n<p>Si vous \u00eates curieux de savoir votre RMR, l&rsquo;application Apple Health comprend un nombre pour l&rsquo;\u00e9nergie de repos, qui estime votre RMR. Prenez ce nombre avec un grain de sel, cependant. Il est calcul\u00e9 \u00e0 partir de votre \u00e2ge, de votre sexe et de votre poids, c&rsquo;est donc juste une estimation de ce que votre taille serait cens\u00e9e br\u00fbler. <\/p>\n<div class=\"pogoClear relative my-10 border-b-(1.5px) border-t-(1.5px) border-dashed border-black py-5 sm:my-14 sm:border-0 sm:py-0\" data-ga-click data-ga-template=\"Explainers\" data-ga-module=\"openweb_widget\" data-ga-element=\"openweb_scroll\" data-ga-item=\"openweb_scroll_midpage\" x-cloak x-data=\"{ commentsCount: null, hasComments: false }\" x-init=\"commentsCount = await window.openweb.getMessagesCount(116498);\n     hasComments = commentsCount !== null &amp;&amp; commentsCount &gt; 0\"><\/p>\n<div class=\"absolute top-1\/2 hidden w-full -translate-y-1\/2 border-t-(1.5px) border-dashed border-black sm:block\"><\/div>\n<div class=\"relative flex justify-center\">\n<div class=\"flex max-w-max items-center gap-x-3 bg-white px-5\">\n<div class=\"relative\">\n                <span class=\"absolute left-1\/2 top-1\/2 -translate-x-1\/2 -translate-y-1\/2 font-akshar text-sm font-medium text-black\" x-show=\"hasComments\" x-text=\"commentsCount\"><\/span><\/p>\n<p>                <svg class=\"h-8 w-8 text-black\">\n                    <use href=\"http:\/\/lifehacker.com\/images\/icons\/spritemap.svg#sprite-chat-bubble\"><\/use>\n                <\/svg>\n            <\/div>\n<p>            <span class=\"text-sm font-medium text-black\"><\/p>\n<p>                Que pensez-vous jusqu&rsquo;\u00e0 pr\u00e9sent?<br \/>\n                <button class=\"font-semibold text-brand-green underline hover:text-brand-green-700\" onclick=\"window.openweb.scrollToComments('116498')\" x-text=\"hasComments ? 'Post a comment.' : 'Be the first to post a comment.'\"><\/button><br \/>\n            <\/span>\n        <\/div>\n<\/p><\/div>\n<\/div>\n<h2 id=\"why-are-the-active-and-total-calorie-numbers-sometimes-the-same\">Pourquoi les num\u00e9ros de calories actifs et totaux sont-ils parfois les m\u00eames? <\/h2>\n<p>Je vois diff\u00e9rents chiffres pour les calories actives et totales pour les activit\u00e9s que je me suis connect\u00e9e directement \u00e0 l&rsquo;application de fitness Apple Watch. Vous connaissez celui-ci &#8211; c&rsquo;est l&rsquo;ic\u00f4ne jaune verd\u00e2tre avec la petite personne qui coule. <\/p>\n<p>Mais mes calories actives et totales sont les m\u00eames pour les entra\u00eenements enregistr\u00e9s via d&rsquo;autres applications. Entra\u00eenement en force de Whoop? 58 calories actives, 58 au total. Une course de cinq milles avec Strava? 695 actif, 695 total. Ma promenade matinale, ramass\u00e9e par Oura? 68 actif, 68 au total. <\/p>\n<p>Ce n&rsquo;est pas parce que mon m\u00e9tabolisme basal a cess\u00e9 d&rsquo;activer, c&rsquo;est simplement parce que ces applications ne communiquent qu&rsquo;un seul num\u00e9ro \u00e0 Apple sous le nom de calorique. \u00c9tant donn\u00e9 que l&rsquo;application Apple Fitness ne conna\u00eet pas la scission, elle rapporte simplement le m\u00eame nombre aux deux endroits. <\/p>\n<h2 id=\"which-number-should-i-pay-attention-to-active-calories-or-total-calories\">\u00c0 quel num\u00e9ro dois-je pr\u00eater attention, calories actives ou calories totales? <\/h2>\n<p>Question trick! Br\u00fblure calorique, mesur\u00e9e par les appareils portables (<em>n&rsquo;importe lequel<\/em> Les appareils portables, pas seulement l&rsquo;Apple Watch) n&rsquo;est pas toujours fiable. La r\u00e9ponse la plus correcte est donc: non plus. <\/p>\n<p>Mais si vous trouvez utile de suivre la br\u00fblure des calories de votre portable, peut-\u00eatre pour garder un \u0153il sur la quantit\u00e9 de plus que vous devriez manger si cela a \u00e9t\u00e9 une journ\u00e9e \u00e0 haute activit\u00e9, les calories actives sont les plus utiles. Pour revenir \u00e0 l&rsquo;exemple de mon jogging de trois milles, ce jogging a br\u00fbl\u00e9 294 calories <em>sur<\/em> Ce que j&rsquo;aurais br\u00fbl\u00e9 si je n&rsquo;\u00e9tais pas parti sur ce jogging. Donc, si je veux manger suffisamment pour compenser la br\u00fblure suppl\u00e9mentaire, je mangerais le nombre actif de 294 calories, pas le nombre total de 351.<\/p>\n","protected":false},"excerpt":{"rendered":"<p>Et pourquoi ces chiffres sont-ils parfois les m\u00eames? Lorsque vous suivez une activit\u00e9 sur votre Apple Watch, puis acc\u00e9dez \u00e0 l&rsquo;application de fitness pour voir<\/p>\n","protected":false},"author":1,"featured_media":7279,"comment_status":"","ping_status":"","sticky":false,"template":"","format":"standard","meta":{"footnotes":""},"categories":[38],"tags":[1621,54,6805,29,2703,1252,734,6806,4],"class_list":["post-7278","post","type-post","status-publish","format-standard","has-post-thumbnail","hentry","category-sante","tag-actives","tag-apple","tag-calories","tag-des","tag-fitness","tag-montre","tag-pourquoi","tag-totales","tag-vous","generate-columns","tablet-grid-50","mobile-grid-100","grid-parent","grid-33"],"yoast_head":"<!-- This site is optimized with the Yoast SEO plugin v24.0 - https:\/\/yoast.com\/wordpress\/plugins\/seo\/ -->\n<title>Pourquoi Apple Fitness vous montre des \u00abcalories totales\u00bb et des \u00abcalories actives\u00bb | Vie Associative<\/title>\n<meta name=\"robots\" content=\"index, follow, max-snippet:-1, max-image-preview:large, max-video-preview:-1\" \/>\n<link rel=\"canonical\" href=\"https:\/\/vieassociative.be\/actualites\/pourquoi-apple-fitness-vous-montre-des-calories-totales-et-des-calories-actives\/\" \/>\n<meta property=\"og:locale\" content=\"fr_FR\" \/>\n<meta property=\"og:type\" content=\"article\" \/>\n<meta property=\"og:title\" content=\"Pourquoi Apple Fitness vous montre des \u00abcalories totales\u00bb et des \u00abcalories actives\u00bb | Vie Associative\" \/>\n<meta property=\"og:description\" content=\"Et pourquoi ces chiffres sont-ils parfois les m\u00eames? Lorsque vous suivez une activit\u00e9 sur votre Apple Watch, puis acc\u00e9dez \u00e0 l&rsquo;application de fitness pour voir\" \/>\n<meta property=\"og:url\" content=\"https:\/\/vieassociative.be\/actualites\/pourquoi-apple-fitness-vous-montre-des-calories-totales-et-des-calories-actives\/\" \/>\n<meta property=\"og:site_name\" content=\"Vie Associative\" \/>\n<meta property=\"article:published_time\" content=\"2025-05-04T04:17:17+00:00\" \/>\n<meta property=\"og:image\" content=\"https:\/\/vieassociative.be\/actualites\/wp-content\/uploads\/2024\/09\/header_backgroundk-01-e1726694325946.png\" \/>\n\t<meta property=\"og:image:width\" content=\"279\" \/>\n\t<meta property=\"og:image:height\" content=\"92\" \/>\n\t<meta property=\"og:image:type\" content=\"image\/png\" \/>\n<meta name=\"author\" content=\"Julien\" \/>\n<meta name=\"twitter:card\" content=\"summary_large_image\" \/>\n<meta name=\"twitter:label1\" content=\"\u00c9crit par\" \/>\n\t<meta name=\"twitter:data1\" content=\"Julien\" \/>\n\t<meta name=\"twitter:label2\" content=\"Dur\u00e9e de lecture est.\" \/>\n\t<meta name=\"twitter:data2\" content=\"5 minutes\" \/>\n<script type=\"application\/ld+json\" class=\"yoast-schema-graph\">{\"@context\":\"https:\/\/schema.org\",\"@graph\":[{\"@type\":\"Article\",\"@id\":\"https:\/\/vieassociative.be\/actualites\/pourquoi-apple-fitness-vous-montre-des-calories-totales-et-des-calories-actives\/#article\",\"isPartOf\":{\"@id\":\"https:\/\/vieassociative.be\/actualites\/pourquoi-apple-fitness-vous-montre-des-calories-totales-et-des-calories-actives\/\"},\"author\":{\"name\":\"Julien\",\"@id\":\"https:\/\/vieassociative.be\/actualites\/#\/schema\/person\/b87ac4f82f9d4e7b7cec7395b679edc4\"},\"headline\":\"Pourquoi Apple Fitness vous montre des \u00abcalories totales\u00bb et des \u00abcalories actives\u00bb\",\"datePublished\":\"2025-05-04T04:17:17+00:00\",\"dateModified\":\"2025-05-04T04:17:17+00:00\",\"mainEntityOfPage\":{\"@id\":\"https:\/\/vieassociative.be\/actualites\/pourquoi-apple-fitness-vous-montre-des-calories-totales-et-des-calories-actives\/\"},\"wordCount\":1020,\"publisher\":{\"@id\":\"https:\/\/vieassociative.be\/actualites\/#organization\"},\"image\":{\"@id\":\"https:\/\/vieassociative.be\/actualites\/pourquoi-apple-fitness-vous-montre-des-calories-totales-et-des-calories-actives\/#primaryimage\"},\"thumbnailUrl\":\"https:\/\/vieassociative.be\/actualites\/wp-content\/uploads\/2025\/05\/Pourquoi-Apple-Fitness-vous-montre-des-calories-totales-et-des.png\",\"keywords\":[\"actives\",\"Apple\",\"calories\",\"Des\",\"fitness\",\"montre\",\"Pourquoi\",\"totales\",\"Vous\"],\"articleSection\":[\"Sant\u00e9\"],\"inLanguage\":\"fr-BE\"},{\"@type\":\"WebPage\",\"@id\":\"https:\/\/vieassociative.be\/actualites\/pourquoi-apple-fitness-vous-montre-des-calories-totales-et-des-calories-actives\/\",\"url\":\"https:\/\/vieassociative.be\/actualites\/pourquoi-apple-fitness-vous-montre-des-calories-totales-et-des-calories-actives\/\",\"name\":\"Pourquoi Apple Fitness vous montre des \u00abcalories totales\u00bb et des \u00abcalories actives\u00bb | Vie Associative\",\"isPartOf\":{\"@id\":\"https:\/\/vieassociative.be\/actualites\/#website\"},\"primaryImageOfPage\":{\"@id\":\"https:\/\/vieassociative.be\/actualites\/pourquoi-apple-fitness-vous-montre-des-calories-totales-et-des-calories-actives\/#primaryimage\"},\"image\":{\"@id\":\"https:\/\/vieassociative.be\/actualites\/pourquoi-apple-fitness-vous-montre-des-calories-totales-et-des-calories-actives\/#primaryimage\"},\"thumbnailUrl\":\"https:\/\/vieassociative.be\/actualites\/wp-content\/uploads\/2025\/05\/Pourquoi-Apple-Fitness-vous-montre-des-calories-totales-et-des.png\",\"datePublished\":\"2025-05-04T04:17:17+00:00\",\"dateModified\":\"2025-05-04T04:17:17+00:00\",\"breadcrumb\":{\"@id\":\"https:\/\/vieassociative.be\/actualites\/pourquoi-apple-fitness-vous-montre-des-calories-totales-et-des-calories-actives\/#breadcrumb\"},\"inLanguage\":\"fr-BE\",\"potentialAction\":[{\"@type\":\"ReadAction\",\"target\":[\"https:\/\/vieassociative.be\/actualites\/pourquoi-apple-fitness-vous-montre-des-calories-totales-et-des-calories-actives\/\"]}]},{\"@type\":\"ImageObject\",\"inLanguage\":\"fr-BE\",\"@id\":\"https:\/\/vieassociative.be\/actualites\/pourquoi-apple-fitness-vous-montre-des-calories-totales-et-des-calories-actives\/#primaryimage\",\"url\":\"https:\/\/vieassociative.be\/actualites\/wp-content\/uploads\/2025\/05\/Pourquoi-Apple-Fitness-vous-montre-des-calories-totales-et-des.png\",\"contentUrl\":\"https:\/\/vieassociative.be\/actualites\/wp-content\/uploads\/2025\/05\/Pourquoi-Apple-Fitness-vous-montre-des-calories-totales-et-des.png\",\"width\":1200,\"height\":675,\"caption\":\"Pourquoi Apple Fitness vous montre des \u00abcalories totales\u00bb et des \u00abcalories actives\u00bb\"},{\"@type\":\"BreadcrumbList\",\"@id\":\"https:\/\/vieassociative.be\/actualites\/pourquoi-apple-fitness-vous-montre-des-calories-totales-et-des-calories-actives\/#breadcrumb\",\"itemListElement\":[{\"@type\":\"ListItem\",\"position\":1,\"name\":\"Accueil\",\"item\":\"https:\/\/vieassociative.be\/actualites\/\"},{\"@type\":\"ListItem\",\"position\":2,\"name\":\"Pourquoi Apple Fitness vous montre des \u00abcalories totales\u00bb et des \u00abcalories actives\u00bb\"}]},{\"@type\":\"WebSite\",\"@id\":\"https:\/\/vieassociative.be\/actualites\/#website\",\"url\":\"https:\/\/vieassociative.be\/actualites\/\",\"name\":\"Vie Associative\",\"description\":\"\",\"publisher\":{\"@id\":\"https:\/\/vieassociative.be\/actualites\/#organization\"},\"potentialAction\":[{\"@type\":\"SearchAction\",\"target\":{\"@type\":\"EntryPoint\",\"urlTemplate\":\"https:\/\/vieassociative.be\/actualites\/?s={search_term_string}\"},\"query-input\":{\"@type\":\"PropertyValueSpecification\",\"valueRequired\":true,\"valueName\":\"search_term_string\"}}],\"inLanguage\":\"fr-BE\"},{\"@type\":\"Organization\",\"@id\":\"https:\/\/vieassociative.be\/actualites\/#organization\",\"name\":\"Vie Associative\",\"url\":\"https:\/\/vieassociative.be\/actualites\/\",\"logo\":{\"@type\":\"ImageObject\",\"inLanguage\":\"fr-BE\",\"@id\":\"https:\/\/vieassociative.be\/actualites\/#\/schema\/logo\/image\/\",\"url\":\"https:\/\/vieassociative.be\/actualites\/wp-content\/uploads\/2024\/09\/cropped-vieassociative_favicon.ico.png\",\"contentUrl\":\"https:\/\/vieassociative.be\/actualites\/wp-content\/uploads\/2024\/09\/cropped-vieassociative_favicon.ico.png\",\"width\":512,\"height\":512,\"caption\":\"Vie Associative\"},\"image\":{\"@id\":\"https:\/\/vieassociative.be\/actualites\/#\/schema\/logo\/image\/\"}},{\"@type\":\"Person\",\"@id\":\"https:\/\/vieassociative.be\/actualites\/#\/schema\/person\/b87ac4f82f9d4e7b7cec7395b679edc4\",\"name\":\"Julien\",\"image\":{\"@type\":\"ImageObject\",\"inLanguage\":\"fr-BE\",\"@id\":\"https:\/\/vieassociative.be\/actualites\/#\/schema\/person\/image\/\",\"url\":\"https:\/\/vieassociative.be\/actualites\/wp-content\/uploads\/2024\/09\/vie-associative-1-150x150.jpg\",\"contentUrl\":\"https:\/\/vieassociative.be\/actualites\/wp-content\/uploads\/2024\/09\/vie-associative-1-150x150.jpg\",\"caption\":\"Julien\"},\"description\":\"Je suis Julien, r\u00e9dacteur pour Vie Associative. Passionn\u00e9 par le monde associatif depuis plus de 10 ans, j'ai \u00e0 c\u0153ur de partager des histoires inspirantes et de mettre en lumi\u00e8re les initiatives locales. Mon objectif est de sensibiliser et d'encourager l'engagement communautaire \u00e0 travers mes articles.\",\"sameAs\":[\"https:\/\/vieassociative.be\/\"]}]}<\/script>\n<!-- \/ Yoast SEO plugin. -->","yoast_head_json":{"title":"Pourquoi Apple Fitness vous montre des \u00abcalories totales\u00bb et des \u00abcalories actives\u00bb | Vie Associative","robots":{"index":"index","follow":"follow","max-snippet":"max-snippet:-1","max-image-preview":"max-image-preview:large","max-video-preview":"max-video-preview:-1"},"canonical":"https:\/\/vieassociative.be\/actualites\/pourquoi-apple-fitness-vous-montre-des-calories-totales-et-des-calories-actives\/","og_locale":"fr_FR","og_type":"article","og_title":"Pourquoi Apple Fitness vous montre des \u00abcalories totales\u00bb et des \u00abcalories actives\u00bb | Vie Associative","og_description":"Et pourquoi ces chiffres sont-ils parfois les m\u00eames? Lorsque vous suivez une activit\u00e9 sur votre Apple Watch, puis acc\u00e9dez \u00e0 l&rsquo;application de fitness pour voir","og_url":"https:\/\/vieassociative.be\/actualites\/pourquoi-apple-fitness-vous-montre-des-calories-totales-et-des-calories-actives\/","og_site_name":"Vie Associative","article_published_time":"2025-05-04T04:17:17+00:00","og_image":[{"width":279,"height":92,"url":"https:\/\/vieassociative.be\/actualites\/wp-content\/uploads\/2024\/09\/header_backgroundk-01-e1726694325946.png","type":"image\/png"}],"author":"Julien","twitter_card":"summary_large_image","twitter_misc":{"\u00c9crit par":"Julien","Dur\u00e9e de lecture est.":"5 minutes"},"schema":{"@context":"https:\/\/schema.org","@graph":[{"@type":"Article","@id":"https:\/\/vieassociative.be\/actualites\/pourquoi-apple-fitness-vous-montre-des-calories-totales-et-des-calories-actives\/#article","isPartOf":{"@id":"https:\/\/vieassociative.be\/actualites\/pourquoi-apple-fitness-vous-montre-des-calories-totales-et-des-calories-actives\/"},"author":{"name":"Julien","@id":"https:\/\/vieassociative.be\/actualites\/#\/schema\/person\/b87ac4f82f9d4e7b7cec7395b679edc4"},"headline":"Pourquoi Apple Fitness vous montre des \u00abcalories totales\u00bb et des \u00abcalories actives\u00bb","datePublished":"2025-05-04T04:17:17+00:00","dateModified":"2025-05-04T04:17:17+00:00","mainEntityOfPage":{"@id":"https:\/\/vieassociative.be\/actualites\/pourquoi-apple-fitness-vous-montre-des-calories-totales-et-des-calories-actives\/"},"wordCount":1020,"publisher":{"@id":"https:\/\/vieassociative.be\/actualites\/#organization"},"image":{"@id":"https:\/\/vieassociative.be\/actualites\/pourquoi-apple-fitness-vous-montre-des-calories-totales-et-des-calories-actives\/#primaryimage"},"thumbnailUrl":"https:\/\/vieassociative.be\/actualites\/wp-content\/uploads\/2025\/05\/Pourquoi-Apple-Fitness-vous-montre-des-calories-totales-et-des.png","keywords":["actives","Apple","calories","Des","fitness","montre","Pourquoi","totales","Vous"],"articleSection":["Sant\u00e9"],"inLanguage":"fr-BE"},{"@type":"WebPage","@id":"https:\/\/vieassociative.be\/actualites\/pourquoi-apple-fitness-vous-montre-des-calories-totales-et-des-calories-actives\/","url":"https:\/\/vieassociative.be\/actualites\/pourquoi-apple-fitness-vous-montre-des-calories-totales-et-des-calories-actives\/","name":"Pourquoi Apple Fitness vous montre des \u00abcalories totales\u00bb et des \u00abcalories actives\u00bb | Vie Associative","isPartOf":{"@id":"https:\/\/vieassociative.be\/actualites\/#website"},"primaryImageOfPage":{"@id":"https:\/\/vieassociative.be\/actualites\/pourquoi-apple-fitness-vous-montre-des-calories-totales-et-des-calories-actives\/#primaryimage"},"image":{"@id":"https:\/\/vieassociative.be\/actualites\/pourquoi-apple-fitness-vous-montre-des-calories-totales-et-des-calories-actives\/#primaryimage"},"thumbnailUrl":"https:\/\/vieassociative.be\/actualites\/wp-content\/uploads\/2025\/05\/Pourquoi-Apple-Fitness-vous-montre-des-calories-totales-et-des.png","datePublished":"2025-05-04T04:17:17+00:00","dateModified":"2025-05-04T04:17:17+00:00","breadcrumb":{"@id":"https:\/\/vieassociative.be\/actualites\/pourquoi-apple-fitness-vous-montre-des-calories-totales-et-des-calories-actives\/#breadcrumb"},"inLanguage":"fr-BE","potentialAction":[{"@type":"ReadAction","target":["https:\/\/vieassociative.be\/actualites\/pourquoi-apple-fitness-vous-montre-des-calories-totales-et-des-calories-actives\/"]}]},{"@type":"ImageObject","inLanguage":"fr-BE","@id":"https:\/\/vieassociative.be\/actualites\/pourquoi-apple-fitness-vous-montre-des-calories-totales-et-des-calories-actives\/#primaryimage","url":"https:\/\/vieassociative.be\/actualites\/wp-content\/uploads\/2025\/05\/Pourquoi-Apple-Fitness-vous-montre-des-calories-totales-et-des.png","contentUrl":"https:\/\/vieassociative.be\/actualites\/wp-content\/uploads\/2025\/05\/Pourquoi-Apple-Fitness-vous-montre-des-calories-totales-et-des.png","width":1200,"height":675,"caption":"Pourquoi Apple Fitness vous montre des \u00abcalories totales\u00bb et des \u00abcalories actives\u00bb"},{"@type":"BreadcrumbList","@id":"https:\/\/vieassociative.be\/actualites\/pourquoi-apple-fitness-vous-montre-des-calories-totales-et-des-calories-actives\/#breadcrumb","itemListElement":[{"@type":"ListItem","position":1,"name":"Accueil","item":"https:\/\/vieassociative.be\/actualites\/"},{"@type":"ListItem","position":2,"name":"Pourquoi Apple Fitness vous montre des \u00abcalories totales\u00bb et des \u00abcalories actives\u00bb"}]},{"@type":"WebSite","@id":"https:\/\/vieassociative.be\/actualites\/#website","url":"https:\/\/vieassociative.be\/actualites\/","name":"Vie Associative","description":"","publisher":{"@id":"https:\/\/vieassociative.be\/actualites\/#organization"},"potentialAction":[{"@type":"SearchAction","target":{"@type":"EntryPoint","urlTemplate":"https:\/\/vieassociative.be\/actualites\/?s={search_term_string}"},"query-input":{"@type":"PropertyValueSpecification","valueRequired":true,"valueName":"search_term_string"}}],"inLanguage":"fr-BE"},{"@type":"Organization","@id":"https:\/\/vieassociative.be\/actualites\/#organization","name":"Vie Associative","url":"https:\/\/vieassociative.be\/actualites\/","logo":{"@type":"ImageObject","inLanguage":"fr-BE","@id":"https:\/\/vieassociative.be\/actualites\/#\/schema\/logo\/image\/","url":"https:\/\/vieassociative.be\/actualites\/wp-content\/uploads\/2024\/09\/cropped-vieassociative_favicon.ico.png","contentUrl":"https:\/\/vieassociative.be\/actualites\/wp-content\/uploads\/2024\/09\/cropped-vieassociative_favicon.ico.png","width":512,"height":512,"caption":"Vie Associative"},"image":{"@id":"https:\/\/vieassociative.be\/actualites\/#\/schema\/logo\/image\/"}},{"@type":"Person","@id":"https:\/\/vieassociative.be\/actualites\/#\/schema\/person\/b87ac4f82f9d4e7b7cec7395b679edc4","name":"Julien","image":{"@type":"ImageObject","inLanguage":"fr-BE","@id":"https:\/\/vieassociative.be\/actualites\/#\/schema\/person\/image\/","url":"https:\/\/vieassociative.be\/actualites\/wp-content\/uploads\/2024\/09\/vie-associative-1-150x150.jpg","contentUrl":"https:\/\/vieassociative.be\/actualites\/wp-content\/uploads\/2024\/09\/vie-associative-1-150x150.jpg","caption":"Julien"},"description":"Je suis Julien, r\u00e9dacteur pour Vie Associative. Passionn\u00e9 par le monde associatif depuis plus de 10 ans, j'ai \u00e0 c\u0153ur de partager des histoires inspirantes et de mettre en lumi\u00e8re les initiatives locales. Mon objectif est de sensibiliser et d'encourager l'engagement communautaire \u00e0 travers mes articles.","sameAs":["https:\/\/vieassociative.be\/"]}]}},"_links":{"self":[{"href":"https:\/\/vieassociative.be\/actualites\/wp-json\/wp\/v2\/posts\/7278"}],"collection":[{"href":"https:\/\/vieassociative.be\/actualites\/wp-json\/wp\/v2\/posts"}],"about":[{"href":"https:\/\/vieassociative.be\/actualites\/wp-json\/wp\/v2\/types\/post"}],"author":[{"embeddable":true,"href":"https:\/\/vieassociative.be\/actualites\/wp-json\/wp\/v2\/users\/1"}],"replies":[{"embeddable":true,"href":"https:\/\/vieassociative.be\/actualites\/wp-json\/wp\/v2\/comments?post=7278"}],"version-history":[{"count":0,"href":"https:\/\/vieassociative.be\/actualites\/wp-json\/wp\/v2\/posts\/7278\/revisions"}],"wp:featuredmedia":[{"embeddable":true,"href":"https:\/\/vieassociative.be\/actualites\/wp-json\/wp\/v2\/media\/7279"}],"wp:attachment":[{"href":"https:\/\/vieassociative.be\/actualites\/wp-json\/wp\/v2\/media?parent=7278"}],"wp:term":[{"taxonomy":"category","embeddable":true,"href":"https:\/\/vieassociative.be\/actualites\/wp-json\/wp\/v2\/categories?post=7278"},{"taxonomy":"post_tag","embeddable":true,"href":"https:\/\/vieassociative.be\/actualites\/wp-json\/wp\/v2\/tags?post=7278"}],"curies":[{"name":"wp","href":"https:\/\/api.w.org\/{rel}","templated":true}]}}