{"id":7276,"date":"2025-05-04T04:18:19","date_gmt":"2025-05-04T02:18:19","guid":{"rendered":"https:\/\/vieassociative.be\/actualites\/union-apres-une-victoire-1-0-contre-genk-sur-le-cours-du-titre\/"},"modified":"2025-05-04T04:18:19","modified_gmt":"2025-05-04T02:18:19","slug":"union-apres-une-victoire-1-0-contre-genk-sur-le-cours-du-titre","status":"publish","type":"post","link":"https:\/\/vieassociative.be\/actualites\/union-apres-une-victoire-1-0-contre-genk-sur-le-cours-du-titre\/","title":{"rendered":"Union apr\u00e8s une victoire 1-0 contre Genk sur le cours du titre"},"content":{"rendered":"<p><strong>L&rsquo;Union Saint-Gilloie s&rsquo;est rapproch\u00e9e de son premier titre de champion apr\u00e8s 90 ans. Samedi soir, les Bruxelles ont vaincu le KRC Genk avec un but du chef de la d\u00e9fense Christian Burgess 1-0 et restent donc les leaders trois jours avant la fin.<\/strong><\/p>\n<p><span id=\"more-414780\"><\/span>Le syndicat a poursuivi son record (presque) sans faille. Apr\u00e8s le match nul contre le FC Bruges, les Bruxelles ont gagn\u00e9 \u00e0 domicile contre le Genk KRC. Ce faisant, ils ont remport\u00e9 la premi\u00e8re place que le Br\u00fcgger avait temporairement pris contre AA Gand en remportant les Flandre.<\/p>\n<p>Dans l&rsquo;ensemble, le syndicat a domin\u00e9 l&rsquo;action et a b\u00e9n\u00e9fici\u00e9 des erreurs des invit\u00e9s, qui, cependant, n&rsquo;ont pas pu utiliser une \u00e9norme opportunit\u00e9 gr\u00e2ce \u00e0 Heynen dans la phase initiale. Apr\u00e8s un flanc de Steuckers, le Genker Captain a pris le ballon devant Moris et a tir\u00e9 le cuir sur le but \u00e0 une courte distance.<\/p>\n<div id=\"attachment_350200\" class=\"wp-caption alignleft\" style=\"max-width: 300px\"><img fetchpriority=\"high\" decoding=\"async\" class=\"wp-image-350200 size-medium\" src=\"https:\/\/vieassociative.be\/actualites\/wp-content\/uploads\/2025\/05\/Union-apres-une-victoire-1-0-contre-Genk-sur-le-cours.jpeg\" alt=\"\" width=\"300\" height=\"203\"  ><\/p>\n<p class=\"wp-caption-text\">Le capitaine de Genk, Bryan Heynen, aurait pu donner aux invit\u00e9s en t\u00eate tr\u00e8s t\u00f4t, mais n&rsquo;a pas pu saisir la grande occasion. Photo: Belga<\/p>\n<\/div>\n<p>\u00c0 la 19e minute, Niang d&rsquo;El Ouahdi a \u00e9t\u00e9 r\u00e9p\u00e9t\u00e9 dans la zone g\u00e9n\u00e9rale de la r\u00e9gion. L&rsquo;arbitre a donn\u00e9 une peine. Cependant, David n&rsquo;a pas pu saisir cette grande occasion, car les gardiens de but Penders ont tenu le ballon.<\/p>\n<p>Le premier trimestre d&rsquo;une heure a \u00e9t\u00e9 domin\u00e9 par Genk avant que les h\u00f4tes ne se r\u00e9veillent. Apr\u00e8s la p\u00e9nalit\u00e9 de tir, c&rsquo;est Ivanovic qui aurait pu prendre les devants pour Saint-Gilloise. Cependant, le Croate a \u00e9chou\u00e9 en raison des pendents.<\/p>\n<p>En seconde p\u00e9riode, les unionistes ont continu\u00e9 sans tomber dans l&rsquo;agitation. Apr\u00e8s la p\u00e9nalit\u00e9, ils ont \u00e9galement b\u00e9n\u00e9fici\u00e9 du rejet du Bangoura, qui a vol\u00e9 le terrain apr\u00e8s un deuxi\u00e8me carton jaune &#8211; une d\u00e9cision logique qui devrait avoir des cons\u00e9quences tr\u00e8s rapidement. Parce que juste un quart d&rsquo;heure plus tard, les propri\u00e9taires de lieux ont pris les devants par Burgess. Le 1-0 \u00e9tait \u00e9galement le score final.<\/p>\n<p>Gr\u00e2ce \u00e0 cette victoire, Union continue d&rsquo;avoir son sort entre ses mains. Genk est maintenant \u00e0 six points derri\u00e8re le leader et cinq points derri\u00e8re FC Bruges.<\/p>\n<p>Avec trois victoires \u00e0 Anderlecht et Anvers et lors de la derni\u00e8re journ\u00e9e contre AA Gent, l&rsquo;\u00e9quipe de l&rsquo;entra\u00eeneur S\u00e9bastien Pocognoli aurait atteint leur objectif. Ensuite, l&rsquo;Union Saint-Gilloise remporterait enfin le titre qui lui a \u00e9t\u00e9 refus\u00e9 depuis pr\u00e8s de trois ans. (Cre)<\/p>\n","protected":false},"excerpt":{"rendered":"<p>L&rsquo;Union Saint-Gilloie s&rsquo;est rapproch\u00e9e de son premier titre de champion apr\u00e8s 90 ans. Samedi soir, les Bruxelles ont vaincu le KRC Genk avec un but<\/p>\n","protected":false},"author":1,"featured_media":7277,"comment_status":"","ping_status":"","sticky":false,"template":"","format":"standard","meta":{"footnotes":""},"categories":[298],"tags":[472,796,335,932,33,2504,110,4627,784],"class_list":["post-7276","post","type-post","status-publish","format-standard","has-post-thumbnail","hentry","category-belgique","tag-apres","tag-contre","tag-cours","tag-genk","tag-sur","tag-titre","tag-une","tag-union","tag-victoire","generate-columns","tablet-grid-50","mobile-grid-100","grid-parent","grid-33"],"yoast_head":"<!-- This site is optimized with the Yoast SEO plugin v24.0 - https:\/\/yoast.com\/wordpress\/plugins\/seo\/ -->\n<title>Union apr\u00e8s une victoire 1-0 contre Genk sur le cours du titre | Vie Associative<\/title>\n<meta name=\"robots\" content=\"index, follow, max-snippet:-1, max-image-preview:large, max-video-preview:-1\" \/>\n<link rel=\"canonical\" href=\"https:\/\/vieassociative.be\/actualites\/union-apres-une-victoire-1-0-contre-genk-sur-le-cours-du-titre\/\" \/>\n<meta property=\"og:locale\" content=\"fr_FR\" \/>\n<meta property=\"og:type\" content=\"article\" \/>\n<meta property=\"og:title\" content=\"Union apr\u00e8s une victoire 1-0 contre Genk sur le cours du titre | Vie Associative\" \/>\n<meta property=\"og:description\" content=\"L&rsquo;Union Saint-Gilloie s&rsquo;est rapproch\u00e9e de son premier titre de champion apr\u00e8s 90 ans. Samedi soir, les Bruxelles ont vaincu le KRC Genk avec un but\" \/>\n<meta property=\"og:url\" content=\"https:\/\/vieassociative.be\/actualites\/union-apres-une-victoire-1-0-contre-genk-sur-le-cours-du-titre\/\" \/>\n<meta property=\"og:site_name\" content=\"Vie Associative\" \/>\n<meta property=\"article:published_time\" content=\"2025-05-04T02:18:19+00:00\" \/>\n<meta property=\"og:image\" content=\"https:\/\/vieassociative.be\/actualites\/wp-content\/uploads\/2024\/09\/header_backgroundk-01-e1726694325946.png\" \/>\n\t<meta property=\"og:image:width\" content=\"279\" \/>\n\t<meta property=\"og:image:height\" content=\"92\" \/>\n\t<meta property=\"og:image:type\" content=\"image\/png\" \/>\n<meta name=\"author\" content=\"Julien\" \/>\n<meta name=\"twitter:card\" content=\"summary_large_image\" \/>\n<meta name=\"twitter:label1\" content=\"\u00c9crit par\" \/>\n\t<meta name=\"twitter:data1\" content=\"Julien\" \/>\n\t<meta name=\"twitter:label2\" content=\"Dur\u00e9e de lecture est.\" \/>\n\t<meta name=\"twitter:data2\" content=\"2 minutes\" \/>\n<script type=\"application\/ld+json\" class=\"yoast-schema-graph\">{\"@context\":\"https:\/\/schema.org\",\"@graph\":[{\"@type\":\"Article\",\"@id\":\"https:\/\/vieassociative.be\/actualites\/union-apres-une-victoire-1-0-contre-genk-sur-le-cours-du-titre\/#article\",\"isPartOf\":{\"@id\":\"https:\/\/vieassociative.be\/actualites\/union-apres-une-victoire-1-0-contre-genk-sur-le-cours-du-titre\/\"},\"author\":{\"name\":\"Julien\",\"@id\":\"https:\/\/vieassociative.be\/actualites\/#\/schema\/person\/b87ac4f82f9d4e7b7cec7395b679edc4\"},\"headline\":\"Union apr\u00e8s une victoire 1-0 contre Genk sur le cours du titre\",\"datePublished\":\"2025-05-04T02:18:19+00:00\",\"dateModified\":\"2025-05-04T02:18:19+00:00\",\"mainEntityOfPage\":{\"@id\":\"https:\/\/vieassociative.be\/actualites\/union-apres-une-victoire-1-0-contre-genk-sur-le-cours-du-titre\/\"},\"wordCount\":457,\"publisher\":{\"@id\":\"https:\/\/vieassociative.be\/actualites\/#organization\"},\"image\":{\"@id\":\"https:\/\/vieassociative.be\/actualites\/union-apres-une-victoire-1-0-contre-genk-sur-le-cours-du-titre\/#primaryimage\"},\"thumbnailUrl\":\"https:\/\/vieassociative.be\/actualites\/wp-content\/uploads\/2025\/05\/Union-apres-une-victoire-1-0-contre-Genk-sur-le-cours.jpg\",\"keywords\":[\"Apr\u00e8s\",\"contre\",\"cours\",\"Genk\",\"sur\",\"titre\",\"une\",\"Union\",\"victoire\"],\"articleSection\":[\"Belgique\"],\"inLanguage\":\"fr-BE\"},{\"@type\":\"WebPage\",\"@id\":\"https:\/\/vieassociative.be\/actualites\/union-apres-une-victoire-1-0-contre-genk-sur-le-cours-du-titre\/\",\"url\":\"https:\/\/vieassociative.be\/actualites\/union-apres-une-victoire-1-0-contre-genk-sur-le-cours-du-titre\/\",\"name\":\"Union apr\u00e8s une victoire 1-0 contre Genk sur le cours du titre | Vie Associative\",\"isPartOf\":{\"@id\":\"https:\/\/vieassociative.be\/actualites\/#website\"},\"primaryImageOfPage\":{\"@id\":\"https:\/\/vieassociative.be\/actualites\/union-apres-une-victoire-1-0-contre-genk-sur-le-cours-du-titre\/#primaryimage\"},\"image\":{\"@id\":\"https:\/\/vieassociative.be\/actualites\/union-apres-une-victoire-1-0-contre-genk-sur-le-cours-du-titre\/#primaryimage\"},\"thumbnailUrl\":\"https:\/\/vieassociative.be\/actualites\/wp-content\/uploads\/2025\/05\/Union-apres-une-victoire-1-0-contre-Genk-sur-le-cours.jpg\",\"datePublished\":\"2025-05-04T02:18:19+00:00\",\"dateModified\":\"2025-05-04T02:18:19+00:00\",\"breadcrumb\":{\"@id\":\"https:\/\/vieassociative.be\/actualites\/union-apres-une-victoire-1-0-contre-genk-sur-le-cours-du-titre\/#breadcrumb\"},\"inLanguage\":\"fr-BE\",\"potentialAction\":[{\"@type\":\"ReadAction\",\"target\":[\"https:\/\/vieassociative.be\/actualites\/union-apres-une-victoire-1-0-contre-genk-sur-le-cours-du-titre\/\"]}]},{\"@type\":\"ImageObject\",\"inLanguage\":\"fr-BE\",\"@id\":\"https:\/\/vieassociative.be\/actualites\/union-apres-une-victoire-1-0-contre-genk-sur-le-cours-du-titre\/#primaryimage\",\"url\":\"https:\/\/vieassociative.be\/actualites\/wp-content\/uploads\/2025\/05\/Union-apres-une-victoire-1-0-contre-Genk-sur-le-cours.jpg\",\"contentUrl\":\"https:\/\/vieassociative.be\/actualites\/wp-content\/uploads\/2025\/05\/Union-apres-une-victoire-1-0-contre-Genk-sur-le-cours.jpg\",\"width\":1200,\"height\":832,\"caption\":\"Union apr\u00e8s une victoire 1-0 contre Genk sur le cours du titre\"},{\"@type\":\"BreadcrumbList\",\"@id\":\"https:\/\/vieassociative.be\/actualites\/union-apres-une-victoire-1-0-contre-genk-sur-le-cours-du-titre\/#breadcrumb\",\"itemListElement\":[{\"@type\":\"ListItem\",\"position\":1,\"name\":\"Accueil\",\"item\":\"https:\/\/vieassociative.be\/actualites\/\"},{\"@type\":\"ListItem\",\"position\":2,\"name\":\"Union apr\u00e8s une victoire 1-0 contre Genk sur le cours du titre\"}]},{\"@type\":\"WebSite\",\"@id\":\"https:\/\/vieassociative.be\/actualites\/#website\",\"url\":\"https:\/\/vieassociative.be\/actualites\/\",\"name\":\"Vie Associative\",\"description\":\"\",\"publisher\":{\"@id\":\"https:\/\/vieassociative.be\/actualites\/#organization\"},\"potentialAction\":[{\"@type\":\"SearchAction\",\"target\":{\"@type\":\"EntryPoint\",\"urlTemplate\":\"https:\/\/vieassociative.be\/actualites\/?s={search_term_string}\"},\"query-input\":{\"@type\":\"PropertyValueSpecification\",\"valueRequired\":true,\"valueName\":\"search_term_string\"}}],\"inLanguage\":\"fr-BE\"},{\"@type\":\"Organization\",\"@id\":\"https:\/\/vieassociative.be\/actualites\/#organization\",\"name\":\"Vie Associative\",\"url\":\"https:\/\/vieassociative.be\/actualites\/\",\"logo\":{\"@type\":\"ImageObject\",\"inLanguage\":\"fr-BE\",\"@id\":\"https:\/\/vieassociative.be\/actualites\/#\/schema\/logo\/image\/\",\"url\":\"https:\/\/vieassociative.be\/actualites\/wp-content\/uploads\/2024\/09\/cropped-vieassociative_favicon.ico.png\",\"contentUrl\":\"https:\/\/vieassociative.be\/actualites\/wp-content\/uploads\/2024\/09\/cropped-vieassociative_favicon.ico.png\",\"width\":512,\"height\":512,\"caption\":\"Vie Associative\"},\"image\":{\"@id\":\"https:\/\/vieassociative.be\/actualites\/#\/schema\/logo\/image\/\"}},{\"@type\":\"Person\",\"@id\":\"https:\/\/vieassociative.be\/actualites\/#\/schema\/person\/b87ac4f82f9d4e7b7cec7395b679edc4\",\"name\":\"Julien\",\"image\":{\"@type\":\"ImageObject\",\"inLanguage\":\"fr-BE\",\"@id\":\"https:\/\/vieassociative.be\/actualites\/#\/schema\/person\/image\/\",\"url\":\"https:\/\/vieassociative.be\/actualites\/wp-content\/uploads\/2024\/09\/vie-associative-1-150x150.jpg\",\"contentUrl\":\"https:\/\/vieassociative.be\/actualites\/wp-content\/uploads\/2024\/09\/vie-associative-1-150x150.jpg\",\"caption\":\"Julien\"},\"description\":\"Je suis Julien, r\u00e9dacteur pour Vie Associative. Passionn\u00e9 par le monde associatif depuis plus de 10 ans, j'ai \u00e0 c\u0153ur de partager des histoires inspirantes et de mettre en lumi\u00e8re les initiatives locales. Mon objectif est de sensibiliser et d'encourager l'engagement communautaire \u00e0 travers mes articles.\",\"sameAs\":[\"https:\/\/vieassociative.be\/\"]}]}<\/script>\n<!-- \/ Yoast SEO plugin. -->","yoast_head_json":{"title":"Union apr\u00e8s une victoire 1-0 contre Genk sur le cours du titre | Vie Associative","robots":{"index":"index","follow":"follow","max-snippet":"max-snippet:-1","max-image-preview":"max-image-preview:large","max-video-preview":"max-video-preview:-1"},"canonical":"https:\/\/vieassociative.be\/actualites\/union-apres-une-victoire-1-0-contre-genk-sur-le-cours-du-titre\/","og_locale":"fr_FR","og_type":"article","og_title":"Union apr\u00e8s une victoire 1-0 contre Genk sur le cours du titre | Vie Associative","og_description":"L&rsquo;Union Saint-Gilloie s&rsquo;est rapproch\u00e9e de son premier titre de champion apr\u00e8s 90 ans. Samedi soir, les Bruxelles ont vaincu le KRC Genk avec un but","og_url":"https:\/\/vieassociative.be\/actualites\/union-apres-une-victoire-1-0-contre-genk-sur-le-cours-du-titre\/","og_site_name":"Vie Associative","article_published_time":"2025-05-04T02:18:19+00:00","og_image":[{"width":279,"height":92,"url":"https:\/\/vieassociative.be\/actualites\/wp-content\/uploads\/2024\/09\/header_backgroundk-01-e1726694325946.png","type":"image\/png"}],"author":"Julien","twitter_card":"summary_large_image","twitter_misc":{"\u00c9crit par":"Julien","Dur\u00e9e de lecture est.":"2 minutes"},"schema":{"@context":"https:\/\/schema.org","@graph":[{"@type":"Article","@id":"https:\/\/vieassociative.be\/actualites\/union-apres-une-victoire-1-0-contre-genk-sur-le-cours-du-titre\/#article","isPartOf":{"@id":"https:\/\/vieassociative.be\/actualites\/union-apres-une-victoire-1-0-contre-genk-sur-le-cours-du-titre\/"},"author":{"name":"Julien","@id":"https:\/\/vieassociative.be\/actualites\/#\/schema\/person\/b87ac4f82f9d4e7b7cec7395b679edc4"},"headline":"Union apr\u00e8s une victoire 1-0 contre Genk sur le cours du titre","datePublished":"2025-05-04T02:18:19+00:00","dateModified":"2025-05-04T02:18:19+00:00","mainEntityOfPage":{"@id":"https:\/\/vieassociative.be\/actualites\/union-apres-une-victoire-1-0-contre-genk-sur-le-cours-du-titre\/"},"wordCount":457,"publisher":{"@id":"https:\/\/vieassociative.be\/actualites\/#organization"},"image":{"@id":"https:\/\/vieassociative.be\/actualites\/union-apres-une-victoire-1-0-contre-genk-sur-le-cours-du-titre\/#primaryimage"},"thumbnailUrl":"https:\/\/vieassociative.be\/actualites\/wp-content\/uploads\/2025\/05\/Union-apres-une-victoire-1-0-contre-Genk-sur-le-cours.jpg","keywords":["Apr\u00e8s","contre","cours","Genk","sur","titre","une","Union","victoire"],"articleSection":["Belgique"],"inLanguage":"fr-BE"},{"@type":"WebPage","@id":"https:\/\/vieassociative.be\/actualites\/union-apres-une-victoire-1-0-contre-genk-sur-le-cours-du-titre\/","url":"https:\/\/vieassociative.be\/actualites\/union-apres-une-victoire-1-0-contre-genk-sur-le-cours-du-titre\/","name":"Union apr\u00e8s une victoire 1-0 contre Genk sur le cours du titre | Vie Associative","isPartOf":{"@id":"https:\/\/vieassociative.be\/actualites\/#website"},"primaryImageOfPage":{"@id":"https:\/\/vieassociative.be\/actualites\/union-apres-une-victoire-1-0-contre-genk-sur-le-cours-du-titre\/#primaryimage"},"image":{"@id":"https:\/\/vieassociative.be\/actualites\/union-apres-une-victoire-1-0-contre-genk-sur-le-cours-du-titre\/#primaryimage"},"thumbnailUrl":"https:\/\/vieassociative.be\/actualites\/wp-content\/uploads\/2025\/05\/Union-apres-une-victoire-1-0-contre-Genk-sur-le-cours.jpg","datePublished":"2025-05-04T02:18:19+00:00","dateModified":"2025-05-04T02:18:19+00:00","breadcrumb":{"@id":"https:\/\/vieassociative.be\/actualites\/union-apres-une-victoire-1-0-contre-genk-sur-le-cours-du-titre\/#breadcrumb"},"inLanguage":"fr-BE","potentialAction":[{"@type":"ReadAction","target":["https:\/\/vieassociative.be\/actualites\/union-apres-une-victoire-1-0-contre-genk-sur-le-cours-du-titre\/"]}]},{"@type":"ImageObject","inLanguage":"fr-BE","@id":"https:\/\/vieassociative.be\/actualites\/union-apres-une-victoire-1-0-contre-genk-sur-le-cours-du-titre\/#primaryimage","url":"https:\/\/vieassociative.be\/actualites\/wp-content\/uploads\/2025\/05\/Union-apres-une-victoire-1-0-contre-Genk-sur-le-cours.jpg","contentUrl":"https:\/\/vieassociative.be\/actualites\/wp-content\/uploads\/2025\/05\/Union-apres-une-victoire-1-0-contre-Genk-sur-le-cours.jpg","width":1200,"height":832,"caption":"Union apr\u00e8s une victoire 1-0 contre Genk sur le cours du titre"},{"@type":"BreadcrumbList","@id":"https:\/\/vieassociative.be\/actualites\/union-apres-une-victoire-1-0-contre-genk-sur-le-cours-du-titre\/#breadcrumb","itemListElement":[{"@type":"ListItem","position":1,"name":"Accueil","item":"https:\/\/vieassociative.be\/actualites\/"},{"@type":"ListItem","position":2,"name":"Union apr\u00e8s une victoire 1-0 contre Genk sur le cours du titre"}]},{"@type":"WebSite","@id":"https:\/\/vieassociative.be\/actualites\/#website","url":"https:\/\/vieassociative.be\/actualites\/","name":"Vie Associative","description":"","publisher":{"@id":"https:\/\/vieassociative.be\/actualites\/#organization"},"potentialAction":[{"@type":"SearchAction","target":{"@type":"EntryPoint","urlTemplate":"https:\/\/vieassociative.be\/actualites\/?s={search_term_string}"},"query-input":{"@type":"PropertyValueSpecification","valueRequired":true,"valueName":"search_term_string"}}],"inLanguage":"fr-BE"},{"@type":"Organization","@id":"https:\/\/vieassociative.be\/actualites\/#organization","name":"Vie Associative","url":"https:\/\/vieassociative.be\/actualites\/","logo":{"@type":"ImageObject","inLanguage":"fr-BE","@id":"https:\/\/vieassociative.be\/actualites\/#\/schema\/logo\/image\/","url":"https:\/\/vieassociative.be\/actualites\/wp-content\/uploads\/2024\/09\/cropped-vieassociative_favicon.ico.png","contentUrl":"https:\/\/vieassociative.be\/actualites\/wp-content\/uploads\/2024\/09\/cropped-vieassociative_favicon.ico.png","width":512,"height":512,"caption":"Vie Associative"},"image":{"@id":"https:\/\/vieassociative.be\/actualites\/#\/schema\/logo\/image\/"}},{"@type":"Person","@id":"https:\/\/vieassociative.be\/actualites\/#\/schema\/person\/b87ac4f82f9d4e7b7cec7395b679edc4","name":"Julien","image":{"@type":"ImageObject","inLanguage":"fr-BE","@id":"https:\/\/vieassociative.be\/actualites\/#\/schema\/person\/image\/","url":"https:\/\/vieassociative.be\/actualites\/wp-content\/uploads\/2024\/09\/vie-associative-1-150x150.jpg","contentUrl":"https:\/\/vieassociative.be\/actualites\/wp-content\/uploads\/2024\/09\/vie-associative-1-150x150.jpg","caption":"Julien"},"description":"Je suis Julien, r\u00e9dacteur pour Vie Associative. Passionn\u00e9 par le monde associatif depuis plus de 10 ans, j'ai \u00e0 c\u0153ur de partager des histoires inspirantes et de mettre en lumi\u00e8re les initiatives locales. Mon objectif est de sensibiliser et d'encourager l'engagement communautaire \u00e0 travers mes articles.","sameAs":["https:\/\/vieassociative.be\/"]}]}},"_links":{"self":[{"href":"https:\/\/vieassociative.be\/actualites\/wp-json\/wp\/v2\/posts\/7276"}],"collection":[{"href":"https:\/\/vieassociative.be\/actualites\/wp-json\/wp\/v2\/posts"}],"about":[{"href":"https:\/\/vieassociative.be\/actualites\/wp-json\/wp\/v2\/types\/post"}],"author":[{"embeddable":true,"href":"https:\/\/vieassociative.be\/actualites\/wp-json\/wp\/v2\/users\/1"}],"replies":[{"embeddable":true,"href":"https:\/\/vieassociative.be\/actualites\/wp-json\/wp\/v2\/comments?post=7276"}],"version-history":[{"count":0,"href":"https:\/\/vieassociative.be\/actualites\/wp-json\/wp\/v2\/posts\/7276\/revisions"}],"wp:featuredmedia":[{"embeddable":true,"href":"https:\/\/vieassociative.be\/actualites\/wp-json\/wp\/v2\/media\/7277"}],"wp:attachment":[{"href":"https:\/\/vieassociative.be\/actualites\/wp-json\/wp\/v2\/media?parent=7276"}],"wp:term":[{"taxonomy":"category","embeddable":true,"href":"https:\/\/vieassociative.be\/actualites\/wp-json\/wp\/v2\/categories?post=7276"},{"taxonomy":"post_tag","embeddable":true,"href":"https:\/\/vieassociative.be\/actualites\/wp-json\/wp\/v2\/tags?post=7276"}],"curies":[{"name":"wp","href":"https:\/\/api.w.org\/{rel}","templated":true}]}}