{"id":7274,"date":"2025-05-04T03:17:24","date_gmt":"2025-05-04T01:17:24","guid":{"rendered":"https:\/\/vieassociative.be\/actualites\/je-ne-peux-pas-arreter-de-faire-ce-pain-au-fromage-bresilien\/"},"modified":"2025-05-04T03:17:24","modified_gmt":"2025-05-04T01:17:24","slug":"je-ne-peux-pas-arreter-de-faire-ce-pain-au-fromage-bresilien","status":"publish","type":"post","link":"https:\/\/vieassociative.be\/actualites\/je-ne-peux-pas-arreter-de-faire-ce-pain-au-fromage-bresilien\/","title":{"rendered":"Je ne peux pas arr\u00eater de faire ce pain au fromage br\u00e9silien"},"content":{"rendered":"<div class=\"mt-4 leading-6 md:mb-8\">Si vous avez besoin de pain extensible et moelleux du fromage et que vous en avez besoin maintenant, essayez l&rsquo;une de ces m\u00e9thodes rapides.<\/div>\n<p><\/p>\n<p>Le fromage et les glucides n&rsquo;ont jamais \u00e9t\u00e9 une vente difficile, mais si vous avez d\u00e9j\u00e0 eu une bouch\u00e9e extensible et \u00e9lastique de P\u00e3o de Queijo (une bouff\u00e9e de pain au fromage br\u00e9silien), vous savez que cette combinaison simple peut monter \u00e0 nouveau sur de nouveaux sommets. C&rsquo;est la bouff\u00e9e de fromage le plus compl\u00e8tement extensible que vous ayez jamais connue. Si tu <em>pas<\/em> Avait le plaisir de noser sur P\u00e3o de Queijo, alors nous devons changer cela. Heureusement, cela ne n\u00e9cessite que six ingr\u00e9dients et avec l&rsquo;aide d&rsquo;un m\u00e9langeur de m\u00e9langeur ou de stand, c&rsquo;est presque sans effort. <\/p>\n<h2 id=\"what-is-pao-de-queijo\">Qu&rsquo;est-ce que P\u00e3o de Queijo?<\/h2>\n<p>Alors que de nombreux pays d&rsquo;Am\u00e9rique du Sud ont une version d&rsquo;un pain au fromage, P\u00e3o de Queijo est originaire du Br\u00e9sil. Cette d\u00e9licieuse collation doit son centre gommeux extensible \u00e0 la farine de tapioca, un amidon fabriqu\u00e9 \u00e0 partir de la racine de manioc. Le fromage offre \u00e9galement son propre \u00e9tirement, mais je trouve qu&rsquo;il joue un r\u00f4le plus important en tant qu&rsquo;ingr\u00e9dient aromatisant principal. Ainsi, l&rsquo;utilisation d&rsquo;un fromage puissant avec beaucoup de saveurs porte ses fruits \u00e0 la fin. Ajoutez un peu d&rsquo;oeuf, d&rsquo;huile et de lait et vous \u00eates sur votre chemin.<\/p>\n<p>J&rsquo;ai d&rsquo;abord eu P\u00e3o de Queijo dans un restaurant br\u00e9silien \u00e0 Brooklyn, o\u00f9 nous avons rapidement \u00e9t\u00e9 fournis avec un panier de boules de p\u00e2tisserie mouchet\u00e9es brun dor\u00e9es sur la taille d&rsquo;un grand \u0153uf. Mon amie a arr\u00eat\u00e9 la conversation et a attir\u00e9 mon attention sur le pain parce que c&rsquo;\u00e9tait la raison pour laquelle elle m&rsquo;a amen\u00e9 l\u00e0-bas. Apr\u00e8s en avoir enlev\u00e9 un en deux &#8211; qui a pris un long moment, en raison du tron\u00e7on de ringard sans fin &#8211; j&rsquo;ai compris pourquoi nous avions interrompu notre discussion. Ce P\u00e3o de Queijo moelleux, sal\u00e9, croustillant mais doux exige toute votre attention et le m\u00e9rite. <\/p>\n<p>Quelques ann\u00e9es plus tard, j&rsquo;ai eu le plaisir distinct de manger P\u00e3o de Queijo au Br\u00e9sil. Il n&rsquo;est pas rare de les prendre avec le petit d\u00e9jeuner ou pour un caf\u00e9 pour servir quelques sph\u00e8res dor\u00e9es aux c\u00f4t\u00e9s de votre caf\u00e9. Ceux que j&rsquo;ai mang\u00e9es au Br\u00e9sil sont fabriqu\u00e9s dans des tailles frustrantes par rapport \u00e0 la taille de mon app\u00e9tit pour eux, mais tout le monde n&rsquo;est pas un monstre de fromage comme je suis. Et chez moi, je peux les agrandir. <\/p>\n<p>Il existe deux m\u00e9thodes diff\u00e9rentes que j&rsquo;ai utilis\u00e9es pour fabriquer P\u00e3o de Queijo: une version Blender et une version de m\u00e9langeur stand. (Si vous n&rsquo;avez pas encore rejoint le Stand Mixer Club, voici ce qu&rsquo;il faut chercher lorsque vous en achetez un.) Les deux recettes sont d\u00e9licieuses, donc au lieu de choisir pour vous, je les ai fournis tous les deux.  <\/p>\n<h2 id=\"pao-de-queijo-in-your-blender\">P\u00e3o de Queijo dans votre m\u00e9langeur<\/h2>\n<p>Ce style de P\u00e3o de Queijo ressemble plus \u00e0 une p\u00e2te. C&rsquo;est extr\u00eamement simple: j&rsquo;ajoute simplement tous les ingr\u00e9dients \u00e0 mon vitamix, mais vous pouvez \u00e9galement utiliser n&rsquo;importe quel autre m\u00e9langeur. (Si vous avez besoin d&rsquo;un nouveau m\u00e9langeur fantaisie, celui-ci a presque chang\u00e9 ma vie.) Le four s&rsquo;occupe du reste. Il est pr\u00e9f\u00e9rable d&rsquo;utiliser une casserole \u00e0 cupcakes (ou une mini po\u00eale \u00e0 cupcakes) pour fa\u00e7onner les bouff\u00e9es. J&rsquo;ai utilis\u00e9 cette recette \u00e0 l&rsquo;arri\u00e8re du paquet de farine Tapioca rouge du Bob&rsquo;s Red Mill. J&rsquo;ai pris la libert\u00e9 d&rsquo;ajouter du fromage suppl\u00e9mentaire avant la cuisson et j&rsquo;ai inclus cela ici.<\/p>\n<p>Ingr\u00e9dients:<\/p>\n<ul>\n<li>\n<p>1 \u0153uf<\/p>\n<\/li>\n<li>\n<p>\u00bc tasse d&rsquo;huile d&rsquo;olive <\/p>\n<\/li>\n<li>\n<p>\u2154 Tasse de lait<\/p>\n<\/li>\n<li>\n<p>1 \u00bd tasse de farine de tapioca<\/p>\n<\/li>\n<li>\n<p>\u00bd tasse de cheddar r\u00e2p\u00e9 au cheddar, plus suppl\u00e9mentaire pour la garniture<\/p>\n<\/li>\n<li>\n<p>\u00bd cuill\u00e8re \u00e0 caf\u00e9 de sel<\/p>\n<\/li>\n<\/ul>\n<h3>1. D\u00e9charge de m\u00e9langeur<\/h3>\n<p>Beurrer une po\u00eale \u00e0 cupcakes, ou mini-carter \u00e0 cupcakes et pr\u00e9chauffer le four \u00e0 400 \u00b0 F. Ajoutez tous les ingr\u00e9dients \u00e0 un m\u00e9langeur. M\u00e9langer \u00e0 basse vitesse pour \u00abattraper\u00bb tous les ingr\u00e9dients et augmenter lentement la vitesse. Arr\u00eatez le m\u00e9langeur et grattez les c\u00f4t\u00e9s si vous voyez qu&rsquo;une farine de tapioca est coinc\u00e9e. M\u00e9langer \u00e0 nouveau si n\u00e9cessaire.<\/p>\n<h3>2. Cuire<\/h3>\n<p>Versez le contenu du m\u00e9langeur dans les tasses graiss\u00e9es d&rsquo;une po\u00eale \u00e0 cupcakes, ou mini po\u00eale \u00e0 cupcakes. Je ne les remplit qu&rsquo;\u00e0 mi-chemin \u00e0 trois quarts pleins. Ensuite, garnissez-les chacun avec une pinc\u00e9e de fromage suppl\u00e9mentaire. Cuire-les pendant environ 20 minutes, ou jusqu&rsquo;\u00e0 ce qu&rsquo;il soit gonfl\u00e9 et que le fromage soit dor\u00e9.<\/p>\n<div class=\"pogoClear relative my-10 border-b-(1.5px) border-t-(1.5px) border-dashed border-black py-5 sm:my-14 sm:border-0 sm:py-0\" data-ga-click data-ga-template=\"Hacks\" data-ga-module=\"openweb_widget\" data-ga-element=\"openweb_scroll\" data-ga-item=\"openweb_scroll_midpage\" x-cloak x-data=\"{ commentsCount: null, hasComments: false }\" x-init=\"commentsCount = await window.openweb.getMessagesCount(01JT90DXECQV5Q35T18WYPF1KW);\n     hasComments = commentsCount !== null &amp;&amp; commentsCount &gt; 0\"><\/p>\n<div class=\"absolute top-1\/2 hidden w-full -translate-y-1\/2 border-t-(1.5px) border-dashed border-black sm:block\"><\/div>\n<div class=\"relative flex justify-center\">\n<div class=\"flex max-w-max items-center gap-x-3 bg-white px-5\">\n<div class=\"relative\">\n                <span class=\"absolute left-1\/2 top-1\/2 -translate-x-1\/2 -translate-y-1\/2 font-akshar text-sm font-medium text-black\" x-show=\"hasComments\" x-text=\"commentsCount\"><\/span><\/p>\n<p>                <svg class=\"h-8 w-8 text-black\">\n                    <use href=\"http:\/\/lifehacker.com\/images\/icons\/spritemap.svg#sprite-chat-bubble\"><\/use>\n                <\/svg>\n            <\/div>\n<p>            <span class=\"text-sm font-medium text-black\"><\/p>\n<p>                Que pensez-vous jusqu&rsquo;\u00e0 pr\u00e9sent?<br \/>\n                <button class=\"font-semibold text-brand-green underline hover:text-brand-green-700\" onclick=\"window.openweb.scrollToComments('01JT90DXECQV5Q35T18WYPF1KW')\" x-text=\"hasComments ? 'Post a comment.' : 'Be the first to post a comment.'\"><\/button><br \/>\n            <\/span>\n        <\/div>\n<\/p><\/div>\n<\/div>\n<h2 id=\"pao-de-queijo-in-your-stand-mixer\">P\u00e3o de Queijo dans votre m\u00e9langeur de stand<\/h2>\n<div class=\"eloquent-imagery-image\">\n<div class=\"flex justify-center\">\n                    <img decoding=\"async\" class=\"border border-gray-100\" src=\"https:\/\/vieassociative.be\/actualites\/wp-content\/uploads\/2025\/05\/Je-ne-peux-pas-arreter-de-faire-ce-pain-au.jpg\" alt=\"Une p\u00e2te \u00e0 pain l\u00e9g\u00e8re dans un bol de batteur sur socle.\" width=\"2000\" height=\"1124\" loading=\"lazy\"  >\n            <\/div>\n<\/p><\/div>\n<p>J&rsquo;ai utilis\u00e9 cette recette de Tudogostoso qui se retrouve avec plus d&rsquo;une consistance de p\u00e2te partiellement en raison du chauffage du tapioca avec du lait chaud et de l&rsquo;huile avant qu&rsquo;il ne passe dans le four. <\/p>\n<p>Ingr\u00e9dients:<\/p>\n<ul>\n<li>\n<p>500 grammes de la farine de tapioca (j&rsquo;ai utilis\u00e9 tout le sac de la farine de tapioca \u00e0 moulin rouge de Bob)<\/p>\n<\/li>\n<li>\n<p>1 cuill\u00e8re \u00e0 soupe de sel<\/p>\n<\/li>\n<li>\n<p>250 ml de lait (un peu plus de 1 tasse)<\/p>\n<\/li>\n<li>\n<p>1 \u00e0 2 \u0153ufs (le deuxi\u00e8me \u0153uf n&rsquo;est que si n\u00e9cessaire)<\/p>\n<\/li>\n<li>\n<p>Fromage r\u00e2p\u00e9 de 12 onces (j&rsquo;ai utilis\u00e9 un m\u00e9lange mozzarella, parmesan et cheddar)<\/p>\n<\/li>\n<\/ul>\n<h3>1. Ingr\u00e9dients secs et humides <\/h3>\n<p>Tapisser une plaque \u00e0 p\u00e2tisserie de papier parchemin. Pr\u00e9chauffer le four \u00e0 350 \u00b0 F. Ajouter la farine de tapioca et le sel dans le bol d&rsquo;un batteur sur socle. Dans une casserole ou une casserole, ajouter le lait et l&rsquo;huile. Chauffer le m\u00e9lange liquide sur le milieu jusqu&rsquo;\u00e0 ce qu&rsquo;il commence \u00e0 bouillonner sur les bords. <\/p>\n<h3>2. M\u00e9langer la p\u00e2te<\/h3>\n<p>Ajoutez une fixation de la pagaie et tournez le m\u00e9langeur \u00e0 la vitesse la plus basse. Versez le m\u00e9lange d&rsquo;huile chaude et de lait \u00e0 la fois avec le m\u00e9langeur en marche. M\u00e9langer jusqu&rsquo;\u00e0 consistance uniform\u00e9ment et la texture est coh\u00e9rente et sableuse. Ajouter un \u0153uf et le fromage. Si la p\u00e2te est s\u00e8che, ajoutez l&rsquo;autre \u0153uf. Cela devrait ressembler \u00e0 une p\u00e2te \u00e0 biscuits douce. M\u00e9langer jusqu&rsquo;\u00e0 ce que la p\u00e2te soit homog\u00e8ne et \u00e9paisse. <\/p>\n<h3>3. Formez les balles<\/h3>\n<div class=\"eloquent-imagery-image\">\n<div class=\"flex justify-center\">\n                    <img decoding=\"async\" class=\"border border-gray-100\" src=\"https:\/\/vieassociative.be\/actualites\/wp-content\/uploads\/2025\/05\/1746321444_845_Je-ne-peux-pas-arreter-de-faire-ce-pain-au.jpg\" alt=\"Un plateau en feuille plein de boules de p\u00e2te.\" width=\"2000\" height=\"1124\" loading=\"lazy\"  >\n            <\/div>\n<\/p><\/div>\n<p>Formez la p\u00e2te en boules de 1 pouce. J&rsquo;ai ramass\u00e9 la p\u00e2te sur une plaque \u00e0 p\u00e2tisserie doubl\u00e9e de parchemin, puis je les ai roul\u00e9s dans mes paumes pour lisser la forme. Donnez-leur un pouce d&rsquo;espace entre chaque balle et faites-les cuire dans un four de 350 \u00b0 F jusqu&rsquo;\u00e0 ce qu&rsquo;il soit compl\u00e8tement gonfl\u00e9 et l\u00e9g\u00e8rement dor\u00e9 sur le fond, environ 20 \u00e0 25 minutes. Profitez d&rsquo;un chaud. <\/p>\n","protected":false},"excerpt":{"rendered":"<p>Si vous avez besoin de pain extensible et moelleux du fromage et que vous en avez besoin maintenant, essayez l&rsquo;une de ces m\u00e9thodes rapides. Le<\/p>\n","protected":false},"author":1,"featured_media":7275,"comment_status":"","ping_status":"","sticky":false,"template":"","format":"standard","meta":{"footnotes":""},"categories":[1],"tags":[1575,6804,127,1368,319,126,6341],"class_list":["post-7274","post","type-post","status-publish","format-standard","has-post-thumbnail","hentry","category-non-classe","tag-arreter","tag-bresilien","tag-faire","tag-fromage","tag-pain","tag-pas","tag-peux","generate-columns","tablet-grid-50","mobile-grid-100","grid-parent","grid-33"],"yoast_head":"<!-- This site is optimized with the Yoast SEO plugin v24.0 - https:\/\/yoast.com\/wordpress\/plugins\/seo\/ -->\n<title>Je ne peux pas arr\u00eater de faire ce pain au fromage br\u00e9silien | Vie Associative<\/title>\n<meta name=\"robots\" content=\"index, follow, max-snippet:-1, max-image-preview:large, max-video-preview:-1\" \/>\n<link rel=\"canonical\" href=\"https:\/\/vieassociative.be\/actualites\/je-ne-peux-pas-arreter-de-faire-ce-pain-au-fromage-bresilien\/\" \/>\n<meta property=\"og:locale\" content=\"fr_FR\" \/>\n<meta property=\"og:type\" content=\"article\" \/>\n<meta property=\"og:title\" content=\"Je ne peux pas arr\u00eater de faire ce pain au fromage br\u00e9silien | Vie Associative\" \/>\n<meta property=\"og:description\" content=\"Si vous avez besoin de pain extensible et moelleux du fromage et que vous en avez besoin maintenant, essayez l&rsquo;une de ces m\u00e9thodes rapides. Le\" \/>\n<meta property=\"og:url\" content=\"https:\/\/vieassociative.be\/actualites\/je-ne-peux-pas-arreter-de-faire-ce-pain-au-fromage-bresilien\/\" \/>\n<meta property=\"og:site_name\" content=\"Vie Associative\" \/>\n<meta property=\"article:published_time\" content=\"2025-05-04T01:17:24+00:00\" \/>\n<meta property=\"og:image\" content=\"https:\/\/vieassociative.be\/actualites\/wp-content\/uploads\/2025\/05\/Je-ne-peux-pas-arreter-de-faire-ce-pain-au.jpg\" \/>\n<meta name=\"author\" content=\"Julien\" \/>\n<meta name=\"twitter:card\" content=\"summary_large_image\" \/>\n<meta name=\"twitter:label1\" content=\"\u00c9crit par\" \/>\n\t<meta name=\"twitter:data1\" content=\"Julien\" \/>\n\t<meta name=\"twitter:label2\" content=\"Dur\u00e9e de lecture est.\" \/>\n\t<meta name=\"twitter:data2\" content=\"6 minutes\" \/>\n<script type=\"application\/ld+json\" class=\"yoast-schema-graph\">{\"@context\":\"https:\/\/schema.org\",\"@graph\":[{\"@type\":\"Article\",\"@id\":\"https:\/\/vieassociative.be\/actualites\/je-ne-peux-pas-arreter-de-faire-ce-pain-au-fromage-bresilien\/#article\",\"isPartOf\":{\"@id\":\"https:\/\/vieassociative.be\/actualites\/je-ne-peux-pas-arreter-de-faire-ce-pain-au-fromage-bresilien\/\"},\"author\":{\"name\":\"Julien\",\"@id\":\"https:\/\/vieassociative.be\/actualites\/#\/schema\/person\/b87ac4f82f9d4e7b7cec7395b679edc4\"},\"headline\":\"Je ne peux pas arr\u00eater de faire ce pain au fromage br\u00e9silien\",\"datePublished\":\"2025-05-04T01:17:24+00:00\",\"dateModified\":\"2025-05-04T01:17:24+00:00\",\"mainEntityOfPage\":{\"@id\":\"https:\/\/vieassociative.be\/actualites\/je-ne-peux-pas-arreter-de-faire-ce-pain-au-fromage-bresilien\/\"},\"wordCount\":1198,\"publisher\":{\"@id\":\"https:\/\/vieassociative.be\/actualites\/#organization\"},\"image\":{\"@id\":\"https:\/\/vieassociative.be\/actualites\/je-ne-peux-pas-arreter-de-faire-ce-pain-au-fromage-bresilien\/#primaryimage\"},\"thumbnailUrl\":\"https:\/\/vieassociative.be\/actualites\/wp-content\/uploads\/2025\/05\/1746321445_Je-ne-peux-pas-arreter-de-faire-ce-pain-au.jpg\",\"keywords\":[\"arr\u00eater\",\"br\u00e9silien\",\"faire\",\"fromage\",\"pain\",\"pas\",\"peux\"],\"inLanguage\":\"fr-BE\"},{\"@type\":\"WebPage\",\"@id\":\"https:\/\/vieassociative.be\/actualites\/je-ne-peux-pas-arreter-de-faire-ce-pain-au-fromage-bresilien\/\",\"url\":\"https:\/\/vieassociative.be\/actualites\/je-ne-peux-pas-arreter-de-faire-ce-pain-au-fromage-bresilien\/\",\"name\":\"Je ne peux pas arr\u00eater de faire ce pain au fromage br\u00e9silien | Vie Associative\",\"isPartOf\":{\"@id\":\"https:\/\/vieassociative.be\/actualites\/#website\"},\"primaryImageOfPage\":{\"@id\":\"https:\/\/vieassociative.be\/actualites\/je-ne-peux-pas-arreter-de-faire-ce-pain-au-fromage-bresilien\/#primaryimage\"},\"image\":{\"@id\":\"https:\/\/vieassociative.be\/actualites\/je-ne-peux-pas-arreter-de-faire-ce-pain-au-fromage-bresilien\/#primaryimage\"},\"thumbnailUrl\":\"https:\/\/vieassociative.be\/actualites\/wp-content\/uploads\/2025\/05\/1746321445_Je-ne-peux-pas-arreter-de-faire-ce-pain-au.jpg\",\"datePublished\":\"2025-05-04T01:17:24+00:00\",\"dateModified\":\"2025-05-04T01:17:24+00:00\",\"breadcrumb\":{\"@id\":\"https:\/\/vieassociative.be\/actualites\/je-ne-peux-pas-arreter-de-faire-ce-pain-au-fromage-bresilien\/#breadcrumb\"},\"inLanguage\":\"fr-BE\",\"potentialAction\":[{\"@type\":\"ReadAction\",\"target\":[\"https:\/\/vieassociative.be\/actualites\/je-ne-peux-pas-arreter-de-faire-ce-pain-au-fromage-bresilien\/\"]}]},{\"@type\":\"ImageObject\",\"inLanguage\":\"fr-BE\",\"@id\":\"https:\/\/vieassociative.be\/actualites\/je-ne-peux-pas-arreter-de-faire-ce-pain-au-fromage-bresilien\/#primaryimage\",\"url\":\"https:\/\/vieassociative.be\/actualites\/wp-content\/uploads\/2025\/05\/1746321445_Je-ne-peux-pas-arreter-de-faire-ce-pain-au.jpg\",\"contentUrl\":\"https:\/\/vieassociative.be\/actualites\/wp-content\/uploads\/2025\/05\/1746321445_Je-ne-peux-pas-arreter-de-faire-ce-pain-au.jpg\",\"width\":1200,\"height\":675,\"caption\":\"Je ne peux pas arr\u00eater de faire ce pain au fromage br\u00e9silien\"},{\"@type\":\"BreadcrumbList\",\"@id\":\"https:\/\/vieassociative.be\/actualites\/je-ne-peux-pas-arreter-de-faire-ce-pain-au-fromage-bresilien\/#breadcrumb\",\"itemListElement\":[{\"@type\":\"ListItem\",\"position\":1,\"name\":\"Accueil\",\"item\":\"https:\/\/vieassociative.be\/actualites\/\"},{\"@type\":\"ListItem\",\"position\":2,\"name\":\"Je ne peux pas arr\u00eater de faire ce pain au fromage br\u00e9silien\"}]},{\"@type\":\"WebSite\",\"@id\":\"https:\/\/vieassociative.be\/actualites\/#website\",\"url\":\"https:\/\/vieassociative.be\/actualites\/\",\"name\":\"Vie Associative\",\"description\":\"\",\"publisher\":{\"@id\":\"https:\/\/vieassociative.be\/actualites\/#organization\"},\"potentialAction\":[{\"@type\":\"SearchAction\",\"target\":{\"@type\":\"EntryPoint\",\"urlTemplate\":\"https:\/\/vieassociative.be\/actualites\/?s={search_term_string}\"},\"query-input\":{\"@type\":\"PropertyValueSpecification\",\"valueRequired\":true,\"valueName\":\"search_term_string\"}}],\"inLanguage\":\"fr-BE\"},{\"@type\":\"Organization\",\"@id\":\"https:\/\/vieassociative.be\/actualites\/#organization\",\"name\":\"Vie Associative\",\"url\":\"https:\/\/vieassociative.be\/actualites\/\",\"logo\":{\"@type\":\"ImageObject\",\"inLanguage\":\"fr-BE\",\"@id\":\"https:\/\/vieassociative.be\/actualites\/#\/schema\/logo\/image\/\",\"url\":\"https:\/\/vieassociative.be\/actualites\/wp-content\/uploads\/2024\/09\/cropped-vieassociative_favicon.ico.png\",\"contentUrl\":\"https:\/\/vieassociative.be\/actualites\/wp-content\/uploads\/2024\/09\/cropped-vieassociative_favicon.ico.png\",\"width\":512,\"height\":512,\"caption\":\"Vie Associative\"},\"image\":{\"@id\":\"https:\/\/vieassociative.be\/actualites\/#\/schema\/logo\/image\/\"}},{\"@type\":\"Person\",\"@id\":\"https:\/\/vieassociative.be\/actualites\/#\/schema\/person\/b87ac4f82f9d4e7b7cec7395b679edc4\",\"name\":\"Julien\",\"image\":{\"@type\":\"ImageObject\",\"inLanguage\":\"fr-BE\",\"@id\":\"https:\/\/vieassociative.be\/actualites\/#\/schema\/person\/image\/\",\"url\":\"https:\/\/vieassociative.be\/actualites\/wp-content\/uploads\/2024\/09\/vie-associative-1-150x150.jpg\",\"contentUrl\":\"https:\/\/vieassociative.be\/actualites\/wp-content\/uploads\/2024\/09\/vie-associative-1-150x150.jpg\",\"caption\":\"Julien\"},\"description\":\"Je suis Julien, r\u00e9dacteur pour Vie Associative. Passionn\u00e9 par le monde associatif depuis plus de 10 ans, j'ai \u00e0 c\u0153ur de partager des histoires inspirantes et de mettre en lumi\u00e8re les initiatives locales. Mon objectif est de sensibiliser et d'encourager l'engagement communautaire \u00e0 travers mes articles.\",\"sameAs\":[\"https:\/\/vieassociative.be\/\"]}]}<\/script>\n<!-- \/ Yoast SEO plugin. -->","yoast_head_json":{"title":"Je ne peux pas arr\u00eater de faire ce pain au fromage br\u00e9silien | Vie Associative","robots":{"index":"index","follow":"follow","max-snippet":"max-snippet:-1","max-image-preview":"max-image-preview:large","max-video-preview":"max-video-preview:-1"},"canonical":"https:\/\/vieassociative.be\/actualites\/je-ne-peux-pas-arreter-de-faire-ce-pain-au-fromage-bresilien\/","og_locale":"fr_FR","og_type":"article","og_title":"Je ne peux pas arr\u00eater de faire ce pain au fromage br\u00e9silien | Vie Associative","og_description":"Si vous avez besoin de pain extensible et moelleux du fromage et que vous en avez besoin maintenant, essayez l&rsquo;une de ces m\u00e9thodes rapides. Le","og_url":"https:\/\/vieassociative.be\/actualites\/je-ne-peux-pas-arreter-de-faire-ce-pain-au-fromage-bresilien\/","og_site_name":"Vie Associative","article_published_time":"2025-05-04T01:17:24+00:00","og_image":[{"url":"https:\/\/vieassociative.be\/actualites\/wp-content\/uploads\/2025\/05\/Je-ne-peux-pas-arreter-de-faire-ce-pain-au.jpg","type":"","width":"","height":""}],"author":"Julien","twitter_card":"summary_large_image","twitter_misc":{"\u00c9crit par":"Julien","Dur\u00e9e de lecture est.":"6 minutes"},"schema":{"@context":"https:\/\/schema.org","@graph":[{"@type":"Article","@id":"https:\/\/vieassociative.be\/actualites\/je-ne-peux-pas-arreter-de-faire-ce-pain-au-fromage-bresilien\/#article","isPartOf":{"@id":"https:\/\/vieassociative.be\/actualites\/je-ne-peux-pas-arreter-de-faire-ce-pain-au-fromage-bresilien\/"},"author":{"name":"Julien","@id":"https:\/\/vieassociative.be\/actualites\/#\/schema\/person\/b87ac4f82f9d4e7b7cec7395b679edc4"},"headline":"Je ne peux pas arr\u00eater de faire ce pain au fromage br\u00e9silien","datePublished":"2025-05-04T01:17:24+00:00","dateModified":"2025-05-04T01:17:24+00:00","mainEntityOfPage":{"@id":"https:\/\/vieassociative.be\/actualites\/je-ne-peux-pas-arreter-de-faire-ce-pain-au-fromage-bresilien\/"},"wordCount":1198,"publisher":{"@id":"https:\/\/vieassociative.be\/actualites\/#organization"},"image":{"@id":"https:\/\/vieassociative.be\/actualites\/je-ne-peux-pas-arreter-de-faire-ce-pain-au-fromage-bresilien\/#primaryimage"},"thumbnailUrl":"https:\/\/vieassociative.be\/actualites\/wp-content\/uploads\/2025\/05\/1746321445_Je-ne-peux-pas-arreter-de-faire-ce-pain-au.jpg","keywords":["arr\u00eater","br\u00e9silien","faire","fromage","pain","pas","peux"],"inLanguage":"fr-BE"},{"@type":"WebPage","@id":"https:\/\/vieassociative.be\/actualites\/je-ne-peux-pas-arreter-de-faire-ce-pain-au-fromage-bresilien\/","url":"https:\/\/vieassociative.be\/actualites\/je-ne-peux-pas-arreter-de-faire-ce-pain-au-fromage-bresilien\/","name":"Je ne peux pas arr\u00eater de faire ce pain au fromage br\u00e9silien | Vie Associative","isPartOf":{"@id":"https:\/\/vieassociative.be\/actualites\/#website"},"primaryImageOfPage":{"@id":"https:\/\/vieassociative.be\/actualites\/je-ne-peux-pas-arreter-de-faire-ce-pain-au-fromage-bresilien\/#primaryimage"},"image":{"@id":"https:\/\/vieassociative.be\/actualites\/je-ne-peux-pas-arreter-de-faire-ce-pain-au-fromage-bresilien\/#primaryimage"},"thumbnailUrl":"https:\/\/vieassociative.be\/actualites\/wp-content\/uploads\/2025\/05\/1746321445_Je-ne-peux-pas-arreter-de-faire-ce-pain-au.jpg","datePublished":"2025-05-04T01:17:24+00:00","dateModified":"2025-05-04T01:17:24+00:00","breadcrumb":{"@id":"https:\/\/vieassociative.be\/actualites\/je-ne-peux-pas-arreter-de-faire-ce-pain-au-fromage-bresilien\/#breadcrumb"},"inLanguage":"fr-BE","potentialAction":[{"@type":"ReadAction","target":["https:\/\/vieassociative.be\/actualites\/je-ne-peux-pas-arreter-de-faire-ce-pain-au-fromage-bresilien\/"]}]},{"@type":"ImageObject","inLanguage":"fr-BE","@id":"https:\/\/vieassociative.be\/actualites\/je-ne-peux-pas-arreter-de-faire-ce-pain-au-fromage-bresilien\/#primaryimage","url":"https:\/\/vieassociative.be\/actualites\/wp-content\/uploads\/2025\/05\/1746321445_Je-ne-peux-pas-arreter-de-faire-ce-pain-au.jpg","contentUrl":"https:\/\/vieassociative.be\/actualites\/wp-content\/uploads\/2025\/05\/1746321445_Je-ne-peux-pas-arreter-de-faire-ce-pain-au.jpg","width":1200,"height":675,"caption":"Je ne peux pas arr\u00eater de faire ce pain au fromage br\u00e9silien"},{"@type":"BreadcrumbList","@id":"https:\/\/vieassociative.be\/actualites\/je-ne-peux-pas-arreter-de-faire-ce-pain-au-fromage-bresilien\/#breadcrumb","itemListElement":[{"@type":"ListItem","position":1,"name":"Accueil","item":"https:\/\/vieassociative.be\/actualites\/"},{"@type":"ListItem","position":2,"name":"Je ne peux pas arr\u00eater de faire ce pain au fromage br\u00e9silien"}]},{"@type":"WebSite","@id":"https:\/\/vieassociative.be\/actualites\/#website","url":"https:\/\/vieassociative.be\/actualites\/","name":"Vie Associative","description":"","publisher":{"@id":"https:\/\/vieassociative.be\/actualites\/#organization"},"potentialAction":[{"@type":"SearchAction","target":{"@type":"EntryPoint","urlTemplate":"https:\/\/vieassociative.be\/actualites\/?s={search_term_string}"},"query-input":{"@type":"PropertyValueSpecification","valueRequired":true,"valueName":"search_term_string"}}],"inLanguage":"fr-BE"},{"@type":"Organization","@id":"https:\/\/vieassociative.be\/actualites\/#organization","name":"Vie Associative","url":"https:\/\/vieassociative.be\/actualites\/","logo":{"@type":"ImageObject","inLanguage":"fr-BE","@id":"https:\/\/vieassociative.be\/actualites\/#\/schema\/logo\/image\/","url":"https:\/\/vieassociative.be\/actualites\/wp-content\/uploads\/2024\/09\/cropped-vieassociative_favicon.ico.png","contentUrl":"https:\/\/vieassociative.be\/actualites\/wp-content\/uploads\/2024\/09\/cropped-vieassociative_favicon.ico.png","width":512,"height":512,"caption":"Vie Associative"},"image":{"@id":"https:\/\/vieassociative.be\/actualites\/#\/schema\/logo\/image\/"}},{"@type":"Person","@id":"https:\/\/vieassociative.be\/actualites\/#\/schema\/person\/b87ac4f82f9d4e7b7cec7395b679edc4","name":"Julien","image":{"@type":"ImageObject","inLanguage":"fr-BE","@id":"https:\/\/vieassociative.be\/actualites\/#\/schema\/person\/image\/","url":"https:\/\/vieassociative.be\/actualites\/wp-content\/uploads\/2024\/09\/vie-associative-1-150x150.jpg","contentUrl":"https:\/\/vieassociative.be\/actualites\/wp-content\/uploads\/2024\/09\/vie-associative-1-150x150.jpg","caption":"Julien"},"description":"Je suis Julien, r\u00e9dacteur pour Vie Associative. Passionn\u00e9 par le monde associatif depuis plus de 10 ans, j'ai \u00e0 c\u0153ur de partager des histoires inspirantes et de mettre en lumi\u00e8re les initiatives locales. Mon objectif est de sensibiliser et d'encourager l'engagement communautaire \u00e0 travers mes articles.","sameAs":["https:\/\/vieassociative.be\/"]}]}},"_links":{"self":[{"href":"https:\/\/vieassociative.be\/actualites\/wp-json\/wp\/v2\/posts\/7274"}],"collection":[{"href":"https:\/\/vieassociative.be\/actualites\/wp-json\/wp\/v2\/posts"}],"about":[{"href":"https:\/\/vieassociative.be\/actualites\/wp-json\/wp\/v2\/types\/post"}],"author":[{"embeddable":true,"href":"https:\/\/vieassociative.be\/actualites\/wp-json\/wp\/v2\/users\/1"}],"replies":[{"embeddable":true,"href":"https:\/\/vieassociative.be\/actualites\/wp-json\/wp\/v2\/comments?post=7274"}],"version-history":[{"count":0,"href":"https:\/\/vieassociative.be\/actualites\/wp-json\/wp\/v2\/posts\/7274\/revisions"}],"wp:featuredmedia":[{"embeddable":true,"href":"https:\/\/vieassociative.be\/actualites\/wp-json\/wp\/v2\/media\/7275"}],"wp:attachment":[{"href":"https:\/\/vieassociative.be\/actualites\/wp-json\/wp\/v2\/media?parent=7274"}],"wp:term":[{"taxonomy":"category","embeddable":true,"href":"https:\/\/vieassociative.be\/actualites\/wp-json\/wp\/v2\/categories?post=7274"},{"taxonomy":"post_tag","embeddable":true,"href":"https:\/\/vieassociative.be\/actualites\/wp-json\/wp\/v2\/tags?post=7274"}],"curies":[{"name":"wp","href":"https:\/\/api.w.org\/{rel}","templated":true}]}}