{"id":727,"date":"2024-10-01T13:23:32","date_gmt":"2024-10-01T11:23:32","guid":{"rendered":"https:\/\/vieassociative.be\/actualites\/ces-choux-aux-pommes-et-au-miel-sont-une-collation-facile-et-festive\/"},"modified":"2024-10-01T13:23:32","modified_gmt":"2024-10-01T11:23:32","slug":"ces-choux-aux-pommes-et-au-miel-sont-une-collation-facile-et-festive","status":"publish","type":"post","link":"https:\/\/vieassociative.be\/actualites\/ces-choux-aux-pommes-et-au-miel-sont-une-collation-facile-et-festive\/","title":{"rendered":"Ces choux aux pommes et au miel sont une collation facile et festive"},"content":{"rendered":"<div class=\"mt-4 leading-6 md:mb-8\">Parfaite pour Rosh Hashanah (ou \u00e0 tout moment, vraiment), cette recette de dessert aux pommes est aussi d\u00e9licieuse que simple.<\/div>\n<p><\/p>\n<p>Vous ne pouvez jamais avoir trop d\u2019options de collations, surtout lorsqu\u2019il s\u2019agit de f\u00eates comme Roch Hachana. Remplacez le g\u00e2teau aux pommes et au miel ou ajoutez quelque chose de nouveau au dessert \u00e0 tartiner, avec des choux aux pommes et au miel. Ces choux sucr\u00e9s sont parfaits pour les r\u00e9unions de famille en raison de leur liste d&rsquo;ingr\u00e9dients simple, de leur pr\u00e9paration en vrac facile et de leur esth\u00e9tique impressionnante, avec une saveur qui se lit comme un c\u00e2lin de pomme doux et chaud.<\/p>\n<h2 id=\"store-bought-puff-pastry-is-easy-and-elegant\">La p\u00e2te feuillet\u00e9e du commerce est facile et \u00e9l\u00e9gante<\/h2>\n<p>Pour r\u00e9aliser ce dessert, vous aurez besoin d&rsquo;un paquet de p\u00e2te feuillet\u00e9e d\u00e9congel\u00e9e du commerce. (Si vous aimez les d\u00e9fis, vous pouvez \u00e9galement pr\u00e9parer des choux aux pommes et au miel avec votre propre p\u00e2te feuillet\u00e9e classique ou votre feuillet\u00e9 rugueux.) Ces deux points m\u00e9ritent d&rsquo;\u00eatre soulign\u00e9s\u00a0: achetez une p\u00e2te feuillet\u00e9e tout beurre si vous en trouvez et d\u00e9congelez-la au pr\u00e9alable. Si vous voyez une bo\u00eete qui ne dit pas \u00ab tout beurre \u00bb sur le devant, il se peut qu&rsquo;elle soit faite de shortening plut\u00f4t que de beurre. Le shortening n\u2019a aucune saveur, ou parfois m\u00eame un peu une saveur d\u2019usine. La p\u00e2te feuillet\u00e9e n&rsquo;est compos\u00e9e que de graisse et de farine. Puisque toute sa saveur vient de la graisse, vous voulez vous assurer qu&rsquo;elle est la plus savoureuse, alors v\u00e9rifiez la liste des ingr\u00e9dients. Cela dit, si vous ne trouvez pas la vari\u00e9t\u00e9 de beurre, la p\u00e2te bris\u00e9e fera l&rsquo;affaire.<\/p>\n<p>La plupart des p\u00e2tes feuillet\u00e9es sont vendues en rouleaux surgel\u00e9s (elles voyagent mieux, se conservent plus longtemps et ne risquent pas de s&rsquo;ab\u00eemer), mais vous ne pourrez rien en faire lorsqu&rsquo;elles sont solides comme le roc, et il n&rsquo;y a pas de moyen rapide de les d\u00e9congeler sans faire fondre la graisse. Suivez les instructions de d\u00e9cong\u00e9lation indiqu\u00e9es sur la bo\u00eete, qui incluent g\u00e9n\u00e9ralement de la laisser sur le comptoir pendant quelques heures, sous surveillance \u00e9troite. V\u00e9rifiez-le p\u00e9riodiquement car vous ne voulez jamais que la p\u00e2te feuillet\u00e9e se r\u00e9chauffe ; il doit toujours \u00eatre froid au toucher. L\u2019autre option, moins risqu\u00e9e, consiste \u00e0 la laisser d\u00e9congeler toute la nuit au r\u00e9frig\u00e9rateur. Je pr\u00e9f\u00e8re cela parce que je sais que cela d\u00e9congelera lentement et en toute s\u00e9curit\u00e9 l\u00e0-dedans, et ne n\u00e9cessite qu&rsquo;un peu de pr\u00e9voyance.<\/p>\n<h2 id=\"how-to-make-honey-apple-puffs\">Comment faire des choux aux pommes et au miel<\/h2>\n<p>Le jour o\u00f9 vous \u00eates pr\u00eat \u00e0 r\u00e9aliser les choux aux pommes, commencez par pr\u00e9parer les pommes. Utilisez des pommes relativement petites. Vous allez les trancher en travers, de sorte que le diam\u00e8tre de la tranche de pomme la plus \u00e9paisse ne doit pas \u00eatre plus grand que le diam\u00e8tre de l&#8217;emporte-pi\u00e8ce circulaire que vous utiliserez pour la p\u00e2te feuillet\u00e9e. \u00c9pluchez les pommes et coupez-les en morceaux de \u00bc de pouce d&rsquo;\u00e9paisseur horizontalement sur toute la largeur de la pomme. Vous verrez le motif en forme d&rsquo;\u00e9toile en forme de fleur de pommier du noyau lorsque vous arriverez au centre. J&rsquo;adore \u00e0 quoi \u00e7a ressemble. Elle est comestible et sa texture est \u00e0 peine plus ferme que le reste de la pomme. Si cela vous d\u00e9pla\u00eet pour une raison quelconque, vous pouvez retirer le centre. Retirez toutes les graines qui pourraient rester coinc\u00e9es dans la tranche.<\/p>\n<div class=\"eloquent-imagery-image\">\n<div class=\"flex justify-center\">\n<img decoding=\"async\" class=\"border border-gray-100\" src=\"https:\/\/vieassociative.be\/actualites\/wp-content\/uploads\/2024\/10\/Ces-choux-aux-pommes-et-au-miel-sont-une-collation.jpg\" alt=\"Un couteau coupant une pomme sur une planche \u00e0 d\u00e9couper.\" width=\"2000\" height=\"1124\" loading=\"lazy\"  >\n<\/div>\n<\/div>\n<p>Faire revenir les pommes dans un peu de beurre pendant environ deux minutes de chaque c\u00f4t\u00e9 \u00e0 feu moyen-doux. Cela garantit que les tranches de pomme sont compl\u00e8tement cuites et les aide \u00e0 conserver leur humidit\u00e9 afin qu&rsquo;elles ne s\u00e8chent pas et ne se transforment pas en cuir de fruit au four. Retirez les pommes du feu, saupoudrez-les d&rsquo;une pinc\u00e9e de cannelle et laissez-les refroidir quelques minutes. Pendant ce temps, d\u00e9roulez votre p\u00e2te feuillet\u00e9e d\u00e9congel\u00e9e mais encore froide sur un plan l\u00e9g\u00e8rement farin\u00e9. D\u00e9coupez des cercles de 2 pouces \u00e0 l&rsquo;aide d&rsquo;un emporte-pi\u00e8ce ou d&rsquo;un emporte-pi\u00e8ce. (Si vous n&rsquo;avez pas d&#8217;emporte-pi\u00e8ces, utilisez un couteau et d\u00e9coupez des carr\u00e9s.) Placez les cercles de p\u00e2te feuillet\u00e9e sur une plaque \u00e0 p\u00e2tisserie tapiss\u00e9e de papier sulfuris\u00e9. Les bouff\u00e9es vont\u2026 gonfler, il est donc pr\u00e9f\u00e9rable de laisser environ un pouce d&rsquo;espace entre les voisins. J&rsquo;ai pu obtenir exactement 12 cercles \u00e0 partir d&rsquo;une feuille de p\u00e2te feuillet\u00e9e Trader Joe. (Congelez les restes ou faites-les cuire au four pour des cro\u00fbtons amusants.)<\/p>\n<div class=\"eloquent-imagery-image\">\n<div class=\"flex justify-center\">\n<img decoding=\"async\" class=\"border border-gray-100\" src=\"https:\/\/vieassociative.be\/actualites\/wp-content\/uploads\/2024\/10\/1727781812_513_Ces-choux-aux-pommes-et-au-miel-sont-une-collation.jpg\" alt=\"Une tranche de pomme sur un cercle de p\u00e2te feuillet\u00e9e \u00e0 proximit\u00e9 des chutes de p\u00e2te.\" width=\"2000\" height=\"1124\" loading=\"lazy\"  >\n<\/div>\n<\/div>\n<p>\u00c0 partir d\u2019ici, les choses s\u2019acc\u00e9l\u00e8rent rapidement. Garnissez chaque cercle de p\u00e2tisserie d&rsquo;un rond de pomme, appuyez doucement pour \u00e9viter qu&rsquo;il ne glisse dans le four (cette p\u00e2tisserie va gonfler consid\u00e9rablement, ne la testez pas), et saupoudrez chacun d&rsquo;eux d&rsquo;une bonne pinc\u00e9e de sucre, environ \u00bc de cuill\u00e8re \u00e0 caf\u00e9. Cuire au four \u00e0 400\u00b0F pendant environ 15 minutes. Les choux ont fini de cuire lorsqu&rsquo;ils ont gonfl\u00e9 le long des bords, le dessus est dor\u00e9 et le bord inf\u00e9rieur est d&rsquo;un brun fonc\u00e9, mais pas br\u00fbl\u00e9. Une p\u00e2te feuillet\u00e9e pas assez cuite n&rsquo;est pas mauvaise, mais une p\u00e2te feuillet\u00e9e parfaitement cuite l&rsquo;est. <em>somptueux<\/em>. En cas de doute, laissez-le pendant encore une minute.<\/p>\n<p>Une fois les choux aux pommes sortis du four, laissez-les refroidir pendant une minute ou deux afin de pouvoir les manipuler. Dressez les choux et versez sur chacun un long filet de miel. Si les choux sont encore chauds, le miel s&rsquo;accumulera au milieu l\u00e9g\u00e8rement concave de chaque pomme, cr\u00e9ant un centre gluant magnifique et d\u00e9licieux. Chaque bouch\u00e9e est un festival de textures, une performance croustillante, moelleuse et sirupeuse d&rsquo;un dessert. Mais l\u00e0 o\u00f9 les textures sont audacieuses, les saveurs sont d\u00e9licates avec du miel floral, du beurre riche et de la pomme et de la cannelle chaleureuses qui persistent en bouche. Ces choux aux pommes et au miel se d\u00e9gustent de pr\u00e9f\u00e9rence quelques heures apr\u00e8s la cuisson.<\/p>\n<div class=\"eloquent-imagery-image\">\n<div class=\"flex justify-center\">\n<img decoding=\"async\" class=\"border border-gray-100\" src=\"https:\/\/vieassociative.be\/actualites\/wp-content\/uploads\/2024\/10\/Ces-choux-aux-pommes-et-au-miel-sont-une-collation.png\" alt=\"Une seule bouff\u00e9e de pomme sur un plateau en t\u00f4le.\" width=\"2000\" height=\"1125\" loading=\"lazy\"  >\n<\/div>\n<\/div>\n<h2 id=\"honey-apple-puffs-recipe\">Recette de choux aux pommes et au miel<\/h2>\n<h2>Ingr\u00e9dients:<\/h2>\n<ul>\n<li>\n<p>2-3 petites pommes, pel\u00e9es et coup\u00e9es en rondelles de 12 \u00bc de pouce d&rsquo;\u00e9paisseur<\/p>\n<\/li>\n<li>\n<p>1 cuill\u00e8re \u00e0 soupe de beurre<\/p>\n<\/li>\n<li>\n<p>\u00bc cuill\u00e8re \u00e0 caf\u00e9 de cannelle<\/p>\n<\/li>\n<li>\n<p>1 feuille de p\u00e2te feuillet\u00e9e du commerce, d\u00e9congel\u00e9e<\/p>\n<\/li>\n<li>\n<p>3-4 cuill\u00e8res \u00e0 soupe de miel<\/p>\n<\/li>\n<li>\n<p>Sucre \u00e0 saupoudrer<\/p>\n<\/li>\n<\/ul>\n<p>Pr\u00e9chauffer le four \u00e0 400\u00b0F. Tapisser une plaque \u00e0 p\u00e2tisserie de papier sulfuris\u00e9.<\/p>\n<p>Faire revenir les tranches de pomme dans une po\u00eale avec du beurre pendant environ deux minutes de chaque c\u00f4t\u00e9 \u00e0 feu moyen-doux. Les pommes ramolliront l\u00e9g\u00e8rement, mais ne devraient pas se briser ni prendre trop de couleur. Retirez les pommes du feu et saupoudrez-les de cannelle. Laisser refroidir.<\/p>\n<p>Coupez la p\u00e2te feuillet\u00e9e d\u00e9congel\u00e9e en 12 cercles de 2 pouces de large; elles doivent \u00eatre l\u00e9g\u00e8rement plus grosses que les tranches de pomme. (Coupez en carr\u00e9s si vous n&rsquo;avez pas le coupe-cercle appropri\u00e9.) Garnissez chaque rond d&rsquo;une tranche de pomme et appuyez doucement sur les pommes. Saupoudrer chaque rond d&rsquo;un quart de cuill\u00e8re \u00e0 caf\u00e9 (ou d&rsquo;une grosse pinc\u00e9e) de sucre.<\/p>\n<p>Cuire au four \u00e0 400 \u00b0F pendant 12 \u00e0 15 minutes, jusqu&rsquo;\u00e0 ce qu&rsquo;ils soient gonfl\u00e9s et grill\u00e9s et que le fond soit bien dor\u00e9. Assiettez imm\u00e9diatement et garnissez d&rsquo;un filet de miel et peut-\u00eatre d&rsquo;un autre saupoudrage de cannelle, si vous le souhaitez.<\/p>\n","protected":false},"excerpt":{"rendered":"<p>Parfaite pour Rosh Hashanah (ou \u00e0 tout moment, vraiment), cette recette de dessert aux pommes est aussi d\u00e9licieuse que simple. Vous ne pouvez jamais avoir<\/p>\n","protected":false},"author":1,"featured_media":728,"comment_status":"","ping_status":"","sticky":false,"template":"","format":"standard","meta":{"footnotes":""},"categories":[39],"tags":[289,248,978,1103,1162,1163,1161,704,18,110],"class_list":["post-727","post","type-post","status-publish","format-standard","has-post-thumbnail","hentry","category-gastronomie","tag-aux","tag-ces","tag-choux","tag-collation","tag-facile","tag-festive","tag-miel","tag-pommes","tag-sont","tag-une","generate-columns","tablet-grid-50","mobile-grid-100","grid-parent","grid-33"],"yoast_head":"<!-- This site is optimized with the Yoast SEO plugin v24.0 - https:\/\/yoast.com\/wordpress\/plugins\/seo\/ -->\n<title>Ces choux aux pommes et au miel sont une collation facile et festive | Vie Associative<\/title>\n<meta name=\"robots\" content=\"index, follow, max-snippet:-1, max-image-preview:large, max-video-preview:-1\" \/>\n<link rel=\"canonical\" href=\"https:\/\/vieassociative.be\/actualites\/ces-choux-aux-pommes-et-au-miel-sont-une-collation-facile-et-festive\/\" \/>\n<meta property=\"og:locale\" content=\"fr_FR\" \/>\n<meta property=\"og:type\" content=\"article\" \/>\n<meta property=\"og:title\" content=\"Ces choux aux pommes et au miel sont une collation facile et festive | Vie Associative\" \/>\n<meta property=\"og:description\" content=\"Parfaite pour Rosh Hashanah (ou \u00e0 tout moment, vraiment), cette recette de dessert aux pommes est aussi d\u00e9licieuse que simple. Vous ne pouvez jamais avoir\" \/>\n<meta property=\"og:url\" content=\"https:\/\/vieassociative.be\/actualites\/ces-choux-aux-pommes-et-au-miel-sont-une-collation-facile-et-festive\/\" \/>\n<meta property=\"og:site_name\" content=\"Vie Associative\" \/>\n<meta property=\"article:published_time\" content=\"2024-10-01T11:23:32+00:00\" \/>\n<meta property=\"og:image\" content=\"https:\/\/vieassociative.be\/actualites\/wp-content\/uploads\/2024\/10\/Ces-choux-aux-pommes-et-au-miel-sont-une-collation.jpg\" \/>\n<meta name=\"author\" content=\"Julien\" \/>\n<meta name=\"twitter:card\" content=\"summary_large_image\" \/>\n<meta name=\"twitter:label1\" content=\"\u00c9crit par\" \/>\n\t<meta name=\"twitter:data1\" content=\"Julien\" \/>\n\t<meta name=\"twitter:label2\" content=\"Dur\u00e9e de lecture est.\" \/>\n\t<meta name=\"twitter:data2\" content=\"6 minutes\" \/>\n<script type=\"application\/ld+json\" class=\"yoast-schema-graph\">{\"@context\":\"https:\/\/schema.org\",\"@graph\":[{\"@type\":\"Article\",\"@id\":\"https:\/\/vieassociative.be\/actualites\/ces-choux-aux-pommes-et-au-miel-sont-une-collation-facile-et-festive\/#article\",\"isPartOf\":{\"@id\":\"https:\/\/vieassociative.be\/actualites\/ces-choux-aux-pommes-et-au-miel-sont-une-collation-facile-et-festive\/\"},\"author\":{\"name\":\"Julien\",\"@id\":\"https:\/\/vieassociative.be\/actualites\/#\/schema\/person\/b87ac4f82f9d4e7b7cec7395b679edc4\"},\"headline\":\"Ces choux aux pommes et au miel sont une collation facile et festive\",\"datePublished\":\"2024-10-01T11:23:32+00:00\",\"dateModified\":\"2024-10-01T11:23:32+00:00\",\"mainEntityOfPage\":{\"@id\":\"https:\/\/vieassociative.be\/actualites\/ces-choux-aux-pommes-et-au-miel-sont-une-collation-facile-et-festive\/\"},\"wordCount\":1349,\"publisher\":{\"@id\":\"https:\/\/vieassociative.be\/actualites\/#organization\"},\"image\":{\"@id\":\"https:\/\/vieassociative.be\/actualites\/ces-choux-aux-pommes-et-au-miel-sont-une-collation-facile-et-festive\/#primaryimage\"},\"thumbnailUrl\":\"https:\/\/vieassociative.be\/actualites\/wp-content\/uploads\/2024\/10\/1727781812_Ces-choux-aux-pommes-et-au-miel-sont-une-collation.jpg\",\"keywords\":[\"aux\",\"ces\",\"choux\",\"collation\",\"facile\",\"festive\",\"miel\",\"pommes\",\"sont\",\"une\"],\"articleSection\":[\"Gastronomie\"],\"inLanguage\":\"fr-BE\"},{\"@type\":\"WebPage\",\"@id\":\"https:\/\/vieassociative.be\/actualites\/ces-choux-aux-pommes-et-au-miel-sont-une-collation-facile-et-festive\/\",\"url\":\"https:\/\/vieassociative.be\/actualites\/ces-choux-aux-pommes-et-au-miel-sont-une-collation-facile-et-festive\/\",\"name\":\"Ces choux aux pommes et au miel sont une collation facile et festive | Vie Associative\",\"isPartOf\":{\"@id\":\"https:\/\/vieassociative.be\/actualites\/#website\"},\"primaryImageOfPage\":{\"@id\":\"https:\/\/vieassociative.be\/actualites\/ces-choux-aux-pommes-et-au-miel-sont-une-collation-facile-et-festive\/#primaryimage\"},\"image\":{\"@id\":\"https:\/\/vieassociative.be\/actualites\/ces-choux-aux-pommes-et-au-miel-sont-une-collation-facile-et-festive\/#primaryimage\"},\"thumbnailUrl\":\"https:\/\/vieassociative.be\/actualites\/wp-content\/uploads\/2024\/10\/1727781812_Ces-choux-aux-pommes-et-au-miel-sont-une-collation.jpg\",\"datePublished\":\"2024-10-01T11:23:32+00:00\",\"dateModified\":\"2024-10-01T11:23:32+00:00\",\"breadcrumb\":{\"@id\":\"https:\/\/vieassociative.be\/actualites\/ces-choux-aux-pommes-et-au-miel-sont-une-collation-facile-et-festive\/#breadcrumb\"},\"inLanguage\":\"fr-BE\",\"potentialAction\":[{\"@type\":\"ReadAction\",\"target\":[\"https:\/\/vieassociative.be\/actualites\/ces-choux-aux-pommes-et-au-miel-sont-une-collation-facile-et-festive\/\"]}]},{\"@type\":\"ImageObject\",\"inLanguage\":\"fr-BE\",\"@id\":\"https:\/\/vieassociative.be\/actualites\/ces-choux-aux-pommes-et-au-miel-sont-une-collation-facile-et-festive\/#primaryimage\",\"url\":\"https:\/\/vieassociative.be\/actualites\/wp-content\/uploads\/2024\/10\/1727781812_Ces-choux-aux-pommes-et-au-miel-sont-une-collation.jpg\",\"contentUrl\":\"https:\/\/vieassociative.be\/actualites\/wp-content\/uploads\/2024\/10\/1727781812_Ces-choux-aux-pommes-et-au-miel-sont-une-collation.jpg\",\"width\":1200,\"height\":675,\"caption\":\"Ces choux aux pommes et au miel sont une collation facile et festive\"},{\"@type\":\"BreadcrumbList\",\"@id\":\"https:\/\/vieassociative.be\/actualites\/ces-choux-aux-pommes-et-au-miel-sont-une-collation-facile-et-festive\/#breadcrumb\",\"itemListElement\":[{\"@type\":\"ListItem\",\"position\":1,\"name\":\"Accueil\",\"item\":\"https:\/\/vieassociative.be\/actualites\/\"},{\"@type\":\"ListItem\",\"position\":2,\"name\":\"Ces choux aux pommes et au miel sont une collation facile et festive\"}]},{\"@type\":\"WebSite\",\"@id\":\"https:\/\/vieassociative.be\/actualites\/#website\",\"url\":\"https:\/\/vieassociative.be\/actualites\/\",\"name\":\"Vie Associative\",\"description\":\"\",\"publisher\":{\"@id\":\"https:\/\/vieassociative.be\/actualites\/#organization\"},\"potentialAction\":[{\"@type\":\"SearchAction\",\"target\":{\"@type\":\"EntryPoint\",\"urlTemplate\":\"https:\/\/vieassociative.be\/actualites\/?s={search_term_string}\"},\"query-input\":{\"@type\":\"PropertyValueSpecification\",\"valueRequired\":true,\"valueName\":\"search_term_string\"}}],\"inLanguage\":\"fr-BE\"},{\"@type\":\"Organization\",\"@id\":\"https:\/\/vieassociative.be\/actualites\/#organization\",\"name\":\"Vie Associative\",\"url\":\"https:\/\/vieassociative.be\/actualites\/\",\"logo\":{\"@type\":\"ImageObject\",\"inLanguage\":\"fr-BE\",\"@id\":\"https:\/\/vieassociative.be\/actualites\/#\/schema\/logo\/image\/\",\"url\":\"https:\/\/vieassociative.be\/actualites\/wp-content\/uploads\/2024\/09\/cropped-vieassociative_favicon.ico.png\",\"contentUrl\":\"https:\/\/vieassociative.be\/actualites\/wp-content\/uploads\/2024\/09\/cropped-vieassociative_favicon.ico.png\",\"width\":512,\"height\":512,\"caption\":\"Vie Associative\"},\"image\":{\"@id\":\"https:\/\/vieassociative.be\/actualites\/#\/schema\/logo\/image\/\"}},{\"@type\":\"Person\",\"@id\":\"https:\/\/vieassociative.be\/actualites\/#\/schema\/person\/b87ac4f82f9d4e7b7cec7395b679edc4\",\"name\":\"Julien\",\"image\":{\"@type\":\"ImageObject\",\"inLanguage\":\"fr-BE\",\"@id\":\"https:\/\/vieassociative.be\/actualites\/#\/schema\/person\/image\/\",\"url\":\"https:\/\/vieassociative.be\/actualites\/wp-content\/uploads\/2024\/09\/vie-associative-1-150x150.jpg\",\"contentUrl\":\"https:\/\/vieassociative.be\/actualites\/wp-content\/uploads\/2024\/09\/vie-associative-1-150x150.jpg\",\"caption\":\"Julien\"},\"description\":\"Je suis Julien, r\u00e9dacteur pour Vie Associative. Passionn\u00e9 par le monde associatif depuis plus de 10 ans, j'ai \u00e0 c\u0153ur de partager des histoires inspirantes et de mettre en lumi\u00e8re les initiatives locales. Mon objectif est de sensibiliser et d'encourager l'engagement communautaire \u00e0 travers mes articles.\",\"sameAs\":[\"https:\/\/vieassociative.be\/\"]}]}<\/script>\n<!-- \/ Yoast SEO plugin. -->","yoast_head_json":{"title":"Ces choux aux pommes et au miel sont une collation facile et festive | Vie Associative","robots":{"index":"index","follow":"follow","max-snippet":"max-snippet:-1","max-image-preview":"max-image-preview:large","max-video-preview":"max-video-preview:-1"},"canonical":"https:\/\/vieassociative.be\/actualites\/ces-choux-aux-pommes-et-au-miel-sont-une-collation-facile-et-festive\/","og_locale":"fr_FR","og_type":"article","og_title":"Ces choux aux pommes et au miel sont une collation facile et festive | Vie Associative","og_description":"Parfaite pour Rosh Hashanah (ou \u00e0 tout moment, vraiment), cette recette de dessert aux pommes est aussi d\u00e9licieuse que simple. Vous ne pouvez jamais avoir","og_url":"https:\/\/vieassociative.be\/actualites\/ces-choux-aux-pommes-et-au-miel-sont-une-collation-facile-et-festive\/","og_site_name":"Vie Associative","article_published_time":"2024-10-01T11:23:32+00:00","og_image":[{"url":"https:\/\/vieassociative.be\/actualites\/wp-content\/uploads\/2024\/10\/Ces-choux-aux-pommes-et-au-miel-sont-une-collation.jpg","type":"","width":"","height":""}],"author":"Julien","twitter_card":"summary_large_image","twitter_misc":{"\u00c9crit par":"Julien","Dur\u00e9e de lecture est.":"6 minutes"},"schema":{"@context":"https:\/\/schema.org","@graph":[{"@type":"Article","@id":"https:\/\/vieassociative.be\/actualites\/ces-choux-aux-pommes-et-au-miel-sont-une-collation-facile-et-festive\/#article","isPartOf":{"@id":"https:\/\/vieassociative.be\/actualites\/ces-choux-aux-pommes-et-au-miel-sont-une-collation-facile-et-festive\/"},"author":{"name":"Julien","@id":"https:\/\/vieassociative.be\/actualites\/#\/schema\/person\/b87ac4f82f9d4e7b7cec7395b679edc4"},"headline":"Ces choux aux pommes et au miel sont une collation facile et festive","datePublished":"2024-10-01T11:23:32+00:00","dateModified":"2024-10-01T11:23:32+00:00","mainEntityOfPage":{"@id":"https:\/\/vieassociative.be\/actualites\/ces-choux-aux-pommes-et-au-miel-sont-une-collation-facile-et-festive\/"},"wordCount":1349,"publisher":{"@id":"https:\/\/vieassociative.be\/actualites\/#organization"},"image":{"@id":"https:\/\/vieassociative.be\/actualites\/ces-choux-aux-pommes-et-au-miel-sont-une-collation-facile-et-festive\/#primaryimage"},"thumbnailUrl":"https:\/\/vieassociative.be\/actualites\/wp-content\/uploads\/2024\/10\/1727781812_Ces-choux-aux-pommes-et-au-miel-sont-une-collation.jpg","keywords":["aux","ces","choux","collation","facile","festive","miel","pommes","sont","une"],"articleSection":["Gastronomie"],"inLanguage":"fr-BE"},{"@type":"WebPage","@id":"https:\/\/vieassociative.be\/actualites\/ces-choux-aux-pommes-et-au-miel-sont-une-collation-facile-et-festive\/","url":"https:\/\/vieassociative.be\/actualites\/ces-choux-aux-pommes-et-au-miel-sont-une-collation-facile-et-festive\/","name":"Ces choux aux pommes et au miel sont une collation facile et festive | Vie Associative","isPartOf":{"@id":"https:\/\/vieassociative.be\/actualites\/#website"},"primaryImageOfPage":{"@id":"https:\/\/vieassociative.be\/actualites\/ces-choux-aux-pommes-et-au-miel-sont-une-collation-facile-et-festive\/#primaryimage"},"image":{"@id":"https:\/\/vieassociative.be\/actualites\/ces-choux-aux-pommes-et-au-miel-sont-une-collation-facile-et-festive\/#primaryimage"},"thumbnailUrl":"https:\/\/vieassociative.be\/actualites\/wp-content\/uploads\/2024\/10\/1727781812_Ces-choux-aux-pommes-et-au-miel-sont-une-collation.jpg","datePublished":"2024-10-01T11:23:32+00:00","dateModified":"2024-10-01T11:23:32+00:00","breadcrumb":{"@id":"https:\/\/vieassociative.be\/actualites\/ces-choux-aux-pommes-et-au-miel-sont-une-collation-facile-et-festive\/#breadcrumb"},"inLanguage":"fr-BE","potentialAction":[{"@type":"ReadAction","target":["https:\/\/vieassociative.be\/actualites\/ces-choux-aux-pommes-et-au-miel-sont-une-collation-facile-et-festive\/"]}]},{"@type":"ImageObject","inLanguage":"fr-BE","@id":"https:\/\/vieassociative.be\/actualites\/ces-choux-aux-pommes-et-au-miel-sont-une-collation-facile-et-festive\/#primaryimage","url":"https:\/\/vieassociative.be\/actualites\/wp-content\/uploads\/2024\/10\/1727781812_Ces-choux-aux-pommes-et-au-miel-sont-une-collation.jpg","contentUrl":"https:\/\/vieassociative.be\/actualites\/wp-content\/uploads\/2024\/10\/1727781812_Ces-choux-aux-pommes-et-au-miel-sont-une-collation.jpg","width":1200,"height":675,"caption":"Ces choux aux pommes et au miel sont une collation facile et festive"},{"@type":"BreadcrumbList","@id":"https:\/\/vieassociative.be\/actualites\/ces-choux-aux-pommes-et-au-miel-sont-une-collation-facile-et-festive\/#breadcrumb","itemListElement":[{"@type":"ListItem","position":1,"name":"Accueil","item":"https:\/\/vieassociative.be\/actualites\/"},{"@type":"ListItem","position":2,"name":"Ces choux aux pommes et au miel sont une collation facile et festive"}]},{"@type":"WebSite","@id":"https:\/\/vieassociative.be\/actualites\/#website","url":"https:\/\/vieassociative.be\/actualites\/","name":"Vie Associative","description":"","publisher":{"@id":"https:\/\/vieassociative.be\/actualites\/#organization"},"potentialAction":[{"@type":"SearchAction","target":{"@type":"EntryPoint","urlTemplate":"https:\/\/vieassociative.be\/actualites\/?s={search_term_string}"},"query-input":{"@type":"PropertyValueSpecification","valueRequired":true,"valueName":"search_term_string"}}],"inLanguage":"fr-BE"},{"@type":"Organization","@id":"https:\/\/vieassociative.be\/actualites\/#organization","name":"Vie Associative","url":"https:\/\/vieassociative.be\/actualites\/","logo":{"@type":"ImageObject","inLanguage":"fr-BE","@id":"https:\/\/vieassociative.be\/actualites\/#\/schema\/logo\/image\/","url":"https:\/\/vieassociative.be\/actualites\/wp-content\/uploads\/2024\/09\/cropped-vieassociative_favicon.ico.png","contentUrl":"https:\/\/vieassociative.be\/actualites\/wp-content\/uploads\/2024\/09\/cropped-vieassociative_favicon.ico.png","width":512,"height":512,"caption":"Vie Associative"},"image":{"@id":"https:\/\/vieassociative.be\/actualites\/#\/schema\/logo\/image\/"}},{"@type":"Person","@id":"https:\/\/vieassociative.be\/actualites\/#\/schema\/person\/b87ac4f82f9d4e7b7cec7395b679edc4","name":"Julien","image":{"@type":"ImageObject","inLanguage":"fr-BE","@id":"https:\/\/vieassociative.be\/actualites\/#\/schema\/person\/image\/","url":"https:\/\/vieassociative.be\/actualites\/wp-content\/uploads\/2024\/09\/vie-associative-1-150x150.jpg","contentUrl":"https:\/\/vieassociative.be\/actualites\/wp-content\/uploads\/2024\/09\/vie-associative-1-150x150.jpg","caption":"Julien"},"description":"Je suis Julien, r\u00e9dacteur pour Vie Associative. Passionn\u00e9 par le monde associatif depuis plus de 10 ans, j'ai \u00e0 c\u0153ur de partager des histoires inspirantes et de mettre en lumi\u00e8re les initiatives locales. Mon objectif est de sensibiliser et d'encourager l'engagement communautaire \u00e0 travers mes articles.","sameAs":["https:\/\/vieassociative.be\/"]}]}},"_links":{"self":[{"href":"https:\/\/vieassociative.be\/actualites\/wp-json\/wp\/v2\/posts\/727"}],"collection":[{"href":"https:\/\/vieassociative.be\/actualites\/wp-json\/wp\/v2\/posts"}],"about":[{"href":"https:\/\/vieassociative.be\/actualites\/wp-json\/wp\/v2\/types\/post"}],"author":[{"embeddable":true,"href":"https:\/\/vieassociative.be\/actualites\/wp-json\/wp\/v2\/users\/1"}],"replies":[{"embeddable":true,"href":"https:\/\/vieassociative.be\/actualites\/wp-json\/wp\/v2\/comments?post=727"}],"version-history":[{"count":0,"href":"https:\/\/vieassociative.be\/actualites\/wp-json\/wp\/v2\/posts\/727\/revisions"}],"wp:featuredmedia":[{"embeddable":true,"href":"https:\/\/vieassociative.be\/actualites\/wp-json\/wp\/v2\/media\/728"}],"wp:attachment":[{"href":"https:\/\/vieassociative.be\/actualites\/wp-json\/wp\/v2\/media?parent=727"}],"wp:term":[{"taxonomy":"category","embeddable":true,"href":"https:\/\/vieassociative.be\/actualites\/wp-json\/wp\/v2\/categories?post=727"},{"taxonomy":"post_tag","embeddable":true,"href":"https:\/\/vieassociative.be\/actualites\/wp-json\/wp\/v2\/tags?post=727"}],"curies":[{"name":"wp","href":"https:\/\/api.w.org\/{rel}","templated":true}]}}