{"id":7266,"date":"2025-05-03T21:17:26","date_gmt":"2025-05-03T19:17:26","guid":{"rendered":"https:\/\/vieassociative.be\/actualites\/ce-que-les-changements-de-tarif-daujourdhui-signifient-pour-votre-habitude-dachat-en-ligne\/"},"modified":"2025-05-03T21:17:26","modified_gmt":"2025-05-03T19:17:26","slug":"ce-que-les-changements-de-tarif-daujourdhui-signifient-pour-votre-habitude-dachat-en-ligne","status":"publish","type":"post","link":"https:\/\/vieassociative.be\/actualites\/ce-que-les-changements-de-tarif-daujourdhui-signifient-pour-votre-habitude-dachat-en-ligne\/","title":{"rendered":"Ce que les changements de tarif d&rsquo;aujourd&rsquo;hui signifient pour votre habitude d&rsquo;achat en ligne"},"content":{"rendered":"<div class=\"mt-4 leading-6 md:mb-8\">C&rsquo;est une journ\u00e9e sombre pour les acheteurs de Temu et Shein.<\/div>\n<p><\/p>\n<p>Les tarifs de Trump signifient que les jours des achats en ligne ultra-coqu\u00e9s des d\u00e9taillants internationaux se terminent. \u00c0 partir d&rsquo;aujourd&rsquo;hui, l&rsquo;exon\u00e9ration de longue date des tarifs d&rsquo;importation pour des forfaits d&rsquo;une valeur de moins de 800 $ &#8211; connue sous le nom d&rsquo;exemption \u00ab\u00a0de minimis\u00a0\u00bb &#8211; a \u00e9t\u00e9 \u00e9limin\u00e9e pour les exp\u00e9ditions de Chine, une d\u00e9cision qui aura un impact consid\u00e9rable sur les consommateurs qui s&rsquo;\u00e9taient habitu\u00e9s \u00e0 des produits de commerce \u00e9lectronique excessivement bon march\u00e9 \u00e0 partir de sites comme Shein et Temu. <\/p>\n<p>Bien que l&rsquo;exemption reste en place pour des pays autres que la Chine, l&rsquo;administration Trump a indiqu\u00e9 qu&rsquo;elle pr\u00e9voyait \u00e9ventuellement d&rsquo;\u00e9liminer \u00e9galement ces courses. Voici comment la fin de cette \u00e9chappatoire tarifaire vous aura un impact et ce que vous pouvez faire pour en tirer le meilleur parti.<\/p>\n<h2 id=\"whats-is-the-de-minimis-exemption-and-why-is-it-ending\">Quel est le de minimis<em> <\/em>exemption, et pourquoi se termine-t-il?<\/h2>\n<p>Auparavant, des packages \u00e9valu\u00e9s \u00e0 800 $ sont entr\u00e9s aux \u00c9tats-Unis sans aucun droit d&rsquo;importation ni tarif. Cette faille a permis aux plateformes de commerce \u00e9lectronique comme Shein, Temu et la boutique Tiktok pour inonder le march\u00e9 am\u00e9ricain de marchandises incroyablement \u00e0 bas prix exp\u00e9di\u00e9es directement des fabricants d&rsquo;outre-mer, contournant les taxes d&rsquo;importation traditionnelles auxquelles les d\u00e9taillants nationaux sont confront\u00e9s.<\/p>\n<p>L&rsquo;administration Trump a officiellement mis fin \u00e0 cette exemption aujourd&rsquo;hui pour des forfaits originaires de Chine, qui a jusqu&rsquo;\u00e0 pr\u00e9sent port\u00e9 le poids des politiques tarifaires restrictives du pr\u00e9sident. Sans l&rsquo;exemption De Minimus, m\u00eame votre t-shirt de 15 $ ou votre \u00e9tui de t\u00e9l\u00e9phone \u00e0 5 $ sera d\u00e9sormais soumis \u00e0 des tarifs lorsqu&rsquo;ils sont exp\u00e9di\u00e9s de Chine.<\/p>\n<h2 id=\"how-will-this-affect-your-wallet\">Comment cela affectera-t-il votre portefeuille?<\/h2>\n<p>Selon la Kelley School of Business de l&rsquo;Universit\u00e9 de l&rsquo;Indiana, dont la recherche se concentre sur les comportements d&rsquo;achat en ligne, l&rsquo;impact sera significatif: \u00ab\u00a0La fin de l&rsquo;exemption de minimis signifie que de nombreux produits \u00e0 faible co\u00fbt, tels que la mode et les v\u00eatements rapides, les petites \u00e9lectroniques, les produits de cuisine domestique, les jouets et les produits de beaut\u00e9, comme Shein et TEMU, en particulier \u00e0 l&rsquo;office de base de base de base, TEMIFF, TEMIF jusqu&rsquo;\u00e0 145%. \u00ab\u00a0<\/p>\n<p>Qu&rsquo;est-ce que cela signifie en termes pratiques? Ce chemisier de 10 $ de Shein pourrait potentiellement co\u00fbter <em>24,50 $<\/em> Apr\u00e8s les tarifs. Ces \u00e9couteurs sans fil de 15 $ de TEMU pourraient passer \u00e0 36,75 $.<\/p>\n<h2 id=\"beyond-price-increases\">Au-del\u00e0 des augmentations de prix<\/h2>\n<p>Les changements vont au-del\u00e0 des prix plus \u00e9lev\u00e9s. Li explique que les consommateurs devraient \u00eatre des prix plus \u00e9lev\u00e9s, oui, mais aussi moins d&rsquo;options ultra-coqu\u00e9s, potentiellement moins de vari\u00e9t\u00e9s et des d\u00e9lais de livraison plus lents, car les fabricants et les d\u00e9taillants s&rsquo;adaptent \u00e0 la nouvelle structure de co\u00fbts. \u00ab\u00a0Les consommateurs peuvent faire moins d&rsquo;achats impulsifs de biens import\u00e9s bon march\u00e9 et \u00eatre plus soucieux des prix\u00a0\u00bb, selon Li.<\/p>\n<p>Les d\u00e9lais d&rsquo;exp\u00e9dition peuvent \u00e9galement augmenter \u00e0 mesure que le traitement des douanes devient plus complexe. De nombreux d\u00e9taillants internationaux se pr\u00e9cipitent pour ajuster leurs op\u00e9rations, certains envisageant d&rsquo;ouvrir les entrep\u00f4ts am\u00e9ricains pour att\u00e9nuer l&rsquo;impact, bien que cela entra\u00eenerait probablement encore des prix plus \u00e9lev\u00e9s pour couvrir ces nouvelles d\u00e9penses.<\/p>\n<h2 id=\"what-this-means-for-different-online-retailers\">Ce que cela signifie pour diff\u00e9rents d\u00e9taillants en ligne<\/h2>\n<p>Il y a beaucoup de raisons pour lesquelles vous voudrez peut-\u00eatre freiner votre habitude d&rsquo;achat en ligne (l&rsquo;environnement, votre budget, \u00eatre enterr\u00e9 sous des montagnes de choses, etc.). Mais avec la fermeture du de minimis<em> <\/em>\u00c9chappatoire, vous devrez vous pr\u00e9parer pour un impact financier.<\/p>\n<h3>Sites de fasion rapide (Shein, Temu)<\/h3>\n<p>Ces plateformes seront probablement les plus touch\u00e9es, car leur mod\u00e8le commercial entier est construit autour de prix extr\u00eamement bas atteints en partie gr\u00e2ce \u00e0 l&rsquo;\u00e9chappatoire de minimis. Attendez-vous \u00e0 des augmentations de prix importantes ou \u00e0 des modifications potentielles de leurs strat\u00e9gies d&rsquo;exp\u00e9dition et de r\u00e9alisation. (Temu a d\u00e9j\u00e0 annonc\u00e9 son intention d&rsquo;arr\u00eater d&rsquo;exp\u00e9dier directement aux consommateurs de Chine et s&rsquo;appuiera plut\u00f4t sur des \u00ab\u00a0vendeurs locaux\u00a0\u00bb pour ex\u00e9cuter les commandes.)<\/p>\n<h3>Amazon et principaux d\u00e9taillants am\u00e9ricains<\/h3>\n<p>Les d\u00e9taillants am\u00e9ricains \u00e9tablis peuvent en fait b\u00e9n\u00e9ficier du changement, car il nivelle les r\u00e8gles du jeu contre les concurrents internationaux qui b\u00e9n\u00e9ficiaient auparavant des avantages fiscaux. Cependant, de nombreux vendeurs d&rsquo;Amazon Marketplace proviennent des produits \u00e0 l&rsquo;\u00e9tranger, de sorte que certaines cat\u00e9gories peuvent encore voir des augmentations de prix.<\/p>\n<div class=\"pogoClear relative my-10 border-b-(1.5px) border-t-(1.5px) border-dashed border-black py-5 sm:my-14 sm:border-0 sm:py-0\" data-ga-click data-ga-template=\"News\" data-ga-module=\"openweb_widget\" data-ga-element=\"openweb_scroll\" data-ga-item=\"openweb_scroll_midpage\" x-cloak x-data=\"{ commentsCount: null, hasComments: false }\" x-init=\"commentsCount = await window.openweb.getMessagesCount(01JT90H7PP406Q8AVJTQ8SW8YQ);\n     hasComments = commentsCount !== null &amp;&amp; commentsCount &gt; 0\"><\/p>\n<div class=\"absolute top-1\/2 hidden w-full -translate-y-1\/2 border-t-(1.5px) border-dashed border-black sm:block\"><\/div>\n<div class=\"relative flex justify-center\">\n<div class=\"flex max-w-max items-center gap-x-3 bg-white px-5\">\n<div class=\"relative\">\n                <span class=\"absolute left-1\/2 top-1\/2 -translate-x-1\/2 -translate-y-1\/2 font-akshar text-sm font-medium text-black\" x-show=\"hasComments\" x-text=\"commentsCount\"><\/span><\/p>\n<p>                <svg class=\"h-8 w-8 text-black\">\n                    <use href=\"http:\/\/lifehacker.com\/images\/icons\/spritemap.svg#sprite-chat-bubble\"><\/use>\n                <\/svg>\n            <\/div>\n<p>            <span class=\"text-sm font-medium text-black\"><\/p>\n<p>                Que pensez-vous jusqu&rsquo;\u00e0 pr\u00e9sent?<br \/>\n                <button class=\"font-semibold text-brand-green underline hover:text-brand-green-700\" onclick=\"window.openweb.scrollToComments('01JT90H7PP406Q8AVJTQ8SW8YQ')\" x-text=\"hasComments ? 'Post a comment.' : 'Be the first to post a comment.'\"><\/button><br \/>\n            <\/span>\n        <\/div>\n<\/p><\/div>\n<\/div>\n<p>En r\u00e9ponse aux changements de tarif ant\u00e9rieurs, Amazon a bri\u00e8vement envisag\u00e9 d&rsquo;affichage des co\u00fbts de tarif s\u00e9par\u00e9ment dans la tarification des produits, bien qu&rsquo;ils aient finalement invers\u00e9 le cours; La Maison Blanche a accus\u00e9 la compagnie d&rsquo;un \u00ab\u00a0acte hostile\u00a0\u00bb \u00e0 motivation politique contre l&rsquo;administration.<\/p>\n<h3>Petites entreprises<\/h3>\n<p>Les petites entreprises am\u00e9ricaines se plaignent depuis longtemps que l&rsquo;exon\u00e9ration de De Minmis a cr\u00e9\u00e9 un avantage injuste pour les vendeurs \u00e9trangers qui pourraient exp\u00e9dier des marchandises sans tarifs. Ce changement peut aider les vendeurs nationaux \u00e0 concurrencer plus efficacement, mais le principal point \u00e0 retenir ici est que les consommateurs am\u00e9ricains porteront le co\u00fbt. Pendant ce temps, les entreprises bas\u00e9es aux \u00c9tats-Unis qui comptent sur l&rsquo;importation de marchandises de la Chine devront choisir entre abaisser les marges b\u00e9n\u00e9ficiaires, facturer des prix plus \u00e9lev\u00e9s ou s&rsquo;approvisionner en marchandises am\u00e9ricaines (ce qui ne sera tout simplement pas possible pour certains vendeurs, car aucune alternative aux \u00c9tats-Unis n&rsquo;existe).<\/p>\n<h2 id=\"how-to-minimize-the-impact-of-tariffs-when-shopping-online\">Comment minimiser l&rsquo;impact des tarifs lors de l&rsquo;achat en ligne<\/h2>\n<p>\u00c0 mesure que les prix augmentent sur les plates-formes internationales, consid\u00e9rez ces strat\u00e9gies pour \u00e9viter de prendre un coup li\u00e9 aux tarifs dans votre portefeuille:<\/p>\n<ol>\n<li>\n<p><strong>Achetez en vrac lorsque cela est possible<\/strong>: La consolidation des achats peut aider \u00e0 compenser certains frais d&rsquo;exp\u00e9dition et de traitement.<\/p>\n<\/li>\n<li>\n<p><strong>Recherchez des alternatives am\u00e9ricaines<\/strong>: De nombreux d\u00e9taillants nationaux ont \u00e9t\u00e9 oblig\u00e9s de devenir plus comp\u00e9titifs ces derni\u00e8res ann\u00e9es. En ce qui concerne Shein et Temu sp\u00e9cifiquement, je recommande de se tourner vers des march\u00e9s d&rsquo;occasion comme Depop.<\/p>\n<\/li>\n<li>\n<p><strong>V\u00e9rifiez les politiques des d\u00e9taillants<\/strong>: Certains d\u00e9taillants internationaux peuvent absorber une plus grande partie des co\u00fbts tarifaires que d&rsquo;autres dans le but de maintenir la part de march\u00e9.<\/p>\n<\/li>\n<li>\n<p><strong>\u00catre strat\u00e9gique sur les grandes ventes<\/strong>: Les principaux \u00e9v\u00e9nements de vente peuvent offrir une meilleure valeur car les d\u00e9taillants essaient de maintenir le volume malgr\u00e9 les nouveaux tarifs. Restez au courant des offres disponibles avant de v\u00e9rifier.<\/p>\n<\/li>\n<\/ol>\n<h2 id=\"the-bottom-line\">La ligne de fond<\/h2>\n<p>Ce qui est clair, c&rsquo;est la fin d&rsquo;une \u00e9poque pour des produits apparemment incroyablement bon march\u00e9 qui arrivent directement de l&rsquo;\u00e9tranger, du moins pour le moment. Mais du bon c\u00f4t\u00e9, peut-\u00eatre que ce coup vers votre portefeuille peut \u00eatre un r\u00e9veil pour freiner votre d\u00e9pendance aux achats en ligne. Je veux dire, ces prix incroyablement bas \u00e9taient impossibles pour une raison &#8211; les fabricants s&rsquo;appuient sur des salaires d\u00e9loyaux, des produits de faible qualit\u00e9 et des coins. Il est peut-\u00eatre temps d&rsquo;apporter un peu plus d&rsquo;intention \u00e0 vos habitudes d&rsquo;achat.<\/p>\n<p>Malheureusement, cela ne se terminera pas non plus ici. Continuez \u00e0 vous pr\u00e9parer \u00e0 l&rsquo;impact de la guerre commerciale en cours et soyez pr\u00eat \u00e0 continuer \u00e0 modifier vos habitudes d&rsquo;achat personnelles. Comme mes coll\u00e8gues de Mashable le soulignent, \u00e9tant donn\u00e9 les augmentations de prix li\u00e9es au tarif que nous avons vues jusqu&rsquo;\u00e0 pr\u00e9sent, nous pouvons nous attendre \u00e0 voir davantage de taxes d&rsquo;importation transmises aux consommateurs \u00e0 l&rsquo;avenir. <\/p>\n","protected":false},"excerpt":{"rendered":"<p>C&rsquo;est une journ\u00e9e sombre pour les acheteurs de Temu et Shein. Les tarifs de Trump signifient que les jours des achats en ligne ultra-coqu\u00e9s des<\/p>\n","protected":false},"author":1,"featured_media":7267,"comment_status":"","ping_status":"","sticky":false,"template":"","format":"standard","meta":{"footnotes":""},"categories":[41],"tags":[6797,5823,134,5158,14,11,81,6799,6798,8],"class_list":["post-7266","post","type-post","status-publish","format-standard","has-post-thumbnail","hentry","category-argent","tag-changements","tag-dachat","tag-daujourdhui","tag-habitude","tag-les","tag-ligne","tag-pour","tag-signifient","tag-tarif","tag-votre","generate-columns","tablet-grid-50","mobile-grid-100","grid-parent","grid-33"],"yoast_head":"<!-- This site is optimized with the Yoast SEO plugin v24.0 - https:\/\/yoast.com\/wordpress\/plugins\/seo\/ -->\n<title>Ce que les changements de tarif d&#039;aujourd&#039;hui signifient pour votre habitude d&#039;achat en ligne | Vie Associative<\/title>\n<meta name=\"robots\" content=\"index, follow, max-snippet:-1, max-image-preview:large, max-video-preview:-1\" \/>\n<link rel=\"canonical\" href=\"https:\/\/vieassociative.be\/actualites\/ce-que-les-changements-de-tarif-daujourdhui-signifient-pour-votre-habitude-dachat-en-ligne\/\" \/>\n<meta property=\"og:locale\" content=\"fr_FR\" \/>\n<meta property=\"og:type\" content=\"article\" \/>\n<meta property=\"og:title\" content=\"Ce que les changements de tarif d&#039;aujourd&#039;hui signifient pour votre habitude d&#039;achat en ligne | Vie Associative\" \/>\n<meta property=\"og:description\" content=\"C&rsquo;est une journ\u00e9e sombre pour les acheteurs de Temu et Shein. Les tarifs de Trump signifient que les jours des achats en ligne ultra-coqu\u00e9s des\" \/>\n<meta property=\"og:url\" content=\"https:\/\/vieassociative.be\/actualites\/ce-que-les-changements-de-tarif-daujourdhui-signifient-pour-votre-habitude-dachat-en-ligne\/\" \/>\n<meta property=\"og:site_name\" content=\"Vie Associative\" \/>\n<meta property=\"article:published_time\" content=\"2025-05-03T19:17:26+00:00\" \/>\n<meta property=\"og:image\" content=\"https:\/\/vieassociative.be\/actualites\/wp-content\/uploads\/2024\/09\/header_backgroundk-01-e1726694325946.png\" \/>\n\t<meta property=\"og:image:width\" content=\"279\" \/>\n\t<meta property=\"og:image:height\" content=\"92\" \/>\n\t<meta property=\"og:image:type\" content=\"image\/png\" \/>\n<meta name=\"author\" content=\"Julien\" \/>\n<meta name=\"twitter:card\" content=\"summary_large_image\" \/>\n<meta name=\"twitter:label1\" content=\"\u00c9crit par\" \/>\n\t<meta name=\"twitter:data1\" content=\"Julien\" \/>\n\t<meta name=\"twitter:label2\" content=\"Dur\u00e9e de lecture est.\" \/>\n\t<meta name=\"twitter:data2\" content=\"6 minutes\" \/>\n<script type=\"application\/ld+json\" class=\"yoast-schema-graph\">{\"@context\":\"https:\/\/schema.org\",\"@graph\":[{\"@type\":\"Article\",\"@id\":\"https:\/\/vieassociative.be\/actualites\/ce-que-les-changements-de-tarif-daujourdhui-signifient-pour-votre-habitude-dachat-en-ligne\/#article\",\"isPartOf\":{\"@id\":\"https:\/\/vieassociative.be\/actualites\/ce-que-les-changements-de-tarif-daujourdhui-signifient-pour-votre-habitude-dachat-en-ligne\/\"},\"author\":{\"name\":\"Julien\",\"@id\":\"https:\/\/vieassociative.be\/actualites\/#\/schema\/person\/b87ac4f82f9d4e7b7cec7395b679edc4\"},\"headline\":\"Ce que les changements de tarif d&rsquo;aujourd&rsquo;hui signifient pour votre habitude d&rsquo;achat en ligne\",\"datePublished\":\"2025-05-03T19:17:26+00:00\",\"dateModified\":\"2025-05-03T19:17:26+00:00\",\"mainEntityOfPage\":{\"@id\":\"https:\/\/vieassociative.be\/actualites\/ce-que-les-changements-de-tarif-daujourdhui-signifient-pour-votre-habitude-dachat-en-ligne\/\"},\"wordCount\":1335,\"publisher\":{\"@id\":\"https:\/\/vieassociative.be\/actualites\/#organization\"},\"image\":{\"@id\":\"https:\/\/vieassociative.be\/actualites\/ce-que-les-changements-de-tarif-daujourdhui-signifient-pour-votre-habitude-dachat-en-ligne\/#primaryimage\"},\"thumbnailUrl\":\"https:\/\/vieassociative.be\/actualites\/wp-content\/uploads\/2025\/05\/Ce-que-les-changements-de-tarif-daujourdhui-signifient-pour-votre.png\",\"keywords\":[\"changements\",\"dachat\",\"daujourdhui\",\"habitude\",\"Les\",\"ligne\",\"pour\",\"signifient\",\"tarif\",\"votre\"],\"articleSection\":[\"Argent\"],\"inLanguage\":\"fr-BE\"},{\"@type\":\"WebPage\",\"@id\":\"https:\/\/vieassociative.be\/actualites\/ce-que-les-changements-de-tarif-daujourdhui-signifient-pour-votre-habitude-dachat-en-ligne\/\",\"url\":\"https:\/\/vieassociative.be\/actualites\/ce-que-les-changements-de-tarif-daujourdhui-signifient-pour-votre-habitude-dachat-en-ligne\/\",\"name\":\"Ce que les changements de tarif d'aujourd'hui signifient pour votre habitude d'achat en ligne | Vie Associative\",\"isPartOf\":{\"@id\":\"https:\/\/vieassociative.be\/actualites\/#website\"},\"primaryImageOfPage\":{\"@id\":\"https:\/\/vieassociative.be\/actualites\/ce-que-les-changements-de-tarif-daujourdhui-signifient-pour-votre-habitude-dachat-en-ligne\/#primaryimage\"},\"image\":{\"@id\":\"https:\/\/vieassociative.be\/actualites\/ce-que-les-changements-de-tarif-daujourdhui-signifient-pour-votre-habitude-dachat-en-ligne\/#primaryimage\"},\"thumbnailUrl\":\"https:\/\/vieassociative.be\/actualites\/wp-content\/uploads\/2025\/05\/Ce-que-les-changements-de-tarif-daujourdhui-signifient-pour-votre.png\",\"datePublished\":\"2025-05-03T19:17:26+00:00\",\"dateModified\":\"2025-05-03T19:17:26+00:00\",\"breadcrumb\":{\"@id\":\"https:\/\/vieassociative.be\/actualites\/ce-que-les-changements-de-tarif-daujourdhui-signifient-pour-votre-habitude-dachat-en-ligne\/#breadcrumb\"},\"inLanguage\":\"fr-BE\",\"potentialAction\":[{\"@type\":\"ReadAction\",\"target\":[\"https:\/\/vieassociative.be\/actualites\/ce-que-les-changements-de-tarif-daujourdhui-signifient-pour-votre-habitude-dachat-en-ligne\/\"]}]},{\"@type\":\"ImageObject\",\"inLanguage\":\"fr-BE\",\"@id\":\"https:\/\/vieassociative.be\/actualites\/ce-que-les-changements-de-tarif-daujourdhui-signifient-pour-votre-habitude-dachat-en-ligne\/#primaryimage\",\"url\":\"https:\/\/vieassociative.be\/actualites\/wp-content\/uploads\/2025\/05\/Ce-que-les-changements-de-tarif-daujourdhui-signifient-pour-votre.png\",\"contentUrl\":\"https:\/\/vieassociative.be\/actualites\/wp-content\/uploads\/2025\/05\/Ce-que-les-changements-de-tarif-daujourdhui-signifient-pour-votre.png\",\"width\":1200,\"height\":675,\"caption\":\"Ce que les changements de tarif d'aujourd'hui signifient pour votre habitude d'achat en ligne\"},{\"@type\":\"BreadcrumbList\",\"@id\":\"https:\/\/vieassociative.be\/actualites\/ce-que-les-changements-de-tarif-daujourdhui-signifient-pour-votre-habitude-dachat-en-ligne\/#breadcrumb\",\"itemListElement\":[{\"@type\":\"ListItem\",\"position\":1,\"name\":\"Accueil\",\"item\":\"https:\/\/vieassociative.be\/actualites\/\"},{\"@type\":\"ListItem\",\"position\":2,\"name\":\"Ce que les changements de tarif d&rsquo;aujourd&rsquo;hui signifient pour votre habitude d&rsquo;achat en ligne\"}]},{\"@type\":\"WebSite\",\"@id\":\"https:\/\/vieassociative.be\/actualites\/#website\",\"url\":\"https:\/\/vieassociative.be\/actualites\/\",\"name\":\"Vie Associative\",\"description\":\"\",\"publisher\":{\"@id\":\"https:\/\/vieassociative.be\/actualites\/#organization\"},\"potentialAction\":[{\"@type\":\"SearchAction\",\"target\":{\"@type\":\"EntryPoint\",\"urlTemplate\":\"https:\/\/vieassociative.be\/actualites\/?s={search_term_string}\"},\"query-input\":{\"@type\":\"PropertyValueSpecification\",\"valueRequired\":true,\"valueName\":\"search_term_string\"}}],\"inLanguage\":\"fr-BE\"},{\"@type\":\"Organization\",\"@id\":\"https:\/\/vieassociative.be\/actualites\/#organization\",\"name\":\"Vie Associative\",\"url\":\"https:\/\/vieassociative.be\/actualites\/\",\"logo\":{\"@type\":\"ImageObject\",\"inLanguage\":\"fr-BE\",\"@id\":\"https:\/\/vieassociative.be\/actualites\/#\/schema\/logo\/image\/\",\"url\":\"https:\/\/vieassociative.be\/actualites\/wp-content\/uploads\/2024\/09\/cropped-vieassociative_favicon.ico.png\",\"contentUrl\":\"https:\/\/vieassociative.be\/actualites\/wp-content\/uploads\/2024\/09\/cropped-vieassociative_favicon.ico.png\",\"width\":512,\"height\":512,\"caption\":\"Vie Associative\"},\"image\":{\"@id\":\"https:\/\/vieassociative.be\/actualites\/#\/schema\/logo\/image\/\"}},{\"@type\":\"Person\",\"@id\":\"https:\/\/vieassociative.be\/actualites\/#\/schema\/person\/b87ac4f82f9d4e7b7cec7395b679edc4\",\"name\":\"Julien\",\"image\":{\"@type\":\"ImageObject\",\"inLanguage\":\"fr-BE\",\"@id\":\"https:\/\/vieassociative.be\/actualites\/#\/schema\/person\/image\/\",\"url\":\"https:\/\/vieassociative.be\/actualites\/wp-content\/uploads\/2024\/09\/vie-associative-1-150x150.jpg\",\"contentUrl\":\"https:\/\/vieassociative.be\/actualites\/wp-content\/uploads\/2024\/09\/vie-associative-1-150x150.jpg\",\"caption\":\"Julien\"},\"description\":\"Je suis Julien, r\u00e9dacteur pour Vie Associative. Passionn\u00e9 par le monde associatif depuis plus de 10 ans, j'ai \u00e0 c\u0153ur de partager des histoires inspirantes et de mettre en lumi\u00e8re les initiatives locales. Mon objectif est de sensibiliser et d'encourager l'engagement communautaire \u00e0 travers mes articles.\",\"sameAs\":[\"https:\/\/vieassociative.be\/\"]}]}<\/script>\n<!-- \/ Yoast SEO plugin. -->","yoast_head_json":{"title":"Ce que les changements de tarif d'aujourd'hui signifient pour votre habitude d'achat en ligne | Vie Associative","robots":{"index":"index","follow":"follow","max-snippet":"max-snippet:-1","max-image-preview":"max-image-preview:large","max-video-preview":"max-video-preview:-1"},"canonical":"https:\/\/vieassociative.be\/actualites\/ce-que-les-changements-de-tarif-daujourdhui-signifient-pour-votre-habitude-dachat-en-ligne\/","og_locale":"fr_FR","og_type":"article","og_title":"Ce que les changements de tarif d'aujourd'hui signifient pour votre habitude d'achat en ligne | Vie Associative","og_description":"C&rsquo;est une journ\u00e9e sombre pour les acheteurs de Temu et Shein. Les tarifs de Trump signifient que les jours des achats en ligne ultra-coqu\u00e9s des","og_url":"https:\/\/vieassociative.be\/actualites\/ce-que-les-changements-de-tarif-daujourdhui-signifient-pour-votre-habitude-dachat-en-ligne\/","og_site_name":"Vie Associative","article_published_time":"2025-05-03T19:17:26+00:00","og_image":[{"width":279,"height":92,"url":"https:\/\/vieassociative.be\/actualites\/wp-content\/uploads\/2024\/09\/header_backgroundk-01-e1726694325946.png","type":"image\/png"}],"author":"Julien","twitter_card":"summary_large_image","twitter_misc":{"\u00c9crit par":"Julien","Dur\u00e9e de lecture est.":"6 minutes"},"schema":{"@context":"https:\/\/schema.org","@graph":[{"@type":"Article","@id":"https:\/\/vieassociative.be\/actualites\/ce-que-les-changements-de-tarif-daujourdhui-signifient-pour-votre-habitude-dachat-en-ligne\/#article","isPartOf":{"@id":"https:\/\/vieassociative.be\/actualites\/ce-que-les-changements-de-tarif-daujourdhui-signifient-pour-votre-habitude-dachat-en-ligne\/"},"author":{"name":"Julien","@id":"https:\/\/vieassociative.be\/actualites\/#\/schema\/person\/b87ac4f82f9d4e7b7cec7395b679edc4"},"headline":"Ce que les changements de tarif d&rsquo;aujourd&rsquo;hui signifient pour votre habitude d&rsquo;achat en ligne","datePublished":"2025-05-03T19:17:26+00:00","dateModified":"2025-05-03T19:17:26+00:00","mainEntityOfPage":{"@id":"https:\/\/vieassociative.be\/actualites\/ce-que-les-changements-de-tarif-daujourdhui-signifient-pour-votre-habitude-dachat-en-ligne\/"},"wordCount":1335,"publisher":{"@id":"https:\/\/vieassociative.be\/actualites\/#organization"},"image":{"@id":"https:\/\/vieassociative.be\/actualites\/ce-que-les-changements-de-tarif-daujourdhui-signifient-pour-votre-habitude-dachat-en-ligne\/#primaryimage"},"thumbnailUrl":"https:\/\/vieassociative.be\/actualites\/wp-content\/uploads\/2025\/05\/Ce-que-les-changements-de-tarif-daujourdhui-signifient-pour-votre.png","keywords":["changements","dachat","daujourdhui","habitude","Les","ligne","pour","signifient","tarif","votre"],"articleSection":["Argent"],"inLanguage":"fr-BE"},{"@type":"WebPage","@id":"https:\/\/vieassociative.be\/actualites\/ce-que-les-changements-de-tarif-daujourdhui-signifient-pour-votre-habitude-dachat-en-ligne\/","url":"https:\/\/vieassociative.be\/actualites\/ce-que-les-changements-de-tarif-daujourdhui-signifient-pour-votre-habitude-dachat-en-ligne\/","name":"Ce que les changements de tarif d'aujourd'hui signifient pour votre habitude d'achat en ligne | Vie Associative","isPartOf":{"@id":"https:\/\/vieassociative.be\/actualites\/#website"},"primaryImageOfPage":{"@id":"https:\/\/vieassociative.be\/actualites\/ce-que-les-changements-de-tarif-daujourdhui-signifient-pour-votre-habitude-dachat-en-ligne\/#primaryimage"},"image":{"@id":"https:\/\/vieassociative.be\/actualites\/ce-que-les-changements-de-tarif-daujourdhui-signifient-pour-votre-habitude-dachat-en-ligne\/#primaryimage"},"thumbnailUrl":"https:\/\/vieassociative.be\/actualites\/wp-content\/uploads\/2025\/05\/Ce-que-les-changements-de-tarif-daujourdhui-signifient-pour-votre.png","datePublished":"2025-05-03T19:17:26+00:00","dateModified":"2025-05-03T19:17:26+00:00","breadcrumb":{"@id":"https:\/\/vieassociative.be\/actualites\/ce-que-les-changements-de-tarif-daujourdhui-signifient-pour-votre-habitude-dachat-en-ligne\/#breadcrumb"},"inLanguage":"fr-BE","potentialAction":[{"@type":"ReadAction","target":["https:\/\/vieassociative.be\/actualites\/ce-que-les-changements-de-tarif-daujourdhui-signifient-pour-votre-habitude-dachat-en-ligne\/"]}]},{"@type":"ImageObject","inLanguage":"fr-BE","@id":"https:\/\/vieassociative.be\/actualites\/ce-que-les-changements-de-tarif-daujourdhui-signifient-pour-votre-habitude-dachat-en-ligne\/#primaryimage","url":"https:\/\/vieassociative.be\/actualites\/wp-content\/uploads\/2025\/05\/Ce-que-les-changements-de-tarif-daujourdhui-signifient-pour-votre.png","contentUrl":"https:\/\/vieassociative.be\/actualites\/wp-content\/uploads\/2025\/05\/Ce-que-les-changements-de-tarif-daujourdhui-signifient-pour-votre.png","width":1200,"height":675,"caption":"Ce que les changements de tarif d'aujourd'hui signifient pour votre habitude d'achat en ligne"},{"@type":"BreadcrumbList","@id":"https:\/\/vieassociative.be\/actualites\/ce-que-les-changements-de-tarif-daujourdhui-signifient-pour-votre-habitude-dachat-en-ligne\/#breadcrumb","itemListElement":[{"@type":"ListItem","position":1,"name":"Accueil","item":"https:\/\/vieassociative.be\/actualites\/"},{"@type":"ListItem","position":2,"name":"Ce que les changements de tarif d&rsquo;aujourd&rsquo;hui signifient pour votre habitude d&rsquo;achat en ligne"}]},{"@type":"WebSite","@id":"https:\/\/vieassociative.be\/actualites\/#website","url":"https:\/\/vieassociative.be\/actualites\/","name":"Vie Associative","description":"","publisher":{"@id":"https:\/\/vieassociative.be\/actualites\/#organization"},"potentialAction":[{"@type":"SearchAction","target":{"@type":"EntryPoint","urlTemplate":"https:\/\/vieassociative.be\/actualites\/?s={search_term_string}"},"query-input":{"@type":"PropertyValueSpecification","valueRequired":true,"valueName":"search_term_string"}}],"inLanguage":"fr-BE"},{"@type":"Organization","@id":"https:\/\/vieassociative.be\/actualites\/#organization","name":"Vie Associative","url":"https:\/\/vieassociative.be\/actualites\/","logo":{"@type":"ImageObject","inLanguage":"fr-BE","@id":"https:\/\/vieassociative.be\/actualites\/#\/schema\/logo\/image\/","url":"https:\/\/vieassociative.be\/actualites\/wp-content\/uploads\/2024\/09\/cropped-vieassociative_favicon.ico.png","contentUrl":"https:\/\/vieassociative.be\/actualites\/wp-content\/uploads\/2024\/09\/cropped-vieassociative_favicon.ico.png","width":512,"height":512,"caption":"Vie Associative"},"image":{"@id":"https:\/\/vieassociative.be\/actualites\/#\/schema\/logo\/image\/"}},{"@type":"Person","@id":"https:\/\/vieassociative.be\/actualites\/#\/schema\/person\/b87ac4f82f9d4e7b7cec7395b679edc4","name":"Julien","image":{"@type":"ImageObject","inLanguage":"fr-BE","@id":"https:\/\/vieassociative.be\/actualites\/#\/schema\/person\/image\/","url":"https:\/\/vieassociative.be\/actualites\/wp-content\/uploads\/2024\/09\/vie-associative-1-150x150.jpg","contentUrl":"https:\/\/vieassociative.be\/actualites\/wp-content\/uploads\/2024\/09\/vie-associative-1-150x150.jpg","caption":"Julien"},"description":"Je suis Julien, r\u00e9dacteur pour Vie Associative. Passionn\u00e9 par le monde associatif depuis plus de 10 ans, j'ai \u00e0 c\u0153ur de partager des histoires inspirantes et de mettre en lumi\u00e8re les initiatives locales. Mon objectif est de sensibiliser et d'encourager l'engagement communautaire \u00e0 travers mes articles.","sameAs":["https:\/\/vieassociative.be\/"]}]}},"_links":{"self":[{"href":"https:\/\/vieassociative.be\/actualites\/wp-json\/wp\/v2\/posts\/7266"}],"collection":[{"href":"https:\/\/vieassociative.be\/actualites\/wp-json\/wp\/v2\/posts"}],"about":[{"href":"https:\/\/vieassociative.be\/actualites\/wp-json\/wp\/v2\/types\/post"}],"author":[{"embeddable":true,"href":"https:\/\/vieassociative.be\/actualites\/wp-json\/wp\/v2\/users\/1"}],"replies":[{"embeddable":true,"href":"https:\/\/vieassociative.be\/actualites\/wp-json\/wp\/v2\/comments?post=7266"}],"version-history":[{"count":0,"href":"https:\/\/vieassociative.be\/actualites\/wp-json\/wp\/v2\/posts\/7266\/revisions"}],"wp:featuredmedia":[{"embeddable":true,"href":"https:\/\/vieassociative.be\/actualites\/wp-json\/wp\/v2\/media\/7267"}],"wp:attachment":[{"href":"https:\/\/vieassociative.be\/actualites\/wp-json\/wp\/v2\/media?parent=7266"}],"wp:term":[{"taxonomy":"category","embeddable":true,"href":"https:\/\/vieassociative.be\/actualites\/wp-json\/wp\/v2\/categories?post=7266"},{"taxonomy":"post_tag","embeddable":true,"href":"https:\/\/vieassociative.be\/actualites\/wp-json\/wp\/v2\/tags?post=7266"}],"curies":[{"name":"wp","href":"https:\/\/api.w.org\/{rel}","templated":true}]}}