{"id":7260,"date":"2025-05-03T16:17:51","date_gmt":"2025-05-03T14:17:51","guid":{"rendered":"https:\/\/vieassociative.be\/actualites\/le-president-americain-na-peur-daucune-provocation-donald-trump-diffuse-une-image-de-lui-meme-en-tant-que-pape\/"},"modified":"2025-05-03T16:17:51","modified_gmt":"2025-05-03T14:17:51","slug":"le-president-americain-na-peur-daucune-provocation-donald-trump-diffuse-une-image-de-lui-meme-en-tant-que-pape","status":"publish","type":"post","link":"https:\/\/vieassociative.be\/actualites\/le-president-americain-na-peur-daucune-provocation-donald-trump-diffuse-une-image-de-lui-meme-en-tant-que-pape\/","title":{"rendered":"Le pr\u00e9sident am\u00e9ricain n&rsquo;a peur d&rsquo;aucune provocation: Donald Trump diffuse une image de lui-m\u00eame en tant que pape"},"content":{"rendered":"<p><strong>Le pr\u00e9sident am\u00e9ricain Donald Trump n&rsquo;\u00e9loigne pas de la provocation. Il a plaisant\u00e9 il y a quelques jours qu&rsquo;il aimerait devenir pape, il sous-tend maintenant cela &#8211; quelques jours avant le conclave.<\/strong><\/p>\n<p><span id=\"more-414752\"><\/span>Une semaine apr\u00e8s sa participation \u00e0 l&rsquo;enterrement du pape Fran\u00e7ois, le pr\u00e9sident am\u00e9ricain Donald Trump a diffus\u00e9 une image manifestement g\u00e9n\u00e9r\u00e9e de lui-m\u00eame dans les v\u00eatements de pape sur les r\u00e9seaux sociaux. Il porte le soutane blanc, dans lequel le chef catholique de l&rsquo;\u00e9glise se voit habituellement, une longue cha\u00eene dor\u00e9e avec une croix autour de son cou et une Mivora d\u00e9cor\u00e9e de mani\u00e8re opulente comme couvre-chef.<\/p>\n<div id=\"attachment_414757\" class=\"wp-caption alignleft\" style=\"max-width: 300px\"><img fetchpriority=\"high\" decoding=\"async\" class=\"wp-image-414757 size-medium\" src=\"https:\/\/vieassociative.be\/actualites\/wp-content\/uploads\/2025\/05\/Le-president-americain-na-peur-daucune-provocation-Donald-Trump-diffuse.jpg\" alt=\"\" width=\"300\" height=\"200\"  ><\/p>\n<p class=\"wp-caption-text\">26 avril 2025, Vatican, Vatican City: le pr\u00e9sident am\u00e9ricain Donald Trump (M) et le pr\u00e9sident fran\u00e7ais Emmanuel Macron (M, L) sont avec d&rsquo;autres dignitaires pendant le pape Fran\u00e7ois sur Peter Splatz au Vatican. Photo: Andrew Medichini \/ AP \/ DPA<\/p>\n<\/div>\n<p>Trump est repr\u00e9sent\u00e9 sur l&rsquo;image, qu&rsquo;il a publi\u00e9 sur son profil dans le r\u00e9seau de v\u00e9rit\u00e9 et qui a \u00e9galement \u00e9t\u00e9 r\u00e9parti sur le compte officiel de la Maison Blanche \u00e0 X, sur une sorte de fauteuil en or et rouge et \u00e9tend l&rsquo;index de la main droite. Le regard s\u00e9rieux d\u00e9passe le spectateur de l&rsquo;image.<\/p>\n<p>Il y a quelques jours, Trump a d\u00e9clar\u00e9 dans une blague qu&rsquo;il aimerait \u00eatre un pape. \u00ab\u00a0Ce serait mon premier choix.\u00a0\u00bb On lui avait demand\u00e9 \u00e0 la Maison Blanche des journalistes qu&rsquo;il aimerait voir comme le prochain pape au prochain conclave. Puis l&rsquo;homme de 78 ans a pouss\u00e9: \u00ab\u00a0Non, je ne sais pas. Je n&rsquo;ai aucune pr\u00e9f\u00e9rence.\u00a0\u00bb<\/p>\n<p>Apr\u00e8s la mort du pape Fran\u00e7ois, l&rsquo;\u00c9glise catholique se tient devant elle pour d\u00e9terminer une nouvelle t\u00eate. Le conclave des Cardinals autoris\u00e9 \u00e0 voter commence mercredi prochain.<\/p>\n<p>Trump ne fait rien peur. En f\u00e9vrier, il avait diffus\u00e9 une vid\u00e9o AI via les m\u00e9dias sociaux qui montre sa vision de l&rsquo;avenir pour la bande de Gaza avec des gratte-ciel \u00e9blouissants, des yachts, des sc\u00e8nes de plage exub\u00e9rantes et une statue d&rsquo;or Trump. (DPA)<\/p>\n<p><em><strong>Sur le sujet, voir \u00e9galement l&rsquo;article suivant sur OD:<\/strong><\/em><\/p>\n<div class=\"responsive-embed widescreen\">\n<blockquote class=\"wp-embedded-content\" data-secret=\"nDFvD6lNNv\">\n<p>100 jours Trump: Un fou \u00e0 la Maison Blanche?<\/p>\n<\/blockquote>\n<p><iframe loading=\"lazy\" class=\"wp-embedded-content\" sandbox=\"allow-scripts\" security=\"restricted\" style=\"position: absolute; visibility: hidden;\" title=\"\u201e100 Tage Trump: Ein Bekloppter im Wei\u00dfen Haus?\u201c \u2014 Ostbelgien Direkt\" src=\"https:\/\/ostbelgiendirekt.be\/about:blank\" data-secret=\"nDFvD6lNNv\" width=\"500\" height=\"282\" frameborder=\"0\" marginwidth=\"0\" marginheight=\"0\" scrolling=\"no\" data-rocket-lazyload=\"fitvidscompatible\" data-lazy-src=\"https:\/\/ostbelgiendirekt.be\/100-tage-trump-414272\/embed#?secret=aM1546ZeDg#?secret=nDFvD6lNNv\"><\/iframe><noscript><iframe class=\"wp-embedded-content\" sandbox=\"allow-scripts\" security=\"restricted\" style=\"position: absolute; visibility: hidden;\" title=\"\u201e100 Tage Trump: Ein Bekloppter im Wei\u00dfen Haus?\u201c \u2014 Ostbelgien Direkt\" src=\"https:\/\/ostbelgiendirekt.be\/100-tage-trump-414272\/embed#?secret=aM1546ZeDg#?secret=nDFvD6lNNv\" data-secret=\"nDFvD6lNNv\" width=\"500\" height=\"282\" frameborder=\"0\" marginwidth=\"0\" marginheight=\"0\" scrolling=\"no\"><\/iframe><\/noscript><\/p>\n<\/div>\n","protected":false},"excerpt":{"rendered":"<p>Le pr\u00e9sident am\u00e9ricain Donald Trump n&rsquo;\u00e9loigne pas de la provocation. Il a plaisant\u00e9 il y a quelques jours qu&rsquo;il aimerait devenir pape, il sous-tend maintenant<\/p>\n","protected":false},"author":1,"featured_media":7261,"comment_status":"","ping_status":"","sticky":false,"template":"","format":"standard","meta":{"footnotes":""},"categories":[298],"tags":[10,6795,4886,2424,6796,3265,4201,1923,3075,2724,1745,2425,110],"class_list":["post-7260","post","type-post","status-publish","format-standard","has-post-thumbnail","hentry","category-belgique","tag-americain","tag-daucune","tag-diffuse","tag-donald","tag-image","tag-luimeme","tag-pape","tag-peur","tag-president","tag-provocation","tag-tant","tag-trump","tag-une","generate-columns","tablet-grid-50","mobile-grid-100","grid-parent","grid-33"],"yoast_head":"<!-- This site is optimized with the Yoast SEO plugin v24.0 - https:\/\/yoast.com\/wordpress\/plugins\/seo\/ -->\n<title>Le pr\u00e9sident am\u00e9ricain n&#039;a peur d&#039;aucune provocation: Donald Trump diffuse une image de lui-m\u00eame en tant que pape | Vie Associative<\/title>\n<meta name=\"robots\" content=\"index, follow, max-snippet:-1, max-image-preview:large, max-video-preview:-1\" \/>\n<link rel=\"canonical\" href=\"https:\/\/vieassociative.be\/actualites\/le-president-americain-na-peur-daucune-provocation-donald-trump-diffuse-une-image-de-lui-meme-en-tant-que-pape\/\" \/>\n<meta property=\"og:locale\" content=\"fr_FR\" \/>\n<meta property=\"og:type\" content=\"article\" \/>\n<meta property=\"og:title\" content=\"Le pr\u00e9sident am\u00e9ricain n&#039;a peur d&#039;aucune provocation: Donald Trump diffuse une image de lui-m\u00eame en tant que pape | Vie Associative\" \/>\n<meta property=\"og:description\" content=\"Le pr\u00e9sident am\u00e9ricain Donald Trump n&rsquo;\u00e9loigne pas de la provocation. Il a plaisant\u00e9 il y a quelques jours qu&rsquo;il aimerait devenir pape, il sous-tend maintenant\" \/>\n<meta property=\"og:url\" content=\"https:\/\/vieassociative.be\/actualites\/le-president-americain-na-peur-daucune-provocation-donald-trump-diffuse-une-image-de-lui-meme-en-tant-que-pape\/\" \/>\n<meta property=\"og:site_name\" content=\"Vie Associative\" \/>\n<meta property=\"article:published_time\" content=\"2025-05-03T14:17:51+00:00\" \/>\n<meta property=\"og:image\" content=\"https:\/\/vieassociative.be\/actualites\/wp-content\/uploads\/2024\/09\/header_backgroundk-01-e1726694325946.png\" \/>\n\t<meta property=\"og:image:width\" content=\"279\" \/>\n\t<meta property=\"og:image:height\" content=\"92\" \/>\n\t<meta property=\"og:image:type\" content=\"image\/png\" \/>\n<meta name=\"author\" content=\"Julien\" \/>\n<meta name=\"twitter:card\" content=\"summary_large_image\" \/>\n<meta name=\"twitter:label1\" content=\"\u00c9crit par\" \/>\n\t<meta name=\"twitter:data1\" content=\"Julien\" \/>\n\t<meta name=\"twitter:label2\" content=\"Dur\u00e9e de lecture est.\" \/>\n\t<meta name=\"twitter:data2\" content=\"2 minutes\" \/>\n<script type=\"application\/ld+json\" class=\"yoast-schema-graph\">{\"@context\":\"https:\/\/schema.org\",\"@graph\":[{\"@type\":\"Article\",\"@id\":\"https:\/\/vieassociative.be\/actualites\/le-president-americain-na-peur-daucune-provocation-donald-trump-diffuse-une-image-de-lui-meme-en-tant-que-pape\/#article\",\"isPartOf\":{\"@id\":\"https:\/\/vieassociative.be\/actualites\/le-president-americain-na-peur-daucune-provocation-donald-trump-diffuse-une-image-de-lui-meme-en-tant-que-pape\/\"},\"author\":{\"name\":\"Julien\",\"@id\":\"https:\/\/vieassociative.be\/actualites\/#\/schema\/person\/b87ac4f82f9d4e7b7cec7395b679edc4\"},\"headline\":\"Le pr\u00e9sident am\u00e9ricain n&rsquo;a peur d&rsquo;aucune provocation: Donald Trump diffuse une image de lui-m\u00eame en tant que pape\",\"datePublished\":\"2025-05-03T14:17:51+00:00\",\"dateModified\":\"2025-05-03T14:17:51+00:00\",\"mainEntityOfPage\":{\"@id\":\"https:\/\/vieassociative.be\/actualites\/le-president-americain-na-peur-daucune-provocation-donald-trump-diffuse-une-image-de-lui-meme-en-tant-que-pape\/\"},\"wordCount\":411,\"publisher\":{\"@id\":\"https:\/\/vieassociative.be\/actualites\/#organization\"},\"image\":{\"@id\":\"https:\/\/vieassociative.be\/actualites\/le-president-americain-na-peur-daucune-provocation-donald-trump-diffuse-une-image-de-lui-meme-en-tant-que-pape\/#primaryimage\"},\"thumbnailUrl\":\"https:\/\/vieassociative.be\/actualites\/wp-content\/uploads\/2025\/05\/1746281871_Le-president-americain-na-peur-daucune-provocation-Donald-Trump-diffuse.jpg\",\"keywords\":[\"am\u00e9ricain\",\"daucune\",\"diffuse\",\"Donald\",\"image\",\"luim\u00eame\",\"pape\",\"peur\",\"pr\u00e9sident\",\"provocation\",\"tant\",\"Trump\",\"une\"],\"articleSection\":[\"Belgique\"],\"inLanguage\":\"fr-BE\"},{\"@type\":\"WebPage\",\"@id\":\"https:\/\/vieassociative.be\/actualites\/le-president-americain-na-peur-daucune-provocation-donald-trump-diffuse-une-image-de-lui-meme-en-tant-que-pape\/\",\"url\":\"https:\/\/vieassociative.be\/actualites\/le-president-americain-na-peur-daucune-provocation-donald-trump-diffuse-une-image-de-lui-meme-en-tant-que-pape\/\",\"name\":\"Le pr\u00e9sident am\u00e9ricain n'a peur d'aucune provocation: Donald Trump diffuse une image de lui-m\u00eame en tant que pape | Vie Associative\",\"isPartOf\":{\"@id\":\"https:\/\/vieassociative.be\/actualites\/#website\"},\"primaryImageOfPage\":{\"@id\":\"https:\/\/vieassociative.be\/actualites\/le-president-americain-na-peur-daucune-provocation-donald-trump-diffuse-une-image-de-lui-meme-en-tant-que-pape\/#primaryimage\"},\"image\":{\"@id\":\"https:\/\/vieassociative.be\/actualites\/le-president-americain-na-peur-daucune-provocation-donald-trump-diffuse-une-image-de-lui-meme-en-tant-que-pape\/#primaryimage\"},\"thumbnailUrl\":\"https:\/\/vieassociative.be\/actualites\/wp-content\/uploads\/2025\/05\/1746281871_Le-president-americain-na-peur-daucune-provocation-Donald-Trump-diffuse.jpg\",\"datePublished\":\"2025-05-03T14:17:51+00:00\",\"dateModified\":\"2025-05-03T14:17:51+00:00\",\"breadcrumb\":{\"@id\":\"https:\/\/vieassociative.be\/actualites\/le-president-americain-na-peur-daucune-provocation-donald-trump-diffuse-une-image-de-lui-meme-en-tant-que-pape\/#breadcrumb\"},\"inLanguage\":\"fr-BE\",\"potentialAction\":[{\"@type\":\"ReadAction\",\"target\":[\"https:\/\/vieassociative.be\/actualites\/le-president-americain-na-peur-daucune-provocation-donald-trump-diffuse-une-image-de-lui-meme-en-tant-que-pape\/\"]}]},{\"@type\":\"ImageObject\",\"inLanguage\":\"fr-BE\",\"@id\":\"https:\/\/vieassociative.be\/actualites\/le-president-americain-na-peur-daucune-provocation-donald-trump-diffuse-une-image-de-lui-meme-en-tant-que-pape\/#primaryimage\",\"url\":\"https:\/\/vieassociative.be\/actualites\/wp-content\/uploads\/2025\/05\/1746281871_Le-president-americain-na-peur-daucune-provocation-Donald-Trump-diffuse.jpg\",\"contentUrl\":\"https:\/\/vieassociative.be\/actualites\/wp-content\/uploads\/2025\/05\/1746281871_Le-president-americain-na-peur-daucune-provocation-Donald-Trump-diffuse.jpg\",\"width\":800,\"height\":1200,\"caption\":\"Le pr\u00e9sident am\u00e9ricain n'a peur d'aucune provocation: Donald Trump diffuse une image de lui-m\u00eame en tant que pape\"},{\"@type\":\"BreadcrumbList\",\"@id\":\"https:\/\/vieassociative.be\/actualites\/le-president-americain-na-peur-daucune-provocation-donald-trump-diffuse-une-image-de-lui-meme-en-tant-que-pape\/#breadcrumb\",\"itemListElement\":[{\"@type\":\"ListItem\",\"position\":1,\"name\":\"Accueil\",\"item\":\"https:\/\/vieassociative.be\/actualites\/\"},{\"@type\":\"ListItem\",\"position\":2,\"name\":\"Le pr\u00e9sident am\u00e9ricain n&rsquo;a peur d&rsquo;aucune provocation: Donald Trump diffuse une image de lui-m\u00eame en tant que pape\"}]},{\"@type\":\"WebSite\",\"@id\":\"https:\/\/vieassociative.be\/actualites\/#website\",\"url\":\"https:\/\/vieassociative.be\/actualites\/\",\"name\":\"Vie Associative\",\"description\":\"\",\"publisher\":{\"@id\":\"https:\/\/vieassociative.be\/actualites\/#organization\"},\"potentialAction\":[{\"@type\":\"SearchAction\",\"target\":{\"@type\":\"EntryPoint\",\"urlTemplate\":\"https:\/\/vieassociative.be\/actualites\/?s={search_term_string}\"},\"query-input\":{\"@type\":\"PropertyValueSpecification\",\"valueRequired\":true,\"valueName\":\"search_term_string\"}}],\"inLanguage\":\"fr-BE\"},{\"@type\":\"Organization\",\"@id\":\"https:\/\/vieassociative.be\/actualites\/#organization\",\"name\":\"Vie Associative\",\"url\":\"https:\/\/vieassociative.be\/actualites\/\",\"logo\":{\"@type\":\"ImageObject\",\"inLanguage\":\"fr-BE\",\"@id\":\"https:\/\/vieassociative.be\/actualites\/#\/schema\/logo\/image\/\",\"url\":\"https:\/\/vieassociative.be\/actualites\/wp-content\/uploads\/2024\/09\/cropped-vieassociative_favicon.ico.png\",\"contentUrl\":\"https:\/\/vieassociative.be\/actualites\/wp-content\/uploads\/2024\/09\/cropped-vieassociative_favicon.ico.png\",\"width\":512,\"height\":512,\"caption\":\"Vie Associative\"},\"image\":{\"@id\":\"https:\/\/vieassociative.be\/actualites\/#\/schema\/logo\/image\/\"}},{\"@type\":\"Person\",\"@id\":\"https:\/\/vieassociative.be\/actualites\/#\/schema\/person\/b87ac4f82f9d4e7b7cec7395b679edc4\",\"name\":\"Julien\",\"image\":{\"@type\":\"ImageObject\",\"inLanguage\":\"fr-BE\",\"@id\":\"https:\/\/vieassociative.be\/actualites\/#\/schema\/person\/image\/\",\"url\":\"https:\/\/vieassociative.be\/actualites\/wp-content\/uploads\/2024\/09\/vie-associative-1-150x150.jpg\",\"contentUrl\":\"https:\/\/vieassociative.be\/actualites\/wp-content\/uploads\/2024\/09\/vie-associative-1-150x150.jpg\",\"caption\":\"Julien\"},\"description\":\"Je suis Julien, r\u00e9dacteur pour Vie Associative. Passionn\u00e9 par le monde associatif depuis plus de 10 ans, j'ai \u00e0 c\u0153ur de partager des histoires inspirantes et de mettre en lumi\u00e8re les initiatives locales. Mon objectif est de sensibiliser et d'encourager l'engagement communautaire \u00e0 travers mes articles.\",\"sameAs\":[\"https:\/\/vieassociative.be\/\"]}]}<\/script>\n<!-- \/ Yoast SEO plugin. -->","yoast_head_json":{"title":"Le pr\u00e9sident am\u00e9ricain n'a peur d'aucune provocation: Donald Trump diffuse une image de lui-m\u00eame en tant que pape | Vie Associative","robots":{"index":"index","follow":"follow","max-snippet":"max-snippet:-1","max-image-preview":"max-image-preview:large","max-video-preview":"max-video-preview:-1"},"canonical":"https:\/\/vieassociative.be\/actualites\/le-president-americain-na-peur-daucune-provocation-donald-trump-diffuse-une-image-de-lui-meme-en-tant-que-pape\/","og_locale":"fr_FR","og_type":"article","og_title":"Le pr\u00e9sident am\u00e9ricain n'a peur d'aucune provocation: Donald Trump diffuse une image de lui-m\u00eame en tant que pape | Vie Associative","og_description":"Le pr\u00e9sident am\u00e9ricain Donald Trump n&rsquo;\u00e9loigne pas de la provocation. Il a plaisant\u00e9 il y a quelques jours qu&rsquo;il aimerait devenir pape, il sous-tend maintenant","og_url":"https:\/\/vieassociative.be\/actualites\/le-president-americain-na-peur-daucune-provocation-donald-trump-diffuse-une-image-de-lui-meme-en-tant-que-pape\/","og_site_name":"Vie Associative","article_published_time":"2025-05-03T14:17:51+00:00","og_image":[{"width":279,"height":92,"url":"https:\/\/vieassociative.be\/actualites\/wp-content\/uploads\/2024\/09\/header_backgroundk-01-e1726694325946.png","type":"image\/png"}],"author":"Julien","twitter_card":"summary_large_image","twitter_misc":{"\u00c9crit par":"Julien","Dur\u00e9e de lecture est.":"2 minutes"},"schema":{"@context":"https:\/\/schema.org","@graph":[{"@type":"Article","@id":"https:\/\/vieassociative.be\/actualites\/le-president-americain-na-peur-daucune-provocation-donald-trump-diffuse-une-image-de-lui-meme-en-tant-que-pape\/#article","isPartOf":{"@id":"https:\/\/vieassociative.be\/actualites\/le-president-americain-na-peur-daucune-provocation-donald-trump-diffuse-une-image-de-lui-meme-en-tant-que-pape\/"},"author":{"name":"Julien","@id":"https:\/\/vieassociative.be\/actualites\/#\/schema\/person\/b87ac4f82f9d4e7b7cec7395b679edc4"},"headline":"Le pr\u00e9sident am\u00e9ricain n&rsquo;a peur d&rsquo;aucune provocation: Donald Trump diffuse une image de lui-m\u00eame en tant que pape","datePublished":"2025-05-03T14:17:51+00:00","dateModified":"2025-05-03T14:17:51+00:00","mainEntityOfPage":{"@id":"https:\/\/vieassociative.be\/actualites\/le-president-americain-na-peur-daucune-provocation-donald-trump-diffuse-une-image-de-lui-meme-en-tant-que-pape\/"},"wordCount":411,"publisher":{"@id":"https:\/\/vieassociative.be\/actualites\/#organization"},"image":{"@id":"https:\/\/vieassociative.be\/actualites\/le-president-americain-na-peur-daucune-provocation-donald-trump-diffuse-une-image-de-lui-meme-en-tant-que-pape\/#primaryimage"},"thumbnailUrl":"https:\/\/vieassociative.be\/actualites\/wp-content\/uploads\/2025\/05\/1746281871_Le-president-americain-na-peur-daucune-provocation-Donald-Trump-diffuse.jpg","keywords":["am\u00e9ricain","daucune","diffuse","Donald","image","luim\u00eame","pape","peur","pr\u00e9sident","provocation","tant","Trump","une"],"articleSection":["Belgique"],"inLanguage":"fr-BE"},{"@type":"WebPage","@id":"https:\/\/vieassociative.be\/actualites\/le-president-americain-na-peur-daucune-provocation-donald-trump-diffuse-une-image-de-lui-meme-en-tant-que-pape\/","url":"https:\/\/vieassociative.be\/actualites\/le-president-americain-na-peur-daucune-provocation-donald-trump-diffuse-une-image-de-lui-meme-en-tant-que-pape\/","name":"Le pr\u00e9sident am\u00e9ricain n'a peur d'aucune provocation: Donald Trump diffuse une image de lui-m\u00eame en tant que pape | Vie Associative","isPartOf":{"@id":"https:\/\/vieassociative.be\/actualites\/#website"},"primaryImageOfPage":{"@id":"https:\/\/vieassociative.be\/actualites\/le-president-americain-na-peur-daucune-provocation-donald-trump-diffuse-une-image-de-lui-meme-en-tant-que-pape\/#primaryimage"},"image":{"@id":"https:\/\/vieassociative.be\/actualites\/le-president-americain-na-peur-daucune-provocation-donald-trump-diffuse-une-image-de-lui-meme-en-tant-que-pape\/#primaryimage"},"thumbnailUrl":"https:\/\/vieassociative.be\/actualites\/wp-content\/uploads\/2025\/05\/1746281871_Le-president-americain-na-peur-daucune-provocation-Donald-Trump-diffuse.jpg","datePublished":"2025-05-03T14:17:51+00:00","dateModified":"2025-05-03T14:17:51+00:00","breadcrumb":{"@id":"https:\/\/vieassociative.be\/actualites\/le-president-americain-na-peur-daucune-provocation-donald-trump-diffuse-une-image-de-lui-meme-en-tant-que-pape\/#breadcrumb"},"inLanguage":"fr-BE","potentialAction":[{"@type":"ReadAction","target":["https:\/\/vieassociative.be\/actualites\/le-president-americain-na-peur-daucune-provocation-donald-trump-diffuse-une-image-de-lui-meme-en-tant-que-pape\/"]}]},{"@type":"ImageObject","inLanguage":"fr-BE","@id":"https:\/\/vieassociative.be\/actualites\/le-president-americain-na-peur-daucune-provocation-donald-trump-diffuse-une-image-de-lui-meme-en-tant-que-pape\/#primaryimage","url":"https:\/\/vieassociative.be\/actualites\/wp-content\/uploads\/2025\/05\/1746281871_Le-president-americain-na-peur-daucune-provocation-Donald-Trump-diffuse.jpg","contentUrl":"https:\/\/vieassociative.be\/actualites\/wp-content\/uploads\/2025\/05\/1746281871_Le-president-americain-na-peur-daucune-provocation-Donald-Trump-diffuse.jpg","width":800,"height":1200,"caption":"Le pr\u00e9sident am\u00e9ricain n'a peur d'aucune provocation: Donald Trump diffuse une image de lui-m\u00eame en tant que pape"},{"@type":"BreadcrumbList","@id":"https:\/\/vieassociative.be\/actualites\/le-president-americain-na-peur-daucune-provocation-donald-trump-diffuse-une-image-de-lui-meme-en-tant-que-pape\/#breadcrumb","itemListElement":[{"@type":"ListItem","position":1,"name":"Accueil","item":"https:\/\/vieassociative.be\/actualites\/"},{"@type":"ListItem","position":2,"name":"Le pr\u00e9sident am\u00e9ricain n&rsquo;a peur d&rsquo;aucune provocation: Donald Trump diffuse une image de lui-m\u00eame en tant que pape"}]},{"@type":"WebSite","@id":"https:\/\/vieassociative.be\/actualites\/#website","url":"https:\/\/vieassociative.be\/actualites\/","name":"Vie Associative","description":"","publisher":{"@id":"https:\/\/vieassociative.be\/actualites\/#organization"},"potentialAction":[{"@type":"SearchAction","target":{"@type":"EntryPoint","urlTemplate":"https:\/\/vieassociative.be\/actualites\/?s={search_term_string}"},"query-input":{"@type":"PropertyValueSpecification","valueRequired":true,"valueName":"search_term_string"}}],"inLanguage":"fr-BE"},{"@type":"Organization","@id":"https:\/\/vieassociative.be\/actualites\/#organization","name":"Vie Associative","url":"https:\/\/vieassociative.be\/actualites\/","logo":{"@type":"ImageObject","inLanguage":"fr-BE","@id":"https:\/\/vieassociative.be\/actualites\/#\/schema\/logo\/image\/","url":"https:\/\/vieassociative.be\/actualites\/wp-content\/uploads\/2024\/09\/cropped-vieassociative_favicon.ico.png","contentUrl":"https:\/\/vieassociative.be\/actualites\/wp-content\/uploads\/2024\/09\/cropped-vieassociative_favicon.ico.png","width":512,"height":512,"caption":"Vie Associative"},"image":{"@id":"https:\/\/vieassociative.be\/actualites\/#\/schema\/logo\/image\/"}},{"@type":"Person","@id":"https:\/\/vieassociative.be\/actualites\/#\/schema\/person\/b87ac4f82f9d4e7b7cec7395b679edc4","name":"Julien","image":{"@type":"ImageObject","inLanguage":"fr-BE","@id":"https:\/\/vieassociative.be\/actualites\/#\/schema\/person\/image\/","url":"https:\/\/vieassociative.be\/actualites\/wp-content\/uploads\/2024\/09\/vie-associative-1-150x150.jpg","contentUrl":"https:\/\/vieassociative.be\/actualites\/wp-content\/uploads\/2024\/09\/vie-associative-1-150x150.jpg","caption":"Julien"},"description":"Je suis Julien, r\u00e9dacteur pour Vie Associative. Passionn\u00e9 par le monde associatif depuis plus de 10 ans, j'ai \u00e0 c\u0153ur de partager des histoires inspirantes et de mettre en lumi\u00e8re les initiatives locales. Mon objectif est de sensibiliser et d'encourager l'engagement communautaire \u00e0 travers mes articles.","sameAs":["https:\/\/vieassociative.be\/"]}]}},"_links":{"self":[{"href":"https:\/\/vieassociative.be\/actualites\/wp-json\/wp\/v2\/posts\/7260"}],"collection":[{"href":"https:\/\/vieassociative.be\/actualites\/wp-json\/wp\/v2\/posts"}],"about":[{"href":"https:\/\/vieassociative.be\/actualites\/wp-json\/wp\/v2\/types\/post"}],"author":[{"embeddable":true,"href":"https:\/\/vieassociative.be\/actualites\/wp-json\/wp\/v2\/users\/1"}],"replies":[{"embeddable":true,"href":"https:\/\/vieassociative.be\/actualites\/wp-json\/wp\/v2\/comments?post=7260"}],"version-history":[{"count":0,"href":"https:\/\/vieassociative.be\/actualites\/wp-json\/wp\/v2\/posts\/7260\/revisions"}],"wp:featuredmedia":[{"embeddable":true,"href":"https:\/\/vieassociative.be\/actualites\/wp-json\/wp\/v2\/media\/7261"}],"wp:attachment":[{"href":"https:\/\/vieassociative.be\/actualites\/wp-json\/wp\/v2\/media?parent=7260"}],"wp:term":[{"taxonomy":"category","embeddable":true,"href":"https:\/\/vieassociative.be\/actualites\/wp-json\/wp\/v2\/categories?post=7260"},{"taxonomy":"post_tag","embeddable":true,"href":"https:\/\/vieassociative.be\/actualites\/wp-json\/wp\/v2\/tags?post=7260"}],"curies":[{"name":"wp","href":"https:\/\/api.w.org\/{rel}","templated":true}]}}